{"id":82157,"date":"2025-02-19T16:15:58","date_gmt":"2025-02-19T16:15:58","guid":{"rendered":"https:\/\/e-ciftlik.com\/haberler\/gundem\/tusiad-baskani-turan-sorusturma-altinda\/"},"modified":"2025-02-19T16:15:58","modified_gmt":"2025-02-19T16:15:58","slug":"tusiad-baskani-turan-sorusturma-altinda","status":"publish","type":"post","link":"https:\/\/e-ciftlik.com\/haberler\/gundem\/tusiad-baskani-turan-sorusturma-altinda\/","title":{"rendered":"T\u00dcS\u0130AD Ba\u015fkan\u0131 Turan Soru\u015fturma Alt\u0131nda"},"content":{"rendered":"<p>T\u00dcS\u0130AD Y\u00fcksek \u0130sti\u015fare Konseyi Ba\u015fkan\u0131 Mehmet \u00d6mer Arif Aras ve Turan, savc\u0131l\u0131kta ifade vermeleri i\u00e7in \u0130stanbul Emniyet M\u00fcd\u00fcrl\u00fc\u011f\u00fc G\u00fcvenlik \u015eubesine \u00e7a\u011fr\u0131ld\u0131. Ge\u00e7ti\u011fimiz g\u00fcnlerde ayn\u0131 su\u00e7lardan soru\u015fturma ba\u015flat\u0131lan Aras ve Turan, ifadelerinin al\u0131nmas\u0131 i\u00e7in adliyeye g\u00f6t\u00fcr\u00fcld\u00fc.<\/p>\n<p>Turan polis e\u015fli\u011finde adliyeye getirilirken, T\u00dcS\u0130AD Ba\u015fkan\u0131 Orhan Turan da ifade vermek \u00fczere adliyeye getirildi. \u0130stanbul Adliyesi&#8217;ne getirilen Turan, soru\u015fturma kapsam\u0131nda ifadesi al\u0131nd\u0131.<\/p>\n<p>Ge\u00e7ti\u011fimiz g\u00fcnlerde T\u00dcS\u0130AD&#8217;\u0131n genel kurulunda, Y\u00fcksek \u0130sti\u015fare Konseyi (Y\u0130K) Ba\u015fkan\u0131 \u00d6mer Aras, skandal ifadeler kullanarak yarg\u0131 kararlar\u0131 \u00fczerinden Ba\u015fkan Erdo\u011fan&#8217;\u0131 hedef alm\u0131\u015ft\u0131. Aras, genel kurulda yapt\u0131\u011f\u0131 konu\u015fmada, politik hayatta ya\u015fanan ola\u011fan\u00fcst\u00fc olaylara dikkat \u00e7ekerek, se\u00e7ilmi\u015f belediye ba\u015fkanlar\u0131n\u0131n g\u00f6revden al\u0131nmas\u0131na ve tutuklamalara ili\u015fkin a\u00e7\u0131klamalarda bulunmu\u015ftu. Ayr\u0131ca menajer Ay\u015fe Bar\u0131m&#8217;\u0131n tutuklanmas\u0131yla ilgili de konu\u015fan Aras, sert ifadeler kullanm\u0131\u015ft\u0131.<\/p>\n","protected":false},"excerpt":{"rendered":"<p>T\u00dcS\u0130AD Y\u00fcksek \u0130sti\u015fare Konseyi Ba\u015fkan\u0131 Mehmet \u00d6mer Arif Aras ve Turan, savc\u0131l\u0131kta ifade vermeleri i\u00e7in&hellip;<\/p>\n","protected":false},"author":1,"featured_media":82158,"comment_status":"open","ping_status":"open","sticky":false,"template":"","format":"standard","meta":{"footnotes":""},"categories":[10],"tags":[],"class_list":["post-82157","post","type-post","status-publish","format-standard","has-post-thumbnail","hentry","category-gundem"],"yoast_head":"<!-- This site is optimized with the Yoast SEO Premium plugin v24.3 (Yoast SEO v27.4) - https:\/\/yoast.com\/product\/yoast-seo-premium-wordpress\/ -->\n<title>T\u00dcS\u0130AD Ba\u015fkan\u0131 Turan Soru\u015fturma Alt\u0131nda - E-&Ccedil;\u0130FTL\u0130K HABER<\/title>\n<meta name=\"description\" content=\"T\u00dcS\u0130AD Y\u00fcksek \u0130sti\u015fare Konseyi Ba\u015fkan\u0131 Mehmet \u00d6mer Arif Aras ve Turan, savc\u0131l\u0131kta ifade vermeleri i\u00e7in \u0130stanbul Emniyet M\u00fcd\u00fcrl\u00fc\u011f\u00fc G\u00fcvenlik \u015eubesine\" \/>\n<meta name=\"robots\" content=\"index, follow, max-snippet:-1, max-image-preview:large, max-video-preview:-1\" \/>\n<link rel=\"canonical\" href=\"https:\/\/e-ciftlik.com\/haberler\/gundem\/tusiad-baskani-turan-sorusturma-altinda\/\" \/>\n<meta property=\"og:locale\" content=\"tr_TR\" \/>\n<meta property=\"og:type\" content=\"article\" \/>\n<meta property=\"og:title\" content=\"T\u00dcS\u0130AD Ba\u015fkan\u0131 Turan Soru\u015fturma Alt\u0131nda\" \/>\n<meta property=\"og:description\" content=\"T\u00dcS\u0130AD Y\u00fcksek \u0130sti\u015fare Konseyi Ba\u015fkan\u0131 Mehmet \u00d6mer Arif Aras ve Turan, savc\u0131l\u0131kta ifade vermeleri i\u00e7in \u0130stanbul Emniyet M\u00fcd\u00fcrl\u00fc\u011f\u00fc G\u00fcvenlik \u015eubesine\" \/>\n<meta property=\"og:url\" content=\"https:\/\/e-ciftlik.com\/haberler\/gundem\/tusiad-baskani-turan-sorusturma-altinda\/\" \/>\n<meta property=\"og:site_name\" content=\"E-&Ccedil;\u0130FTL\u0130K HABER\" \/>\n<meta property=\"article:publisher\" content=\"https:\/\/www.facebook.com\/eciftlikturkiye\" \/>\n<meta property=\"article:published_time\" content=\"2025-02-19T16:15:58+00:00\" \/>\n<meta property=\"og:image\" content=\"https:\/\/e-ciftlik.com\/haberler\/wp-content\/uploads\/2025\/02\/tusiad-baskani-orhan-turana-sorusturma-1739971463926.jpeg\" \/>\n\t<meta property=\"og:image:width\" content=\"1200\" \/>\n\t<meta property=\"og:image:height\" content=\"675\" \/>\n\t<meta property=\"og:image:type\" content=\"image\/jpeg\" \/>\n<meta name=\"author\" content=\"Haber Merkezi\" \/>\n<meta name=\"twitter:card\" content=\"summary_large_image\" \/>\n<meta name=\"twitter:creator\" content=\"@eciftlikresmi\" \/>\n<meta name=\"twitter:site\" content=\"@eciftlikresmi\" \/>\n<meta name=\"twitter:label1\" content=\"Yazan:\" \/>\n\t<meta name=\"twitter:data1\" content=\"Haber Merkezi\" \/>\n\t<meta name=\"twitter:label2\" content=\"Tahmini okuma s\u00fcresi\" \/>\n\t<meta name=\"twitter:data2\" content=\"1 dakika\" \/>\n<script type=\"application\/ld+json\" class=\"yoast-schema-graph\">{\"@context\":\"https:\\\/\\\/schema.org\",\"@graph\":[{\"@type\":\"NewsArticle\",\"@id\":\"https:\\\/\\\/e-ciftlik.com\\\/haberler\\\/gundem\\\/tusiad-baskani-turan-sorusturma-altinda\\\/#article\",\"isPartOf\":{\"@id\":\"https:\\\/\\\/e-ciftlik.com\\\/haberler\\\/gundem\\\/tusiad-baskani-turan-sorusturma-altinda\\\/\"},\"author\":{\"name\":\"Haber Merkezi\",\"@id\":\"https:\\\/\\\/e-ciftlik.com\\\/haberler\\\/#\\\/schema\\\/person\\\/d2f4fee3143d7f72be82cb887d51b00a\"},\"headline\":\"T\u00dcS\u0130AD Ba\u015fkan\u0131 Turan Soru\u015fturma Alt\u0131nda\",\"datePublished\":\"2025-02-19T16:15:58+00:00\",\"mainEntityOfPage\":{\"@id\":\"https:\\\/\\\/e-ciftlik.com\\\/haberler\\\/gundem\\\/tusiad-baskani-turan-sorusturma-altinda\\\/\"},\"wordCount\":192,\"commentCount\":0,\"publisher\":{\"@id\":\"https:\\\/\\\/e-ciftlik.com\\\/haberler\\\/#organization\"},\"image\":{\"@id\":\"https:\\\/\\\/e-ciftlik.com\\\/haberler\\\/gundem\\\/tusiad-baskani-turan-sorusturma-altinda\\\/#primaryimage\"},\"thumbnailUrl\":\"https:\\\/\\\/e-ciftlik.com\\\/haberler\\\/wp-content\\\/uploads\\\/2025\\\/02\\\/tusiad-baskani-orhan-turana-sorusturma-1739971463926.jpeg\",\"articleSection\":[\"G\u00fcndem\"],\"inLanguage\":\"tr\",\"potentialAction\":[{\"@type\":\"CommentAction\",\"name\":\"Comment\",\"target\":[\"https:\\\/\\\/e-ciftlik.com\\\/haberler\\\/gundem\\\/tusiad-baskani-turan-sorusturma-altinda\\\/#respond\"]}]},{\"@type\":\"WebPage\",\"@id\":\"https:\\\/\\\/e-ciftlik.com\\\/haberler\\\/gundem\\\/tusiad-baskani-turan-sorusturma-altinda\\\/\",\"url\":\"https:\\\/\\\/e-ciftlik.com\\\/haberler\\\/gundem\\\/tusiad-baskani-turan-sorusturma-altinda\\\/\",\"name\":\"T\u00dcS\u0130AD Ba\u015fkan\u0131 Turan Soru\u015fturma Alt\u0131nda - E-&Ccedil;\u0130FTL\u0130K HABER\",\"isPartOf\":{\"@id\":\"https:\\\/\\\/e-ciftlik.com\\\/haberler\\\/#website\"},\"primaryImageOfPage\":{\"@id\":\"https:\\\/\\\/e-ciftlik.com\\\/haberler\\\/gundem\\\/tusiad-baskani-turan-sorusturma-altinda\\\/#primaryimage\"},\"image\":{\"@id\":\"https:\\\/\\\/e-ciftlik.com\\\/haberler\\\/gundem\\\/tusiad-baskani-turan-sorusturma-altinda\\\/#primaryimage\"},\"thumbnailUrl\":\"https:\\\/\\\/e-ciftlik.com\\\/haberler\\\/wp-content\\\/uploads\\\/2025\\\/02\\\/tusiad-baskani-orhan-turana-sorusturma-1739971463926.jpeg\",\"datePublished\":\"2025-02-19T16:15:58+00:00\",\"description\":\"T\u00dcS\u0130AD Y\u00fcksek \u0130sti\u015fare Konseyi Ba\u015fkan\u0131 Mehmet \u00d6mer Arif Aras ve Turan, savc\u0131l\u0131kta ifade vermeleri i\u00e7in \u0130stanbul Emniyet M\u00fcd\u00fcrl\u00fc\u011f\u00fc G\u00fcvenlik \u015eubesine\",\"breadcrumb\":{\"@id\":\"https:\\\/\\\/e-ciftlik.com\\\/haberler\\\/gundem\\\/tusiad-baskani-turan-sorusturma-altinda\\\/#breadcrumb\"},\"inLanguage\":\"tr\",\"potentialAction\":[{\"@type\":\"ReadAction\",\"target\":[\"https:\\\/\\\/e-ciftlik.com\\\/haberler\\\/gundem\\\/tusiad-baskani-turan-sorusturma-altinda\\\/\"]}]},{\"@type\":\"ImageObject\",\"inLanguage\":\"tr\",\"@id\":\"https:\\\/\\\/e-ciftlik.com\\\/haberler\\\/gundem\\\/tusiad-baskani-turan-sorusturma-altinda\\\/#primaryimage\",\"url\":\"https:\\\/\\\/e-ciftlik.com\\\/haberler\\\/wp-content\\\/uploads\\\/2025\\\/02\\\/tusiad-baskani-orhan-turana-sorusturma-1739971463926.jpeg\",\"contentUrl\":\"https:\\\/\\\/e-ciftlik.com\\\/haberler\\\/wp-content\\\/uploads\\\/2025\\\/02\\\/tusiad-baskani-orhan-turana-sorusturma-1739971463926.jpeg\",\"width\":1200,\"height\":675},{\"@type\":\"BreadcrumbList\",\"@id\":\"https:\\\/\\\/e-ciftlik.com\\\/haberler\\\/gundem\\\/tusiad-baskani-turan-sorusturma-altinda\\\/#breadcrumb\",\"itemListElement\":[{\"@type\":\"ListItem\",\"position\":1,\"name\":\"Anasayfa\",\"item\":\"https:\\\/\\\/e-ciftlik.com\\\/haberler\\\/\"},{\"@type\":\"ListItem\",\"position\":2,\"name\":\"T\u00dcS\u0130AD Ba\u015fkan\u0131 Turan Soru\u015fturma Alt\u0131nda\"}]},{\"@type\":\"WebSite\",\"@id\":\"https:\\\/\\\/e-ciftlik.com\\\/haberler\\\/#website\",\"url\":\"https:\\\/\\\/e-ciftlik.com\\\/haberler\\\/\",\"name\":\"E-\u00c7iftlik Haber | G\u00fcncel, Son Dakika Haberler, En Son Haber\",\"description\":\"\",\"publisher\":{\"@id\":\"https:\\\/\\\/e-ciftlik.com\\\/haberler\\\/#organization\"},\"potentialAction\":[{\"@type\":\"SearchAction\",\"target\":{\"@type\":\"EntryPoint\",\"urlTemplate\":\"https:\\\/\\\/e-ciftlik.com\\\/haberler\\\/?s={search_term_string}\"},\"query-input\":{\"@type\":\"PropertyValueSpecification\",\"valueRequired\":true,\"valueName\":\"search_term_string\"}}],\"inLanguage\":\"tr\"},{\"@type\":\"Organization\",\"@id\":\"https:\\\/\\\/e-ciftlik.com\\\/haberler\\\/#organization\",\"name\":\"E-\u00c7\u0130FTL\u0130K HABER\",\"url\":\"https:\\\/\\\/e-ciftlik.com\\\/haberler\\\/\",\"logo\":{\"@type\":\"ImageObject\",\"inLanguage\":\"tr\",\"@id\":\"https:\\\/\\\/e-ciftlik.com\\\/haberler\\\/#\\\/schema\\\/logo\\\/image\\\/\",\"url\":\"https:\\\/\\\/e-ciftlik.com\\\/haberler\\\/wp-content\\\/uploads\\\/2024\\\/06\\\/cropped-cropped-favicon-1-2.png\",\"contentUrl\":\"https:\\\/\\\/e-ciftlik.com\\\/haberler\\\/wp-content\\\/uploads\\\/2024\\\/06\\\/cropped-cropped-favicon-1-2.png\",\"width\":512,\"height\":512,\"caption\":\"E-\u00c7\u0130FTL\u0130K HABER\"},\"image\":{\"@id\":\"https:\\\/\\\/e-ciftlik.com\\\/haberler\\\/#\\\/schema\\\/logo\\\/image\\\/\"},\"sameAs\":[\"https:\\\/\\\/www.facebook.com\\\/eciftlikturkiye\",\"https:\\\/\\\/x.com\\\/eciftlikresmi\",\"https:\\\/\\\/www.instagram.com\\\/eciftlikresmi\\\/\"]},{\"@type\":\"Person\",\"@id\":\"https:\\\/\\\/e-ciftlik.com\\\/haberler\\\/#\\\/schema\\\/person\\\/d2f4fee3143d7f72be82cb887d51b00a\",\"name\":\"Haber Merkezi\",\"image\":{\"@type\":\"ImageObject\",\"inLanguage\":\"tr\",\"@id\":\"https:\\\/\\\/secure.gravatar.com\\\/avatar\\\/6c27d641914e66c1d0452c92716002398782818991d86db1c2cccb531e7c7c82?s=96&d=mm&r=g\",\"url\":\"https:\\\/\\\/secure.gravatar.com\\\/avatar\\\/6c27d641914e66c1d0452c92716002398782818991d86db1c2cccb531e7c7c82?s=96&d=mm&r=g\",\"contentUrl\":\"https:\\\/\\\/secure.gravatar.com\\\/avatar\\\/6c27d641914e66c1d0452c92716002398782818991d86db1c2cccb531e7c7c82?s=96&d=mm&r=g\",\"caption\":\"Haber Merkezi\"},\"sameAs\":[\"http:\\\/\\\/e-ciftlik.com\\\/haberler\"]}]}<\/script>\n<!-- \/ Yoast SEO Premium plugin. -->","yoast_head_json":{"title":"T\u00dcS\u0130AD Ba\u015fkan\u0131 Turan Soru\u015fturma Alt\u0131nda - E-&Ccedil;\u0130FTL\u0130K HABER","description":"T\u00dcS\u0130AD Y\u00fcksek \u0130sti\u015fare Konseyi Ba\u015fkan\u0131 Mehmet \u00d6mer Arif Aras ve Turan, savc\u0131l\u0131kta ifade vermeleri i\u00e7in \u0130stanbul Emniyet M\u00fcd\u00fcrl\u00fc\u011f\u00fc G\u00fcvenlik \u015eubesine","robots":{"index":"index","follow":"follow","max-snippet":"max-snippet:-1","max-image-preview":"max-image-preview:large","max-video-preview":"max-video-preview:-1"},"canonical":"https:\/\/e-ciftlik.com\/haberler\/gundem\/tusiad-baskani-turan-sorusturma-altinda\/","og_locale":"tr_TR","og_type":"article","og_title":"T\u00dcS\u0130AD Ba\u015fkan\u0131 Turan Soru\u015fturma Alt\u0131nda","og_description":"T\u00dcS\u0130AD Y\u00fcksek \u0130sti\u015fare Konseyi Ba\u015fkan\u0131 Mehmet \u00d6mer Arif Aras ve Turan, savc\u0131l\u0131kta ifade vermeleri i\u00e7in \u0130stanbul Emniyet M\u00fcd\u00fcrl\u00fc\u011f\u00fc G\u00fcvenlik \u015eubesine","og_url":"https:\/\/e-ciftlik.com\/haberler\/gundem\/tusiad-baskani-turan-sorusturma-altinda\/","og_site_name":"E-&Ccedil;\u0130FTL\u0130K HABER","article_publisher":"https:\/\/www.facebook.com\/eciftlikturkiye","article_published_time":"2025-02-19T16:15:58+00:00","og_image":[{"width":1200,"height":675,"url":"https:\/\/e-ciftlik.com\/haberler\/wp-content\/uploads\/2025\/02\/tusiad-baskani-orhan-turana-sorusturma-1739971463926.jpeg","type":"image\/jpeg"}],"author":"Haber Merkezi","twitter_card":"summary_large_image","twitter_creator":"@eciftlikresmi","twitter_site":"@eciftlikresmi","twitter_misc":{"Yazan:":"Haber Merkezi","Tahmini okuma s\u00fcresi":"1 dakika"},"schema":{"@context":"https:\/\/schema.org","@graph":[{"@type":"NewsArticle","@id":"https:\/\/e-ciftlik.com\/haberler\/gundem\/tusiad-baskani-turan-sorusturma-altinda\/#article","isPartOf":{"@id":"https:\/\/e-ciftlik.com\/haberler\/gundem\/tusiad-baskani-turan-sorusturma-altinda\/"},"author":{"name":"Haber Merkezi","@id":"https:\/\/e-ciftlik.com\/haberler\/#\/schema\/person\/d2f4fee3143d7f72be82cb887d51b00a"},"headline":"T\u00dcS\u0130AD Ba\u015fkan\u0131 Turan Soru\u015fturma Alt\u0131nda","datePublished":"2025-02-19T16:15:58+00:00","mainEntityOfPage":{"@id":"https:\/\/e-ciftlik.com\/haberler\/gundem\/tusiad-baskani-turan-sorusturma-altinda\/"},"wordCount":192,"commentCount":0,"publisher":{"@id":"https:\/\/e-ciftlik.com\/haberler\/#organization"},"image":{"@id":"https:\/\/e-ciftlik.com\/haberler\/gundem\/tusiad-baskani-turan-sorusturma-altinda\/#primaryimage"},"thumbnailUrl":"https:\/\/e-ciftlik.com\/haberler\/wp-content\/uploads\/2025\/02\/tusiad-baskani-orhan-turana-sorusturma-1739971463926.jpeg","articleSection":["G\u00fcndem"],"inLanguage":"tr","potentialAction":[{"@type":"CommentAction","name":"Comment","target":["https:\/\/e-ciftlik.com\/haberler\/gundem\/tusiad-baskani-turan-sorusturma-altinda\/#respond"]}]},{"@type":"WebPage","@id":"https:\/\/e-ciftlik.com\/haberler\/gundem\/tusiad-baskani-turan-sorusturma-altinda\/","url":"https:\/\/e-ciftlik.com\/haberler\/gundem\/tusiad-baskani-turan-sorusturma-altinda\/","name":"T\u00dcS\u0130AD Ba\u015fkan\u0131 Turan Soru\u015fturma Alt\u0131nda - E-&Ccedil;\u0130FTL\u0130K HABER","isPartOf":{"@id":"https:\/\/e-ciftlik.com\/haberler\/#website"},"primaryImageOfPage":{"@id":"https:\/\/e-ciftlik.com\/haberler\/gundem\/tusiad-baskani-turan-sorusturma-altinda\/#primaryimage"},"image":{"@id":"https:\/\/e-ciftlik.com\/haberler\/gundem\/tusiad-baskani-turan-sorusturma-altinda\/#primaryimage"},"thumbnailUrl":"https:\/\/e-ciftlik.com\/haberler\/wp-content\/uploads\/2025\/02\/tusiad-baskani-orhan-turana-sorusturma-1739971463926.jpeg","datePublished":"2025-02-19T16:15:58+00:00","description":"T\u00dcS\u0130AD Y\u00fcksek \u0130sti\u015fare Konseyi Ba\u015fkan\u0131 Mehmet \u00d6mer Arif Aras ve Turan, savc\u0131l\u0131kta ifade vermeleri i\u00e7in \u0130stanbul Emniyet M\u00fcd\u00fcrl\u00fc\u011f\u00fc G\u00fcvenlik \u015eubesine","breadcrumb":{"@id":"https:\/\/e-ciftlik.com\/haberler\/gundem\/tusiad-baskani-turan-sorusturma-altinda\/#breadcrumb"},"inLanguage":"tr","potentialAction":[{"@type":"ReadAction","target":["https:\/\/e-ciftlik.com\/haberler\/gundem\/tusiad-baskani-turan-sorusturma-altinda\/"]}]},{"@type":"ImageObject","inLanguage":"tr","@id":"https:\/\/e-ciftlik.com\/haberler\/gundem\/tusiad-baskani-turan-sorusturma-altinda\/#primaryimage","url":"https:\/\/e-ciftlik.com\/haberler\/wp-content\/uploads\/2025\/02\/tusiad-baskani-orhan-turana-sorusturma-1739971463926.jpeg","contentUrl":"https:\/\/e-ciftlik.com\/haberler\/wp-content\/uploads\/2025\/02\/tusiad-baskani-orhan-turana-sorusturma-1739971463926.jpeg","width":1200,"height":675},{"@type":"BreadcrumbList","@id":"https:\/\/e-ciftlik.com\/haberler\/gundem\/tusiad-baskani-turan-sorusturma-altinda\/#breadcrumb","itemListElement":[{"@type":"ListItem","position":1,"name":"Anasayfa","item":"https:\/\/e-ciftlik.com\/haberler\/"},{"@type":"ListItem","position":2,"name":"T\u00dcS\u0130AD Ba\u015fkan\u0131 Turan Soru\u015fturma Alt\u0131nda"}]},{"@type":"WebSite","@id":"https:\/\/e-ciftlik.com\/haberler\/#website","url":"https:\/\/e-ciftlik.com\/haberler\/","name":"E-\u00c7iftlik Haber | G\u00fcncel, Son Dakika Haberler, En Son Haber","description":"","publisher":{"@id":"https:\/\/e-ciftlik.com\/haberler\/#organization"},"potentialAction":[{"@type":"SearchAction","target":{"@type":"EntryPoint","urlTemplate":"https:\/\/e-ciftlik.com\/haberler\/?s={search_term_string}"},"query-input":{"@type":"PropertyValueSpecification","valueRequired":true,"valueName":"search_term_string"}}],"inLanguage":"tr"},{"@type":"Organization","@id":"https:\/\/e-ciftlik.com\/haberler\/#organization","name":"E-\u00c7\u0130FTL\u0130K HABER","url":"https:\/\/e-ciftlik.com\/haberler\/","logo":{"@type":"ImageObject","inLanguage":"tr","@id":"https:\/\/e-ciftlik.com\/haberler\/#\/schema\/logo\/image\/","url":"https:\/\/e-ciftlik.com\/haberler\/wp-content\/uploads\/2024\/06\/cropped-cropped-favicon-1-2.png","contentUrl":"https:\/\/e-ciftlik.com\/haberler\/wp-content\/uploads\/2024\/06\/cropped-cropped-favicon-1-2.png","width":512,"height":512,"caption":"E-\u00c7\u0130FTL\u0130K HABER"},"image":{"@id":"https:\/\/e-ciftlik.com\/haberler\/#\/schema\/logo\/image\/"},"sameAs":["https:\/\/www.facebook.com\/eciftlikturkiye","https:\/\/x.com\/eciftlikresmi","https:\/\/www.instagram.com\/eciftlikresmi\/"]},{"@type":"Person","@id":"https:\/\/e-ciftlik.com\/haberler\/#\/schema\/person\/d2f4fee3143d7f72be82cb887d51b00a","name":"Haber Merkezi","image":{"@type":"ImageObject","inLanguage":"tr","@id":"https:\/\/secure.gravatar.com\/avatar\/6c27d641914e66c1d0452c92716002398782818991d86db1c2cccb531e7c7c82?s=96&d=mm&r=g","url":"https:\/\/secure.gravatar.com\/avatar\/6c27d641914e66c1d0452c92716002398782818991d86db1c2cccb531e7c7c82?s=96&d=mm&r=g","contentUrl":"https:\/\/secure.gravatar.com\/avatar\/6c27d641914e66c1d0452c92716002398782818991d86db1c2cccb531e7c7c82?s=96&d=mm&r=g","caption":"Haber Merkezi"},"sameAs":["http:\/\/e-ciftlik.com\/haberler"]}]}},"_links":{"self":[{"href":"https:\/\/e-ciftlik.com\/haberler\/wp-json\/wp\/v2\/posts\/82157","targetHints":{"allow":["GET"]}}],"collection":[{"href":"https:\/\/e-ciftlik.com\/haberler\/wp-json\/wp\/v2\/posts"}],"about":[{"href":"https:\/\/e-ciftlik.com\/haberler\/wp-json\/wp\/v2\/types\/post"}],"author":[{"embeddable":true,"href":"https:\/\/e-ciftlik.com\/haberler\/wp-json\/wp\/v2\/users\/1"}],"replies":[{"embeddable":true,"href":"https:\/\/e-ciftlik.com\/haberler\/wp-json\/wp\/v2\/comments?post=82157"}],"version-history":[{"count":0,"href":"https:\/\/e-ciftlik.com\/haberler\/wp-json\/wp\/v2\/posts\/82157\/revisions"}],"wp:featuredmedia":[{"embeddable":true,"href":"https:\/\/e-ciftlik.com\/haberler\/wp-json\/wp\/v2\/media\/82158"}],"wp:attachment":[{"href":"https:\/\/e-ciftlik.com\/haberler\/wp-json\/wp\/v2\/media?parent=82157"}],"wp:term":[{"taxonomy":"category","embeddable":true,"href":"https:\/\/e-ciftlik.com\/haberler\/wp-json\/wp\/v2\/categories?post=82157"},{"taxonomy":"post_tag","embeddable":true,"href":"https:\/\/e-ciftlik.com\/haberler\/wp-json\/wp\/v2\/tags?post=82157"}],"curies":[{"name":"wp","href":"https:\/\/api.w.org\/{rel}","templated":true}]}}