{"id":82578,"date":"2025-02-20T17:30:19","date_gmt":"2025-02-20T17:30:19","guid":{"rendered":"http:\/\/e-ciftlik.com\/haberler\/gundem\/kagizman-belediye-baskani-teror-orgutune-uye\/"},"modified":"2025-02-20T17:30:19","modified_gmt":"2025-02-20T17:30:19","slug":"kagizman-belediye-baskani-teror-orgutune-uye","status":"publish","type":"post","link":"https:\/\/e-ciftlik.com\/haberler\/gundem\/kagizman-belediye-baskani-teror-orgutune-uye\/","title":{"rendered":"Ka\u011f\u0131zman Belediye Ba\u015fkan\u0131 Ter\u00f6r \u00d6rg\u00fct\u00fcne \u00dcye!"},"content":{"rendered":"<p>Kars&#8217;\u0131n Ka\u011f\u0131zman il\u00e7esinin Belediye Ba\u015fkan\u0131 Mehmet Alkan, &#8220;silahl\u0131 ter\u00f6r \u00f6rg\u00fct\u00fcne \u00fcye olmak&#8221; su\u00e7undan 6 y\u0131l 3 ay hapis cezas\u0131na \u00e7arpt\u0131r\u0131ld\u0131.<\/p>\n<p>Kars 2. A\u011f\u0131r Ceza Mahkemesi&#8217;nde g\u00f6r\u00fclen duru\u015fmaya san\u0131k avukat\u0131 kat\u0131l\u0131rken, tutuksuz yarg\u0131lanan san\u0131k Mehmet Alkan ise kat\u0131lmad\u0131.<\/p>\n<p>Cumhuriyet savc\u0131s\u0131 esas hakk\u0131ndaki m\u00fctalaas\u0131nda, Alkan&#8217;\u0131n &#8220;silahl\u0131 ter\u00f6r \u00f6rg\u00fct\u00fcne \u00fcye olmak&#8221; su\u00e7undan cezaland\u0131r\u0131lmas\u0131n\u0131 talep etti. Alkan&#8217;\u0131n avukat\u0131n\u0131n mazeret talebinde bulunmas\u0131na y\u00f6nelik savunma yapmak i\u00e7in s\u00fcre talebi reddedildi. Davay\u0131 karara ba\u011flayan mahkeme heyeti, san\u0131k Mehmet Alkan&#8217;\u0131 &#8220;silahl\u0131 ter\u00f6r \u00f6rg\u00fct\u00fcne \u00fcye olmak&#8221; su\u00e7undan 6 y\u0131l 3 ay hapis cezas\u0131na \u00e7arpt\u0131rd\u0131.<\/p>\n<p>Kars Cumhuriyet Ba\u015fsavc\u0131l\u0131\u011f\u0131 koordinesinde \u0130l Emniyet M\u00fcd\u00fcrl\u00fc\u011f\u00fc Ter\u00f6rle M\u00fccadele \u015eube M\u00fcd\u00fcrl\u00fc\u011f\u00fc ekiplerince ter\u00f6r \u00f6rg\u00fct\u00fc PKK\/KCK&#8217;n\u0131n eylem ve faaliyetlerinin de\u015fifre edilmesi ve engellenmesine y\u00f6nelik 1 Kas\u0131m 2019&#8217;da d\u00fczenlenen operasyonda Mehmet Alkan g\u00f6zalt\u0131na al\u0131nm\u0131\u015f, yurt d\u0131\u015f\u0131 yasa\u011f\u0131 konularak adli kontrol \u015fart\u0131yla serbest b\u0131rak\u0131lm\u0131\u015ft\u0131.<\/p>\n<p>2009-2014 y\u0131llar\u0131 aras\u0131nda HDP&#8217;den Ka\u011f\u0131zman Belediye Ba\u015fkanl\u0131\u011f\u0131 yapan Alkan, 31 Mart yerel se\u00e7imlerinde de DEM Parti&#8217;den belediye ba\u015fkan\u0131 se\u00e7ilmi\u015fti.<\/p>\n","protected":false},"excerpt":{"rendered":"<p>Kars&#8217;\u0131n Ka\u011f\u0131zman il\u00e7esinin Belediye Ba\u015fkan\u0131 Mehmet Alkan, &#8220;silahl\u0131 ter\u00f6r \u00f6rg\u00fct\u00fcne \u00fcye olmak&#8221; su\u00e7undan 6 y\u0131l&hellip;<\/p>\n","protected":false},"author":1,"featured_media":82579,"comment_status":"open","ping_status":"open","sticky":false,"template":"","format":"standard","meta":{"footnotes":""},"categories":[10],"tags":[],"class_list":["post-82578","post","type-post","status-publish","format-standard","has-post-thumbnail","hentry","category-gundem"],"yoast_head":"<!-- This site is optimized with the Yoast SEO Premium plugin v24.3 (Yoast SEO v27.4) - https:\/\/yoast.com\/product\/yoast-seo-premium-wordpress\/ -->\n<title>Ka\u011f\u0131zman Belediye Ba\u015fkan\u0131 Ter\u00f6r \u00d6rg\u00fct\u00fcne \u00dcye! - E-&Ccedil;\u0130FTL\u0130K HABER<\/title>\n<meta name=\"description\" content=\"Kars&#039;\u0131n Ka\u011f\u0131zman il\u00e7esinin Belediye Ba\u015fkan\u0131 Mehmet Alkan, &quot;silahl\u0131 ter\u00f6r \u00f6rg\u00fct\u00fcne \u00fcye olmak&quot; su\u00e7undan 6 y\u0131l 3 ay hapis cezas\u0131na \u00e7arpt\u0131r\u0131ld\u0131. Kars 2. A\u011f\u0131r\" \/>\n<meta name=\"robots\" content=\"index, follow, max-snippet:-1, max-image-preview:large, max-video-preview:-1\" \/>\n<link rel=\"canonical\" href=\"https:\/\/e-ciftlik.com\/haberler\/gundem\/kagizman-belediye-baskani-teror-orgutune-uye\/\" \/>\n<meta property=\"og:locale\" content=\"tr_TR\" \/>\n<meta property=\"og:type\" content=\"article\" \/>\n<meta property=\"og:title\" content=\"Ka\u011f\u0131zman Belediye Ba\u015fkan\u0131 Ter\u00f6r \u00d6rg\u00fct\u00fcne \u00dcye!\" \/>\n<meta property=\"og:description\" content=\"Kars&#039;\u0131n Ka\u011f\u0131zman il\u00e7esinin Belediye Ba\u015fkan\u0131 Mehmet Alkan, &quot;silahl\u0131 ter\u00f6r \u00f6rg\u00fct\u00fcne \u00fcye olmak&quot; su\u00e7undan 6 y\u0131l 3 ay hapis cezas\u0131na \u00e7arpt\u0131r\u0131ld\u0131. Kars 2. A\u011f\u0131r\" \/>\n<meta property=\"og:url\" content=\"https:\/\/e-ciftlik.com\/haberler\/gundem\/kagizman-belediye-baskani-teror-orgutune-uye\/\" \/>\n<meta property=\"og:site_name\" content=\"E-&Ccedil;\u0130FTL\u0130K HABER\" \/>\n<meta property=\"article:publisher\" content=\"https:\/\/www.facebook.com\/eciftlikturkiye\" \/>\n<meta property=\"article:published_time\" content=\"2025-02-20T17:30:19+00:00\" \/>\n<meta property=\"og:image\" content=\"https:\/\/e-ciftlik.com\/haberler\/wp-content\/uploads\/2025\/02\/1740071814821.jpg\" \/>\n\t<meta property=\"og:image:width\" content=\"1200\" \/>\n\t<meta property=\"og:image:height\" content=\"675\" \/>\n\t<meta property=\"og:image:type\" content=\"image\/jpeg\" \/>\n<meta name=\"author\" content=\"Haber Merkezi\" \/>\n<meta name=\"twitter:card\" content=\"summary_large_image\" \/>\n<meta name=\"twitter:creator\" content=\"@eciftlikresmi\" \/>\n<meta name=\"twitter:site\" content=\"@eciftlikresmi\" \/>\n<meta name=\"twitter:label1\" content=\"Yazan:\" \/>\n\t<meta name=\"twitter:data1\" content=\"Haber Merkezi\" \/>\n\t<meta name=\"twitter:label2\" content=\"Tahmini okuma s\u00fcresi\" \/>\n\t<meta name=\"twitter:data2\" content=\"1 dakika\" \/>\n<script type=\"application\/ld+json\" class=\"yoast-schema-graph\">{\"@context\":\"https:\\\/\\\/schema.org\",\"@graph\":[{\"@type\":\"NewsArticle\",\"@id\":\"https:\\\/\\\/e-ciftlik.com\\\/haberler\\\/gundem\\\/kagizman-belediye-baskani-teror-orgutune-uye\\\/#article\",\"isPartOf\":{\"@id\":\"https:\\\/\\\/e-ciftlik.com\\\/haberler\\\/gundem\\\/kagizman-belediye-baskani-teror-orgutune-uye\\\/\"},\"author\":{\"name\":\"Haber Merkezi\",\"@id\":\"https:\\\/\\\/e-ciftlik.com\\\/haberler\\\/#\\\/schema\\\/person\\\/d2f4fee3143d7f72be82cb887d51b00a\"},\"headline\":\"Ka\u011f\u0131zman Belediye Ba\u015fkan\u0131 Ter\u00f6r \u00d6rg\u00fct\u00fcne \u00dcye!\",\"datePublished\":\"2025-02-20T17:30:19+00:00\",\"mainEntityOfPage\":{\"@id\":\"https:\\\/\\\/e-ciftlik.com\\\/haberler\\\/gundem\\\/kagizman-belediye-baskani-teror-orgutune-uye\\\/\"},\"wordCount\":234,\"commentCount\":0,\"publisher\":{\"@id\":\"https:\\\/\\\/e-ciftlik.com\\\/haberler\\\/#organization\"},\"image\":{\"@id\":\"https:\\\/\\\/e-ciftlik.com\\\/haberler\\\/gundem\\\/kagizman-belediye-baskani-teror-orgutune-uye\\\/#primaryimage\"},\"thumbnailUrl\":\"https:\\\/\\\/e-ciftlik.com\\\/haberler\\\/wp-content\\\/uploads\\\/2025\\\/02\\\/1740071814821.jpg\",\"articleSection\":[\"G\u00fcndem\"],\"inLanguage\":\"tr\",\"potentialAction\":[{\"@type\":\"CommentAction\",\"name\":\"Comment\",\"target\":[\"https:\\\/\\\/e-ciftlik.com\\\/haberler\\\/gundem\\\/kagizman-belediye-baskani-teror-orgutune-uye\\\/#respond\"]}]},{\"@type\":\"WebPage\",\"@id\":\"https:\\\/\\\/e-ciftlik.com\\\/haberler\\\/gundem\\\/kagizman-belediye-baskani-teror-orgutune-uye\\\/\",\"url\":\"https:\\\/\\\/e-ciftlik.com\\\/haberler\\\/gundem\\\/kagizman-belediye-baskani-teror-orgutune-uye\\\/\",\"name\":\"Ka\u011f\u0131zman Belediye Ba\u015fkan\u0131 Ter\u00f6r \u00d6rg\u00fct\u00fcne \u00dcye! - E-&Ccedil;\u0130FTL\u0130K HABER\",\"isPartOf\":{\"@id\":\"https:\\\/\\\/e-ciftlik.com\\\/haberler\\\/#website\"},\"primaryImageOfPage\":{\"@id\":\"https:\\\/\\\/e-ciftlik.com\\\/haberler\\\/gundem\\\/kagizman-belediye-baskani-teror-orgutune-uye\\\/#primaryimage\"},\"image\":{\"@id\":\"https:\\\/\\\/e-ciftlik.com\\\/haberler\\\/gundem\\\/kagizman-belediye-baskani-teror-orgutune-uye\\\/#primaryimage\"},\"thumbnailUrl\":\"https:\\\/\\\/e-ciftlik.com\\\/haberler\\\/wp-content\\\/uploads\\\/2025\\\/02\\\/1740071814821.jpg\",\"datePublished\":\"2025-02-20T17:30:19+00:00\",\"description\":\"Kars'\u0131n Ka\u011f\u0131zman il\u00e7esinin Belediye Ba\u015fkan\u0131 Mehmet Alkan, \\\"silahl\u0131 ter\u00f6r \u00f6rg\u00fct\u00fcne \u00fcye olmak\\\" su\u00e7undan 6 y\u0131l 3 ay hapis cezas\u0131na \u00e7arpt\u0131r\u0131ld\u0131. Kars 2. A\u011f\u0131r\",\"breadcrumb\":{\"@id\":\"https:\\\/\\\/e-ciftlik.com\\\/haberler\\\/gundem\\\/kagizman-belediye-baskani-teror-orgutune-uye\\\/#breadcrumb\"},\"inLanguage\":\"tr\",\"potentialAction\":[{\"@type\":\"ReadAction\",\"target\":[\"https:\\\/\\\/e-ciftlik.com\\\/haberler\\\/gundem\\\/kagizman-belediye-baskani-teror-orgutune-uye\\\/\"]}]},{\"@type\":\"ImageObject\",\"inLanguage\":\"tr\",\"@id\":\"https:\\\/\\\/e-ciftlik.com\\\/haberler\\\/gundem\\\/kagizman-belediye-baskani-teror-orgutune-uye\\\/#primaryimage\",\"url\":\"https:\\\/\\\/e-ciftlik.com\\\/haberler\\\/wp-content\\\/uploads\\\/2025\\\/02\\\/1740071814821.jpg\",\"contentUrl\":\"https:\\\/\\\/e-ciftlik.com\\\/haberler\\\/wp-content\\\/uploads\\\/2025\\\/02\\\/1740071814821.jpg\",\"width\":1200,\"height\":675},{\"@type\":\"BreadcrumbList\",\"@id\":\"https:\\\/\\\/e-ciftlik.com\\\/haberler\\\/gundem\\\/kagizman-belediye-baskani-teror-orgutune-uye\\\/#breadcrumb\",\"itemListElement\":[{\"@type\":\"ListItem\",\"position\":1,\"name\":\"Anasayfa\",\"item\":\"https:\\\/\\\/e-ciftlik.com\\\/haberler\\\/\"},{\"@type\":\"ListItem\",\"position\":2,\"name\":\"Ka\u011f\u0131zman Belediye Ba\u015fkan\u0131 Ter\u00f6r \u00d6rg\u00fct\u00fcne \u00dcye!\"}]},{\"@type\":\"WebSite\",\"@id\":\"https:\\\/\\\/e-ciftlik.com\\\/haberler\\\/#website\",\"url\":\"https:\\\/\\\/e-ciftlik.com\\\/haberler\\\/\",\"name\":\"E-\u00c7iftlik Haber | G\u00fcncel, Son Dakika Haberler, En Son Haber\",\"description\":\"\",\"publisher\":{\"@id\":\"https:\\\/\\\/e-ciftlik.com\\\/haberler\\\/#organization\"},\"potentialAction\":[{\"@type\":\"SearchAction\",\"target\":{\"@type\":\"EntryPoint\",\"urlTemplate\":\"https:\\\/\\\/e-ciftlik.com\\\/haberler\\\/?s={search_term_string}\"},\"query-input\":{\"@type\":\"PropertyValueSpecification\",\"valueRequired\":true,\"valueName\":\"search_term_string\"}}],\"inLanguage\":\"tr\"},{\"@type\":\"Organization\",\"@id\":\"https:\\\/\\\/e-ciftlik.com\\\/haberler\\\/#organization\",\"name\":\"E-\u00c7\u0130FTL\u0130K HABER\",\"url\":\"https:\\\/\\\/e-ciftlik.com\\\/haberler\\\/\",\"logo\":{\"@type\":\"ImageObject\",\"inLanguage\":\"tr\",\"@id\":\"https:\\\/\\\/e-ciftlik.com\\\/haberler\\\/#\\\/schema\\\/logo\\\/image\\\/\",\"url\":\"https:\\\/\\\/e-ciftlik.com\\\/haberler\\\/wp-content\\\/uploads\\\/2024\\\/06\\\/cropped-cropped-favicon-1-2.png\",\"contentUrl\":\"https:\\\/\\\/e-ciftlik.com\\\/haberler\\\/wp-content\\\/uploads\\\/2024\\\/06\\\/cropped-cropped-favicon-1-2.png\",\"width\":512,\"height\":512,\"caption\":\"E-\u00c7\u0130FTL\u0130K HABER\"},\"image\":{\"@id\":\"https:\\\/\\\/e-ciftlik.com\\\/haberler\\\/#\\\/schema\\\/logo\\\/image\\\/\"},\"sameAs\":[\"https:\\\/\\\/www.facebook.com\\\/eciftlikturkiye\",\"https:\\\/\\\/x.com\\\/eciftlikresmi\",\"https:\\\/\\\/www.instagram.com\\\/eciftlikresmi\\\/\"]},{\"@type\":\"Person\",\"@id\":\"https:\\\/\\\/e-ciftlik.com\\\/haberler\\\/#\\\/schema\\\/person\\\/d2f4fee3143d7f72be82cb887d51b00a\",\"name\":\"Haber Merkezi\",\"image\":{\"@type\":\"ImageObject\",\"inLanguage\":\"tr\",\"@id\":\"https:\\\/\\\/secure.gravatar.com\\\/avatar\\\/6c27d641914e66c1d0452c92716002398782818991d86db1c2cccb531e7c7c82?s=96&d=mm&r=g\",\"url\":\"https:\\\/\\\/secure.gravatar.com\\\/avatar\\\/6c27d641914e66c1d0452c92716002398782818991d86db1c2cccb531e7c7c82?s=96&d=mm&r=g\",\"contentUrl\":\"https:\\\/\\\/secure.gravatar.com\\\/avatar\\\/6c27d641914e66c1d0452c92716002398782818991d86db1c2cccb531e7c7c82?s=96&d=mm&r=g\",\"caption\":\"Haber Merkezi\"},\"sameAs\":[\"http:\\\/\\\/e-ciftlik.com\\\/haberler\"]}]}<\/script>\n<!-- \/ Yoast SEO Premium plugin. -->","yoast_head_json":{"title":"Ka\u011f\u0131zman Belediye Ba\u015fkan\u0131 Ter\u00f6r \u00d6rg\u00fct\u00fcne \u00dcye! - E-&Ccedil;\u0130FTL\u0130K HABER","description":"Kars'\u0131n Ka\u011f\u0131zman il\u00e7esinin Belediye Ba\u015fkan\u0131 Mehmet Alkan, \"silahl\u0131 ter\u00f6r \u00f6rg\u00fct\u00fcne \u00fcye olmak\" su\u00e7undan 6 y\u0131l 3 ay hapis cezas\u0131na \u00e7arpt\u0131r\u0131ld\u0131. Kars 2. A\u011f\u0131r","robots":{"index":"index","follow":"follow","max-snippet":"max-snippet:-1","max-image-preview":"max-image-preview:large","max-video-preview":"max-video-preview:-1"},"canonical":"https:\/\/e-ciftlik.com\/haberler\/gundem\/kagizman-belediye-baskani-teror-orgutune-uye\/","og_locale":"tr_TR","og_type":"article","og_title":"Ka\u011f\u0131zman Belediye Ba\u015fkan\u0131 Ter\u00f6r \u00d6rg\u00fct\u00fcne \u00dcye!","og_description":"Kars'\u0131n Ka\u011f\u0131zman il\u00e7esinin Belediye Ba\u015fkan\u0131 Mehmet Alkan, \"silahl\u0131 ter\u00f6r \u00f6rg\u00fct\u00fcne \u00fcye olmak\" su\u00e7undan 6 y\u0131l 3 ay hapis cezas\u0131na \u00e7arpt\u0131r\u0131ld\u0131. Kars 2. A\u011f\u0131r","og_url":"https:\/\/e-ciftlik.com\/haberler\/gundem\/kagizman-belediye-baskani-teror-orgutune-uye\/","og_site_name":"E-&Ccedil;\u0130FTL\u0130K HABER","article_publisher":"https:\/\/www.facebook.com\/eciftlikturkiye","article_published_time":"2025-02-20T17:30:19+00:00","og_image":[{"width":1200,"height":675,"url":"https:\/\/e-ciftlik.com\/haberler\/wp-content\/uploads\/2025\/02\/1740071814821.jpg","type":"image\/jpeg"}],"author":"Haber Merkezi","twitter_card":"summary_large_image","twitter_creator":"@eciftlikresmi","twitter_site":"@eciftlikresmi","twitter_misc":{"Yazan:":"Haber Merkezi","Tahmini okuma s\u00fcresi":"1 dakika"},"schema":{"@context":"https:\/\/schema.org","@graph":[{"@type":"NewsArticle","@id":"https:\/\/e-ciftlik.com\/haberler\/gundem\/kagizman-belediye-baskani-teror-orgutune-uye\/#article","isPartOf":{"@id":"https:\/\/e-ciftlik.com\/haberler\/gundem\/kagizman-belediye-baskani-teror-orgutune-uye\/"},"author":{"name":"Haber Merkezi","@id":"https:\/\/e-ciftlik.com\/haberler\/#\/schema\/person\/d2f4fee3143d7f72be82cb887d51b00a"},"headline":"Ka\u011f\u0131zman Belediye Ba\u015fkan\u0131 Ter\u00f6r \u00d6rg\u00fct\u00fcne \u00dcye!","datePublished":"2025-02-20T17:30:19+00:00","mainEntityOfPage":{"@id":"https:\/\/e-ciftlik.com\/haberler\/gundem\/kagizman-belediye-baskani-teror-orgutune-uye\/"},"wordCount":234,"commentCount":0,"publisher":{"@id":"https:\/\/e-ciftlik.com\/haberler\/#organization"},"image":{"@id":"https:\/\/e-ciftlik.com\/haberler\/gundem\/kagizman-belediye-baskani-teror-orgutune-uye\/#primaryimage"},"thumbnailUrl":"https:\/\/e-ciftlik.com\/haberler\/wp-content\/uploads\/2025\/02\/1740071814821.jpg","articleSection":["G\u00fcndem"],"inLanguage":"tr","potentialAction":[{"@type":"CommentAction","name":"Comment","target":["https:\/\/e-ciftlik.com\/haberler\/gundem\/kagizman-belediye-baskani-teror-orgutune-uye\/#respond"]}]},{"@type":"WebPage","@id":"https:\/\/e-ciftlik.com\/haberler\/gundem\/kagizman-belediye-baskani-teror-orgutune-uye\/","url":"https:\/\/e-ciftlik.com\/haberler\/gundem\/kagizman-belediye-baskani-teror-orgutune-uye\/","name":"Ka\u011f\u0131zman Belediye Ba\u015fkan\u0131 Ter\u00f6r \u00d6rg\u00fct\u00fcne \u00dcye! - E-&Ccedil;\u0130FTL\u0130K HABER","isPartOf":{"@id":"https:\/\/e-ciftlik.com\/haberler\/#website"},"primaryImageOfPage":{"@id":"https:\/\/e-ciftlik.com\/haberler\/gundem\/kagizman-belediye-baskani-teror-orgutune-uye\/#primaryimage"},"image":{"@id":"https:\/\/e-ciftlik.com\/haberler\/gundem\/kagizman-belediye-baskani-teror-orgutune-uye\/#primaryimage"},"thumbnailUrl":"https:\/\/e-ciftlik.com\/haberler\/wp-content\/uploads\/2025\/02\/1740071814821.jpg","datePublished":"2025-02-20T17:30:19+00:00","description":"Kars'\u0131n Ka\u011f\u0131zman il\u00e7esinin Belediye Ba\u015fkan\u0131 Mehmet Alkan, \"silahl\u0131 ter\u00f6r \u00f6rg\u00fct\u00fcne \u00fcye olmak\" su\u00e7undan 6 y\u0131l 3 ay hapis cezas\u0131na \u00e7arpt\u0131r\u0131ld\u0131. Kars 2. A\u011f\u0131r","breadcrumb":{"@id":"https:\/\/e-ciftlik.com\/haberler\/gundem\/kagizman-belediye-baskani-teror-orgutune-uye\/#breadcrumb"},"inLanguage":"tr","potentialAction":[{"@type":"ReadAction","target":["https:\/\/e-ciftlik.com\/haberler\/gundem\/kagizman-belediye-baskani-teror-orgutune-uye\/"]}]},{"@type":"ImageObject","inLanguage":"tr","@id":"https:\/\/e-ciftlik.com\/haberler\/gundem\/kagizman-belediye-baskani-teror-orgutune-uye\/#primaryimage","url":"https:\/\/e-ciftlik.com\/haberler\/wp-content\/uploads\/2025\/02\/1740071814821.jpg","contentUrl":"https:\/\/e-ciftlik.com\/haberler\/wp-content\/uploads\/2025\/02\/1740071814821.jpg","width":1200,"height":675},{"@type":"BreadcrumbList","@id":"https:\/\/e-ciftlik.com\/haberler\/gundem\/kagizman-belediye-baskani-teror-orgutune-uye\/#breadcrumb","itemListElement":[{"@type":"ListItem","position":1,"name":"Anasayfa","item":"https:\/\/e-ciftlik.com\/haberler\/"},{"@type":"ListItem","position":2,"name":"Ka\u011f\u0131zman Belediye Ba\u015fkan\u0131 Ter\u00f6r \u00d6rg\u00fct\u00fcne \u00dcye!"}]},{"@type":"WebSite","@id":"https:\/\/e-ciftlik.com\/haberler\/#website","url":"https:\/\/e-ciftlik.com\/haberler\/","name":"E-\u00c7iftlik Haber | G\u00fcncel, Son Dakika Haberler, En Son Haber","description":"","publisher":{"@id":"https:\/\/e-ciftlik.com\/haberler\/#organization"},"potentialAction":[{"@type":"SearchAction","target":{"@type":"EntryPoint","urlTemplate":"https:\/\/e-ciftlik.com\/haberler\/?s={search_term_string}"},"query-input":{"@type":"PropertyValueSpecification","valueRequired":true,"valueName":"search_term_string"}}],"inLanguage":"tr"},{"@type":"Organization","@id":"https:\/\/e-ciftlik.com\/haberler\/#organization","name":"E-\u00c7\u0130FTL\u0130K HABER","url":"https:\/\/e-ciftlik.com\/haberler\/","logo":{"@type":"ImageObject","inLanguage":"tr","@id":"https:\/\/e-ciftlik.com\/haberler\/#\/schema\/logo\/image\/","url":"https:\/\/e-ciftlik.com\/haberler\/wp-content\/uploads\/2024\/06\/cropped-cropped-favicon-1-2.png","contentUrl":"https:\/\/e-ciftlik.com\/haberler\/wp-content\/uploads\/2024\/06\/cropped-cropped-favicon-1-2.png","width":512,"height":512,"caption":"E-\u00c7\u0130FTL\u0130K HABER"},"image":{"@id":"https:\/\/e-ciftlik.com\/haberler\/#\/schema\/logo\/image\/"},"sameAs":["https:\/\/www.facebook.com\/eciftlikturkiye","https:\/\/x.com\/eciftlikresmi","https:\/\/www.instagram.com\/eciftlikresmi\/"]},{"@type":"Person","@id":"https:\/\/e-ciftlik.com\/haberler\/#\/schema\/person\/d2f4fee3143d7f72be82cb887d51b00a","name":"Haber Merkezi","image":{"@type":"ImageObject","inLanguage":"tr","@id":"https:\/\/secure.gravatar.com\/avatar\/6c27d641914e66c1d0452c92716002398782818991d86db1c2cccb531e7c7c82?s=96&d=mm&r=g","url":"https:\/\/secure.gravatar.com\/avatar\/6c27d641914e66c1d0452c92716002398782818991d86db1c2cccb531e7c7c82?s=96&d=mm&r=g","contentUrl":"https:\/\/secure.gravatar.com\/avatar\/6c27d641914e66c1d0452c92716002398782818991d86db1c2cccb531e7c7c82?s=96&d=mm&r=g","caption":"Haber Merkezi"},"sameAs":["http:\/\/e-ciftlik.com\/haberler"]}]}},"_links":{"self":[{"href":"https:\/\/e-ciftlik.com\/haberler\/wp-json\/wp\/v2\/posts\/82578","targetHints":{"allow":["GET"]}}],"collection":[{"href":"https:\/\/e-ciftlik.com\/haberler\/wp-json\/wp\/v2\/posts"}],"about":[{"href":"https:\/\/e-ciftlik.com\/haberler\/wp-json\/wp\/v2\/types\/post"}],"author":[{"embeddable":true,"href":"https:\/\/e-ciftlik.com\/haberler\/wp-json\/wp\/v2\/users\/1"}],"replies":[{"embeddable":true,"href":"https:\/\/e-ciftlik.com\/haberler\/wp-json\/wp\/v2\/comments?post=82578"}],"version-history":[{"count":0,"href":"https:\/\/e-ciftlik.com\/haberler\/wp-json\/wp\/v2\/posts\/82578\/revisions"}],"wp:featuredmedia":[{"embeddable":true,"href":"https:\/\/e-ciftlik.com\/haberler\/wp-json\/wp\/v2\/media\/82579"}],"wp:attachment":[{"href":"https:\/\/e-ciftlik.com\/haberler\/wp-json\/wp\/v2\/media?parent=82578"}],"wp:term":[{"taxonomy":"category","embeddable":true,"href":"https:\/\/e-ciftlik.com\/haberler\/wp-json\/wp\/v2\/categories?post=82578"},{"taxonomy":"post_tag","embeddable":true,"href":"https:\/\/e-ciftlik.com\/haberler\/wp-json\/wp\/v2\/tags?post=82578"}],"curies":[{"name":"wp","href":"https:\/\/api.w.org\/{rel}","templated":true}]}}