{"id":82610,"date":"2025-02-20T19:28:09","date_gmt":"2025-02-20T19:28:09","guid":{"rendered":"https:\/\/e-ciftlik.com\/haberler\/gundem\/elektrik-ve-dogal-gaz-faturalarinda-zam-yok\/"},"modified":"2025-02-20T19:28:09","modified_gmt":"2025-02-20T19:28:09","slug":"elektrik-ve-dogal-gaz-faturalarinda-zam-yok","status":"publish","type":"post","link":"https:\/\/e-ciftlik.com\/haberler\/gundem\/elektrik-ve-dogal-gaz-faturalarinda-zam-yok\/","title":{"rendered":"Elektrik ve Do\u011fal Gaz Faturalar\u0131nda Zam Yok!"},"content":{"rendered":"<p>Enerji ve Tabii Kaynaklar Bakan\u0131 Bayraktar, vatanda\u015flara m\u00fcjdeli haberi vererek, bu k\u0131\u015f elektrik ve do\u011fal gaz faturalar\u0131na zam yap\u0131lmayaca\u011f\u0131n\u0131 duyurdu. Milyonlarca vatanda\u015f\u0131n merakla bekledi\u011fi zam konusuna a\u00e7\u0131kl\u0131k getiren Bayraktar, muhalefetin iddialar\u0131n\u0131 yalanlad\u0131 ve durumun \u00e7arp\u0131t\u0131ld\u0131\u011f\u0131n\u0131 belirtti.<\/p>\n<p>Bakan Bayraktar, T\u00fcrkiye&#8217;de 42 milyon elektrik abonesi oldu\u011funu ve bunlardan 1.2 milyonunun d\u00fczenlemeden etkilenece\u011fini, geri kalan 40 milyon 800 bin abonenin ise herhangi bir de\u011fi\u015fiklikle kar\u015f\u0131la\u015fmayaca\u011f\u0131n\u0131 ifade etti. Bayraktar, &#8220;Bu k\u0131\u015f, do\u011fal gaz ve elektrik fiyatlar\u0131na zam yap\u0131lmadan ge\u00e7irece\u011fiz. Gelecekte bir zam olursa, enflasyonu dikkate alarak fiyatland\u0131rma yapaca\u011f\u0131z.&#8221; a\u00e7\u0131klamas\u0131nda bulundu.<\/p>\n","protected":false},"excerpt":{"rendered":"<p>Enerji ve Tabii Kaynaklar Bakan\u0131 Bayraktar, vatanda\u015flara m\u00fcjdeli haberi vererek, bu k\u0131\u015f elektrik ve do\u011fal&hellip;<\/p>\n","protected":false},"author":1,"featured_media":82611,"comment_status":"open","ping_status":"open","sticky":false,"template":"","format":"standard","meta":{"footnotes":""},"categories":[10],"tags":[],"class_list":["post-82610","post","type-post","status-publish","format-standard","has-post-thumbnail","hentry","category-gundem"],"yoast_head":"<!-- This site is optimized with the Yoast SEO Premium plugin v24.3 (Yoast SEO v27.4) - https:\/\/yoast.com\/product\/yoast-seo-premium-wordpress\/ -->\n<title>Elektrik ve Do\u011fal Gaz Faturalar\u0131nda Zam Yok! - E-&Ccedil;\u0130FTL\u0130K HABER<\/title>\n<meta name=\"description\" content=\"Enerji ve Tabii Kaynaklar Bakan\u0131 Bayraktar, vatanda\u015flara m\u00fcjdeli haberi vererek, bu k\u0131\u015f elektrik ve do\u011fal gaz faturalar\u0131na zam yap\u0131lmayaca\u011f\u0131n\u0131 duyurdu.\" \/>\n<meta name=\"robots\" content=\"index, follow, max-snippet:-1, max-image-preview:large, max-video-preview:-1\" \/>\n<link rel=\"canonical\" href=\"https:\/\/e-ciftlik.com\/haberler\/gundem\/elektrik-ve-dogal-gaz-faturalarinda-zam-yok\/\" \/>\n<meta property=\"og:locale\" content=\"tr_TR\" \/>\n<meta property=\"og:type\" content=\"article\" \/>\n<meta property=\"og:title\" content=\"Elektrik ve Do\u011fal Gaz Faturalar\u0131nda Zam Yok!\" \/>\n<meta property=\"og:description\" content=\"Enerji ve Tabii Kaynaklar Bakan\u0131 Bayraktar, vatanda\u015flara m\u00fcjdeli haberi vererek, bu k\u0131\u015f elektrik ve do\u011fal gaz faturalar\u0131na zam yap\u0131lmayaca\u011f\u0131n\u0131 duyurdu.\" \/>\n<meta property=\"og:url\" content=\"https:\/\/e-ciftlik.com\/haberler\/gundem\/elektrik-ve-dogal-gaz-faturalarinda-zam-yok\/\" \/>\n<meta property=\"og:site_name\" content=\"E-&Ccedil;\u0130FTL\u0130K HABER\" \/>\n<meta property=\"article:publisher\" content=\"https:\/\/www.facebook.com\/eciftlikturkiye\" \/>\n<meta property=\"article:published_time\" content=\"2025-02-20T19:28:09+00:00\" \/>\n<meta property=\"og:image\" content=\"https:\/\/e-ciftlik.com\/haberler\/wp-content\/uploads\/2025\/02\/bakan-bayraktar-mujdeyi-verdi-dogal-gaz-ve-elektrik-faturalarina-zam-yapilacak-mi-1740078212363.jpeg\" \/>\n\t<meta property=\"og:image:width\" content=\"1200\" \/>\n\t<meta property=\"og:image:height\" content=\"675\" \/>\n\t<meta property=\"og:image:type\" content=\"image\/jpeg\" \/>\n<meta name=\"author\" content=\"Haber Merkezi\" \/>\n<meta name=\"twitter:card\" content=\"summary_large_image\" \/>\n<meta name=\"twitter:creator\" content=\"@eciftlikresmi\" \/>\n<meta name=\"twitter:site\" content=\"@eciftlikresmi\" \/>\n<meta name=\"twitter:label1\" content=\"Yazan:\" \/>\n\t<meta name=\"twitter:data1\" content=\"Haber Merkezi\" \/>\n\t<meta name=\"twitter:label2\" content=\"Tahmini okuma s\u00fcresi\" \/>\n\t<meta name=\"twitter:data2\" content=\"1 dakika\" \/>\n<script type=\"application\/ld+json\" class=\"yoast-schema-graph\">{\"@context\":\"https:\\\/\\\/schema.org\",\"@graph\":[{\"@type\":\"NewsArticle\",\"@id\":\"https:\\\/\\\/e-ciftlik.com\\\/haberler\\\/gundem\\\/elektrik-ve-dogal-gaz-faturalarinda-zam-yok\\\/#article\",\"isPartOf\":{\"@id\":\"https:\\\/\\\/e-ciftlik.com\\\/haberler\\\/gundem\\\/elektrik-ve-dogal-gaz-faturalarinda-zam-yok\\\/\"},\"author\":{\"name\":\"Haber Merkezi\",\"@id\":\"https:\\\/\\\/e-ciftlik.com\\\/haberler\\\/#\\\/schema\\\/person\\\/d2f4fee3143d7f72be82cb887d51b00a\"},\"headline\":\"Elektrik ve Do\u011fal Gaz Faturalar\u0131nda Zam Yok!\",\"datePublished\":\"2025-02-20T19:28:09+00:00\",\"mainEntityOfPage\":{\"@id\":\"https:\\\/\\\/e-ciftlik.com\\\/haberler\\\/gundem\\\/elektrik-ve-dogal-gaz-faturalarinda-zam-yok\\\/\"},\"wordCount\":124,\"commentCount\":0,\"publisher\":{\"@id\":\"https:\\\/\\\/e-ciftlik.com\\\/haberler\\\/#organization\"},\"image\":{\"@id\":\"https:\\\/\\\/e-ciftlik.com\\\/haberler\\\/gundem\\\/elektrik-ve-dogal-gaz-faturalarinda-zam-yok\\\/#primaryimage\"},\"thumbnailUrl\":\"https:\\\/\\\/e-ciftlik.com\\\/haberler\\\/wp-content\\\/uploads\\\/2025\\\/02\\\/bakan-bayraktar-mujdeyi-verdi-dogal-gaz-ve-elektrik-faturalarina-zam-yapilacak-mi-1740078212363.jpeg\",\"articleSection\":[\"G\u00fcndem\"],\"inLanguage\":\"tr\",\"potentialAction\":[{\"@type\":\"CommentAction\",\"name\":\"Comment\",\"target\":[\"https:\\\/\\\/e-ciftlik.com\\\/haberler\\\/gundem\\\/elektrik-ve-dogal-gaz-faturalarinda-zam-yok\\\/#respond\"]}]},{\"@type\":\"WebPage\",\"@id\":\"https:\\\/\\\/e-ciftlik.com\\\/haberler\\\/gundem\\\/elektrik-ve-dogal-gaz-faturalarinda-zam-yok\\\/\",\"url\":\"https:\\\/\\\/e-ciftlik.com\\\/haberler\\\/gundem\\\/elektrik-ve-dogal-gaz-faturalarinda-zam-yok\\\/\",\"name\":\"Elektrik ve Do\u011fal Gaz Faturalar\u0131nda Zam Yok! - E-&Ccedil;\u0130FTL\u0130K HABER\",\"isPartOf\":{\"@id\":\"https:\\\/\\\/e-ciftlik.com\\\/haberler\\\/#website\"},\"primaryImageOfPage\":{\"@id\":\"https:\\\/\\\/e-ciftlik.com\\\/haberler\\\/gundem\\\/elektrik-ve-dogal-gaz-faturalarinda-zam-yok\\\/#primaryimage\"},\"image\":{\"@id\":\"https:\\\/\\\/e-ciftlik.com\\\/haberler\\\/gundem\\\/elektrik-ve-dogal-gaz-faturalarinda-zam-yok\\\/#primaryimage\"},\"thumbnailUrl\":\"https:\\\/\\\/e-ciftlik.com\\\/haberler\\\/wp-content\\\/uploads\\\/2025\\\/02\\\/bakan-bayraktar-mujdeyi-verdi-dogal-gaz-ve-elektrik-faturalarina-zam-yapilacak-mi-1740078212363.jpeg\",\"datePublished\":\"2025-02-20T19:28:09+00:00\",\"description\":\"Enerji ve Tabii Kaynaklar Bakan\u0131 Bayraktar, vatanda\u015flara m\u00fcjdeli haberi vererek, bu k\u0131\u015f elektrik ve do\u011fal gaz faturalar\u0131na zam yap\u0131lmayaca\u011f\u0131n\u0131 duyurdu.\",\"breadcrumb\":{\"@id\":\"https:\\\/\\\/e-ciftlik.com\\\/haberler\\\/gundem\\\/elektrik-ve-dogal-gaz-faturalarinda-zam-yok\\\/#breadcrumb\"},\"inLanguage\":\"tr\",\"potentialAction\":[{\"@type\":\"ReadAction\",\"target\":[\"https:\\\/\\\/e-ciftlik.com\\\/haberler\\\/gundem\\\/elektrik-ve-dogal-gaz-faturalarinda-zam-yok\\\/\"]}]},{\"@type\":\"ImageObject\",\"inLanguage\":\"tr\",\"@id\":\"https:\\\/\\\/e-ciftlik.com\\\/haberler\\\/gundem\\\/elektrik-ve-dogal-gaz-faturalarinda-zam-yok\\\/#primaryimage\",\"url\":\"https:\\\/\\\/e-ciftlik.com\\\/haberler\\\/wp-content\\\/uploads\\\/2025\\\/02\\\/bakan-bayraktar-mujdeyi-verdi-dogal-gaz-ve-elektrik-faturalarina-zam-yapilacak-mi-1740078212363.jpeg\",\"contentUrl\":\"https:\\\/\\\/e-ciftlik.com\\\/haberler\\\/wp-content\\\/uploads\\\/2025\\\/02\\\/bakan-bayraktar-mujdeyi-verdi-dogal-gaz-ve-elektrik-faturalarina-zam-yapilacak-mi-1740078212363.jpeg\",\"width\":1200,\"height\":675},{\"@type\":\"BreadcrumbList\",\"@id\":\"https:\\\/\\\/e-ciftlik.com\\\/haberler\\\/gundem\\\/elektrik-ve-dogal-gaz-faturalarinda-zam-yok\\\/#breadcrumb\",\"itemListElement\":[{\"@type\":\"ListItem\",\"position\":1,\"name\":\"Anasayfa\",\"item\":\"https:\\\/\\\/e-ciftlik.com\\\/haberler\\\/\"},{\"@type\":\"ListItem\",\"position\":2,\"name\":\"Elektrik ve Do\u011fal Gaz Faturalar\u0131nda Zam Yok!\"}]},{\"@type\":\"WebSite\",\"@id\":\"https:\\\/\\\/e-ciftlik.com\\\/haberler\\\/#website\",\"url\":\"https:\\\/\\\/e-ciftlik.com\\\/haberler\\\/\",\"name\":\"E-\u00c7iftlik Haber | G\u00fcncel, Son Dakika Haberler, En Son Haber\",\"description\":\"\",\"publisher\":{\"@id\":\"https:\\\/\\\/e-ciftlik.com\\\/haberler\\\/#organization\"},\"potentialAction\":[{\"@type\":\"SearchAction\",\"target\":{\"@type\":\"EntryPoint\",\"urlTemplate\":\"https:\\\/\\\/e-ciftlik.com\\\/haberler\\\/?s={search_term_string}\"},\"query-input\":{\"@type\":\"PropertyValueSpecification\",\"valueRequired\":true,\"valueName\":\"search_term_string\"}}],\"inLanguage\":\"tr\"},{\"@type\":\"Organization\",\"@id\":\"https:\\\/\\\/e-ciftlik.com\\\/haberler\\\/#organization\",\"name\":\"E-\u00c7\u0130FTL\u0130K HABER\",\"url\":\"https:\\\/\\\/e-ciftlik.com\\\/haberler\\\/\",\"logo\":{\"@type\":\"ImageObject\",\"inLanguage\":\"tr\",\"@id\":\"https:\\\/\\\/e-ciftlik.com\\\/haberler\\\/#\\\/schema\\\/logo\\\/image\\\/\",\"url\":\"https:\\\/\\\/e-ciftlik.com\\\/haberler\\\/wp-content\\\/uploads\\\/2024\\\/06\\\/cropped-cropped-favicon-1-2.png\",\"contentUrl\":\"https:\\\/\\\/e-ciftlik.com\\\/haberler\\\/wp-content\\\/uploads\\\/2024\\\/06\\\/cropped-cropped-favicon-1-2.png\",\"width\":512,\"height\":512,\"caption\":\"E-\u00c7\u0130FTL\u0130K HABER\"},\"image\":{\"@id\":\"https:\\\/\\\/e-ciftlik.com\\\/haberler\\\/#\\\/schema\\\/logo\\\/image\\\/\"},\"sameAs\":[\"https:\\\/\\\/www.facebook.com\\\/eciftlikturkiye\",\"https:\\\/\\\/x.com\\\/eciftlikresmi\",\"https:\\\/\\\/www.instagram.com\\\/eciftlikresmi\\\/\"]},{\"@type\":\"Person\",\"@id\":\"https:\\\/\\\/e-ciftlik.com\\\/haberler\\\/#\\\/schema\\\/person\\\/d2f4fee3143d7f72be82cb887d51b00a\",\"name\":\"Haber Merkezi\",\"image\":{\"@type\":\"ImageObject\",\"inLanguage\":\"tr\",\"@id\":\"https:\\\/\\\/secure.gravatar.com\\\/avatar\\\/6c27d641914e66c1d0452c92716002398782818991d86db1c2cccb531e7c7c82?s=96&d=mm&r=g\",\"url\":\"https:\\\/\\\/secure.gravatar.com\\\/avatar\\\/6c27d641914e66c1d0452c92716002398782818991d86db1c2cccb531e7c7c82?s=96&d=mm&r=g\",\"contentUrl\":\"https:\\\/\\\/secure.gravatar.com\\\/avatar\\\/6c27d641914e66c1d0452c92716002398782818991d86db1c2cccb531e7c7c82?s=96&d=mm&r=g\",\"caption\":\"Haber Merkezi\"},\"sameAs\":[\"http:\\\/\\\/e-ciftlik.com\\\/haberler\"]}]}<\/script>\n<!-- \/ Yoast SEO Premium plugin. -->","yoast_head_json":{"title":"Elektrik ve Do\u011fal Gaz Faturalar\u0131nda Zam Yok! - E-&Ccedil;\u0130FTL\u0130K HABER","description":"Enerji ve Tabii Kaynaklar Bakan\u0131 Bayraktar, vatanda\u015flara m\u00fcjdeli haberi vererek, bu k\u0131\u015f elektrik ve do\u011fal gaz faturalar\u0131na zam yap\u0131lmayaca\u011f\u0131n\u0131 duyurdu.","robots":{"index":"index","follow":"follow","max-snippet":"max-snippet:-1","max-image-preview":"max-image-preview:large","max-video-preview":"max-video-preview:-1"},"canonical":"https:\/\/e-ciftlik.com\/haberler\/gundem\/elektrik-ve-dogal-gaz-faturalarinda-zam-yok\/","og_locale":"tr_TR","og_type":"article","og_title":"Elektrik ve Do\u011fal Gaz Faturalar\u0131nda Zam Yok!","og_description":"Enerji ve Tabii Kaynaklar Bakan\u0131 Bayraktar, vatanda\u015flara m\u00fcjdeli haberi vererek, bu k\u0131\u015f elektrik ve do\u011fal gaz faturalar\u0131na zam yap\u0131lmayaca\u011f\u0131n\u0131 duyurdu.","og_url":"https:\/\/e-ciftlik.com\/haberler\/gundem\/elektrik-ve-dogal-gaz-faturalarinda-zam-yok\/","og_site_name":"E-&Ccedil;\u0130FTL\u0130K HABER","article_publisher":"https:\/\/www.facebook.com\/eciftlikturkiye","article_published_time":"2025-02-20T19:28:09+00:00","og_image":[{"width":1200,"height":675,"url":"https:\/\/e-ciftlik.com\/haberler\/wp-content\/uploads\/2025\/02\/bakan-bayraktar-mujdeyi-verdi-dogal-gaz-ve-elektrik-faturalarina-zam-yapilacak-mi-1740078212363.jpeg","type":"image\/jpeg"}],"author":"Haber Merkezi","twitter_card":"summary_large_image","twitter_creator":"@eciftlikresmi","twitter_site":"@eciftlikresmi","twitter_misc":{"Yazan:":"Haber Merkezi","Tahmini okuma s\u00fcresi":"1 dakika"},"schema":{"@context":"https:\/\/schema.org","@graph":[{"@type":"NewsArticle","@id":"https:\/\/e-ciftlik.com\/haberler\/gundem\/elektrik-ve-dogal-gaz-faturalarinda-zam-yok\/#article","isPartOf":{"@id":"https:\/\/e-ciftlik.com\/haberler\/gundem\/elektrik-ve-dogal-gaz-faturalarinda-zam-yok\/"},"author":{"name":"Haber Merkezi","@id":"https:\/\/e-ciftlik.com\/haberler\/#\/schema\/person\/d2f4fee3143d7f72be82cb887d51b00a"},"headline":"Elektrik ve Do\u011fal Gaz Faturalar\u0131nda Zam Yok!","datePublished":"2025-02-20T19:28:09+00:00","mainEntityOfPage":{"@id":"https:\/\/e-ciftlik.com\/haberler\/gundem\/elektrik-ve-dogal-gaz-faturalarinda-zam-yok\/"},"wordCount":124,"commentCount":0,"publisher":{"@id":"https:\/\/e-ciftlik.com\/haberler\/#organization"},"image":{"@id":"https:\/\/e-ciftlik.com\/haberler\/gundem\/elektrik-ve-dogal-gaz-faturalarinda-zam-yok\/#primaryimage"},"thumbnailUrl":"https:\/\/e-ciftlik.com\/haberler\/wp-content\/uploads\/2025\/02\/bakan-bayraktar-mujdeyi-verdi-dogal-gaz-ve-elektrik-faturalarina-zam-yapilacak-mi-1740078212363.jpeg","articleSection":["G\u00fcndem"],"inLanguage":"tr","potentialAction":[{"@type":"CommentAction","name":"Comment","target":["https:\/\/e-ciftlik.com\/haberler\/gundem\/elektrik-ve-dogal-gaz-faturalarinda-zam-yok\/#respond"]}]},{"@type":"WebPage","@id":"https:\/\/e-ciftlik.com\/haberler\/gundem\/elektrik-ve-dogal-gaz-faturalarinda-zam-yok\/","url":"https:\/\/e-ciftlik.com\/haberler\/gundem\/elektrik-ve-dogal-gaz-faturalarinda-zam-yok\/","name":"Elektrik ve Do\u011fal Gaz Faturalar\u0131nda Zam Yok! - E-&Ccedil;\u0130FTL\u0130K HABER","isPartOf":{"@id":"https:\/\/e-ciftlik.com\/haberler\/#website"},"primaryImageOfPage":{"@id":"https:\/\/e-ciftlik.com\/haberler\/gundem\/elektrik-ve-dogal-gaz-faturalarinda-zam-yok\/#primaryimage"},"image":{"@id":"https:\/\/e-ciftlik.com\/haberler\/gundem\/elektrik-ve-dogal-gaz-faturalarinda-zam-yok\/#primaryimage"},"thumbnailUrl":"https:\/\/e-ciftlik.com\/haberler\/wp-content\/uploads\/2025\/02\/bakan-bayraktar-mujdeyi-verdi-dogal-gaz-ve-elektrik-faturalarina-zam-yapilacak-mi-1740078212363.jpeg","datePublished":"2025-02-20T19:28:09+00:00","description":"Enerji ve Tabii Kaynaklar Bakan\u0131 Bayraktar, vatanda\u015flara m\u00fcjdeli haberi vererek, bu k\u0131\u015f elektrik ve do\u011fal gaz faturalar\u0131na zam yap\u0131lmayaca\u011f\u0131n\u0131 duyurdu.","breadcrumb":{"@id":"https:\/\/e-ciftlik.com\/haberler\/gundem\/elektrik-ve-dogal-gaz-faturalarinda-zam-yok\/#breadcrumb"},"inLanguage":"tr","potentialAction":[{"@type":"ReadAction","target":["https:\/\/e-ciftlik.com\/haberler\/gundem\/elektrik-ve-dogal-gaz-faturalarinda-zam-yok\/"]}]},{"@type":"ImageObject","inLanguage":"tr","@id":"https:\/\/e-ciftlik.com\/haberler\/gundem\/elektrik-ve-dogal-gaz-faturalarinda-zam-yok\/#primaryimage","url":"https:\/\/e-ciftlik.com\/haberler\/wp-content\/uploads\/2025\/02\/bakan-bayraktar-mujdeyi-verdi-dogal-gaz-ve-elektrik-faturalarina-zam-yapilacak-mi-1740078212363.jpeg","contentUrl":"https:\/\/e-ciftlik.com\/haberler\/wp-content\/uploads\/2025\/02\/bakan-bayraktar-mujdeyi-verdi-dogal-gaz-ve-elektrik-faturalarina-zam-yapilacak-mi-1740078212363.jpeg","width":1200,"height":675},{"@type":"BreadcrumbList","@id":"https:\/\/e-ciftlik.com\/haberler\/gundem\/elektrik-ve-dogal-gaz-faturalarinda-zam-yok\/#breadcrumb","itemListElement":[{"@type":"ListItem","position":1,"name":"Anasayfa","item":"https:\/\/e-ciftlik.com\/haberler\/"},{"@type":"ListItem","position":2,"name":"Elektrik ve Do\u011fal Gaz Faturalar\u0131nda Zam Yok!"}]},{"@type":"WebSite","@id":"https:\/\/e-ciftlik.com\/haberler\/#website","url":"https:\/\/e-ciftlik.com\/haberler\/","name":"E-\u00c7iftlik Haber | G\u00fcncel, Son Dakika Haberler, En Son Haber","description":"","publisher":{"@id":"https:\/\/e-ciftlik.com\/haberler\/#organization"},"potentialAction":[{"@type":"SearchAction","target":{"@type":"EntryPoint","urlTemplate":"https:\/\/e-ciftlik.com\/haberler\/?s={search_term_string}"},"query-input":{"@type":"PropertyValueSpecification","valueRequired":true,"valueName":"search_term_string"}}],"inLanguage":"tr"},{"@type":"Organization","@id":"https:\/\/e-ciftlik.com\/haberler\/#organization","name":"E-\u00c7\u0130FTL\u0130K HABER","url":"https:\/\/e-ciftlik.com\/haberler\/","logo":{"@type":"ImageObject","inLanguage":"tr","@id":"https:\/\/e-ciftlik.com\/haberler\/#\/schema\/logo\/image\/","url":"https:\/\/e-ciftlik.com\/haberler\/wp-content\/uploads\/2024\/06\/cropped-cropped-favicon-1-2.png","contentUrl":"https:\/\/e-ciftlik.com\/haberler\/wp-content\/uploads\/2024\/06\/cropped-cropped-favicon-1-2.png","width":512,"height":512,"caption":"E-\u00c7\u0130FTL\u0130K HABER"},"image":{"@id":"https:\/\/e-ciftlik.com\/haberler\/#\/schema\/logo\/image\/"},"sameAs":["https:\/\/www.facebook.com\/eciftlikturkiye","https:\/\/x.com\/eciftlikresmi","https:\/\/www.instagram.com\/eciftlikresmi\/"]},{"@type":"Person","@id":"https:\/\/e-ciftlik.com\/haberler\/#\/schema\/person\/d2f4fee3143d7f72be82cb887d51b00a","name":"Haber Merkezi","image":{"@type":"ImageObject","inLanguage":"tr","@id":"https:\/\/secure.gravatar.com\/avatar\/6c27d641914e66c1d0452c92716002398782818991d86db1c2cccb531e7c7c82?s=96&d=mm&r=g","url":"https:\/\/secure.gravatar.com\/avatar\/6c27d641914e66c1d0452c92716002398782818991d86db1c2cccb531e7c7c82?s=96&d=mm&r=g","contentUrl":"https:\/\/secure.gravatar.com\/avatar\/6c27d641914e66c1d0452c92716002398782818991d86db1c2cccb531e7c7c82?s=96&d=mm&r=g","caption":"Haber Merkezi"},"sameAs":["http:\/\/e-ciftlik.com\/haberler"]}]}},"_links":{"self":[{"href":"https:\/\/e-ciftlik.com\/haberler\/wp-json\/wp\/v2\/posts\/82610","targetHints":{"allow":["GET"]}}],"collection":[{"href":"https:\/\/e-ciftlik.com\/haberler\/wp-json\/wp\/v2\/posts"}],"about":[{"href":"https:\/\/e-ciftlik.com\/haberler\/wp-json\/wp\/v2\/types\/post"}],"author":[{"embeddable":true,"href":"https:\/\/e-ciftlik.com\/haberler\/wp-json\/wp\/v2\/users\/1"}],"replies":[{"embeddable":true,"href":"https:\/\/e-ciftlik.com\/haberler\/wp-json\/wp\/v2\/comments?post=82610"}],"version-history":[{"count":0,"href":"https:\/\/e-ciftlik.com\/haberler\/wp-json\/wp\/v2\/posts\/82610\/revisions"}],"wp:featuredmedia":[{"embeddable":true,"href":"https:\/\/e-ciftlik.com\/haberler\/wp-json\/wp\/v2\/media\/82611"}],"wp:attachment":[{"href":"https:\/\/e-ciftlik.com\/haberler\/wp-json\/wp\/v2\/media?parent=82610"}],"wp:term":[{"taxonomy":"category","embeddable":true,"href":"https:\/\/e-ciftlik.com\/haberler\/wp-json\/wp\/v2\/categories?post=82610"},{"taxonomy":"post_tag","embeddable":true,"href":"https:\/\/e-ciftlik.com\/haberler\/wp-json\/wp\/v2\/tags?post=82610"}],"curies":[{"name":"wp","href":"https:\/\/api.w.org\/{rel}","templated":true}]}}