{"id":82647,"date":"2025-02-20T13:36:00","date_gmt":"2025-02-20T13:36:00","guid":{"rendered":"https:\/\/e-ciftlik.com\/haberler\/tarim\/kadirli-kaymakami-turp-ureticileriyle-bulustu\/"},"modified":"2025-02-20T13:36:00","modified_gmt":"2025-02-20T13:36:00","slug":"kadirli-kaymakami-turp-ureticileriyle-bulustu","status":"publish","type":"post","link":"https:\/\/e-ciftlik.com\/haberler\/tarim\/kadirli-kaymakami-turp-ureticileriyle-bulustu\/","title":{"rendered":"Kadirli Kaymakam\u0131 Turp \u00dcreticileriyle Bulu\u015ftu"},"content":{"rendered":"<p>Kadirli il\u00e7esinde turp \u00fcreticileriyle bir araya gelen Kaymakam Erdin\u00e7 Dolu, T\u00fcrkiye&#8217;nin turp ihtiyac\u0131n\u0131n b\u00fcy\u00fck bir k\u0131sm\u0131n\u0131n kar\u015f\u0131land\u0131\u011f\u0131 il\u00e7ede bulunan \u00fcreticilerle bir araya geldi. Toplant\u0131, \u0130l\u00e7e Tar\u0131m ve Orman M\u00fcd\u00fcrl\u00fc\u011f\u00fc Toplant\u0131 Salonu&#8217;nda ger\u00e7ekle\u015fti.<\/p>\n<p>Kaymakam Dolu, toplant\u0131da turp \u00fcreticilerinin sorunlar\u0131n\u0131 ve taleplerini dinledi. Yapt\u0131\u011f\u0131 konu\u015fmada, co\u011frafi i\u015faret tescilli turpun toplanmas\u0131ndan y\u0131kanmas\u0131na kadar ge\u00e7en zahmetli s\u00fcrecin ard\u0131ndan sofralardaki yerini ald\u0131\u011f\u0131n\u0131 ve y\u00f6rede binlerce insana istihdam kap\u0131s\u0131 olu\u015fturdu\u011funu vurgulad\u0131.<\/p>\n<p>Dolu, \u00fcreticilerin istek ve taleplerinin \u00e7\u00f6z\u00fcm\u00fc konusunda gerekli deste\u011fi sa\u011flayacaklar\u0131n\u0131 belirtti. Turp \u00fcreticileri de Kaymakam Dolu&#8217;ya desteklerinden dolay\u0131 te\u015fekk\u00fcr ettiler.<\/p>\n","protected":false},"excerpt":{"rendered":"<p>Kadirli il\u00e7esinde turp \u00fcreticileriyle bir araya gelen Kaymakam Erdin\u00e7 Dolu, T\u00fcrkiye&#8217;nin turp ihtiyac\u0131n\u0131n b\u00fcy\u00fck bir&hellip;<\/p>\n","protected":false},"author":1,"featured_media":82648,"comment_status":"open","ping_status":"open","sticky":false,"template":"","format":"standard","meta":{"footnotes":""},"categories":[9],"tags":[],"class_list":["post-82647","post","type-post","status-publish","format-standard","has-post-thumbnail","hentry","category-tarim"],"yoast_head":"<!-- This site is optimized with the Yoast SEO Premium plugin v24.3 (Yoast SEO v27.4) - https:\/\/yoast.com\/product\/yoast-seo-premium-wordpress\/ -->\n<title>Kadirli Kaymakam\u0131 Turp \u00dcreticileriyle Bulu\u015ftu - E-&Ccedil;\u0130FTL\u0130K HABER<\/title>\n<meta name=\"description\" content=\"Kadirli il\u00e7esinde turp \u00fcreticileriyle bir araya gelen Kaymakam Erdin\u00e7 Dolu, T\u00fcrkiye&#039;nin turp ihtiyac\u0131n\u0131n b\u00fcy\u00fck bir k\u0131sm\u0131n\u0131n kar\u015f\u0131land\u0131\u011f\u0131 il\u00e7ede bulunan\" \/>\n<meta name=\"robots\" content=\"index, follow, max-snippet:-1, max-image-preview:large, max-video-preview:-1\" \/>\n<link rel=\"canonical\" href=\"https:\/\/e-ciftlik.com\/haberler\/tarim\/kadirli-kaymakami-turp-ureticileriyle-bulustu\/\" \/>\n<meta property=\"og:locale\" content=\"tr_TR\" \/>\n<meta property=\"og:type\" content=\"article\" \/>\n<meta property=\"og:title\" content=\"Kadirli Kaymakam\u0131 Turp \u00dcreticileriyle Bulu\u015ftu\" \/>\n<meta property=\"og:description\" content=\"Kadirli il\u00e7esinde turp \u00fcreticileriyle bir araya gelen Kaymakam Erdin\u00e7 Dolu, T\u00fcrkiye&#039;nin turp ihtiyac\u0131n\u0131n b\u00fcy\u00fck bir k\u0131sm\u0131n\u0131n kar\u015f\u0131land\u0131\u011f\u0131 il\u00e7ede bulunan\" \/>\n<meta property=\"og:url\" content=\"https:\/\/e-ciftlik.com\/haberler\/tarim\/kadirli-kaymakami-turp-ureticileriyle-bulustu\/\" \/>\n<meta property=\"og:site_name\" content=\"E-&Ccedil;\u0130FTL\u0130K HABER\" \/>\n<meta property=\"article:publisher\" content=\"https:\/\/www.facebook.com\/eciftlikturkiye\" \/>\n<meta property=\"article:published_time\" content=\"2025-02-20T13:36:00+00:00\" \/>\n<meta property=\"og:image\" content=\"https:\/\/e-ciftlik.com\/haberler\/wp-content\/uploads\/2025\/02\/kadirli-kaymakami-erdinc-dolu-turp-ureticiler-18397005_amp.jpg\" \/>\n\t<meta property=\"og:image:width\" content=\"1200\" \/>\n\t<meta property=\"og:image:height\" content=\"800\" \/>\n\t<meta property=\"og:image:type\" content=\"image\/jpeg\" \/>\n<meta name=\"author\" content=\"Haber Merkezi\" \/>\n<meta name=\"twitter:card\" content=\"summary_large_image\" \/>\n<meta name=\"twitter:creator\" content=\"@eciftlikresmi\" \/>\n<meta name=\"twitter:site\" content=\"@eciftlikresmi\" \/>\n<meta name=\"twitter:label1\" content=\"Yazan:\" \/>\n\t<meta name=\"twitter:data1\" content=\"Haber Merkezi\" \/>\n\t<meta name=\"twitter:label2\" content=\"Tahmini okuma s\u00fcresi\" \/>\n\t<meta name=\"twitter:data2\" content=\"1 dakika\" \/>\n<script type=\"application\/ld+json\" class=\"yoast-schema-graph\">{\"@context\":\"https:\\\/\\\/schema.org\",\"@graph\":[{\"@type\":\"NewsArticle\",\"@id\":\"https:\\\/\\\/e-ciftlik.com\\\/haberler\\\/tarim\\\/kadirli-kaymakami-turp-ureticileriyle-bulustu\\\/#article\",\"isPartOf\":{\"@id\":\"https:\\\/\\\/e-ciftlik.com\\\/haberler\\\/tarim\\\/kadirli-kaymakami-turp-ureticileriyle-bulustu\\\/\"},\"author\":{\"name\":\"Haber Merkezi\",\"@id\":\"https:\\\/\\\/e-ciftlik.com\\\/haberler\\\/#\\\/schema\\\/person\\\/d2f4fee3143d7f72be82cb887d51b00a\"},\"headline\":\"Kadirli Kaymakam\u0131 Turp \u00dcreticileriyle Bulu\u015ftu\",\"datePublished\":\"2025-02-20T13:36:00+00:00\",\"mainEntityOfPage\":{\"@id\":\"https:\\\/\\\/e-ciftlik.com\\\/haberler\\\/tarim\\\/kadirli-kaymakami-turp-ureticileriyle-bulustu\\\/\"},\"wordCount\":133,\"commentCount\":0,\"publisher\":{\"@id\":\"https:\\\/\\\/e-ciftlik.com\\\/haberler\\\/#organization\"},\"image\":{\"@id\":\"https:\\\/\\\/e-ciftlik.com\\\/haberler\\\/tarim\\\/kadirli-kaymakami-turp-ureticileriyle-bulustu\\\/#primaryimage\"},\"thumbnailUrl\":\"https:\\\/\\\/e-ciftlik.com\\\/haberler\\\/wp-content\\\/uploads\\\/2025\\\/02\\\/kadirli-kaymakami-erdinc-dolu-turp-ureticiler-18397005_amp.jpg\",\"articleSection\":[\"Tar\u0131m\"],\"inLanguage\":\"tr\",\"potentialAction\":[{\"@type\":\"CommentAction\",\"name\":\"Comment\",\"target\":[\"https:\\\/\\\/e-ciftlik.com\\\/haberler\\\/tarim\\\/kadirli-kaymakami-turp-ureticileriyle-bulustu\\\/#respond\"]}]},{\"@type\":\"WebPage\",\"@id\":\"https:\\\/\\\/e-ciftlik.com\\\/haberler\\\/tarim\\\/kadirli-kaymakami-turp-ureticileriyle-bulustu\\\/\",\"url\":\"https:\\\/\\\/e-ciftlik.com\\\/haberler\\\/tarim\\\/kadirli-kaymakami-turp-ureticileriyle-bulustu\\\/\",\"name\":\"Kadirli Kaymakam\u0131 Turp \u00dcreticileriyle Bulu\u015ftu - E-&Ccedil;\u0130FTL\u0130K HABER\",\"isPartOf\":{\"@id\":\"https:\\\/\\\/e-ciftlik.com\\\/haberler\\\/#website\"},\"primaryImageOfPage\":{\"@id\":\"https:\\\/\\\/e-ciftlik.com\\\/haberler\\\/tarim\\\/kadirli-kaymakami-turp-ureticileriyle-bulustu\\\/#primaryimage\"},\"image\":{\"@id\":\"https:\\\/\\\/e-ciftlik.com\\\/haberler\\\/tarim\\\/kadirli-kaymakami-turp-ureticileriyle-bulustu\\\/#primaryimage\"},\"thumbnailUrl\":\"https:\\\/\\\/e-ciftlik.com\\\/haberler\\\/wp-content\\\/uploads\\\/2025\\\/02\\\/kadirli-kaymakami-erdinc-dolu-turp-ureticiler-18397005_amp.jpg\",\"datePublished\":\"2025-02-20T13:36:00+00:00\",\"description\":\"Kadirli il\u00e7esinde turp \u00fcreticileriyle bir araya gelen Kaymakam Erdin\u00e7 Dolu, T\u00fcrkiye'nin turp ihtiyac\u0131n\u0131n b\u00fcy\u00fck bir k\u0131sm\u0131n\u0131n kar\u015f\u0131land\u0131\u011f\u0131 il\u00e7ede bulunan\",\"breadcrumb\":{\"@id\":\"https:\\\/\\\/e-ciftlik.com\\\/haberler\\\/tarim\\\/kadirli-kaymakami-turp-ureticileriyle-bulustu\\\/#breadcrumb\"},\"inLanguage\":\"tr\",\"potentialAction\":[{\"@type\":\"ReadAction\",\"target\":[\"https:\\\/\\\/e-ciftlik.com\\\/haberler\\\/tarim\\\/kadirli-kaymakami-turp-ureticileriyle-bulustu\\\/\"]}]},{\"@type\":\"ImageObject\",\"inLanguage\":\"tr\",\"@id\":\"https:\\\/\\\/e-ciftlik.com\\\/haberler\\\/tarim\\\/kadirli-kaymakami-turp-ureticileriyle-bulustu\\\/#primaryimage\",\"url\":\"https:\\\/\\\/e-ciftlik.com\\\/haberler\\\/wp-content\\\/uploads\\\/2025\\\/02\\\/kadirli-kaymakami-erdinc-dolu-turp-ureticiler-18397005_amp.jpg\",\"contentUrl\":\"https:\\\/\\\/e-ciftlik.com\\\/haberler\\\/wp-content\\\/uploads\\\/2025\\\/02\\\/kadirli-kaymakami-erdinc-dolu-turp-ureticiler-18397005_amp.jpg\",\"width\":1200,\"height\":800},{\"@type\":\"BreadcrumbList\",\"@id\":\"https:\\\/\\\/e-ciftlik.com\\\/haberler\\\/tarim\\\/kadirli-kaymakami-turp-ureticileriyle-bulustu\\\/#breadcrumb\",\"itemListElement\":[{\"@type\":\"ListItem\",\"position\":1,\"name\":\"Anasayfa\",\"item\":\"https:\\\/\\\/e-ciftlik.com\\\/haberler\\\/\"},{\"@type\":\"ListItem\",\"position\":2,\"name\":\"Kadirli Kaymakam\u0131 Turp \u00dcreticileriyle Bulu\u015ftu\"}]},{\"@type\":\"WebSite\",\"@id\":\"https:\\\/\\\/e-ciftlik.com\\\/haberler\\\/#website\",\"url\":\"https:\\\/\\\/e-ciftlik.com\\\/haberler\\\/\",\"name\":\"E-\u00c7iftlik Haber | G\u00fcncel, Son Dakika Haberler, En Son Haber\",\"description\":\"\",\"publisher\":{\"@id\":\"https:\\\/\\\/e-ciftlik.com\\\/haberler\\\/#organization\"},\"potentialAction\":[{\"@type\":\"SearchAction\",\"target\":{\"@type\":\"EntryPoint\",\"urlTemplate\":\"https:\\\/\\\/e-ciftlik.com\\\/haberler\\\/?s={search_term_string}\"},\"query-input\":{\"@type\":\"PropertyValueSpecification\",\"valueRequired\":true,\"valueName\":\"search_term_string\"}}],\"inLanguage\":\"tr\"},{\"@type\":\"Organization\",\"@id\":\"https:\\\/\\\/e-ciftlik.com\\\/haberler\\\/#organization\",\"name\":\"E-\u00c7\u0130FTL\u0130K HABER\",\"url\":\"https:\\\/\\\/e-ciftlik.com\\\/haberler\\\/\",\"logo\":{\"@type\":\"ImageObject\",\"inLanguage\":\"tr\",\"@id\":\"https:\\\/\\\/e-ciftlik.com\\\/haberler\\\/#\\\/schema\\\/logo\\\/image\\\/\",\"url\":\"https:\\\/\\\/e-ciftlik.com\\\/haberler\\\/wp-content\\\/uploads\\\/2024\\\/06\\\/cropped-cropped-favicon-1-2.png\",\"contentUrl\":\"https:\\\/\\\/e-ciftlik.com\\\/haberler\\\/wp-content\\\/uploads\\\/2024\\\/06\\\/cropped-cropped-favicon-1-2.png\",\"width\":512,\"height\":512,\"caption\":\"E-\u00c7\u0130FTL\u0130K HABER\"},\"image\":{\"@id\":\"https:\\\/\\\/e-ciftlik.com\\\/haberler\\\/#\\\/schema\\\/logo\\\/image\\\/\"},\"sameAs\":[\"https:\\\/\\\/www.facebook.com\\\/eciftlikturkiye\",\"https:\\\/\\\/x.com\\\/eciftlikresmi\",\"https:\\\/\\\/www.instagram.com\\\/eciftlikresmi\\\/\"]},{\"@type\":\"Person\",\"@id\":\"https:\\\/\\\/e-ciftlik.com\\\/haberler\\\/#\\\/schema\\\/person\\\/d2f4fee3143d7f72be82cb887d51b00a\",\"name\":\"Haber Merkezi\",\"image\":{\"@type\":\"ImageObject\",\"inLanguage\":\"tr\",\"@id\":\"https:\\\/\\\/secure.gravatar.com\\\/avatar\\\/6c27d641914e66c1d0452c92716002398782818991d86db1c2cccb531e7c7c82?s=96&d=mm&r=g\",\"url\":\"https:\\\/\\\/secure.gravatar.com\\\/avatar\\\/6c27d641914e66c1d0452c92716002398782818991d86db1c2cccb531e7c7c82?s=96&d=mm&r=g\",\"contentUrl\":\"https:\\\/\\\/secure.gravatar.com\\\/avatar\\\/6c27d641914e66c1d0452c92716002398782818991d86db1c2cccb531e7c7c82?s=96&d=mm&r=g\",\"caption\":\"Haber Merkezi\"},\"sameAs\":[\"http:\\\/\\\/e-ciftlik.com\\\/haberler\"]}]}<\/script>\n<!-- \/ Yoast SEO Premium plugin. -->","yoast_head_json":{"title":"Kadirli Kaymakam\u0131 Turp \u00dcreticileriyle Bulu\u015ftu - E-&Ccedil;\u0130FTL\u0130K HABER","description":"Kadirli il\u00e7esinde turp \u00fcreticileriyle bir araya gelen Kaymakam Erdin\u00e7 Dolu, T\u00fcrkiye'nin turp ihtiyac\u0131n\u0131n b\u00fcy\u00fck bir k\u0131sm\u0131n\u0131n kar\u015f\u0131land\u0131\u011f\u0131 il\u00e7ede bulunan","robots":{"index":"index","follow":"follow","max-snippet":"max-snippet:-1","max-image-preview":"max-image-preview:large","max-video-preview":"max-video-preview:-1"},"canonical":"https:\/\/e-ciftlik.com\/haberler\/tarim\/kadirli-kaymakami-turp-ureticileriyle-bulustu\/","og_locale":"tr_TR","og_type":"article","og_title":"Kadirli Kaymakam\u0131 Turp \u00dcreticileriyle Bulu\u015ftu","og_description":"Kadirli il\u00e7esinde turp \u00fcreticileriyle bir araya gelen Kaymakam Erdin\u00e7 Dolu, T\u00fcrkiye'nin turp ihtiyac\u0131n\u0131n b\u00fcy\u00fck bir k\u0131sm\u0131n\u0131n kar\u015f\u0131land\u0131\u011f\u0131 il\u00e7ede bulunan","og_url":"https:\/\/e-ciftlik.com\/haberler\/tarim\/kadirli-kaymakami-turp-ureticileriyle-bulustu\/","og_site_name":"E-&Ccedil;\u0130FTL\u0130K HABER","article_publisher":"https:\/\/www.facebook.com\/eciftlikturkiye","article_published_time":"2025-02-20T13:36:00+00:00","og_image":[{"width":1200,"height":800,"url":"https:\/\/e-ciftlik.com\/haberler\/wp-content\/uploads\/2025\/02\/kadirli-kaymakami-erdinc-dolu-turp-ureticiler-18397005_amp.jpg","type":"image\/jpeg"}],"author":"Haber Merkezi","twitter_card":"summary_large_image","twitter_creator":"@eciftlikresmi","twitter_site":"@eciftlikresmi","twitter_misc":{"Yazan:":"Haber Merkezi","Tahmini okuma s\u00fcresi":"1 dakika"},"schema":{"@context":"https:\/\/schema.org","@graph":[{"@type":"NewsArticle","@id":"https:\/\/e-ciftlik.com\/haberler\/tarim\/kadirli-kaymakami-turp-ureticileriyle-bulustu\/#article","isPartOf":{"@id":"https:\/\/e-ciftlik.com\/haberler\/tarim\/kadirli-kaymakami-turp-ureticileriyle-bulustu\/"},"author":{"name":"Haber Merkezi","@id":"https:\/\/e-ciftlik.com\/haberler\/#\/schema\/person\/d2f4fee3143d7f72be82cb887d51b00a"},"headline":"Kadirli Kaymakam\u0131 Turp \u00dcreticileriyle Bulu\u015ftu","datePublished":"2025-02-20T13:36:00+00:00","mainEntityOfPage":{"@id":"https:\/\/e-ciftlik.com\/haberler\/tarim\/kadirli-kaymakami-turp-ureticileriyle-bulustu\/"},"wordCount":133,"commentCount":0,"publisher":{"@id":"https:\/\/e-ciftlik.com\/haberler\/#organization"},"image":{"@id":"https:\/\/e-ciftlik.com\/haberler\/tarim\/kadirli-kaymakami-turp-ureticileriyle-bulustu\/#primaryimage"},"thumbnailUrl":"https:\/\/e-ciftlik.com\/haberler\/wp-content\/uploads\/2025\/02\/kadirli-kaymakami-erdinc-dolu-turp-ureticiler-18397005_amp.jpg","articleSection":["Tar\u0131m"],"inLanguage":"tr","potentialAction":[{"@type":"CommentAction","name":"Comment","target":["https:\/\/e-ciftlik.com\/haberler\/tarim\/kadirli-kaymakami-turp-ureticileriyle-bulustu\/#respond"]}]},{"@type":"WebPage","@id":"https:\/\/e-ciftlik.com\/haberler\/tarim\/kadirli-kaymakami-turp-ureticileriyle-bulustu\/","url":"https:\/\/e-ciftlik.com\/haberler\/tarim\/kadirli-kaymakami-turp-ureticileriyle-bulustu\/","name":"Kadirli Kaymakam\u0131 Turp \u00dcreticileriyle Bulu\u015ftu - E-&Ccedil;\u0130FTL\u0130K HABER","isPartOf":{"@id":"https:\/\/e-ciftlik.com\/haberler\/#website"},"primaryImageOfPage":{"@id":"https:\/\/e-ciftlik.com\/haberler\/tarim\/kadirli-kaymakami-turp-ureticileriyle-bulustu\/#primaryimage"},"image":{"@id":"https:\/\/e-ciftlik.com\/haberler\/tarim\/kadirli-kaymakami-turp-ureticileriyle-bulustu\/#primaryimage"},"thumbnailUrl":"https:\/\/e-ciftlik.com\/haberler\/wp-content\/uploads\/2025\/02\/kadirli-kaymakami-erdinc-dolu-turp-ureticiler-18397005_amp.jpg","datePublished":"2025-02-20T13:36:00+00:00","description":"Kadirli il\u00e7esinde turp \u00fcreticileriyle bir araya gelen Kaymakam Erdin\u00e7 Dolu, T\u00fcrkiye'nin turp ihtiyac\u0131n\u0131n b\u00fcy\u00fck bir k\u0131sm\u0131n\u0131n kar\u015f\u0131land\u0131\u011f\u0131 il\u00e7ede bulunan","breadcrumb":{"@id":"https:\/\/e-ciftlik.com\/haberler\/tarim\/kadirli-kaymakami-turp-ureticileriyle-bulustu\/#breadcrumb"},"inLanguage":"tr","potentialAction":[{"@type":"ReadAction","target":["https:\/\/e-ciftlik.com\/haberler\/tarim\/kadirli-kaymakami-turp-ureticileriyle-bulustu\/"]}]},{"@type":"ImageObject","inLanguage":"tr","@id":"https:\/\/e-ciftlik.com\/haberler\/tarim\/kadirli-kaymakami-turp-ureticileriyle-bulustu\/#primaryimage","url":"https:\/\/e-ciftlik.com\/haberler\/wp-content\/uploads\/2025\/02\/kadirli-kaymakami-erdinc-dolu-turp-ureticiler-18397005_amp.jpg","contentUrl":"https:\/\/e-ciftlik.com\/haberler\/wp-content\/uploads\/2025\/02\/kadirli-kaymakami-erdinc-dolu-turp-ureticiler-18397005_amp.jpg","width":1200,"height":800},{"@type":"BreadcrumbList","@id":"https:\/\/e-ciftlik.com\/haberler\/tarim\/kadirli-kaymakami-turp-ureticileriyle-bulustu\/#breadcrumb","itemListElement":[{"@type":"ListItem","position":1,"name":"Anasayfa","item":"https:\/\/e-ciftlik.com\/haberler\/"},{"@type":"ListItem","position":2,"name":"Kadirli Kaymakam\u0131 Turp \u00dcreticileriyle Bulu\u015ftu"}]},{"@type":"WebSite","@id":"https:\/\/e-ciftlik.com\/haberler\/#website","url":"https:\/\/e-ciftlik.com\/haberler\/","name":"E-\u00c7iftlik Haber | G\u00fcncel, Son Dakika Haberler, En Son Haber","description":"","publisher":{"@id":"https:\/\/e-ciftlik.com\/haberler\/#organization"},"potentialAction":[{"@type":"SearchAction","target":{"@type":"EntryPoint","urlTemplate":"https:\/\/e-ciftlik.com\/haberler\/?s={search_term_string}"},"query-input":{"@type":"PropertyValueSpecification","valueRequired":true,"valueName":"search_term_string"}}],"inLanguage":"tr"},{"@type":"Organization","@id":"https:\/\/e-ciftlik.com\/haberler\/#organization","name":"E-\u00c7\u0130FTL\u0130K HABER","url":"https:\/\/e-ciftlik.com\/haberler\/","logo":{"@type":"ImageObject","inLanguage":"tr","@id":"https:\/\/e-ciftlik.com\/haberler\/#\/schema\/logo\/image\/","url":"https:\/\/e-ciftlik.com\/haberler\/wp-content\/uploads\/2024\/06\/cropped-cropped-favicon-1-2.png","contentUrl":"https:\/\/e-ciftlik.com\/haberler\/wp-content\/uploads\/2024\/06\/cropped-cropped-favicon-1-2.png","width":512,"height":512,"caption":"E-\u00c7\u0130FTL\u0130K HABER"},"image":{"@id":"https:\/\/e-ciftlik.com\/haberler\/#\/schema\/logo\/image\/"},"sameAs":["https:\/\/www.facebook.com\/eciftlikturkiye","https:\/\/x.com\/eciftlikresmi","https:\/\/www.instagram.com\/eciftlikresmi\/"]},{"@type":"Person","@id":"https:\/\/e-ciftlik.com\/haberler\/#\/schema\/person\/d2f4fee3143d7f72be82cb887d51b00a","name":"Haber Merkezi","image":{"@type":"ImageObject","inLanguage":"tr","@id":"https:\/\/secure.gravatar.com\/avatar\/6c27d641914e66c1d0452c92716002398782818991d86db1c2cccb531e7c7c82?s=96&d=mm&r=g","url":"https:\/\/secure.gravatar.com\/avatar\/6c27d641914e66c1d0452c92716002398782818991d86db1c2cccb531e7c7c82?s=96&d=mm&r=g","contentUrl":"https:\/\/secure.gravatar.com\/avatar\/6c27d641914e66c1d0452c92716002398782818991d86db1c2cccb531e7c7c82?s=96&d=mm&r=g","caption":"Haber Merkezi"},"sameAs":["http:\/\/e-ciftlik.com\/haberler"]}]}},"_links":{"self":[{"href":"https:\/\/e-ciftlik.com\/haberler\/wp-json\/wp\/v2\/posts\/82647","targetHints":{"allow":["GET"]}}],"collection":[{"href":"https:\/\/e-ciftlik.com\/haberler\/wp-json\/wp\/v2\/posts"}],"about":[{"href":"https:\/\/e-ciftlik.com\/haberler\/wp-json\/wp\/v2\/types\/post"}],"author":[{"embeddable":true,"href":"https:\/\/e-ciftlik.com\/haberler\/wp-json\/wp\/v2\/users\/1"}],"replies":[{"embeddable":true,"href":"https:\/\/e-ciftlik.com\/haberler\/wp-json\/wp\/v2\/comments?post=82647"}],"version-history":[{"count":0,"href":"https:\/\/e-ciftlik.com\/haberler\/wp-json\/wp\/v2\/posts\/82647\/revisions"}],"wp:featuredmedia":[{"embeddable":true,"href":"https:\/\/e-ciftlik.com\/haberler\/wp-json\/wp\/v2\/media\/82648"}],"wp:attachment":[{"href":"https:\/\/e-ciftlik.com\/haberler\/wp-json\/wp\/v2\/media?parent=82647"}],"wp:term":[{"taxonomy":"category","embeddable":true,"href":"https:\/\/e-ciftlik.com\/haberler\/wp-json\/wp\/v2\/categories?post=82647"},{"taxonomy":"post_tag","embeddable":true,"href":"https:\/\/e-ciftlik.com\/haberler\/wp-json\/wp\/v2\/tags?post=82647"}],"curies":[{"name":"wp","href":"https:\/\/api.w.org\/{rel}","templated":true}]}}