{"id":82649,"date":"2025-02-20T22:00:35","date_gmt":"2025-02-20T22:00:35","guid":{"rendered":"http:\/\/e-ciftlik.com\/haberler\/dizi\/kiana-madeira-disneyta-malcolmun-kiz-arkadasi-olacak\/"},"modified":"2025-02-20T22:00:35","modified_gmt":"2025-02-20T22:00:35","slug":"kiana-madeira-disneyta-malcolmun-kiz-arkadasi-olacak","status":"publish","type":"post","link":"https:\/\/e-ciftlik.com\/haberler\/dizi\/kiana-madeira-disneyta-malcolmun-kiz-arkadasi-olacak\/","title":{"rendered":"Kiana Madeira, Disney+&#8217;ta Malcolm&#8217;un k\u0131z arkada\u015f\u0131 olacak!"},"content":{"rendered":"<p>&#8220;Malcolm in the Middle&#8221; dizisinin yeni versiyonu i\u00e7in Kiana Madeira, ba\u015frolde oynayacak.<\/p>\n<p>Disney+ platformunda yay\u0131nlanacak olan &#8220;Malcolm in the Middle&#8221; dizisinin kadrosu geni\u015fliyor. Variety&#8217;nin \u00f6zel haberine g\u00f6re, Kiana Madeira, dizide Frankie Muniz, Bryan Cranston ve Jane Kaczmarek ile birlikte ba\u015frollerden birini \u00fcstlenecek. Disney Branded Television taraf\u0131ndan haz\u0131rlanan dizi, Aral\u0131k ay\u0131nda d\u00f6rt b\u00f6l\u00fcm i\u00e7in onay alm\u0131\u015ft\u0131.<\/p>\n<p>Resmi a\u00e7\u0131klamaya g\u00f6re, Madeira, Malcolm&#8217;un k\u0131z arkada\u015f\u0131 olan Tristan karakterini canland\u0131racak. Bu karakter, Malcolm&#8217;un seviyesinin olduk\u00e7a \u00fcst\u00fcnde g\u00f6r\u00fcnecek. Dizi, Malcolm&#8217;un ailesinin 40. evlilik y\u0131ld\u00f6n\u00fcm\u00fc partisine kat\u0131lmas\u0131yla ba\u015flayacak ve ailenin ya\u015fad\u0131\u011f\u0131 kaosu konu alacak.<\/p>\n<p>Kiana Madeira, Netflix&#8217;te yay\u0131nlanan &#8220;Fear Street&#8221; film \u00fc\u00e7lemesindeki performans\u0131yla tan\u0131n\u0131yor. Di\u011fer projeleri aras\u0131nda Netflix&#8217;te yay\u0131nlanan &#8220;After&#8221; serisi ve &#8220;Brother&#8221; ile &#8220;Perfect Addiction&#8221; bulunuyor. Televizyon d\u00fcnyas\u0131nda ise &#8220;Trinkets&#8221; dizisinde ba\u015frol oynayan Madeira, &#8220;Sacred Lies&#8221; ve &#8220;The Flash&#8221; gibi dizilerde de konuk oyuncu olarak yer alm\u0131\u015ft\u0131. Ayr\u0131ca, yak\u0131n zamanda &#8220;My Adventures with Superman&#8221; adl\u0131 animasyon dizisinde Supergirl karakterine seslendirme yapm\u0131\u015ft\u0131. Gelecek projeleri aras\u0131nda Lionsgate filmi &#8220;Titan&#8221; ve ba\u011f\u0131ms\u0131z boks filmi &#8220;Baby Love&#8221; da yer al\u0131yor.<\/p>\n<p>Orijinal dizinin yarat\u0131c\u0131s\u0131 Linwood Boomer, yeni proje i\u00e7in yazar ve y\u00fcr\u00fct\u00fcc\u00fc yap\u0131mc\u0131 olarak geri d\u00f6n\u00fcyor. Bryan Cranston da yap\u0131mc\u0131lar aras\u0131nda yer alacak. D\u00f6rt b\u00f6l\u00fcm\u00fcn tamam\u0131n\u0131 y\u00f6netecek olan Ken Kwapis ise ayn\u0131 zamanda yap\u0131mc\u0131l\u0131k g\u00f6revini \u00fcstlenecek. Projenin yap\u0131mc\u0131l\u0131\u011f\u0131n\u0131 ise 20th Television ve New Regency yapacak.<\/p>\n<p>&#8220;Malcolm in the Middle&#8221;, 2000-2006 y\u0131llar\u0131 aras\u0131nda Fox&#8217;ta yay\u0131nlanm\u0131\u015f ve toplamda 151 b\u00f6l\u00fcm s\u00fcrm\u00fc\u015ft\u00fc. Orijinal kadroda Muniz, Cranston, Kaczmarek, Justin Berfield, Erik Per Sullivan ve Christopher Masterson yer almaktayd\u0131. Dizi, yay\u0131nland\u0131\u011f\u0131 d\u00f6nemde b\u00fcy\u00fck bir pop\u00fclerlik kazanm\u0131\u015f ve televizyonlarda tek kamera komedilerinin yayg\u0131nla\u015fmas\u0131na katk\u0131 sa\u011flam\u0131\u015ft\u0131. Yedi sezon boyunca toplamda 33 kez Emmy&#8217;e aday g\u00f6sterilen dizi, yedi \u00f6d\u00fcl kazanmay\u0131 ba\u015farm\u0131\u015ft\u0131.<\/p>\n","protected":false},"excerpt":{"rendered":"<p>&#8220;Malcolm in the Middle&#8221; dizisinin yeni versiyonu i\u00e7in Kiana Madeira, ba\u015frolde oynayacak. Disney+ platformunda yay\u0131nlanacak&hellip;<\/p>\n","protected":false},"author":1,"featured_media":82650,"comment_status":"open","ping_status":"open","sticky":false,"template":"","format":"standard","meta":{"footnotes":""},"categories":[13],"tags":[],"class_list":["post-82649","post","type-post","status-publish","format-standard","has-post-thumbnail","hentry","category-dizi"],"yoast_head":"<!-- This site is optimized with the Yoast SEO Premium plugin v24.3 (Yoast SEO v27.4) - https:\/\/yoast.com\/product\/yoast-seo-premium-wordpress\/ -->\n<title>Kiana Madeira, Disney+&#039;ta Malcolm&#039;un k\u0131z arkada\u015f\u0131 olacak! - E-&Ccedil;\u0130FTL\u0130K HABER<\/title>\n<meta name=\"description\" content=\"&quot;Malcolm in the Middle&quot; dizisinin yeni versiyonu i\u00e7in Kiana Madeira, ba\u015frolde oynayacak. Disney+ platformunda yay\u0131nlanacak olan &quot;Malcolm in the Middle&quot;\" \/>\n<meta name=\"robots\" content=\"index, follow, max-snippet:-1, max-image-preview:large, max-video-preview:-1\" \/>\n<link rel=\"canonical\" href=\"https:\/\/e-ciftlik.com\/haberler\/dizi\/kiana-madeira-disneyta-malcolmun-kiz-arkadasi-olacak\/\" \/>\n<meta property=\"og:locale\" content=\"tr_TR\" \/>\n<meta property=\"og:type\" content=\"article\" \/>\n<meta property=\"og:title\" content=\"Kiana Madeira, Disney+&#039;ta Malcolm&#039;un k\u0131z arkada\u015f\u0131 olacak!\" \/>\n<meta property=\"og:description\" content=\"&quot;Malcolm in the Middle&quot; dizisinin yeni versiyonu i\u00e7in Kiana Madeira, ba\u015frolde oynayacak. Disney+ platformunda yay\u0131nlanacak olan &quot;Malcolm in the Middle&quot;\" \/>\n<meta property=\"og:url\" content=\"https:\/\/e-ciftlik.com\/haberler\/dizi\/kiana-madeira-disneyta-malcolmun-kiz-arkadasi-olacak\/\" \/>\n<meta property=\"og:site_name\" content=\"E-&Ccedil;\u0130FTL\u0130K HABER\" \/>\n<meta property=\"article:publisher\" content=\"https:\/\/www.facebook.com\/eciftlikturkiye\" \/>\n<meta property=\"article:published_time\" content=\"2025-02-20T22:00:35+00:00\" \/>\n<meta property=\"og:image\" content=\"https:\/\/e-ciftlik.com\/haberler\/wp-content\/uploads\/2025\/02\/5c8ba10f917d952ee92a08a09e4f2fef.png\" \/>\n\t<meta property=\"og:image:width\" content=\"1280\" \/>\n\t<meta property=\"og:image:height\" content=\"720\" \/>\n\t<meta property=\"og:image:type\" content=\"image\/png\" \/>\n<meta name=\"author\" content=\"Haber Merkezi\" \/>\n<meta name=\"twitter:card\" content=\"summary_large_image\" \/>\n<meta name=\"twitter:creator\" content=\"@eciftlikresmi\" \/>\n<meta name=\"twitter:site\" content=\"@eciftlikresmi\" \/>\n<meta name=\"twitter:label1\" content=\"Yazan:\" \/>\n\t<meta name=\"twitter:data1\" content=\"Haber Merkezi\" \/>\n\t<meta name=\"twitter:label2\" content=\"Tahmini okuma s\u00fcresi\" \/>\n\t<meta name=\"twitter:data2\" content=\"2 dakika\" \/>\n<script type=\"application\/ld+json\" class=\"yoast-schema-graph\">{\"@context\":\"https:\\\/\\\/schema.org\",\"@graph\":[{\"@type\":\"NewsArticle\",\"@id\":\"https:\\\/\\\/e-ciftlik.com\\\/haberler\\\/dizi\\\/kiana-madeira-disneyta-malcolmun-kiz-arkadasi-olacak\\\/#article\",\"isPartOf\":{\"@id\":\"https:\\\/\\\/e-ciftlik.com\\\/haberler\\\/dizi\\\/kiana-madeira-disneyta-malcolmun-kiz-arkadasi-olacak\\\/\"},\"author\":{\"name\":\"Haber Merkezi\",\"@id\":\"https:\\\/\\\/e-ciftlik.com\\\/haberler\\\/#\\\/schema\\\/person\\\/d2f4fee3143d7f72be82cb887d51b00a\"},\"headline\":\"Kiana Madeira, Disney+&#8217;ta Malcolm&#8217;un k\u0131z arkada\u015f\u0131 olacak!\",\"datePublished\":\"2025-02-20T22:00:35+00:00\",\"mainEntityOfPage\":{\"@id\":\"https:\\\/\\\/e-ciftlik.com\\\/haberler\\\/dizi\\\/kiana-madeira-disneyta-malcolmun-kiz-arkadasi-olacak\\\/\"},\"wordCount\":372,\"commentCount\":0,\"publisher\":{\"@id\":\"https:\\\/\\\/e-ciftlik.com\\\/haberler\\\/#organization\"},\"image\":{\"@id\":\"https:\\\/\\\/e-ciftlik.com\\\/haberler\\\/dizi\\\/kiana-madeira-disneyta-malcolmun-kiz-arkadasi-olacak\\\/#primaryimage\"},\"thumbnailUrl\":\"https:\\\/\\\/e-ciftlik.com\\\/haberler\\\/wp-content\\\/uploads\\\/2025\\\/02\\\/5c8ba10f917d952ee92a08a09e4f2fef.png\",\"articleSection\":[\"Dizi\"],\"inLanguage\":\"tr\",\"potentialAction\":[{\"@type\":\"CommentAction\",\"name\":\"Comment\",\"target\":[\"https:\\\/\\\/e-ciftlik.com\\\/haberler\\\/dizi\\\/kiana-madeira-disneyta-malcolmun-kiz-arkadasi-olacak\\\/#respond\"]}]},{\"@type\":\"WebPage\",\"@id\":\"https:\\\/\\\/e-ciftlik.com\\\/haberler\\\/dizi\\\/kiana-madeira-disneyta-malcolmun-kiz-arkadasi-olacak\\\/\",\"url\":\"https:\\\/\\\/e-ciftlik.com\\\/haberler\\\/dizi\\\/kiana-madeira-disneyta-malcolmun-kiz-arkadasi-olacak\\\/\",\"name\":\"Kiana Madeira, Disney+'ta Malcolm'un k\u0131z arkada\u015f\u0131 olacak! - E-&Ccedil;\u0130FTL\u0130K HABER\",\"isPartOf\":{\"@id\":\"https:\\\/\\\/e-ciftlik.com\\\/haberler\\\/#website\"},\"primaryImageOfPage\":{\"@id\":\"https:\\\/\\\/e-ciftlik.com\\\/haberler\\\/dizi\\\/kiana-madeira-disneyta-malcolmun-kiz-arkadasi-olacak\\\/#primaryimage\"},\"image\":{\"@id\":\"https:\\\/\\\/e-ciftlik.com\\\/haberler\\\/dizi\\\/kiana-madeira-disneyta-malcolmun-kiz-arkadasi-olacak\\\/#primaryimage\"},\"thumbnailUrl\":\"https:\\\/\\\/e-ciftlik.com\\\/haberler\\\/wp-content\\\/uploads\\\/2025\\\/02\\\/5c8ba10f917d952ee92a08a09e4f2fef.png\",\"datePublished\":\"2025-02-20T22:00:35+00:00\",\"description\":\"\\\"Malcolm in the Middle\\\" dizisinin yeni versiyonu i\u00e7in Kiana Madeira, ba\u015frolde oynayacak. Disney+ platformunda yay\u0131nlanacak olan \\\"Malcolm in the Middle\\\"\",\"breadcrumb\":{\"@id\":\"https:\\\/\\\/e-ciftlik.com\\\/haberler\\\/dizi\\\/kiana-madeira-disneyta-malcolmun-kiz-arkadasi-olacak\\\/#breadcrumb\"},\"inLanguage\":\"tr\",\"potentialAction\":[{\"@type\":\"ReadAction\",\"target\":[\"https:\\\/\\\/e-ciftlik.com\\\/haberler\\\/dizi\\\/kiana-madeira-disneyta-malcolmun-kiz-arkadasi-olacak\\\/\"]}]},{\"@type\":\"ImageObject\",\"inLanguage\":\"tr\",\"@id\":\"https:\\\/\\\/e-ciftlik.com\\\/haberler\\\/dizi\\\/kiana-madeira-disneyta-malcolmun-kiz-arkadasi-olacak\\\/#primaryimage\",\"url\":\"https:\\\/\\\/e-ciftlik.com\\\/haberler\\\/wp-content\\\/uploads\\\/2025\\\/02\\\/5c8ba10f917d952ee92a08a09e4f2fef.png\",\"contentUrl\":\"https:\\\/\\\/e-ciftlik.com\\\/haberler\\\/wp-content\\\/uploads\\\/2025\\\/02\\\/5c8ba10f917d952ee92a08a09e4f2fef.png\",\"width\":1280,\"height\":720},{\"@type\":\"BreadcrumbList\",\"@id\":\"https:\\\/\\\/e-ciftlik.com\\\/haberler\\\/dizi\\\/kiana-madeira-disneyta-malcolmun-kiz-arkadasi-olacak\\\/#breadcrumb\",\"itemListElement\":[{\"@type\":\"ListItem\",\"position\":1,\"name\":\"Anasayfa\",\"item\":\"https:\\\/\\\/e-ciftlik.com\\\/haberler\\\/\"},{\"@type\":\"ListItem\",\"position\":2,\"name\":\"Kiana Madeira, Disney+&#8217;ta Malcolm&#8217;un k\u0131z arkada\u015f\u0131 olacak!\"}]},{\"@type\":\"WebSite\",\"@id\":\"https:\\\/\\\/e-ciftlik.com\\\/haberler\\\/#website\",\"url\":\"https:\\\/\\\/e-ciftlik.com\\\/haberler\\\/\",\"name\":\"E-\u00c7iftlik Haber | G\u00fcncel, Son Dakika Haberler, En Son Haber\",\"description\":\"\",\"publisher\":{\"@id\":\"https:\\\/\\\/e-ciftlik.com\\\/haberler\\\/#organization\"},\"potentialAction\":[{\"@type\":\"SearchAction\",\"target\":{\"@type\":\"EntryPoint\",\"urlTemplate\":\"https:\\\/\\\/e-ciftlik.com\\\/haberler\\\/?s={search_term_string}\"},\"query-input\":{\"@type\":\"PropertyValueSpecification\",\"valueRequired\":true,\"valueName\":\"search_term_string\"}}],\"inLanguage\":\"tr\"},{\"@type\":\"Organization\",\"@id\":\"https:\\\/\\\/e-ciftlik.com\\\/haberler\\\/#organization\",\"name\":\"E-\u00c7\u0130FTL\u0130K HABER\",\"url\":\"https:\\\/\\\/e-ciftlik.com\\\/haberler\\\/\",\"logo\":{\"@type\":\"ImageObject\",\"inLanguage\":\"tr\",\"@id\":\"https:\\\/\\\/e-ciftlik.com\\\/haberler\\\/#\\\/schema\\\/logo\\\/image\\\/\",\"url\":\"https:\\\/\\\/e-ciftlik.com\\\/haberler\\\/wp-content\\\/uploads\\\/2024\\\/06\\\/cropped-cropped-favicon-1-2.png\",\"contentUrl\":\"https:\\\/\\\/e-ciftlik.com\\\/haberler\\\/wp-content\\\/uploads\\\/2024\\\/06\\\/cropped-cropped-favicon-1-2.png\",\"width\":512,\"height\":512,\"caption\":\"E-\u00c7\u0130FTL\u0130K HABER\"},\"image\":{\"@id\":\"https:\\\/\\\/e-ciftlik.com\\\/haberler\\\/#\\\/schema\\\/logo\\\/image\\\/\"},\"sameAs\":[\"https:\\\/\\\/www.facebook.com\\\/eciftlikturkiye\",\"https:\\\/\\\/x.com\\\/eciftlikresmi\",\"https:\\\/\\\/www.instagram.com\\\/eciftlikresmi\\\/\"]},{\"@type\":\"Person\",\"@id\":\"https:\\\/\\\/e-ciftlik.com\\\/haberler\\\/#\\\/schema\\\/person\\\/d2f4fee3143d7f72be82cb887d51b00a\",\"name\":\"Haber Merkezi\",\"image\":{\"@type\":\"ImageObject\",\"inLanguage\":\"tr\",\"@id\":\"https:\\\/\\\/secure.gravatar.com\\\/avatar\\\/6c27d641914e66c1d0452c92716002398782818991d86db1c2cccb531e7c7c82?s=96&d=mm&r=g\",\"url\":\"https:\\\/\\\/secure.gravatar.com\\\/avatar\\\/6c27d641914e66c1d0452c92716002398782818991d86db1c2cccb531e7c7c82?s=96&d=mm&r=g\",\"contentUrl\":\"https:\\\/\\\/secure.gravatar.com\\\/avatar\\\/6c27d641914e66c1d0452c92716002398782818991d86db1c2cccb531e7c7c82?s=96&d=mm&r=g\",\"caption\":\"Haber Merkezi\"},\"sameAs\":[\"http:\\\/\\\/e-ciftlik.com\\\/haberler\"]}]}<\/script>\n<!-- \/ Yoast SEO Premium plugin. -->","yoast_head_json":{"title":"Kiana Madeira, Disney+'ta Malcolm'un k\u0131z arkada\u015f\u0131 olacak! - E-&Ccedil;\u0130FTL\u0130K HABER","description":"\"Malcolm in the Middle\" dizisinin yeni versiyonu i\u00e7in Kiana Madeira, ba\u015frolde oynayacak. Disney+ platformunda yay\u0131nlanacak olan \"Malcolm in the Middle\"","robots":{"index":"index","follow":"follow","max-snippet":"max-snippet:-1","max-image-preview":"max-image-preview:large","max-video-preview":"max-video-preview:-1"},"canonical":"https:\/\/e-ciftlik.com\/haberler\/dizi\/kiana-madeira-disneyta-malcolmun-kiz-arkadasi-olacak\/","og_locale":"tr_TR","og_type":"article","og_title":"Kiana Madeira, Disney+'ta Malcolm'un k\u0131z arkada\u015f\u0131 olacak!","og_description":"\"Malcolm in the Middle\" dizisinin yeni versiyonu i\u00e7in Kiana Madeira, ba\u015frolde oynayacak. Disney+ platformunda yay\u0131nlanacak olan \"Malcolm in the Middle\"","og_url":"https:\/\/e-ciftlik.com\/haberler\/dizi\/kiana-madeira-disneyta-malcolmun-kiz-arkadasi-olacak\/","og_site_name":"E-&Ccedil;\u0130FTL\u0130K HABER","article_publisher":"https:\/\/www.facebook.com\/eciftlikturkiye","article_published_time":"2025-02-20T22:00:35+00:00","og_image":[{"width":1280,"height":720,"url":"https:\/\/e-ciftlik.com\/haberler\/wp-content\/uploads\/2025\/02\/5c8ba10f917d952ee92a08a09e4f2fef.png","type":"image\/png"}],"author":"Haber Merkezi","twitter_card":"summary_large_image","twitter_creator":"@eciftlikresmi","twitter_site":"@eciftlikresmi","twitter_misc":{"Yazan:":"Haber Merkezi","Tahmini okuma s\u00fcresi":"2 dakika"},"schema":{"@context":"https:\/\/schema.org","@graph":[{"@type":"NewsArticle","@id":"https:\/\/e-ciftlik.com\/haberler\/dizi\/kiana-madeira-disneyta-malcolmun-kiz-arkadasi-olacak\/#article","isPartOf":{"@id":"https:\/\/e-ciftlik.com\/haberler\/dizi\/kiana-madeira-disneyta-malcolmun-kiz-arkadasi-olacak\/"},"author":{"name":"Haber Merkezi","@id":"https:\/\/e-ciftlik.com\/haberler\/#\/schema\/person\/d2f4fee3143d7f72be82cb887d51b00a"},"headline":"Kiana Madeira, Disney+&#8217;ta Malcolm&#8217;un k\u0131z arkada\u015f\u0131 olacak!","datePublished":"2025-02-20T22:00:35+00:00","mainEntityOfPage":{"@id":"https:\/\/e-ciftlik.com\/haberler\/dizi\/kiana-madeira-disneyta-malcolmun-kiz-arkadasi-olacak\/"},"wordCount":372,"commentCount":0,"publisher":{"@id":"https:\/\/e-ciftlik.com\/haberler\/#organization"},"image":{"@id":"https:\/\/e-ciftlik.com\/haberler\/dizi\/kiana-madeira-disneyta-malcolmun-kiz-arkadasi-olacak\/#primaryimage"},"thumbnailUrl":"https:\/\/e-ciftlik.com\/haberler\/wp-content\/uploads\/2025\/02\/5c8ba10f917d952ee92a08a09e4f2fef.png","articleSection":["Dizi"],"inLanguage":"tr","potentialAction":[{"@type":"CommentAction","name":"Comment","target":["https:\/\/e-ciftlik.com\/haberler\/dizi\/kiana-madeira-disneyta-malcolmun-kiz-arkadasi-olacak\/#respond"]}]},{"@type":"WebPage","@id":"https:\/\/e-ciftlik.com\/haberler\/dizi\/kiana-madeira-disneyta-malcolmun-kiz-arkadasi-olacak\/","url":"https:\/\/e-ciftlik.com\/haberler\/dizi\/kiana-madeira-disneyta-malcolmun-kiz-arkadasi-olacak\/","name":"Kiana Madeira, Disney+'ta Malcolm'un k\u0131z arkada\u015f\u0131 olacak! - E-&Ccedil;\u0130FTL\u0130K HABER","isPartOf":{"@id":"https:\/\/e-ciftlik.com\/haberler\/#website"},"primaryImageOfPage":{"@id":"https:\/\/e-ciftlik.com\/haberler\/dizi\/kiana-madeira-disneyta-malcolmun-kiz-arkadasi-olacak\/#primaryimage"},"image":{"@id":"https:\/\/e-ciftlik.com\/haberler\/dizi\/kiana-madeira-disneyta-malcolmun-kiz-arkadasi-olacak\/#primaryimage"},"thumbnailUrl":"https:\/\/e-ciftlik.com\/haberler\/wp-content\/uploads\/2025\/02\/5c8ba10f917d952ee92a08a09e4f2fef.png","datePublished":"2025-02-20T22:00:35+00:00","description":"\"Malcolm in the Middle\" dizisinin yeni versiyonu i\u00e7in Kiana Madeira, ba\u015frolde oynayacak. Disney+ platformunda yay\u0131nlanacak olan \"Malcolm in the Middle\"","breadcrumb":{"@id":"https:\/\/e-ciftlik.com\/haberler\/dizi\/kiana-madeira-disneyta-malcolmun-kiz-arkadasi-olacak\/#breadcrumb"},"inLanguage":"tr","potentialAction":[{"@type":"ReadAction","target":["https:\/\/e-ciftlik.com\/haberler\/dizi\/kiana-madeira-disneyta-malcolmun-kiz-arkadasi-olacak\/"]}]},{"@type":"ImageObject","inLanguage":"tr","@id":"https:\/\/e-ciftlik.com\/haberler\/dizi\/kiana-madeira-disneyta-malcolmun-kiz-arkadasi-olacak\/#primaryimage","url":"https:\/\/e-ciftlik.com\/haberler\/wp-content\/uploads\/2025\/02\/5c8ba10f917d952ee92a08a09e4f2fef.png","contentUrl":"https:\/\/e-ciftlik.com\/haberler\/wp-content\/uploads\/2025\/02\/5c8ba10f917d952ee92a08a09e4f2fef.png","width":1280,"height":720},{"@type":"BreadcrumbList","@id":"https:\/\/e-ciftlik.com\/haberler\/dizi\/kiana-madeira-disneyta-malcolmun-kiz-arkadasi-olacak\/#breadcrumb","itemListElement":[{"@type":"ListItem","position":1,"name":"Anasayfa","item":"https:\/\/e-ciftlik.com\/haberler\/"},{"@type":"ListItem","position":2,"name":"Kiana Madeira, Disney+&#8217;ta Malcolm&#8217;un k\u0131z arkada\u015f\u0131 olacak!"}]},{"@type":"WebSite","@id":"https:\/\/e-ciftlik.com\/haberler\/#website","url":"https:\/\/e-ciftlik.com\/haberler\/","name":"E-\u00c7iftlik Haber | G\u00fcncel, Son Dakika Haberler, En Son Haber","description":"","publisher":{"@id":"https:\/\/e-ciftlik.com\/haberler\/#organization"},"potentialAction":[{"@type":"SearchAction","target":{"@type":"EntryPoint","urlTemplate":"https:\/\/e-ciftlik.com\/haberler\/?s={search_term_string}"},"query-input":{"@type":"PropertyValueSpecification","valueRequired":true,"valueName":"search_term_string"}}],"inLanguage":"tr"},{"@type":"Organization","@id":"https:\/\/e-ciftlik.com\/haberler\/#organization","name":"E-\u00c7\u0130FTL\u0130K HABER","url":"https:\/\/e-ciftlik.com\/haberler\/","logo":{"@type":"ImageObject","inLanguage":"tr","@id":"https:\/\/e-ciftlik.com\/haberler\/#\/schema\/logo\/image\/","url":"https:\/\/e-ciftlik.com\/haberler\/wp-content\/uploads\/2024\/06\/cropped-cropped-favicon-1-2.png","contentUrl":"https:\/\/e-ciftlik.com\/haberler\/wp-content\/uploads\/2024\/06\/cropped-cropped-favicon-1-2.png","width":512,"height":512,"caption":"E-\u00c7\u0130FTL\u0130K HABER"},"image":{"@id":"https:\/\/e-ciftlik.com\/haberler\/#\/schema\/logo\/image\/"},"sameAs":["https:\/\/www.facebook.com\/eciftlikturkiye","https:\/\/x.com\/eciftlikresmi","https:\/\/www.instagram.com\/eciftlikresmi\/"]},{"@type":"Person","@id":"https:\/\/e-ciftlik.com\/haberler\/#\/schema\/person\/d2f4fee3143d7f72be82cb887d51b00a","name":"Haber Merkezi","image":{"@type":"ImageObject","inLanguage":"tr","@id":"https:\/\/secure.gravatar.com\/avatar\/6c27d641914e66c1d0452c92716002398782818991d86db1c2cccb531e7c7c82?s=96&d=mm&r=g","url":"https:\/\/secure.gravatar.com\/avatar\/6c27d641914e66c1d0452c92716002398782818991d86db1c2cccb531e7c7c82?s=96&d=mm&r=g","contentUrl":"https:\/\/secure.gravatar.com\/avatar\/6c27d641914e66c1d0452c92716002398782818991d86db1c2cccb531e7c7c82?s=96&d=mm&r=g","caption":"Haber Merkezi"},"sameAs":["http:\/\/e-ciftlik.com\/haberler"]}]}},"_links":{"self":[{"href":"https:\/\/e-ciftlik.com\/haberler\/wp-json\/wp\/v2\/posts\/82649","targetHints":{"allow":["GET"]}}],"collection":[{"href":"https:\/\/e-ciftlik.com\/haberler\/wp-json\/wp\/v2\/posts"}],"about":[{"href":"https:\/\/e-ciftlik.com\/haberler\/wp-json\/wp\/v2\/types\/post"}],"author":[{"embeddable":true,"href":"https:\/\/e-ciftlik.com\/haberler\/wp-json\/wp\/v2\/users\/1"}],"replies":[{"embeddable":true,"href":"https:\/\/e-ciftlik.com\/haberler\/wp-json\/wp\/v2\/comments?post=82649"}],"version-history":[{"count":0,"href":"https:\/\/e-ciftlik.com\/haberler\/wp-json\/wp\/v2\/posts\/82649\/revisions"}],"wp:featuredmedia":[{"embeddable":true,"href":"https:\/\/e-ciftlik.com\/haberler\/wp-json\/wp\/v2\/media\/82650"}],"wp:attachment":[{"href":"https:\/\/e-ciftlik.com\/haberler\/wp-json\/wp\/v2\/media?parent=82649"}],"wp:term":[{"taxonomy":"category","embeddable":true,"href":"https:\/\/e-ciftlik.com\/haberler\/wp-json\/wp\/v2\/categories?post=82649"},{"taxonomy":"post_tag","embeddable":true,"href":"https:\/\/e-ciftlik.com\/haberler\/wp-json\/wp\/v2\/tags?post=82649"}],"curies":[{"name":"wp","href":"https:\/\/api.w.org\/{rel}","templated":true}]}}