{"id":82694,"date":"2025-02-21T01:32:08","date_gmt":"2025-02-21T01:32:08","guid":{"rendered":"https:\/\/e-ciftlik.com\/haberler\/spor\/fenerbahce-anderlechti-eleyerek-son-16ya-yukseldi\/"},"modified":"2025-02-21T01:32:08","modified_gmt":"2025-02-21T01:32:08","slug":"fenerbahce-anderlechti-eleyerek-son-16ya-yukseldi","status":"publish","type":"post","link":"https:\/\/e-ciftlik.com\/haberler\/spor\/fenerbahce-anderlechti-eleyerek-son-16ya-yukseldi\/","title":{"rendered":"&#8220;Fenerbah\u00e7e, Anderlecht&#8217;i eleyerek son 16&#8217;ya y\u00fckseldi!&#8221;"},"content":{"rendered":"<p> Fenerbah\u00e7e, UEFA Avrupa Ligi Son 16 Turu play-off&#8217;unda 3-0 kazand\u0131\u011f\u0131 ilk ma\u00e7\u0131n r\u00f6van\u015f\u0131nda deplasmanda Anderlecht ile 2-2 berabere kald\u0131 ve son 16 turuna y\u00fckseldi.<\/p>\n<p>Sar\u0131-Lacivertliler&#8217;in deneyimli stoperi Milan Skriniar, ma\u00e7\u0131n ard\u0131ndan a\u00e7\u0131klamalarda bulundu.<\/p>\n<p>&#8220;B\u0130Z \u0130STED\u0130\u011e\u0130M\u0130Z\u0130 ELDE ETT\u0130K&#8221;<\/p>\n<p>Tur atlad\u0131klar\u0131 i\u00e7in mutlu oldu\u011funu s\u00f6yleyen Skriniar, &#8220;Zor bir ma\u00e7 olaca\u011f\u0131n\u0131 biliyorduk, bunu bekliyorduk. Rakibimizin \u00f6nde basmak, oyunu g\u00fc\u00e7l\u00fc oynama d\u0131\u015f\u0131nda yapacak bir \u015feyi yoktu ilk ma\u00e7tan dolay\u0131. Biz istedi\u011fimizi elde ettik. Mutluyuz tur atlad\u0131\u011f\u0131m\u0131z i\u00e7in. Ger\u00e7ekten \u00f6nemliydi bizler ad\u0131na bu tur. Yolumuza devam edece\u011fiz.&#8221; dedi.<\/p>\n<p>&#8220;DAHA \u0130Y\u0130 OLACA\u011eIM&#8221;<\/p>\n<p>Skriniar, a\u00e7\u0131klamas\u0131n\u0131n devam\u0131nda &#8220;Hep net oynamaya \u00e7al\u0131\u015ft\u0131m. Kendimi geli\u015ftiriyorum. G\u00fcnbeg\u00fcn daha iyi olaca\u011f\u0131m. Daha iyisini yapabilece\u011fimi biliyorum, kendimi tan\u0131yorum. Tak\u0131m\u0131n performans\u0131, bireysel performanstan daha \u00f6nemli.&#8221; ifadelerini kulland\u0131.<\/p>\n","protected":false},"excerpt":{"rendered":"<p>Fenerbah\u00e7e, UEFA Avrupa Ligi Son 16 Turu play-off&#8217;unda 3-0 kazand\u0131\u011f\u0131 ilk ma\u00e7\u0131n r\u00f6van\u015f\u0131nda deplasmanda Anderlecht&hellip;<\/p>\n","protected":false},"author":1,"featured_media":82695,"comment_status":"open","ping_status":"open","sticky":false,"template":"","format":"standard","meta":{"footnotes":""},"categories":[7],"tags":[],"class_list":["post-82694","post","type-post","status-publish","format-standard","has-post-thumbnail","hentry","category-spor"],"yoast_head":"<!-- This site is optimized with the Yoast SEO Premium plugin v24.3 (Yoast SEO v27.4) - https:\/\/yoast.com\/product\/yoast-seo-premium-wordpress\/ -->\n<title>&quot;Fenerbah\u00e7e, Anderlecht&#039;i eleyerek son 16&#039;ya y\u00fckseldi!&quot; - E-&Ccedil;\u0130FTL\u0130K HABER<\/title>\n<meta name=\"description\" content=\"Fenerbah\u00e7e, UEFA Avrupa Ligi Son 16 Turu play-off&#039;unda 3-0 kazand\u0131\u011f\u0131 ilk ma\u00e7\u0131n r\u00f6van\u015f\u0131nda deplasmanda Anderlecht ile 2-2 berabere kald\u0131 ve son 16 turuna\" \/>\n<meta name=\"robots\" content=\"index, follow, max-snippet:-1, max-image-preview:large, max-video-preview:-1\" \/>\n<link rel=\"canonical\" href=\"https:\/\/e-ciftlik.com\/haberler\/spor\/fenerbahce-anderlechti-eleyerek-son-16ya-yukseldi\/\" \/>\n<meta property=\"og:locale\" content=\"tr_TR\" \/>\n<meta property=\"og:type\" content=\"article\" \/>\n<meta property=\"og:title\" content=\"&quot;Fenerbah\u00e7e, Anderlecht&#039;i eleyerek son 16&#039;ya y\u00fckseldi!&quot;\" \/>\n<meta property=\"og:description\" content=\"Fenerbah\u00e7e, UEFA Avrupa Ligi Son 16 Turu play-off&#039;unda 3-0 kazand\u0131\u011f\u0131 ilk ma\u00e7\u0131n r\u00f6van\u015f\u0131nda deplasmanda Anderlecht ile 2-2 berabere kald\u0131 ve son 16 turuna\" \/>\n<meta property=\"og:url\" content=\"https:\/\/e-ciftlik.com\/haberler\/spor\/fenerbahce-anderlechti-eleyerek-son-16ya-yukseldi\/\" \/>\n<meta property=\"og:site_name\" content=\"E-&Ccedil;\u0130FTL\u0130K HABER\" \/>\n<meta property=\"article:publisher\" content=\"https:\/\/www.facebook.com\/eciftlikturkiye\" \/>\n<meta property=\"article:published_time\" content=\"2025-02-21T01:32:08+00:00\" \/>\n<meta property=\"og:image\" content=\"https:\/\/e-ciftlik.com\/haberler\/wp-content\/uploads\/2025\/02\/1740101530_1200x628.jpeg\" \/>\n\t<meta property=\"og:image:width\" content=\"1200\" \/>\n\t<meta property=\"og:image:height\" content=\"628\" \/>\n\t<meta property=\"og:image:type\" content=\"image\/jpeg\" \/>\n<meta name=\"author\" content=\"Haber Merkezi\" \/>\n<meta name=\"twitter:card\" content=\"summary_large_image\" \/>\n<meta name=\"twitter:creator\" content=\"@eciftlikresmi\" \/>\n<meta name=\"twitter:site\" content=\"@eciftlikresmi\" \/>\n<meta name=\"twitter:label1\" content=\"Yazan:\" \/>\n\t<meta name=\"twitter:data1\" content=\"Haber Merkezi\" \/>\n\t<meta name=\"twitter:label2\" content=\"Tahmini okuma s\u00fcresi\" \/>\n\t<meta name=\"twitter:data2\" content=\"1 dakika\" \/>\n<script type=\"application\/ld+json\" class=\"yoast-schema-graph\">{\"@context\":\"https:\\\/\\\/schema.org\",\"@graph\":[{\"@type\":\"NewsArticle\",\"@id\":\"https:\\\/\\\/e-ciftlik.com\\\/haberler\\\/spor\\\/fenerbahce-anderlechti-eleyerek-son-16ya-yukseldi\\\/#article\",\"isPartOf\":{\"@id\":\"https:\\\/\\\/e-ciftlik.com\\\/haberler\\\/spor\\\/fenerbahce-anderlechti-eleyerek-son-16ya-yukseldi\\\/\"},\"author\":{\"name\":\"Haber Merkezi\",\"@id\":\"https:\\\/\\\/e-ciftlik.com\\\/haberler\\\/#\\\/schema\\\/person\\\/d2f4fee3143d7f72be82cb887d51b00a\"},\"headline\":\"&#8220;Fenerbah\u00e7e, Anderlecht&#8217;i eleyerek son 16&#8217;ya y\u00fckseldi!&#8221;\",\"datePublished\":\"2025-02-21T01:32:08+00:00\",\"mainEntityOfPage\":{\"@id\":\"https:\\\/\\\/e-ciftlik.com\\\/haberler\\\/spor\\\/fenerbahce-anderlechti-eleyerek-son-16ya-yukseldi\\\/\"},\"wordCount\":165,\"commentCount\":0,\"publisher\":{\"@id\":\"https:\\\/\\\/e-ciftlik.com\\\/haberler\\\/#organization\"},\"image\":{\"@id\":\"https:\\\/\\\/e-ciftlik.com\\\/haberler\\\/spor\\\/fenerbahce-anderlechti-eleyerek-son-16ya-yukseldi\\\/#primaryimage\"},\"thumbnailUrl\":\"https:\\\/\\\/e-ciftlik.com\\\/haberler\\\/wp-content\\\/uploads\\\/2025\\\/02\\\/1740101530_1200x628.jpeg\",\"articleSection\":[\"Spor\"],\"inLanguage\":\"tr\",\"potentialAction\":[{\"@type\":\"CommentAction\",\"name\":\"Comment\",\"target\":[\"https:\\\/\\\/e-ciftlik.com\\\/haberler\\\/spor\\\/fenerbahce-anderlechti-eleyerek-son-16ya-yukseldi\\\/#respond\"]}]},{\"@type\":\"WebPage\",\"@id\":\"https:\\\/\\\/e-ciftlik.com\\\/haberler\\\/spor\\\/fenerbahce-anderlechti-eleyerek-son-16ya-yukseldi\\\/\",\"url\":\"https:\\\/\\\/e-ciftlik.com\\\/haberler\\\/spor\\\/fenerbahce-anderlechti-eleyerek-son-16ya-yukseldi\\\/\",\"name\":\"\\\"Fenerbah\u00e7e, Anderlecht'i eleyerek son 16'ya y\u00fckseldi!\\\" - E-&Ccedil;\u0130FTL\u0130K HABER\",\"isPartOf\":{\"@id\":\"https:\\\/\\\/e-ciftlik.com\\\/haberler\\\/#website\"},\"primaryImageOfPage\":{\"@id\":\"https:\\\/\\\/e-ciftlik.com\\\/haberler\\\/spor\\\/fenerbahce-anderlechti-eleyerek-son-16ya-yukseldi\\\/#primaryimage\"},\"image\":{\"@id\":\"https:\\\/\\\/e-ciftlik.com\\\/haberler\\\/spor\\\/fenerbahce-anderlechti-eleyerek-son-16ya-yukseldi\\\/#primaryimage\"},\"thumbnailUrl\":\"https:\\\/\\\/e-ciftlik.com\\\/haberler\\\/wp-content\\\/uploads\\\/2025\\\/02\\\/1740101530_1200x628.jpeg\",\"datePublished\":\"2025-02-21T01:32:08+00:00\",\"description\":\"Fenerbah\u00e7e, UEFA Avrupa Ligi Son 16 Turu play-off'unda 3-0 kazand\u0131\u011f\u0131 ilk ma\u00e7\u0131n r\u00f6van\u015f\u0131nda deplasmanda Anderlecht ile 2-2 berabere kald\u0131 ve son 16 turuna\",\"breadcrumb\":{\"@id\":\"https:\\\/\\\/e-ciftlik.com\\\/haberler\\\/spor\\\/fenerbahce-anderlechti-eleyerek-son-16ya-yukseldi\\\/#breadcrumb\"},\"inLanguage\":\"tr\",\"potentialAction\":[{\"@type\":\"ReadAction\",\"target\":[\"https:\\\/\\\/e-ciftlik.com\\\/haberler\\\/spor\\\/fenerbahce-anderlechti-eleyerek-son-16ya-yukseldi\\\/\"]}]},{\"@type\":\"ImageObject\",\"inLanguage\":\"tr\",\"@id\":\"https:\\\/\\\/e-ciftlik.com\\\/haberler\\\/spor\\\/fenerbahce-anderlechti-eleyerek-son-16ya-yukseldi\\\/#primaryimage\",\"url\":\"https:\\\/\\\/e-ciftlik.com\\\/haberler\\\/wp-content\\\/uploads\\\/2025\\\/02\\\/1740101530_1200x628.jpeg\",\"contentUrl\":\"https:\\\/\\\/e-ciftlik.com\\\/haberler\\\/wp-content\\\/uploads\\\/2025\\\/02\\\/1740101530_1200x628.jpeg\",\"width\":1200,\"height\":628},{\"@type\":\"BreadcrumbList\",\"@id\":\"https:\\\/\\\/e-ciftlik.com\\\/haberler\\\/spor\\\/fenerbahce-anderlechti-eleyerek-son-16ya-yukseldi\\\/#breadcrumb\",\"itemListElement\":[{\"@type\":\"ListItem\",\"position\":1,\"name\":\"Anasayfa\",\"item\":\"https:\\\/\\\/e-ciftlik.com\\\/haberler\\\/\"},{\"@type\":\"ListItem\",\"position\":2,\"name\":\"&#8220;Fenerbah\u00e7e, Anderlecht&#8217;i eleyerek son 16&#8217;ya y\u00fckseldi!&#8221;\"}]},{\"@type\":\"WebSite\",\"@id\":\"https:\\\/\\\/e-ciftlik.com\\\/haberler\\\/#website\",\"url\":\"https:\\\/\\\/e-ciftlik.com\\\/haberler\\\/\",\"name\":\"E-\u00c7iftlik Haber | G\u00fcncel, Son Dakika Haberler, En Son Haber\",\"description\":\"\",\"publisher\":{\"@id\":\"https:\\\/\\\/e-ciftlik.com\\\/haberler\\\/#organization\"},\"potentialAction\":[{\"@type\":\"SearchAction\",\"target\":{\"@type\":\"EntryPoint\",\"urlTemplate\":\"https:\\\/\\\/e-ciftlik.com\\\/haberler\\\/?s={search_term_string}\"},\"query-input\":{\"@type\":\"PropertyValueSpecification\",\"valueRequired\":true,\"valueName\":\"search_term_string\"}}],\"inLanguage\":\"tr\"},{\"@type\":\"Organization\",\"@id\":\"https:\\\/\\\/e-ciftlik.com\\\/haberler\\\/#organization\",\"name\":\"E-\u00c7\u0130FTL\u0130K HABER\",\"url\":\"https:\\\/\\\/e-ciftlik.com\\\/haberler\\\/\",\"logo\":{\"@type\":\"ImageObject\",\"inLanguage\":\"tr\",\"@id\":\"https:\\\/\\\/e-ciftlik.com\\\/haberler\\\/#\\\/schema\\\/logo\\\/image\\\/\",\"url\":\"https:\\\/\\\/e-ciftlik.com\\\/haberler\\\/wp-content\\\/uploads\\\/2024\\\/06\\\/cropped-cropped-favicon-1-2.png\",\"contentUrl\":\"https:\\\/\\\/e-ciftlik.com\\\/haberler\\\/wp-content\\\/uploads\\\/2024\\\/06\\\/cropped-cropped-favicon-1-2.png\",\"width\":512,\"height\":512,\"caption\":\"E-\u00c7\u0130FTL\u0130K HABER\"},\"image\":{\"@id\":\"https:\\\/\\\/e-ciftlik.com\\\/haberler\\\/#\\\/schema\\\/logo\\\/image\\\/\"},\"sameAs\":[\"https:\\\/\\\/www.facebook.com\\\/eciftlikturkiye\",\"https:\\\/\\\/x.com\\\/eciftlikresmi\",\"https:\\\/\\\/www.instagram.com\\\/eciftlikresmi\\\/\"]},{\"@type\":\"Person\",\"@id\":\"https:\\\/\\\/e-ciftlik.com\\\/haberler\\\/#\\\/schema\\\/person\\\/d2f4fee3143d7f72be82cb887d51b00a\",\"name\":\"Haber Merkezi\",\"image\":{\"@type\":\"ImageObject\",\"inLanguage\":\"tr\",\"@id\":\"https:\\\/\\\/secure.gravatar.com\\\/avatar\\\/6c27d641914e66c1d0452c92716002398782818991d86db1c2cccb531e7c7c82?s=96&d=mm&r=g\",\"url\":\"https:\\\/\\\/secure.gravatar.com\\\/avatar\\\/6c27d641914e66c1d0452c92716002398782818991d86db1c2cccb531e7c7c82?s=96&d=mm&r=g\",\"contentUrl\":\"https:\\\/\\\/secure.gravatar.com\\\/avatar\\\/6c27d641914e66c1d0452c92716002398782818991d86db1c2cccb531e7c7c82?s=96&d=mm&r=g\",\"caption\":\"Haber Merkezi\"},\"sameAs\":[\"http:\\\/\\\/e-ciftlik.com\\\/haberler\"]}]}<\/script>\n<!-- \/ Yoast SEO Premium plugin. -->","yoast_head_json":{"title":"\"Fenerbah\u00e7e, Anderlecht'i eleyerek son 16'ya y\u00fckseldi!\" - E-&Ccedil;\u0130FTL\u0130K HABER","description":"Fenerbah\u00e7e, UEFA Avrupa Ligi Son 16 Turu play-off'unda 3-0 kazand\u0131\u011f\u0131 ilk ma\u00e7\u0131n r\u00f6van\u015f\u0131nda deplasmanda Anderlecht ile 2-2 berabere kald\u0131 ve son 16 turuna","robots":{"index":"index","follow":"follow","max-snippet":"max-snippet:-1","max-image-preview":"max-image-preview:large","max-video-preview":"max-video-preview:-1"},"canonical":"https:\/\/e-ciftlik.com\/haberler\/spor\/fenerbahce-anderlechti-eleyerek-son-16ya-yukseldi\/","og_locale":"tr_TR","og_type":"article","og_title":"\"Fenerbah\u00e7e, Anderlecht'i eleyerek son 16'ya y\u00fckseldi!\"","og_description":"Fenerbah\u00e7e, UEFA Avrupa Ligi Son 16 Turu play-off'unda 3-0 kazand\u0131\u011f\u0131 ilk ma\u00e7\u0131n r\u00f6van\u015f\u0131nda deplasmanda Anderlecht ile 2-2 berabere kald\u0131 ve son 16 turuna","og_url":"https:\/\/e-ciftlik.com\/haberler\/spor\/fenerbahce-anderlechti-eleyerek-son-16ya-yukseldi\/","og_site_name":"E-&Ccedil;\u0130FTL\u0130K HABER","article_publisher":"https:\/\/www.facebook.com\/eciftlikturkiye","article_published_time":"2025-02-21T01:32:08+00:00","og_image":[{"width":1200,"height":628,"url":"https:\/\/e-ciftlik.com\/haberler\/wp-content\/uploads\/2025\/02\/1740101530_1200x628.jpeg","type":"image\/jpeg"}],"author":"Haber Merkezi","twitter_card":"summary_large_image","twitter_creator":"@eciftlikresmi","twitter_site":"@eciftlikresmi","twitter_misc":{"Yazan:":"Haber Merkezi","Tahmini okuma s\u00fcresi":"1 dakika"},"schema":{"@context":"https:\/\/schema.org","@graph":[{"@type":"NewsArticle","@id":"https:\/\/e-ciftlik.com\/haberler\/spor\/fenerbahce-anderlechti-eleyerek-son-16ya-yukseldi\/#article","isPartOf":{"@id":"https:\/\/e-ciftlik.com\/haberler\/spor\/fenerbahce-anderlechti-eleyerek-son-16ya-yukseldi\/"},"author":{"name":"Haber Merkezi","@id":"https:\/\/e-ciftlik.com\/haberler\/#\/schema\/person\/d2f4fee3143d7f72be82cb887d51b00a"},"headline":"&#8220;Fenerbah\u00e7e, Anderlecht&#8217;i eleyerek son 16&#8217;ya y\u00fckseldi!&#8221;","datePublished":"2025-02-21T01:32:08+00:00","mainEntityOfPage":{"@id":"https:\/\/e-ciftlik.com\/haberler\/spor\/fenerbahce-anderlechti-eleyerek-son-16ya-yukseldi\/"},"wordCount":165,"commentCount":0,"publisher":{"@id":"https:\/\/e-ciftlik.com\/haberler\/#organization"},"image":{"@id":"https:\/\/e-ciftlik.com\/haberler\/spor\/fenerbahce-anderlechti-eleyerek-son-16ya-yukseldi\/#primaryimage"},"thumbnailUrl":"https:\/\/e-ciftlik.com\/haberler\/wp-content\/uploads\/2025\/02\/1740101530_1200x628.jpeg","articleSection":["Spor"],"inLanguage":"tr","potentialAction":[{"@type":"CommentAction","name":"Comment","target":["https:\/\/e-ciftlik.com\/haberler\/spor\/fenerbahce-anderlechti-eleyerek-son-16ya-yukseldi\/#respond"]}]},{"@type":"WebPage","@id":"https:\/\/e-ciftlik.com\/haberler\/spor\/fenerbahce-anderlechti-eleyerek-son-16ya-yukseldi\/","url":"https:\/\/e-ciftlik.com\/haberler\/spor\/fenerbahce-anderlechti-eleyerek-son-16ya-yukseldi\/","name":"\"Fenerbah\u00e7e, Anderlecht'i eleyerek son 16'ya y\u00fckseldi!\" - E-&Ccedil;\u0130FTL\u0130K HABER","isPartOf":{"@id":"https:\/\/e-ciftlik.com\/haberler\/#website"},"primaryImageOfPage":{"@id":"https:\/\/e-ciftlik.com\/haberler\/spor\/fenerbahce-anderlechti-eleyerek-son-16ya-yukseldi\/#primaryimage"},"image":{"@id":"https:\/\/e-ciftlik.com\/haberler\/spor\/fenerbahce-anderlechti-eleyerek-son-16ya-yukseldi\/#primaryimage"},"thumbnailUrl":"https:\/\/e-ciftlik.com\/haberler\/wp-content\/uploads\/2025\/02\/1740101530_1200x628.jpeg","datePublished":"2025-02-21T01:32:08+00:00","description":"Fenerbah\u00e7e, UEFA Avrupa Ligi Son 16 Turu play-off'unda 3-0 kazand\u0131\u011f\u0131 ilk ma\u00e7\u0131n r\u00f6van\u015f\u0131nda deplasmanda Anderlecht ile 2-2 berabere kald\u0131 ve son 16 turuna","breadcrumb":{"@id":"https:\/\/e-ciftlik.com\/haberler\/spor\/fenerbahce-anderlechti-eleyerek-son-16ya-yukseldi\/#breadcrumb"},"inLanguage":"tr","potentialAction":[{"@type":"ReadAction","target":["https:\/\/e-ciftlik.com\/haberler\/spor\/fenerbahce-anderlechti-eleyerek-son-16ya-yukseldi\/"]}]},{"@type":"ImageObject","inLanguage":"tr","@id":"https:\/\/e-ciftlik.com\/haberler\/spor\/fenerbahce-anderlechti-eleyerek-son-16ya-yukseldi\/#primaryimage","url":"https:\/\/e-ciftlik.com\/haberler\/wp-content\/uploads\/2025\/02\/1740101530_1200x628.jpeg","contentUrl":"https:\/\/e-ciftlik.com\/haberler\/wp-content\/uploads\/2025\/02\/1740101530_1200x628.jpeg","width":1200,"height":628},{"@type":"BreadcrumbList","@id":"https:\/\/e-ciftlik.com\/haberler\/spor\/fenerbahce-anderlechti-eleyerek-son-16ya-yukseldi\/#breadcrumb","itemListElement":[{"@type":"ListItem","position":1,"name":"Anasayfa","item":"https:\/\/e-ciftlik.com\/haberler\/"},{"@type":"ListItem","position":2,"name":"&#8220;Fenerbah\u00e7e, Anderlecht&#8217;i eleyerek son 16&#8217;ya y\u00fckseldi!&#8221;"}]},{"@type":"WebSite","@id":"https:\/\/e-ciftlik.com\/haberler\/#website","url":"https:\/\/e-ciftlik.com\/haberler\/","name":"E-\u00c7iftlik Haber | G\u00fcncel, Son Dakika Haberler, En Son Haber","description":"","publisher":{"@id":"https:\/\/e-ciftlik.com\/haberler\/#organization"},"potentialAction":[{"@type":"SearchAction","target":{"@type":"EntryPoint","urlTemplate":"https:\/\/e-ciftlik.com\/haberler\/?s={search_term_string}"},"query-input":{"@type":"PropertyValueSpecification","valueRequired":true,"valueName":"search_term_string"}}],"inLanguage":"tr"},{"@type":"Organization","@id":"https:\/\/e-ciftlik.com\/haberler\/#organization","name":"E-\u00c7\u0130FTL\u0130K HABER","url":"https:\/\/e-ciftlik.com\/haberler\/","logo":{"@type":"ImageObject","inLanguage":"tr","@id":"https:\/\/e-ciftlik.com\/haberler\/#\/schema\/logo\/image\/","url":"https:\/\/e-ciftlik.com\/haberler\/wp-content\/uploads\/2024\/06\/cropped-cropped-favicon-1-2.png","contentUrl":"https:\/\/e-ciftlik.com\/haberler\/wp-content\/uploads\/2024\/06\/cropped-cropped-favicon-1-2.png","width":512,"height":512,"caption":"E-\u00c7\u0130FTL\u0130K HABER"},"image":{"@id":"https:\/\/e-ciftlik.com\/haberler\/#\/schema\/logo\/image\/"},"sameAs":["https:\/\/www.facebook.com\/eciftlikturkiye","https:\/\/x.com\/eciftlikresmi","https:\/\/www.instagram.com\/eciftlikresmi\/"]},{"@type":"Person","@id":"https:\/\/e-ciftlik.com\/haberler\/#\/schema\/person\/d2f4fee3143d7f72be82cb887d51b00a","name":"Haber Merkezi","image":{"@type":"ImageObject","inLanguage":"tr","@id":"https:\/\/secure.gravatar.com\/avatar\/6c27d641914e66c1d0452c92716002398782818991d86db1c2cccb531e7c7c82?s=96&d=mm&r=g","url":"https:\/\/secure.gravatar.com\/avatar\/6c27d641914e66c1d0452c92716002398782818991d86db1c2cccb531e7c7c82?s=96&d=mm&r=g","contentUrl":"https:\/\/secure.gravatar.com\/avatar\/6c27d641914e66c1d0452c92716002398782818991d86db1c2cccb531e7c7c82?s=96&d=mm&r=g","caption":"Haber Merkezi"},"sameAs":["http:\/\/e-ciftlik.com\/haberler"]}]}},"_links":{"self":[{"href":"https:\/\/e-ciftlik.com\/haberler\/wp-json\/wp\/v2\/posts\/82694","targetHints":{"allow":["GET"]}}],"collection":[{"href":"https:\/\/e-ciftlik.com\/haberler\/wp-json\/wp\/v2\/posts"}],"about":[{"href":"https:\/\/e-ciftlik.com\/haberler\/wp-json\/wp\/v2\/types\/post"}],"author":[{"embeddable":true,"href":"https:\/\/e-ciftlik.com\/haberler\/wp-json\/wp\/v2\/users\/1"}],"replies":[{"embeddable":true,"href":"https:\/\/e-ciftlik.com\/haberler\/wp-json\/wp\/v2\/comments?post=82694"}],"version-history":[{"count":0,"href":"https:\/\/e-ciftlik.com\/haberler\/wp-json\/wp\/v2\/posts\/82694\/revisions"}],"wp:featuredmedia":[{"embeddable":true,"href":"https:\/\/e-ciftlik.com\/haberler\/wp-json\/wp\/v2\/media\/82695"}],"wp:attachment":[{"href":"https:\/\/e-ciftlik.com\/haberler\/wp-json\/wp\/v2\/media?parent=82694"}],"wp:term":[{"taxonomy":"category","embeddable":true,"href":"https:\/\/e-ciftlik.com\/haberler\/wp-json\/wp\/v2\/categories?post=82694"},{"taxonomy":"post_tag","embeddable":true,"href":"https:\/\/e-ciftlik.com\/haberler\/wp-json\/wp\/v2\/tags?post=82694"}],"curies":[{"name":"wp","href":"https:\/\/api.w.org\/{rel}","templated":true}]}}