{"id":82705,"date":"2025-02-21T02:25:27","date_gmt":"2025-02-21T02:25:27","guid":{"rendered":"http:\/\/e-ciftlik.com\/haberler\/spor\/yeni-arastirma-covid-19-asisi-etkili-mi\/"},"modified":"2025-02-21T02:25:27","modified_gmt":"2025-02-21T02:25:27","slug":"yeni-arastirma-covid-19-asisi-etkili-mi","status":"publish","type":"post","link":"https:\/\/e-ciftlik.com\/haberler\/spor\/yeni-arastirma-covid-19-asisi-etkili-mi\/","title":{"rendered":"&#8220;Yeni Ara\u015ft\u0131rma: COVID-19 A\u015f\u0131s\u0131 Etkili mi?&#8221;"},"content":{"rendered":"<p> Bir grup ara\u015ft\u0131rmac\u0131, Amazon ormanlar\u0131nda yapt\u0131klar\u0131 \u00e7al\u0131\u015fmalar sonucunda \u00f6nemli bir ke\u015fif yapt\u0131. Ara\u015ft\u0131rmac\u0131lar, Brezilya\u2019n\u0131n Manaus \u015fehri yak\u0131nlar\u0131nda bulunan ormanlarda ender bulunan bir t\u00fcr kelebek t\u00fcr\u00fc ke\u015ffettiler. Bu kelebek t\u00fcr\u00fc, bilim d\u00fcnyas\u0131nda b\u00fcy\u00fck ilgi uyand\u0131rd\u0131.<\/p>\n<p>Ke\u015ffedilen kelebek t\u00fcr\u00fc, bilim insanlar\u0131n\u0131 \u015fa\u015f\u0131rtacak derecede renkli ve nadir bir t\u00fcr olarak tan\u0131mland\u0131. Ara\u015ft\u0131rmac\u0131lar, bu t\u00fcr kelebe\u011fin ya\u015fam alan\u0131n\u0131 ve davran\u0131\u015flar\u0131n\u0131 detayl\u0131 bir \u015fekilde inceleyerek, kelebeklerin ya\u015famlar\u0131 hakk\u0131nda daha fazla bilgi edinmeyi hedefliyor.<\/p>\n<p>Ara\u015ft\u0131rman\u0131n lideri Profes\u00f6r Maria Silva, ke\u015ffedilen kelebe\u011fin ekosisteme olan \u00f6nemine vurgu yaparak, do\u011fal ya\u015fam alanlar\u0131n\u0131n korunmas\u0131 gerekti\u011fini belirtti. Silva, kelebeklerin do\u011fan\u0131n dengesinde \u00f6nemli bir rol oynad\u0131\u011f\u0131n\u0131 ve bu t\u00fcr ke\u015fiflerin do\u011fa koruma \u00e7al\u0131\u015fmalar\u0131na katk\u0131 sa\u011flad\u0131\u011f\u0131n\u0131 s\u00f6yledi.<\/p>\n<p>Ara\u015ft\u0131rmac\u0131lar, ke\u015ffedilen kelebek t\u00fcr\u00fcn\u00fcn genetik analizlerini de yaparak, t\u00fcr\u00fcn soyu t\u00fckenme riski olup olmad\u0131\u011f\u0131n\u0131 belirlemeyi ama\u00e7l\u0131yor. Ke\u015fif, bilim d\u00fcnyas\u0131nda heyecanla kar\u015f\u0131land\u0131 ve kelebeklerin korunmas\u0131 konusunda fark\u0131ndal\u0131k olu\u015fturmay\u0131 hedefliyor.<\/p>\n","protected":false},"excerpt":{"rendered":"<p>Bir grup ara\u015ft\u0131rmac\u0131, Amazon ormanlar\u0131nda yapt\u0131klar\u0131 \u00e7al\u0131\u015fmalar sonucunda \u00f6nemli bir ke\u015fif yapt\u0131. Ara\u015ft\u0131rmac\u0131lar, Brezilya\u2019n\u0131n Manaus&hellip;<\/p>\n","protected":false},"author":1,"featured_media":82706,"comment_status":"open","ping_status":"open","sticky":false,"template":"","format":"standard","meta":{"footnotes":""},"categories":[7],"tags":[],"class_list":["post-82705","post","type-post","status-publish","format-standard","has-post-thumbnail","hentry","category-spor"],"yoast_head":"<!-- This site is optimized with the Yoast SEO Premium plugin v24.3 (Yoast SEO v27.4) - https:\/\/yoast.com\/product\/yoast-seo-premium-wordpress\/ -->\n<title>&quot;Yeni Ara\u015ft\u0131rma: COVID-19 A\u015f\u0131s\u0131 Etkili mi?&quot; - E-&Ccedil;\u0130FTL\u0130K HABER<\/title>\n<meta name=\"description\" content=\"Bir grup ara\u015ft\u0131rmac\u0131, Amazon ormanlar\u0131nda yapt\u0131klar\u0131 \u00e7al\u0131\u015fmalar sonucunda \u00f6nemli bir ke\u015fif yapt\u0131. Ara\u015ft\u0131rmac\u0131lar, Brezilya\u2019n\u0131n Manaus \u015fehri yak\u0131nlar\u0131nda\" \/>\n<meta name=\"robots\" content=\"index, follow, max-snippet:-1, max-image-preview:large, max-video-preview:-1\" \/>\n<link rel=\"canonical\" href=\"http:\/\/e-ciftlik.com\/haberler\/spor\/yeni-arastirma-covid-19-asisi-etkili-mi\/\" \/>\n<meta property=\"og:locale\" content=\"tr_TR\" \/>\n<meta property=\"og:type\" content=\"article\" \/>\n<meta property=\"og:title\" content=\"&quot;Yeni Ara\u015ft\u0131rma: COVID-19 A\u015f\u0131s\u0131 Etkili mi?&quot;\" \/>\n<meta property=\"og:description\" content=\"Bir grup ara\u015ft\u0131rmac\u0131, Amazon ormanlar\u0131nda yapt\u0131klar\u0131 \u00e7al\u0131\u015fmalar sonucunda \u00f6nemli bir ke\u015fif yapt\u0131. Ara\u015ft\u0131rmac\u0131lar, Brezilya\u2019n\u0131n Manaus \u015fehri yak\u0131nlar\u0131nda\" \/>\n<meta property=\"og:url\" content=\"http:\/\/e-ciftlik.com\/haberler\/spor\/yeni-arastirma-covid-19-asisi-etkili-mi\/\" \/>\n<meta property=\"og:site_name\" content=\"E-&Ccedil;\u0130FTL\u0130K HABER\" \/>\n<meta property=\"article:publisher\" content=\"https:\/\/www.facebook.com\/eciftlikturkiye\" \/>\n<meta property=\"article:published_time\" content=\"2025-02-21T02:25:27+00:00\" \/>\n<meta property=\"og:image\" content=\"http:\/\/e-ciftlik.com\/haberler\/wp-content\/uploads\/2025\/02\/1740104730_1200x628.jpeg\" \/>\n\t<meta property=\"og:image:width\" content=\"1200\" \/>\n\t<meta property=\"og:image:height\" content=\"628\" \/>\n\t<meta property=\"og:image:type\" content=\"image\/jpeg\" \/>\n<meta name=\"author\" content=\"Haber Merkezi\" \/>\n<meta name=\"twitter:card\" content=\"summary_large_image\" \/>\n<meta name=\"twitter:creator\" content=\"@eciftlikresmi\" \/>\n<meta name=\"twitter:site\" content=\"@eciftlikresmi\" \/>\n<meta name=\"twitter:label1\" content=\"Yazan:\" \/>\n\t<meta name=\"twitter:data1\" content=\"Haber Merkezi\" \/>\n\t<meta name=\"twitter:label2\" content=\"Tahmini okuma s\u00fcresi\" \/>\n\t<meta name=\"twitter:data2\" content=\"1 dakika\" \/>\n<script type=\"application\/ld+json\" class=\"yoast-schema-graph\">{\"@context\":\"https:\\\/\\\/schema.org\",\"@graph\":[{\"@type\":\"NewsArticle\",\"@id\":\"http:\\\/\\\/e-ciftlik.com\\\/haberler\\\/spor\\\/yeni-arastirma-covid-19-asisi-etkili-mi\\\/#article\",\"isPartOf\":{\"@id\":\"http:\\\/\\\/e-ciftlik.com\\\/haberler\\\/spor\\\/yeni-arastirma-covid-19-asisi-etkili-mi\\\/\"},\"author\":{\"name\":\"Haber Merkezi\",\"@id\":\"https:\\\/\\\/e-ciftlik.com\\\/haberler\\\/#\\\/schema\\\/person\\\/d2f4fee3143d7f72be82cb887d51b00a\"},\"headline\":\"&#8220;Yeni Ara\u015ft\u0131rma: COVID-19 A\u015f\u0131s\u0131 Etkili mi?&#8221;\",\"datePublished\":\"2025-02-21T02:25:27+00:00\",\"mainEntityOfPage\":{\"@id\":\"http:\\\/\\\/e-ciftlik.com\\\/haberler\\\/spor\\\/yeni-arastirma-covid-19-asisi-etkili-mi\\\/\"},\"wordCount\":222,\"commentCount\":0,\"publisher\":{\"@id\":\"https:\\\/\\\/e-ciftlik.com\\\/haberler\\\/#organization\"},\"image\":{\"@id\":\"http:\\\/\\\/e-ciftlik.com\\\/haberler\\\/spor\\\/yeni-arastirma-covid-19-asisi-etkili-mi\\\/#primaryimage\"},\"thumbnailUrl\":\"https:\\\/\\\/e-ciftlik.com\\\/haberler\\\/wp-content\\\/uploads\\\/2025\\\/02\\\/1740104730_1200x628.jpeg\",\"articleSection\":[\"Spor\"],\"inLanguage\":\"tr\",\"potentialAction\":[{\"@type\":\"CommentAction\",\"name\":\"Comment\",\"target\":[\"http:\\\/\\\/e-ciftlik.com\\\/haberler\\\/spor\\\/yeni-arastirma-covid-19-asisi-etkili-mi\\\/#respond\"]}]},{\"@type\":\"WebPage\",\"@id\":\"http:\\\/\\\/e-ciftlik.com\\\/haberler\\\/spor\\\/yeni-arastirma-covid-19-asisi-etkili-mi\\\/\",\"url\":\"http:\\\/\\\/e-ciftlik.com\\\/haberler\\\/spor\\\/yeni-arastirma-covid-19-asisi-etkili-mi\\\/\",\"name\":\"\\\"Yeni Ara\u015ft\u0131rma: COVID-19 A\u015f\u0131s\u0131 Etkili mi?\\\" - E-&Ccedil;\u0130FTL\u0130K HABER\",\"isPartOf\":{\"@id\":\"https:\\\/\\\/e-ciftlik.com\\\/haberler\\\/#website\"},\"primaryImageOfPage\":{\"@id\":\"http:\\\/\\\/e-ciftlik.com\\\/haberler\\\/spor\\\/yeni-arastirma-covid-19-asisi-etkili-mi\\\/#primaryimage\"},\"image\":{\"@id\":\"http:\\\/\\\/e-ciftlik.com\\\/haberler\\\/spor\\\/yeni-arastirma-covid-19-asisi-etkili-mi\\\/#primaryimage\"},\"thumbnailUrl\":\"https:\\\/\\\/e-ciftlik.com\\\/haberler\\\/wp-content\\\/uploads\\\/2025\\\/02\\\/1740104730_1200x628.jpeg\",\"datePublished\":\"2025-02-21T02:25:27+00:00\",\"description\":\"Bir grup ara\u015ft\u0131rmac\u0131, Amazon ormanlar\u0131nda yapt\u0131klar\u0131 \u00e7al\u0131\u015fmalar sonucunda \u00f6nemli bir ke\u015fif yapt\u0131. Ara\u015ft\u0131rmac\u0131lar, Brezilya\u2019n\u0131n Manaus \u015fehri yak\u0131nlar\u0131nda\",\"breadcrumb\":{\"@id\":\"http:\\\/\\\/e-ciftlik.com\\\/haberler\\\/spor\\\/yeni-arastirma-covid-19-asisi-etkili-mi\\\/#breadcrumb\"},\"inLanguage\":\"tr\",\"potentialAction\":[{\"@type\":\"ReadAction\",\"target\":[\"http:\\\/\\\/e-ciftlik.com\\\/haberler\\\/spor\\\/yeni-arastirma-covid-19-asisi-etkili-mi\\\/\"]}]},{\"@type\":\"ImageObject\",\"inLanguage\":\"tr\",\"@id\":\"http:\\\/\\\/e-ciftlik.com\\\/haberler\\\/spor\\\/yeni-arastirma-covid-19-asisi-etkili-mi\\\/#primaryimage\",\"url\":\"https:\\\/\\\/e-ciftlik.com\\\/haberler\\\/wp-content\\\/uploads\\\/2025\\\/02\\\/1740104730_1200x628.jpeg\",\"contentUrl\":\"https:\\\/\\\/e-ciftlik.com\\\/haberler\\\/wp-content\\\/uploads\\\/2025\\\/02\\\/1740104730_1200x628.jpeg\",\"width\":1200,\"height\":628},{\"@type\":\"BreadcrumbList\",\"@id\":\"http:\\\/\\\/e-ciftlik.com\\\/haberler\\\/spor\\\/yeni-arastirma-covid-19-asisi-etkili-mi\\\/#breadcrumb\",\"itemListElement\":[{\"@type\":\"ListItem\",\"position\":1,\"name\":\"Anasayfa\",\"item\":\"https:\\\/\\\/e-ciftlik.com\\\/haberler\\\/\"},{\"@type\":\"ListItem\",\"position\":2,\"name\":\"&#8220;Yeni Ara\u015ft\u0131rma: COVID-19 A\u015f\u0131s\u0131 Etkili mi?&#8221;\"}]},{\"@type\":\"WebSite\",\"@id\":\"https:\\\/\\\/e-ciftlik.com\\\/haberler\\\/#website\",\"url\":\"https:\\\/\\\/e-ciftlik.com\\\/haberler\\\/\",\"name\":\"E-\u00c7iftlik Haber | G\u00fcncel, Son Dakika Haberler, En Son Haber\",\"description\":\"\",\"publisher\":{\"@id\":\"https:\\\/\\\/e-ciftlik.com\\\/haberler\\\/#organization\"},\"potentialAction\":[{\"@type\":\"SearchAction\",\"target\":{\"@type\":\"EntryPoint\",\"urlTemplate\":\"https:\\\/\\\/e-ciftlik.com\\\/haberler\\\/?s={search_term_string}\"},\"query-input\":{\"@type\":\"PropertyValueSpecification\",\"valueRequired\":true,\"valueName\":\"search_term_string\"}}],\"inLanguage\":\"tr\"},{\"@type\":\"Organization\",\"@id\":\"https:\\\/\\\/e-ciftlik.com\\\/haberler\\\/#organization\",\"name\":\"E-\u00c7\u0130FTL\u0130K HABER\",\"url\":\"https:\\\/\\\/e-ciftlik.com\\\/haberler\\\/\",\"logo\":{\"@type\":\"ImageObject\",\"inLanguage\":\"tr\",\"@id\":\"https:\\\/\\\/e-ciftlik.com\\\/haberler\\\/#\\\/schema\\\/logo\\\/image\\\/\",\"url\":\"https:\\\/\\\/e-ciftlik.com\\\/haberler\\\/wp-content\\\/uploads\\\/2024\\\/06\\\/cropped-cropped-favicon-1-2.png\",\"contentUrl\":\"https:\\\/\\\/e-ciftlik.com\\\/haberler\\\/wp-content\\\/uploads\\\/2024\\\/06\\\/cropped-cropped-favicon-1-2.png\",\"width\":512,\"height\":512,\"caption\":\"E-\u00c7\u0130FTL\u0130K HABER\"},\"image\":{\"@id\":\"https:\\\/\\\/e-ciftlik.com\\\/haberler\\\/#\\\/schema\\\/logo\\\/image\\\/\"},\"sameAs\":[\"https:\\\/\\\/www.facebook.com\\\/eciftlikturkiye\",\"https:\\\/\\\/x.com\\\/eciftlikresmi\",\"https:\\\/\\\/www.instagram.com\\\/eciftlikresmi\\\/\"]},{\"@type\":\"Person\",\"@id\":\"https:\\\/\\\/e-ciftlik.com\\\/haberler\\\/#\\\/schema\\\/person\\\/d2f4fee3143d7f72be82cb887d51b00a\",\"name\":\"Haber Merkezi\",\"image\":{\"@type\":\"ImageObject\",\"inLanguage\":\"tr\",\"@id\":\"https:\\\/\\\/secure.gravatar.com\\\/avatar\\\/6c27d641914e66c1d0452c92716002398782818991d86db1c2cccb531e7c7c82?s=96&d=mm&r=g\",\"url\":\"https:\\\/\\\/secure.gravatar.com\\\/avatar\\\/6c27d641914e66c1d0452c92716002398782818991d86db1c2cccb531e7c7c82?s=96&d=mm&r=g\",\"contentUrl\":\"https:\\\/\\\/secure.gravatar.com\\\/avatar\\\/6c27d641914e66c1d0452c92716002398782818991d86db1c2cccb531e7c7c82?s=96&d=mm&r=g\",\"caption\":\"Haber Merkezi\"},\"sameAs\":[\"http:\\\/\\\/e-ciftlik.com\\\/haberler\"]}]}<\/script>\n<!-- \/ Yoast SEO Premium plugin. -->","yoast_head_json":{"title":"\"Yeni Ara\u015ft\u0131rma: COVID-19 A\u015f\u0131s\u0131 Etkili mi?\" - E-&Ccedil;\u0130FTL\u0130K HABER","description":"Bir grup ara\u015ft\u0131rmac\u0131, Amazon ormanlar\u0131nda yapt\u0131klar\u0131 \u00e7al\u0131\u015fmalar sonucunda \u00f6nemli bir ke\u015fif yapt\u0131. Ara\u015ft\u0131rmac\u0131lar, Brezilya\u2019n\u0131n Manaus \u015fehri yak\u0131nlar\u0131nda","robots":{"index":"index","follow":"follow","max-snippet":"max-snippet:-1","max-image-preview":"max-image-preview:large","max-video-preview":"max-video-preview:-1"},"canonical":"http:\/\/e-ciftlik.com\/haberler\/spor\/yeni-arastirma-covid-19-asisi-etkili-mi\/","og_locale":"tr_TR","og_type":"article","og_title":"\"Yeni Ara\u015ft\u0131rma: COVID-19 A\u015f\u0131s\u0131 Etkili mi?\"","og_description":"Bir grup ara\u015ft\u0131rmac\u0131, Amazon ormanlar\u0131nda yapt\u0131klar\u0131 \u00e7al\u0131\u015fmalar sonucunda \u00f6nemli bir ke\u015fif yapt\u0131. Ara\u015ft\u0131rmac\u0131lar, Brezilya\u2019n\u0131n Manaus \u015fehri yak\u0131nlar\u0131nda","og_url":"http:\/\/e-ciftlik.com\/haberler\/spor\/yeni-arastirma-covid-19-asisi-etkili-mi\/","og_site_name":"E-&Ccedil;\u0130FTL\u0130K HABER","article_publisher":"https:\/\/www.facebook.com\/eciftlikturkiye","article_published_time":"2025-02-21T02:25:27+00:00","og_image":[{"width":1200,"height":628,"url":"http:\/\/e-ciftlik.com\/haberler\/wp-content\/uploads\/2025\/02\/1740104730_1200x628.jpeg","type":"image\/jpeg"}],"author":"Haber Merkezi","twitter_card":"summary_large_image","twitter_creator":"@eciftlikresmi","twitter_site":"@eciftlikresmi","twitter_misc":{"Yazan:":"Haber Merkezi","Tahmini okuma s\u00fcresi":"1 dakika"},"schema":{"@context":"https:\/\/schema.org","@graph":[{"@type":"NewsArticle","@id":"http:\/\/e-ciftlik.com\/haberler\/spor\/yeni-arastirma-covid-19-asisi-etkili-mi\/#article","isPartOf":{"@id":"http:\/\/e-ciftlik.com\/haberler\/spor\/yeni-arastirma-covid-19-asisi-etkili-mi\/"},"author":{"name":"Haber Merkezi","@id":"https:\/\/e-ciftlik.com\/haberler\/#\/schema\/person\/d2f4fee3143d7f72be82cb887d51b00a"},"headline":"&#8220;Yeni Ara\u015ft\u0131rma: COVID-19 A\u015f\u0131s\u0131 Etkili mi?&#8221;","datePublished":"2025-02-21T02:25:27+00:00","mainEntityOfPage":{"@id":"http:\/\/e-ciftlik.com\/haberler\/spor\/yeni-arastirma-covid-19-asisi-etkili-mi\/"},"wordCount":222,"commentCount":0,"publisher":{"@id":"https:\/\/e-ciftlik.com\/haberler\/#organization"},"image":{"@id":"http:\/\/e-ciftlik.com\/haberler\/spor\/yeni-arastirma-covid-19-asisi-etkili-mi\/#primaryimage"},"thumbnailUrl":"https:\/\/e-ciftlik.com\/haberler\/wp-content\/uploads\/2025\/02\/1740104730_1200x628.jpeg","articleSection":["Spor"],"inLanguage":"tr","potentialAction":[{"@type":"CommentAction","name":"Comment","target":["http:\/\/e-ciftlik.com\/haberler\/spor\/yeni-arastirma-covid-19-asisi-etkili-mi\/#respond"]}]},{"@type":"WebPage","@id":"http:\/\/e-ciftlik.com\/haberler\/spor\/yeni-arastirma-covid-19-asisi-etkili-mi\/","url":"http:\/\/e-ciftlik.com\/haberler\/spor\/yeni-arastirma-covid-19-asisi-etkili-mi\/","name":"\"Yeni Ara\u015ft\u0131rma: COVID-19 A\u015f\u0131s\u0131 Etkili mi?\" - E-&Ccedil;\u0130FTL\u0130K HABER","isPartOf":{"@id":"https:\/\/e-ciftlik.com\/haberler\/#website"},"primaryImageOfPage":{"@id":"http:\/\/e-ciftlik.com\/haberler\/spor\/yeni-arastirma-covid-19-asisi-etkili-mi\/#primaryimage"},"image":{"@id":"http:\/\/e-ciftlik.com\/haberler\/spor\/yeni-arastirma-covid-19-asisi-etkili-mi\/#primaryimage"},"thumbnailUrl":"https:\/\/e-ciftlik.com\/haberler\/wp-content\/uploads\/2025\/02\/1740104730_1200x628.jpeg","datePublished":"2025-02-21T02:25:27+00:00","description":"Bir grup ara\u015ft\u0131rmac\u0131, Amazon ormanlar\u0131nda yapt\u0131klar\u0131 \u00e7al\u0131\u015fmalar sonucunda \u00f6nemli bir ke\u015fif yapt\u0131. Ara\u015ft\u0131rmac\u0131lar, Brezilya\u2019n\u0131n Manaus \u015fehri yak\u0131nlar\u0131nda","breadcrumb":{"@id":"http:\/\/e-ciftlik.com\/haberler\/spor\/yeni-arastirma-covid-19-asisi-etkili-mi\/#breadcrumb"},"inLanguage":"tr","potentialAction":[{"@type":"ReadAction","target":["http:\/\/e-ciftlik.com\/haberler\/spor\/yeni-arastirma-covid-19-asisi-etkili-mi\/"]}]},{"@type":"ImageObject","inLanguage":"tr","@id":"http:\/\/e-ciftlik.com\/haberler\/spor\/yeni-arastirma-covid-19-asisi-etkili-mi\/#primaryimage","url":"https:\/\/e-ciftlik.com\/haberler\/wp-content\/uploads\/2025\/02\/1740104730_1200x628.jpeg","contentUrl":"https:\/\/e-ciftlik.com\/haberler\/wp-content\/uploads\/2025\/02\/1740104730_1200x628.jpeg","width":1200,"height":628},{"@type":"BreadcrumbList","@id":"http:\/\/e-ciftlik.com\/haberler\/spor\/yeni-arastirma-covid-19-asisi-etkili-mi\/#breadcrumb","itemListElement":[{"@type":"ListItem","position":1,"name":"Anasayfa","item":"https:\/\/e-ciftlik.com\/haberler\/"},{"@type":"ListItem","position":2,"name":"&#8220;Yeni Ara\u015ft\u0131rma: COVID-19 A\u015f\u0131s\u0131 Etkili mi?&#8221;"}]},{"@type":"WebSite","@id":"https:\/\/e-ciftlik.com\/haberler\/#website","url":"https:\/\/e-ciftlik.com\/haberler\/","name":"E-\u00c7iftlik Haber | G\u00fcncel, Son Dakika Haberler, En Son Haber","description":"","publisher":{"@id":"https:\/\/e-ciftlik.com\/haberler\/#organization"},"potentialAction":[{"@type":"SearchAction","target":{"@type":"EntryPoint","urlTemplate":"https:\/\/e-ciftlik.com\/haberler\/?s={search_term_string}"},"query-input":{"@type":"PropertyValueSpecification","valueRequired":true,"valueName":"search_term_string"}}],"inLanguage":"tr"},{"@type":"Organization","@id":"https:\/\/e-ciftlik.com\/haberler\/#organization","name":"E-\u00c7\u0130FTL\u0130K HABER","url":"https:\/\/e-ciftlik.com\/haberler\/","logo":{"@type":"ImageObject","inLanguage":"tr","@id":"https:\/\/e-ciftlik.com\/haberler\/#\/schema\/logo\/image\/","url":"https:\/\/e-ciftlik.com\/haberler\/wp-content\/uploads\/2024\/06\/cropped-cropped-favicon-1-2.png","contentUrl":"https:\/\/e-ciftlik.com\/haberler\/wp-content\/uploads\/2024\/06\/cropped-cropped-favicon-1-2.png","width":512,"height":512,"caption":"E-\u00c7\u0130FTL\u0130K HABER"},"image":{"@id":"https:\/\/e-ciftlik.com\/haberler\/#\/schema\/logo\/image\/"},"sameAs":["https:\/\/www.facebook.com\/eciftlikturkiye","https:\/\/x.com\/eciftlikresmi","https:\/\/www.instagram.com\/eciftlikresmi\/"]},{"@type":"Person","@id":"https:\/\/e-ciftlik.com\/haberler\/#\/schema\/person\/d2f4fee3143d7f72be82cb887d51b00a","name":"Haber Merkezi","image":{"@type":"ImageObject","inLanguage":"tr","@id":"https:\/\/secure.gravatar.com\/avatar\/6c27d641914e66c1d0452c92716002398782818991d86db1c2cccb531e7c7c82?s=96&d=mm&r=g","url":"https:\/\/secure.gravatar.com\/avatar\/6c27d641914e66c1d0452c92716002398782818991d86db1c2cccb531e7c7c82?s=96&d=mm&r=g","contentUrl":"https:\/\/secure.gravatar.com\/avatar\/6c27d641914e66c1d0452c92716002398782818991d86db1c2cccb531e7c7c82?s=96&d=mm&r=g","caption":"Haber Merkezi"},"sameAs":["http:\/\/e-ciftlik.com\/haberler"]}]}},"_links":{"self":[{"href":"https:\/\/e-ciftlik.com\/haberler\/wp-json\/wp\/v2\/posts\/82705","targetHints":{"allow":["GET"]}}],"collection":[{"href":"https:\/\/e-ciftlik.com\/haberler\/wp-json\/wp\/v2\/posts"}],"about":[{"href":"https:\/\/e-ciftlik.com\/haberler\/wp-json\/wp\/v2\/types\/post"}],"author":[{"embeddable":true,"href":"https:\/\/e-ciftlik.com\/haberler\/wp-json\/wp\/v2\/users\/1"}],"replies":[{"embeddable":true,"href":"https:\/\/e-ciftlik.com\/haberler\/wp-json\/wp\/v2\/comments?post=82705"}],"version-history":[{"count":0,"href":"https:\/\/e-ciftlik.com\/haberler\/wp-json\/wp\/v2\/posts\/82705\/revisions"}],"wp:featuredmedia":[{"embeddable":true,"href":"https:\/\/e-ciftlik.com\/haberler\/wp-json\/wp\/v2\/media\/82706"}],"wp:attachment":[{"href":"https:\/\/e-ciftlik.com\/haberler\/wp-json\/wp\/v2\/media?parent=82705"}],"wp:term":[{"taxonomy":"category","embeddable":true,"href":"https:\/\/e-ciftlik.com\/haberler\/wp-json\/wp\/v2\/categories?post=82705"},{"taxonomy":"post_tag","embeddable":true,"href":"https:\/\/e-ciftlik.com\/haberler\/wp-json\/wp\/v2\/tags?post=82705"}],"curies":[{"name":"wp","href":"https:\/\/api.w.org\/{rel}","templated":true}]}}