{"id":82709,"date":"2025-02-21T03:03:13","date_gmt":"2025-02-21T03:03:13","guid":{"rendered":"http:\/\/e-ciftlik.com\/haberler\/spor\/fenerbahcenin-genc-yildizi-yusuf-akcicekten-flas-aciklamalar\/"},"modified":"2025-02-21T03:03:13","modified_gmt":"2025-02-21T03:03:13","slug":"fenerbahcenin-genc-yildizi-yusuf-akcicekten-flas-aciklamalar","status":"publish","type":"post","link":"https:\/\/e-ciftlik.com\/haberler\/spor\/fenerbahcenin-genc-yildizi-yusuf-akcicekten-flas-aciklamalar\/","title":{"rendered":"&#8220;Fenerbah\u00e7e&#8217;nin Gen\u00e7 Y\u0131ld\u0131z\u0131 Yusuf Ak\u00e7i\u00e7ek&#8217;ten Fla\u015f A\u00e7\u0131klamalar!&#8221;"},"content":{"rendered":"<p> Fenerbah\u00e7e&#8217;nin gen\u00e7 futbolcusu Yusuf Ak\u00e7i\u00e7ek, UEFA Avrupa Ligi Play-off turunda Anderlecht&#8217;i eleyerek son 16&#8217;ya y\u00fckseldikten sonra a\u00e7\u0131klamalarda bulundu.<\/p>\n<p>Ak\u00e7i\u00e7ek, m\u00fccadeleyi bir golle kapatt\u0131ktan sonra yapt\u0131\u011f\u0131 a\u00e7\u0131klamada, &#8220;\u00d6ncelikle \u00e7ok iyi m\u00fccadele ettik. Zaman zaman topu rakibe verdik, savunma yapmak zorunda kald\u0131k ama hep oyunun i\u00e7inde kalmaya \u00e7al\u0131\u015ft\u0131k. Att\u0131\u011f\u0131m golle tak\u0131m\u0131ma katk\u0131 sa\u011flad\u0131\u011f\u0131m i\u00e7in mutlu ve gururluyum. \u0130n\u015fallah daha niceleri olur diye umut ediyorum, in\u015fallah. \u00dclkemizi temsil ediyoruz. Gidebildi\u011fimiz kadar gitmek, \u00fclkemizi en iyi \u015fekilde temsil etmek istiyoruz.&#8221; dedi.<\/p>\n<p>Gen\u00e7 oyuncu ayr\u0131ca Avrupa&#8217;da temsil etme hedefiyle ilgili konu\u015farak, &#8220;Fenerbah\u00e7e \u00e7ok b\u00fcy\u00fck bir kul\u00fcp. Y\u00fczde y\u00fcz\u00fcm\u00fc verip tak\u0131m\u0131ma destek vermek istiyorum. Hedefim bu. \u0130lerleyen y\u0131llarda \u00fclkemi Avrupa&#8217;da temsil etmek isterim ama \u015fu anda tek odak noktam Fenerbah\u00e7e&#8221; dedi.<\/p>\n","protected":false},"excerpt":{"rendered":"<p>Fenerbah\u00e7e&#8217;nin gen\u00e7 futbolcusu Yusuf Ak\u00e7i\u00e7ek, UEFA Avrupa Ligi Play-off turunda Anderlecht&#8217;i eleyerek son 16&#8217;ya y\u00fckseldikten&hellip;<\/p>\n","protected":false},"author":1,"featured_media":82710,"comment_status":"open","ping_status":"open","sticky":false,"template":"","format":"standard","meta":{"footnotes":""},"categories":[7],"tags":[],"class_list":["post-82709","post","type-post","status-publish","format-standard","has-post-thumbnail","hentry","category-spor"],"yoast_head":"<!-- This site is optimized with the Yoast SEO Premium plugin v24.3 (Yoast SEO v27.4) - https:\/\/yoast.com\/product\/yoast-seo-premium-wordpress\/ -->\n<title>&quot;Fenerbah\u00e7e&#039;nin Gen\u00e7 Y\u0131ld\u0131z\u0131 Yusuf Ak\u00e7i\u00e7ek&#039;ten Fla\u015f A\u00e7\u0131klamalar!&quot; - E-&Ccedil;\u0130FTL\u0130K HABER<\/title>\n<meta name=\"description\" content=\"Fenerbah\u00e7e&#039;nin gen\u00e7 futbolcusu Yusuf Ak\u00e7i\u00e7ek, UEFA Avrupa Ligi Play-off turunda Anderlecht&#039;i eleyerek son 16&#039;ya y\u00fckseldikten sonra a\u00e7\u0131klamalarda bulundu.\" \/>\n<meta name=\"robots\" content=\"index, follow, max-snippet:-1, max-image-preview:large, max-video-preview:-1\" \/>\n<link rel=\"canonical\" href=\"http:\/\/e-ciftlik.com\/haberler\/spor\/fenerbahcenin-genc-yildizi-yusuf-akcicekten-flas-aciklamalar\/\" \/>\n<meta property=\"og:locale\" content=\"tr_TR\" \/>\n<meta property=\"og:type\" content=\"article\" \/>\n<meta property=\"og:title\" content=\"&quot;Fenerbah\u00e7e&#039;nin Gen\u00e7 Y\u0131ld\u0131z\u0131 Yusuf Ak\u00e7i\u00e7ek&#039;ten Fla\u015f A\u00e7\u0131klamalar!&quot;\" \/>\n<meta property=\"og:description\" content=\"Fenerbah\u00e7e&#039;nin gen\u00e7 futbolcusu Yusuf Ak\u00e7i\u00e7ek, UEFA Avrupa Ligi Play-off turunda Anderlecht&#039;i eleyerek son 16&#039;ya y\u00fckseldikten sonra a\u00e7\u0131klamalarda bulundu.\" \/>\n<meta property=\"og:url\" content=\"http:\/\/e-ciftlik.com\/haberler\/spor\/fenerbahcenin-genc-yildizi-yusuf-akcicekten-flas-aciklamalar\/\" \/>\n<meta property=\"og:site_name\" content=\"E-&Ccedil;\u0130FTL\u0130K HABER\" \/>\n<meta property=\"article:publisher\" content=\"https:\/\/www.facebook.com\/eciftlikturkiye\" \/>\n<meta property=\"article:published_time\" content=\"2025-02-21T03:03:13+00:00\" \/>\n<meta property=\"og:image\" content=\"http:\/\/e-ciftlik.com\/haberler\/wp-content\/uploads\/2025\/02\/1740106995_1200x628.jpeg\" \/>\n\t<meta property=\"og:image:width\" content=\"1200\" \/>\n\t<meta property=\"og:image:height\" content=\"628\" \/>\n\t<meta property=\"og:image:type\" content=\"image\/jpeg\" \/>\n<meta name=\"author\" content=\"Haber Merkezi\" \/>\n<meta name=\"twitter:card\" content=\"summary_large_image\" \/>\n<meta name=\"twitter:creator\" content=\"@eciftlikresmi\" \/>\n<meta name=\"twitter:site\" content=\"@eciftlikresmi\" \/>\n<meta name=\"twitter:label1\" content=\"Yazan:\" \/>\n\t<meta name=\"twitter:data1\" content=\"Haber Merkezi\" \/>\n\t<meta name=\"twitter:label2\" content=\"Tahmini okuma s\u00fcresi\" \/>\n\t<meta name=\"twitter:data2\" content=\"1 dakika\" \/>\n<script type=\"application\/ld+json\" class=\"yoast-schema-graph\">{\"@context\":\"https:\\\/\\\/schema.org\",\"@graph\":[{\"@type\":\"NewsArticle\",\"@id\":\"http:\\\/\\\/e-ciftlik.com\\\/haberler\\\/spor\\\/fenerbahcenin-genc-yildizi-yusuf-akcicekten-flas-aciklamalar\\\/#article\",\"isPartOf\":{\"@id\":\"http:\\\/\\\/e-ciftlik.com\\\/haberler\\\/spor\\\/fenerbahcenin-genc-yildizi-yusuf-akcicekten-flas-aciklamalar\\\/\"},\"author\":{\"name\":\"Haber Merkezi\",\"@id\":\"https:\\\/\\\/e-ciftlik.com\\\/haberler\\\/#\\\/schema\\\/person\\\/d2f4fee3143d7f72be82cb887d51b00a\"},\"headline\":\"&#8220;Fenerbah\u00e7e&#8217;nin Gen\u00e7 Y\u0131ld\u0131z\u0131 Yusuf Ak\u00e7i\u00e7ek&#8217;ten Fla\u015f A\u00e7\u0131klamalar!&#8221;\",\"datePublished\":\"2025-02-21T03:03:13+00:00\",\"mainEntityOfPage\":{\"@id\":\"http:\\\/\\\/e-ciftlik.com\\\/haberler\\\/spor\\\/fenerbahcenin-genc-yildizi-yusuf-akcicekten-flas-aciklamalar\\\/\"},\"wordCount\":171,\"commentCount\":0,\"publisher\":{\"@id\":\"https:\\\/\\\/e-ciftlik.com\\\/haberler\\\/#organization\"},\"image\":{\"@id\":\"http:\\\/\\\/e-ciftlik.com\\\/haberler\\\/spor\\\/fenerbahcenin-genc-yildizi-yusuf-akcicekten-flas-aciklamalar\\\/#primaryimage\"},\"thumbnailUrl\":\"https:\\\/\\\/e-ciftlik.com\\\/haberler\\\/wp-content\\\/uploads\\\/2025\\\/02\\\/1740106995_1200x628.jpeg\",\"articleSection\":[\"Spor\"],\"inLanguage\":\"tr\",\"potentialAction\":[{\"@type\":\"CommentAction\",\"name\":\"Comment\",\"target\":[\"http:\\\/\\\/e-ciftlik.com\\\/haberler\\\/spor\\\/fenerbahcenin-genc-yildizi-yusuf-akcicekten-flas-aciklamalar\\\/#respond\"]}]},{\"@type\":\"WebPage\",\"@id\":\"http:\\\/\\\/e-ciftlik.com\\\/haberler\\\/spor\\\/fenerbahcenin-genc-yildizi-yusuf-akcicekten-flas-aciklamalar\\\/\",\"url\":\"http:\\\/\\\/e-ciftlik.com\\\/haberler\\\/spor\\\/fenerbahcenin-genc-yildizi-yusuf-akcicekten-flas-aciklamalar\\\/\",\"name\":\"\\\"Fenerbah\u00e7e'nin Gen\u00e7 Y\u0131ld\u0131z\u0131 Yusuf Ak\u00e7i\u00e7ek'ten Fla\u015f A\u00e7\u0131klamalar!\\\" - E-&Ccedil;\u0130FTL\u0130K HABER\",\"isPartOf\":{\"@id\":\"https:\\\/\\\/e-ciftlik.com\\\/haberler\\\/#website\"},\"primaryImageOfPage\":{\"@id\":\"http:\\\/\\\/e-ciftlik.com\\\/haberler\\\/spor\\\/fenerbahcenin-genc-yildizi-yusuf-akcicekten-flas-aciklamalar\\\/#primaryimage\"},\"image\":{\"@id\":\"http:\\\/\\\/e-ciftlik.com\\\/haberler\\\/spor\\\/fenerbahcenin-genc-yildizi-yusuf-akcicekten-flas-aciklamalar\\\/#primaryimage\"},\"thumbnailUrl\":\"https:\\\/\\\/e-ciftlik.com\\\/haberler\\\/wp-content\\\/uploads\\\/2025\\\/02\\\/1740106995_1200x628.jpeg\",\"datePublished\":\"2025-02-21T03:03:13+00:00\",\"description\":\"Fenerbah\u00e7e'nin gen\u00e7 futbolcusu Yusuf Ak\u00e7i\u00e7ek, UEFA Avrupa Ligi Play-off turunda Anderlecht'i eleyerek son 16'ya y\u00fckseldikten sonra a\u00e7\u0131klamalarda bulundu.\",\"breadcrumb\":{\"@id\":\"http:\\\/\\\/e-ciftlik.com\\\/haberler\\\/spor\\\/fenerbahcenin-genc-yildizi-yusuf-akcicekten-flas-aciklamalar\\\/#breadcrumb\"},\"inLanguage\":\"tr\",\"potentialAction\":[{\"@type\":\"ReadAction\",\"target\":[\"http:\\\/\\\/e-ciftlik.com\\\/haberler\\\/spor\\\/fenerbahcenin-genc-yildizi-yusuf-akcicekten-flas-aciklamalar\\\/\"]}]},{\"@type\":\"ImageObject\",\"inLanguage\":\"tr\",\"@id\":\"http:\\\/\\\/e-ciftlik.com\\\/haberler\\\/spor\\\/fenerbahcenin-genc-yildizi-yusuf-akcicekten-flas-aciklamalar\\\/#primaryimage\",\"url\":\"https:\\\/\\\/e-ciftlik.com\\\/haberler\\\/wp-content\\\/uploads\\\/2025\\\/02\\\/1740106995_1200x628.jpeg\",\"contentUrl\":\"https:\\\/\\\/e-ciftlik.com\\\/haberler\\\/wp-content\\\/uploads\\\/2025\\\/02\\\/1740106995_1200x628.jpeg\",\"width\":1200,\"height\":628},{\"@type\":\"BreadcrumbList\",\"@id\":\"http:\\\/\\\/e-ciftlik.com\\\/haberler\\\/spor\\\/fenerbahcenin-genc-yildizi-yusuf-akcicekten-flas-aciklamalar\\\/#breadcrumb\",\"itemListElement\":[{\"@type\":\"ListItem\",\"position\":1,\"name\":\"Anasayfa\",\"item\":\"https:\\\/\\\/e-ciftlik.com\\\/haberler\\\/\"},{\"@type\":\"ListItem\",\"position\":2,\"name\":\"&#8220;Fenerbah\u00e7e&#8217;nin Gen\u00e7 Y\u0131ld\u0131z\u0131 Yusuf Ak\u00e7i\u00e7ek&#8217;ten Fla\u015f A\u00e7\u0131klamalar!&#8221;\"}]},{\"@type\":\"WebSite\",\"@id\":\"https:\\\/\\\/e-ciftlik.com\\\/haberler\\\/#website\",\"url\":\"https:\\\/\\\/e-ciftlik.com\\\/haberler\\\/\",\"name\":\"E-\u00c7iftlik Haber | G\u00fcncel, Son Dakika Haberler, En Son Haber\",\"description\":\"\",\"publisher\":{\"@id\":\"https:\\\/\\\/e-ciftlik.com\\\/haberler\\\/#organization\"},\"potentialAction\":[{\"@type\":\"SearchAction\",\"target\":{\"@type\":\"EntryPoint\",\"urlTemplate\":\"https:\\\/\\\/e-ciftlik.com\\\/haberler\\\/?s={search_term_string}\"},\"query-input\":{\"@type\":\"PropertyValueSpecification\",\"valueRequired\":true,\"valueName\":\"search_term_string\"}}],\"inLanguage\":\"tr\"},{\"@type\":\"Organization\",\"@id\":\"https:\\\/\\\/e-ciftlik.com\\\/haberler\\\/#organization\",\"name\":\"E-\u00c7\u0130FTL\u0130K HABER\",\"url\":\"https:\\\/\\\/e-ciftlik.com\\\/haberler\\\/\",\"logo\":{\"@type\":\"ImageObject\",\"inLanguage\":\"tr\",\"@id\":\"https:\\\/\\\/e-ciftlik.com\\\/haberler\\\/#\\\/schema\\\/logo\\\/image\\\/\",\"url\":\"https:\\\/\\\/e-ciftlik.com\\\/haberler\\\/wp-content\\\/uploads\\\/2024\\\/06\\\/cropped-cropped-favicon-1-2.png\",\"contentUrl\":\"https:\\\/\\\/e-ciftlik.com\\\/haberler\\\/wp-content\\\/uploads\\\/2024\\\/06\\\/cropped-cropped-favicon-1-2.png\",\"width\":512,\"height\":512,\"caption\":\"E-\u00c7\u0130FTL\u0130K HABER\"},\"image\":{\"@id\":\"https:\\\/\\\/e-ciftlik.com\\\/haberler\\\/#\\\/schema\\\/logo\\\/image\\\/\"},\"sameAs\":[\"https:\\\/\\\/www.facebook.com\\\/eciftlikturkiye\",\"https:\\\/\\\/x.com\\\/eciftlikresmi\",\"https:\\\/\\\/www.instagram.com\\\/eciftlikresmi\\\/\"]},{\"@type\":\"Person\",\"@id\":\"https:\\\/\\\/e-ciftlik.com\\\/haberler\\\/#\\\/schema\\\/person\\\/d2f4fee3143d7f72be82cb887d51b00a\",\"name\":\"Haber Merkezi\",\"image\":{\"@type\":\"ImageObject\",\"inLanguage\":\"tr\",\"@id\":\"https:\\\/\\\/secure.gravatar.com\\\/avatar\\\/6c27d641914e66c1d0452c92716002398782818991d86db1c2cccb531e7c7c82?s=96&d=mm&r=g\",\"url\":\"https:\\\/\\\/secure.gravatar.com\\\/avatar\\\/6c27d641914e66c1d0452c92716002398782818991d86db1c2cccb531e7c7c82?s=96&d=mm&r=g\",\"contentUrl\":\"https:\\\/\\\/secure.gravatar.com\\\/avatar\\\/6c27d641914e66c1d0452c92716002398782818991d86db1c2cccb531e7c7c82?s=96&d=mm&r=g\",\"caption\":\"Haber Merkezi\"},\"sameAs\":[\"http:\\\/\\\/e-ciftlik.com\\\/haberler\"]}]}<\/script>\n<!-- \/ Yoast SEO Premium plugin. -->","yoast_head_json":{"title":"\"Fenerbah\u00e7e'nin Gen\u00e7 Y\u0131ld\u0131z\u0131 Yusuf Ak\u00e7i\u00e7ek'ten Fla\u015f A\u00e7\u0131klamalar!\" - E-&Ccedil;\u0130FTL\u0130K HABER","description":"Fenerbah\u00e7e'nin gen\u00e7 futbolcusu Yusuf Ak\u00e7i\u00e7ek, UEFA Avrupa Ligi Play-off turunda Anderlecht'i eleyerek son 16'ya y\u00fckseldikten sonra a\u00e7\u0131klamalarda bulundu.","robots":{"index":"index","follow":"follow","max-snippet":"max-snippet:-1","max-image-preview":"max-image-preview:large","max-video-preview":"max-video-preview:-1"},"canonical":"http:\/\/e-ciftlik.com\/haberler\/spor\/fenerbahcenin-genc-yildizi-yusuf-akcicekten-flas-aciklamalar\/","og_locale":"tr_TR","og_type":"article","og_title":"\"Fenerbah\u00e7e'nin Gen\u00e7 Y\u0131ld\u0131z\u0131 Yusuf Ak\u00e7i\u00e7ek'ten Fla\u015f A\u00e7\u0131klamalar!\"","og_description":"Fenerbah\u00e7e'nin gen\u00e7 futbolcusu Yusuf Ak\u00e7i\u00e7ek, UEFA Avrupa Ligi Play-off turunda Anderlecht'i eleyerek son 16'ya y\u00fckseldikten sonra a\u00e7\u0131klamalarda bulundu.","og_url":"http:\/\/e-ciftlik.com\/haberler\/spor\/fenerbahcenin-genc-yildizi-yusuf-akcicekten-flas-aciklamalar\/","og_site_name":"E-&Ccedil;\u0130FTL\u0130K HABER","article_publisher":"https:\/\/www.facebook.com\/eciftlikturkiye","article_published_time":"2025-02-21T03:03:13+00:00","og_image":[{"width":1200,"height":628,"url":"http:\/\/e-ciftlik.com\/haberler\/wp-content\/uploads\/2025\/02\/1740106995_1200x628.jpeg","type":"image\/jpeg"}],"author":"Haber Merkezi","twitter_card":"summary_large_image","twitter_creator":"@eciftlikresmi","twitter_site":"@eciftlikresmi","twitter_misc":{"Yazan:":"Haber Merkezi","Tahmini okuma s\u00fcresi":"1 dakika"},"schema":{"@context":"https:\/\/schema.org","@graph":[{"@type":"NewsArticle","@id":"http:\/\/e-ciftlik.com\/haberler\/spor\/fenerbahcenin-genc-yildizi-yusuf-akcicekten-flas-aciklamalar\/#article","isPartOf":{"@id":"http:\/\/e-ciftlik.com\/haberler\/spor\/fenerbahcenin-genc-yildizi-yusuf-akcicekten-flas-aciklamalar\/"},"author":{"name":"Haber Merkezi","@id":"https:\/\/e-ciftlik.com\/haberler\/#\/schema\/person\/d2f4fee3143d7f72be82cb887d51b00a"},"headline":"&#8220;Fenerbah\u00e7e&#8217;nin Gen\u00e7 Y\u0131ld\u0131z\u0131 Yusuf Ak\u00e7i\u00e7ek&#8217;ten Fla\u015f A\u00e7\u0131klamalar!&#8221;","datePublished":"2025-02-21T03:03:13+00:00","mainEntityOfPage":{"@id":"http:\/\/e-ciftlik.com\/haberler\/spor\/fenerbahcenin-genc-yildizi-yusuf-akcicekten-flas-aciklamalar\/"},"wordCount":171,"commentCount":0,"publisher":{"@id":"https:\/\/e-ciftlik.com\/haberler\/#organization"},"image":{"@id":"http:\/\/e-ciftlik.com\/haberler\/spor\/fenerbahcenin-genc-yildizi-yusuf-akcicekten-flas-aciklamalar\/#primaryimage"},"thumbnailUrl":"https:\/\/e-ciftlik.com\/haberler\/wp-content\/uploads\/2025\/02\/1740106995_1200x628.jpeg","articleSection":["Spor"],"inLanguage":"tr","potentialAction":[{"@type":"CommentAction","name":"Comment","target":["http:\/\/e-ciftlik.com\/haberler\/spor\/fenerbahcenin-genc-yildizi-yusuf-akcicekten-flas-aciklamalar\/#respond"]}]},{"@type":"WebPage","@id":"http:\/\/e-ciftlik.com\/haberler\/spor\/fenerbahcenin-genc-yildizi-yusuf-akcicekten-flas-aciklamalar\/","url":"http:\/\/e-ciftlik.com\/haberler\/spor\/fenerbahcenin-genc-yildizi-yusuf-akcicekten-flas-aciklamalar\/","name":"\"Fenerbah\u00e7e'nin Gen\u00e7 Y\u0131ld\u0131z\u0131 Yusuf Ak\u00e7i\u00e7ek'ten Fla\u015f A\u00e7\u0131klamalar!\" - E-&Ccedil;\u0130FTL\u0130K HABER","isPartOf":{"@id":"https:\/\/e-ciftlik.com\/haberler\/#website"},"primaryImageOfPage":{"@id":"http:\/\/e-ciftlik.com\/haberler\/spor\/fenerbahcenin-genc-yildizi-yusuf-akcicekten-flas-aciklamalar\/#primaryimage"},"image":{"@id":"http:\/\/e-ciftlik.com\/haberler\/spor\/fenerbahcenin-genc-yildizi-yusuf-akcicekten-flas-aciklamalar\/#primaryimage"},"thumbnailUrl":"https:\/\/e-ciftlik.com\/haberler\/wp-content\/uploads\/2025\/02\/1740106995_1200x628.jpeg","datePublished":"2025-02-21T03:03:13+00:00","description":"Fenerbah\u00e7e'nin gen\u00e7 futbolcusu Yusuf Ak\u00e7i\u00e7ek, UEFA Avrupa Ligi Play-off turunda Anderlecht'i eleyerek son 16'ya y\u00fckseldikten sonra a\u00e7\u0131klamalarda bulundu.","breadcrumb":{"@id":"http:\/\/e-ciftlik.com\/haberler\/spor\/fenerbahcenin-genc-yildizi-yusuf-akcicekten-flas-aciklamalar\/#breadcrumb"},"inLanguage":"tr","potentialAction":[{"@type":"ReadAction","target":["http:\/\/e-ciftlik.com\/haberler\/spor\/fenerbahcenin-genc-yildizi-yusuf-akcicekten-flas-aciklamalar\/"]}]},{"@type":"ImageObject","inLanguage":"tr","@id":"http:\/\/e-ciftlik.com\/haberler\/spor\/fenerbahcenin-genc-yildizi-yusuf-akcicekten-flas-aciklamalar\/#primaryimage","url":"https:\/\/e-ciftlik.com\/haberler\/wp-content\/uploads\/2025\/02\/1740106995_1200x628.jpeg","contentUrl":"https:\/\/e-ciftlik.com\/haberler\/wp-content\/uploads\/2025\/02\/1740106995_1200x628.jpeg","width":1200,"height":628},{"@type":"BreadcrumbList","@id":"http:\/\/e-ciftlik.com\/haberler\/spor\/fenerbahcenin-genc-yildizi-yusuf-akcicekten-flas-aciklamalar\/#breadcrumb","itemListElement":[{"@type":"ListItem","position":1,"name":"Anasayfa","item":"https:\/\/e-ciftlik.com\/haberler\/"},{"@type":"ListItem","position":2,"name":"&#8220;Fenerbah\u00e7e&#8217;nin Gen\u00e7 Y\u0131ld\u0131z\u0131 Yusuf Ak\u00e7i\u00e7ek&#8217;ten Fla\u015f A\u00e7\u0131klamalar!&#8221;"}]},{"@type":"WebSite","@id":"https:\/\/e-ciftlik.com\/haberler\/#website","url":"https:\/\/e-ciftlik.com\/haberler\/","name":"E-\u00c7iftlik Haber | G\u00fcncel, Son Dakika Haberler, En Son Haber","description":"","publisher":{"@id":"https:\/\/e-ciftlik.com\/haberler\/#organization"},"potentialAction":[{"@type":"SearchAction","target":{"@type":"EntryPoint","urlTemplate":"https:\/\/e-ciftlik.com\/haberler\/?s={search_term_string}"},"query-input":{"@type":"PropertyValueSpecification","valueRequired":true,"valueName":"search_term_string"}}],"inLanguage":"tr"},{"@type":"Organization","@id":"https:\/\/e-ciftlik.com\/haberler\/#organization","name":"E-\u00c7\u0130FTL\u0130K HABER","url":"https:\/\/e-ciftlik.com\/haberler\/","logo":{"@type":"ImageObject","inLanguage":"tr","@id":"https:\/\/e-ciftlik.com\/haberler\/#\/schema\/logo\/image\/","url":"https:\/\/e-ciftlik.com\/haberler\/wp-content\/uploads\/2024\/06\/cropped-cropped-favicon-1-2.png","contentUrl":"https:\/\/e-ciftlik.com\/haberler\/wp-content\/uploads\/2024\/06\/cropped-cropped-favicon-1-2.png","width":512,"height":512,"caption":"E-\u00c7\u0130FTL\u0130K HABER"},"image":{"@id":"https:\/\/e-ciftlik.com\/haberler\/#\/schema\/logo\/image\/"},"sameAs":["https:\/\/www.facebook.com\/eciftlikturkiye","https:\/\/x.com\/eciftlikresmi","https:\/\/www.instagram.com\/eciftlikresmi\/"]},{"@type":"Person","@id":"https:\/\/e-ciftlik.com\/haberler\/#\/schema\/person\/d2f4fee3143d7f72be82cb887d51b00a","name":"Haber Merkezi","image":{"@type":"ImageObject","inLanguage":"tr","@id":"https:\/\/secure.gravatar.com\/avatar\/6c27d641914e66c1d0452c92716002398782818991d86db1c2cccb531e7c7c82?s=96&d=mm&r=g","url":"https:\/\/secure.gravatar.com\/avatar\/6c27d641914e66c1d0452c92716002398782818991d86db1c2cccb531e7c7c82?s=96&d=mm&r=g","contentUrl":"https:\/\/secure.gravatar.com\/avatar\/6c27d641914e66c1d0452c92716002398782818991d86db1c2cccb531e7c7c82?s=96&d=mm&r=g","caption":"Haber Merkezi"},"sameAs":["http:\/\/e-ciftlik.com\/haberler"]}]}},"_links":{"self":[{"href":"https:\/\/e-ciftlik.com\/haberler\/wp-json\/wp\/v2\/posts\/82709","targetHints":{"allow":["GET"]}}],"collection":[{"href":"https:\/\/e-ciftlik.com\/haberler\/wp-json\/wp\/v2\/posts"}],"about":[{"href":"https:\/\/e-ciftlik.com\/haberler\/wp-json\/wp\/v2\/types\/post"}],"author":[{"embeddable":true,"href":"https:\/\/e-ciftlik.com\/haberler\/wp-json\/wp\/v2\/users\/1"}],"replies":[{"embeddable":true,"href":"https:\/\/e-ciftlik.com\/haberler\/wp-json\/wp\/v2\/comments?post=82709"}],"version-history":[{"count":0,"href":"https:\/\/e-ciftlik.com\/haberler\/wp-json\/wp\/v2\/posts\/82709\/revisions"}],"wp:featuredmedia":[{"embeddable":true,"href":"https:\/\/e-ciftlik.com\/haberler\/wp-json\/wp\/v2\/media\/82710"}],"wp:attachment":[{"href":"https:\/\/e-ciftlik.com\/haberler\/wp-json\/wp\/v2\/media?parent=82709"}],"wp:term":[{"taxonomy":"category","embeddable":true,"href":"https:\/\/e-ciftlik.com\/haberler\/wp-json\/wp\/v2\/categories?post=82709"},{"taxonomy":"post_tag","embeddable":true,"href":"https:\/\/e-ciftlik.com\/haberler\/wp-json\/wp\/v2\/tags?post=82709"}],"curies":[{"name":"wp","href":"https:\/\/api.w.org\/{rel}","templated":true}]}}