{"id":82719,"date":"2025-02-21T03:37:17","date_gmt":"2025-02-21T03:37:17","guid":{"rendered":"http:\/\/e-ciftlik.com\/haberler\/spor\/fenerbahce-anderlecht-deplasmaninda-mourinhodan-onemli-aciklamalar\/"},"modified":"2025-02-21T03:37:17","modified_gmt":"2025-02-21T03:37:17","slug":"fenerbahce-anderlecht-deplasmaninda-mourinhodan-onemli-aciklamalar","status":"publish","type":"post","link":"https:\/\/e-ciftlik.com\/haberler\/spor\/fenerbahce-anderlecht-deplasmaninda-mourinhodan-onemli-aciklamalar\/","title":{"rendered":"Fenerbah\u00e7e, Anderlecht deplasman\u0131nda Mourinho&#8217;dan \u00f6nemli a\u00e7\u0131klamalar"},"content":{"rendered":"<p>Fenerbah\u00e7e, UEFA Avrupa Ligi son 16 play-off turu r\u00f6van\u015f ma\u00e7\u0131nda Anderlecht&#8217;e deplasmanda kar\u015f\u0131 kar\u015f\u0131ya gelecek.<\/p>\n<p>Sar\u0131-lacivertlilerin teknik direkt\u00f6r\u00fc Jose Mourinho, kritik m\u00fccadele \u00f6ncesinde a\u00e7\u0131klamalarda bulundu.<\/p>\n<p>Mourinho&#8217;nun yapt\u0131\u011f\u0131 a\u00e7\u0131klamalar \u015fu \u015fekilde:<\/p>\n<p>&#8220;Turu ge\u00e7ersek mutlu oluruz. \u015eu anda sadece ma\u00e7\u0131 oynay\u0131p, kazanmay\u0131 d\u00fc\u015f\u00fcn\u00fcyoruz. Rakip de\u011fi\u015fiklikler yapt\u0131 kadrosunda, \u00fc\u00e7l\u00fc savunmayla oynamay\u0131 d\u00fc\u015f\u00fcnebilirler. Bir bask\u0131 \u015feklimiz olacak ona g\u00f6re. \u00d6nemli bug\u00fcn sadece bu ma\u00e7a odaklanmak. Ciddi oynamal\u0131, istedi\u011fimiz sonucu almal\u0131y\u0131z.<\/p>\n<p>SAKATLIK A\u00c7IKLAMASI<\/p>\n<p>\u0130yi bir d\u00f6nemden ge\u00e7iyoruz ama Futbol futboldur. \u0130\u015fler \u00e7ok \u00e7abuk de\u011fi\u015febilir. Her zaman \u00f6ncelik \u00f6n\u00fcn\u00fczdeki ma\u00e7 i\u00e7indir. Tak\u0131m \u00e7ok zorluklar ya\u015fad\u0131. Belki tak\u0131m daha birbirine ba\u011fl\u0131d\u0131r ama ger\u00e7ek \u015fu ki \u00f6n\u00fcm\u00fczdeki periyota bakt\u0131\u011f\u0131n\u0131zda her ma\u00e7 \u00f6nemli. Hepsini ciddiye almal\u0131y\u0131z. Bug\u00fcn Mert M\u00fcld\u00fcr kul\u00fcbede ama onun bir sakatl\u0131\u011f\u0131 var. Ekstrem bir olmad\u0131\u011f\u0131 s\u00fcrece bug\u00fcn oynamayacak.&#8221;<\/p>\n","protected":false},"excerpt":{"rendered":"<p>Fenerbah\u00e7e, UEFA Avrupa Ligi son 16 play-off turu r\u00f6van\u015f ma\u00e7\u0131nda Anderlecht&#8217;e deplasmanda kar\u015f\u0131 kar\u015f\u0131ya gelecek.&hellip;<\/p>\n","protected":false},"author":1,"featured_media":81924,"comment_status":"open","ping_status":"open","sticky":false,"template":"","format":"standard","meta":{"footnotes":""},"categories":[7],"tags":[],"class_list":["post-82719","post","type-post","status-publish","format-standard","has-post-thumbnail","hentry","category-spor"],"yoast_head":"<!-- This site is optimized with the Yoast SEO Premium plugin v24.3 (Yoast SEO v27.4) - https:\/\/yoast.com\/product\/yoast-seo-premium-wordpress\/ -->\n<title>Fenerbah\u00e7e, Anderlecht deplasman\u0131nda Mourinho&#039;dan \u00f6nemli a\u00e7\u0131klamalar - E-&Ccedil;\u0130FTL\u0130K HABER<\/title>\n<meta name=\"description\" content=\"Fenerbah\u00e7e, UEFA Avrupa Ligi son 16 play-off turu r\u00f6van\u015f ma\u00e7\u0131nda Anderlecht&#039;e deplasmanda kar\u015f\u0131 kar\u015f\u0131ya gelecek. Sar\u0131-lacivertlilerin teknik direkt\u00f6r\u00fc\" \/>\n<meta name=\"robots\" content=\"index, follow, max-snippet:-1, max-image-preview:large, max-video-preview:-1\" \/>\n<link rel=\"canonical\" href=\"http:\/\/e-ciftlik.com\/haberler\/spor\/fenerbahce-anderlecht-deplasmaninda-mourinhodan-onemli-aciklamalar\/\" \/>\n<meta property=\"og:locale\" content=\"tr_TR\" \/>\n<meta property=\"og:type\" content=\"article\" \/>\n<meta property=\"og:title\" content=\"Fenerbah\u00e7e, Anderlecht deplasman\u0131nda Mourinho&#039;dan \u00f6nemli a\u00e7\u0131klamalar\" \/>\n<meta property=\"og:description\" content=\"Fenerbah\u00e7e, UEFA Avrupa Ligi son 16 play-off turu r\u00f6van\u015f ma\u00e7\u0131nda Anderlecht&#039;e deplasmanda kar\u015f\u0131 kar\u015f\u0131ya gelecek. Sar\u0131-lacivertlilerin teknik direkt\u00f6r\u00fc\" \/>\n<meta property=\"og:url\" content=\"http:\/\/e-ciftlik.com\/haberler\/spor\/fenerbahce-anderlecht-deplasmaninda-mourinhodan-onemli-aciklamalar\/\" \/>\n<meta property=\"og:site_name\" content=\"E-&Ccedil;\u0130FTL\u0130K HABER\" \/>\n<meta property=\"article:publisher\" content=\"https:\/\/www.facebook.com\/eciftlikturkiye\" \/>\n<meta property=\"article:published_time\" content=\"2025-02-21T03:37:17+00:00\" \/>\n<meta property=\"og:image\" content=\"http:\/\/e-ciftlik.com\/haberler\/wp-content\/uploads\/2025\/02\/xvA_fNGy4kKkTqJvHIGu0g.jpg\" \/>\n\t<meta property=\"og:image:width\" content=\"1080\" \/>\n\t<meta property=\"og:image:height\" content=\"613\" \/>\n\t<meta property=\"og:image:type\" content=\"image\/jpeg\" \/>\n<meta name=\"author\" content=\"Haber Merkezi\" \/>\n<meta name=\"twitter:card\" content=\"summary_large_image\" \/>\n<meta name=\"twitter:creator\" content=\"@eciftlikresmi\" \/>\n<meta name=\"twitter:site\" content=\"@eciftlikresmi\" \/>\n<meta name=\"twitter:label1\" content=\"Yazan:\" \/>\n\t<meta name=\"twitter:data1\" content=\"Haber Merkezi\" \/>\n\t<meta name=\"twitter:label2\" content=\"Tahmini okuma s\u00fcresi\" \/>\n\t<meta name=\"twitter:data2\" content=\"1 dakika\" \/>\n<script type=\"application\/ld+json\" class=\"yoast-schema-graph\">{\"@context\":\"https:\\\/\\\/schema.org\",\"@graph\":[{\"@type\":\"NewsArticle\",\"@id\":\"http:\\\/\\\/e-ciftlik.com\\\/haberler\\\/spor\\\/fenerbahce-anderlecht-deplasmaninda-mourinhodan-onemli-aciklamalar\\\/#article\",\"isPartOf\":{\"@id\":\"http:\\\/\\\/e-ciftlik.com\\\/haberler\\\/spor\\\/fenerbahce-anderlecht-deplasmaninda-mourinhodan-onemli-aciklamalar\\\/\"},\"author\":{\"name\":\"Haber Merkezi\",\"@id\":\"https:\\\/\\\/e-ciftlik.com\\\/haberler\\\/#\\\/schema\\\/person\\\/d2f4fee3143d7f72be82cb887d51b00a\"},\"headline\":\"Fenerbah\u00e7e, Anderlecht deplasman\u0131nda Mourinho&#8217;dan \u00f6nemli a\u00e7\u0131klamalar\",\"datePublished\":\"2025-02-21T03:37:17+00:00\",\"mainEntityOfPage\":{\"@id\":\"http:\\\/\\\/e-ciftlik.com\\\/haberler\\\/spor\\\/fenerbahce-anderlecht-deplasmaninda-mourinhodan-onemli-aciklamalar\\\/\"},\"wordCount\":182,\"commentCount\":0,\"publisher\":{\"@id\":\"https:\\\/\\\/e-ciftlik.com\\\/haberler\\\/#organization\"},\"image\":{\"@id\":\"http:\\\/\\\/e-ciftlik.com\\\/haberler\\\/spor\\\/fenerbahce-anderlecht-deplasmaninda-mourinhodan-onemli-aciklamalar\\\/#primaryimage\"},\"thumbnailUrl\":\"https:\\\/\\\/e-ciftlik.com\\\/haberler\\\/wp-content\\\/uploads\\\/2025\\\/02\\\/xvA_fNGy4kKkTqJvHIGu0g.jpg\",\"articleSection\":[\"Spor\"],\"inLanguage\":\"tr\",\"potentialAction\":[{\"@type\":\"CommentAction\",\"name\":\"Comment\",\"target\":[\"http:\\\/\\\/e-ciftlik.com\\\/haberler\\\/spor\\\/fenerbahce-anderlecht-deplasmaninda-mourinhodan-onemli-aciklamalar\\\/#respond\"]}]},{\"@type\":\"WebPage\",\"@id\":\"http:\\\/\\\/e-ciftlik.com\\\/haberler\\\/spor\\\/fenerbahce-anderlecht-deplasmaninda-mourinhodan-onemli-aciklamalar\\\/\",\"url\":\"http:\\\/\\\/e-ciftlik.com\\\/haberler\\\/spor\\\/fenerbahce-anderlecht-deplasmaninda-mourinhodan-onemli-aciklamalar\\\/\",\"name\":\"Fenerbah\u00e7e, Anderlecht deplasman\u0131nda Mourinho'dan \u00f6nemli a\u00e7\u0131klamalar - E-&Ccedil;\u0130FTL\u0130K HABER\",\"isPartOf\":{\"@id\":\"https:\\\/\\\/e-ciftlik.com\\\/haberler\\\/#website\"},\"primaryImageOfPage\":{\"@id\":\"http:\\\/\\\/e-ciftlik.com\\\/haberler\\\/spor\\\/fenerbahce-anderlecht-deplasmaninda-mourinhodan-onemli-aciklamalar\\\/#primaryimage\"},\"image\":{\"@id\":\"http:\\\/\\\/e-ciftlik.com\\\/haberler\\\/spor\\\/fenerbahce-anderlecht-deplasmaninda-mourinhodan-onemli-aciklamalar\\\/#primaryimage\"},\"thumbnailUrl\":\"https:\\\/\\\/e-ciftlik.com\\\/haberler\\\/wp-content\\\/uploads\\\/2025\\\/02\\\/xvA_fNGy4kKkTqJvHIGu0g.jpg\",\"datePublished\":\"2025-02-21T03:37:17+00:00\",\"description\":\"Fenerbah\u00e7e, UEFA Avrupa Ligi son 16 play-off turu r\u00f6van\u015f ma\u00e7\u0131nda Anderlecht'e deplasmanda kar\u015f\u0131 kar\u015f\u0131ya gelecek. Sar\u0131-lacivertlilerin teknik direkt\u00f6r\u00fc\",\"breadcrumb\":{\"@id\":\"http:\\\/\\\/e-ciftlik.com\\\/haberler\\\/spor\\\/fenerbahce-anderlecht-deplasmaninda-mourinhodan-onemli-aciklamalar\\\/#breadcrumb\"},\"inLanguage\":\"tr\",\"potentialAction\":[{\"@type\":\"ReadAction\",\"target\":[\"http:\\\/\\\/e-ciftlik.com\\\/haberler\\\/spor\\\/fenerbahce-anderlecht-deplasmaninda-mourinhodan-onemli-aciklamalar\\\/\"]}]},{\"@type\":\"ImageObject\",\"inLanguage\":\"tr\",\"@id\":\"http:\\\/\\\/e-ciftlik.com\\\/haberler\\\/spor\\\/fenerbahce-anderlecht-deplasmaninda-mourinhodan-onemli-aciklamalar\\\/#primaryimage\",\"url\":\"https:\\\/\\\/e-ciftlik.com\\\/haberler\\\/wp-content\\\/uploads\\\/2025\\\/02\\\/xvA_fNGy4kKkTqJvHIGu0g.jpg\",\"contentUrl\":\"https:\\\/\\\/e-ciftlik.com\\\/haberler\\\/wp-content\\\/uploads\\\/2025\\\/02\\\/xvA_fNGy4kKkTqJvHIGu0g.jpg\",\"width\":1080,\"height\":613},{\"@type\":\"BreadcrumbList\",\"@id\":\"http:\\\/\\\/e-ciftlik.com\\\/haberler\\\/spor\\\/fenerbahce-anderlecht-deplasmaninda-mourinhodan-onemli-aciklamalar\\\/#breadcrumb\",\"itemListElement\":[{\"@type\":\"ListItem\",\"position\":1,\"name\":\"Anasayfa\",\"item\":\"https:\\\/\\\/e-ciftlik.com\\\/haberler\\\/\"},{\"@type\":\"ListItem\",\"position\":2,\"name\":\"Fenerbah\u00e7e, Anderlecht deplasman\u0131nda Mourinho&#8217;dan \u00f6nemli a\u00e7\u0131klamalar\"}]},{\"@type\":\"WebSite\",\"@id\":\"https:\\\/\\\/e-ciftlik.com\\\/haberler\\\/#website\",\"url\":\"https:\\\/\\\/e-ciftlik.com\\\/haberler\\\/\",\"name\":\"E-\u00c7iftlik Haber | G\u00fcncel, Son Dakika Haberler, En Son Haber\",\"description\":\"\",\"publisher\":{\"@id\":\"https:\\\/\\\/e-ciftlik.com\\\/haberler\\\/#organization\"},\"potentialAction\":[{\"@type\":\"SearchAction\",\"target\":{\"@type\":\"EntryPoint\",\"urlTemplate\":\"https:\\\/\\\/e-ciftlik.com\\\/haberler\\\/?s={search_term_string}\"},\"query-input\":{\"@type\":\"PropertyValueSpecification\",\"valueRequired\":true,\"valueName\":\"search_term_string\"}}],\"inLanguage\":\"tr\"},{\"@type\":\"Organization\",\"@id\":\"https:\\\/\\\/e-ciftlik.com\\\/haberler\\\/#organization\",\"name\":\"E-\u00c7\u0130FTL\u0130K HABER\",\"url\":\"https:\\\/\\\/e-ciftlik.com\\\/haberler\\\/\",\"logo\":{\"@type\":\"ImageObject\",\"inLanguage\":\"tr\",\"@id\":\"https:\\\/\\\/e-ciftlik.com\\\/haberler\\\/#\\\/schema\\\/logo\\\/image\\\/\",\"url\":\"https:\\\/\\\/e-ciftlik.com\\\/haberler\\\/wp-content\\\/uploads\\\/2024\\\/06\\\/cropped-cropped-favicon-1-2.png\",\"contentUrl\":\"https:\\\/\\\/e-ciftlik.com\\\/haberler\\\/wp-content\\\/uploads\\\/2024\\\/06\\\/cropped-cropped-favicon-1-2.png\",\"width\":512,\"height\":512,\"caption\":\"E-\u00c7\u0130FTL\u0130K HABER\"},\"image\":{\"@id\":\"https:\\\/\\\/e-ciftlik.com\\\/haberler\\\/#\\\/schema\\\/logo\\\/image\\\/\"},\"sameAs\":[\"https:\\\/\\\/www.facebook.com\\\/eciftlikturkiye\",\"https:\\\/\\\/x.com\\\/eciftlikresmi\",\"https:\\\/\\\/www.instagram.com\\\/eciftlikresmi\\\/\"]},{\"@type\":\"Person\",\"@id\":\"https:\\\/\\\/e-ciftlik.com\\\/haberler\\\/#\\\/schema\\\/person\\\/d2f4fee3143d7f72be82cb887d51b00a\",\"name\":\"Haber Merkezi\",\"image\":{\"@type\":\"ImageObject\",\"inLanguage\":\"tr\",\"@id\":\"https:\\\/\\\/secure.gravatar.com\\\/avatar\\\/6c27d641914e66c1d0452c92716002398782818991d86db1c2cccb531e7c7c82?s=96&d=mm&r=g\",\"url\":\"https:\\\/\\\/secure.gravatar.com\\\/avatar\\\/6c27d641914e66c1d0452c92716002398782818991d86db1c2cccb531e7c7c82?s=96&d=mm&r=g\",\"contentUrl\":\"https:\\\/\\\/secure.gravatar.com\\\/avatar\\\/6c27d641914e66c1d0452c92716002398782818991d86db1c2cccb531e7c7c82?s=96&d=mm&r=g\",\"caption\":\"Haber Merkezi\"},\"sameAs\":[\"http:\\\/\\\/e-ciftlik.com\\\/haberler\"]}]}<\/script>\n<!-- \/ Yoast SEO Premium plugin. -->","yoast_head_json":{"title":"Fenerbah\u00e7e, Anderlecht deplasman\u0131nda Mourinho'dan \u00f6nemli a\u00e7\u0131klamalar - E-&Ccedil;\u0130FTL\u0130K HABER","description":"Fenerbah\u00e7e, UEFA Avrupa Ligi son 16 play-off turu r\u00f6van\u015f ma\u00e7\u0131nda Anderlecht'e deplasmanda kar\u015f\u0131 kar\u015f\u0131ya gelecek. Sar\u0131-lacivertlilerin teknik direkt\u00f6r\u00fc","robots":{"index":"index","follow":"follow","max-snippet":"max-snippet:-1","max-image-preview":"max-image-preview:large","max-video-preview":"max-video-preview:-1"},"canonical":"http:\/\/e-ciftlik.com\/haberler\/spor\/fenerbahce-anderlecht-deplasmaninda-mourinhodan-onemli-aciklamalar\/","og_locale":"tr_TR","og_type":"article","og_title":"Fenerbah\u00e7e, Anderlecht deplasman\u0131nda Mourinho'dan \u00f6nemli a\u00e7\u0131klamalar","og_description":"Fenerbah\u00e7e, UEFA Avrupa Ligi son 16 play-off turu r\u00f6van\u015f ma\u00e7\u0131nda Anderlecht'e deplasmanda kar\u015f\u0131 kar\u015f\u0131ya gelecek. Sar\u0131-lacivertlilerin teknik direkt\u00f6r\u00fc","og_url":"http:\/\/e-ciftlik.com\/haberler\/spor\/fenerbahce-anderlecht-deplasmaninda-mourinhodan-onemli-aciklamalar\/","og_site_name":"E-&Ccedil;\u0130FTL\u0130K HABER","article_publisher":"https:\/\/www.facebook.com\/eciftlikturkiye","article_published_time":"2025-02-21T03:37:17+00:00","og_image":[{"width":1080,"height":613,"url":"http:\/\/e-ciftlik.com\/haberler\/wp-content\/uploads\/2025\/02\/xvA_fNGy4kKkTqJvHIGu0g.jpg","type":"image\/jpeg"}],"author":"Haber Merkezi","twitter_card":"summary_large_image","twitter_creator":"@eciftlikresmi","twitter_site":"@eciftlikresmi","twitter_misc":{"Yazan:":"Haber Merkezi","Tahmini okuma s\u00fcresi":"1 dakika"},"schema":{"@context":"https:\/\/schema.org","@graph":[{"@type":"NewsArticle","@id":"http:\/\/e-ciftlik.com\/haberler\/spor\/fenerbahce-anderlecht-deplasmaninda-mourinhodan-onemli-aciklamalar\/#article","isPartOf":{"@id":"http:\/\/e-ciftlik.com\/haberler\/spor\/fenerbahce-anderlecht-deplasmaninda-mourinhodan-onemli-aciklamalar\/"},"author":{"name":"Haber Merkezi","@id":"https:\/\/e-ciftlik.com\/haberler\/#\/schema\/person\/d2f4fee3143d7f72be82cb887d51b00a"},"headline":"Fenerbah\u00e7e, Anderlecht deplasman\u0131nda Mourinho&#8217;dan \u00f6nemli a\u00e7\u0131klamalar","datePublished":"2025-02-21T03:37:17+00:00","mainEntityOfPage":{"@id":"http:\/\/e-ciftlik.com\/haberler\/spor\/fenerbahce-anderlecht-deplasmaninda-mourinhodan-onemli-aciklamalar\/"},"wordCount":182,"commentCount":0,"publisher":{"@id":"https:\/\/e-ciftlik.com\/haberler\/#organization"},"image":{"@id":"http:\/\/e-ciftlik.com\/haberler\/spor\/fenerbahce-anderlecht-deplasmaninda-mourinhodan-onemli-aciklamalar\/#primaryimage"},"thumbnailUrl":"https:\/\/e-ciftlik.com\/haberler\/wp-content\/uploads\/2025\/02\/xvA_fNGy4kKkTqJvHIGu0g.jpg","articleSection":["Spor"],"inLanguage":"tr","potentialAction":[{"@type":"CommentAction","name":"Comment","target":["http:\/\/e-ciftlik.com\/haberler\/spor\/fenerbahce-anderlecht-deplasmaninda-mourinhodan-onemli-aciklamalar\/#respond"]}]},{"@type":"WebPage","@id":"http:\/\/e-ciftlik.com\/haberler\/spor\/fenerbahce-anderlecht-deplasmaninda-mourinhodan-onemli-aciklamalar\/","url":"http:\/\/e-ciftlik.com\/haberler\/spor\/fenerbahce-anderlecht-deplasmaninda-mourinhodan-onemli-aciklamalar\/","name":"Fenerbah\u00e7e, Anderlecht deplasman\u0131nda Mourinho'dan \u00f6nemli a\u00e7\u0131klamalar - E-&Ccedil;\u0130FTL\u0130K HABER","isPartOf":{"@id":"https:\/\/e-ciftlik.com\/haberler\/#website"},"primaryImageOfPage":{"@id":"http:\/\/e-ciftlik.com\/haberler\/spor\/fenerbahce-anderlecht-deplasmaninda-mourinhodan-onemli-aciklamalar\/#primaryimage"},"image":{"@id":"http:\/\/e-ciftlik.com\/haberler\/spor\/fenerbahce-anderlecht-deplasmaninda-mourinhodan-onemli-aciklamalar\/#primaryimage"},"thumbnailUrl":"https:\/\/e-ciftlik.com\/haberler\/wp-content\/uploads\/2025\/02\/xvA_fNGy4kKkTqJvHIGu0g.jpg","datePublished":"2025-02-21T03:37:17+00:00","description":"Fenerbah\u00e7e, UEFA Avrupa Ligi son 16 play-off turu r\u00f6van\u015f ma\u00e7\u0131nda Anderlecht'e deplasmanda kar\u015f\u0131 kar\u015f\u0131ya gelecek. Sar\u0131-lacivertlilerin teknik direkt\u00f6r\u00fc","breadcrumb":{"@id":"http:\/\/e-ciftlik.com\/haberler\/spor\/fenerbahce-anderlecht-deplasmaninda-mourinhodan-onemli-aciklamalar\/#breadcrumb"},"inLanguage":"tr","potentialAction":[{"@type":"ReadAction","target":["http:\/\/e-ciftlik.com\/haberler\/spor\/fenerbahce-anderlecht-deplasmaninda-mourinhodan-onemli-aciklamalar\/"]}]},{"@type":"ImageObject","inLanguage":"tr","@id":"http:\/\/e-ciftlik.com\/haberler\/spor\/fenerbahce-anderlecht-deplasmaninda-mourinhodan-onemli-aciklamalar\/#primaryimage","url":"https:\/\/e-ciftlik.com\/haberler\/wp-content\/uploads\/2025\/02\/xvA_fNGy4kKkTqJvHIGu0g.jpg","contentUrl":"https:\/\/e-ciftlik.com\/haberler\/wp-content\/uploads\/2025\/02\/xvA_fNGy4kKkTqJvHIGu0g.jpg","width":1080,"height":613},{"@type":"BreadcrumbList","@id":"http:\/\/e-ciftlik.com\/haberler\/spor\/fenerbahce-anderlecht-deplasmaninda-mourinhodan-onemli-aciklamalar\/#breadcrumb","itemListElement":[{"@type":"ListItem","position":1,"name":"Anasayfa","item":"https:\/\/e-ciftlik.com\/haberler\/"},{"@type":"ListItem","position":2,"name":"Fenerbah\u00e7e, Anderlecht deplasman\u0131nda Mourinho&#8217;dan \u00f6nemli a\u00e7\u0131klamalar"}]},{"@type":"WebSite","@id":"https:\/\/e-ciftlik.com\/haberler\/#website","url":"https:\/\/e-ciftlik.com\/haberler\/","name":"E-\u00c7iftlik Haber | G\u00fcncel, Son Dakika Haberler, En Son Haber","description":"","publisher":{"@id":"https:\/\/e-ciftlik.com\/haberler\/#organization"},"potentialAction":[{"@type":"SearchAction","target":{"@type":"EntryPoint","urlTemplate":"https:\/\/e-ciftlik.com\/haberler\/?s={search_term_string}"},"query-input":{"@type":"PropertyValueSpecification","valueRequired":true,"valueName":"search_term_string"}}],"inLanguage":"tr"},{"@type":"Organization","@id":"https:\/\/e-ciftlik.com\/haberler\/#organization","name":"E-\u00c7\u0130FTL\u0130K HABER","url":"https:\/\/e-ciftlik.com\/haberler\/","logo":{"@type":"ImageObject","inLanguage":"tr","@id":"https:\/\/e-ciftlik.com\/haberler\/#\/schema\/logo\/image\/","url":"https:\/\/e-ciftlik.com\/haberler\/wp-content\/uploads\/2024\/06\/cropped-cropped-favicon-1-2.png","contentUrl":"https:\/\/e-ciftlik.com\/haberler\/wp-content\/uploads\/2024\/06\/cropped-cropped-favicon-1-2.png","width":512,"height":512,"caption":"E-\u00c7\u0130FTL\u0130K HABER"},"image":{"@id":"https:\/\/e-ciftlik.com\/haberler\/#\/schema\/logo\/image\/"},"sameAs":["https:\/\/www.facebook.com\/eciftlikturkiye","https:\/\/x.com\/eciftlikresmi","https:\/\/www.instagram.com\/eciftlikresmi\/"]},{"@type":"Person","@id":"https:\/\/e-ciftlik.com\/haberler\/#\/schema\/person\/d2f4fee3143d7f72be82cb887d51b00a","name":"Haber Merkezi","image":{"@type":"ImageObject","inLanguage":"tr","@id":"https:\/\/secure.gravatar.com\/avatar\/6c27d641914e66c1d0452c92716002398782818991d86db1c2cccb531e7c7c82?s=96&d=mm&r=g","url":"https:\/\/secure.gravatar.com\/avatar\/6c27d641914e66c1d0452c92716002398782818991d86db1c2cccb531e7c7c82?s=96&d=mm&r=g","contentUrl":"https:\/\/secure.gravatar.com\/avatar\/6c27d641914e66c1d0452c92716002398782818991d86db1c2cccb531e7c7c82?s=96&d=mm&r=g","caption":"Haber Merkezi"},"sameAs":["http:\/\/e-ciftlik.com\/haberler"]}]}},"_links":{"self":[{"href":"https:\/\/e-ciftlik.com\/haberler\/wp-json\/wp\/v2\/posts\/82719","targetHints":{"allow":["GET"]}}],"collection":[{"href":"https:\/\/e-ciftlik.com\/haberler\/wp-json\/wp\/v2\/posts"}],"about":[{"href":"https:\/\/e-ciftlik.com\/haberler\/wp-json\/wp\/v2\/types\/post"}],"author":[{"embeddable":true,"href":"https:\/\/e-ciftlik.com\/haberler\/wp-json\/wp\/v2\/users\/1"}],"replies":[{"embeddable":true,"href":"https:\/\/e-ciftlik.com\/haberler\/wp-json\/wp\/v2\/comments?post=82719"}],"version-history":[{"count":0,"href":"https:\/\/e-ciftlik.com\/haberler\/wp-json\/wp\/v2\/posts\/82719\/revisions"}],"wp:featuredmedia":[{"embeddable":true,"href":"https:\/\/e-ciftlik.com\/haberler\/wp-json\/wp\/v2\/media\/81924"}],"wp:attachment":[{"href":"https:\/\/e-ciftlik.com\/haberler\/wp-json\/wp\/v2\/media?parent=82719"}],"wp:term":[{"taxonomy":"category","embeddable":true,"href":"https:\/\/e-ciftlik.com\/haberler\/wp-json\/wp\/v2\/categories?post=82719"},{"taxonomy":"post_tag","embeddable":true,"href":"https:\/\/e-ciftlik.com\/haberler\/wp-json\/wp\/v2\/tags?post=82719"}],"curies":[{"name":"wp","href":"https:\/\/api.w.org\/{rel}","templated":true}]}}