{"id":82726,"date":"2025-02-20T15:45:00","date_gmt":"2025-02-20T15:45:00","guid":{"rendered":"https:\/\/e-ciftlik.com\/haberler\/tarim\/chpli-karatepeden-hatay-esnafina-destek-cagrisi\/"},"modified":"2025-02-20T15:45:00","modified_gmt":"2025-02-20T15:45:00","slug":"chpli-karatepeden-hatay-esnafina-destek-cagrisi","status":"publish","type":"post","link":"https:\/\/e-ciftlik.com\/haberler\/tarim\/chpli-karatepeden-hatay-esnafina-destek-cagrisi\/","title":{"rendered":"CHP&#8217;li Karatepe&#8217;den Hatay Esnaf\u0131na Destek \u00c7a\u011fr\u0131s\u0131"},"content":{"rendered":"<p>HABER: Burcu \u00d6zkaya G\u00fcnayd\u0131n &#8211; KAMERA: Recep Tunahan G\u00fcler<\/p>\n<p>(HATAY) &#8211; Cumhuriyet Halk Partisi Genel Ba\u015fkan Yard\u0131mc\u0131s\u0131 Yal\u00e7\u0131n Karatepe, \u0130skenderun Ticaret ve Sanayi Odas\u0131&#8217;nda \u0130skenderun&#8217;daki ekonomi ve i\u015f d\u00fcnyas\u0131 temsilcileriyle bir araya geldi. Hatay esnaf\u0131n\u0131n ne kadar b\u00fcy\u00fck bir y\u00fck ta\u015f\u0131d\u0131\u011f\u0131n\u0131 \u00e7ok iyi bildiklerini vurgulayan Karatepe, &#8220;Deprem sonras\u0131 b\u00fcy\u00fck kay\u0131plar ya\u015fad\u0131n\u0131z ama SGK primlerinizi, vergilerinizi eksiksiz \u00f6demeniz bekleniyor. Oysa bu y\u00fcklerin hafifletilmesi, bor\u00e7lar\u0131n faizsiz ertelenmesi ve destek mekanizmalar\u0131n\u0131n devreye sokulmas\u0131 gerekiyor&#8221; dedi.<\/p>\n<p>CHP Genel Ba\u015fkan Yard\u0131mc\u0131s\u0131 Yal\u00e7\u0131n Karatepe, CHP Hatay Milletvekilleri Servet Mullaoglu, Mehmet G\u00fczelmansur, CHP Tekirda\u011f Milletvekili \u0130lhami \u00d6zcan Aygun ve CHP Hatay \u0130l ve \u0130l\u00e7e \u00f6rg\u00fct\u00fc, \u0130skenderun&#8217;da ekonomi ve i\u015f d\u00fcnyas\u0131yla bir araya geldi. Karatepe, Hatay esnaf\u0131n\u0131n sorunlar\u0131n\u0131 g\u00f6rd\u00fcklerini, Meclis&#8217;te de dile getirdiklerini s\u00f6yledi.<\/p>\n<p>CHP olarak sorunlar\u0131 dinlemek, \u00e7\u00f6z\u00fcm \u00f6nerileri bulmak i\u00e7in Hatay&#8217;da olduklar\u0131n\u0131 vurgulayan Karatepe, &#8220;Ben de esnaf \u00e7ocu\u011fuyum. Esnaf\u0131n ne t\u00fcr zorluklarla m\u00fccadele etti\u011fini, nas\u0131l ayakta kalmaya \u00e7al\u0131\u015ft\u0131\u011f\u0131n\u0131 biliyorum. Eskiden kredi kartlar\u0131 yerine hat\u0131r senetleri vard\u0131. Esnaf kom\u015fular birbirine kefil olur, zor zamanlar\u0131nda destek \u00e7\u0131kard\u0131. \u015eimdi ise ekonomik ko\u015fullar, belirsizlikler ve finansmana eri\u015fim zorluklar\u0131 esnaf\u0131 daha da b\u00fcy\u00fck s\u0131k\u0131nt\u0131lar i\u00e7ine sokmu\u015f durumda&#8221; diye konu\u015ftu.<\/p>\n<p>&#8220;Hatay&#8217;da esnafa destek olunmas\u0131 gerekiyor&#8221;<\/p>\n<p>Deprem felaketinin yaratt\u0131\u011f\u0131 y\u0131k\u0131m da g\u00f6z \u00f6n\u00fcne al\u0131nd\u0131\u011f\u0131nda, Hatay esnaf\u0131n\u0131n ne kadar b\u00fcy\u00fck bir y\u00fck ta\u015f\u0131d\u0131\u011f\u0131n\u0131 \u00e7ok iyi bildiklerini belirten Karatepe, s\u00f6zlerine \u015f\u00f6yle devam etti: &#8220;Ancak biz devletin g\u00fcc\u00fcne inanan bir anlay\u0131\u015fa sahibiz. T\u00fcrkiye&#8217;nin potansiyelini d\u00fc\u015f\u00fcnd\u00fc\u011f\u00fcm\u00fczde, \u015fimdiye kadar yap\u0131lm\u0131\u015f olanlardan \u00e7ok daha fazlas\u0131n\u0131n yap\u0131labilece\u011fini biliyoruz. \u00d6zellikle esnaf\u0131m\u0131z\u0131 do\u011frudan ilgilendiren m\u00fccbir sebep uygulamas\u0131na de\u011finmek istiyorum. Deprem sonras\u0131 b\u00fcy\u00fck kay\u0131plar ya\u015fad\u0131n\u0131z ama SGK primlerinizi, vergilerinizi eksiksiz \u00f6demeniz bekleniyor. Oysa bu y\u00fcklerin hafifletilmesi, bor\u00e7lar\u0131n faizsiz ertelenmesi ve destek mekanizmalar\u0131n\u0131n devreye sokulmas\u0131 gerekiyor. Bu konuyu Meclis&#8217;te ve ilgili platformlarda \u0131srarla dile getiriyoruz. Hen\u00fcz istedi\u011fimiz sonucu alamam\u0131\u015f olsak da m\u00fccadelemizden vazge\u00e7meyece\u011fiz.&#8221;<\/p>\n<p>&#8220;Hatay esnaf\u0131n\u0131n y\u00fck\u00fcn\u00fc biliyoruz&#8221;<\/p>\n<p>Hatay esnaf\u0131n\u0131n ne kadar b\u00fcy\u00fck bir y\u00fck ta\u015f\u0131d\u0131\u011f\u0131n\u0131 \u00e7ok iyi bildiklerini, konteyner \u00e7ar\u015f\u0131larda, darac\u0131k alanlarda esnaf\u0131n i\u015f yapmaya \u00e7al\u0131\u015ft\u0131\u011f\u0131n\u0131 belirten Yal\u00e7\u0131n Karatepe, bug\u00fcn talep edilenlerin yar\u0131n CHP iktidar\u0131nda hayata ge\u00e7irilece\u011fini vurgulad\u0131.<\/p>\n<p>&#8220;Tar\u0131m\u0131 g\u0131da g\u00fcvenli\u011fi ile ele almak gerekir&#8221;<\/p>\n<p>Antakya Organize Sanayi B\u00f6lgesi&#8217;nde i\u015f insanlar\u0131yla da bulu\u015fan Yal\u00e7\u0131n Karatepe ve beraberindeki CHP&#8217;li milletvekilleri, mevcut tar\u0131msal desteklemelerin yetersiz oldu\u011funa dikkat \u00e7ektiler. Tar\u0131m politikalar\u0131n\u0131 yaln\u0131zca destekleme mekanizmalar\u0131na indirgemediklerini, sanayi ile b\u00fct\u00fcnle\u015fik, planl\u0131 ve s\u00fcrd\u00fcr\u00fclebilir bir tar\u0131m ekonomisi yaratmay\u0131 hedeflediklerini vurgulayan Karatepe, tar\u0131m\u0131n yaln\u0131zca \u00e7ift\u00e7ilerin \u00fcretim yapt\u0131\u011f\u0131 bir sekt\u00f6r de\u011fil; ayn\u0131 zamanda sanayi, g\u0131da g\u00fcvenli\u011fi ve ihracat a\u00e7\u0131s\u0131ndan da kritik bir alan oldu\u011funu vurgulad\u0131.<\/p>\n<p>Mevcut sistemde tar\u0131msal desteklemelerin yetersiz ve d\u00fczensiz bir \u015fekilde uyguland\u0131\u011f\u0131n\u0131 dikkat \u00e7eken Yal\u00e7\u0131n Karatepe \u015fu ifadeleri kulland\u0131: &#8220;Milli gelirin Y\u00fczde 1&#8217;inden daha az bir b\u00fct\u00e7eyle tar\u0131m desteklenmeye \u00e7al\u0131\u015f\u0131l\u0131yor. Ancak bu oran, \u00fcreticiyi ayakta tutmaya yetmiyor. Tar\u0131m sekt\u00f6r\u00fcn\u00fcn g\u00fc\u00e7l\u00fc olmas\u0131 i\u00e7in yaln\u0131zca \u00e7ift\u00e7iye do\u011frudan destek vermek de\u011fil, ayn\u0131 zamanda tar\u0131msal girdileri daha ula\u015f\u0131labilir hale getirmek ve sanayi ile b\u00fct\u00fcnle\u015fik bir \u00fcretim modeli kurmak gerekiyor. \u00dcretimde katma de\u011feri art\u0131racak yat\u0131r\u0131mlara da odaklanmal\u0131y\u0131z. T\u00fcrkiye, d\u00fcnyan\u0131n en b\u00fcy\u00fck portakal \u00fcreticilerinden biri olmas\u0131na ra\u011fmen, sadece taze meyve olarak ihracat yapmak yerine, i\u015flenmi\u015f tar\u0131m \u00fcr\u00fcnlerine yat\u0131r\u0131m yapmal\u0131y\u0131z. Brezilya gibi \u00fclkeler, portakal suyu, kabuklar\u0131ndan elde edilen esans ve di\u011fer yan \u00fcr\u00fcnlerle tar\u0131msal \u00fcretimi sanayi ile entegre hale getirerek y\u00fcksek katma de\u011fer sa\u011fl\u0131yor. Oysa bizde bu s\u00fcre\u00e7ler planlanmad\u0131\u011f\u0131 i\u00e7in \u00fcretici \u00fcr\u00fcn\u00fcn\u00fc yok pahas\u0131na satarken, aylar sonra fiyatlar fahi\u015f seviyelere ula\u015f\u0131yor.&#8221;<\/p>\n","protected":false},"excerpt":{"rendered":"<p>HABER: Burcu \u00d6zkaya G\u00fcnayd\u0131n &#8211; KAMERA: Recep Tunahan G\u00fcler (HATAY) &#8211; Cumhuriyet Halk Partisi Genel&hellip;<\/p>\n","protected":false},"author":1,"featured_media":0,"comment_status":"open","ping_status":"open","sticky":false,"template":"","format":"standard","meta":{"footnotes":""},"categories":[9],"tags":[],"class_list":["post-82726","post","type-post","status-publish","format-standard","hentry","category-tarim"],"yoast_head":"<!-- This site is optimized with the Yoast SEO Premium plugin v24.3 (Yoast SEO v27.4) - https:\/\/yoast.com\/product\/yoast-seo-premium-wordpress\/ -->\n<title>CHP&#039;li Karatepe&#039;den Hatay Esnaf\u0131na Destek \u00c7a\u011fr\u0131s\u0131 - E-&Ccedil;\u0130FTL\u0130K HABER<\/title>\n<meta name=\"description\" content=\"HABER: Burcu \u00d6zkaya G\u00fcnayd\u0131n - KAMERA: Recep Tunahan G\u00fcler (HATAY) - Cumhuriyet Halk Partisi Genel Ba\u015fkan Yard\u0131mc\u0131s\u0131 Yal\u00e7\u0131n Karatepe, \u0130skenderun Ticaret\" \/>\n<meta name=\"robots\" content=\"index, follow, max-snippet:-1, max-image-preview:large, max-video-preview:-1\" \/>\n<link rel=\"canonical\" href=\"http:\/\/e-ciftlik.com\/haberler\/tarim\/chpli-karatepeden-hatay-esnafina-destek-cagrisi\/\" \/>\n<meta property=\"og:locale\" content=\"tr_TR\" \/>\n<meta property=\"og:type\" content=\"article\" \/>\n<meta property=\"og:title\" content=\"CHP&#039;li Karatepe&#039;den Hatay Esnaf\u0131na Destek \u00c7a\u011fr\u0131s\u0131\" \/>\n<meta property=\"og:description\" content=\"HABER: Burcu \u00d6zkaya G\u00fcnayd\u0131n - KAMERA: Recep Tunahan G\u00fcler (HATAY) - Cumhuriyet Halk Partisi Genel Ba\u015fkan Yard\u0131mc\u0131s\u0131 Yal\u00e7\u0131n Karatepe, \u0130skenderun Ticaret\" \/>\n<meta property=\"og:url\" content=\"http:\/\/e-ciftlik.com\/haberler\/tarim\/chpli-karatepeden-hatay-esnafina-destek-cagrisi\/\" \/>\n<meta property=\"og:site_name\" content=\"E-&Ccedil;\u0130FTL\u0130K HABER\" \/>\n<meta property=\"article:publisher\" content=\"https:\/\/www.facebook.com\/eciftlikturkiye\" \/>\n<meta property=\"article:published_time\" content=\"2025-02-20T15:45:00+00:00\" \/>\n<meta name=\"author\" content=\"Haber Merkezi\" \/>\n<meta name=\"twitter:card\" content=\"summary_large_image\" \/>\n<meta name=\"twitter:creator\" content=\"@eciftlikresmi\" \/>\n<meta name=\"twitter:site\" content=\"@eciftlikresmi\" \/>\n<meta name=\"twitter:label1\" content=\"Yazan:\" \/>\n\t<meta name=\"twitter:data1\" content=\"Haber Merkezi\" \/>\n\t<meta name=\"twitter:label2\" content=\"Tahmini okuma s\u00fcresi\" \/>\n\t<meta name=\"twitter:data2\" content=\"4 dakika\" \/>\n<script type=\"application\/ld+json\" class=\"yoast-schema-graph\">{\"@context\":\"https:\\\/\\\/schema.org\",\"@graph\":[{\"@type\":\"NewsArticle\",\"@id\":\"http:\\\/\\\/e-ciftlik.com\\\/haberler\\\/tarim\\\/chpli-karatepeden-hatay-esnafina-destek-cagrisi\\\/#article\",\"isPartOf\":{\"@id\":\"http:\\\/\\\/e-ciftlik.com\\\/haberler\\\/tarim\\\/chpli-karatepeden-hatay-esnafina-destek-cagrisi\\\/\"},\"author\":{\"name\":\"Haber Merkezi\",\"@id\":\"https:\\\/\\\/e-ciftlik.com\\\/haberler\\\/#\\\/schema\\\/person\\\/d2f4fee3143d7f72be82cb887d51b00a\"},\"headline\":\"CHP&#8217;li Karatepe&#8217;den Hatay Esnaf\u0131na Destek \u00c7a\u011fr\u0131s\u0131\",\"datePublished\":\"2025-02-20T15:45:00+00:00\",\"mainEntityOfPage\":{\"@id\":\"http:\\\/\\\/e-ciftlik.com\\\/haberler\\\/tarim\\\/chpli-karatepeden-hatay-esnafina-destek-cagrisi\\\/\"},\"wordCount\":763,\"commentCount\":0,\"publisher\":{\"@id\":\"https:\\\/\\\/e-ciftlik.com\\\/haberler\\\/#organization\"},\"articleSection\":[\"Tar\u0131m\"],\"inLanguage\":\"tr\",\"potentialAction\":[{\"@type\":\"CommentAction\",\"name\":\"Comment\",\"target\":[\"http:\\\/\\\/e-ciftlik.com\\\/haberler\\\/tarim\\\/chpli-karatepeden-hatay-esnafina-destek-cagrisi\\\/#respond\"]}]},{\"@type\":\"WebPage\",\"@id\":\"http:\\\/\\\/e-ciftlik.com\\\/haberler\\\/tarim\\\/chpli-karatepeden-hatay-esnafina-destek-cagrisi\\\/\",\"url\":\"http:\\\/\\\/e-ciftlik.com\\\/haberler\\\/tarim\\\/chpli-karatepeden-hatay-esnafina-destek-cagrisi\\\/\",\"name\":\"CHP'li Karatepe'den Hatay Esnaf\u0131na Destek \u00c7a\u011fr\u0131s\u0131 - E-&Ccedil;\u0130FTL\u0130K HABER\",\"isPartOf\":{\"@id\":\"https:\\\/\\\/e-ciftlik.com\\\/haberler\\\/#website\"},\"datePublished\":\"2025-02-20T15:45:00+00:00\",\"description\":\"HABER: Burcu \u00d6zkaya G\u00fcnayd\u0131n - KAMERA: Recep Tunahan G\u00fcler (HATAY) - Cumhuriyet Halk Partisi Genel Ba\u015fkan Yard\u0131mc\u0131s\u0131 Yal\u00e7\u0131n Karatepe, \u0130skenderun Ticaret\",\"breadcrumb\":{\"@id\":\"http:\\\/\\\/e-ciftlik.com\\\/haberler\\\/tarim\\\/chpli-karatepeden-hatay-esnafina-destek-cagrisi\\\/#breadcrumb\"},\"inLanguage\":\"tr\",\"potentialAction\":[{\"@type\":\"ReadAction\",\"target\":[\"http:\\\/\\\/e-ciftlik.com\\\/haberler\\\/tarim\\\/chpli-karatepeden-hatay-esnafina-destek-cagrisi\\\/\"]}]},{\"@type\":\"BreadcrumbList\",\"@id\":\"http:\\\/\\\/e-ciftlik.com\\\/haberler\\\/tarim\\\/chpli-karatepeden-hatay-esnafina-destek-cagrisi\\\/#breadcrumb\",\"itemListElement\":[{\"@type\":\"ListItem\",\"position\":1,\"name\":\"Anasayfa\",\"item\":\"https:\\\/\\\/e-ciftlik.com\\\/haberler\\\/\"},{\"@type\":\"ListItem\",\"position\":2,\"name\":\"CHP&#8217;li Karatepe&#8217;den Hatay Esnaf\u0131na Destek \u00c7a\u011fr\u0131s\u0131\"}]},{\"@type\":\"WebSite\",\"@id\":\"https:\\\/\\\/e-ciftlik.com\\\/haberler\\\/#website\",\"url\":\"https:\\\/\\\/e-ciftlik.com\\\/haberler\\\/\",\"name\":\"E-\u00c7iftlik Haber | G\u00fcncel, Son Dakika Haberler, En Son Haber\",\"description\":\"\",\"publisher\":{\"@id\":\"https:\\\/\\\/e-ciftlik.com\\\/haberler\\\/#organization\"},\"potentialAction\":[{\"@type\":\"SearchAction\",\"target\":{\"@type\":\"EntryPoint\",\"urlTemplate\":\"https:\\\/\\\/e-ciftlik.com\\\/haberler\\\/?s={search_term_string}\"},\"query-input\":{\"@type\":\"PropertyValueSpecification\",\"valueRequired\":true,\"valueName\":\"search_term_string\"}}],\"inLanguage\":\"tr\"},{\"@type\":\"Organization\",\"@id\":\"https:\\\/\\\/e-ciftlik.com\\\/haberler\\\/#organization\",\"name\":\"E-\u00c7\u0130FTL\u0130K HABER\",\"url\":\"https:\\\/\\\/e-ciftlik.com\\\/haberler\\\/\",\"logo\":{\"@type\":\"ImageObject\",\"inLanguage\":\"tr\",\"@id\":\"https:\\\/\\\/e-ciftlik.com\\\/haberler\\\/#\\\/schema\\\/logo\\\/image\\\/\",\"url\":\"https:\\\/\\\/e-ciftlik.com\\\/haberler\\\/wp-content\\\/uploads\\\/2024\\\/06\\\/cropped-cropped-favicon-1-2.png\",\"contentUrl\":\"https:\\\/\\\/e-ciftlik.com\\\/haberler\\\/wp-content\\\/uploads\\\/2024\\\/06\\\/cropped-cropped-favicon-1-2.png\",\"width\":512,\"height\":512,\"caption\":\"E-\u00c7\u0130FTL\u0130K HABER\"},\"image\":{\"@id\":\"https:\\\/\\\/e-ciftlik.com\\\/haberler\\\/#\\\/schema\\\/logo\\\/image\\\/\"},\"sameAs\":[\"https:\\\/\\\/www.facebook.com\\\/eciftlikturkiye\",\"https:\\\/\\\/x.com\\\/eciftlikresmi\",\"https:\\\/\\\/www.instagram.com\\\/eciftlikresmi\\\/\"]},{\"@type\":\"Person\",\"@id\":\"https:\\\/\\\/e-ciftlik.com\\\/haberler\\\/#\\\/schema\\\/person\\\/d2f4fee3143d7f72be82cb887d51b00a\",\"name\":\"Haber Merkezi\",\"image\":{\"@type\":\"ImageObject\",\"inLanguage\":\"tr\",\"@id\":\"https:\\\/\\\/secure.gravatar.com\\\/avatar\\\/6c27d641914e66c1d0452c92716002398782818991d86db1c2cccb531e7c7c82?s=96&d=mm&r=g\",\"url\":\"https:\\\/\\\/secure.gravatar.com\\\/avatar\\\/6c27d641914e66c1d0452c92716002398782818991d86db1c2cccb531e7c7c82?s=96&d=mm&r=g\",\"contentUrl\":\"https:\\\/\\\/secure.gravatar.com\\\/avatar\\\/6c27d641914e66c1d0452c92716002398782818991d86db1c2cccb531e7c7c82?s=96&d=mm&r=g\",\"caption\":\"Haber Merkezi\"},\"sameAs\":[\"http:\\\/\\\/e-ciftlik.com\\\/haberler\"]}]}<\/script>\n<!-- \/ Yoast SEO Premium plugin. -->","yoast_head_json":{"title":"CHP'li Karatepe'den Hatay Esnaf\u0131na Destek \u00c7a\u011fr\u0131s\u0131 - E-&Ccedil;\u0130FTL\u0130K HABER","description":"HABER: Burcu \u00d6zkaya G\u00fcnayd\u0131n - KAMERA: Recep Tunahan G\u00fcler (HATAY) - Cumhuriyet Halk Partisi Genel Ba\u015fkan Yard\u0131mc\u0131s\u0131 Yal\u00e7\u0131n Karatepe, \u0130skenderun Ticaret","robots":{"index":"index","follow":"follow","max-snippet":"max-snippet:-1","max-image-preview":"max-image-preview:large","max-video-preview":"max-video-preview:-1"},"canonical":"http:\/\/e-ciftlik.com\/haberler\/tarim\/chpli-karatepeden-hatay-esnafina-destek-cagrisi\/","og_locale":"tr_TR","og_type":"article","og_title":"CHP'li Karatepe'den Hatay Esnaf\u0131na Destek \u00c7a\u011fr\u0131s\u0131","og_description":"HABER: Burcu \u00d6zkaya G\u00fcnayd\u0131n - KAMERA: Recep Tunahan G\u00fcler (HATAY) - Cumhuriyet Halk Partisi Genel Ba\u015fkan Yard\u0131mc\u0131s\u0131 Yal\u00e7\u0131n Karatepe, \u0130skenderun Ticaret","og_url":"http:\/\/e-ciftlik.com\/haberler\/tarim\/chpli-karatepeden-hatay-esnafina-destek-cagrisi\/","og_site_name":"E-&Ccedil;\u0130FTL\u0130K HABER","article_publisher":"https:\/\/www.facebook.com\/eciftlikturkiye","article_published_time":"2025-02-20T15:45:00+00:00","author":"Haber Merkezi","twitter_card":"summary_large_image","twitter_creator":"@eciftlikresmi","twitter_site":"@eciftlikresmi","twitter_misc":{"Yazan:":"Haber Merkezi","Tahmini okuma s\u00fcresi":"4 dakika"},"schema":{"@context":"https:\/\/schema.org","@graph":[{"@type":"NewsArticle","@id":"http:\/\/e-ciftlik.com\/haberler\/tarim\/chpli-karatepeden-hatay-esnafina-destek-cagrisi\/#article","isPartOf":{"@id":"http:\/\/e-ciftlik.com\/haberler\/tarim\/chpli-karatepeden-hatay-esnafina-destek-cagrisi\/"},"author":{"name":"Haber Merkezi","@id":"https:\/\/e-ciftlik.com\/haberler\/#\/schema\/person\/d2f4fee3143d7f72be82cb887d51b00a"},"headline":"CHP&#8217;li Karatepe&#8217;den Hatay Esnaf\u0131na Destek \u00c7a\u011fr\u0131s\u0131","datePublished":"2025-02-20T15:45:00+00:00","mainEntityOfPage":{"@id":"http:\/\/e-ciftlik.com\/haberler\/tarim\/chpli-karatepeden-hatay-esnafina-destek-cagrisi\/"},"wordCount":763,"commentCount":0,"publisher":{"@id":"https:\/\/e-ciftlik.com\/haberler\/#organization"},"articleSection":["Tar\u0131m"],"inLanguage":"tr","potentialAction":[{"@type":"CommentAction","name":"Comment","target":["http:\/\/e-ciftlik.com\/haberler\/tarim\/chpli-karatepeden-hatay-esnafina-destek-cagrisi\/#respond"]}]},{"@type":"WebPage","@id":"http:\/\/e-ciftlik.com\/haberler\/tarim\/chpli-karatepeden-hatay-esnafina-destek-cagrisi\/","url":"http:\/\/e-ciftlik.com\/haberler\/tarim\/chpli-karatepeden-hatay-esnafina-destek-cagrisi\/","name":"CHP'li Karatepe'den Hatay Esnaf\u0131na Destek \u00c7a\u011fr\u0131s\u0131 - E-&Ccedil;\u0130FTL\u0130K HABER","isPartOf":{"@id":"https:\/\/e-ciftlik.com\/haberler\/#website"},"datePublished":"2025-02-20T15:45:00+00:00","description":"HABER: Burcu \u00d6zkaya G\u00fcnayd\u0131n - KAMERA: Recep Tunahan G\u00fcler (HATAY) - Cumhuriyet Halk Partisi Genel Ba\u015fkan Yard\u0131mc\u0131s\u0131 Yal\u00e7\u0131n Karatepe, \u0130skenderun Ticaret","breadcrumb":{"@id":"http:\/\/e-ciftlik.com\/haberler\/tarim\/chpli-karatepeden-hatay-esnafina-destek-cagrisi\/#breadcrumb"},"inLanguage":"tr","potentialAction":[{"@type":"ReadAction","target":["http:\/\/e-ciftlik.com\/haberler\/tarim\/chpli-karatepeden-hatay-esnafina-destek-cagrisi\/"]}]},{"@type":"BreadcrumbList","@id":"http:\/\/e-ciftlik.com\/haberler\/tarim\/chpli-karatepeden-hatay-esnafina-destek-cagrisi\/#breadcrumb","itemListElement":[{"@type":"ListItem","position":1,"name":"Anasayfa","item":"https:\/\/e-ciftlik.com\/haberler\/"},{"@type":"ListItem","position":2,"name":"CHP&#8217;li Karatepe&#8217;den Hatay Esnaf\u0131na Destek \u00c7a\u011fr\u0131s\u0131"}]},{"@type":"WebSite","@id":"https:\/\/e-ciftlik.com\/haberler\/#website","url":"https:\/\/e-ciftlik.com\/haberler\/","name":"E-\u00c7iftlik Haber | G\u00fcncel, Son Dakika Haberler, En Son Haber","description":"","publisher":{"@id":"https:\/\/e-ciftlik.com\/haberler\/#organization"},"potentialAction":[{"@type":"SearchAction","target":{"@type":"EntryPoint","urlTemplate":"https:\/\/e-ciftlik.com\/haberler\/?s={search_term_string}"},"query-input":{"@type":"PropertyValueSpecification","valueRequired":true,"valueName":"search_term_string"}}],"inLanguage":"tr"},{"@type":"Organization","@id":"https:\/\/e-ciftlik.com\/haberler\/#organization","name":"E-\u00c7\u0130FTL\u0130K HABER","url":"https:\/\/e-ciftlik.com\/haberler\/","logo":{"@type":"ImageObject","inLanguage":"tr","@id":"https:\/\/e-ciftlik.com\/haberler\/#\/schema\/logo\/image\/","url":"https:\/\/e-ciftlik.com\/haberler\/wp-content\/uploads\/2024\/06\/cropped-cropped-favicon-1-2.png","contentUrl":"https:\/\/e-ciftlik.com\/haberler\/wp-content\/uploads\/2024\/06\/cropped-cropped-favicon-1-2.png","width":512,"height":512,"caption":"E-\u00c7\u0130FTL\u0130K HABER"},"image":{"@id":"https:\/\/e-ciftlik.com\/haberler\/#\/schema\/logo\/image\/"},"sameAs":["https:\/\/www.facebook.com\/eciftlikturkiye","https:\/\/x.com\/eciftlikresmi","https:\/\/www.instagram.com\/eciftlikresmi\/"]},{"@type":"Person","@id":"https:\/\/e-ciftlik.com\/haberler\/#\/schema\/person\/d2f4fee3143d7f72be82cb887d51b00a","name":"Haber Merkezi","image":{"@type":"ImageObject","inLanguage":"tr","@id":"https:\/\/secure.gravatar.com\/avatar\/6c27d641914e66c1d0452c92716002398782818991d86db1c2cccb531e7c7c82?s=96&d=mm&r=g","url":"https:\/\/secure.gravatar.com\/avatar\/6c27d641914e66c1d0452c92716002398782818991d86db1c2cccb531e7c7c82?s=96&d=mm&r=g","contentUrl":"https:\/\/secure.gravatar.com\/avatar\/6c27d641914e66c1d0452c92716002398782818991d86db1c2cccb531e7c7c82?s=96&d=mm&r=g","caption":"Haber Merkezi"},"sameAs":["http:\/\/e-ciftlik.com\/haberler"]}]}},"_links":{"self":[{"href":"https:\/\/e-ciftlik.com\/haberler\/wp-json\/wp\/v2\/posts\/82726","targetHints":{"allow":["GET"]}}],"collection":[{"href":"https:\/\/e-ciftlik.com\/haberler\/wp-json\/wp\/v2\/posts"}],"about":[{"href":"https:\/\/e-ciftlik.com\/haberler\/wp-json\/wp\/v2\/types\/post"}],"author":[{"embeddable":true,"href":"https:\/\/e-ciftlik.com\/haberler\/wp-json\/wp\/v2\/users\/1"}],"replies":[{"embeddable":true,"href":"https:\/\/e-ciftlik.com\/haberler\/wp-json\/wp\/v2\/comments?post=82726"}],"version-history":[{"count":0,"href":"https:\/\/e-ciftlik.com\/haberler\/wp-json\/wp\/v2\/posts\/82726\/revisions"}],"wp:attachment":[{"href":"https:\/\/e-ciftlik.com\/haberler\/wp-json\/wp\/v2\/media?parent=82726"}],"wp:term":[{"taxonomy":"category","embeddable":true,"href":"https:\/\/e-ciftlik.com\/haberler\/wp-json\/wp\/v2\/categories?post=82726"},{"taxonomy":"post_tag","embeddable":true,"href":"https:\/\/e-ciftlik.com\/haberler\/wp-json\/wp\/v2\/tags?post=82726"}],"curies":[{"name":"wp","href":"https:\/\/api.w.org\/{rel}","templated":true}]}}