{"id":82734,"date":"2025-02-21T04:32:15","date_gmt":"2025-02-21T04:32:15","guid":{"rendered":"https:\/\/e-ciftlik.com\/haberler\/spor\/fenerbahce-anderlecht-macinda-tribun-olaylari\/"},"modified":"2025-02-21T04:32:15","modified_gmt":"2025-02-21T04:32:15","slug":"fenerbahce-anderlecht-macinda-tribun-olaylari","status":"publish","type":"post","link":"https:\/\/e-ciftlik.com\/haberler\/spor\/fenerbahce-anderlecht-macinda-tribun-olaylari\/","title":{"rendered":"Fenerbah\u00e7e, Anderlecht Ma\u00e7\u0131nda Trib\u00fcn Olaylar\u0131!"},"content":{"rendered":"<p>Fenerbah\u00e7e, UEFA Avrupa Ligi son 16 play-off turu r\u00f6van\u015f ma\u00e7\u0131nda Anderlecht&#8217;e konuk olurken, m\u00fccadelede 7. dakikada trib\u00fcnlerde ya\u015fanan arbede nedeniyle hakem Sandro Scharer ekibiyle birlikte soyunma odas\u0131na gitti.<\/p>\n<p>M\u00fccadelenin spikeri G\u00f6khan Abdik, Fenerbah\u00e7e taraftar\u0131na yap\u0131lan sald\u0131r\u0131n\u0131n ard\u0131ndan bu karar\u0131n al\u0131nd\u0131\u011f\u0131n\u0131 belirtti. Stadyumda yap\u0131lan anons ise \u0131rk\u00e7\u0131 davran\u0131\u015flarla ilgili uyar\u0131da bulundu. Anderlecht taraftar\u0131n\u0131n \u0131rk\u00e7\u0131 tavr\u0131 ve tezah\u00fcratlar\u0131 devam ederse hakemin ma\u00e7\u0131 tatil edebilece\u011fi duyuruldu.<\/p>\n<p>Hakemin ard\u0131ndan her iki tak\u0131m\u0131n oyuncular\u0131 da soyunma odas\u0131na \u00e7ekildi. Ancak, m\u00fccadelenin hakemi ve her iki tak\u0131m oyuncular\u0131 15 dakikal\u0131k aran\u0131n ard\u0131ndan tekrar sahaya d\u00f6nerek ma\u00e7a kald\u0131\u011f\u0131 yerden devam etti.<\/p>\n","protected":false},"excerpt":{"rendered":"<p>Fenerbah\u00e7e, UEFA Avrupa Ligi son 16 play-off turu r\u00f6van\u015f ma\u00e7\u0131nda Anderlecht&#8217;e konuk olurken, m\u00fccadelede 7.&hellip;<\/p>\n","protected":false},"author":1,"featured_media":82735,"comment_status":"open","ping_status":"open","sticky":false,"template":"","format":"standard","meta":{"footnotes":""},"categories":[7],"tags":[],"class_list":["post-82734","post","type-post","status-publish","format-standard","has-post-thumbnail","hentry","category-spor"],"yoast_head":"<!-- This site is optimized with the Yoast SEO Premium plugin v24.3 (Yoast SEO v27.4) - https:\/\/yoast.com\/product\/yoast-seo-premium-wordpress\/ -->\n<title>Fenerbah\u00e7e, Anderlecht Ma\u00e7\u0131nda Trib\u00fcn Olaylar\u0131! - E-&Ccedil;\u0130FTL\u0130K HABER<\/title>\n<meta name=\"description\" content=\"Fenerbah\u00e7e, UEFA Avrupa Ligi son 16 play-off turu r\u00f6van\u015f ma\u00e7\u0131nda Anderlecht&#039;e konuk olurken, m\u00fccadelede 7. dakikada trib\u00fcnlerde ya\u015fanan arbede nedeniyle\" \/>\n<meta name=\"robots\" content=\"index, follow, max-snippet:-1, max-image-preview:large, max-video-preview:-1\" \/>\n<link rel=\"canonical\" href=\"https:\/\/e-ciftlik.com\/haberler\/spor\/fenerbahce-anderlecht-macinda-tribun-olaylari\/\" \/>\n<meta property=\"og:locale\" content=\"tr_TR\" \/>\n<meta property=\"og:type\" content=\"article\" \/>\n<meta property=\"og:title\" content=\"Fenerbah\u00e7e, Anderlecht Ma\u00e7\u0131nda Trib\u00fcn Olaylar\u0131!\" \/>\n<meta property=\"og:description\" content=\"Fenerbah\u00e7e, UEFA Avrupa Ligi son 16 play-off turu r\u00f6van\u015f ma\u00e7\u0131nda Anderlecht&#039;e konuk olurken, m\u00fccadelede 7. dakikada trib\u00fcnlerde ya\u015fanan arbede nedeniyle\" \/>\n<meta property=\"og:url\" content=\"https:\/\/e-ciftlik.com\/haberler\/spor\/fenerbahce-anderlecht-macinda-tribun-olaylari\/\" \/>\n<meta property=\"og:site_name\" content=\"E-&Ccedil;\u0130FTL\u0130K HABER\" \/>\n<meta property=\"article:publisher\" content=\"https:\/\/www.facebook.com\/eciftlikturkiye\" \/>\n<meta property=\"article:published_time\" content=\"2025-02-21T04:32:15+00:00\" \/>\n<meta property=\"og:image\" content=\"https:\/\/e-ciftlik.com\/haberler\/wp-content\/uploads\/2025\/02\/AACu-3maEkeaekBaoZvjaA.jpg\" \/>\n\t<meta property=\"og:image:width\" content=\"1080\" \/>\n\t<meta property=\"og:image:height\" content=\"612\" \/>\n\t<meta property=\"og:image:type\" content=\"image\/jpeg\" \/>\n<meta name=\"author\" content=\"Haber Merkezi\" \/>\n<meta name=\"twitter:card\" content=\"summary_large_image\" \/>\n<meta name=\"twitter:creator\" content=\"@eciftlikresmi\" \/>\n<meta name=\"twitter:site\" content=\"@eciftlikresmi\" \/>\n<meta name=\"twitter:label1\" content=\"Yazan:\" \/>\n\t<meta name=\"twitter:data1\" content=\"Haber Merkezi\" \/>\n\t<meta name=\"twitter:label2\" content=\"Tahmini okuma s\u00fcresi\" \/>\n\t<meta name=\"twitter:data2\" content=\"1 dakika\" \/>\n<script type=\"application\/ld+json\" class=\"yoast-schema-graph\">{\"@context\":\"https:\\\/\\\/schema.org\",\"@graph\":[{\"@type\":\"NewsArticle\",\"@id\":\"https:\\\/\\\/e-ciftlik.com\\\/haberler\\\/spor\\\/fenerbahce-anderlecht-macinda-tribun-olaylari\\\/#article\",\"isPartOf\":{\"@id\":\"https:\\\/\\\/e-ciftlik.com\\\/haberler\\\/spor\\\/fenerbahce-anderlecht-macinda-tribun-olaylari\\\/\"},\"author\":{\"name\":\"Haber Merkezi\",\"@id\":\"https:\\\/\\\/e-ciftlik.com\\\/haberler\\\/#\\\/schema\\\/person\\\/d2f4fee3143d7f72be82cb887d51b00a\"},\"headline\":\"Fenerbah\u00e7e, Anderlecht Ma\u00e7\u0131nda Trib\u00fcn Olaylar\u0131!\",\"datePublished\":\"2025-02-21T04:32:15+00:00\",\"mainEntityOfPage\":{\"@id\":\"https:\\\/\\\/e-ciftlik.com\\\/haberler\\\/spor\\\/fenerbahce-anderlecht-macinda-tribun-olaylari\\\/\"},\"wordCount\":136,\"commentCount\":0,\"publisher\":{\"@id\":\"https:\\\/\\\/e-ciftlik.com\\\/haberler\\\/#organization\"},\"image\":{\"@id\":\"https:\\\/\\\/e-ciftlik.com\\\/haberler\\\/spor\\\/fenerbahce-anderlecht-macinda-tribun-olaylari\\\/#primaryimage\"},\"thumbnailUrl\":\"https:\\\/\\\/e-ciftlik.com\\\/haberler\\\/wp-content\\\/uploads\\\/2025\\\/02\\\/AACu-3maEkeaekBaoZvjaA.jpg\",\"articleSection\":[\"Spor\"],\"inLanguage\":\"tr\",\"potentialAction\":[{\"@type\":\"CommentAction\",\"name\":\"Comment\",\"target\":[\"https:\\\/\\\/e-ciftlik.com\\\/haberler\\\/spor\\\/fenerbahce-anderlecht-macinda-tribun-olaylari\\\/#respond\"]}]},{\"@type\":\"WebPage\",\"@id\":\"https:\\\/\\\/e-ciftlik.com\\\/haberler\\\/spor\\\/fenerbahce-anderlecht-macinda-tribun-olaylari\\\/\",\"url\":\"https:\\\/\\\/e-ciftlik.com\\\/haberler\\\/spor\\\/fenerbahce-anderlecht-macinda-tribun-olaylari\\\/\",\"name\":\"Fenerbah\u00e7e, Anderlecht Ma\u00e7\u0131nda Trib\u00fcn Olaylar\u0131! - E-&Ccedil;\u0130FTL\u0130K HABER\",\"isPartOf\":{\"@id\":\"https:\\\/\\\/e-ciftlik.com\\\/haberler\\\/#website\"},\"primaryImageOfPage\":{\"@id\":\"https:\\\/\\\/e-ciftlik.com\\\/haberler\\\/spor\\\/fenerbahce-anderlecht-macinda-tribun-olaylari\\\/#primaryimage\"},\"image\":{\"@id\":\"https:\\\/\\\/e-ciftlik.com\\\/haberler\\\/spor\\\/fenerbahce-anderlecht-macinda-tribun-olaylari\\\/#primaryimage\"},\"thumbnailUrl\":\"https:\\\/\\\/e-ciftlik.com\\\/haberler\\\/wp-content\\\/uploads\\\/2025\\\/02\\\/AACu-3maEkeaekBaoZvjaA.jpg\",\"datePublished\":\"2025-02-21T04:32:15+00:00\",\"description\":\"Fenerbah\u00e7e, UEFA Avrupa Ligi son 16 play-off turu r\u00f6van\u015f ma\u00e7\u0131nda Anderlecht'e konuk olurken, m\u00fccadelede 7. dakikada trib\u00fcnlerde ya\u015fanan arbede nedeniyle\",\"breadcrumb\":{\"@id\":\"https:\\\/\\\/e-ciftlik.com\\\/haberler\\\/spor\\\/fenerbahce-anderlecht-macinda-tribun-olaylari\\\/#breadcrumb\"},\"inLanguage\":\"tr\",\"potentialAction\":[{\"@type\":\"ReadAction\",\"target\":[\"https:\\\/\\\/e-ciftlik.com\\\/haberler\\\/spor\\\/fenerbahce-anderlecht-macinda-tribun-olaylari\\\/\"]}]},{\"@type\":\"ImageObject\",\"inLanguage\":\"tr\",\"@id\":\"https:\\\/\\\/e-ciftlik.com\\\/haberler\\\/spor\\\/fenerbahce-anderlecht-macinda-tribun-olaylari\\\/#primaryimage\",\"url\":\"https:\\\/\\\/e-ciftlik.com\\\/haberler\\\/wp-content\\\/uploads\\\/2025\\\/02\\\/AACu-3maEkeaekBaoZvjaA.jpg\",\"contentUrl\":\"https:\\\/\\\/e-ciftlik.com\\\/haberler\\\/wp-content\\\/uploads\\\/2025\\\/02\\\/AACu-3maEkeaekBaoZvjaA.jpg\",\"width\":1080,\"height\":612},{\"@type\":\"BreadcrumbList\",\"@id\":\"https:\\\/\\\/e-ciftlik.com\\\/haberler\\\/spor\\\/fenerbahce-anderlecht-macinda-tribun-olaylari\\\/#breadcrumb\",\"itemListElement\":[{\"@type\":\"ListItem\",\"position\":1,\"name\":\"Anasayfa\",\"item\":\"https:\\\/\\\/e-ciftlik.com\\\/haberler\\\/\"},{\"@type\":\"ListItem\",\"position\":2,\"name\":\"Fenerbah\u00e7e, Anderlecht Ma\u00e7\u0131nda Trib\u00fcn Olaylar\u0131!\"}]},{\"@type\":\"WebSite\",\"@id\":\"https:\\\/\\\/e-ciftlik.com\\\/haberler\\\/#website\",\"url\":\"https:\\\/\\\/e-ciftlik.com\\\/haberler\\\/\",\"name\":\"E-\u00c7iftlik Haber | G\u00fcncel, Son Dakika Haberler, En Son Haber\",\"description\":\"\",\"publisher\":{\"@id\":\"https:\\\/\\\/e-ciftlik.com\\\/haberler\\\/#organization\"},\"potentialAction\":[{\"@type\":\"SearchAction\",\"target\":{\"@type\":\"EntryPoint\",\"urlTemplate\":\"https:\\\/\\\/e-ciftlik.com\\\/haberler\\\/?s={search_term_string}\"},\"query-input\":{\"@type\":\"PropertyValueSpecification\",\"valueRequired\":true,\"valueName\":\"search_term_string\"}}],\"inLanguage\":\"tr\"},{\"@type\":\"Organization\",\"@id\":\"https:\\\/\\\/e-ciftlik.com\\\/haberler\\\/#organization\",\"name\":\"E-\u00c7\u0130FTL\u0130K HABER\",\"url\":\"https:\\\/\\\/e-ciftlik.com\\\/haberler\\\/\",\"logo\":{\"@type\":\"ImageObject\",\"inLanguage\":\"tr\",\"@id\":\"https:\\\/\\\/e-ciftlik.com\\\/haberler\\\/#\\\/schema\\\/logo\\\/image\\\/\",\"url\":\"https:\\\/\\\/e-ciftlik.com\\\/haberler\\\/wp-content\\\/uploads\\\/2024\\\/06\\\/cropped-cropped-favicon-1-2.png\",\"contentUrl\":\"https:\\\/\\\/e-ciftlik.com\\\/haberler\\\/wp-content\\\/uploads\\\/2024\\\/06\\\/cropped-cropped-favicon-1-2.png\",\"width\":512,\"height\":512,\"caption\":\"E-\u00c7\u0130FTL\u0130K HABER\"},\"image\":{\"@id\":\"https:\\\/\\\/e-ciftlik.com\\\/haberler\\\/#\\\/schema\\\/logo\\\/image\\\/\"},\"sameAs\":[\"https:\\\/\\\/www.facebook.com\\\/eciftlikturkiye\",\"https:\\\/\\\/x.com\\\/eciftlikresmi\",\"https:\\\/\\\/www.instagram.com\\\/eciftlikresmi\\\/\"]},{\"@type\":\"Person\",\"@id\":\"https:\\\/\\\/e-ciftlik.com\\\/haberler\\\/#\\\/schema\\\/person\\\/d2f4fee3143d7f72be82cb887d51b00a\",\"name\":\"Haber Merkezi\",\"image\":{\"@type\":\"ImageObject\",\"inLanguage\":\"tr\",\"@id\":\"https:\\\/\\\/secure.gravatar.com\\\/avatar\\\/6c27d641914e66c1d0452c92716002398782818991d86db1c2cccb531e7c7c82?s=96&d=mm&r=g\",\"url\":\"https:\\\/\\\/secure.gravatar.com\\\/avatar\\\/6c27d641914e66c1d0452c92716002398782818991d86db1c2cccb531e7c7c82?s=96&d=mm&r=g\",\"contentUrl\":\"https:\\\/\\\/secure.gravatar.com\\\/avatar\\\/6c27d641914e66c1d0452c92716002398782818991d86db1c2cccb531e7c7c82?s=96&d=mm&r=g\",\"caption\":\"Haber Merkezi\"},\"sameAs\":[\"http:\\\/\\\/e-ciftlik.com\\\/haberler\"]}]}<\/script>\n<!-- \/ Yoast SEO Premium plugin. -->","yoast_head_json":{"title":"Fenerbah\u00e7e, Anderlecht Ma\u00e7\u0131nda Trib\u00fcn Olaylar\u0131! - E-&Ccedil;\u0130FTL\u0130K HABER","description":"Fenerbah\u00e7e, UEFA Avrupa Ligi son 16 play-off turu r\u00f6van\u015f ma\u00e7\u0131nda Anderlecht'e konuk olurken, m\u00fccadelede 7. dakikada trib\u00fcnlerde ya\u015fanan arbede nedeniyle","robots":{"index":"index","follow":"follow","max-snippet":"max-snippet:-1","max-image-preview":"max-image-preview:large","max-video-preview":"max-video-preview:-1"},"canonical":"https:\/\/e-ciftlik.com\/haberler\/spor\/fenerbahce-anderlecht-macinda-tribun-olaylari\/","og_locale":"tr_TR","og_type":"article","og_title":"Fenerbah\u00e7e, Anderlecht Ma\u00e7\u0131nda Trib\u00fcn Olaylar\u0131!","og_description":"Fenerbah\u00e7e, UEFA Avrupa Ligi son 16 play-off turu r\u00f6van\u015f ma\u00e7\u0131nda Anderlecht'e konuk olurken, m\u00fccadelede 7. dakikada trib\u00fcnlerde ya\u015fanan arbede nedeniyle","og_url":"https:\/\/e-ciftlik.com\/haberler\/spor\/fenerbahce-anderlecht-macinda-tribun-olaylari\/","og_site_name":"E-&Ccedil;\u0130FTL\u0130K HABER","article_publisher":"https:\/\/www.facebook.com\/eciftlikturkiye","article_published_time":"2025-02-21T04:32:15+00:00","og_image":[{"width":1080,"height":612,"url":"https:\/\/e-ciftlik.com\/haberler\/wp-content\/uploads\/2025\/02\/AACu-3maEkeaekBaoZvjaA.jpg","type":"image\/jpeg"}],"author":"Haber Merkezi","twitter_card":"summary_large_image","twitter_creator":"@eciftlikresmi","twitter_site":"@eciftlikresmi","twitter_misc":{"Yazan:":"Haber Merkezi","Tahmini okuma s\u00fcresi":"1 dakika"},"schema":{"@context":"https:\/\/schema.org","@graph":[{"@type":"NewsArticle","@id":"https:\/\/e-ciftlik.com\/haberler\/spor\/fenerbahce-anderlecht-macinda-tribun-olaylari\/#article","isPartOf":{"@id":"https:\/\/e-ciftlik.com\/haberler\/spor\/fenerbahce-anderlecht-macinda-tribun-olaylari\/"},"author":{"name":"Haber Merkezi","@id":"https:\/\/e-ciftlik.com\/haberler\/#\/schema\/person\/d2f4fee3143d7f72be82cb887d51b00a"},"headline":"Fenerbah\u00e7e, Anderlecht Ma\u00e7\u0131nda Trib\u00fcn Olaylar\u0131!","datePublished":"2025-02-21T04:32:15+00:00","mainEntityOfPage":{"@id":"https:\/\/e-ciftlik.com\/haberler\/spor\/fenerbahce-anderlecht-macinda-tribun-olaylari\/"},"wordCount":136,"commentCount":0,"publisher":{"@id":"https:\/\/e-ciftlik.com\/haberler\/#organization"},"image":{"@id":"https:\/\/e-ciftlik.com\/haberler\/spor\/fenerbahce-anderlecht-macinda-tribun-olaylari\/#primaryimage"},"thumbnailUrl":"https:\/\/e-ciftlik.com\/haberler\/wp-content\/uploads\/2025\/02\/AACu-3maEkeaekBaoZvjaA.jpg","articleSection":["Spor"],"inLanguage":"tr","potentialAction":[{"@type":"CommentAction","name":"Comment","target":["https:\/\/e-ciftlik.com\/haberler\/spor\/fenerbahce-anderlecht-macinda-tribun-olaylari\/#respond"]}]},{"@type":"WebPage","@id":"https:\/\/e-ciftlik.com\/haberler\/spor\/fenerbahce-anderlecht-macinda-tribun-olaylari\/","url":"https:\/\/e-ciftlik.com\/haberler\/spor\/fenerbahce-anderlecht-macinda-tribun-olaylari\/","name":"Fenerbah\u00e7e, Anderlecht Ma\u00e7\u0131nda Trib\u00fcn Olaylar\u0131! - E-&Ccedil;\u0130FTL\u0130K HABER","isPartOf":{"@id":"https:\/\/e-ciftlik.com\/haberler\/#website"},"primaryImageOfPage":{"@id":"https:\/\/e-ciftlik.com\/haberler\/spor\/fenerbahce-anderlecht-macinda-tribun-olaylari\/#primaryimage"},"image":{"@id":"https:\/\/e-ciftlik.com\/haberler\/spor\/fenerbahce-anderlecht-macinda-tribun-olaylari\/#primaryimage"},"thumbnailUrl":"https:\/\/e-ciftlik.com\/haberler\/wp-content\/uploads\/2025\/02\/AACu-3maEkeaekBaoZvjaA.jpg","datePublished":"2025-02-21T04:32:15+00:00","description":"Fenerbah\u00e7e, UEFA Avrupa Ligi son 16 play-off turu r\u00f6van\u015f ma\u00e7\u0131nda Anderlecht'e konuk olurken, m\u00fccadelede 7. dakikada trib\u00fcnlerde ya\u015fanan arbede nedeniyle","breadcrumb":{"@id":"https:\/\/e-ciftlik.com\/haberler\/spor\/fenerbahce-anderlecht-macinda-tribun-olaylari\/#breadcrumb"},"inLanguage":"tr","potentialAction":[{"@type":"ReadAction","target":["https:\/\/e-ciftlik.com\/haberler\/spor\/fenerbahce-anderlecht-macinda-tribun-olaylari\/"]}]},{"@type":"ImageObject","inLanguage":"tr","@id":"https:\/\/e-ciftlik.com\/haberler\/spor\/fenerbahce-anderlecht-macinda-tribun-olaylari\/#primaryimage","url":"https:\/\/e-ciftlik.com\/haberler\/wp-content\/uploads\/2025\/02\/AACu-3maEkeaekBaoZvjaA.jpg","contentUrl":"https:\/\/e-ciftlik.com\/haberler\/wp-content\/uploads\/2025\/02\/AACu-3maEkeaekBaoZvjaA.jpg","width":1080,"height":612},{"@type":"BreadcrumbList","@id":"https:\/\/e-ciftlik.com\/haberler\/spor\/fenerbahce-anderlecht-macinda-tribun-olaylari\/#breadcrumb","itemListElement":[{"@type":"ListItem","position":1,"name":"Anasayfa","item":"https:\/\/e-ciftlik.com\/haberler\/"},{"@type":"ListItem","position":2,"name":"Fenerbah\u00e7e, Anderlecht Ma\u00e7\u0131nda Trib\u00fcn Olaylar\u0131!"}]},{"@type":"WebSite","@id":"https:\/\/e-ciftlik.com\/haberler\/#website","url":"https:\/\/e-ciftlik.com\/haberler\/","name":"E-\u00c7iftlik Haber | G\u00fcncel, Son Dakika Haberler, En Son Haber","description":"","publisher":{"@id":"https:\/\/e-ciftlik.com\/haberler\/#organization"},"potentialAction":[{"@type":"SearchAction","target":{"@type":"EntryPoint","urlTemplate":"https:\/\/e-ciftlik.com\/haberler\/?s={search_term_string}"},"query-input":{"@type":"PropertyValueSpecification","valueRequired":true,"valueName":"search_term_string"}}],"inLanguage":"tr"},{"@type":"Organization","@id":"https:\/\/e-ciftlik.com\/haberler\/#organization","name":"E-\u00c7\u0130FTL\u0130K HABER","url":"https:\/\/e-ciftlik.com\/haberler\/","logo":{"@type":"ImageObject","inLanguage":"tr","@id":"https:\/\/e-ciftlik.com\/haberler\/#\/schema\/logo\/image\/","url":"https:\/\/e-ciftlik.com\/haberler\/wp-content\/uploads\/2024\/06\/cropped-cropped-favicon-1-2.png","contentUrl":"https:\/\/e-ciftlik.com\/haberler\/wp-content\/uploads\/2024\/06\/cropped-cropped-favicon-1-2.png","width":512,"height":512,"caption":"E-\u00c7\u0130FTL\u0130K HABER"},"image":{"@id":"https:\/\/e-ciftlik.com\/haberler\/#\/schema\/logo\/image\/"},"sameAs":["https:\/\/www.facebook.com\/eciftlikturkiye","https:\/\/x.com\/eciftlikresmi","https:\/\/www.instagram.com\/eciftlikresmi\/"]},{"@type":"Person","@id":"https:\/\/e-ciftlik.com\/haberler\/#\/schema\/person\/d2f4fee3143d7f72be82cb887d51b00a","name":"Haber Merkezi","image":{"@type":"ImageObject","inLanguage":"tr","@id":"https:\/\/secure.gravatar.com\/avatar\/6c27d641914e66c1d0452c92716002398782818991d86db1c2cccb531e7c7c82?s=96&d=mm&r=g","url":"https:\/\/secure.gravatar.com\/avatar\/6c27d641914e66c1d0452c92716002398782818991d86db1c2cccb531e7c7c82?s=96&d=mm&r=g","contentUrl":"https:\/\/secure.gravatar.com\/avatar\/6c27d641914e66c1d0452c92716002398782818991d86db1c2cccb531e7c7c82?s=96&d=mm&r=g","caption":"Haber Merkezi"},"sameAs":["http:\/\/e-ciftlik.com\/haberler"]}]}},"_links":{"self":[{"href":"https:\/\/e-ciftlik.com\/haberler\/wp-json\/wp\/v2\/posts\/82734","targetHints":{"allow":["GET"]}}],"collection":[{"href":"https:\/\/e-ciftlik.com\/haberler\/wp-json\/wp\/v2\/posts"}],"about":[{"href":"https:\/\/e-ciftlik.com\/haberler\/wp-json\/wp\/v2\/types\/post"}],"author":[{"embeddable":true,"href":"https:\/\/e-ciftlik.com\/haberler\/wp-json\/wp\/v2\/users\/1"}],"replies":[{"embeddable":true,"href":"https:\/\/e-ciftlik.com\/haberler\/wp-json\/wp\/v2\/comments?post=82734"}],"version-history":[{"count":0,"href":"https:\/\/e-ciftlik.com\/haberler\/wp-json\/wp\/v2\/posts\/82734\/revisions"}],"wp:featuredmedia":[{"embeddable":true,"href":"https:\/\/e-ciftlik.com\/haberler\/wp-json\/wp\/v2\/media\/82735"}],"wp:attachment":[{"href":"https:\/\/e-ciftlik.com\/haberler\/wp-json\/wp\/v2\/media?parent=82734"}],"wp:term":[{"taxonomy":"category","embeddable":true,"href":"https:\/\/e-ciftlik.com\/haberler\/wp-json\/wp\/v2\/categories?post=82734"},{"taxonomy":"post_tag","embeddable":true,"href":"https:\/\/e-ciftlik.com\/haberler\/wp-json\/wp\/v2\/tags?post=82734"}],"curies":[{"name":"wp","href":"https:\/\/api.w.org\/{rel}","templated":true}]}}