{"id":82736,"date":"2025-02-20T16:20:00","date_gmt":"2025-02-20T16:20:00","guid":{"rendered":"http:\/\/e-ciftlik.com\/haberler\/tarim\/ramazan-pidesi-fiyatlari-belli-oldu-370-grami-30-tl\/"},"modified":"2025-02-20T16:20:00","modified_gmt":"2025-02-20T16:20:00","slug":"ramazan-pidesi-fiyatlari-belli-oldu-370-grami-30-tl","status":"publish","type":"post","link":"https:\/\/e-ciftlik.com\/haberler\/tarim\/ramazan-pidesi-fiyatlari-belli-oldu-370-grami-30-tl\/","title":{"rendered":"Ramazan Pidesi Fiyatlar\u0131 Belli Oldu: 370 Gram\u0131 30 TL!"},"content":{"rendered":"<p>Ramazan pidesinin 370 gram\u0131 30 TL&#8217;den sat\u0131lacak<\/p>\n<p>KOCAEL\u0130 &#8211; T\u00fcrkiye F\u0131r\u0131nc\u0131lar Federasyonu Ba\u015fkan\u0131 Halil \u0130brahim Balc\u0131, 2025 y\u0131l\u0131 pide fiyatlar\u0131na ili\u015fkin d\u00fczenlenen bas\u0131n toplant\u0131s\u0131nda, &#8220;Ge\u00e7en y\u0131l azami sat\u0131\u015f fiyat\u0131 kilogram\u0131 60 lira olan ramazan pidesi, T\u00fcrkiye&#8217;nin her yerinde 81 liran\u0131n \u00fczerinde olmayacak. Ge\u00e7en sene Ankara&#8217;da 250 gram\u0131 15 liraya sat\u0131lan ramazan pidesi, bu sene 250 gram\u0131 20 liradan sat\u0131lm\u0131\u015f olacak. Fiyata art\u0131\u015f\u0131na bakt\u0131\u011f\u0131m\u0131zda y\u00fczde 33&#8217;l\u00fck bir fiyat art\u0131\u015f\u0131 s\u00f6z konusu oluyor. Yine ayn\u0131 \u015fekilde \u0130stanbul&#8217;da 250 gram\u0131 15 TL&#8217;ye sat\u0131lan ramazan pidesi, bu sene 20 TL&#8217;den sat\u0131lacak. Bursa&#8217;da ge\u00e7en sene 330 gram\u0131 20 liradan sat\u0131l\u0131rken, bu sene 370 gram\u0131 30 liraya sat\u0131lm\u0131\u015f olacak. Ge\u00e7en sene Kocaeli&#8217;de 20 liraya sat\u0131l\u0131yordu, bu sene ilimizde de 370 gram\u0131 30 liradan sat\u0131lacak&#8221; dedi.<\/p>\n<p>T\u00fcrkiye, Ramazan ay\u0131na girmeye haz\u0131rlan\u0131rken, vatanda\u015f\u0131n g\u00f6z\u00fc pide fiyatlar\u0131na \u00e7evrildi. T\u00fcrkiye F\u0131r\u0131nc\u0131lar Federasyonu Ba\u015fkan\u0131 Halil \u0130brahim Balc\u0131, merakla beklenen pide fiyatlar\u0131n\u0131 bug\u00fcn ger\u00e7ekle\u015ftirdi\u011fi bas\u0131n toplant\u0131s\u0131nda a\u00e7\u0131klad\u0131. T\u00fcrkiye genelinde pide fiyatlar\u0131n\u0131n enflasyon verilerine g\u00f6re daha az artt\u0131\u011f\u0131n\u0131 ifade eden Balc\u0131, &#8220;Ramazan ay\u0131na \u00e7ok az bir zaman kald\u0131. Bu s\u00fcre zarf\u0131nda T\u00fcrkiye f\u0131r\u0131nc\u0131lar federasyonu olarak ramazan ay\u0131n\u0131n vazge\u00e7ilmezi olan ramazan pidesinin azami sat\u0131\u015f fiyat\u0131 konusunda yapm\u0131\u015f oldu\u011fumuz \u00e7al\u0131\u015fmalar bitti. Ge\u00e7en y\u0131l azami sat\u0131\u015f fiyat\u0131 kilogram\u0131 60 lira olan ramazan pidesi, T\u00fcrkiye&#8217;nin her yerinde 81 liran\u0131n \u00fczerinde olmayacak. Ge\u00e7en sene Ankara&#8217;da 250 gram\u0131 15 liraya sat\u0131lan ramazan pidesi, bu sene 250 gram\u0131 20 liradan sat\u0131lm\u0131\u015f olacak. Fiyata art\u0131\u015f\u0131na bakt\u0131\u011f\u0131m\u0131zda y\u00fczde 33&#8217;l\u00fck bir fiyat art\u0131\u015f\u0131 s\u00f6z konusu oluyor. Yine ayn\u0131 \u015fekilde \u0130stanbul&#8217;da 250 gram\u0131 15 TL&#8217;ye sat\u0131lan ramazan pidesi, bu sene 20 TL&#8217;den sat\u0131lacak. Bursa&#8217;da ge\u00e7en sene 330 gram\u0131 20 liradan sat\u0131l\u0131rken, bu sene 370 gram\u0131 30 liraya sat\u0131lm\u0131\u015f olacak. Ge\u00e7en sene Kocaeli&#8217;de 20 liraya sat\u0131l\u0131yordu, bu sene ilimizde de 370 gram\u0131 30 liradan sat\u0131lacak. Yani ortalamaya bakt\u0131\u011f\u0131m\u0131zda iller aras\u0131nda y\u00fczde 33, y\u00fczde 35&#8217;lik bir fiyat art\u0131\u015f\u0131 s\u00f6z konusu. Bu baz\u0131 illerimizde y\u00fczde 30 olarak da ger\u00e7ekle\u015febilir y\u00fczde 28 olarak da ger\u00e7ekle\u015febilir. Ama T\u00fcrkiye&#8217;nin hi\u00e7bir yerinde y\u00fczde 35&#8217;in \u00fczerinde bir art\u0131\u015f s\u00f6z konusu olamaz&#8221; dedi.<\/p>\n<p>&#8220;Enflasyonun alt\u0131nda bir art\u0131\u015f oldu&#8221;<\/p>\n<p>Un fiyatlar\u0131n\u0131n artt\u0131\u011f\u0131na dikkat \u00e7eken Ba\u015fkan Balc\u0131, &#8220;Ge\u00e7en y\u0131ldan bu seneye kadar bakacak olursak un fiyatlar\u0131nda, pide de kullanm\u0131\u015f oldu\u011fumuz un fiyat\u0131nda y\u00fczde 40 bir art\u0131\u015f oldu\u011funu g\u00f6r\u00fcyoruz. Yine ge\u00e7en seneden bu seneye i\u015f\u00e7ilik fiyatlar\u0131nda y\u00fczde 45&#8217;lik bir art\u0131\u015f s\u00f6z konusu ve i\u015fletme giderlerinde de y\u00fczde 40&#8217;l\u0131k bir art\u0131\u015f s\u00f6z konusu. Yani mevcut art\u0131\u015f\u0131n alt\u0131nda bir art\u0131\u015fla kar\u015f\u0131 kar\u015f\u0131yay\u0131z. 2024 y\u0131l\u0131n\u0131n enflasyon oran\u0131na bakacak olursak y\u00fczde 45 dolay\u0131nda ger\u00e7ekle\u015fti\u011fini g\u00f6r\u00fcyoruz. Dolay\u0131s\u0131yla pide fiyatlar\u0131na yap\u0131lan fiyat art\u0131\u015f\u0131 enflasyonun alt\u0131nda olmu\u015ftur. Bunu yaparken halk\u0131m\u0131z\u0131n al\u0131m g\u00fcc\u00fcn\u00fc g\u00f6z \u00f6n\u00fcnde bulundurmam\u0131z gerekiyordu. Ekmek fiyatlar\u0131nda oldu\u011fu gibi bir ayl\u0131k bir ramazan ay\u0131nda pide fiyatlar\u0131n\u0131n en makul seviye de kalmas\u0131 i\u00e7in gerek kurumlar\u0131m\u0131z gerek esnaf\u0131m\u0131z, gerekli \u00f6zveriyi g\u00f6sterdi ve en makul olacak \u015fekilde belirlendi&#8221; diye konu\u015ftu.<\/p>\n<p>&#8220;Ekme\u011fin azami fiyat\u0131 62.50 TL&#8221;<\/p>\n<p>Ekme\u011fin azami fiyat\u0131n\u0131 da a\u00e7\u0131klayan Balc\u0131, &#8220;2024 y\u0131l\u0131n\u0131n nisan ay\u0131nda ekmek fiyatlar\u0131nda bir art\u0131\u015f olmu\u015ftu ve ge\u00e7en 9 ayl\u0131k bir zaman zarf\u0131nda o zaman en son yapm\u0131\u015f oldu\u011fumuz bas\u0131n toplant\u0131s\u0131nda un fiyatlar\u0131n\u0131n ciddi anlamada artt\u0131\u011f\u0131n\u0131 ve girdilerimizin fazlas\u0131yla artt\u0131\u011f\u0131n\u0131 s\u00f6yledik. Buna \u00f6nlem al\u0131nmazsa bu art\u0131\u015f\u0131n ocak ay\u0131nda y\u00fczde 25 ile s\u0131n\u0131rl\u0131 kalmayaca\u011f\u0131n\u0131 s\u00f6ylemi\u015ftik. \u0130lgili sekt\u00f6rle yapm\u0131\u015f oldu\u011fumuz toplant\u0131lar neticesinde unu da y\u00fczde 25 s\u0131n\u0131r\u0131nda tutmay\u0131 ba\u015fard\u0131k. Yani 2024 y\u0131l\u0131nda kilogram\u0131 50 lira olan ekmek, y\u00fczde 25 art\u0131\u015fla T\u00fcrkiye genelinde 62.50 TL&#8217;nin \u00fczerinde sat\u0131lmamaktad\u0131r. Bunu ne kadar uzun s\u00fcre devam ettirebilsek o kadar devam ettirmeye \u00e7al\u0131\u015faca\u011f\u0131z&#8221; dedi.<\/p>\n","protected":false},"excerpt":{"rendered":"<p>Ramazan pidesinin 370 gram\u0131 30 TL&#8217;den sat\u0131lacak KOCAEL\u0130 &#8211; T\u00fcrkiye F\u0131r\u0131nc\u0131lar Federasyonu Ba\u015fkan\u0131 Halil \u0130brahim&hellip;<\/p>\n","protected":false},"author":1,"featured_media":0,"comment_status":"open","ping_status":"open","sticky":false,"template":"","format":"standard","meta":{"footnotes":""},"categories":[9],"tags":[],"class_list":["post-82736","post","type-post","status-publish","format-standard","hentry","category-tarim"],"yoast_head":"<!-- This site is optimized with the Yoast SEO Premium plugin v24.3 (Yoast SEO v27.4) - https:\/\/yoast.com\/product\/yoast-seo-premium-wordpress\/ -->\n<title>Ramazan Pidesi Fiyatlar\u0131 Belli Oldu: 370 Gram\u0131 30 TL! - E-&Ccedil;\u0130FTL\u0130K HABER<\/title>\n<meta name=\"description\" content=\"Ramazan pidesinin 370 gram\u0131 30 TL&#039;den sat\u0131lacak KOCAEL\u0130 - T\u00fcrkiye F\u0131r\u0131nc\u0131lar Federasyonu Ba\u015fkan\u0131 Halil \u0130brahim Balc\u0131, 2025 y\u0131l\u0131 pide fiyatlar\u0131na ili\u015fkin\" \/>\n<meta name=\"robots\" content=\"index, follow, max-snippet:-1, max-image-preview:large, max-video-preview:-1\" \/>\n<link rel=\"canonical\" href=\"https:\/\/e-ciftlik.com\/haberler\/tarim\/ramazan-pidesi-fiyatlari-belli-oldu-370-grami-30-tl\/\" \/>\n<meta property=\"og:locale\" content=\"tr_TR\" \/>\n<meta property=\"og:type\" content=\"article\" \/>\n<meta property=\"og:title\" content=\"Ramazan Pidesi Fiyatlar\u0131 Belli Oldu: 370 Gram\u0131 30 TL!\" \/>\n<meta property=\"og:description\" content=\"Ramazan pidesinin 370 gram\u0131 30 TL&#039;den sat\u0131lacak KOCAEL\u0130 - T\u00fcrkiye F\u0131r\u0131nc\u0131lar Federasyonu Ba\u015fkan\u0131 Halil \u0130brahim Balc\u0131, 2025 y\u0131l\u0131 pide fiyatlar\u0131na ili\u015fkin\" \/>\n<meta property=\"og:url\" content=\"https:\/\/e-ciftlik.com\/haberler\/tarim\/ramazan-pidesi-fiyatlari-belli-oldu-370-grami-30-tl\/\" \/>\n<meta property=\"og:site_name\" content=\"E-&Ccedil;\u0130FTL\u0130K HABER\" \/>\n<meta property=\"article:publisher\" content=\"https:\/\/www.facebook.com\/eciftlikturkiye\" \/>\n<meta property=\"article:published_time\" content=\"2025-02-20T16:20:00+00:00\" \/>\n<meta name=\"author\" content=\"Haber Merkezi\" \/>\n<meta name=\"twitter:card\" content=\"summary_large_image\" \/>\n<meta name=\"twitter:creator\" content=\"@eciftlikresmi\" \/>\n<meta name=\"twitter:site\" content=\"@eciftlikresmi\" \/>\n<meta name=\"twitter:label1\" content=\"Yazan:\" \/>\n\t<meta name=\"twitter:data1\" content=\"Haber Merkezi\" \/>\n\t<meta name=\"twitter:label2\" content=\"Tahmini okuma s\u00fcresi\" \/>\n\t<meta name=\"twitter:data2\" content=\"4 dakika\" \/>\n<script type=\"application\/ld+json\" class=\"yoast-schema-graph\">{\"@context\":\"https:\\\/\\\/schema.org\",\"@graph\":[{\"@type\":\"NewsArticle\",\"@id\":\"https:\\\/\\\/e-ciftlik.com\\\/haberler\\\/tarim\\\/ramazan-pidesi-fiyatlari-belli-oldu-370-grami-30-tl\\\/#article\",\"isPartOf\":{\"@id\":\"https:\\\/\\\/e-ciftlik.com\\\/haberler\\\/tarim\\\/ramazan-pidesi-fiyatlari-belli-oldu-370-grami-30-tl\\\/\"},\"author\":{\"name\":\"Haber Merkezi\",\"@id\":\"https:\\\/\\\/e-ciftlik.com\\\/haberler\\\/#\\\/schema\\\/person\\\/d2f4fee3143d7f72be82cb887d51b00a\"},\"headline\":\"Ramazan Pidesi Fiyatlar\u0131 Belli Oldu: 370 Gram\u0131 30 TL!\",\"datePublished\":\"2025-02-20T16:20:00+00:00\",\"mainEntityOfPage\":{\"@id\":\"https:\\\/\\\/e-ciftlik.com\\\/haberler\\\/tarim\\\/ramazan-pidesi-fiyatlari-belli-oldu-370-grami-30-tl\\\/\"},\"wordCount\":751,\"commentCount\":0,\"publisher\":{\"@id\":\"https:\\\/\\\/e-ciftlik.com\\\/haberler\\\/#organization\"},\"articleSection\":[\"Tar\u0131m\"],\"inLanguage\":\"tr\",\"potentialAction\":[{\"@type\":\"CommentAction\",\"name\":\"Comment\",\"target\":[\"https:\\\/\\\/e-ciftlik.com\\\/haberler\\\/tarim\\\/ramazan-pidesi-fiyatlari-belli-oldu-370-grami-30-tl\\\/#respond\"]}]},{\"@type\":\"WebPage\",\"@id\":\"https:\\\/\\\/e-ciftlik.com\\\/haberler\\\/tarim\\\/ramazan-pidesi-fiyatlari-belli-oldu-370-grami-30-tl\\\/\",\"url\":\"https:\\\/\\\/e-ciftlik.com\\\/haberler\\\/tarim\\\/ramazan-pidesi-fiyatlari-belli-oldu-370-grami-30-tl\\\/\",\"name\":\"Ramazan Pidesi Fiyatlar\u0131 Belli Oldu: 370 Gram\u0131 30 TL! - E-&Ccedil;\u0130FTL\u0130K HABER\",\"isPartOf\":{\"@id\":\"https:\\\/\\\/e-ciftlik.com\\\/haberler\\\/#website\"},\"datePublished\":\"2025-02-20T16:20:00+00:00\",\"description\":\"Ramazan pidesinin 370 gram\u0131 30 TL'den sat\u0131lacak KOCAEL\u0130 - T\u00fcrkiye F\u0131r\u0131nc\u0131lar Federasyonu Ba\u015fkan\u0131 Halil \u0130brahim Balc\u0131, 2025 y\u0131l\u0131 pide fiyatlar\u0131na ili\u015fkin\",\"breadcrumb\":{\"@id\":\"https:\\\/\\\/e-ciftlik.com\\\/haberler\\\/tarim\\\/ramazan-pidesi-fiyatlari-belli-oldu-370-grami-30-tl\\\/#breadcrumb\"},\"inLanguage\":\"tr\",\"potentialAction\":[{\"@type\":\"ReadAction\",\"target\":[\"https:\\\/\\\/e-ciftlik.com\\\/haberler\\\/tarim\\\/ramazan-pidesi-fiyatlari-belli-oldu-370-grami-30-tl\\\/\"]}]},{\"@type\":\"BreadcrumbList\",\"@id\":\"https:\\\/\\\/e-ciftlik.com\\\/haberler\\\/tarim\\\/ramazan-pidesi-fiyatlari-belli-oldu-370-grami-30-tl\\\/#breadcrumb\",\"itemListElement\":[{\"@type\":\"ListItem\",\"position\":1,\"name\":\"Anasayfa\",\"item\":\"https:\\\/\\\/e-ciftlik.com\\\/haberler\\\/\"},{\"@type\":\"ListItem\",\"position\":2,\"name\":\"Ramazan Pidesi Fiyatlar\u0131 Belli Oldu: 370 Gram\u0131 30 TL!\"}]},{\"@type\":\"WebSite\",\"@id\":\"https:\\\/\\\/e-ciftlik.com\\\/haberler\\\/#website\",\"url\":\"https:\\\/\\\/e-ciftlik.com\\\/haberler\\\/\",\"name\":\"E-\u00c7iftlik Haber | G\u00fcncel, Son Dakika Haberler, En Son Haber\",\"description\":\"\",\"publisher\":{\"@id\":\"https:\\\/\\\/e-ciftlik.com\\\/haberler\\\/#organization\"},\"potentialAction\":[{\"@type\":\"SearchAction\",\"target\":{\"@type\":\"EntryPoint\",\"urlTemplate\":\"https:\\\/\\\/e-ciftlik.com\\\/haberler\\\/?s={search_term_string}\"},\"query-input\":{\"@type\":\"PropertyValueSpecification\",\"valueRequired\":true,\"valueName\":\"search_term_string\"}}],\"inLanguage\":\"tr\"},{\"@type\":\"Organization\",\"@id\":\"https:\\\/\\\/e-ciftlik.com\\\/haberler\\\/#organization\",\"name\":\"E-\u00c7\u0130FTL\u0130K HABER\",\"url\":\"https:\\\/\\\/e-ciftlik.com\\\/haberler\\\/\",\"logo\":{\"@type\":\"ImageObject\",\"inLanguage\":\"tr\",\"@id\":\"https:\\\/\\\/e-ciftlik.com\\\/haberler\\\/#\\\/schema\\\/logo\\\/image\\\/\",\"url\":\"https:\\\/\\\/e-ciftlik.com\\\/haberler\\\/wp-content\\\/uploads\\\/2024\\\/06\\\/cropped-cropped-favicon-1-2.png\",\"contentUrl\":\"https:\\\/\\\/e-ciftlik.com\\\/haberler\\\/wp-content\\\/uploads\\\/2024\\\/06\\\/cropped-cropped-favicon-1-2.png\",\"width\":512,\"height\":512,\"caption\":\"E-\u00c7\u0130FTL\u0130K HABER\"},\"image\":{\"@id\":\"https:\\\/\\\/e-ciftlik.com\\\/haberler\\\/#\\\/schema\\\/logo\\\/image\\\/\"},\"sameAs\":[\"https:\\\/\\\/www.facebook.com\\\/eciftlikturkiye\",\"https:\\\/\\\/x.com\\\/eciftlikresmi\",\"https:\\\/\\\/www.instagram.com\\\/eciftlikresmi\\\/\"]},{\"@type\":\"Person\",\"@id\":\"https:\\\/\\\/e-ciftlik.com\\\/haberler\\\/#\\\/schema\\\/person\\\/d2f4fee3143d7f72be82cb887d51b00a\",\"name\":\"Haber Merkezi\",\"image\":{\"@type\":\"ImageObject\",\"inLanguage\":\"tr\",\"@id\":\"https:\\\/\\\/secure.gravatar.com\\\/avatar\\\/6c27d641914e66c1d0452c92716002398782818991d86db1c2cccb531e7c7c82?s=96&d=mm&r=g\",\"url\":\"https:\\\/\\\/secure.gravatar.com\\\/avatar\\\/6c27d641914e66c1d0452c92716002398782818991d86db1c2cccb531e7c7c82?s=96&d=mm&r=g\",\"contentUrl\":\"https:\\\/\\\/secure.gravatar.com\\\/avatar\\\/6c27d641914e66c1d0452c92716002398782818991d86db1c2cccb531e7c7c82?s=96&d=mm&r=g\",\"caption\":\"Haber Merkezi\"},\"sameAs\":[\"http:\\\/\\\/e-ciftlik.com\\\/haberler\"]}]}<\/script>\n<!-- \/ Yoast SEO Premium plugin. -->","yoast_head_json":{"title":"Ramazan Pidesi Fiyatlar\u0131 Belli Oldu: 370 Gram\u0131 30 TL! - E-&Ccedil;\u0130FTL\u0130K HABER","description":"Ramazan pidesinin 370 gram\u0131 30 TL'den sat\u0131lacak KOCAEL\u0130 - T\u00fcrkiye F\u0131r\u0131nc\u0131lar Federasyonu Ba\u015fkan\u0131 Halil \u0130brahim Balc\u0131, 2025 y\u0131l\u0131 pide fiyatlar\u0131na ili\u015fkin","robots":{"index":"index","follow":"follow","max-snippet":"max-snippet:-1","max-image-preview":"max-image-preview:large","max-video-preview":"max-video-preview:-1"},"canonical":"https:\/\/e-ciftlik.com\/haberler\/tarim\/ramazan-pidesi-fiyatlari-belli-oldu-370-grami-30-tl\/","og_locale":"tr_TR","og_type":"article","og_title":"Ramazan Pidesi Fiyatlar\u0131 Belli Oldu: 370 Gram\u0131 30 TL!","og_description":"Ramazan pidesinin 370 gram\u0131 30 TL'den sat\u0131lacak KOCAEL\u0130 - T\u00fcrkiye F\u0131r\u0131nc\u0131lar Federasyonu Ba\u015fkan\u0131 Halil \u0130brahim Balc\u0131, 2025 y\u0131l\u0131 pide fiyatlar\u0131na ili\u015fkin","og_url":"https:\/\/e-ciftlik.com\/haberler\/tarim\/ramazan-pidesi-fiyatlari-belli-oldu-370-grami-30-tl\/","og_site_name":"E-&Ccedil;\u0130FTL\u0130K HABER","article_publisher":"https:\/\/www.facebook.com\/eciftlikturkiye","article_published_time":"2025-02-20T16:20:00+00:00","author":"Haber Merkezi","twitter_card":"summary_large_image","twitter_creator":"@eciftlikresmi","twitter_site":"@eciftlikresmi","twitter_misc":{"Yazan:":"Haber Merkezi","Tahmini okuma s\u00fcresi":"4 dakika"},"schema":{"@context":"https:\/\/schema.org","@graph":[{"@type":"NewsArticle","@id":"https:\/\/e-ciftlik.com\/haberler\/tarim\/ramazan-pidesi-fiyatlari-belli-oldu-370-grami-30-tl\/#article","isPartOf":{"@id":"https:\/\/e-ciftlik.com\/haberler\/tarim\/ramazan-pidesi-fiyatlari-belli-oldu-370-grami-30-tl\/"},"author":{"name":"Haber Merkezi","@id":"https:\/\/e-ciftlik.com\/haberler\/#\/schema\/person\/d2f4fee3143d7f72be82cb887d51b00a"},"headline":"Ramazan Pidesi Fiyatlar\u0131 Belli Oldu: 370 Gram\u0131 30 TL!","datePublished":"2025-02-20T16:20:00+00:00","mainEntityOfPage":{"@id":"https:\/\/e-ciftlik.com\/haberler\/tarim\/ramazan-pidesi-fiyatlari-belli-oldu-370-grami-30-tl\/"},"wordCount":751,"commentCount":0,"publisher":{"@id":"https:\/\/e-ciftlik.com\/haberler\/#organization"},"articleSection":["Tar\u0131m"],"inLanguage":"tr","potentialAction":[{"@type":"CommentAction","name":"Comment","target":["https:\/\/e-ciftlik.com\/haberler\/tarim\/ramazan-pidesi-fiyatlari-belli-oldu-370-grami-30-tl\/#respond"]}]},{"@type":"WebPage","@id":"https:\/\/e-ciftlik.com\/haberler\/tarim\/ramazan-pidesi-fiyatlari-belli-oldu-370-grami-30-tl\/","url":"https:\/\/e-ciftlik.com\/haberler\/tarim\/ramazan-pidesi-fiyatlari-belli-oldu-370-grami-30-tl\/","name":"Ramazan Pidesi Fiyatlar\u0131 Belli Oldu: 370 Gram\u0131 30 TL! - E-&Ccedil;\u0130FTL\u0130K HABER","isPartOf":{"@id":"https:\/\/e-ciftlik.com\/haberler\/#website"},"datePublished":"2025-02-20T16:20:00+00:00","description":"Ramazan pidesinin 370 gram\u0131 30 TL'den sat\u0131lacak KOCAEL\u0130 - T\u00fcrkiye F\u0131r\u0131nc\u0131lar Federasyonu Ba\u015fkan\u0131 Halil \u0130brahim Balc\u0131, 2025 y\u0131l\u0131 pide fiyatlar\u0131na ili\u015fkin","breadcrumb":{"@id":"https:\/\/e-ciftlik.com\/haberler\/tarim\/ramazan-pidesi-fiyatlari-belli-oldu-370-grami-30-tl\/#breadcrumb"},"inLanguage":"tr","potentialAction":[{"@type":"ReadAction","target":["https:\/\/e-ciftlik.com\/haberler\/tarim\/ramazan-pidesi-fiyatlari-belli-oldu-370-grami-30-tl\/"]}]},{"@type":"BreadcrumbList","@id":"https:\/\/e-ciftlik.com\/haberler\/tarim\/ramazan-pidesi-fiyatlari-belli-oldu-370-grami-30-tl\/#breadcrumb","itemListElement":[{"@type":"ListItem","position":1,"name":"Anasayfa","item":"https:\/\/e-ciftlik.com\/haberler\/"},{"@type":"ListItem","position":2,"name":"Ramazan Pidesi Fiyatlar\u0131 Belli Oldu: 370 Gram\u0131 30 TL!"}]},{"@type":"WebSite","@id":"https:\/\/e-ciftlik.com\/haberler\/#website","url":"https:\/\/e-ciftlik.com\/haberler\/","name":"E-\u00c7iftlik Haber | G\u00fcncel, Son Dakika Haberler, En Son Haber","description":"","publisher":{"@id":"https:\/\/e-ciftlik.com\/haberler\/#organization"},"potentialAction":[{"@type":"SearchAction","target":{"@type":"EntryPoint","urlTemplate":"https:\/\/e-ciftlik.com\/haberler\/?s={search_term_string}"},"query-input":{"@type":"PropertyValueSpecification","valueRequired":true,"valueName":"search_term_string"}}],"inLanguage":"tr"},{"@type":"Organization","@id":"https:\/\/e-ciftlik.com\/haberler\/#organization","name":"E-\u00c7\u0130FTL\u0130K HABER","url":"https:\/\/e-ciftlik.com\/haberler\/","logo":{"@type":"ImageObject","inLanguage":"tr","@id":"https:\/\/e-ciftlik.com\/haberler\/#\/schema\/logo\/image\/","url":"https:\/\/e-ciftlik.com\/haberler\/wp-content\/uploads\/2024\/06\/cropped-cropped-favicon-1-2.png","contentUrl":"https:\/\/e-ciftlik.com\/haberler\/wp-content\/uploads\/2024\/06\/cropped-cropped-favicon-1-2.png","width":512,"height":512,"caption":"E-\u00c7\u0130FTL\u0130K HABER"},"image":{"@id":"https:\/\/e-ciftlik.com\/haberler\/#\/schema\/logo\/image\/"},"sameAs":["https:\/\/www.facebook.com\/eciftlikturkiye","https:\/\/x.com\/eciftlikresmi","https:\/\/www.instagram.com\/eciftlikresmi\/"]},{"@type":"Person","@id":"https:\/\/e-ciftlik.com\/haberler\/#\/schema\/person\/d2f4fee3143d7f72be82cb887d51b00a","name":"Haber Merkezi","image":{"@type":"ImageObject","inLanguage":"tr","@id":"https:\/\/secure.gravatar.com\/avatar\/6c27d641914e66c1d0452c92716002398782818991d86db1c2cccb531e7c7c82?s=96&d=mm&r=g","url":"https:\/\/secure.gravatar.com\/avatar\/6c27d641914e66c1d0452c92716002398782818991d86db1c2cccb531e7c7c82?s=96&d=mm&r=g","contentUrl":"https:\/\/secure.gravatar.com\/avatar\/6c27d641914e66c1d0452c92716002398782818991d86db1c2cccb531e7c7c82?s=96&d=mm&r=g","caption":"Haber Merkezi"},"sameAs":["http:\/\/e-ciftlik.com\/haberler"]}]}},"_links":{"self":[{"href":"https:\/\/e-ciftlik.com\/haberler\/wp-json\/wp\/v2\/posts\/82736","targetHints":{"allow":["GET"]}}],"collection":[{"href":"https:\/\/e-ciftlik.com\/haberler\/wp-json\/wp\/v2\/posts"}],"about":[{"href":"https:\/\/e-ciftlik.com\/haberler\/wp-json\/wp\/v2\/types\/post"}],"author":[{"embeddable":true,"href":"https:\/\/e-ciftlik.com\/haberler\/wp-json\/wp\/v2\/users\/1"}],"replies":[{"embeddable":true,"href":"https:\/\/e-ciftlik.com\/haberler\/wp-json\/wp\/v2\/comments?post=82736"}],"version-history":[{"count":0,"href":"https:\/\/e-ciftlik.com\/haberler\/wp-json\/wp\/v2\/posts\/82736\/revisions"}],"wp:attachment":[{"href":"https:\/\/e-ciftlik.com\/haberler\/wp-json\/wp\/v2\/media?parent=82736"}],"wp:term":[{"taxonomy":"category","embeddable":true,"href":"https:\/\/e-ciftlik.com\/haberler\/wp-json\/wp\/v2\/categories?post=82736"},{"taxonomy":"post_tag","embeddable":true,"href":"https:\/\/e-ciftlik.com\/haberler\/wp-json\/wp\/v2\/tags?post=82736"}],"curies":[{"name":"wp","href":"https:\/\/api.w.org\/{rel}","templated":true}]}}