{"id":82739,"date":"2025-02-21T04:51:05","date_gmt":"2025-02-21T04:51:05","guid":{"rendered":"https:\/\/e-ciftlik.com\/haberler\/spor\/galatasaray-uefadan-veda-etti-burukun-aciklamalari\/"},"modified":"2025-02-21T04:51:05","modified_gmt":"2025-02-21T04:51:05","slug":"galatasaray-uefadan-veda-etti-burukun-aciklamalari","status":"publish","type":"post","link":"https:\/\/e-ciftlik.com\/haberler\/spor\/galatasaray-uefadan-veda-etti-burukun-aciklamalari\/","title":{"rendered":"Galatasaray, UEFA&#8217;dan veda etti: Buruk&#8217;un a\u00e7\u0131klamalar\u0131!"},"content":{"rendered":"<p>Galatasaray, UEFA Avrupa Ligi son 16 play-off turu r\u00f6van\u015f ma\u00e7\u0131nda AZ Alkmaar ile 2-2 berabere kalarak turnuvaya veda etti. \u0130lk ma\u00e7ta 4-1 ma\u011flup olan Sar\u0131-k\u0131rm\u0131z\u0131l\u0131lar, turu ge\u00e7meyi ba\u015faramad\u0131. <\/p>\n<p>Teknik direkt\u00f6r Okan Buruk, ma\u00e7 sonu yapt\u0131\u011f\u0131 a\u00e7\u0131klamada, &#8220;As\u0131l amac\u0131m\u0131z erken bir golle ma\u00e7\u0131n havas\u0131na girmek ve rakibimizi zor duruma d\u00fc\u015f\u00fcrmek istiyorduk. Gol\u00fc bir t\u00fcrl\u00fc bulamad\u0131k. \u00dcst\u00fcne 1-0 geriye d\u00fc\u015ft\u00fck. \u0130kinci yar\u0131n\u0131n ba\u015f\u0131nda biraz daha iyi oynad\u0131k. Davinson&#8217;u korumak i\u00e7in \u00e7\u0131kard\u0131k. \u00c7ok fazla depar atarak oynad\u0131. Kalemize ilk gelen top gol oldu. 2-2&#8217;ye getirdik ama \u00e7ok pozisyon verdik. G\u00fcnay bug\u00fcn \u00e7ok iyi performans \u00e7\u0131kard\u0131. Sakatl\u0131klar, cezalar, stat\u00fc gere\u011fi yazamad\u0131klar\u0131m\u0131z. \u015eanss\u0131zl\u0131klar\u0131m\u0131z tura tutunamamam\u0131za sebep oldu. Sevindi\u011fimiz yan sakatl\u0131k olmamas\u0131. 3 g\u00fcn arayla ma\u00e7lar oynad\u0131k.&#8221; <\/p>\n<p>Buruk, Osimhen&#8217;in sakatlanmamas\u0131 i\u00e7in son 10 dakikada oyundan \u00e7\u0131kar\u0131ld\u0131\u011f\u0131n\u0131 belirterek, &#8220;Rakibimizin ma\u00e7lar\u0131 ertelenmi\u015fti, daha din\u00e7lerdi. \u0130lk gol\u00fc bulsak belki ma\u00e7\u0131n i\u00e7erisine girebilirdik. Genel performans olarak kendi kalitemizin alt\u0131nda kald\u0131k. Arkaya d\u00f6n\u00fcp bakt\u0131\u011f\u0131mda \u00e7ok \u00f6nemli bizim i\u00e7in 5-6 tane oyuncu bekliyordu. Bu t\u00fcr ma\u00e7lar\u0131 oynayabilecek oyuncular\u0131m\u0131z olacak. Kendi saham\u0131zda oynayaca\u011f\u0131z.&#8221; <\/p>\n<p>T\u00fcrk futbolu ad\u0131na \u00fczg\u00fcn olduklar\u0131n\u0131 dile getiren Buruk, &#8220;Oynayan oyuncular\u0131m\u0131z\u0131 dinlendirip oynamayan oyuncular\u0131m\u0131z\u0131 haz\u0131rlayaca\u011f\u0131z. Bug\u00fcn 2 ma\u00e7 \u00fcst \u00fcste oynayan oyuncular\u0131m\u0131z sonraki ma\u00e7ta daha din\u00e7 olacak. Bu sezonun en \u00f6nemli ma\u00e7\u0131na \u00e7\u0131kaca\u011f\u0131z. T\u00fcrk futbolu ad\u0131na \u00fczg\u00fcn\u00fcz. Hayallerimize ula\u015famad\u0131k.&#8221; <\/p>\n<p>Son olarak, yabanc\u0131 hakem konusunda soru i\u015faretleri oldu\u011funu belirten Buruk, &#8220;Galatasaray camias\u0131n\u0131n bir tepkisi var. Soru i\u015faretleri var. Kul\u00fcb\u00fcm\u00fcz federasyona ba\u015fvuru yapt\u0131. Se\u00e7ilen isim i\u00e7in kafam\u0131zda soru i\u015fareti var. Bizim i\u00e7in saha i\u00e7i \u00f6nemli, buna haz\u0131rlanaca\u011f\u0131m. \u015eu anda hepimizin soru i\u015faretleri \u00e7ok fazla.&#8221; dedi.<\/p>\n","protected":false},"excerpt":{"rendered":"<p>Galatasaray, UEFA Avrupa Ligi son 16 play-off turu r\u00f6van\u015f ma\u00e7\u0131nda AZ Alkmaar ile 2-2 berabere&hellip;<\/p>\n","protected":false},"author":1,"featured_media":82740,"comment_status":"open","ping_status":"open","sticky":false,"template":"","format":"standard","meta":{"footnotes":""},"categories":[7],"tags":[],"class_list":["post-82739","post","type-post","status-publish","format-standard","has-post-thumbnail","hentry","category-spor"],"yoast_head":"<!-- This site is optimized with the Yoast SEO Premium plugin v24.3 (Yoast SEO v27.4) - https:\/\/yoast.com\/product\/yoast-seo-premium-wordpress\/ -->\n<title>Galatasaray, UEFA&#039;dan veda etti: Buruk&#039;un a\u00e7\u0131klamalar\u0131! - E-&Ccedil;\u0130FTL\u0130K HABER<\/title>\n<meta name=\"description\" content=\"Galatasaray, UEFA Avrupa Ligi son 16 play-off turu r\u00f6van\u015f ma\u00e7\u0131nda AZ Alkmaar ile 2-2 berabere kalarak turnuvaya veda etti. \u0130lk ma\u00e7ta 4-1 ma\u011flup olan\" \/>\n<meta name=\"robots\" content=\"index, follow, max-snippet:-1, max-image-preview:large, max-video-preview:-1\" \/>\n<link rel=\"canonical\" href=\"https:\/\/e-ciftlik.com\/haberler\/spor\/galatasaray-uefadan-veda-etti-burukun-aciklamalari\/\" \/>\n<meta property=\"og:locale\" content=\"tr_TR\" \/>\n<meta property=\"og:type\" content=\"article\" \/>\n<meta property=\"og:title\" content=\"Galatasaray, UEFA&#039;dan veda etti: Buruk&#039;un a\u00e7\u0131klamalar\u0131!\" \/>\n<meta property=\"og:description\" content=\"Galatasaray, UEFA Avrupa Ligi son 16 play-off turu r\u00f6van\u015f ma\u00e7\u0131nda AZ Alkmaar ile 2-2 berabere kalarak turnuvaya veda etti. \u0130lk ma\u00e7ta 4-1 ma\u011flup olan\" \/>\n<meta property=\"og:url\" content=\"https:\/\/e-ciftlik.com\/haberler\/spor\/galatasaray-uefadan-veda-etti-burukun-aciklamalari\/\" \/>\n<meta property=\"og:site_name\" content=\"E-&Ccedil;\u0130FTL\u0130K HABER\" \/>\n<meta property=\"article:publisher\" content=\"https:\/\/www.facebook.com\/eciftlikturkiye\" \/>\n<meta property=\"article:published_time\" content=\"2025-02-21T04:51:05+00:00\" \/>\n<meta property=\"og:image\" content=\"https:\/\/e-ciftlik.com\/haberler\/wp-content\/uploads\/2025\/02\/rdHO940wPU-TpqHXfIGi0w.jpg\" \/>\n\t<meta property=\"og:image:width\" content=\"1080\" \/>\n\t<meta property=\"og:image:height\" content=\"612\" \/>\n\t<meta property=\"og:image:type\" content=\"image\/jpeg\" \/>\n<meta name=\"author\" content=\"Haber Merkezi\" \/>\n<meta name=\"twitter:card\" content=\"summary_large_image\" \/>\n<meta name=\"twitter:creator\" content=\"@eciftlikresmi\" \/>\n<meta name=\"twitter:site\" content=\"@eciftlikresmi\" \/>\n<meta name=\"twitter:label1\" content=\"Yazan:\" \/>\n\t<meta name=\"twitter:data1\" content=\"Haber Merkezi\" \/>\n\t<meta name=\"twitter:label2\" content=\"Tahmini okuma s\u00fcresi\" \/>\n\t<meta name=\"twitter:data2\" content=\"2 dakika\" \/>\n<script type=\"application\/ld+json\" class=\"yoast-schema-graph\">{\"@context\":\"https:\\\/\\\/schema.org\",\"@graph\":[{\"@type\":\"NewsArticle\",\"@id\":\"https:\\\/\\\/e-ciftlik.com\\\/haberler\\\/spor\\\/galatasaray-uefadan-veda-etti-burukun-aciklamalari\\\/#article\",\"isPartOf\":{\"@id\":\"https:\\\/\\\/e-ciftlik.com\\\/haberler\\\/spor\\\/galatasaray-uefadan-veda-etti-burukun-aciklamalari\\\/\"},\"author\":{\"name\":\"Haber Merkezi\",\"@id\":\"https:\\\/\\\/e-ciftlik.com\\\/haberler\\\/#\\\/schema\\\/person\\\/d2f4fee3143d7f72be82cb887d51b00a\"},\"headline\":\"Galatasaray, UEFA&#8217;dan veda etti: Buruk&#8217;un a\u00e7\u0131klamalar\u0131!\",\"datePublished\":\"2025-02-21T04:51:05+00:00\",\"mainEntityOfPage\":{\"@id\":\"https:\\\/\\\/e-ciftlik.com\\\/haberler\\\/spor\\\/galatasaray-uefadan-veda-etti-burukun-aciklamalari\\\/\"},\"wordCount\":357,\"commentCount\":0,\"publisher\":{\"@id\":\"https:\\\/\\\/e-ciftlik.com\\\/haberler\\\/#organization\"},\"image\":{\"@id\":\"https:\\\/\\\/e-ciftlik.com\\\/haberler\\\/spor\\\/galatasaray-uefadan-veda-etti-burukun-aciklamalari\\\/#primaryimage\"},\"thumbnailUrl\":\"https:\\\/\\\/e-ciftlik.com\\\/haberler\\\/wp-content\\\/uploads\\\/2025\\\/02\\\/rdHO940wPU-TpqHXfIGi0w.jpg\",\"articleSection\":[\"Spor\"],\"inLanguage\":\"tr\",\"potentialAction\":[{\"@type\":\"CommentAction\",\"name\":\"Comment\",\"target\":[\"https:\\\/\\\/e-ciftlik.com\\\/haberler\\\/spor\\\/galatasaray-uefadan-veda-etti-burukun-aciklamalari\\\/#respond\"]}]},{\"@type\":\"WebPage\",\"@id\":\"https:\\\/\\\/e-ciftlik.com\\\/haberler\\\/spor\\\/galatasaray-uefadan-veda-etti-burukun-aciklamalari\\\/\",\"url\":\"https:\\\/\\\/e-ciftlik.com\\\/haberler\\\/spor\\\/galatasaray-uefadan-veda-etti-burukun-aciklamalari\\\/\",\"name\":\"Galatasaray, UEFA'dan veda etti: Buruk'un a\u00e7\u0131klamalar\u0131! - E-&Ccedil;\u0130FTL\u0130K HABER\",\"isPartOf\":{\"@id\":\"https:\\\/\\\/e-ciftlik.com\\\/haberler\\\/#website\"},\"primaryImageOfPage\":{\"@id\":\"https:\\\/\\\/e-ciftlik.com\\\/haberler\\\/spor\\\/galatasaray-uefadan-veda-etti-burukun-aciklamalari\\\/#primaryimage\"},\"image\":{\"@id\":\"https:\\\/\\\/e-ciftlik.com\\\/haberler\\\/spor\\\/galatasaray-uefadan-veda-etti-burukun-aciklamalari\\\/#primaryimage\"},\"thumbnailUrl\":\"https:\\\/\\\/e-ciftlik.com\\\/haberler\\\/wp-content\\\/uploads\\\/2025\\\/02\\\/rdHO940wPU-TpqHXfIGi0w.jpg\",\"datePublished\":\"2025-02-21T04:51:05+00:00\",\"description\":\"Galatasaray, UEFA Avrupa Ligi son 16 play-off turu r\u00f6van\u015f ma\u00e7\u0131nda AZ Alkmaar ile 2-2 berabere kalarak turnuvaya veda etti. \u0130lk ma\u00e7ta 4-1 ma\u011flup olan\",\"breadcrumb\":{\"@id\":\"https:\\\/\\\/e-ciftlik.com\\\/haberler\\\/spor\\\/galatasaray-uefadan-veda-etti-burukun-aciklamalari\\\/#breadcrumb\"},\"inLanguage\":\"tr\",\"potentialAction\":[{\"@type\":\"ReadAction\",\"target\":[\"https:\\\/\\\/e-ciftlik.com\\\/haberler\\\/spor\\\/galatasaray-uefadan-veda-etti-burukun-aciklamalari\\\/\"]}]},{\"@type\":\"ImageObject\",\"inLanguage\":\"tr\",\"@id\":\"https:\\\/\\\/e-ciftlik.com\\\/haberler\\\/spor\\\/galatasaray-uefadan-veda-etti-burukun-aciklamalari\\\/#primaryimage\",\"url\":\"https:\\\/\\\/e-ciftlik.com\\\/haberler\\\/wp-content\\\/uploads\\\/2025\\\/02\\\/rdHO940wPU-TpqHXfIGi0w.jpg\",\"contentUrl\":\"https:\\\/\\\/e-ciftlik.com\\\/haberler\\\/wp-content\\\/uploads\\\/2025\\\/02\\\/rdHO940wPU-TpqHXfIGi0w.jpg\",\"width\":1080,\"height\":612},{\"@type\":\"BreadcrumbList\",\"@id\":\"https:\\\/\\\/e-ciftlik.com\\\/haberler\\\/spor\\\/galatasaray-uefadan-veda-etti-burukun-aciklamalari\\\/#breadcrumb\",\"itemListElement\":[{\"@type\":\"ListItem\",\"position\":1,\"name\":\"Anasayfa\",\"item\":\"https:\\\/\\\/e-ciftlik.com\\\/haberler\\\/\"},{\"@type\":\"ListItem\",\"position\":2,\"name\":\"Galatasaray, UEFA&#8217;dan veda etti: Buruk&#8217;un a\u00e7\u0131klamalar\u0131!\"}]},{\"@type\":\"WebSite\",\"@id\":\"https:\\\/\\\/e-ciftlik.com\\\/haberler\\\/#website\",\"url\":\"https:\\\/\\\/e-ciftlik.com\\\/haberler\\\/\",\"name\":\"E-\u00c7iftlik Haber | G\u00fcncel, Son Dakika Haberler, En Son Haber\",\"description\":\"\",\"publisher\":{\"@id\":\"https:\\\/\\\/e-ciftlik.com\\\/haberler\\\/#organization\"},\"potentialAction\":[{\"@type\":\"SearchAction\",\"target\":{\"@type\":\"EntryPoint\",\"urlTemplate\":\"https:\\\/\\\/e-ciftlik.com\\\/haberler\\\/?s={search_term_string}\"},\"query-input\":{\"@type\":\"PropertyValueSpecification\",\"valueRequired\":true,\"valueName\":\"search_term_string\"}}],\"inLanguage\":\"tr\"},{\"@type\":\"Organization\",\"@id\":\"https:\\\/\\\/e-ciftlik.com\\\/haberler\\\/#organization\",\"name\":\"E-\u00c7\u0130FTL\u0130K HABER\",\"url\":\"https:\\\/\\\/e-ciftlik.com\\\/haberler\\\/\",\"logo\":{\"@type\":\"ImageObject\",\"inLanguage\":\"tr\",\"@id\":\"https:\\\/\\\/e-ciftlik.com\\\/haberler\\\/#\\\/schema\\\/logo\\\/image\\\/\",\"url\":\"https:\\\/\\\/e-ciftlik.com\\\/haberler\\\/wp-content\\\/uploads\\\/2024\\\/06\\\/cropped-cropped-favicon-1-2.png\",\"contentUrl\":\"https:\\\/\\\/e-ciftlik.com\\\/haberler\\\/wp-content\\\/uploads\\\/2024\\\/06\\\/cropped-cropped-favicon-1-2.png\",\"width\":512,\"height\":512,\"caption\":\"E-\u00c7\u0130FTL\u0130K HABER\"},\"image\":{\"@id\":\"https:\\\/\\\/e-ciftlik.com\\\/haberler\\\/#\\\/schema\\\/logo\\\/image\\\/\"},\"sameAs\":[\"https:\\\/\\\/www.facebook.com\\\/eciftlikturkiye\",\"https:\\\/\\\/x.com\\\/eciftlikresmi\",\"https:\\\/\\\/www.instagram.com\\\/eciftlikresmi\\\/\"]},{\"@type\":\"Person\",\"@id\":\"https:\\\/\\\/e-ciftlik.com\\\/haberler\\\/#\\\/schema\\\/person\\\/d2f4fee3143d7f72be82cb887d51b00a\",\"name\":\"Haber Merkezi\",\"image\":{\"@type\":\"ImageObject\",\"inLanguage\":\"tr\",\"@id\":\"https:\\\/\\\/secure.gravatar.com\\\/avatar\\\/6c27d641914e66c1d0452c92716002398782818991d86db1c2cccb531e7c7c82?s=96&d=mm&r=g\",\"url\":\"https:\\\/\\\/secure.gravatar.com\\\/avatar\\\/6c27d641914e66c1d0452c92716002398782818991d86db1c2cccb531e7c7c82?s=96&d=mm&r=g\",\"contentUrl\":\"https:\\\/\\\/secure.gravatar.com\\\/avatar\\\/6c27d641914e66c1d0452c92716002398782818991d86db1c2cccb531e7c7c82?s=96&d=mm&r=g\",\"caption\":\"Haber Merkezi\"},\"sameAs\":[\"http:\\\/\\\/e-ciftlik.com\\\/haberler\"]}]}<\/script>\n<!-- \/ Yoast SEO Premium plugin. -->","yoast_head_json":{"title":"Galatasaray, UEFA'dan veda etti: Buruk'un a\u00e7\u0131klamalar\u0131! - E-&Ccedil;\u0130FTL\u0130K HABER","description":"Galatasaray, UEFA Avrupa Ligi son 16 play-off turu r\u00f6van\u015f ma\u00e7\u0131nda AZ Alkmaar ile 2-2 berabere kalarak turnuvaya veda etti. \u0130lk ma\u00e7ta 4-1 ma\u011flup olan","robots":{"index":"index","follow":"follow","max-snippet":"max-snippet:-1","max-image-preview":"max-image-preview:large","max-video-preview":"max-video-preview:-1"},"canonical":"https:\/\/e-ciftlik.com\/haberler\/spor\/galatasaray-uefadan-veda-etti-burukun-aciklamalari\/","og_locale":"tr_TR","og_type":"article","og_title":"Galatasaray, UEFA'dan veda etti: Buruk'un a\u00e7\u0131klamalar\u0131!","og_description":"Galatasaray, UEFA Avrupa Ligi son 16 play-off turu r\u00f6van\u015f ma\u00e7\u0131nda AZ Alkmaar ile 2-2 berabere kalarak turnuvaya veda etti. \u0130lk ma\u00e7ta 4-1 ma\u011flup olan","og_url":"https:\/\/e-ciftlik.com\/haberler\/spor\/galatasaray-uefadan-veda-etti-burukun-aciklamalari\/","og_site_name":"E-&Ccedil;\u0130FTL\u0130K HABER","article_publisher":"https:\/\/www.facebook.com\/eciftlikturkiye","article_published_time":"2025-02-21T04:51:05+00:00","og_image":[{"width":1080,"height":612,"url":"https:\/\/e-ciftlik.com\/haberler\/wp-content\/uploads\/2025\/02\/rdHO940wPU-TpqHXfIGi0w.jpg","type":"image\/jpeg"}],"author":"Haber Merkezi","twitter_card":"summary_large_image","twitter_creator":"@eciftlikresmi","twitter_site":"@eciftlikresmi","twitter_misc":{"Yazan:":"Haber Merkezi","Tahmini okuma s\u00fcresi":"2 dakika"},"schema":{"@context":"https:\/\/schema.org","@graph":[{"@type":"NewsArticle","@id":"https:\/\/e-ciftlik.com\/haberler\/spor\/galatasaray-uefadan-veda-etti-burukun-aciklamalari\/#article","isPartOf":{"@id":"https:\/\/e-ciftlik.com\/haberler\/spor\/galatasaray-uefadan-veda-etti-burukun-aciklamalari\/"},"author":{"name":"Haber Merkezi","@id":"https:\/\/e-ciftlik.com\/haberler\/#\/schema\/person\/d2f4fee3143d7f72be82cb887d51b00a"},"headline":"Galatasaray, UEFA&#8217;dan veda etti: Buruk&#8217;un a\u00e7\u0131klamalar\u0131!","datePublished":"2025-02-21T04:51:05+00:00","mainEntityOfPage":{"@id":"https:\/\/e-ciftlik.com\/haberler\/spor\/galatasaray-uefadan-veda-etti-burukun-aciklamalari\/"},"wordCount":357,"commentCount":0,"publisher":{"@id":"https:\/\/e-ciftlik.com\/haberler\/#organization"},"image":{"@id":"https:\/\/e-ciftlik.com\/haberler\/spor\/galatasaray-uefadan-veda-etti-burukun-aciklamalari\/#primaryimage"},"thumbnailUrl":"https:\/\/e-ciftlik.com\/haberler\/wp-content\/uploads\/2025\/02\/rdHO940wPU-TpqHXfIGi0w.jpg","articleSection":["Spor"],"inLanguage":"tr","potentialAction":[{"@type":"CommentAction","name":"Comment","target":["https:\/\/e-ciftlik.com\/haberler\/spor\/galatasaray-uefadan-veda-etti-burukun-aciklamalari\/#respond"]}]},{"@type":"WebPage","@id":"https:\/\/e-ciftlik.com\/haberler\/spor\/galatasaray-uefadan-veda-etti-burukun-aciklamalari\/","url":"https:\/\/e-ciftlik.com\/haberler\/spor\/galatasaray-uefadan-veda-etti-burukun-aciklamalari\/","name":"Galatasaray, UEFA'dan veda etti: Buruk'un a\u00e7\u0131klamalar\u0131! - E-&Ccedil;\u0130FTL\u0130K HABER","isPartOf":{"@id":"https:\/\/e-ciftlik.com\/haberler\/#website"},"primaryImageOfPage":{"@id":"https:\/\/e-ciftlik.com\/haberler\/spor\/galatasaray-uefadan-veda-etti-burukun-aciklamalari\/#primaryimage"},"image":{"@id":"https:\/\/e-ciftlik.com\/haberler\/spor\/galatasaray-uefadan-veda-etti-burukun-aciklamalari\/#primaryimage"},"thumbnailUrl":"https:\/\/e-ciftlik.com\/haberler\/wp-content\/uploads\/2025\/02\/rdHO940wPU-TpqHXfIGi0w.jpg","datePublished":"2025-02-21T04:51:05+00:00","description":"Galatasaray, UEFA Avrupa Ligi son 16 play-off turu r\u00f6van\u015f ma\u00e7\u0131nda AZ Alkmaar ile 2-2 berabere kalarak turnuvaya veda etti. \u0130lk ma\u00e7ta 4-1 ma\u011flup olan","breadcrumb":{"@id":"https:\/\/e-ciftlik.com\/haberler\/spor\/galatasaray-uefadan-veda-etti-burukun-aciklamalari\/#breadcrumb"},"inLanguage":"tr","potentialAction":[{"@type":"ReadAction","target":["https:\/\/e-ciftlik.com\/haberler\/spor\/galatasaray-uefadan-veda-etti-burukun-aciklamalari\/"]}]},{"@type":"ImageObject","inLanguage":"tr","@id":"https:\/\/e-ciftlik.com\/haberler\/spor\/galatasaray-uefadan-veda-etti-burukun-aciklamalari\/#primaryimage","url":"https:\/\/e-ciftlik.com\/haberler\/wp-content\/uploads\/2025\/02\/rdHO940wPU-TpqHXfIGi0w.jpg","contentUrl":"https:\/\/e-ciftlik.com\/haberler\/wp-content\/uploads\/2025\/02\/rdHO940wPU-TpqHXfIGi0w.jpg","width":1080,"height":612},{"@type":"BreadcrumbList","@id":"https:\/\/e-ciftlik.com\/haberler\/spor\/galatasaray-uefadan-veda-etti-burukun-aciklamalari\/#breadcrumb","itemListElement":[{"@type":"ListItem","position":1,"name":"Anasayfa","item":"https:\/\/e-ciftlik.com\/haberler\/"},{"@type":"ListItem","position":2,"name":"Galatasaray, UEFA&#8217;dan veda etti: Buruk&#8217;un a\u00e7\u0131klamalar\u0131!"}]},{"@type":"WebSite","@id":"https:\/\/e-ciftlik.com\/haberler\/#website","url":"https:\/\/e-ciftlik.com\/haberler\/","name":"E-\u00c7iftlik Haber | G\u00fcncel, Son Dakika Haberler, En Son Haber","description":"","publisher":{"@id":"https:\/\/e-ciftlik.com\/haberler\/#organization"},"potentialAction":[{"@type":"SearchAction","target":{"@type":"EntryPoint","urlTemplate":"https:\/\/e-ciftlik.com\/haberler\/?s={search_term_string}"},"query-input":{"@type":"PropertyValueSpecification","valueRequired":true,"valueName":"search_term_string"}}],"inLanguage":"tr"},{"@type":"Organization","@id":"https:\/\/e-ciftlik.com\/haberler\/#organization","name":"E-\u00c7\u0130FTL\u0130K HABER","url":"https:\/\/e-ciftlik.com\/haberler\/","logo":{"@type":"ImageObject","inLanguage":"tr","@id":"https:\/\/e-ciftlik.com\/haberler\/#\/schema\/logo\/image\/","url":"https:\/\/e-ciftlik.com\/haberler\/wp-content\/uploads\/2024\/06\/cropped-cropped-favicon-1-2.png","contentUrl":"https:\/\/e-ciftlik.com\/haberler\/wp-content\/uploads\/2024\/06\/cropped-cropped-favicon-1-2.png","width":512,"height":512,"caption":"E-\u00c7\u0130FTL\u0130K HABER"},"image":{"@id":"https:\/\/e-ciftlik.com\/haberler\/#\/schema\/logo\/image\/"},"sameAs":["https:\/\/www.facebook.com\/eciftlikturkiye","https:\/\/x.com\/eciftlikresmi","https:\/\/www.instagram.com\/eciftlikresmi\/"]},{"@type":"Person","@id":"https:\/\/e-ciftlik.com\/haberler\/#\/schema\/person\/d2f4fee3143d7f72be82cb887d51b00a","name":"Haber Merkezi","image":{"@type":"ImageObject","inLanguage":"tr","@id":"https:\/\/secure.gravatar.com\/avatar\/6c27d641914e66c1d0452c92716002398782818991d86db1c2cccb531e7c7c82?s=96&d=mm&r=g","url":"https:\/\/secure.gravatar.com\/avatar\/6c27d641914e66c1d0452c92716002398782818991d86db1c2cccb531e7c7c82?s=96&d=mm&r=g","contentUrl":"https:\/\/secure.gravatar.com\/avatar\/6c27d641914e66c1d0452c92716002398782818991d86db1c2cccb531e7c7c82?s=96&d=mm&r=g","caption":"Haber Merkezi"},"sameAs":["http:\/\/e-ciftlik.com\/haberler"]}]}},"_links":{"self":[{"href":"https:\/\/e-ciftlik.com\/haberler\/wp-json\/wp\/v2\/posts\/82739","targetHints":{"allow":["GET"]}}],"collection":[{"href":"https:\/\/e-ciftlik.com\/haberler\/wp-json\/wp\/v2\/posts"}],"about":[{"href":"https:\/\/e-ciftlik.com\/haberler\/wp-json\/wp\/v2\/types\/post"}],"author":[{"embeddable":true,"href":"https:\/\/e-ciftlik.com\/haberler\/wp-json\/wp\/v2\/users\/1"}],"replies":[{"embeddable":true,"href":"https:\/\/e-ciftlik.com\/haberler\/wp-json\/wp\/v2\/comments?post=82739"}],"version-history":[{"count":0,"href":"https:\/\/e-ciftlik.com\/haberler\/wp-json\/wp\/v2\/posts\/82739\/revisions"}],"wp:featuredmedia":[{"embeddable":true,"href":"https:\/\/e-ciftlik.com\/haberler\/wp-json\/wp\/v2\/media\/82740"}],"wp:attachment":[{"href":"https:\/\/e-ciftlik.com\/haberler\/wp-json\/wp\/v2\/media?parent=82739"}],"wp:term":[{"taxonomy":"category","embeddable":true,"href":"https:\/\/e-ciftlik.com\/haberler\/wp-json\/wp\/v2\/categories?post=82739"},{"taxonomy":"post_tag","embeddable":true,"href":"https:\/\/e-ciftlik.com\/haberler\/wp-json\/wp\/v2\/tags?post=82739"}],"curies":[{"name":"wp","href":"https:\/\/api.w.org\/{rel}","templated":true}]}}