{"id":82759,"date":"2025-02-21T06:32:09","date_gmt":"2025-02-21T06:32:09","guid":{"rendered":"https:\/\/e-ciftlik.com\/haberler\/spor\/fenerbahce-derbisi-oncesi-galatasaraya-kotu-haberler\/"},"modified":"2025-02-21T06:32:09","modified_gmt":"2025-02-21T06:32:09","slug":"fenerbahce-derbisi-oncesi-galatasaraya-kotu-haberler","status":"publish","type":"post","link":"https:\/\/e-ciftlik.com\/haberler\/spor\/fenerbahce-derbisi-oncesi-galatasaraya-kotu-haberler\/","title":{"rendered":"Fenerbah\u00e7e Derbisi \u00d6ncesi Galatasaray&#8217;a K\u00f6t\u00fc Haberler"},"content":{"rendered":"<p>Galatasaray Teknik Direkt\u00f6r\u00fc Okan Buruk, UEFA Avrupa Ligi&#8217;nde son 16 play-off turunda elenmelerinin ard\u0131ndan Fenerbah\u00e7e derbisi \u00f6ncesi Morata ve Jakobs&#8217;un oynamas\u0131n\u0131n zor olabilece\u011fini a\u00e7\u0131klad\u0131. Ayr\u0131ca, Buruk, Yunus Akg\u00fcn&#8217;\u00fcn antrenmanlara ba\u015flayaca\u011f\u0131n\u0131 belirtti.<\/p>\n<p>Buruk, Ismail Jakobs ve Alvaro Morata&#8217;n\u0131n Trendyol S\u00fcper Lig&#8217;deki Fenerbah\u00e7e derbisinde oynayamayaca\u011f\u0131n\u0131 ifade ederek \u00fczg\u00fcn olduklar\u0131n\u0131 dile getirdi. Sakatl\u0131\u011f\u0131 bulunan futbolcular hakk\u0131nda bilgi veren Buruk, &#8220;Ma\u00e7 \u00f6ncesi Yunus&#8217;u antrenmanlara \u00e7\u0131kartaca\u011f\u0131z. Yunus&#8217;un geri d\u00f6nmesi bizim i\u00e7in \u00f6nemli olacak. Onun d\u00f6nmesini bekliyoruz. \u015eu andaki g\u00f6r\u00fcnt\u00fcye g\u00f6re Morata ve Jakobs&#8217;un derbide oynamas\u0131 zor.&#8221; dedi.<\/p>\n<p>Tak\u0131m\u0131n hedefinin S\u00fcper Lig&#8217;de \u015fampiyonluk oldu\u011funu vurgulayan Buruk, &#8220;Amac\u0131m\u0131z \u015fampiyon olmak. Alt\u0131 puan \u00f6nde olduklar\u0131n\u0131 hat\u0131rlatan Buruk, s\u00f6zlerini \u015f\u00f6yle s\u00fcrd\u00fcrd\u00fc: &#8220;Pazartesi g\u00fcn\u00fc \u00e7ok \u00f6nemli bir ma\u00e7a \u00e7\u0131kaca\u011f\u0131z. Fark\u0131 9 puana \u00e7\u0131karmak ve ikili averaj\u0131 almak elimizde. \u00d6n\u00fcm\u00fczdeki sezon do\u011frudan \u015eampiyonlar Ligi&#8217;nde olmak da buna ba\u011fl\u0131. Galatasaray taraftar\u0131na yak\u0131\u015f\u0131r, g\u00fc\u00e7l\u00fc ve \u00f6nemli bir kadro kurduk.&#8221;<\/p>\n<p>Buruk, &#8220;Baz\u0131 oyuncular\u0131 Avrupa&#8217;da kullanamad\u0131k ama lig i\u00e7in \u00f6nemli kadroya sahibiz. Bu avantaj\u0131m\u0131z\u0131 da en iyi \u015fekilde kullanarak \u015fampiyonlu\u011fa ula\u015f\u0131r\u0131z. \u0130\u015fin ger\u00e7eklerinden biri de her zaman istedi\u011finiz oyuncuyu getirememeniz. Bazen verdi\u011finiz para, bonservis bile yetmiyor. Futbolcular Avrupa&#8217;daki ilk 5 ligde oynamay\u0131 istiyor. Bizim gibi tak\u0131mlar\u0131n en b\u00fcy\u00fck \u015fanss\u0131zl\u0131klar\u0131ndan biri de bu.&#8221; \u015feklinde konu\u015ftu.<\/p>\n","protected":false},"excerpt":{"rendered":"<p>Galatasaray Teknik Direkt\u00f6r\u00fc Okan Buruk, UEFA Avrupa Ligi&#8217;nde son 16 play-off turunda elenmelerinin ard\u0131ndan Fenerbah\u00e7e&hellip;<\/p>\n","protected":false},"author":1,"featured_media":82335,"comment_status":"open","ping_status":"open","sticky":false,"template":"","format":"standard","meta":{"footnotes":""},"categories":[7],"tags":[],"class_list":["post-82759","post","type-post","status-publish","format-standard","has-post-thumbnail","hentry","category-spor"],"yoast_head":"<!-- This site is optimized with the Yoast SEO Premium plugin v24.3 (Yoast SEO v27.4) - https:\/\/yoast.com\/product\/yoast-seo-premium-wordpress\/ -->\n<title>Fenerbah\u00e7e Derbisi \u00d6ncesi Galatasaray&#039;a K\u00f6t\u00fc Haberler - E-&Ccedil;\u0130FTL\u0130K HABER<\/title>\n<meta name=\"description\" content=\"Galatasaray Teknik Direkt\u00f6r\u00fc Okan Buruk, UEFA Avrupa Ligi&#039;nde son 16 play-off turunda elenmelerinin ard\u0131ndan Fenerbah\u00e7e derbisi \u00f6ncesi Morata ve Jakobs&#039;un\" \/>\n<meta name=\"robots\" content=\"index, follow, max-snippet:-1, max-image-preview:large, max-video-preview:-1\" \/>\n<link rel=\"canonical\" href=\"https:\/\/e-ciftlik.com\/haberler\/spor\/fenerbahce-derbisi-oncesi-galatasaraya-kotu-haberler\/\" \/>\n<meta property=\"og:locale\" content=\"tr_TR\" \/>\n<meta property=\"og:type\" content=\"article\" \/>\n<meta property=\"og:title\" content=\"Fenerbah\u00e7e Derbisi \u00d6ncesi Galatasaray&#039;a K\u00f6t\u00fc Haberler\" \/>\n<meta property=\"og:description\" content=\"Galatasaray Teknik Direkt\u00f6r\u00fc Okan Buruk, UEFA Avrupa Ligi&#039;nde son 16 play-off turunda elenmelerinin ard\u0131ndan Fenerbah\u00e7e derbisi \u00f6ncesi Morata ve Jakobs&#039;un\" \/>\n<meta property=\"og:url\" content=\"https:\/\/e-ciftlik.com\/haberler\/spor\/fenerbahce-derbisi-oncesi-galatasaraya-kotu-haberler\/\" \/>\n<meta property=\"og:site_name\" content=\"E-&Ccedil;\u0130FTL\u0130K HABER\" \/>\n<meta property=\"article:publisher\" content=\"https:\/\/www.facebook.com\/eciftlikturkiye\" \/>\n<meta property=\"article:published_time\" content=\"2025-02-21T06:32:09+00:00\" \/>\n<meta property=\"og:image\" content=\"https:\/\/e-ciftlik.com\/haberler\/wp-content\/uploads\/2025\/02\/APkOoZMyHUqDkVglTddw7g.jpg\" \/>\n\t<meta property=\"og:image:width\" content=\"1080\" \/>\n\t<meta property=\"og:image:height\" content=\"612\" \/>\n\t<meta property=\"og:image:type\" content=\"image\/jpeg\" \/>\n<meta name=\"author\" content=\"Haber Merkezi\" \/>\n<meta name=\"twitter:card\" content=\"summary_large_image\" \/>\n<meta name=\"twitter:creator\" content=\"@eciftlikresmi\" \/>\n<meta name=\"twitter:site\" content=\"@eciftlikresmi\" \/>\n<meta name=\"twitter:label1\" content=\"Yazan:\" \/>\n\t<meta name=\"twitter:data1\" content=\"Haber Merkezi\" \/>\n\t<meta name=\"twitter:label2\" content=\"Tahmini okuma s\u00fcresi\" \/>\n\t<meta name=\"twitter:data2\" content=\"1 dakika\" \/>\n<script type=\"application\/ld+json\" class=\"yoast-schema-graph\">{\"@context\":\"https:\\\/\\\/schema.org\",\"@graph\":[{\"@type\":\"NewsArticle\",\"@id\":\"https:\\\/\\\/e-ciftlik.com\\\/haberler\\\/spor\\\/fenerbahce-derbisi-oncesi-galatasaraya-kotu-haberler\\\/#article\",\"isPartOf\":{\"@id\":\"https:\\\/\\\/e-ciftlik.com\\\/haberler\\\/spor\\\/fenerbahce-derbisi-oncesi-galatasaraya-kotu-haberler\\\/\"},\"author\":{\"name\":\"Haber Merkezi\",\"@id\":\"https:\\\/\\\/e-ciftlik.com\\\/haberler\\\/#\\\/schema\\\/person\\\/d2f4fee3143d7f72be82cb887d51b00a\"},\"headline\":\"Fenerbah\u00e7e Derbisi \u00d6ncesi Galatasaray&#8217;a K\u00f6t\u00fc Haberler\",\"datePublished\":\"2025-02-21T06:32:09+00:00\",\"mainEntityOfPage\":{\"@id\":\"https:\\\/\\\/e-ciftlik.com\\\/haberler\\\/spor\\\/fenerbahce-derbisi-oncesi-galatasaraya-kotu-haberler\\\/\"},\"wordCount\":272,\"commentCount\":0,\"publisher\":{\"@id\":\"https:\\\/\\\/e-ciftlik.com\\\/haberler\\\/#organization\"},\"image\":{\"@id\":\"https:\\\/\\\/e-ciftlik.com\\\/haberler\\\/spor\\\/fenerbahce-derbisi-oncesi-galatasaraya-kotu-haberler\\\/#primaryimage\"},\"thumbnailUrl\":\"https:\\\/\\\/e-ciftlik.com\\\/haberler\\\/wp-content\\\/uploads\\\/2025\\\/02\\\/APkOoZMyHUqDkVglTddw7g.jpg\",\"articleSection\":[\"Spor\"],\"inLanguage\":\"tr\",\"potentialAction\":[{\"@type\":\"CommentAction\",\"name\":\"Comment\",\"target\":[\"https:\\\/\\\/e-ciftlik.com\\\/haberler\\\/spor\\\/fenerbahce-derbisi-oncesi-galatasaraya-kotu-haberler\\\/#respond\"]}]},{\"@type\":\"WebPage\",\"@id\":\"https:\\\/\\\/e-ciftlik.com\\\/haberler\\\/spor\\\/fenerbahce-derbisi-oncesi-galatasaraya-kotu-haberler\\\/\",\"url\":\"https:\\\/\\\/e-ciftlik.com\\\/haberler\\\/spor\\\/fenerbahce-derbisi-oncesi-galatasaraya-kotu-haberler\\\/\",\"name\":\"Fenerbah\u00e7e Derbisi \u00d6ncesi Galatasaray'a K\u00f6t\u00fc Haberler - E-&Ccedil;\u0130FTL\u0130K HABER\",\"isPartOf\":{\"@id\":\"https:\\\/\\\/e-ciftlik.com\\\/haberler\\\/#website\"},\"primaryImageOfPage\":{\"@id\":\"https:\\\/\\\/e-ciftlik.com\\\/haberler\\\/spor\\\/fenerbahce-derbisi-oncesi-galatasaraya-kotu-haberler\\\/#primaryimage\"},\"image\":{\"@id\":\"https:\\\/\\\/e-ciftlik.com\\\/haberler\\\/spor\\\/fenerbahce-derbisi-oncesi-galatasaraya-kotu-haberler\\\/#primaryimage\"},\"thumbnailUrl\":\"https:\\\/\\\/e-ciftlik.com\\\/haberler\\\/wp-content\\\/uploads\\\/2025\\\/02\\\/APkOoZMyHUqDkVglTddw7g.jpg\",\"datePublished\":\"2025-02-21T06:32:09+00:00\",\"description\":\"Galatasaray Teknik Direkt\u00f6r\u00fc Okan Buruk, UEFA Avrupa Ligi'nde son 16 play-off turunda elenmelerinin ard\u0131ndan Fenerbah\u00e7e derbisi \u00f6ncesi Morata ve Jakobs'un\",\"breadcrumb\":{\"@id\":\"https:\\\/\\\/e-ciftlik.com\\\/haberler\\\/spor\\\/fenerbahce-derbisi-oncesi-galatasaraya-kotu-haberler\\\/#breadcrumb\"},\"inLanguage\":\"tr\",\"potentialAction\":[{\"@type\":\"ReadAction\",\"target\":[\"https:\\\/\\\/e-ciftlik.com\\\/haberler\\\/spor\\\/fenerbahce-derbisi-oncesi-galatasaraya-kotu-haberler\\\/\"]}]},{\"@type\":\"ImageObject\",\"inLanguage\":\"tr\",\"@id\":\"https:\\\/\\\/e-ciftlik.com\\\/haberler\\\/spor\\\/fenerbahce-derbisi-oncesi-galatasaraya-kotu-haberler\\\/#primaryimage\",\"url\":\"https:\\\/\\\/e-ciftlik.com\\\/haberler\\\/wp-content\\\/uploads\\\/2025\\\/02\\\/APkOoZMyHUqDkVglTddw7g.jpg\",\"contentUrl\":\"https:\\\/\\\/e-ciftlik.com\\\/haberler\\\/wp-content\\\/uploads\\\/2025\\\/02\\\/APkOoZMyHUqDkVglTddw7g.jpg\",\"width\":1080,\"height\":612},{\"@type\":\"BreadcrumbList\",\"@id\":\"https:\\\/\\\/e-ciftlik.com\\\/haberler\\\/spor\\\/fenerbahce-derbisi-oncesi-galatasaraya-kotu-haberler\\\/#breadcrumb\",\"itemListElement\":[{\"@type\":\"ListItem\",\"position\":1,\"name\":\"Anasayfa\",\"item\":\"https:\\\/\\\/e-ciftlik.com\\\/haberler\\\/\"},{\"@type\":\"ListItem\",\"position\":2,\"name\":\"Fenerbah\u00e7e Derbisi \u00d6ncesi Galatasaray&#8217;a K\u00f6t\u00fc Haberler\"}]},{\"@type\":\"WebSite\",\"@id\":\"https:\\\/\\\/e-ciftlik.com\\\/haberler\\\/#website\",\"url\":\"https:\\\/\\\/e-ciftlik.com\\\/haberler\\\/\",\"name\":\"E-\u00c7iftlik Haber | G\u00fcncel, Son Dakika Haberler, En Son Haber\",\"description\":\"\",\"publisher\":{\"@id\":\"https:\\\/\\\/e-ciftlik.com\\\/haberler\\\/#organization\"},\"potentialAction\":[{\"@type\":\"SearchAction\",\"target\":{\"@type\":\"EntryPoint\",\"urlTemplate\":\"https:\\\/\\\/e-ciftlik.com\\\/haberler\\\/?s={search_term_string}\"},\"query-input\":{\"@type\":\"PropertyValueSpecification\",\"valueRequired\":true,\"valueName\":\"search_term_string\"}}],\"inLanguage\":\"tr\"},{\"@type\":\"Organization\",\"@id\":\"https:\\\/\\\/e-ciftlik.com\\\/haberler\\\/#organization\",\"name\":\"E-\u00c7\u0130FTL\u0130K HABER\",\"url\":\"https:\\\/\\\/e-ciftlik.com\\\/haberler\\\/\",\"logo\":{\"@type\":\"ImageObject\",\"inLanguage\":\"tr\",\"@id\":\"https:\\\/\\\/e-ciftlik.com\\\/haberler\\\/#\\\/schema\\\/logo\\\/image\\\/\",\"url\":\"https:\\\/\\\/e-ciftlik.com\\\/haberler\\\/wp-content\\\/uploads\\\/2024\\\/06\\\/cropped-cropped-favicon-1-2.png\",\"contentUrl\":\"https:\\\/\\\/e-ciftlik.com\\\/haberler\\\/wp-content\\\/uploads\\\/2024\\\/06\\\/cropped-cropped-favicon-1-2.png\",\"width\":512,\"height\":512,\"caption\":\"E-\u00c7\u0130FTL\u0130K HABER\"},\"image\":{\"@id\":\"https:\\\/\\\/e-ciftlik.com\\\/haberler\\\/#\\\/schema\\\/logo\\\/image\\\/\"},\"sameAs\":[\"https:\\\/\\\/www.facebook.com\\\/eciftlikturkiye\",\"https:\\\/\\\/x.com\\\/eciftlikresmi\",\"https:\\\/\\\/www.instagram.com\\\/eciftlikresmi\\\/\"]},{\"@type\":\"Person\",\"@id\":\"https:\\\/\\\/e-ciftlik.com\\\/haberler\\\/#\\\/schema\\\/person\\\/d2f4fee3143d7f72be82cb887d51b00a\",\"name\":\"Haber Merkezi\",\"image\":{\"@type\":\"ImageObject\",\"inLanguage\":\"tr\",\"@id\":\"https:\\\/\\\/secure.gravatar.com\\\/avatar\\\/6c27d641914e66c1d0452c92716002398782818991d86db1c2cccb531e7c7c82?s=96&d=mm&r=g\",\"url\":\"https:\\\/\\\/secure.gravatar.com\\\/avatar\\\/6c27d641914e66c1d0452c92716002398782818991d86db1c2cccb531e7c7c82?s=96&d=mm&r=g\",\"contentUrl\":\"https:\\\/\\\/secure.gravatar.com\\\/avatar\\\/6c27d641914e66c1d0452c92716002398782818991d86db1c2cccb531e7c7c82?s=96&d=mm&r=g\",\"caption\":\"Haber Merkezi\"},\"sameAs\":[\"http:\\\/\\\/e-ciftlik.com\\\/haberler\"]}]}<\/script>\n<!-- \/ Yoast SEO Premium plugin. -->","yoast_head_json":{"title":"Fenerbah\u00e7e Derbisi \u00d6ncesi Galatasaray'a K\u00f6t\u00fc Haberler - E-&Ccedil;\u0130FTL\u0130K HABER","description":"Galatasaray Teknik Direkt\u00f6r\u00fc Okan Buruk, UEFA Avrupa Ligi'nde son 16 play-off turunda elenmelerinin ard\u0131ndan Fenerbah\u00e7e derbisi \u00f6ncesi Morata ve Jakobs'un","robots":{"index":"index","follow":"follow","max-snippet":"max-snippet:-1","max-image-preview":"max-image-preview:large","max-video-preview":"max-video-preview:-1"},"canonical":"https:\/\/e-ciftlik.com\/haberler\/spor\/fenerbahce-derbisi-oncesi-galatasaraya-kotu-haberler\/","og_locale":"tr_TR","og_type":"article","og_title":"Fenerbah\u00e7e Derbisi \u00d6ncesi Galatasaray'a K\u00f6t\u00fc Haberler","og_description":"Galatasaray Teknik Direkt\u00f6r\u00fc Okan Buruk, UEFA Avrupa Ligi'nde son 16 play-off turunda elenmelerinin ard\u0131ndan Fenerbah\u00e7e derbisi \u00f6ncesi Morata ve Jakobs'un","og_url":"https:\/\/e-ciftlik.com\/haberler\/spor\/fenerbahce-derbisi-oncesi-galatasaraya-kotu-haberler\/","og_site_name":"E-&Ccedil;\u0130FTL\u0130K HABER","article_publisher":"https:\/\/www.facebook.com\/eciftlikturkiye","article_published_time":"2025-02-21T06:32:09+00:00","og_image":[{"width":1080,"height":612,"url":"https:\/\/e-ciftlik.com\/haberler\/wp-content\/uploads\/2025\/02\/APkOoZMyHUqDkVglTddw7g.jpg","type":"image\/jpeg"}],"author":"Haber Merkezi","twitter_card":"summary_large_image","twitter_creator":"@eciftlikresmi","twitter_site":"@eciftlikresmi","twitter_misc":{"Yazan:":"Haber Merkezi","Tahmini okuma s\u00fcresi":"1 dakika"},"schema":{"@context":"https:\/\/schema.org","@graph":[{"@type":"NewsArticle","@id":"https:\/\/e-ciftlik.com\/haberler\/spor\/fenerbahce-derbisi-oncesi-galatasaraya-kotu-haberler\/#article","isPartOf":{"@id":"https:\/\/e-ciftlik.com\/haberler\/spor\/fenerbahce-derbisi-oncesi-galatasaraya-kotu-haberler\/"},"author":{"name":"Haber Merkezi","@id":"https:\/\/e-ciftlik.com\/haberler\/#\/schema\/person\/d2f4fee3143d7f72be82cb887d51b00a"},"headline":"Fenerbah\u00e7e Derbisi \u00d6ncesi Galatasaray&#8217;a K\u00f6t\u00fc Haberler","datePublished":"2025-02-21T06:32:09+00:00","mainEntityOfPage":{"@id":"https:\/\/e-ciftlik.com\/haberler\/spor\/fenerbahce-derbisi-oncesi-galatasaraya-kotu-haberler\/"},"wordCount":272,"commentCount":0,"publisher":{"@id":"https:\/\/e-ciftlik.com\/haberler\/#organization"},"image":{"@id":"https:\/\/e-ciftlik.com\/haberler\/spor\/fenerbahce-derbisi-oncesi-galatasaraya-kotu-haberler\/#primaryimage"},"thumbnailUrl":"https:\/\/e-ciftlik.com\/haberler\/wp-content\/uploads\/2025\/02\/APkOoZMyHUqDkVglTddw7g.jpg","articleSection":["Spor"],"inLanguage":"tr","potentialAction":[{"@type":"CommentAction","name":"Comment","target":["https:\/\/e-ciftlik.com\/haberler\/spor\/fenerbahce-derbisi-oncesi-galatasaraya-kotu-haberler\/#respond"]}]},{"@type":"WebPage","@id":"https:\/\/e-ciftlik.com\/haberler\/spor\/fenerbahce-derbisi-oncesi-galatasaraya-kotu-haberler\/","url":"https:\/\/e-ciftlik.com\/haberler\/spor\/fenerbahce-derbisi-oncesi-galatasaraya-kotu-haberler\/","name":"Fenerbah\u00e7e Derbisi \u00d6ncesi Galatasaray'a K\u00f6t\u00fc Haberler - E-&Ccedil;\u0130FTL\u0130K HABER","isPartOf":{"@id":"https:\/\/e-ciftlik.com\/haberler\/#website"},"primaryImageOfPage":{"@id":"https:\/\/e-ciftlik.com\/haberler\/spor\/fenerbahce-derbisi-oncesi-galatasaraya-kotu-haberler\/#primaryimage"},"image":{"@id":"https:\/\/e-ciftlik.com\/haberler\/spor\/fenerbahce-derbisi-oncesi-galatasaraya-kotu-haberler\/#primaryimage"},"thumbnailUrl":"https:\/\/e-ciftlik.com\/haberler\/wp-content\/uploads\/2025\/02\/APkOoZMyHUqDkVglTddw7g.jpg","datePublished":"2025-02-21T06:32:09+00:00","description":"Galatasaray Teknik Direkt\u00f6r\u00fc Okan Buruk, UEFA Avrupa Ligi'nde son 16 play-off turunda elenmelerinin ard\u0131ndan Fenerbah\u00e7e derbisi \u00f6ncesi Morata ve Jakobs'un","breadcrumb":{"@id":"https:\/\/e-ciftlik.com\/haberler\/spor\/fenerbahce-derbisi-oncesi-galatasaraya-kotu-haberler\/#breadcrumb"},"inLanguage":"tr","potentialAction":[{"@type":"ReadAction","target":["https:\/\/e-ciftlik.com\/haberler\/spor\/fenerbahce-derbisi-oncesi-galatasaraya-kotu-haberler\/"]}]},{"@type":"ImageObject","inLanguage":"tr","@id":"https:\/\/e-ciftlik.com\/haberler\/spor\/fenerbahce-derbisi-oncesi-galatasaraya-kotu-haberler\/#primaryimage","url":"https:\/\/e-ciftlik.com\/haberler\/wp-content\/uploads\/2025\/02\/APkOoZMyHUqDkVglTddw7g.jpg","contentUrl":"https:\/\/e-ciftlik.com\/haberler\/wp-content\/uploads\/2025\/02\/APkOoZMyHUqDkVglTddw7g.jpg","width":1080,"height":612},{"@type":"BreadcrumbList","@id":"https:\/\/e-ciftlik.com\/haberler\/spor\/fenerbahce-derbisi-oncesi-galatasaraya-kotu-haberler\/#breadcrumb","itemListElement":[{"@type":"ListItem","position":1,"name":"Anasayfa","item":"https:\/\/e-ciftlik.com\/haberler\/"},{"@type":"ListItem","position":2,"name":"Fenerbah\u00e7e Derbisi \u00d6ncesi Galatasaray&#8217;a K\u00f6t\u00fc Haberler"}]},{"@type":"WebSite","@id":"https:\/\/e-ciftlik.com\/haberler\/#website","url":"https:\/\/e-ciftlik.com\/haberler\/","name":"E-\u00c7iftlik Haber | G\u00fcncel, Son Dakika Haberler, En Son Haber","description":"","publisher":{"@id":"https:\/\/e-ciftlik.com\/haberler\/#organization"},"potentialAction":[{"@type":"SearchAction","target":{"@type":"EntryPoint","urlTemplate":"https:\/\/e-ciftlik.com\/haberler\/?s={search_term_string}"},"query-input":{"@type":"PropertyValueSpecification","valueRequired":true,"valueName":"search_term_string"}}],"inLanguage":"tr"},{"@type":"Organization","@id":"https:\/\/e-ciftlik.com\/haberler\/#organization","name":"E-\u00c7\u0130FTL\u0130K HABER","url":"https:\/\/e-ciftlik.com\/haberler\/","logo":{"@type":"ImageObject","inLanguage":"tr","@id":"https:\/\/e-ciftlik.com\/haberler\/#\/schema\/logo\/image\/","url":"https:\/\/e-ciftlik.com\/haberler\/wp-content\/uploads\/2024\/06\/cropped-cropped-favicon-1-2.png","contentUrl":"https:\/\/e-ciftlik.com\/haberler\/wp-content\/uploads\/2024\/06\/cropped-cropped-favicon-1-2.png","width":512,"height":512,"caption":"E-\u00c7\u0130FTL\u0130K HABER"},"image":{"@id":"https:\/\/e-ciftlik.com\/haberler\/#\/schema\/logo\/image\/"},"sameAs":["https:\/\/www.facebook.com\/eciftlikturkiye","https:\/\/x.com\/eciftlikresmi","https:\/\/www.instagram.com\/eciftlikresmi\/"]},{"@type":"Person","@id":"https:\/\/e-ciftlik.com\/haberler\/#\/schema\/person\/d2f4fee3143d7f72be82cb887d51b00a","name":"Haber Merkezi","image":{"@type":"ImageObject","inLanguage":"tr","@id":"https:\/\/secure.gravatar.com\/avatar\/6c27d641914e66c1d0452c92716002398782818991d86db1c2cccb531e7c7c82?s=96&d=mm&r=g","url":"https:\/\/secure.gravatar.com\/avatar\/6c27d641914e66c1d0452c92716002398782818991d86db1c2cccb531e7c7c82?s=96&d=mm&r=g","contentUrl":"https:\/\/secure.gravatar.com\/avatar\/6c27d641914e66c1d0452c92716002398782818991d86db1c2cccb531e7c7c82?s=96&d=mm&r=g","caption":"Haber Merkezi"},"sameAs":["http:\/\/e-ciftlik.com\/haberler"]}]}},"_links":{"self":[{"href":"https:\/\/e-ciftlik.com\/haberler\/wp-json\/wp\/v2\/posts\/82759","targetHints":{"allow":["GET"]}}],"collection":[{"href":"https:\/\/e-ciftlik.com\/haberler\/wp-json\/wp\/v2\/posts"}],"about":[{"href":"https:\/\/e-ciftlik.com\/haberler\/wp-json\/wp\/v2\/types\/post"}],"author":[{"embeddable":true,"href":"https:\/\/e-ciftlik.com\/haberler\/wp-json\/wp\/v2\/users\/1"}],"replies":[{"embeddable":true,"href":"https:\/\/e-ciftlik.com\/haberler\/wp-json\/wp\/v2\/comments?post=82759"}],"version-history":[{"count":0,"href":"https:\/\/e-ciftlik.com\/haberler\/wp-json\/wp\/v2\/posts\/82759\/revisions"}],"wp:featuredmedia":[{"embeddable":true,"href":"https:\/\/e-ciftlik.com\/haberler\/wp-json\/wp\/v2\/media\/82335"}],"wp:attachment":[{"href":"https:\/\/e-ciftlik.com\/haberler\/wp-json\/wp\/v2\/media?parent=82759"}],"wp:term":[{"taxonomy":"category","embeddable":true,"href":"https:\/\/e-ciftlik.com\/haberler\/wp-json\/wp\/v2\/categories?post=82759"},{"taxonomy":"post_tag","embeddable":true,"href":"https:\/\/e-ciftlik.com\/haberler\/wp-json\/wp\/v2\/tags?post=82759"}],"curies":[{"name":"wp","href":"https:\/\/api.w.org\/{rel}","templated":true}]}}