{"id":82936,"date":"2025-02-21T15:32:27","date_gmt":"2025-02-21T15:32:27","guid":{"rendered":"http:\/\/e-ciftlik.com\/haberler\/spor\/muhammed-cham-futbol-lakaplar-ve-messi-dembele-benzerligi-yeni-arastirma-uyku-kalitesini-artiran-yontemler\/"},"modified":"2025-02-21T15:32:27","modified_gmt":"2025-02-21T15:32:27","slug":"muhammed-cham-futbol-lakaplar-ve-messi-dembele-benzerligi-yeni-arastirma-uyku-kalitesini-artiran-yontemler","status":"publish","type":"post","link":"https:\/\/e-ciftlik.com\/haberler\/spor\/muhammed-cham-futbol-lakaplar-ve-messi-dembele-benzerligi-yeni-arastirma-uyku-kalitesini-artiran-yontemler\/","title":{"rendered":"Muhammed Cham: Futbol, Lakaplar ve Messi &#8211; Dembele Benzerli\u011fi! &#8220;Yeni Ara\u015ft\u0131rma: Uyku Kalitesini Art\u0131ran Y\u00f6ntemler&#8221;"},"content":{"rendered":"<p> Trabzonspor&#8217;un 24 ya\u015f\u0131ndaki oyuncusu Muhammed Cham, bordo-mavili kul\u00fcb\u00fcn dergisine a\u00e7\u0131klamalarda bulundu. Y\u0131ld\u0131z oyuncu Cham, futboldan keyif alan birisi oldu\u011funu dile getirerek, &#8220;Sahada oldu\u011fum ve kendimi ifade edebildi\u011fim i\u00e7in her zaman \u015f\u00fckrederim. Ousmane Dembele&#8217;yle birbirimize biraz benzedi\u011fimizi \u00e7ok\u00e7a duyuyorum ama bence biraz farkl\u0131l\u0131k var. O biraz daha top s\u00fcren bir oyuncu, ben ise daha \u00e7ok kombine bir oyuncuyum&#8221; ifadelerini kulland\u0131.<\/p>\n<p>Trabzon&#8217;un \u00f6zel bir \u015fehir oldu\u011funu dile getiren Cham, &#8220;Trabzonspor b\u00fcy\u00fck bir kul\u00fcp, \u00f6zellikle de taraftarlar\u0131yla. D\u00fcnyan\u0131n her taraf\u0131nda taraftar\u0131m\u0131z var. Bizim taraftar\u0131m\u0131za ve onlar\u0131n da bize ne kadar ba\u011fl\u0131 oldu\u011funu hissediyorsunuz. Ma\u00e7 kazanamay\u0131nca \u015fehrin \u00fcz\u00fcld\u00fc\u011f\u00fcn\u00fc, kazand\u0131\u011f\u0131m\u0131zda ise bir\u00e7ok insan\u0131n mutlu oldu\u011funu g\u00f6r\u00fcyorsunuz&#8221; diye konu\u015ftu.<\/p>\n<p>Cham, kendisine ismiyle de\u011fil de daha \u00e7ok &#8216;Mo&#8217; ve &#8216;Chosen&#8217; denilmesine ise, &#8220;Bana uzun s\u00fcredir &#8216;Mo&#8217; diyorlar. \u0130lk ismimin uzunlu\u011fuyla u\u011fra\u015fmamak i\u00e7in san\u0131r\u0131m. Son d\u00f6nemlerde de &#8216;Chosen&#8217; eklendi buna, anlam\u0131 &#8216;se\u00e7ilmi\u015f&#8217;. Clermont&#8217;a gitti\u011fimde \u00e7ok iyi ve parlak bir ba\u015flang\u0131\u00e7 yapm\u0131\u015ft\u0131m, o nedenle Fransa&#8217;da bana bu ad\u0131 verdiler. Ben de be\u011fendim asl\u0131nda. Art\u0131k Chosen lakab\u0131yla s\u0131k\u00e7a kar\u015f\u0131la\u015f\u0131yorum&#8221; diye konu\u015ftu.<\/p>\n<p>Messi, Neymar ve David Alaba gibi oyuncularla da ayn\u0131 sahay\u0131 payla\u015fan Cham, &#8220;Onlarda \u00f6zel bir \u015fey vard\u0131r. Onlara kar\u015f\u0131 oynayaca\u011f\u0131n\u0131z ma\u00e7tan \u00f6ncesinde bile bunu g\u00f6sterirler. Dolay\u0131s\u0131yla onlarla oynamak mutluluk verici bir durumdu. Ama sonu\u00e7ta onlar da insan. Mesela David Alaba gibi milli tak\u0131mda da birlikte oynad\u0131\u011f\u0131m oyuncular birazc\u0131k sizi \u015fa\u015f\u0131rtabiliyor. Benim kadar \u00e7ocuksular. \u00d6te yandan yetenekli isimler ve \u00e7ok \u00e7al\u0131\u015f\u0131yorlar. Baz\u0131 oyuncular da var, \u00e7ok yetenekli ama hak etti\u011fi kadar takdir edilmeyen. Bir \u00f6rnek verebilirim, birka\u00e7 y\u0131l \u00f6nce ona kar\u015f\u0131 oynam\u0131\u015ft\u0131m: Mohammed Kudus. Ger\u00e7ekten \u00f6zel bir oyuncu. \u00dcst seviyede ama bence hak etti\u011fi kadar tan\u0131nm\u0131yor, bilenlerin d\u0131\u015f\u0131ndakiler i\u00e7in s\u00f6yl\u00fcyorum, videolar\u0131n\u0131, yetene\u011fini g\u00f6rseydiniz anlard\u0131n\u0131z&#8221; ifadelerini kulland\u0131.<\/p>\n<p>Eski tak\u0131m patronu Raymond Domenech&#8217;in kendisini Ousmane Dembele&#8217;ye benzetmesi ile ilgili de a\u00e7\u0131klamada bulunan Cham, &#8220;Ben asla korkuyla oynamam, futbolun i\u00e7indeki hi\u00e7bir aksiyondan etkilenmem, korkmam. Futboldan keyif alan biriyim. Sahada oldu\u011fum ve kendimi ifade edebildi\u011fim i\u00e7in her zaman \u015f\u00fckrederim. Ousmane Dembele&#8217;yle birbirimize biraz benzedi\u011fimizi \u00e7ok\u00e7a duyuyorum ama bence biraz farkl\u0131l\u0131k var. O biraz daha top s\u00fcren bir oyuncu, bense daha \u00e7ok kombine bir oyuncuyum&#8221; \u015feklinde konu\u015ftu.<\/p>\n<p>10 numara pozisyonunun eskiye g\u00f6re farkl\u0131la\u015ft\u0131\u011f\u0131n\u0131 kaydeden Cham, &#8220;Evet, art\u0131k 10 numaran\u0131n tarz\u0131 eskiye g\u00f6re biraz de\u011fi\u015fti. Eskiden \u00e7ok fazla ko\u015fma ve \u00e7ok fazla savunma yoktu, ancak modern futbolla birlikte herkes iki y\u00f6nl\u00fc oynamak zorunda art\u0131k. Tak\u0131ma yard\u0131mc\u0131 olabilmek i\u00e7in ileri geri \u00e7al\u0131\u015fmal\u0131. Ama her \u015feye ra\u011fmen bu pozisyonda g\u00f6rev yapmak kesinlikle keyif verici. Ben bundan mutluluk duyuyorum, \u00f6zellikle de etraf\u0131n\u0131zda \u00fcst seviye oyuncular varken. Ama benim i\u00e7in \u00f6ncelik, sahada olmak, zaten yaln\u0131zca bir pozisyonda iyi olan oyuncu fazla ileriye gidemez. Farkl\u0131 mevkilerde de g\u00f6rev gelirse en iyisini keyifle yapmaya \u00e7al\u0131\u015f\u0131r\u0131m&#8221; dedi.<\/p>\n<p>Gol att\u0131ktan sonraki yapt\u0131\u011f\u0131 sevin\u00e7 hareketi ile ilgili de konu\u015fan Cham, &#8220;Bu geldi\u011fim yerle alakal\u0131 bir kutlama \u015fekli, her gol att\u0131\u011f\u0131mda bunu aileme, Hannover&#8217;daki yak\u0131nlar\u0131ma ad\u0131yorum. Trabzon&#8217;da Simon&#8217;unki ile birlikte benim gol sevincim pop\u00fcler oldu. Umar\u0131m daha fazla tekrarlayabiliriz&#8221; diye konu\u015ftu.<\/p>\n<p>Bir ofansif orta saha oyuncusu olarak kendi pozisyonundaki oyuncular\u0131 takip etti\u011fini belirten Cham, &#8220;Kevin De Bruyne&#8217;yi izlemeyi seviyorum. Odegaard&#8217;\u0131 da be\u011feniyorum. \u00c7ok ba\u015far\u0131l\u0131 isimler. Gen\u00e7ken, Mesut \u00d6zil&#8217;i be\u011fenirdim. Ama elbette Ronaldinho ve Robinho \u00e7ok yetenekli, k\u00fc\u00e7\u00fckken ve uzun s\u00fcre onlar\u0131 izledim hep&#8221; dedi.<\/p>\n<p>Trabzonspor&#8217;da att\u0131\u011f\u0131 ilk gol\u00fcn \u00e7ok de\u011ferli oldu\u011funu dile getiren Cham, &#8220;Adana Demirspor&#8217;a att\u0131\u011f\u0131m gol iyiydi ve beni \u00e7ok mutlu etmi\u015fti. \u00d6te yandan Ligue 1&#8217;de Clermont formas\u0131yla ilk gol\u00fcm de de\u011ferliydi. sonunda en \u00fcst seviye 5 ligden birindeydim. Ad\u0131m\u0131 ve kendimi g\u00f6sterebilmek i\u00e7in oradayd\u0131m. Bu nedenle o gol benim i\u00e7in \u00e7ok duygusal, mutluluk verici bir gold\u00fc. \u015eimdi milli tak\u0131m ad\u0131na hala ilk gol\u00fcm\u00fc atmay\u0131 bekliyorum. Bunun da g\u00fczel bir his olaca\u011f\u0131n\u0131 d\u00fc\u015f\u00fcn\u00fcyorum&#8221; \u015feklinde konu\u015ftu.<\/p>\n<p>Irk\u00e7\u0131l\u0131\u011f\u0131 asla affetmeyece\u011fini de s\u00f6yleyen y\u0131ld\u0131z oyuncu, &#8220;Buna son verilmesi gerekir, \u00e7ok k\u00f6t\u00fc bu. Baz\u0131 \u00fclkelerde devam ediyor ve bunun var olmas\u0131 aptalca. \u0130stanbul&#8217;un Kad\u0131k\u00f6y il\u00e7esinde bulunan Moda Sahili&#8217;nde ger\u00e7ekle\u015fen yang\u0131n pani\u011fe yol a\u00e7t\u0131. 17 Temmuz ak\u015fam\u0131 \u00e7\u0131kan yang\u0131nda, sahil boyunca bulunan 5 teknenin alev almas\u0131 sonucu b\u00fcy\u00fck bir faciadan d\u00f6n\u00fcld\u00fc. Yang\u0131n, \u00e7evredeki vatanda\u015flar taraf\u0131ndan fark edilir edilmez itfaiye ekiplerine haber verildi. K\u0131sa s\u00fcrede olay yerine gelen itfaiye ekipleri, yang\u0131na m\u00fcdahale ederek kontrol alt\u0131na ald\u0131. Yang\u0131nda \u00f6len ya da yaralanan olmazken, teknelerde maddi hasar meydana geldi\u011fi belirtildi. Polis ekipleri ise olayla ilgili soru\u015fturma ba\u015flatt\u0131. Yang\u0131n\u0131n \u00e7\u0131k\u0131\u015f sebebi hen\u00fcz belirlenemezken, sahil boyunca bulunan di\u011fer teknelerin de zarar g\u00f6rd\u00fc\u011f\u00fc tespit edildi. Vatanda\u015flar, yetkililerin daha fazla g\u00fcvenlik \u00f6nlemi almas\u0131 gerekti\u011fini belirterek endi\u015felerini dile getirdiler.<\/p>\n","protected":false},"excerpt":{"rendered":"<p>Trabzonspor&#8217;un 24 ya\u015f\u0131ndaki oyuncusu Muhammed Cham, bordo-mavili kul\u00fcb\u00fcn dergisine a\u00e7\u0131klamalarda bulundu. Y\u0131ld\u0131z oyuncu Cham, futboldan&hellip;<\/p>\n","protected":false},"author":1,"featured_media":82937,"comment_status":"open","ping_status":"open","sticky":false,"template":"","format":"standard","meta":{"footnotes":""},"categories":[7],"tags":[],"class_list":["post-82936","post","type-post","status-publish","format-standard","has-post-thumbnail","hentry","category-spor"],"yoast_head":"<!-- This site is optimized with the Yoast SEO Premium plugin v24.3 (Yoast SEO v27.4) - https:\/\/yoast.com\/product\/yoast-seo-premium-wordpress\/ -->\n<title>Muhammed Cham: Futbol, Lakaplar ve Messi - Dembele Benzerli\u011fi! &quot;Yeni Ara\u015ft\u0131rma: Uyku Kalitesini Art\u0131ran Y\u00f6ntemler&quot; - E-&Ccedil;\u0130FTL\u0130K HABER<\/title>\n<meta name=\"description\" content=\"Trabzonspor&#039;un 24 ya\u015f\u0131ndaki oyuncusu Muhammed Cham, bordo-mavili kul\u00fcb\u00fcn dergisine a\u00e7\u0131klamalarda bulundu. Y\u0131ld\u0131z oyuncu Cham, futboldan keyif alan birisi\" \/>\n<meta name=\"robots\" content=\"index, follow, max-snippet:-1, max-image-preview:large, max-video-preview:-1\" \/>\n<link rel=\"canonical\" href=\"https:\/\/e-ciftlik.com\/haberler\/spor\/muhammed-cham-futbol-lakaplar-ve-messi-dembele-benzerligi-yeni-arastirma-uyku-kalitesini-artiran-yontemler\/\" \/>\n<meta property=\"og:locale\" content=\"tr_TR\" \/>\n<meta property=\"og:type\" content=\"article\" \/>\n<meta property=\"og:title\" content=\"Muhammed Cham: Futbol, Lakaplar ve Messi - Dembele Benzerli\u011fi! &quot;Yeni Ara\u015ft\u0131rma: Uyku Kalitesini Art\u0131ran Y\u00f6ntemler&quot;\" \/>\n<meta property=\"og:description\" content=\"Trabzonspor&#039;un 24 ya\u015f\u0131ndaki oyuncusu Muhammed Cham, bordo-mavili kul\u00fcb\u00fcn dergisine a\u00e7\u0131klamalarda bulundu. Y\u0131ld\u0131z oyuncu Cham, futboldan keyif alan birisi\" \/>\n<meta property=\"og:url\" content=\"https:\/\/e-ciftlik.com\/haberler\/spor\/muhammed-cham-futbol-lakaplar-ve-messi-dembele-benzerligi-yeni-arastirma-uyku-kalitesini-artiran-yontemler\/\" \/>\n<meta property=\"og:site_name\" content=\"E-&Ccedil;\u0130FTL\u0130K HABER\" \/>\n<meta property=\"article:publisher\" content=\"https:\/\/www.facebook.com\/eciftlikturkiye\" \/>\n<meta property=\"article:published_time\" content=\"2025-02-21T15:32:27+00:00\" \/>\n<meta property=\"og:image\" content=\"https:\/\/e-ciftlik.com\/haberler\/wp-content\/uploads\/2025\/02\/1740151949_1200x628.jpeg\" \/>\n\t<meta property=\"og:image:width\" content=\"1200\" \/>\n\t<meta property=\"og:image:height\" content=\"628\" \/>\n\t<meta property=\"og:image:type\" content=\"image\/jpeg\" \/>\n<meta name=\"author\" content=\"Haber Merkezi\" \/>\n<meta name=\"twitter:card\" content=\"summary_large_image\" \/>\n<meta name=\"twitter:creator\" content=\"@eciftlikresmi\" \/>\n<meta name=\"twitter:site\" content=\"@eciftlikresmi\" \/>\n<meta name=\"twitter:label1\" content=\"Yazan:\" \/>\n\t<meta name=\"twitter:data1\" content=\"Haber Merkezi\" \/>\n\t<meta name=\"twitter:label2\" content=\"Tahmini okuma s\u00fcresi\" \/>\n\t<meta name=\"twitter:data2\" content=\"5 dakika\" \/>\n<script type=\"application\/ld+json\" class=\"yoast-schema-graph\">{\"@context\":\"https:\\\/\\\/schema.org\",\"@graph\":[{\"@type\":\"NewsArticle\",\"@id\":\"https:\\\/\\\/e-ciftlik.com\\\/haberler\\\/spor\\\/muhammed-cham-futbol-lakaplar-ve-messi-dembele-benzerligi-yeni-arastirma-uyku-kalitesini-artiran-yontemler\\\/#article\",\"isPartOf\":{\"@id\":\"https:\\\/\\\/e-ciftlik.com\\\/haberler\\\/spor\\\/muhammed-cham-futbol-lakaplar-ve-messi-dembele-benzerligi-yeni-arastirma-uyku-kalitesini-artiran-yontemler\\\/\"},\"author\":{\"name\":\"Haber Merkezi\",\"@id\":\"https:\\\/\\\/e-ciftlik.com\\\/haberler\\\/#\\\/schema\\\/person\\\/d2f4fee3143d7f72be82cb887d51b00a\"},\"headline\":\"Muhammed Cham: Futbol, Lakaplar ve Messi &#8211; Dembele Benzerli\u011fi! &#8220;Yeni Ara\u015ft\u0131rma: Uyku Kalitesini Art\u0131ran Y\u00f6ntemler&#8221;\",\"datePublished\":\"2025-02-21T15:32:27+00:00\",\"mainEntityOfPage\":{\"@id\":\"https:\\\/\\\/e-ciftlik.com\\\/haberler\\\/spor\\\/muhammed-cham-futbol-lakaplar-ve-messi-dembele-benzerligi-yeni-arastirma-uyku-kalitesini-artiran-yontemler\\\/\"},\"wordCount\":946,\"commentCount\":0,\"publisher\":{\"@id\":\"https:\\\/\\\/e-ciftlik.com\\\/haberler\\\/#organization\"},\"image\":{\"@id\":\"https:\\\/\\\/e-ciftlik.com\\\/haberler\\\/spor\\\/muhammed-cham-futbol-lakaplar-ve-messi-dembele-benzerligi-yeni-arastirma-uyku-kalitesini-artiran-yontemler\\\/#primaryimage\"},\"thumbnailUrl\":\"https:\\\/\\\/e-ciftlik.com\\\/haberler\\\/wp-content\\\/uploads\\\/2025\\\/02\\\/1740151949_1200x628.jpeg\",\"articleSection\":[\"Spor\"],\"inLanguage\":\"tr\",\"potentialAction\":[{\"@type\":\"CommentAction\",\"name\":\"Comment\",\"target\":[\"https:\\\/\\\/e-ciftlik.com\\\/haberler\\\/spor\\\/muhammed-cham-futbol-lakaplar-ve-messi-dembele-benzerligi-yeni-arastirma-uyku-kalitesini-artiran-yontemler\\\/#respond\"]}]},{\"@type\":\"WebPage\",\"@id\":\"https:\\\/\\\/e-ciftlik.com\\\/haberler\\\/spor\\\/muhammed-cham-futbol-lakaplar-ve-messi-dembele-benzerligi-yeni-arastirma-uyku-kalitesini-artiran-yontemler\\\/\",\"url\":\"https:\\\/\\\/e-ciftlik.com\\\/haberler\\\/spor\\\/muhammed-cham-futbol-lakaplar-ve-messi-dembele-benzerligi-yeni-arastirma-uyku-kalitesini-artiran-yontemler\\\/\",\"name\":\"Muhammed Cham: Futbol, Lakaplar ve Messi - Dembele Benzerli\u011fi! \\\"Yeni Ara\u015ft\u0131rma: Uyku Kalitesini Art\u0131ran Y\u00f6ntemler\\\" - E-&Ccedil;\u0130FTL\u0130K HABER\",\"isPartOf\":{\"@id\":\"https:\\\/\\\/e-ciftlik.com\\\/haberler\\\/#website\"},\"primaryImageOfPage\":{\"@id\":\"https:\\\/\\\/e-ciftlik.com\\\/haberler\\\/spor\\\/muhammed-cham-futbol-lakaplar-ve-messi-dembele-benzerligi-yeni-arastirma-uyku-kalitesini-artiran-yontemler\\\/#primaryimage\"},\"image\":{\"@id\":\"https:\\\/\\\/e-ciftlik.com\\\/haberler\\\/spor\\\/muhammed-cham-futbol-lakaplar-ve-messi-dembele-benzerligi-yeni-arastirma-uyku-kalitesini-artiran-yontemler\\\/#primaryimage\"},\"thumbnailUrl\":\"https:\\\/\\\/e-ciftlik.com\\\/haberler\\\/wp-content\\\/uploads\\\/2025\\\/02\\\/1740151949_1200x628.jpeg\",\"datePublished\":\"2025-02-21T15:32:27+00:00\",\"description\":\"Trabzonspor'un 24 ya\u015f\u0131ndaki oyuncusu Muhammed Cham, bordo-mavili kul\u00fcb\u00fcn dergisine a\u00e7\u0131klamalarda bulundu. Y\u0131ld\u0131z oyuncu Cham, futboldan keyif alan birisi\",\"breadcrumb\":{\"@id\":\"https:\\\/\\\/e-ciftlik.com\\\/haberler\\\/spor\\\/muhammed-cham-futbol-lakaplar-ve-messi-dembele-benzerligi-yeni-arastirma-uyku-kalitesini-artiran-yontemler\\\/#breadcrumb\"},\"inLanguage\":\"tr\",\"potentialAction\":[{\"@type\":\"ReadAction\",\"target\":[\"https:\\\/\\\/e-ciftlik.com\\\/haberler\\\/spor\\\/muhammed-cham-futbol-lakaplar-ve-messi-dembele-benzerligi-yeni-arastirma-uyku-kalitesini-artiran-yontemler\\\/\"]}]},{\"@type\":\"ImageObject\",\"inLanguage\":\"tr\",\"@id\":\"https:\\\/\\\/e-ciftlik.com\\\/haberler\\\/spor\\\/muhammed-cham-futbol-lakaplar-ve-messi-dembele-benzerligi-yeni-arastirma-uyku-kalitesini-artiran-yontemler\\\/#primaryimage\",\"url\":\"https:\\\/\\\/e-ciftlik.com\\\/haberler\\\/wp-content\\\/uploads\\\/2025\\\/02\\\/1740151949_1200x628.jpeg\",\"contentUrl\":\"https:\\\/\\\/e-ciftlik.com\\\/haberler\\\/wp-content\\\/uploads\\\/2025\\\/02\\\/1740151949_1200x628.jpeg\",\"width\":1200,\"height\":628},{\"@type\":\"BreadcrumbList\",\"@id\":\"https:\\\/\\\/e-ciftlik.com\\\/haberler\\\/spor\\\/muhammed-cham-futbol-lakaplar-ve-messi-dembele-benzerligi-yeni-arastirma-uyku-kalitesini-artiran-yontemler\\\/#breadcrumb\",\"itemListElement\":[{\"@type\":\"ListItem\",\"position\":1,\"name\":\"Anasayfa\",\"item\":\"https:\\\/\\\/e-ciftlik.com\\\/haberler\\\/\"},{\"@type\":\"ListItem\",\"position\":2,\"name\":\"Muhammed Cham: Futbol, Lakaplar ve Messi &#8211; Dembele Benzerli\u011fi! &#8220;Yeni Ara\u015ft\u0131rma: Uyku Kalitesini Art\u0131ran Y\u00f6ntemler&#8221;\"}]},{\"@type\":\"WebSite\",\"@id\":\"https:\\\/\\\/e-ciftlik.com\\\/haberler\\\/#website\",\"url\":\"https:\\\/\\\/e-ciftlik.com\\\/haberler\\\/\",\"name\":\"E-\u00c7iftlik Haber | G\u00fcncel, Son Dakika Haberler, En Son Haber\",\"description\":\"\",\"publisher\":{\"@id\":\"https:\\\/\\\/e-ciftlik.com\\\/haberler\\\/#organization\"},\"potentialAction\":[{\"@type\":\"SearchAction\",\"target\":{\"@type\":\"EntryPoint\",\"urlTemplate\":\"https:\\\/\\\/e-ciftlik.com\\\/haberler\\\/?s={search_term_string}\"},\"query-input\":{\"@type\":\"PropertyValueSpecification\",\"valueRequired\":true,\"valueName\":\"search_term_string\"}}],\"inLanguage\":\"tr\"},{\"@type\":\"Organization\",\"@id\":\"https:\\\/\\\/e-ciftlik.com\\\/haberler\\\/#organization\",\"name\":\"E-\u00c7\u0130FTL\u0130K HABER\",\"url\":\"https:\\\/\\\/e-ciftlik.com\\\/haberler\\\/\",\"logo\":{\"@type\":\"ImageObject\",\"inLanguage\":\"tr\",\"@id\":\"https:\\\/\\\/e-ciftlik.com\\\/haberler\\\/#\\\/schema\\\/logo\\\/image\\\/\",\"url\":\"https:\\\/\\\/e-ciftlik.com\\\/haberler\\\/wp-content\\\/uploads\\\/2024\\\/06\\\/cropped-cropped-favicon-1-2.png\",\"contentUrl\":\"https:\\\/\\\/e-ciftlik.com\\\/haberler\\\/wp-content\\\/uploads\\\/2024\\\/06\\\/cropped-cropped-favicon-1-2.png\",\"width\":512,\"height\":512,\"caption\":\"E-\u00c7\u0130FTL\u0130K HABER\"},\"image\":{\"@id\":\"https:\\\/\\\/e-ciftlik.com\\\/haberler\\\/#\\\/schema\\\/logo\\\/image\\\/\"},\"sameAs\":[\"https:\\\/\\\/www.facebook.com\\\/eciftlikturkiye\",\"https:\\\/\\\/x.com\\\/eciftlikresmi\",\"https:\\\/\\\/www.instagram.com\\\/eciftlikresmi\\\/\"]},{\"@type\":\"Person\",\"@id\":\"https:\\\/\\\/e-ciftlik.com\\\/haberler\\\/#\\\/schema\\\/person\\\/d2f4fee3143d7f72be82cb887d51b00a\",\"name\":\"Haber Merkezi\",\"image\":{\"@type\":\"ImageObject\",\"inLanguage\":\"tr\",\"@id\":\"https:\\\/\\\/secure.gravatar.com\\\/avatar\\\/6c27d641914e66c1d0452c92716002398782818991d86db1c2cccb531e7c7c82?s=96&d=mm&r=g\",\"url\":\"https:\\\/\\\/secure.gravatar.com\\\/avatar\\\/6c27d641914e66c1d0452c92716002398782818991d86db1c2cccb531e7c7c82?s=96&d=mm&r=g\",\"contentUrl\":\"https:\\\/\\\/secure.gravatar.com\\\/avatar\\\/6c27d641914e66c1d0452c92716002398782818991d86db1c2cccb531e7c7c82?s=96&d=mm&r=g\",\"caption\":\"Haber Merkezi\"},\"sameAs\":[\"http:\\\/\\\/e-ciftlik.com\\\/haberler\"]}]}<\/script>\n<!-- \/ Yoast SEO Premium plugin. -->","yoast_head_json":{"title":"Muhammed Cham: Futbol, Lakaplar ve Messi - Dembele Benzerli\u011fi! \"Yeni Ara\u015ft\u0131rma: Uyku Kalitesini Art\u0131ran Y\u00f6ntemler\" - E-&Ccedil;\u0130FTL\u0130K HABER","description":"Trabzonspor'un 24 ya\u015f\u0131ndaki oyuncusu Muhammed Cham, bordo-mavili kul\u00fcb\u00fcn dergisine a\u00e7\u0131klamalarda bulundu. Y\u0131ld\u0131z oyuncu Cham, futboldan keyif alan birisi","robots":{"index":"index","follow":"follow","max-snippet":"max-snippet:-1","max-image-preview":"max-image-preview:large","max-video-preview":"max-video-preview:-1"},"canonical":"https:\/\/e-ciftlik.com\/haberler\/spor\/muhammed-cham-futbol-lakaplar-ve-messi-dembele-benzerligi-yeni-arastirma-uyku-kalitesini-artiran-yontemler\/","og_locale":"tr_TR","og_type":"article","og_title":"Muhammed Cham: Futbol, Lakaplar ve Messi - Dembele Benzerli\u011fi! \"Yeni Ara\u015ft\u0131rma: Uyku Kalitesini Art\u0131ran Y\u00f6ntemler\"","og_description":"Trabzonspor'un 24 ya\u015f\u0131ndaki oyuncusu Muhammed Cham, bordo-mavili kul\u00fcb\u00fcn dergisine a\u00e7\u0131klamalarda bulundu. Y\u0131ld\u0131z oyuncu Cham, futboldan keyif alan birisi","og_url":"https:\/\/e-ciftlik.com\/haberler\/spor\/muhammed-cham-futbol-lakaplar-ve-messi-dembele-benzerligi-yeni-arastirma-uyku-kalitesini-artiran-yontemler\/","og_site_name":"E-&Ccedil;\u0130FTL\u0130K HABER","article_publisher":"https:\/\/www.facebook.com\/eciftlikturkiye","article_published_time":"2025-02-21T15:32:27+00:00","og_image":[{"width":1200,"height":628,"url":"https:\/\/e-ciftlik.com\/haberler\/wp-content\/uploads\/2025\/02\/1740151949_1200x628.jpeg","type":"image\/jpeg"}],"author":"Haber Merkezi","twitter_card":"summary_large_image","twitter_creator":"@eciftlikresmi","twitter_site":"@eciftlikresmi","twitter_misc":{"Yazan:":"Haber Merkezi","Tahmini okuma s\u00fcresi":"5 dakika"},"schema":{"@context":"https:\/\/schema.org","@graph":[{"@type":"NewsArticle","@id":"https:\/\/e-ciftlik.com\/haberler\/spor\/muhammed-cham-futbol-lakaplar-ve-messi-dembele-benzerligi-yeni-arastirma-uyku-kalitesini-artiran-yontemler\/#article","isPartOf":{"@id":"https:\/\/e-ciftlik.com\/haberler\/spor\/muhammed-cham-futbol-lakaplar-ve-messi-dembele-benzerligi-yeni-arastirma-uyku-kalitesini-artiran-yontemler\/"},"author":{"name":"Haber Merkezi","@id":"https:\/\/e-ciftlik.com\/haberler\/#\/schema\/person\/d2f4fee3143d7f72be82cb887d51b00a"},"headline":"Muhammed Cham: Futbol, Lakaplar ve Messi &#8211; Dembele Benzerli\u011fi! &#8220;Yeni Ara\u015ft\u0131rma: Uyku Kalitesini Art\u0131ran Y\u00f6ntemler&#8221;","datePublished":"2025-02-21T15:32:27+00:00","mainEntityOfPage":{"@id":"https:\/\/e-ciftlik.com\/haberler\/spor\/muhammed-cham-futbol-lakaplar-ve-messi-dembele-benzerligi-yeni-arastirma-uyku-kalitesini-artiran-yontemler\/"},"wordCount":946,"commentCount":0,"publisher":{"@id":"https:\/\/e-ciftlik.com\/haberler\/#organization"},"image":{"@id":"https:\/\/e-ciftlik.com\/haberler\/spor\/muhammed-cham-futbol-lakaplar-ve-messi-dembele-benzerligi-yeni-arastirma-uyku-kalitesini-artiran-yontemler\/#primaryimage"},"thumbnailUrl":"https:\/\/e-ciftlik.com\/haberler\/wp-content\/uploads\/2025\/02\/1740151949_1200x628.jpeg","articleSection":["Spor"],"inLanguage":"tr","potentialAction":[{"@type":"CommentAction","name":"Comment","target":["https:\/\/e-ciftlik.com\/haberler\/spor\/muhammed-cham-futbol-lakaplar-ve-messi-dembele-benzerligi-yeni-arastirma-uyku-kalitesini-artiran-yontemler\/#respond"]}]},{"@type":"WebPage","@id":"https:\/\/e-ciftlik.com\/haberler\/spor\/muhammed-cham-futbol-lakaplar-ve-messi-dembele-benzerligi-yeni-arastirma-uyku-kalitesini-artiran-yontemler\/","url":"https:\/\/e-ciftlik.com\/haberler\/spor\/muhammed-cham-futbol-lakaplar-ve-messi-dembele-benzerligi-yeni-arastirma-uyku-kalitesini-artiran-yontemler\/","name":"Muhammed Cham: Futbol, Lakaplar ve Messi - Dembele Benzerli\u011fi! \"Yeni Ara\u015ft\u0131rma: Uyku Kalitesini Art\u0131ran Y\u00f6ntemler\" - E-&Ccedil;\u0130FTL\u0130K HABER","isPartOf":{"@id":"https:\/\/e-ciftlik.com\/haberler\/#website"},"primaryImageOfPage":{"@id":"https:\/\/e-ciftlik.com\/haberler\/spor\/muhammed-cham-futbol-lakaplar-ve-messi-dembele-benzerligi-yeni-arastirma-uyku-kalitesini-artiran-yontemler\/#primaryimage"},"image":{"@id":"https:\/\/e-ciftlik.com\/haberler\/spor\/muhammed-cham-futbol-lakaplar-ve-messi-dembele-benzerligi-yeni-arastirma-uyku-kalitesini-artiran-yontemler\/#primaryimage"},"thumbnailUrl":"https:\/\/e-ciftlik.com\/haberler\/wp-content\/uploads\/2025\/02\/1740151949_1200x628.jpeg","datePublished":"2025-02-21T15:32:27+00:00","description":"Trabzonspor'un 24 ya\u015f\u0131ndaki oyuncusu Muhammed Cham, bordo-mavili kul\u00fcb\u00fcn dergisine a\u00e7\u0131klamalarda bulundu. Y\u0131ld\u0131z oyuncu Cham, futboldan keyif alan birisi","breadcrumb":{"@id":"https:\/\/e-ciftlik.com\/haberler\/spor\/muhammed-cham-futbol-lakaplar-ve-messi-dembele-benzerligi-yeni-arastirma-uyku-kalitesini-artiran-yontemler\/#breadcrumb"},"inLanguage":"tr","potentialAction":[{"@type":"ReadAction","target":["https:\/\/e-ciftlik.com\/haberler\/spor\/muhammed-cham-futbol-lakaplar-ve-messi-dembele-benzerligi-yeni-arastirma-uyku-kalitesini-artiran-yontemler\/"]}]},{"@type":"ImageObject","inLanguage":"tr","@id":"https:\/\/e-ciftlik.com\/haberler\/spor\/muhammed-cham-futbol-lakaplar-ve-messi-dembele-benzerligi-yeni-arastirma-uyku-kalitesini-artiran-yontemler\/#primaryimage","url":"https:\/\/e-ciftlik.com\/haberler\/wp-content\/uploads\/2025\/02\/1740151949_1200x628.jpeg","contentUrl":"https:\/\/e-ciftlik.com\/haberler\/wp-content\/uploads\/2025\/02\/1740151949_1200x628.jpeg","width":1200,"height":628},{"@type":"BreadcrumbList","@id":"https:\/\/e-ciftlik.com\/haberler\/spor\/muhammed-cham-futbol-lakaplar-ve-messi-dembele-benzerligi-yeni-arastirma-uyku-kalitesini-artiran-yontemler\/#breadcrumb","itemListElement":[{"@type":"ListItem","position":1,"name":"Anasayfa","item":"https:\/\/e-ciftlik.com\/haberler\/"},{"@type":"ListItem","position":2,"name":"Muhammed Cham: Futbol, Lakaplar ve Messi &#8211; Dembele Benzerli\u011fi! &#8220;Yeni Ara\u015ft\u0131rma: Uyku Kalitesini Art\u0131ran Y\u00f6ntemler&#8221;"}]},{"@type":"WebSite","@id":"https:\/\/e-ciftlik.com\/haberler\/#website","url":"https:\/\/e-ciftlik.com\/haberler\/","name":"E-\u00c7iftlik Haber | G\u00fcncel, Son Dakika Haberler, En Son Haber","description":"","publisher":{"@id":"https:\/\/e-ciftlik.com\/haberler\/#organization"},"potentialAction":[{"@type":"SearchAction","target":{"@type":"EntryPoint","urlTemplate":"https:\/\/e-ciftlik.com\/haberler\/?s={search_term_string}"},"query-input":{"@type":"PropertyValueSpecification","valueRequired":true,"valueName":"search_term_string"}}],"inLanguage":"tr"},{"@type":"Organization","@id":"https:\/\/e-ciftlik.com\/haberler\/#organization","name":"E-\u00c7\u0130FTL\u0130K HABER","url":"https:\/\/e-ciftlik.com\/haberler\/","logo":{"@type":"ImageObject","inLanguage":"tr","@id":"https:\/\/e-ciftlik.com\/haberler\/#\/schema\/logo\/image\/","url":"https:\/\/e-ciftlik.com\/haberler\/wp-content\/uploads\/2024\/06\/cropped-cropped-favicon-1-2.png","contentUrl":"https:\/\/e-ciftlik.com\/haberler\/wp-content\/uploads\/2024\/06\/cropped-cropped-favicon-1-2.png","width":512,"height":512,"caption":"E-\u00c7\u0130FTL\u0130K HABER"},"image":{"@id":"https:\/\/e-ciftlik.com\/haberler\/#\/schema\/logo\/image\/"},"sameAs":["https:\/\/www.facebook.com\/eciftlikturkiye","https:\/\/x.com\/eciftlikresmi","https:\/\/www.instagram.com\/eciftlikresmi\/"]},{"@type":"Person","@id":"https:\/\/e-ciftlik.com\/haberler\/#\/schema\/person\/d2f4fee3143d7f72be82cb887d51b00a","name":"Haber Merkezi","image":{"@type":"ImageObject","inLanguage":"tr","@id":"https:\/\/secure.gravatar.com\/avatar\/6c27d641914e66c1d0452c92716002398782818991d86db1c2cccb531e7c7c82?s=96&d=mm&r=g","url":"https:\/\/secure.gravatar.com\/avatar\/6c27d641914e66c1d0452c92716002398782818991d86db1c2cccb531e7c7c82?s=96&d=mm&r=g","contentUrl":"https:\/\/secure.gravatar.com\/avatar\/6c27d641914e66c1d0452c92716002398782818991d86db1c2cccb531e7c7c82?s=96&d=mm&r=g","caption":"Haber Merkezi"},"sameAs":["http:\/\/e-ciftlik.com\/haberler"]}]}},"_links":{"self":[{"href":"https:\/\/e-ciftlik.com\/haberler\/wp-json\/wp\/v2\/posts\/82936","targetHints":{"allow":["GET"]}}],"collection":[{"href":"https:\/\/e-ciftlik.com\/haberler\/wp-json\/wp\/v2\/posts"}],"about":[{"href":"https:\/\/e-ciftlik.com\/haberler\/wp-json\/wp\/v2\/types\/post"}],"author":[{"embeddable":true,"href":"https:\/\/e-ciftlik.com\/haberler\/wp-json\/wp\/v2\/users\/1"}],"replies":[{"embeddable":true,"href":"https:\/\/e-ciftlik.com\/haberler\/wp-json\/wp\/v2\/comments?post=82936"}],"version-history":[{"count":0,"href":"https:\/\/e-ciftlik.com\/haberler\/wp-json\/wp\/v2\/posts\/82936\/revisions"}],"wp:featuredmedia":[{"embeddable":true,"href":"https:\/\/e-ciftlik.com\/haberler\/wp-json\/wp\/v2\/media\/82937"}],"wp:attachment":[{"href":"https:\/\/e-ciftlik.com\/haberler\/wp-json\/wp\/v2\/media?parent=82936"}],"wp:term":[{"taxonomy":"category","embeddable":true,"href":"https:\/\/e-ciftlik.com\/haberler\/wp-json\/wp\/v2\/categories?post=82936"},{"taxonomy":"post_tag","embeddable":true,"href":"https:\/\/e-ciftlik.com\/haberler\/wp-json\/wp\/v2\/tags?post=82936"}],"curies":[{"name":"wp","href":"https:\/\/api.w.org\/{rel}","templated":true}]}}