{"id":83012,"date":"2025-02-21T12:15:00","date_gmt":"2025-02-21T12:15:00","guid":{"rendered":"http:\/\/e-ciftlik.com\/haberler\/tarim\/ankarada-buyukbas-hayvan-sagligi-icin-yeni-adimlar\/"},"modified":"2025-02-21T12:15:00","modified_gmt":"2025-02-21T12:15:00","slug":"ankarada-buyukbas-hayvan-sagligi-icin-yeni-adimlar","status":"publish","type":"post","link":"https:\/\/e-ciftlik.com\/haberler\/tarim\/ankarada-buyukbas-hayvan-sagligi-icin-yeni-adimlar\/","title":{"rendered":"Ankara&#8217;da B\u00fcy\u00fckba\u015f Hayvan Sa\u011fl\u0131\u011f\u0131 \u0130\u00e7in Yeni Ad\u0131mlar"},"content":{"rendered":"<p>Ankara&#8217;da hayvan sa\u011fl\u0131\u011f\u0131 ve kay\u0131t alt\u0131na alma \u00e7al\u0131\u015fmalar\u0131n\u0131 y\u00fcr\u00fcten Ankara \u0130l Tar\u0131m ve Orman M\u00fcd\u00fcrl\u00fc\u011f\u00fc, \u00f6nemli ad\u0131mlar atmaya devam ediyor. Bu kapsamda, B\u00fcy\u00fckba\u015f Hayvan K\u00fcpeleme Yetkisi i\u00e7in Ankara Dam\u0131zl\u0131k S\u0131\u011f\u0131r Yeti\u015ftiricileri Birli\u011fi ile yetki devri protokol\u00fc imzaland\u0131. 1 Ocak 2025 tarihinden itibaren yeni do\u011fan b\u00fcy\u00fckba\u015f hayvanlar\u0131n k\u00fcpelenmesi ve d\u00fc\u015fen k\u00fcpelerin tak\u0131lmas\u0131 hizmetleri Birlik taraf\u0131ndan y\u00fcr\u00fct\u00fclecek.<\/p>\n<p>Ayr\u0131ca, yetki devri protokol\u00fcn\u00fcn uygulanmas\u0131nda i\u015fbirli\u011finin sa\u011flanmas\u0131 ve sahada kar\u015f\u0131la\u015f\u0131labilecek sorunlar\u0131n tespiti i\u00e7in \u0130l\u00e7e Tar\u0131m ve Orman M\u00fcd\u00fcrleri ile hayvan sa\u011fl\u0131\u011f\u0131 hizmetlerinde g\u00f6revli veteriner sa\u011fl\u0131k personeli bir araya gelerek koordinasyon toplant\u0131s\u0131 d\u00fczenlendi.<\/p>\n<p>Di\u011fer bir geli\u015fme ise \u015eap A\u015f\u0131lama Kampanyas\u0131&#8217;n\u0131n ba\u015flamas\u0131 oldu. 25 \u0130l\u00e7e M\u00fcd\u00fcr\u00fc ve sahada g\u00f6revli y\u00fcze yak\u0131n personelin kat\u0131ld\u0131\u011f\u0131 toplant\u0131da, 17 \u015eubat&#8217;ta ba\u015flayan ve 13 Nisan 2025 tarihine kadar devam edecek \u0130lkbahar \u015eap A\u015f\u0131lama kampanyas\u0131n\u0131n teknik detaylar\u0131 ele al\u0131nd\u0131.<\/p>\n<p>Ankara \u0130l Tar\u0131m ve Orman M\u00fcd\u00fcrl\u00fc\u011f\u00fc, hayvan sa\u011fl\u0131\u011f\u0131n\u0131 koruma ve kay\u0131t alt\u0131na alma \u00e7al\u0131\u015fmalar\u0131na b\u00fcy\u00fck \u00f6nem veriyor. Bu \u00e7al\u0131\u015fmalar sayesinde hayvan hastal\u0131klar\u0131n\u0131n yay\u0131lmas\u0131 engellenirken, hayvanc\u0131l\u0131k sekt\u00f6r\u00fcn\u00fcn de geli\u015fmesine katk\u0131 sa\u011flan\u0131yor.<\/p>\n","protected":false},"excerpt":{"rendered":"<p>Ankara&#8217;da hayvan sa\u011fl\u0131\u011f\u0131 ve kay\u0131t alt\u0131na alma \u00e7al\u0131\u015fmalar\u0131n\u0131 y\u00fcr\u00fcten Ankara \u0130l Tar\u0131m ve Orman M\u00fcd\u00fcrl\u00fc\u011f\u00fc,&hellip;<\/p>\n","protected":false},"author":1,"featured_media":83013,"comment_status":"open","ping_status":"open","sticky":false,"template":"","format":"standard","meta":{"footnotes":""},"categories":[9],"tags":[],"class_list":["post-83012","post","type-post","status-publish","format-standard","has-post-thumbnail","hentry","category-tarim"],"yoast_head":"<!-- This site is optimized with the Yoast SEO Premium plugin v24.3 (Yoast SEO v27.4) - https:\/\/yoast.com\/product\/yoast-seo-premium-wordpress\/ -->\n<title>Ankara&#039;da B\u00fcy\u00fckba\u015f Hayvan Sa\u011fl\u0131\u011f\u0131 \u0130\u00e7in Yeni Ad\u0131mlar - E-&Ccedil;\u0130FTL\u0130K HABER<\/title>\n<meta name=\"description\" content=\"Ankara&#039;da hayvan sa\u011fl\u0131\u011f\u0131 ve kay\u0131t alt\u0131na alma \u00e7al\u0131\u015fmalar\u0131n\u0131 y\u00fcr\u00fcten Ankara \u0130l Tar\u0131m ve Orman M\u00fcd\u00fcrl\u00fc\u011f\u00fc, \u00f6nemli ad\u0131mlar atmaya devam ediyor. Bu kapsamda,\" \/>\n<meta name=\"robots\" content=\"index, follow, max-snippet:-1, max-image-preview:large, max-video-preview:-1\" \/>\n<link rel=\"canonical\" href=\"https:\/\/e-ciftlik.com\/haberler\/tarim\/ankarada-buyukbas-hayvan-sagligi-icin-yeni-adimlar\/\" \/>\n<meta property=\"og:locale\" content=\"tr_TR\" \/>\n<meta property=\"og:type\" content=\"article\" \/>\n<meta property=\"og:title\" content=\"Ankara&#039;da B\u00fcy\u00fckba\u015f Hayvan Sa\u011fl\u0131\u011f\u0131 \u0130\u00e7in Yeni Ad\u0131mlar\" \/>\n<meta property=\"og:description\" content=\"Ankara&#039;da hayvan sa\u011fl\u0131\u011f\u0131 ve kay\u0131t alt\u0131na alma \u00e7al\u0131\u015fmalar\u0131n\u0131 y\u00fcr\u00fcten Ankara \u0130l Tar\u0131m ve Orman M\u00fcd\u00fcrl\u00fc\u011f\u00fc, \u00f6nemli ad\u0131mlar atmaya devam ediyor. Bu kapsamda,\" \/>\n<meta property=\"og:url\" content=\"https:\/\/e-ciftlik.com\/haberler\/tarim\/ankarada-buyukbas-hayvan-sagligi-icin-yeni-adimlar\/\" \/>\n<meta property=\"og:site_name\" content=\"E-&Ccedil;\u0130FTL\u0130K HABER\" \/>\n<meta property=\"article:publisher\" content=\"https:\/\/www.facebook.com\/eciftlikturkiye\" \/>\n<meta property=\"article:published_time\" content=\"2025-02-21T12:15:00+00:00\" \/>\n<meta property=\"og:image\" content=\"https:\/\/e-ciftlik.com\/haberler\/wp-content\/uploads\/2025\/02\/Hayvan-Sagligi-Il-Koordinasyon-Toplantisi-Gerceklestirildi-1.jpg\" \/>\n\t<meta property=\"og:image:width\" content=\"640\" \/>\n\t<meta property=\"og:image:height\" content=\"426\" \/>\n\t<meta property=\"og:image:type\" content=\"image\/jpeg\" \/>\n<meta name=\"author\" content=\"Haber Merkezi\" \/>\n<meta name=\"twitter:card\" content=\"summary_large_image\" \/>\n<meta name=\"twitter:creator\" content=\"@eciftlikresmi\" \/>\n<meta name=\"twitter:site\" content=\"@eciftlikresmi\" \/>\n<meta name=\"twitter:label1\" content=\"Yazan:\" \/>\n\t<meta name=\"twitter:data1\" content=\"Haber Merkezi\" \/>\n\t<meta name=\"twitter:label2\" content=\"Tahmini okuma s\u00fcresi\" \/>\n\t<meta name=\"twitter:data2\" content=\"1 dakika\" \/>\n<script type=\"application\/ld+json\" class=\"yoast-schema-graph\">{\"@context\":\"https:\\\/\\\/schema.org\",\"@graph\":[{\"@type\":\"NewsArticle\",\"@id\":\"https:\\\/\\\/e-ciftlik.com\\\/haberler\\\/tarim\\\/ankarada-buyukbas-hayvan-sagligi-icin-yeni-adimlar\\\/#article\",\"isPartOf\":{\"@id\":\"https:\\\/\\\/e-ciftlik.com\\\/haberler\\\/tarim\\\/ankarada-buyukbas-hayvan-sagligi-icin-yeni-adimlar\\\/\"},\"author\":{\"name\":\"Haber Merkezi\",\"@id\":\"https:\\\/\\\/e-ciftlik.com\\\/haberler\\\/#\\\/schema\\\/person\\\/d2f4fee3143d7f72be82cb887d51b00a\"},\"headline\":\"Ankara&#8217;da B\u00fcy\u00fckba\u015f Hayvan Sa\u011fl\u0131\u011f\u0131 \u0130\u00e7in Yeni Ad\u0131mlar\",\"datePublished\":\"2025-02-21T12:15:00+00:00\",\"mainEntityOfPage\":{\"@id\":\"https:\\\/\\\/e-ciftlik.com\\\/haberler\\\/tarim\\\/ankarada-buyukbas-hayvan-sagligi-icin-yeni-adimlar\\\/\"},\"wordCount\":260,\"commentCount\":0,\"publisher\":{\"@id\":\"https:\\\/\\\/e-ciftlik.com\\\/haberler\\\/#organization\"},\"image\":{\"@id\":\"https:\\\/\\\/e-ciftlik.com\\\/haberler\\\/tarim\\\/ankarada-buyukbas-hayvan-sagligi-icin-yeni-adimlar\\\/#primaryimage\"},\"thumbnailUrl\":\"https:\\\/\\\/e-ciftlik.com\\\/haberler\\\/wp-content\\\/uploads\\\/2025\\\/02\\\/Hayvan-Sagligi-Il-Koordinasyon-Toplantisi-Gerceklestirildi-1.jpg\",\"articleSection\":[\"Tar\u0131m\"],\"inLanguage\":\"tr\",\"potentialAction\":[{\"@type\":\"CommentAction\",\"name\":\"Comment\",\"target\":[\"https:\\\/\\\/e-ciftlik.com\\\/haberler\\\/tarim\\\/ankarada-buyukbas-hayvan-sagligi-icin-yeni-adimlar\\\/#respond\"]}]},{\"@type\":\"WebPage\",\"@id\":\"https:\\\/\\\/e-ciftlik.com\\\/haberler\\\/tarim\\\/ankarada-buyukbas-hayvan-sagligi-icin-yeni-adimlar\\\/\",\"url\":\"https:\\\/\\\/e-ciftlik.com\\\/haberler\\\/tarim\\\/ankarada-buyukbas-hayvan-sagligi-icin-yeni-adimlar\\\/\",\"name\":\"Ankara'da B\u00fcy\u00fckba\u015f Hayvan Sa\u011fl\u0131\u011f\u0131 \u0130\u00e7in Yeni Ad\u0131mlar - E-&Ccedil;\u0130FTL\u0130K HABER\",\"isPartOf\":{\"@id\":\"https:\\\/\\\/e-ciftlik.com\\\/haberler\\\/#website\"},\"primaryImageOfPage\":{\"@id\":\"https:\\\/\\\/e-ciftlik.com\\\/haberler\\\/tarim\\\/ankarada-buyukbas-hayvan-sagligi-icin-yeni-adimlar\\\/#primaryimage\"},\"image\":{\"@id\":\"https:\\\/\\\/e-ciftlik.com\\\/haberler\\\/tarim\\\/ankarada-buyukbas-hayvan-sagligi-icin-yeni-adimlar\\\/#primaryimage\"},\"thumbnailUrl\":\"https:\\\/\\\/e-ciftlik.com\\\/haberler\\\/wp-content\\\/uploads\\\/2025\\\/02\\\/Hayvan-Sagligi-Il-Koordinasyon-Toplantisi-Gerceklestirildi-1.jpg\",\"datePublished\":\"2025-02-21T12:15:00+00:00\",\"description\":\"Ankara'da hayvan sa\u011fl\u0131\u011f\u0131 ve kay\u0131t alt\u0131na alma \u00e7al\u0131\u015fmalar\u0131n\u0131 y\u00fcr\u00fcten Ankara \u0130l Tar\u0131m ve Orman M\u00fcd\u00fcrl\u00fc\u011f\u00fc, \u00f6nemli ad\u0131mlar atmaya devam ediyor. Bu kapsamda,\",\"breadcrumb\":{\"@id\":\"https:\\\/\\\/e-ciftlik.com\\\/haberler\\\/tarim\\\/ankarada-buyukbas-hayvan-sagligi-icin-yeni-adimlar\\\/#breadcrumb\"},\"inLanguage\":\"tr\",\"potentialAction\":[{\"@type\":\"ReadAction\",\"target\":[\"https:\\\/\\\/e-ciftlik.com\\\/haberler\\\/tarim\\\/ankarada-buyukbas-hayvan-sagligi-icin-yeni-adimlar\\\/\"]}]},{\"@type\":\"ImageObject\",\"inLanguage\":\"tr\",\"@id\":\"https:\\\/\\\/e-ciftlik.com\\\/haberler\\\/tarim\\\/ankarada-buyukbas-hayvan-sagligi-icin-yeni-adimlar\\\/#primaryimage\",\"url\":\"https:\\\/\\\/e-ciftlik.com\\\/haberler\\\/wp-content\\\/uploads\\\/2025\\\/02\\\/Hayvan-Sagligi-Il-Koordinasyon-Toplantisi-Gerceklestirildi-1.jpg\",\"contentUrl\":\"https:\\\/\\\/e-ciftlik.com\\\/haberler\\\/wp-content\\\/uploads\\\/2025\\\/02\\\/Hayvan-Sagligi-Il-Koordinasyon-Toplantisi-Gerceklestirildi-1.jpg\",\"width\":640,\"height\":426},{\"@type\":\"BreadcrumbList\",\"@id\":\"https:\\\/\\\/e-ciftlik.com\\\/haberler\\\/tarim\\\/ankarada-buyukbas-hayvan-sagligi-icin-yeni-adimlar\\\/#breadcrumb\",\"itemListElement\":[{\"@type\":\"ListItem\",\"position\":1,\"name\":\"Anasayfa\",\"item\":\"https:\\\/\\\/e-ciftlik.com\\\/haberler\\\/\"},{\"@type\":\"ListItem\",\"position\":2,\"name\":\"Ankara&#8217;da B\u00fcy\u00fckba\u015f Hayvan Sa\u011fl\u0131\u011f\u0131 \u0130\u00e7in Yeni Ad\u0131mlar\"}]},{\"@type\":\"WebSite\",\"@id\":\"https:\\\/\\\/e-ciftlik.com\\\/haberler\\\/#website\",\"url\":\"https:\\\/\\\/e-ciftlik.com\\\/haberler\\\/\",\"name\":\"E-\u00c7iftlik Haber | G\u00fcncel, Son Dakika Haberler, En Son Haber\",\"description\":\"\",\"publisher\":{\"@id\":\"https:\\\/\\\/e-ciftlik.com\\\/haberler\\\/#organization\"},\"potentialAction\":[{\"@type\":\"SearchAction\",\"target\":{\"@type\":\"EntryPoint\",\"urlTemplate\":\"https:\\\/\\\/e-ciftlik.com\\\/haberler\\\/?s={search_term_string}\"},\"query-input\":{\"@type\":\"PropertyValueSpecification\",\"valueRequired\":true,\"valueName\":\"search_term_string\"}}],\"inLanguage\":\"tr\"},{\"@type\":\"Organization\",\"@id\":\"https:\\\/\\\/e-ciftlik.com\\\/haberler\\\/#organization\",\"name\":\"E-\u00c7\u0130FTL\u0130K HABER\",\"url\":\"https:\\\/\\\/e-ciftlik.com\\\/haberler\\\/\",\"logo\":{\"@type\":\"ImageObject\",\"inLanguage\":\"tr\",\"@id\":\"https:\\\/\\\/e-ciftlik.com\\\/haberler\\\/#\\\/schema\\\/logo\\\/image\\\/\",\"url\":\"https:\\\/\\\/e-ciftlik.com\\\/haberler\\\/wp-content\\\/uploads\\\/2024\\\/06\\\/cropped-cropped-favicon-1-2.png\",\"contentUrl\":\"https:\\\/\\\/e-ciftlik.com\\\/haberler\\\/wp-content\\\/uploads\\\/2024\\\/06\\\/cropped-cropped-favicon-1-2.png\",\"width\":512,\"height\":512,\"caption\":\"E-\u00c7\u0130FTL\u0130K HABER\"},\"image\":{\"@id\":\"https:\\\/\\\/e-ciftlik.com\\\/haberler\\\/#\\\/schema\\\/logo\\\/image\\\/\"},\"sameAs\":[\"https:\\\/\\\/www.facebook.com\\\/eciftlikturkiye\",\"https:\\\/\\\/x.com\\\/eciftlikresmi\",\"https:\\\/\\\/www.instagram.com\\\/eciftlikresmi\\\/\"]},{\"@type\":\"Person\",\"@id\":\"https:\\\/\\\/e-ciftlik.com\\\/haberler\\\/#\\\/schema\\\/person\\\/d2f4fee3143d7f72be82cb887d51b00a\",\"name\":\"Haber Merkezi\",\"image\":{\"@type\":\"ImageObject\",\"inLanguage\":\"tr\",\"@id\":\"https:\\\/\\\/secure.gravatar.com\\\/avatar\\\/6c27d641914e66c1d0452c92716002398782818991d86db1c2cccb531e7c7c82?s=96&d=mm&r=g\",\"url\":\"https:\\\/\\\/secure.gravatar.com\\\/avatar\\\/6c27d641914e66c1d0452c92716002398782818991d86db1c2cccb531e7c7c82?s=96&d=mm&r=g\",\"contentUrl\":\"https:\\\/\\\/secure.gravatar.com\\\/avatar\\\/6c27d641914e66c1d0452c92716002398782818991d86db1c2cccb531e7c7c82?s=96&d=mm&r=g\",\"caption\":\"Haber Merkezi\"},\"sameAs\":[\"http:\\\/\\\/e-ciftlik.com\\\/haberler\"]}]}<\/script>\n<!-- \/ Yoast SEO Premium plugin. -->","yoast_head_json":{"title":"Ankara'da B\u00fcy\u00fckba\u015f Hayvan Sa\u011fl\u0131\u011f\u0131 \u0130\u00e7in Yeni Ad\u0131mlar - E-&Ccedil;\u0130FTL\u0130K HABER","description":"Ankara'da hayvan sa\u011fl\u0131\u011f\u0131 ve kay\u0131t alt\u0131na alma \u00e7al\u0131\u015fmalar\u0131n\u0131 y\u00fcr\u00fcten Ankara \u0130l Tar\u0131m ve Orman M\u00fcd\u00fcrl\u00fc\u011f\u00fc, \u00f6nemli ad\u0131mlar atmaya devam ediyor. Bu kapsamda,","robots":{"index":"index","follow":"follow","max-snippet":"max-snippet:-1","max-image-preview":"max-image-preview:large","max-video-preview":"max-video-preview:-1"},"canonical":"https:\/\/e-ciftlik.com\/haberler\/tarim\/ankarada-buyukbas-hayvan-sagligi-icin-yeni-adimlar\/","og_locale":"tr_TR","og_type":"article","og_title":"Ankara'da B\u00fcy\u00fckba\u015f Hayvan Sa\u011fl\u0131\u011f\u0131 \u0130\u00e7in Yeni Ad\u0131mlar","og_description":"Ankara'da hayvan sa\u011fl\u0131\u011f\u0131 ve kay\u0131t alt\u0131na alma \u00e7al\u0131\u015fmalar\u0131n\u0131 y\u00fcr\u00fcten Ankara \u0130l Tar\u0131m ve Orman M\u00fcd\u00fcrl\u00fc\u011f\u00fc, \u00f6nemli ad\u0131mlar atmaya devam ediyor. Bu kapsamda,","og_url":"https:\/\/e-ciftlik.com\/haberler\/tarim\/ankarada-buyukbas-hayvan-sagligi-icin-yeni-adimlar\/","og_site_name":"E-&Ccedil;\u0130FTL\u0130K HABER","article_publisher":"https:\/\/www.facebook.com\/eciftlikturkiye","article_published_time":"2025-02-21T12:15:00+00:00","og_image":[{"width":640,"height":426,"url":"https:\/\/e-ciftlik.com\/haberler\/wp-content\/uploads\/2025\/02\/Hayvan-Sagligi-Il-Koordinasyon-Toplantisi-Gerceklestirildi-1.jpg","type":"image\/jpeg"}],"author":"Haber Merkezi","twitter_card":"summary_large_image","twitter_creator":"@eciftlikresmi","twitter_site":"@eciftlikresmi","twitter_misc":{"Yazan:":"Haber Merkezi","Tahmini okuma s\u00fcresi":"1 dakika"},"schema":{"@context":"https:\/\/schema.org","@graph":[{"@type":"NewsArticle","@id":"https:\/\/e-ciftlik.com\/haberler\/tarim\/ankarada-buyukbas-hayvan-sagligi-icin-yeni-adimlar\/#article","isPartOf":{"@id":"https:\/\/e-ciftlik.com\/haberler\/tarim\/ankarada-buyukbas-hayvan-sagligi-icin-yeni-adimlar\/"},"author":{"name":"Haber Merkezi","@id":"https:\/\/e-ciftlik.com\/haberler\/#\/schema\/person\/d2f4fee3143d7f72be82cb887d51b00a"},"headline":"Ankara&#8217;da B\u00fcy\u00fckba\u015f Hayvan Sa\u011fl\u0131\u011f\u0131 \u0130\u00e7in Yeni Ad\u0131mlar","datePublished":"2025-02-21T12:15:00+00:00","mainEntityOfPage":{"@id":"https:\/\/e-ciftlik.com\/haberler\/tarim\/ankarada-buyukbas-hayvan-sagligi-icin-yeni-adimlar\/"},"wordCount":260,"commentCount":0,"publisher":{"@id":"https:\/\/e-ciftlik.com\/haberler\/#organization"},"image":{"@id":"https:\/\/e-ciftlik.com\/haberler\/tarim\/ankarada-buyukbas-hayvan-sagligi-icin-yeni-adimlar\/#primaryimage"},"thumbnailUrl":"https:\/\/e-ciftlik.com\/haberler\/wp-content\/uploads\/2025\/02\/Hayvan-Sagligi-Il-Koordinasyon-Toplantisi-Gerceklestirildi-1.jpg","articleSection":["Tar\u0131m"],"inLanguage":"tr","potentialAction":[{"@type":"CommentAction","name":"Comment","target":["https:\/\/e-ciftlik.com\/haberler\/tarim\/ankarada-buyukbas-hayvan-sagligi-icin-yeni-adimlar\/#respond"]}]},{"@type":"WebPage","@id":"https:\/\/e-ciftlik.com\/haberler\/tarim\/ankarada-buyukbas-hayvan-sagligi-icin-yeni-adimlar\/","url":"https:\/\/e-ciftlik.com\/haberler\/tarim\/ankarada-buyukbas-hayvan-sagligi-icin-yeni-adimlar\/","name":"Ankara'da B\u00fcy\u00fckba\u015f Hayvan Sa\u011fl\u0131\u011f\u0131 \u0130\u00e7in Yeni Ad\u0131mlar - E-&Ccedil;\u0130FTL\u0130K HABER","isPartOf":{"@id":"https:\/\/e-ciftlik.com\/haberler\/#website"},"primaryImageOfPage":{"@id":"https:\/\/e-ciftlik.com\/haberler\/tarim\/ankarada-buyukbas-hayvan-sagligi-icin-yeni-adimlar\/#primaryimage"},"image":{"@id":"https:\/\/e-ciftlik.com\/haberler\/tarim\/ankarada-buyukbas-hayvan-sagligi-icin-yeni-adimlar\/#primaryimage"},"thumbnailUrl":"https:\/\/e-ciftlik.com\/haberler\/wp-content\/uploads\/2025\/02\/Hayvan-Sagligi-Il-Koordinasyon-Toplantisi-Gerceklestirildi-1.jpg","datePublished":"2025-02-21T12:15:00+00:00","description":"Ankara'da hayvan sa\u011fl\u0131\u011f\u0131 ve kay\u0131t alt\u0131na alma \u00e7al\u0131\u015fmalar\u0131n\u0131 y\u00fcr\u00fcten Ankara \u0130l Tar\u0131m ve Orman M\u00fcd\u00fcrl\u00fc\u011f\u00fc, \u00f6nemli ad\u0131mlar atmaya devam ediyor. Bu kapsamda,","breadcrumb":{"@id":"https:\/\/e-ciftlik.com\/haberler\/tarim\/ankarada-buyukbas-hayvan-sagligi-icin-yeni-adimlar\/#breadcrumb"},"inLanguage":"tr","potentialAction":[{"@type":"ReadAction","target":["https:\/\/e-ciftlik.com\/haberler\/tarim\/ankarada-buyukbas-hayvan-sagligi-icin-yeni-adimlar\/"]}]},{"@type":"ImageObject","inLanguage":"tr","@id":"https:\/\/e-ciftlik.com\/haberler\/tarim\/ankarada-buyukbas-hayvan-sagligi-icin-yeni-adimlar\/#primaryimage","url":"https:\/\/e-ciftlik.com\/haberler\/wp-content\/uploads\/2025\/02\/Hayvan-Sagligi-Il-Koordinasyon-Toplantisi-Gerceklestirildi-1.jpg","contentUrl":"https:\/\/e-ciftlik.com\/haberler\/wp-content\/uploads\/2025\/02\/Hayvan-Sagligi-Il-Koordinasyon-Toplantisi-Gerceklestirildi-1.jpg","width":640,"height":426},{"@type":"BreadcrumbList","@id":"https:\/\/e-ciftlik.com\/haberler\/tarim\/ankarada-buyukbas-hayvan-sagligi-icin-yeni-adimlar\/#breadcrumb","itemListElement":[{"@type":"ListItem","position":1,"name":"Anasayfa","item":"https:\/\/e-ciftlik.com\/haberler\/"},{"@type":"ListItem","position":2,"name":"Ankara&#8217;da B\u00fcy\u00fckba\u015f Hayvan Sa\u011fl\u0131\u011f\u0131 \u0130\u00e7in Yeni Ad\u0131mlar"}]},{"@type":"WebSite","@id":"https:\/\/e-ciftlik.com\/haberler\/#website","url":"https:\/\/e-ciftlik.com\/haberler\/","name":"E-\u00c7iftlik Haber | G\u00fcncel, Son Dakika Haberler, En Son Haber","description":"","publisher":{"@id":"https:\/\/e-ciftlik.com\/haberler\/#organization"},"potentialAction":[{"@type":"SearchAction","target":{"@type":"EntryPoint","urlTemplate":"https:\/\/e-ciftlik.com\/haberler\/?s={search_term_string}"},"query-input":{"@type":"PropertyValueSpecification","valueRequired":true,"valueName":"search_term_string"}}],"inLanguage":"tr"},{"@type":"Organization","@id":"https:\/\/e-ciftlik.com\/haberler\/#organization","name":"E-\u00c7\u0130FTL\u0130K HABER","url":"https:\/\/e-ciftlik.com\/haberler\/","logo":{"@type":"ImageObject","inLanguage":"tr","@id":"https:\/\/e-ciftlik.com\/haberler\/#\/schema\/logo\/image\/","url":"https:\/\/e-ciftlik.com\/haberler\/wp-content\/uploads\/2024\/06\/cropped-cropped-favicon-1-2.png","contentUrl":"https:\/\/e-ciftlik.com\/haberler\/wp-content\/uploads\/2024\/06\/cropped-cropped-favicon-1-2.png","width":512,"height":512,"caption":"E-\u00c7\u0130FTL\u0130K HABER"},"image":{"@id":"https:\/\/e-ciftlik.com\/haberler\/#\/schema\/logo\/image\/"},"sameAs":["https:\/\/www.facebook.com\/eciftlikturkiye","https:\/\/x.com\/eciftlikresmi","https:\/\/www.instagram.com\/eciftlikresmi\/"]},{"@type":"Person","@id":"https:\/\/e-ciftlik.com\/haberler\/#\/schema\/person\/d2f4fee3143d7f72be82cb887d51b00a","name":"Haber Merkezi","image":{"@type":"ImageObject","inLanguage":"tr","@id":"https:\/\/secure.gravatar.com\/avatar\/6c27d641914e66c1d0452c92716002398782818991d86db1c2cccb531e7c7c82?s=96&d=mm&r=g","url":"https:\/\/secure.gravatar.com\/avatar\/6c27d641914e66c1d0452c92716002398782818991d86db1c2cccb531e7c7c82?s=96&d=mm&r=g","contentUrl":"https:\/\/secure.gravatar.com\/avatar\/6c27d641914e66c1d0452c92716002398782818991d86db1c2cccb531e7c7c82?s=96&d=mm&r=g","caption":"Haber Merkezi"},"sameAs":["http:\/\/e-ciftlik.com\/haberler"]}]}},"_links":{"self":[{"href":"https:\/\/e-ciftlik.com\/haberler\/wp-json\/wp\/v2\/posts\/83012","targetHints":{"allow":["GET"]}}],"collection":[{"href":"https:\/\/e-ciftlik.com\/haberler\/wp-json\/wp\/v2\/posts"}],"about":[{"href":"https:\/\/e-ciftlik.com\/haberler\/wp-json\/wp\/v2\/types\/post"}],"author":[{"embeddable":true,"href":"https:\/\/e-ciftlik.com\/haberler\/wp-json\/wp\/v2\/users\/1"}],"replies":[{"embeddable":true,"href":"https:\/\/e-ciftlik.com\/haberler\/wp-json\/wp\/v2\/comments?post=83012"}],"version-history":[{"count":0,"href":"https:\/\/e-ciftlik.com\/haberler\/wp-json\/wp\/v2\/posts\/83012\/revisions"}],"wp:featuredmedia":[{"embeddable":true,"href":"https:\/\/e-ciftlik.com\/haberler\/wp-json\/wp\/v2\/media\/83013"}],"wp:attachment":[{"href":"https:\/\/e-ciftlik.com\/haberler\/wp-json\/wp\/v2\/media?parent=83012"}],"wp:term":[{"taxonomy":"category","embeddable":true,"href":"https:\/\/e-ciftlik.com\/haberler\/wp-json\/wp\/v2\/categories?post=83012"},{"taxonomy":"post_tag","embeddable":true,"href":"https:\/\/e-ciftlik.com\/haberler\/wp-json\/wp\/v2\/tags?post=83012"}],"curies":[{"name":"wp","href":"https:\/\/api.w.org\/{rel}","templated":true}]}}