{"id":83042,"date":"2025-02-21T15:31:00","date_gmt":"2025-02-21T15:31:00","guid":{"rendered":"https:\/\/e-ciftlik.com\/haberler\/tarim\/istanbul-barajlari-yagislarla-yukseldi\/"},"modified":"2025-02-21T15:31:00","modified_gmt":"2025-02-21T15:31:00","slug":"istanbul-barajlari-yagislarla-yukseldi","status":"publish","type":"post","link":"https:\/\/e-ciftlik.com\/haberler\/tarim\/istanbul-barajlari-yagislarla-yukseldi\/","title":{"rendered":"\u0130stanbul Barajlar\u0131 Ya\u011f\u0131\u015flarla Y\u00fckseldi"},"content":{"rendered":"<p>\u0130stanbul&#8217;da Ya\u011f\u0131\u015flar Baraj Doluluk Oranlar\u0131n\u0131 Y\u00fckseltti<\/p>\n<p>K\u0131rklareli &#8211; Son ya\u011f\u0131\u015flarla birlikte \u0130stanbul&#8217;un su ihtiyac\u0131n\u0131 kar\u015f\u0131layan 10 baraj\u0131n doluluk oranlar\u0131 ge\u00e7ti\u011fimiz y\u0131l Kas\u0131m ay\u0131na g\u00f6re y\u00fczde 41.76 artt\u0131. Megakent, su ihtiyac\u0131n\u0131 kar\u015f\u0131layan Kazandere ve Papu\u00e7dere barajlar\u0131nda doluluk oran\u0131n\u0131n artt\u0131\u011f\u0131 bildirildi.<\/p>\n<p>\u00dclke genelinde yaz d\u00f6neminde a\u015f\u0131r\u0131 s\u0131cakl\u0131klar sebebiyle \u0130stanbul&#8217;u destekleyen barajlar\u0131n seviyeleri d\u00fc\u015fm\u00fc\u015ft\u00fc. Ancak etkili ya\u011f\u0131\u015flarla birlikte doluluk oranlar\u0131n\u0131n artt\u0131\u011f\u0131 g\u00f6r\u00fcld\u00fc. Ge\u00e7en sene Eyl\u00fcl ay\u0131nda y\u00fczde 5 seviyelerine kadar d\u00fc\u015fen Kazandere Baraj\u0131, bug\u00fcn itibariyle y\u00fczde 78.42 olarak \u00f6l\u00e7\u00fcld\u00fc. Papu\u00e7dere Baraj\u0131 ise ge\u00e7en y\u0131l Kas\u0131m ay\u0131nda y\u00fczde 5.69 \u00f6l\u00e7\u00fcl\u00fcrken son verilere g\u00f6re y\u00fczde 76.07 seviyesine y\u00fckseldi.<\/p>\n<p>\u0130stanbul Su ve Kanalizasyon \u0130daresi&#8217;nin (\u0130SK\u0130) son verilerine g\u00f6re, \u0130stanbul&#8217;u destekleyen barajlar\u0131n doluluk oranlar\u0131 \u015fu \u015fekilde: \u00d6merli Baraj\u0131 y\u00fczde 75.41, Papu\u00e7dere Baraj\u0131 y\u00fczde 76.07, Sazl\u0131dere Baraj\u0131 y\u00fczde 53.11, B\u00fcy\u00fck\u00e7ekmece Baraj\u0131 y\u00fczde 67.58, Alibeyk\u00f6y Baraj\u0131 y\u00fczde 58.46, Terkos Baraj\u0131 y\u00fczde 73.17, Kazandere Baraj\u0131 y\u00fczde 78.42, Elmal\u0131 Baraj\u0131 y\u00fczde 90.79, Darl\u0131k Baraj\u0131 y\u00fczde 66.24, Istrancalar Baraj\u0131 y\u00fczde 97.64 olarak \u00f6l\u00e7\u00fcld\u00fc.<\/p>\n<p>B\u00f6ylelikle \u0130stanbul&#8217;un su ihtiyac\u0131n\u0131 kar\u015f\u0131layan 10 baraj\u0131n doluluk oran\u0131, ge\u00e7ti\u011fimiz y\u0131l Kas\u0131m ay\u0131ndaki y\u00fczde 28.24 seviyesinden son verilere g\u00f6re y\u00fczde 70 seviyelerine y\u00fckseldi.<\/p>\n","protected":false},"excerpt":{"rendered":"<p>\u0130stanbul&#8217;da Ya\u011f\u0131\u015flar Baraj Doluluk Oranlar\u0131n\u0131 Y\u00fckseltti K\u0131rklareli &#8211; Son ya\u011f\u0131\u015flarla birlikte \u0130stanbul&#8217;un su ihtiyac\u0131n\u0131 kar\u015f\u0131layan&hellip;<\/p>\n","protected":false},"author":1,"featured_media":0,"comment_status":"open","ping_status":"open","sticky":false,"template":"","format":"standard","meta":{"footnotes":""},"categories":[9],"tags":[],"class_list":["post-83042","post","type-post","status-publish","format-standard","hentry","category-tarim"],"yoast_head":"<!-- This site is optimized with the Yoast SEO Premium plugin v24.3 (Yoast SEO v27.4) - https:\/\/yoast.com\/product\/yoast-seo-premium-wordpress\/ -->\n<title>\u0130stanbul Barajlar\u0131 Ya\u011f\u0131\u015flarla Y\u00fckseldi - E-&Ccedil;\u0130FTL\u0130K HABER<\/title>\n<meta name=\"description\" content=\"\u0130stanbul&#039;da Ya\u011f\u0131\u015flar Baraj Doluluk Oranlar\u0131n\u0131 Y\u00fckseltti K\u0131rklareli - Son ya\u011f\u0131\u015flarla birlikte \u0130stanbul&#039;un su ihtiyac\u0131n\u0131 kar\u015f\u0131layan 10 baraj\u0131n doluluk\" \/>\n<meta name=\"robots\" content=\"index, follow, max-snippet:-1, max-image-preview:large, max-video-preview:-1\" \/>\n<link rel=\"canonical\" href=\"https:\/\/e-ciftlik.com\/haberler\/tarim\/istanbul-barajlari-yagislarla-yukseldi\/\" \/>\n<meta property=\"og:locale\" content=\"tr_TR\" \/>\n<meta property=\"og:type\" content=\"article\" \/>\n<meta property=\"og:title\" content=\"\u0130stanbul Barajlar\u0131 Ya\u011f\u0131\u015flarla Y\u00fckseldi\" \/>\n<meta property=\"og:description\" content=\"\u0130stanbul&#039;da Ya\u011f\u0131\u015flar Baraj Doluluk Oranlar\u0131n\u0131 Y\u00fckseltti K\u0131rklareli - Son ya\u011f\u0131\u015flarla birlikte \u0130stanbul&#039;un su ihtiyac\u0131n\u0131 kar\u015f\u0131layan 10 baraj\u0131n doluluk\" \/>\n<meta property=\"og:url\" content=\"https:\/\/e-ciftlik.com\/haberler\/tarim\/istanbul-barajlari-yagislarla-yukseldi\/\" \/>\n<meta property=\"og:site_name\" content=\"E-&Ccedil;\u0130FTL\u0130K HABER\" \/>\n<meta property=\"article:publisher\" content=\"https:\/\/www.facebook.com\/eciftlikturkiye\" \/>\n<meta property=\"article:published_time\" content=\"2025-02-21T15:31:00+00:00\" \/>\n<meta name=\"author\" content=\"Haber Merkezi\" \/>\n<meta name=\"twitter:card\" content=\"summary_large_image\" \/>\n<meta name=\"twitter:creator\" content=\"@eciftlikresmi\" \/>\n<meta name=\"twitter:site\" content=\"@eciftlikresmi\" \/>\n<meta name=\"twitter:label1\" content=\"Yazan:\" \/>\n\t<meta name=\"twitter:data1\" content=\"Haber Merkezi\" \/>\n\t<meta name=\"twitter:label2\" content=\"Tahmini okuma s\u00fcresi\" \/>\n\t<meta name=\"twitter:data2\" content=\"1 dakika\" \/>\n<script type=\"application\/ld+json\" class=\"yoast-schema-graph\">{\"@context\":\"https:\\\/\\\/schema.org\",\"@graph\":[{\"@type\":\"NewsArticle\",\"@id\":\"https:\\\/\\\/e-ciftlik.com\\\/haberler\\\/tarim\\\/istanbul-barajlari-yagislarla-yukseldi\\\/#article\",\"isPartOf\":{\"@id\":\"https:\\\/\\\/e-ciftlik.com\\\/haberler\\\/tarim\\\/istanbul-barajlari-yagislarla-yukseldi\\\/\"},\"author\":{\"name\":\"Haber Merkezi\",\"@id\":\"https:\\\/\\\/e-ciftlik.com\\\/haberler\\\/#\\\/schema\\\/person\\\/d2f4fee3143d7f72be82cb887d51b00a\"},\"headline\":\"\u0130stanbul Barajlar\u0131 Ya\u011f\u0131\u015flarla Y\u00fckseldi\",\"datePublished\":\"2025-02-21T15:31:00+00:00\",\"mainEntityOfPage\":{\"@id\":\"https:\\\/\\\/e-ciftlik.com\\\/haberler\\\/tarim\\\/istanbul-barajlari-yagislarla-yukseldi\\\/\"},\"wordCount\":252,\"commentCount\":0,\"publisher\":{\"@id\":\"https:\\\/\\\/e-ciftlik.com\\\/haberler\\\/#organization\"},\"articleSection\":[\"Tar\u0131m\"],\"inLanguage\":\"tr\",\"potentialAction\":[{\"@type\":\"CommentAction\",\"name\":\"Comment\",\"target\":[\"https:\\\/\\\/e-ciftlik.com\\\/haberler\\\/tarim\\\/istanbul-barajlari-yagislarla-yukseldi\\\/#respond\"]}]},{\"@type\":\"WebPage\",\"@id\":\"https:\\\/\\\/e-ciftlik.com\\\/haberler\\\/tarim\\\/istanbul-barajlari-yagislarla-yukseldi\\\/\",\"url\":\"https:\\\/\\\/e-ciftlik.com\\\/haberler\\\/tarim\\\/istanbul-barajlari-yagislarla-yukseldi\\\/\",\"name\":\"\u0130stanbul Barajlar\u0131 Ya\u011f\u0131\u015flarla Y\u00fckseldi - E-&Ccedil;\u0130FTL\u0130K HABER\",\"isPartOf\":{\"@id\":\"https:\\\/\\\/e-ciftlik.com\\\/haberler\\\/#website\"},\"datePublished\":\"2025-02-21T15:31:00+00:00\",\"description\":\"\u0130stanbul'da Ya\u011f\u0131\u015flar Baraj Doluluk Oranlar\u0131n\u0131 Y\u00fckseltti K\u0131rklareli - Son ya\u011f\u0131\u015flarla birlikte \u0130stanbul'un su ihtiyac\u0131n\u0131 kar\u015f\u0131layan 10 baraj\u0131n doluluk\",\"breadcrumb\":{\"@id\":\"https:\\\/\\\/e-ciftlik.com\\\/haberler\\\/tarim\\\/istanbul-barajlari-yagislarla-yukseldi\\\/#breadcrumb\"},\"inLanguage\":\"tr\",\"potentialAction\":[{\"@type\":\"ReadAction\",\"target\":[\"https:\\\/\\\/e-ciftlik.com\\\/haberler\\\/tarim\\\/istanbul-barajlari-yagislarla-yukseldi\\\/\"]}]},{\"@type\":\"BreadcrumbList\",\"@id\":\"https:\\\/\\\/e-ciftlik.com\\\/haberler\\\/tarim\\\/istanbul-barajlari-yagislarla-yukseldi\\\/#breadcrumb\",\"itemListElement\":[{\"@type\":\"ListItem\",\"position\":1,\"name\":\"Anasayfa\",\"item\":\"https:\\\/\\\/e-ciftlik.com\\\/haberler\\\/\"},{\"@type\":\"ListItem\",\"position\":2,\"name\":\"\u0130stanbul Barajlar\u0131 Ya\u011f\u0131\u015flarla Y\u00fckseldi\"}]},{\"@type\":\"WebSite\",\"@id\":\"https:\\\/\\\/e-ciftlik.com\\\/haberler\\\/#website\",\"url\":\"https:\\\/\\\/e-ciftlik.com\\\/haberler\\\/\",\"name\":\"E-\u00c7iftlik Haber | G\u00fcncel, Son Dakika Haberler, En Son Haber\",\"description\":\"\",\"publisher\":{\"@id\":\"https:\\\/\\\/e-ciftlik.com\\\/haberler\\\/#organization\"},\"potentialAction\":[{\"@type\":\"SearchAction\",\"target\":{\"@type\":\"EntryPoint\",\"urlTemplate\":\"https:\\\/\\\/e-ciftlik.com\\\/haberler\\\/?s={search_term_string}\"},\"query-input\":{\"@type\":\"PropertyValueSpecification\",\"valueRequired\":true,\"valueName\":\"search_term_string\"}}],\"inLanguage\":\"tr\"},{\"@type\":\"Organization\",\"@id\":\"https:\\\/\\\/e-ciftlik.com\\\/haberler\\\/#organization\",\"name\":\"E-\u00c7\u0130FTL\u0130K HABER\",\"url\":\"https:\\\/\\\/e-ciftlik.com\\\/haberler\\\/\",\"logo\":{\"@type\":\"ImageObject\",\"inLanguage\":\"tr\",\"@id\":\"https:\\\/\\\/e-ciftlik.com\\\/haberler\\\/#\\\/schema\\\/logo\\\/image\\\/\",\"url\":\"https:\\\/\\\/e-ciftlik.com\\\/haberler\\\/wp-content\\\/uploads\\\/2024\\\/06\\\/cropped-cropped-favicon-1-2.png\",\"contentUrl\":\"https:\\\/\\\/e-ciftlik.com\\\/haberler\\\/wp-content\\\/uploads\\\/2024\\\/06\\\/cropped-cropped-favicon-1-2.png\",\"width\":512,\"height\":512,\"caption\":\"E-\u00c7\u0130FTL\u0130K HABER\"},\"image\":{\"@id\":\"https:\\\/\\\/e-ciftlik.com\\\/haberler\\\/#\\\/schema\\\/logo\\\/image\\\/\"},\"sameAs\":[\"https:\\\/\\\/www.facebook.com\\\/eciftlikturkiye\",\"https:\\\/\\\/x.com\\\/eciftlikresmi\",\"https:\\\/\\\/www.instagram.com\\\/eciftlikresmi\\\/\"]},{\"@type\":\"Person\",\"@id\":\"https:\\\/\\\/e-ciftlik.com\\\/haberler\\\/#\\\/schema\\\/person\\\/d2f4fee3143d7f72be82cb887d51b00a\",\"name\":\"Haber Merkezi\",\"image\":{\"@type\":\"ImageObject\",\"inLanguage\":\"tr\",\"@id\":\"https:\\\/\\\/secure.gravatar.com\\\/avatar\\\/6c27d641914e66c1d0452c92716002398782818991d86db1c2cccb531e7c7c82?s=96&d=mm&r=g\",\"url\":\"https:\\\/\\\/secure.gravatar.com\\\/avatar\\\/6c27d641914e66c1d0452c92716002398782818991d86db1c2cccb531e7c7c82?s=96&d=mm&r=g\",\"contentUrl\":\"https:\\\/\\\/secure.gravatar.com\\\/avatar\\\/6c27d641914e66c1d0452c92716002398782818991d86db1c2cccb531e7c7c82?s=96&d=mm&r=g\",\"caption\":\"Haber Merkezi\"},\"sameAs\":[\"http:\\\/\\\/e-ciftlik.com\\\/haberler\"]}]}<\/script>\n<!-- \/ Yoast SEO Premium plugin. -->","yoast_head_json":{"title":"\u0130stanbul Barajlar\u0131 Ya\u011f\u0131\u015flarla Y\u00fckseldi - E-&Ccedil;\u0130FTL\u0130K HABER","description":"\u0130stanbul'da Ya\u011f\u0131\u015flar Baraj Doluluk Oranlar\u0131n\u0131 Y\u00fckseltti K\u0131rklareli - Son ya\u011f\u0131\u015flarla birlikte \u0130stanbul'un su ihtiyac\u0131n\u0131 kar\u015f\u0131layan 10 baraj\u0131n doluluk","robots":{"index":"index","follow":"follow","max-snippet":"max-snippet:-1","max-image-preview":"max-image-preview:large","max-video-preview":"max-video-preview:-1"},"canonical":"https:\/\/e-ciftlik.com\/haberler\/tarim\/istanbul-barajlari-yagislarla-yukseldi\/","og_locale":"tr_TR","og_type":"article","og_title":"\u0130stanbul Barajlar\u0131 Ya\u011f\u0131\u015flarla Y\u00fckseldi","og_description":"\u0130stanbul'da Ya\u011f\u0131\u015flar Baraj Doluluk Oranlar\u0131n\u0131 Y\u00fckseltti K\u0131rklareli - Son ya\u011f\u0131\u015flarla birlikte \u0130stanbul'un su ihtiyac\u0131n\u0131 kar\u015f\u0131layan 10 baraj\u0131n doluluk","og_url":"https:\/\/e-ciftlik.com\/haberler\/tarim\/istanbul-barajlari-yagislarla-yukseldi\/","og_site_name":"E-&Ccedil;\u0130FTL\u0130K HABER","article_publisher":"https:\/\/www.facebook.com\/eciftlikturkiye","article_published_time":"2025-02-21T15:31:00+00:00","author":"Haber Merkezi","twitter_card":"summary_large_image","twitter_creator":"@eciftlikresmi","twitter_site":"@eciftlikresmi","twitter_misc":{"Yazan:":"Haber Merkezi","Tahmini okuma s\u00fcresi":"1 dakika"},"schema":{"@context":"https:\/\/schema.org","@graph":[{"@type":"NewsArticle","@id":"https:\/\/e-ciftlik.com\/haberler\/tarim\/istanbul-barajlari-yagislarla-yukseldi\/#article","isPartOf":{"@id":"https:\/\/e-ciftlik.com\/haberler\/tarim\/istanbul-barajlari-yagislarla-yukseldi\/"},"author":{"name":"Haber Merkezi","@id":"https:\/\/e-ciftlik.com\/haberler\/#\/schema\/person\/d2f4fee3143d7f72be82cb887d51b00a"},"headline":"\u0130stanbul Barajlar\u0131 Ya\u011f\u0131\u015flarla Y\u00fckseldi","datePublished":"2025-02-21T15:31:00+00:00","mainEntityOfPage":{"@id":"https:\/\/e-ciftlik.com\/haberler\/tarim\/istanbul-barajlari-yagislarla-yukseldi\/"},"wordCount":252,"commentCount":0,"publisher":{"@id":"https:\/\/e-ciftlik.com\/haberler\/#organization"},"articleSection":["Tar\u0131m"],"inLanguage":"tr","potentialAction":[{"@type":"CommentAction","name":"Comment","target":["https:\/\/e-ciftlik.com\/haberler\/tarim\/istanbul-barajlari-yagislarla-yukseldi\/#respond"]}]},{"@type":"WebPage","@id":"https:\/\/e-ciftlik.com\/haberler\/tarim\/istanbul-barajlari-yagislarla-yukseldi\/","url":"https:\/\/e-ciftlik.com\/haberler\/tarim\/istanbul-barajlari-yagislarla-yukseldi\/","name":"\u0130stanbul Barajlar\u0131 Ya\u011f\u0131\u015flarla Y\u00fckseldi - E-&Ccedil;\u0130FTL\u0130K HABER","isPartOf":{"@id":"https:\/\/e-ciftlik.com\/haberler\/#website"},"datePublished":"2025-02-21T15:31:00+00:00","description":"\u0130stanbul'da Ya\u011f\u0131\u015flar Baraj Doluluk Oranlar\u0131n\u0131 Y\u00fckseltti K\u0131rklareli - Son ya\u011f\u0131\u015flarla birlikte \u0130stanbul'un su ihtiyac\u0131n\u0131 kar\u015f\u0131layan 10 baraj\u0131n doluluk","breadcrumb":{"@id":"https:\/\/e-ciftlik.com\/haberler\/tarim\/istanbul-barajlari-yagislarla-yukseldi\/#breadcrumb"},"inLanguage":"tr","potentialAction":[{"@type":"ReadAction","target":["https:\/\/e-ciftlik.com\/haberler\/tarim\/istanbul-barajlari-yagislarla-yukseldi\/"]}]},{"@type":"BreadcrumbList","@id":"https:\/\/e-ciftlik.com\/haberler\/tarim\/istanbul-barajlari-yagislarla-yukseldi\/#breadcrumb","itemListElement":[{"@type":"ListItem","position":1,"name":"Anasayfa","item":"https:\/\/e-ciftlik.com\/haberler\/"},{"@type":"ListItem","position":2,"name":"\u0130stanbul Barajlar\u0131 Ya\u011f\u0131\u015flarla Y\u00fckseldi"}]},{"@type":"WebSite","@id":"https:\/\/e-ciftlik.com\/haberler\/#website","url":"https:\/\/e-ciftlik.com\/haberler\/","name":"E-\u00c7iftlik Haber | G\u00fcncel, Son Dakika Haberler, En Son Haber","description":"","publisher":{"@id":"https:\/\/e-ciftlik.com\/haberler\/#organization"},"potentialAction":[{"@type":"SearchAction","target":{"@type":"EntryPoint","urlTemplate":"https:\/\/e-ciftlik.com\/haberler\/?s={search_term_string}"},"query-input":{"@type":"PropertyValueSpecification","valueRequired":true,"valueName":"search_term_string"}}],"inLanguage":"tr"},{"@type":"Organization","@id":"https:\/\/e-ciftlik.com\/haberler\/#organization","name":"E-\u00c7\u0130FTL\u0130K HABER","url":"https:\/\/e-ciftlik.com\/haberler\/","logo":{"@type":"ImageObject","inLanguage":"tr","@id":"https:\/\/e-ciftlik.com\/haberler\/#\/schema\/logo\/image\/","url":"https:\/\/e-ciftlik.com\/haberler\/wp-content\/uploads\/2024\/06\/cropped-cropped-favicon-1-2.png","contentUrl":"https:\/\/e-ciftlik.com\/haberler\/wp-content\/uploads\/2024\/06\/cropped-cropped-favicon-1-2.png","width":512,"height":512,"caption":"E-\u00c7\u0130FTL\u0130K HABER"},"image":{"@id":"https:\/\/e-ciftlik.com\/haberler\/#\/schema\/logo\/image\/"},"sameAs":["https:\/\/www.facebook.com\/eciftlikturkiye","https:\/\/x.com\/eciftlikresmi","https:\/\/www.instagram.com\/eciftlikresmi\/"]},{"@type":"Person","@id":"https:\/\/e-ciftlik.com\/haberler\/#\/schema\/person\/d2f4fee3143d7f72be82cb887d51b00a","name":"Haber Merkezi","image":{"@type":"ImageObject","inLanguage":"tr","@id":"https:\/\/secure.gravatar.com\/avatar\/6c27d641914e66c1d0452c92716002398782818991d86db1c2cccb531e7c7c82?s=96&d=mm&r=g","url":"https:\/\/secure.gravatar.com\/avatar\/6c27d641914e66c1d0452c92716002398782818991d86db1c2cccb531e7c7c82?s=96&d=mm&r=g","contentUrl":"https:\/\/secure.gravatar.com\/avatar\/6c27d641914e66c1d0452c92716002398782818991d86db1c2cccb531e7c7c82?s=96&d=mm&r=g","caption":"Haber Merkezi"},"sameAs":["http:\/\/e-ciftlik.com\/haberler"]}]}},"_links":{"self":[{"href":"https:\/\/e-ciftlik.com\/haberler\/wp-json\/wp\/v2\/posts\/83042","targetHints":{"allow":["GET"]}}],"collection":[{"href":"https:\/\/e-ciftlik.com\/haberler\/wp-json\/wp\/v2\/posts"}],"about":[{"href":"https:\/\/e-ciftlik.com\/haberler\/wp-json\/wp\/v2\/types\/post"}],"author":[{"embeddable":true,"href":"https:\/\/e-ciftlik.com\/haberler\/wp-json\/wp\/v2\/users\/1"}],"replies":[{"embeddable":true,"href":"https:\/\/e-ciftlik.com\/haberler\/wp-json\/wp\/v2\/comments?post=83042"}],"version-history":[{"count":0,"href":"https:\/\/e-ciftlik.com\/haberler\/wp-json\/wp\/v2\/posts\/83042\/revisions"}],"wp:attachment":[{"href":"https:\/\/e-ciftlik.com\/haberler\/wp-json\/wp\/v2\/media?parent=83042"}],"wp:term":[{"taxonomy":"category","embeddable":true,"href":"https:\/\/e-ciftlik.com\/haberler\/wp-json\/wp\/v2\/categories?post=83042"},{"taxonomy":"post_tag","embeddable":true,"href":"https:\/\/e-ciftlik.com\/haberler\/wp-json\/wp\/v2\/tags?post=83042"}],"curies":[{"name":"wp","href":"https:\/\/api.w.org\/{rel}","templated":true}]}}