{"id":83069,"date":"2025-02-21T17:07:00","date_gmt":"2025-02-21T17:07:00","guid":{"rendered":"http:\/\/e-ciftlik.com\/haberler\/tarim\/saribal-ciftciyi-desteklemeden-ekmegimiz-buyumez\/"},"modified":"2025-02-21T17:07:00","modified_gmt":"2025-02-21T17:07:00","slug":"saribal-ciftciyi-desteklemeden-ekmegimiz-buyumez","status":"publish","type":"post","link":"https:\/\/e-ciftlik.com\/haberler\/tarim\/saribal-ciftciyi-desteklemeden-ekmegimiz-buyumez\/","title":{"rendered":"Sar\u0131bal: &#8220;\u00c7ift\u00e7iyi desteklemeden ekme\u011fimiz b\u00fcy\u00fcmez&#8221;"},"content":{"rendered":"<p>CHP Bursa Milletvekili Orhan Sar\u0131bal, MHP&#8217;nin ba\u015flatt\u0131\u011f\u0131 bu\u011fday kampanyas\u0131n\u0131 ele\u015ftirdi. Sar\u0131bal, iktidar\u0131n tar\u0131m politikalar\u0131ndaki ba\u015far\u0131s\u0131zl\u0131klar\u0131n\u0131 vurgulayarak, \u00e7ift\u00e7iye destek verilmeden halk\u0131n ekme\u011finin b\u00fcy\u00fct\u00fclemeyece\u011fini belirtti. Sar\u0131bal, bu\u011fday kampanyas\u0131n\u0131n sadece g\u00f6rsel bir propaganda arac\u0131 olarak kullan\u0131ld\u0131\u011f\u0131n\u0131 savundu. Sar\u0131bal, tar\u0131m sekt\u00f6r\u00fcnde ya\u015fanan sorunlar\u0131n \u00e7\u00f6z\u00fcm\u00fc i\u00e7in etkili politikalar\u0131n hayata ge\u00e7irilmesi gerekti\u011fini ifade etti. Sar\u0131bal, \u00e7ift\u00e7ilere y\u00f6nelik desteklerin art\u0131r\u0131lmas\u0131 ve tar\u0131m sekt\u00f6r\u00fcn\u00fcn kalk\u0131nmas\u0131 i\u00e7in acil ad\u0131mlar at\u0131lmas\u0131 gerekti\u011fini s\u00f6yledi.<\/p>\n","protected":false},"excerpt":{"rendered":"<p>CHP Bursa Milletvekili Orhan Sar\u0131bal, MHP&#8217;nin ba\u015flatt\u0131\u011f\u0131 bu\u011fday kampanyas\u0131n\u0131 ele\u015ftirdi. Sar\u0131bal, iktidar\u0131n tar\u0131m politikalar\u0131ndaki ba\u015far\u0131s\u0131zl\u0131klar\u0131n\u0131&hellip;<\/p>\n","protected":false},"author":1,"featured_media":0,"comment_status":"open","ping_status":"open","sticky":false,"template":"","format":"standard","meta":{"footnotes":""},"categories":[9],"tags":[],"class_list":["post-83069","post","type-post","status-publish","format-standard","hentry","category-tarim"],"yoast_head":"<!-- This site is optimized with the Yoast SEO Premium plugin v24.3 (Yoast SEO v27.4) - https:\/\/yoast.com\/product\/yoast-seo-premium-wordpress\/ -->\n<title>Sar\u0131bal: &quot;\u00c7ift\u00e7iyi desteklemeden ekme\u011fimiz b\u00fcy\u00fcmez&quot; - E-&Ccedil;\u0130FTL\u0130K HABER<\/title>\n<meta name=\"description\" content=\"CHP Bursa Milletvekili Orhan Sar\u0131bal, MHP&#039;nin ba\u015flatt\u0131\u011f\u0131 bu\u011fday kampanyas\u0131n\u0131 ele\u015ftirdi. Sar\u0131bal, iktidar\u0131n tar\u0131m politikalar\u0131ndaki ba\u015far\u0131s\u0131zl\u0131klar\u0131n\u0131\" \/>\n<meta name=\"robots\" content=\"index, follow, max-snippet:-1, max-image-preview:large, max-video-preview:-1\" \/>\n<link rel=\"canonical\" href=\"https:\/\/e-ciftlik.com\/haberler\/tarim\/saribal-ciftciyi-desteklemeden-ekmegimiz-buyumez\/\" \/>\n<meta property=\"og:locale\" content=\"tr_TR\" \/>\n<meta property=\"og:type\" content=\"article\" \/>\n<meta property=\"og:title\" content=\"Sar\u0131bal: &quot;\u00c7ift\u00e7iyi desteklemeden ekme\u011fimiz b\u00fcy\u00fcmez&quot;\" \/>\n<meta property=\"og:description\" content=\"CHP Bursa Milletvekili Orhan Sar\u0131bal, MHP&#039;nin ba\u015flatt\u0131\u011f\u0131 bu\u011fday kampanyas\u0131n\u0131 ele\u015ftirdi. Sar\u0131bal, iktidar\u0131n tar\u0131m politikalar\u0131ndaki ba\u015far\u0131s\u0131zl\u0131klar\u0131n\u0131\" \/>\n<meta property=\"og:url\" content=\"https:\/\/e-ciftlik.com\/haberler\/tarim\/saribal-ciftciyi-desteklemeden-ekmegimiz-buyumez\/\" \/>\n<meta property=\"og:site_name\" content=\"E-&Ccedil;\u0130FTL\u0130K HABER\" \/>\n<meta property=\"article:publisher\" content=\"https:\/\/www.facebook.com\/eciftlikturkiye\" \/>\n<meta property=\"article:published_time\" content=\"2025-02-21T17:07:00+00:00\" \/>\n<meta name=\"author\" content=\"Haber Merkezi\" \/>\n<meta name=\"twitter:card\" content=\"summary_large_image\" \/>\n<meta name=\"twitter:creator\" content=\"@eciftlikresmi\" \/>\n<meta name=\"twitter:site\" content=\"@eciftlikresmi\" \/>\n<meta name=\"twitter:label1\" content=\"Yazan:\" \/>\n\t<meta name=\"twitter:data1\" content=\"Haber Merkezi\" \/>\n\t<meta name=\"twitter:label2\" content=\"Tahmini okuma s\u00fcresi\" \/>\n\t<meta name=\"twitter:data2\" content=\"1 dakika\" \/>\n<script type=\"application\/ld+json\" class=\"yoast-schema-graph\">{\"@context\":\"https:\\\/\\\/schema.org\",\"@graph\":[{\"@type\":\"NewsArticle\",\"@id\":\"https:\\\/\\\/e-ciftlik.com\\\/haberler\\\/tarim\\\/saribal-ciftciyi-desteklemeden-ekmegimiz-buyumez\\\/#article\",\"isPartOf\":{\"@id\":\"https:\\\/\\\/e-ciftlik.com\\\/haberler\\\/tarim\\\/saribal-ciftciyi-desteklemeden-ekmegimiz-buyumez\\\/\"},\"author\":{\"name\":\"Haber Merkezi\",\"@id\":\"https:\\\/\\\/e-ciftlik.com\\\/haberler\\\/#\\\/schema\\\/person\\\/d2f4fee3143d7f72be82cb887d51b00a\"},\"headline\":\"Sar\u0131bal: &#8220;\u00c7ift\u00e7iyi desteklemeden ekme\u011fimiz b\u00fcy\u00fcmez&#8221;\",\"datePublished\":\"2025-02-21T17:07:00+00:00\",\"mainEntityOfPage\":{\"@id\":\"https:\\\/\\\/e-ciftlik.com\\\/haberler\\\/tarim\\\/saribal-ciftciyi-desteklemeden-ekmegimiz-buyumez\\\/\"},\"wordCount\":128,\"commentCount\":0,\"publisher\":{\"@id\":\"https:\\\/\\\/e-ciftlik.com\\\/haberler\\\/#organization\"},\"articleSection\":[\"Tar\u0131m\"],\"inLanguage\":\"tr\",\"potentialAction\":[{\"@type\":\"CommentAction\",\"name\":\"Comment\",\"target\":[\"https:\\\/\\\/e-ciftlik.com\\\/haberler\\\/tarim\\\/saribal-ciftciyi-desteklemeden-ekmegimiz-buyumez\\\/#respond\"]}]},{\"@type\":\"WebPage\",\"@id\":\"https:\\\/\\\/e-ciftlik.com\\\/haberler\\\/tarim\\\/saribal-ciftciyi-desteklemeden-ekmegimiz-buyumez\\\/\",\"url\":\"https:\\\/\\\/e-ciftlik.com\\\/haberler\\\/tarim\\\/saribal-ciftciyi-desteklemeden-ekmegimiz-buyumez\\\/\",\"name\":\"Sar\u0131bal: \\\"\u00c7ift\u00e7iyi desteklemeden ekme\u011fimiz b\u00fcy\u00fcmez\\\" - E-&Ccedil;\u0130FTL\u0130K HABER\",\"isPartOf\":{\"@id\":\"https:\\\/\\\/e-ciftlik.com\\\/haberler\\\/#website\"},\"datePublished\":\"2025-02-21T17:07:00+00:00\",\"description\":\"CHP Bursa Milletvekili Orhan Sar\u0131bal, MHP'nin ba\u015flatt\u0131\u011f\u0131 bu\u011fday kampanyas\u0131n\u0131 ele\u015ftirdi. Sar\u0131bal, iktidar\u0131n tar\u0131m politikalar\u0131ndaki ba\u015far\u0131s\u0131zl\u0131klar\u0131n\u0131\",\"breadcrumb\":{\"@id\":\"https:\\\/\\\/e-ciftlik.com\\\/haberler\\\/tarim\\\/saribal-ciftciyi-desteklemeden-ekmegimiz-buyumez\\\/#breadcrumb\"},\"inLanguage\":\"tr\",\"potentialAction\":[{\"@type\":\"ReadAction\",\"target\":[\"https:\\\/\\\/e-ciftlik.com\\\/haberler\\\/tarim\\\/saribal-ciftciyi-desteklemeden-ekmegimiz-buyumez\\\/\"]}]},{\"@type\":\"BreadcrumbList\",\"@id\":\"https:\\\/\\\/e-ciftlik.com\\\/haberler\\\/tarim\\\/saribal-ciftciyi-desteklemeden-ekmegimiz-buyumez\\\/#breadcrumb\",\"itemListElement\":[{\"@type\":\"ListItem\",\"position\":1,\"name\":\"Anasayfa\",\"item\":\"https:\\\/\\\/e-ciftlik.com\\\/haberler\\\/\"},{\"@type\":\"ListItem\",\"position\":2,\"name\":\"Sar\u0131bal: &#8220;\u00c7ift\u00e7iyi desteklemeden ekme\u011fimiz b\u00fcy\u00fcmez&#8221;\"}]},{\"@type\":\"WebSite\",\"@id\":\"https:\\\/\\\/e-ciftlik.com\\\/haberler\\\/#website\",\"url\":\"https:\\\/\\\/e-ciftlik.com\\\/haberler\\\/\",\"name\":\"E-\u00c7iftlik Haber | G\u00fcncel, Son Dakika Haberler, En Son Haber\",\"description\":\"\",\"publisher\":{\"@id\":\"https:\\\/\\\/e-ciftlik.com\\\/haberler\\\/#organization\"},\"potentialAction\":[{\"@type\":\"SearchAction\",\"target\":{\"@type\":\"EntryPoint\",\"urlTemplate\":\"https:\\\/\\\/e-ciftlik.com\\\/haberler\\\/?s={search_term_string}\"},\"query-input\":{\"@type\":\"PropertyValueSpecification\",\"valueRequired\":true,\"valueName\":\"search_term_string\"}}],\"inLanguage\":\"tr\"},{\"@type\":\"Organization\",\"@id\":\"https:\\\/\\\/e-ciftlik.com\\\/haberler\\\/#organization\",\"name\":\"E-\u00c7\u0130FTL\u0130K HABER\",\"url\":\"https:\\\/\\\/e-ciftlik.com\\\/haberler\\\/\",\"logo\":{\"@type\":\"ImageObject\",\"inLanguage\":\"tr\",\"@id\":\"https:\\\/\\\/e-ciftlik.com\\\/haberler\\\/#\\\/schema\\\/logo\\\/image\\\/\",\"url\":\"https:\\\/\\\/e-ciftlik.com\\\/haberler\\\/wp-content\\\/uploads\\\/2024\\\/06\\\/cropped-cropped-favicon-1-2.png\",\"contentUrl\":\"https:\\\/\\\/e-ciftlik.com\\\/haberler\\\/wp-content\\\/uploads\\\/2024\\\/06\\\/cropped-cropped-favicon-1-2.png\",\"width\":512,\"height\":512,\"caption\":\"E-\u00c7\u0130FTL\u0130K HABER\"},\"image\":{\"@id\":\"https:\\\/\\\/e-ciftlik.com\\\/haberler\\\/#\\\/schema\\\/logo\\\/image\\\/\"},\"sameAs\":[\"https:\\\/\\\/www.facebook.com\\\/eciftlikturkiye\",\"https:\\\/\\\/x.com\\\/eciftlikresmi\",\"https:\\\/\\\/www.instagram.com\\\/eciftlikresmi\\\/\"]},{\"@type\":\"Person\",\"@id\":\"https:\\\/\\\/e-ciftlik.com\\\/haberler\\\/#\\\/schema\\\/person\\\/d2f4fee3143d7f72be82cb887d51b00a\",\"name\":\"Haber Merkezi\",\"image\":{\"@type\":\"ImageObject\",\"inLanguage\":\"tr\",\"@id\":\"https:\\\/\\\/secure.gravatar.com\\\/avatar\\\/6c27d641914e66c1d0452c92716002398782818991d86db1c2cccb531e7c7c82?s=96&d=mm&r=g\",\"url\":\"https:\\\/\\\/secure.gravatar.com\\\/avatar\\\/6c27d641914e66c1d0452c92716002398782818991d86db1c2cccb531e7c7c82?s=96&d=mm&r=g\",\"contentUrl\":\"https:\\\/\\\/secure.gravatar.com\\\/avatar\\\/6c27d641914e66c1d0452c92716002398782818991d86db1c2cccb531e7c7c82?s=96&d=mm&r=g\",\"caption\":\"Haber Merkezi\"},\"sameAs\":[\"http:\\\/\\\/e-ciftlik.com\\\/haberler\"]}]}<\/script>\n<!-- \/ Yoast SEO Premium plugin. -->","yoast_head_json":{"title":"Sar\u0131bal: \"\u00c7ift\u00e7iyi desteklemeden ekme\u011fimiz b\u00fcy\u00fcmez\" - E-&Ccedil;\u0130FTL\u0130K HABER","description":"CHP Bursa Milletvekili Orhan Sar\u0131bal, MHP'nin ba\u015flatt\u0131\u011f\u0131 bu\u011fday kampanyas\u0131n\u0131 ele\u015ftirdi. Sar\u0131bal, iktidar\u0131n tar\u0131m politikalar\u0131ndaki ba\u015far\u0131s\u0131zl\u0131klar\u0131n\u0131","robots":{"index":"index","follow":"follow","max-snippet":"max-snippet:-1","max-image-preview":"max-image-preview:large","max-video-preview":"max-video-preview:-1"},"canonical":"https:\/\/e-ciftlik.com\/haberler\/tarim\/saribal-ciftciyi-desteklemeden-ekmegimiz-buyumez\/","og_locale":"tr_TR","og_type":"article","og_title":"Sar\u0131bal: \"\u00c7ift\u00e7iyi desteklemeden ekme\u011fimiz b\u00fcy\u00fcmez\"","og_description":"CHP Bursa Milletvekili Orhan Sar\u0131bal, MHP'nin ba\u015flatt\u0131\u011f\u0131 bu\u011fday kampanyas\u0131n\u0131 ele\u015ftirdi. Sar\u0131bal, iktidar\u0131n tar\u0131m politikalar\u0131ndaki ba\u015far\u0131s\u0131zl\u0131klar\u0131n\u0131","og_url":"https:\/\/e-ciftlik.com\/haberler\/tarim\/saribal-ciftciyi-desteklemeden-ekmegimiz-buyumez\/","og_site_name":"E-&Ccedil;\u0130FTL\u0130K HABER","article_publisher":"https:\/\/www.facebook.com\/eciftlikturkiye","article_published_time":"2025-02-21T17:07:00+00:00","author":"Haber Merkezi","twitter_card":"summary_large_image","twitter_creator":"@eciftlikresmi","twitter_site":"@eciftlikresmi","twitter_misc":{"Yazan:":"Haber Merkezi","Tahmini okuma s\u00fcresi":"1 dakika"},"schema":{"@context":"https:\/\/schema.org","@graph":[{"@type":"NewsArticle","@id":"https:\/\/e-ciftlik.com\/haberler\/tarim\/saribal-ciftciyi-desteklemeden-ekmegimiz-buyumez\/#article","isPartOf":{"@id":"https:\/\/e-ciftlik.com\/haberler\/tarim\/saribal-ciftciyi-desteklemeden-ekmegimiz-buyumez\/"},"author":{"name":"Haber Merkezi","@id":"https:\/\/e-ciftlik.com\/haberler\/#\/schema\/person\/d2f4fee3143d7f72be82cb887d51b00a"},"headline":"Sar\u0131bal: &#8220;\u00c7ift\u00e7iyi desteklemeden ekme\u011fimiz b\u00fcy\u00fcmez&#8221;","datePublished":"2025-02-21T17:07:00+00:00","mainEntityOfPage":{"@id":"https:\/\/e-ciftlik.com\/haberler\/tarim\/saribal-ciftciyi-desteklemeden-ekmegimiz-buyumez\/"},"wordCount":128,"commentCount":0,"publisher":{"@id":"https:\/\/e-ciftlik.com\/haberler\/#organization"},"articleSection":["Tar\u0131m"],"inLanguage":"tr","potentialAction":[{"@type":"CommentAction","name":"Comment","target":["https:\/\/e-ciftlik.com\/haberler\/tarim\/saribal-ciftciyi-desteklemeden-ekmegimiz-buyumez\/#respond"]}]},{"@type":"WebPage","@id":"https:\/\/e-ciftlik.com\/haberler\/tarim\/saribal-ciftciyi-desteklemeden-ekmegimiz-buyumez\/","url":"https:\/\/e-ciftlik.com\/haberler\/tarim\/saribal-ciftciyi-desteklemeden-ekmegimiz-buyumez\/","name":"Sar\u0131bal: \"\u00c7ift\u00e7iyi desteklemeden ekme\u011fimiz b\u00fcy\u00fcmez\" - E-&Ccedil;\u0130FTL\u0130K HABER","isPartOf":{"@id":"https:\/\/e-ciftlik.com\/haberler\/#website"},"datePublished":"2025-02-21T17:07:00+00:00","description":"CHP Bursa Milletvekili Orhan Sar\u0131bal, MHP'nin ba\u015flatt\u0131\u011f\u0131 bu\u011fday kampanyas\u0131n\u0131 ele\u015ftirdi. Sar\u0131bal, iktidar\u0131n tar\u0131m politikalar\u0131ndaki ba\u015far\u0131s\u0131zl\u0131klar\u0131n\u0131","breadcrumb":{"@id":"https:\/\/e-ciftlik.com\/haberler\/tarim\/saribal-ciftciyi-desteklemeden-ekmegimiz-buyumez\/#breadcrumb"},"inLanguage":"tr","potentialAction":[{"@type":"ReadAction","target":["https:\/\/e-ciftlik.com\/haberler\/tarim\/saribal-ciftciyi-desteklemeden-ekmegimiz-buyumez\/"]}]},{"@type":"BreadcrumbList","@id":"https:\/\/e-ciftlik.com\/haberler\/tarim\/saribal-ciftciyi-desteklemeden-ekmegimiz-buyumez\/#breadcrumb","itemListElement":[{"@type":"ListItem","position":1,"name":"Anasayfa","item":"https:\/\/e-ciftlik.com\/haberler\/"},{"@type":"ListItem","position":2,"name":"Sar\u0131bal: &#8220;\u00c7ift\u00e7iyi desteklemeden ekme\u011fimiz b\u00fcy\u00fcmez&#8221;"}]},{"@type":"WebSite","@id":"https:\/\/e-ciftlik.com\/haberler\/#website","url":"https:\/\/e-ciftlik.com\/haberler\/","name":"E-\u00c7iftlik Haber | G\u00fcncel, Son Dakika Haberler, En Son Haber","description":"","publisher":{"@id":"https:\/\/e-ciftlik.com\/haberler\/#organization"},"potentialAction":[{"@type":"SearchAction","target":{"@type":"EntryPoint","urlTemplate":"https:\/\/e-ciftlik.com\/haberler\/?s={search_term_string}"},"query-input":{"@type":"PropertyValueSpecification","valueRequired":true,"valueName":"search_term_string"}}],"inLanguage":"tr"},{"@type":"Organization","@id":"https:\/\/e-ciftlik.com\/haberler\/#organization","name":"E-\u00c7\u0130FTL\u0130K HABER","url":"https:\/\/e-ciftlik.com\/haberler\/","logo":{"@type":"ImageObject","inLanguage":"tr","@id":"https:\/\/e-ciftlik.com\/haberler\/#\/schema\/logo\/image\/","url":"https:\/\/e-ciftlik.com\/haberler\/wp-content\/uploads\/2024\/06\/cropped-cropped-favicon-1-2.png","contentUrl":"https:\/\/e-ciftlik.com\/haberler\/wp-content\/uploads\/2024\/06\/cropped-cropped-favicon-1-2.png","width":512,"height":512,"caption":"E-\u00c7\u0130FTL\u0130K HABER"},"image":{"@id":"https:\/\/e-ciftlik.com\/haberler\/#\/schema\/logo\/image\/"},"sameAs":["https:\/\/www.facebook.com\/eciftlikturkiye","https:\/\/x.com\/eciftlikresmi","https:\/\/www.instagram.com\/eciftlikresmi\/"]},{"@type":"Person","@id":"https:\/\/e-ciftlik.com\/haberler\/#\/schema\/person\/d2f4fee3143d7f72be82cb887d51b00a","name":"Haber Merkezi","image":{"@type":"ImageObject","inLanguage":"tr","@id":"https:\/\/secure.gravatar.com\/avatar\/6c27d641914e66c1d0452c92716002398782818991d86db1c2cccb531e7c7c82?s=96&d=mm&r=g","url":"https:\/\/secure.gravatar.com\/avatar\/6c27d641914e66c1d0452c92716002398782818991d86db1c2cccb531e7c7c82?s=96&d=mm&r=g","contentUrl":"https:\/\/secure.gravatar.com\/avatar\/6c27d641914e66c1d0452c92716002398782818991d86db1c2cccb531e7c7c82?s=96&d=mm&r=g","caption":"Haber Merkezi"},"sameAs":["http:\/\/e-ciftlik.com\/haberler"]}]}},"_links":{"self":[{"href":"https:\/\/e-ciftlik.com\/haberler\/wp-json\/wp\/v2\/posts\/83069","targetHints":{"allow":["GET"]}}],"collection":[{"href":"https:\/\/e-ciftlik.com\/haberler\/wp-json\/wp\/v2\/posts"}],"about":[{"href":"https:\/\/e-ciftlik.com\/haberler\/wp-json\/wp\/v2\/types\/post"}],"author":[{"embeddable":true,"href":"https:\/\/e-ciftlik.com\/haberler\/wp-json\/wp\/v2\/users\/1"}],"replies":[{"embeddable":true,"href":"https:\/\/e-ciftlik.com\/haberler\/wp-json\/wp\/v2\/comments?post=83069"}],"version-history":[{"count":0,"href":"https:\/\/e-ciftlik.com\/haberler\/wp-json\/wp\/v2\/posts\/83069\/revisions"}],"wp:attachment":[{"href":"https:\/\/e-ciftlik.com\/haberler\/wp-json\/wp\/v2\/media?parent=83069"}],"wp:term":[{"taxonomy":"category","embeddable":true,"href":"https:\/\/e-ciftlik.com\/haberler\/wp-json\/wp\/v2\/categories?post=83069"},{"taxonomy":"post_tag","embeddable":true,"href":"https:\/\/e-ciftlik.com\/haberler\/wp-json\/wp\/v2\/tags?post=83069"}],"curies":[{"name":"wp","href":"https:\/\/api.w.org\/{rel}","templated":true}]}}