{"id":83091,"date":"2025-02-22T04:14:37","date_gmt":"2025-02-22T04:14:37","guid":{"rendered":"http:\/\/e-ciftlik.com\/haberler\/spor\/anderlecht-fenerbahce-maci-ne-zaman-ve-hangi-kanalda\/"},"modified":"2025-02-22T04:14:37","modified_gmt":"2025-02-22T04:14:37","slug":"anderlecht-fenerbahce-maci-ne-zaman-ve-hangi-kanalda","status":"publish","type":"post","link":"https:\/\/e-ciftlik.com\/haberler\/spor\/anderlecht-fenerbahce-maci-ne-zaman-ve-hangi-kanalda\/","title":{"rendered":"Anderlecht-Fenerbah\u00e7e Ma\u00e7\u0131 Ne Zaman ve Hangi Kanalda?"},"content":{"rendered":"<p>Fenerbah\u00e7e, UEFA Avrupa Ligi son 16 play-off turu r\u00f6van\u015f\u0131nda Bel\u00e7ika&#8217;n\u0131n Anderlecht tak\u0131m\u0131na konuk olacak. Ma\u00e7, ba\u015fkent Br\u00fcksel&#8217;deki RSC Anderlecht Stad\u0131&#8217;nda oynanacak ve \u0130svi\u00e7reli hakem Sandro Scharer y\u00f6netecek.<\/p>\n<p>Play-off turu ilk ma\u00e7\u0131nda Kad\u0131k\u00f6y&#8217;de rakibini 3-0 yenerek avantaj elde eden Fenerbah\u00e7e, tur i\u00e7in sahaya \u00e7\u0131kacak. E\u011fer turu ge\u00e7erlerse Yunanistan&#8217;\u0131n Olympiakos ya da \u0130sko\u00e7ya&#8217;n\u0131n Rangers tak\u0131m\u0131yla e\u015fle\u015fecekler. Ma\u00e7 20 \u015eubat Per\u015fembe g\u00fcn\u00fc TS\u0130 23:00&#8217;te ba\u015flayacak ve TRT 1&#8217;den naklen ve \u015fifresiz olarak yay\u0131nlanacak.<\/p>\n<p>Fenerbah\u00e7e, tur ad\u0131na elde etti\u011fi avantajla sahaya \u00e7\u0131kacak. Sar\u0131-lacivertli ekip, her t\u00fcrl\u00fc galibiyet ve beraberli\u011fin yan\u0131 s\u0131ra 1 ve 2 farkl\u0131 yenilgilerde de tur atlayacak. Ancak Anderlecht&#8217;in 4 veya daha fazla farkl\u0131 galibiyet almas\u0131 durumunda tur atlayabilece\u011fi e\u015fle\u015fmede, 3 farkl\u0131 kazanmas\u0131 ise ma\u00e7\u0131 uzatmalara g\u00f6t\u00fcrecek. Uzatmalar sonucunda e\u015fitlik bozulmazsa seri penalt\u0131 at\u0131\u015flar\u0131 yap\u0131lacak.<\/p>\n<p>Fenerbah\u00e7e, Anderlecht ma\u00e7\u0131nda sakatl\u0131klar\u0131 bulunan \u0130smail Y\u00fcksek, \u00c7a\u011flar S\u00f6y\u00fcnc\u00fc ve Alexander Djiku&#8217;dan yararlanamayacak. Ayr\u0131ca kaleci Dominik Livakovic&#8217;in hen\u00fcz haz\u0131r olmad\u0131\u011f\u0131 ve forma giymeyece\u011fi belirtiliyor.<\/p>\n<p>Fenerbah\u00e7e&#8217;nin UEFA Avrupa Ligi kadrosunda \u015fu oyuncular bulunuyor: Dominik Livakovic, \u0130rfan Can E\u011fribayat, Ertu\u011frul \u00c7etin, \u00c7a\u011flar S\u00f6y\u00fcnc\u00fc, Alexander Djiku, Mert M\u00fcld\u00fcr, Milan Skriniar, \u0130smail Y\u00fcksek, Mert Hakan Yanda\u015f, Fred, \u0130rfan Can Kahveci, Sofyan Amrabat, Sebastian Szymanski, Anderson Talisca, Filip Kostic, Dusan Tadic, Edin Dzeko, Youssef En-Nesyri, Cengiz \u00dcnder, Bright Osayi-Samuel, Allan Saint-Maximin, Cenk Tosun.<\/p>\n","protected":false},"excerpt":{"rendered":"<p>Fenerbah\u00e7e, UEFA Avrupa Ligi son 16 play-off turu r\u00f6van\u015f\u0131nda Bel\u00e7ika&#8217;n\u0131n Anderlecht tak\u0131m\u0131na konuk olacak. Ma\u00e7,&hellip;<\/p>\n","protected":false},"author":1,"featured_media":81166,"comment_status":"open","ping_status":"open","sticky":false,"template":"","format":"standard","meta":{"footnotes":""},"categories":[7],"tags":[],"class_list":["post-83091","post","type-post","status-publish","format-standard","has-post-thumbnail","hentry","category-spor"],"yoast_head":"<!-- This site is optimized with the Yoast SEO Premium plugin v24.3 (Yoast SEO v27.4) - https:\/\/yoast.com\/product\/yoast-seo-premium-wordpress\/ -->\n<title>Anderlecht-Fenerbah\u00e7e Ma\u00e7\u0131 Ne Zaman ve Hangi Kanalda? - E-&Ccedil;\u0130FTL\u0130K HABER<\/title>\n<meta name=\"description\" content=\"Fenerbah\u00e7e, UEFA Avrupa Ligi son 16 play-off turu r\u00f6van\u015f\u0131nda Bel\u00e7ika&#039;n\u0131n Anderlecht tak\u0131m\u0131na konuk olacak. Ma\u00e7, ba\u015fkent Br\u00fcksel&#039;deki RSC Anderlecht\" \/>\n<meta name=\"robots\" content=\"index, follow, max-snippet:-1, max-image-preview:large, max-video-preview:-1\" \/>\n<link rel=\"canonical\" href=\"https:\/\/e-ciftlik.com\/haberler\/spor\/anderlecht-fenerbahce-maci-ne-zaman-ve-hangi-kanalda\/\" \/>\n<meta property=\"og:locale\" content=\"tr_TR\" \/>\n<meta property=\"og:type\" content=\"article\" \/>\n<meta property=\"og:title\" content=\"Anderlecht-Fenerbah\u00e7e Ma\u00e7\u0131 Ne Zaman ve Hangi Kanalda?\" \/>\n<meta property=\"og:description\" content=\"Fenerbah\u00e7e, UEFA Avrupa Ligi son 16 play-off turu r\u00f6van\u015f\u0131nda Bel\u00e7ika&#039;n\u0131n Anderlecht tak\u0131m\u0131na konuk olacak. Ma\u00e7, ba\u015fkent Br\u00fcksel&#039;deki RSC Anderlecht\" \/>\n<meta property=\"og:url\" content=\"https:\/\/e-ciftlik.com\/haberler\/spor\/anderlecht-fenerbahce-maci-ne-zaman-ve-hangi-kanalda\/\" \/>\n<meta property=\"og:site_name\" content=\"E-&Ccedil;\u0130FTL\u0130K HABER\" \/>\n<meta property=\"article:publisher\" content=\"https:\/\/www.facebook.com\/eciftlikturkiye\" \/>\n<meta property=\"article:published_time\" content=\"2025-02-22T04:14:37+00:00\" \/>\n<meta property=\"og:image\" content=\"https:\/\/e-ciftlik.com\/haberler\/wp-content\/uploads\/2025\/02\/HlrWbVYbGUGnXNnS9vlIpw.jpg\" \/>\n\t<meta property=\"og:image:width\" content=\"1080\" \/>\n\t<meta property=\"og:image:height\" content=\"614\" \/>\n\t<meta property=\"og:image:type\" content=\"image\/jpeg\" \/>\n<meta name=\"author\" content=\"Haber Merkezi\" \/>\n<meta name=\"twitter:card\" content=\"summary_large_image\" \/>\n<meta name=\"twitter:creator\" content=\"@eciftlikresmi\" \/>\n<meta name=\"twitter:site\" content=\"@eciftlikresmi\" \/>\n<meta name=\"twitter:label1\" content=\"Yazan:\" \/>\n\t<meta name=\"twitter:data1\" content=\"Haber Merkezi\" \/>\n\t<meta name=\"twitter:label2\" content=\"Tahmini okuma s\u00fcresi\" \/>\n\t<meta name=\"twitter:data2\" content=\"1 dakika\" \/>\n<script type=\"application\/ld+json\" class=\"yoast-schema-graph\">{\"@context\":\"https:\\\/\\\/schema.org\",\"@graph\":[{\"@type\":\"NewsArticle\",\"@id\":\"https:\\\/\\\/e-ciftlik.com\\\/haberler\\\/spor\\\/anderlecht-fenerbahce-maci-ne-zaman-ve-hangi-kanalda\\\/#article\",\"isPartOf\":{\"@id\":\"https:\\\/\\\/e-ciftlik.com\\\/haberler\\\/spor\\\/anderlecht-fenerbahce-maci-ne-zaman-ve-hangi-kanalda\\\/\"},\"author\":{\"name\":\"Haber Merkezi\",\"@id\":\"https:\\\/\\\/e-ciftlik.com\\\/haberler\\\/#\\\/schema\\\/person\\\/d2f4fee3143d7f72be82cb887d51b00a\"},\"headline\":\"Anderlecht-Fenerbah\u00e7e Ma\u00e7\u0131 Ne Zaman ve Hangi Kanalda?\",\"datePublished\":\"2025-02-22T04:14:37+00:00\",\"mainEntityOfPage\":{\"@id\":\"https:\\\/\\\/e-ciftlik.com\\\/haberler\\\/spor\\\/anderlecht-fenerbahce-maci-ne-zaman-ve-hangi-kanalda\\\/\"},\"wordCount\":276,\"commentCount\":0,\"publisher\":{\"@id\":\"https:\\\/\\\/e-ciftlik.com\\\/haberler\\\/#organization\"},\"image\":{\"@id\":\"https:\\\/\\\/e-ciftlik.com\\\/haberler\\\/spor\\\/anderlecht-fenerbahce-maci-ne-zaman-ve-hangi-kanalda\\\/#primaryimage\"},\"thumbnailUrl\":\"https:\\\/\\\/e-ciftlik.com\\\/haberler\\\/wp-content\\\/uploads\\\/2025\\\/02\\\/HlrWbVYbGUGnXNnS9vlIpw.jpg\",\"articleSection\":[\"Spor\"],\"inLanguage\":\"tr\",\"potentialAction\":[{\"@type\":\"CommentAction\",\"name\":\"Comment\",\"target\":[\"https:\\\/\\\/e-ciftlik.com\\\/haberler\\\/spor\\\/anderlecht-fenerbahce-maci-ne-zaman-ve-hangi-kanalda\\\/#respond\"]}]},{\"@type\":\"WebPage\",\"@id\":\"https:\\\/\\\/e-ciftlik.com\\\/haberler\\\/spor\\\/anderlecht-fenerbahce-maci-ne-zaman-ve-hangi-kanalda\\\/\",\"url\":\"https:\\\/\\\/e-ciftlik.com\\\/haberler\\\/spor\\\/anderlecht-fenerbahce-maci-ne-zaman-ve-hangi-kanalda\\\/\",\"name\":\"Anderlecht-Fenerbah\u00e7e Ma\u00e7\u0131 Ne Zaman ve Hangi Kanalda? - E-&Ccedil;\u0130FTL\u0130K HABER\",\"isPartOf\":{\"@id\":\"https:\\\/\\\/e-ciftlik.com\\\/haberler\\\/#website\"},\"primaryImageOfPage\":{\"@id\":\"https:\\\/\\\/e-ciftlik.com\\\/haberler\\\/spor\\\/anderlecht-fenerbahce-maci-ne-zaman-ve-hangi-kanalda\\\/#primaryimage\"},\"image\":{\"@id\":\"https:\\\/\\\/e-ciftlik.com\\\/haberler\\\/spor\\\/anderlecht-fenerbahce-maci-ne-zaman-ve-hangi-kanalda\\\/#primaryimage\"},\"thumbnailUrl\":\"https:\\\/\\\/e-ciftlik.com\\\/haberler\\\/wp-content\\\/uploads\\\/2025\\\/02\\\/HlrWbVYbGUGnXNnS9vlIpw.jpg\",\"datePublished\":\"2025-02-22T04:14:37+00:00\",\"description\":\"Fenerbah\u00e7e, UEFA Avrupa Ligi son 16 play-off turu r\u00f6van\u015f\u0131nda Bel\u00e7ika'n\u0131n Anderlecht tak\u0131m\u0131na konuk olacak. Ma\u00e7, ba\u015fkent Br\u00fcksel'deki RSC Anderlecht\",\"breadcrumb\":{\"@id\":\"https:\\\/\\\/e-ciftlik.com\\\/haberler\\\/spor\\\/anderlecht-fenerbahce-maci-ne-zaman-ve-hangi-kanalda\\\/#breadcrumb\"},\"inLanguage\":\"tr\",\"potentialAction\":[{\"@type\":\"ReadAction\",\"target\":[\"https:\\\/\\\/e-ciftlik.com\\\/haberler\\\/spor\\\/anderlecht-fenerbahce-maci-ne-zaman-ve-hangi-kanalda\\\/\"]}]},{\"@type\":\"ImageObject\",\"inLanguage\":\"tr\",\"@id\":\"https:\\\/\\\/e-ciftlik.com\\\/haberler\\\/spor\\\/anderlecht-fenerbahce-maci-ne-zaman-ve-hangi-kanalda\\\/#primaryimage\",\"url\":\"https:\\\/\\\/e-ciftlik.com\\\/haberler\\\/wp-content\\\/uploads\\\/2025\\\/02\\\/HlrWbVYbGUGnXNnS9vlIpw.jpg\",\"contentUrl\":\"https:\\\/\\\/e-ciftlik.com\\\/haberler\\\/wp-content\\\/uploads\\\/2025\\\/02\\\/HlrWbVYbGUGnXNnS9vlIpw.jpg\",\"width\":1080,\"height\":614},{\"@type\":\"BreadcrumbList\",\"@id\":\"https:\\\/\\\/e-ciftlik.com\\\/haberler\\\/spor\\\/anderlecht-fenerbahce-maci-ne-zaman-ve-hangi-kanalda\\\/#breadcrumb\",\"itemListElement\":[{\"@type\":\"ListItem\",\"position\":1,\"name\":\"Anasayfa\",\"item\":\"https:\\\/\\\/e-ciftlik.com\\\/haberler\\\/\"},{\"@type\":\"ListItem\",\"position\":2,\"name\":\"Anderlecht-Fenerbah\u00e7e Ma\u00e7\u0131 Ne Zaman ve Hangi Kanalda?\"}]},{\"@type\":\"WebSite\",\"@id\":\"https:\\\/\\\/e-ciftlik.com\\\/haberler\\\/#website\",\"url\":\"https:\\\/\\\/e-ciftlik.com\\\/haberler\\\/\",\"name\":\"E-\u00c7iftlik Haber | G\u00fcncel, Son Dakika Haberler, En Son Haber\",\"description\":\"\",\"publisher\":{\"@id\":\"https:\\\/\\\/e-ciftlik.com\\\/haberler\\\/#organization\"},\"potentialAction\":[{\"@type\":\"SearchAction\",\"target\":{\"@type\":\"EntryPoint\",\"urlTemplate\":\"https:\\\/\\\/e-ciftlik.com\\\/haberler\\\/?s={search_term_string}\"},\"query-input\":{\"@type\":\"PropertyValueSpecification\",\"valueRequired\":true,\"valueName\":\"search_term_string\"}}],\"inLanguage\":\"tr\"},{\"@type\":\"Organization\",\"@id\":\"https:\\\/\\\/e-ciftlik.com\\\/haberler\\\/#organization\",\"name\":\"E-\u00c7\u0130FTL\u0130K HABER\",\"url\":\"https:\\\/\\\/e-ciftlik.com\\\/haberler\\\/\",\"logo\":{\"@type\":\"ImageObject\",\"inLanguage\":\"tr\",\"@id\":\"https:\\\/\\\/e-ciftlik.com\\\/haberler\\\/#\\\/schema\\\/logo\\\/image\\\/\",\"url\":\"https:\\\/\\\/e-ciftlik.com\\\/haberler\\\/wp-content\\\/uploads\\\/2024\\\/06\\\/cropped-cropped-favicon-1-2.png\",\"contentUrl\":\"https:\\\/\\\/e-ciftlik.com\\\/haberler\\\/wp-content\\\/uploads\\\/2024\\\/06\\\/cropped-cropped-favicon-1-2.png\",\"width\":512,\"height\":512,\"caption\":\"E-\u00c7\u0130FTL\u0130K HABER\"},\"image\":{\"@id\":\"https:\\\/\\\/e-ciftlik.com\\\/haberler\\\/#\\\/schema\\\/logo\\\/image\\\/\"},\"sameAs\":[\"https:\\\/\\\/www.facebook.com\\\/eciftlikturkiye\",\"https:\\\/\\\/x.com\\\/eciftlikresmi\",\"https:\\\/\\\/www.instagram.com\\\/eciftlikresmi\\\/\"]},{\"@type\":\"Person\",\"@id\":\"https:\\\/\\\/e-ciftlik.com\\\/haberler\\\/#\\\/schema\\\/person\\\/d2f4fee3143d7f72be82cb887d51b00a\",\"name\":\"Haber Merkezi\",\"image\":{\"@type\":\"ImageObject\",\"inLanguage\":\"tr\",\"@id\":\"https:\\\/\\\/secure.gravatar.com\\\/avatar\\\/6c27d641914e66c1d0452c92716002398782818991d86db1c2cccb531e7c7c82?s=96&d=mm&r=g\",\"url\":\"https:\\\/\\\/secure.gravatar.com\\\/avatar\\\/6c27d641914e66c1d0452c92716002398782818991d86db1c2cccb531e7c7c82?s=96&d=mm&r=g\",\"contentUrl\":\"https:\\\/\\\/secure.gravatar.com\\\/avatar\\\/6c27d641914e66c1d0452c92716002398782818991d86db1c2cccb531e7c7c82?s=96&d=mm&r=g\",\"caption\":\"Haber Merkezi\"},\"sameAs\":[\"http:\\\/\\\/e-ciftlik.com\\\/haberler\"]}]}<\/script>\n<!-- \/ Yoast SEO Premium plugin. -->","yoast_head_json":{"title":"Anderlecht-Fenerbah\u00e7e Ma\u00e7\u0131 Ne Zaman ve Hangi Kanalda? - E-&Ccedil;\u0130FTL\u0130K HABER","description":"Fenerbah\u00e7e, UEFA Avrupa Ligi son 16 play-off turu r\u00f6van\u015f\u0131nda Bel\u00e7ika'n\u0131n Anderlecht tak\u0131m\u0131na konuk olacak. Ma\u00e7, ba\u015fkent Br\u00fcksel'deki RSC Anderlecht","robots":{"index":"index","follow":"follow","max-snippet":"max-snippet:-1","max-image-preview":"max-image-preview:large","max-video-preview":"max-video-preview:-1"},"canonical":"https:\/\/e-ciftlik.com\/haberler\/spor\/anderlecht-fenerbahce-maci-ne-zaman-ve-hangi-kanalda\/","og_locale":"tr_TR","og_type":"article","og_title":"Anderlecht-Fenerbah\u00e7e Ma\u00e7\u0131 Ne Zaman ve Hangi Kanalda?","og_description":"Fenerbah\u00e7e, UEFA Avrupa Ligi son 16 play-off turu r\u00f6van\u015f\u0131nda Bel\u00e7ika'n\u0131n Anderlecht tak\u0131m\u0131na konuk olacak. Ma\u00e7, ba\u015fkent Br\u00fcksel'deki RSC Anderlecht","og_url":"https:\/\/e-ciftlik.com\/haberler\/spor\/anderlecht-fenerbahce-maci-ne-zaman-ve-hangi-kanalda\/","og_site_name":"E-&Ccedil;\u0130FTL\u0130K HABER","article_publisher":"https:\/\/www.facebook.com\/eciftlikturkiye","article_published_time":"2025-02-22T04:14:37+00:00","og_image":[{"width":1080,"height":614,"url":"https:\/\/e-ciftlik.com\/haberler\/wp-content\/uploads\/2025\/02\/HlrWbVYbGUGnXNnS9vlIpw.jpg","type":"image\/jpeg"}],"author":"Haber Merkezi","twitter_card":"summary_large_image","twitter_creator":"@eciftlikresmi","twitter_site":"@eciftlikresmi","twitter_misc":{"Yazan:":"Haber Merkezi","Tahmini okuma s\u00fcresi":"1 dakika"},"schema":{"@context":"https:\/\/schema.org","@graph":[{"@type":"NewsArticle","@id":"https:\/\/e-ciftlik.com\/haberler\/spor\/anderlecht-fenerbahce-maci-ne-zaman-ve-hangi-kanalda\/#article","isPartOf":{"@id":"https:\/\/e-ciftlik.com\/haberler\/spor\/anderlecht-fenerbahce-maci-ne-zaman-ve-hangi-kanalda\/"},"author":{"name":"Haber Merkezi","@id":"https:\/\/e-ciftlik.com\/haberler\/#\/schema\/person\/d2f4fee3143d7f72be82cb887d51b00a"},"headline":"Anderlecht-Fenerbah\u00e7e Ma\u00e7\u0131 Ne Zaman ve Hangi Kanalda?","datePublished":"2025-02-22T04:14:37+00:00","mainEntityOfPage":{"@id":"https:\/\/e-ciftlik.com\/haberler\/spor\/anderlecht-fenerbahce-maci-ne-zaman-ve-hangi-kanalda\/"},"wordCount":276,"commentCount":0,"publisher":{"@id":"https:\/\/e-ciftlik.com\/haberler\/#organization"},"image":{"@id":"https:\/\/e-ciftlik.com\/haberler\/spor\/anderlecht-fenerbahce-maci-ne-zaman-ve-hangi-kanalda\/#primaryimage"},"thumbnailUrl":"https:\/\/e-ciftlik.com\/haberler\/wp-content\/uploads\/2025\/02\/HlrWbVYbGUGnXNnS9vlIpw.jpg","articleSection":["Spor"],"inLanguage":"tr","potentialAction":[{"@type":"CommentAction","name":"Comment","target":["https:\/\/e-ciftlik.com\/haberler\/spor\/anderlecht-fenerbahce-maci-ne-zaman-ve-hangi-kanalda\/#respond"]}]},{"@type":"WebPage","@id":"https:\/\/e-ciftlik.com\/haberler\/spor\/anderlecht-fenerbahce-maci-ne-zaman-ve-hangi-kanalda\/","url":"https:\/\/e-ciftlik.com\/haberler\/spor\/anderlecht-fenerbahce-maci-ne-zaman-ve-hangi-kanalda\/","name":"Anderlecht-Fenerbah\u00e7e Ma\u00e7\u0131 Ne Zaman ve Hangi Kanalda? - E-&Ccedil;\u0130FTL\u0130K HABER","isPartOf":{"@id":"https:\/\/e-ciftlik.com\/haberler\/#website"},"primaryImageOfPage":{"@id":"https:\/\/e-ciftlik.com\/haberler\/spor\/anderlecht-fenerbahce-maci-ne-zaman-ve-hangi-kanalda\/#primaryimage"},"image":{"@id":"https:\/\/e-ciftlik.com\/haberler\/spor\/anderlecht-fenerbahce-maci-ne-zaman-ve-hangi-kanalda\/#primaryimage"},"thumbnailUrl":"https:\/\/e-ciftlik.com\/haberler\/wp-content\/uploads\/2025\/02\/HlrWbVYbGUGnXNnS9vlIpw.jpg","datePublished":"2025-02-22T04:14:37+00:00","description":"Fenerbah\u00e7e, UEFA Avrupa Ligi son 16 play-off turu r\u00f6van\u015f\u0131nda Bel\u00e7ika'n\u0131n Anderlecht tak\u0131m\u0131na konuk olacak. Ma\u00e7, ba\u015fkent Br\u00fcksel'deki RSC Anderlecht","breadcrumb":{"@id":"https:\/\/e-ciftlik.com\/haberler\/spor\/anderlecht-fenerbahce-maci-ne-zaman-ve-hangi-kanalda\/#breadcrumb"},"inLanguage":"tr","potentialAction":[{"@type":"ReadAction","target":["https:\/\/e-ciftlik.com\/haberler\/spor\/anderlecht-fenerbahce-maci-ne-zaman-ve-hangi-kanalda\/"]}]},{"@type":"ImageObject","inLanguage":"tr","@id":"https:\/\/e-ciftlik.com\/haberler\/spor\/anderlecht-fenerbahce-maci-ne-zaman-ve-hangi-kanalda\/#primaryimage","url":"https:\/\/e-ciftlik.com\/haberler\/wp-content\/uploads\/2025\/02\/HlrWbVYbGUGnXNnS9vlIpw.jpg","contentUrl":"https:\/\/e-ciftlik.com\/haberler\/wp-content\/uploads\/2025\/02\/HlrWbVYbGUGnXNnS9vlIpw.jpg","width":1080,"height":614},{"@type":"BreadcrumbList","@id":"https:\/\/e-ciftlik.com\/haberler\/spor\/anderlecht-fenerbahce-maci-ne-zaman-ve-hangi-kanalda\/#breadcrumb","itemListElement":[{"@type":"ListItem","position":1,"name":"Anasayfa","item":"https:\/\/e-ciftlik.com\/haberler\/"},{"@type":"ListItem","position":2,"name":"Anderlecht-Fenerbah\u00e7e Ma\u00e7\u0131 Ne Zaman ve Hangi Kanalda?"}]},{"@type":"WebSite","@id":"https:\/\/e-ciftlik.com\/haberler\/#website","url":"https:\/\/e-ciftlik.com\/haberler\/","name":"E-\u00c7iftlik Haber | G\u00fcncel, Son Dakika Haberler, En Son Haber","description":"","publisher":{"@id":"https:\/\/e-ciftlik.com\/haberler\/#organization"},"potentialAction":[{"@type":"SearchAction","target":{"@type":"EntryPoint","urlTemplate":"https:\/\/e-ciftlik.com\/haberler\/?s={search_term_string}"},"query-input":{"@type":"PropertyValueSpecification","valueRequired":true,"valueName":"search_term_string"}}],"inLanguage":"tr"},{"@type":"Organization","@id":"https:\/\/e-ciftlik.com\/haberler\/#organization","name":"E-\u00c7\u0130FTL\u0130K HABER","url":"https:\/\/e-ciftlik.com\/haberler\/","logo":{"@type":"ImageObject","inLanguage":"tr","@id":"https:\/\/e-ciftlik.com\/haberler\/#\/schema\/logo\/image\/","url":"https:\/\/e-ciftlik.com\/haberler\/wp-content\/uploads\/2024\/06\/cropped-cropped-favicon-1-2.png","contentUrl":"https:\/\/e-ciftlik.com\/haberler\/wp-content\/uploads\/2024\/06\/cropped-cropped-favicon-1-2.png","width":512,"height":512,"caption":"E-\u00c7\u0130FTL\u0130K HABER"},"image":{"@id":"https:\/\/e-ciftlik.com\/haberler\/#\/schema\/logo\/image\/"},"sameAs":["https:\/\/www.facebook.com\/eciftlikturkiye","https:\/\/x.com\/eciftlikresmi","https:\/\/www.instagram.com\/eciftlikresmi\/"]},{"@type":"Person","@id":"https:\/\/e-ciftlik.com\/haberler\/#\/schema\/person\/d2f4fee3143d7f72be82cb887d51b00a","name":"Haber Merkezi","image":{"@type":"ImageObject","inLanguage":"tr","@id":"https:\/\/secure.gravatar.com\/avatar\/6c27d641914e66c1d0452c92716002398782818991d86db1c2cccb531e7c7c82?s=96&d=mm&r=g","url":"https:\/\/secure.gravatar.com\/avatar\/6c27d641914e66c1d0452c92716002398782818991d86db1c2cccb531e7c7c82?s=96&d=mm&r=g","contentUrl":"https:\/\/secure.gravatar.com\/avatar\/6c27d641914e66c1d0452c92716002398782818991d86db1c2cccb531e7c7c82?s=96&d=mm&r=g","caption":"Haber Merkezi"},"sameAs":["http:\/\/e-ciftlik.com\/haberler"]}]}},"_links":{"self":[{"href":"https:\/\/e-ciftlik.com\/haberler\/wp-json\/wp\/v2\/posts\/83091","targetHints":{"allow":["GET"]}}],"collection":[{"href":"https:\/\/e-ciftlik.com\/haberler\/wp-json\/wp\/v2\/posts"}],"about":[{"href":"https:\/\/e-ciftlik.com\/haberler\/wp-json\/wp\/v2\/types\/post"}],"author":[{"embeddable":true,"href":"https:\/\/e-ciftlik.com\/haberler\/wp-json\/wp\/v2\/users\/1"}],"replies":[{"embeddable":true,"href":"https:\/\/e-ciftlik.com\/haberler\/wp-json\/wp\/v2\/comments?post=83091"}],"version-history":[{"count":0,"href":"https:\/\/e-ciftlik.com\/haberler\/wp-json\/wp\/v2\/posts\/83091\/revisions"}],"wp:featuredmedia":[{"embeddable":true,"href":"https:\/\/e-ciftlik.com\/haberler\/wp-json\/wp\/v2\/media\/81166"}],"wp:attachment":[{"href":"https:\/\/e-ciftlik.com\/haberler\/wp-json\/wp\/v2\/media?parent=83091"}],"wp:term":[{"taxonomy":"category","embeddable":true,"href":"https:\/\/e-ciftlik.com\/haberler\/wp-json\/wp\/v2\/categories?post=83091"},{"taxonomy":"post_tag","embeddable":true,"href":"https:\/\/e-ciftlik.com\/haberler\/wp-json\/wp\/v2\/tags?post=83091"}],"curies":[{"name":"wp","href":"https:\/\/api.w.org\/{rel}","templated":true}]}}