{"id":83362,"date":"2025-02-22T22:34:24","date_gmt":"2025-02-22T22:34:24","guid":{"rendered":"http:\/\/e-ciftlik.com\/haberler\/spor\/teknik-direktorden-tartismali-penalti-karari\/"},"modified":"2025-02-22T22:34:24","modified_gmt":"2025-02-22T22:34:24","slug":"teknik-direktorden-tartismali-penalti-karari","status":"publish","type":"post","link":"https:\/\/e-ciftlik.com\/haberler\/spor\/teknik-direktorden-tartismali-penalti-karari\/","title":{"rendered":"Teknik Direkt\u00f6rden Tart\u0131\u015fmal\u0131 Penalt\u0131 Karar\u0131"},"content":{"rendered":"<p>Udinese Teknik Direkt\u00f6r\u00fc ya\u015fanan olay hakk\u0131nda \u015funlar\u0131 s\u00f6yledi:<\/p>\n<p>&#8220;Thauvin penalt\u0131c\u0131m\u0131zd\u0131. Ancak sahada gere\u011finden uzun s\u00fcren bir tart\u0131\u015fma g\u00f6rd\u00fcm ve Lucca kendi ba\u015f\u0131na bir karar ald\u0131. Bu y\u00fczden onu oyundan \u00e7\u0131karmay\u0131 tercih ettim. Muhte\u015fem bir penalt\u0131 att\u0131 ve hepimiz mutluyuz. \u00d6nemli olan da bu. Bu, iki oyuncunun bir penalt\u0131 i\u00e7in tart\u0131\u015ft\u0131\u011f\u0131 ilk olay de\u011fil. Benim bak\u0131\u015f a\u00e7\u0131m, bu t\u00fcr durumlar\u0131n i\u00e7eride \u00e7\u00f6z\u00fclmesi gerekti\u011fi y\u00f6n\u00fcnde. Hafta i\u00e7inde bunu konu\u015facak vaktimiz olacak. O an bir karar verdim. Kurallara uymayanlar\u0131 sevmem, olay\u0131n arkas\u0131nda b\u00fcy\u00fck bir hikaye yok.&#8221;<\/p>\n<p>Udinese, Lucca&#8217;n\u0131n att\u0131\u011f\u0131 golle sahadan 1-0 galip ayr\u0131ld\u0131.<\/p>\n","protected":false},"excerpt":{"rendered":"<p>Udinese Teknik Direkt\u00f6r\u00fc ya\u015fanan olay hakk\u0131nda \u015funlar\u0131 s\u00f6yledi: &#8220;Thauvin penalt\u0131c\u0131m\u0131zd\u0131. Ancak sahada gere\u011finden uzun s\u00fcren&hellip;<\/p>\n","protected":false},"author":1,"featured_media":83363,"comment_status":"open","ping_status":"open","sticky":false,"template":"","format":"standard","meta":{"footnotes":""},"categories":[7],"tags":[],"class_list":["post-83362","post","type-post","status-publish","format-standard","has-post-thumbnail","hentry","category-spor"],"yoast_head":"<!-- This site is optimized with the Yoast SEO Premium plugin v24.3 (Yoast SEO v27.4) - https:\/\/yoast.com\/product\/yoast-seo-premium-wordpress\/ -->\n<title>Teknik Direkt\u00f6rden Tart\u0131\u015fmal\u0131 Penalt\u0131 Karar\u0131 - E-&Ccedil;\u0130FTL\u0130K HABER<\/title>\n<meta name=\"description\" content=\"Udinese Teknik Direkt\u00f6r\u00fc ya\u015fanan olay hakk\u0131nda \u015funlar\u0131 s\u00f6yledi: &quot;Thauvin penalt\u0131c\u0131m\u0131zd\u0131. Ancak sahada gere\u011finden uzun s\u00fcren bir tart\u0131\u015fma g\u00f6rd\u00fcm ve Lucca\" \/>\n<meta name=\"robots\" content=\"index, follow, max-snippet:-1, max-image-preview:large, max-video-preview:-1\" \/>\n<link rel=\"canonical\" href=\"https:\/\/e-ciftlik.com\/haberler\/spor\/teknik-direktorden-tartismali-penalti-karari\/\" \/>\n<meta property=\"og:locale\" content=\"tr_TR\" \/>\n<meta property=\"og:type\" content=\"article\" \/>\n<meta property=\"og:title\" content=\"Teknik Direkt\u00f6rden Tart\u0131\u015fmal\u0131 Penalt\u0131 Karar\u0131\" \/>\n<meta property=\"og:description\" content=\"Udinese Teknik Direkt\u00f6r\u00fc ya\u015fanan olay hakk\u0131nda \u015funlar\u0131 s\u00f6yledi: &quot;Thauvin penalt\u0131c\u0131m\u0131zd\u0131. Ancak sahada gere\u011finden uzun s\u00fcren bir tart\u0131\u015fma g\u00f6rd\u00fcm ve Lucca\" \/>\n<meta property=\"og:url\" content=\"https:\/\/e-ciftlik.com\/haberler\/spor\/teknik-direktorden-tartismali-penalti-karari\/\" \/>\n<meta property=\"og:site_name\" content=\"E-&Ccedil;\u0130FTL\u0130K HABER\" \/>\n<meta property=\"article:publisher\" content=\"https:\/\/www.facebook.com\/eciftlikturkiye\" \/>\n<meta property=\"article:published_time\" content=\"2025-02-22T22:34:24+00:00\" \/>\n<meta property=\"og:image\" content=\"https:\/\/e-ciftlik.com\/haberler\/wp-content\/uploads\/2025\/02\/j2Hci1Eh_E6axbEzkDGZEg.jpg\" \/>\n\t<meta property=\"og:image:width\" content=\"1080\" \/>\n\t<meta property=\"og:image:height\" content=\"612\" \/>\n\t<meta property=\"og:image:type\" content=\"image\/jpeg\" \/>\n<meta name=\"author\" content=\"Haber Merkezi\" \/>\n<meta name=\"twitter:card\" content=\"summary_large_image\" \/>\n<meta name=\"twitter:creator\" content=\"@eciftlikresmi\" \/>\n<meta name=\"twitter:site\" content=\"@eciftlikresmi\" \/>\n<meta name=\"twitter:label1\" content=\"Yazan:\" \/>\n\t<meta name=\"twitter:data1\" content=\"Haber Merkezi\" \/>\n\t<meta name=\"twitter:label2\" content=\"Tahmini okuma s\u00fcresi\" \/>\n\t<meta name=\"twitter:data2\" content=\"1 dakika\" \/>\n<script type=\"application\/ld+json\" class=\"yoast-schema-graph\">{\"@context\":\"https:\\\/\\\/schema.org\",\"@graph\":[{\"@type\":\"NewsArticle\",\"@id\":\"https:\\\/\\\/e-ciftlik.com\\\/haberler\\\/spor\\\/teknik-direktorden-tartismali-penalti-karari\\\/#article\",\"isPartOf\":{\"@id\":\"https:\\\/\\\/e-ciftlik.com\\\/haberler\\\/spor\\\/teknik-direktorden-tartismali-penalti-karari\\\/\"},\"author\":{\"name\":\"Haber Merkezi\",\"@id\":\"https:\\\/\\\/e-ciftlik.com\\\/haberler\\\/#\\\/schema\\\/person\\\/d2f4fee3143d7f72be82cb887d51b00a\"},\"headline\":\"Teknik Direkt\u00f6rden Tart\u0131\u015fmal\u0131 Penalt\u0131 Karar\u0131\",\"datePublished\":\"2025-02-22T22:34:24+00:00\",\"mainEntityOfPage\":{\"@id\":\"https:\\\/\\\/e-ciftlik.com\\\/haberler\\\/spor\\\/teknik-direktorden-tartismali-penalti-karari\\\/\"},\"wordCount\":133,\"commentCount\":0,\"publisher\":{\"@id\":\"https:\\\/\\\/e-ciftlik.com\\\/haberler\\\/#organization\"},\"image\":{\"@id\":\"https:\\\/\\\/e-ciftlik.com\\\/haberler\\\/spor\\\/teknik-direktorden-tartismali-penalti-karari\\\/#primaryimage\"},\"thumbnailUrl\":\"https:\\\/\\\/e-ciftlik.com\\\/haberler\\\/wp-content\\\/uploads\\\/2025\\\/02\\\/j2Hci1Eh_E6axbEzkDGZEg.jpg\",\"articleSection\":[\"Spor\"],\"inLanguage\":\"tr\",\"potentialAction\":[{\"@type\":\"CommentAction\",\"name\":\"Comment\",\"target\":[\"https:\\\/\\\/e-ciftlik.com\\\/haberler\\\/spor\\\/teknik-direktorden-tartismali-penalti-karari\\\/#respond\"]}]},{\"@type\":\"WebPage\",\"@id\":\"https:\\\/\\\/e-ciftlik.com\\\/haberler\\\/spor\\\/teknik-direktorden-tartismali-penalti-karari\\\/\",\"url\":\"https:\\\/\\\/e-ciftlik.com\\\/haberler\\\/spor\\\/teknik-direktorden-tartismali-penalti-karari\\\/\",\"name\":\"Teknik Direkt\u00f6rden Tart\u0131\u015fmal\u0131 Penalt\u0131 Karar\u0131 - E-&Ccedil;\u0130FTL\u0130K HABER\",\"isPartOf\":{\"@id\":\"https:\\\/\\\/e-ciftlik.com\\\/haberler\\\/#website\"},\"primaryImageOfPage\":{\"@id\":\"https:\\\/\\\/e-ciftlik.com\\\/haberler\\\/spor\\\/teknik-direktorden-tartismali-penalti-karari\\\/#primaryimage\"},\"image\":{\"@id\":\"https:\\\/\\\/e-ciftlik.com\\\/haberler\\\/spor\\\/teknik-direktorden-tartismali-penalti-karari\\\/#primaryimage\"},\"thumbnailUrl\":\"https:\\\/\\\/e-ciftlik.com\\\/haberler\\\/wp-content\\\/uploads\\\/2025\\\/02\\\/j2Hci1Eh_E6axbEzkDGZEg.jpg\",\"datePublished\":\"2025-02-22T22:34:24+00:00\",\"description\":\"Udinese Teknik Direkt\u00f6r\u00fc ya\u015fanan olay hakk\u0131nda \u015funlar\u0131 s\u00f6yledi: \\\"Thauvin penalt\u0131c\u0131m\u0131zd\u0131. Ancak sahada gere\u011finden uzun s\u00fcren bir tart\u0131\u015fma g\u00f6rd\u00fcm ve Lucca\",\"breadcrumb\":{\"@id\":\"https:\\\/\\\/e-ciftlik.com\\\/haberler\\\/spor\\\/teknik-direktorden-tartismali-penalti-karari\\\/#breadcrumb\"},\"inLanguage\":\"tr\",\"potentialAction\":[{\"@type\":\"ReadAction\",\"target\":[\"https:\\\/\\\/e-ciftlik.com\\\/haberler\\\/spor\\\/teknik-direktorden-tartismali-penalti-karari\\\/\"]}]},{\"@type\":\"ImageObject\",\"inLanguage\":\"tr\",\"@id\":\"https:\\\/\\\/e-ciftlik.com\\\/haberler\\\/spor\\\/teknik-direktorden-tartismali-penalti-karari\\\/#primaryimage\",\"url\":\"https:\\\/\\\/e-ciftlik.com\\\/haberler\\\/wp-content\\\/uploads\\\/2025\\\/02\\\/j2Hci1Eh_E6axbEzkDGZEg.jpg\",\"contentUrl\":\"https:\\\/\\\/e-ciftlik.com\\\/haberler\\\/wp-content\\\/uploads\\\/2025\\\/02\\\/j2Hci1Eh_E6axbEzkDGZEg.jpg\",\"width\":1080,\"height\":612},{\"@type\":\"BreadcrumbList\",\"@id\":\"https:\\\/\\\/e-ciftlik.com\\\/haberler\\\/spor\\\/teknik-direktorden-tartismali-penalti-karari\\\/#breadcrumb\",\"itemListElement\":[{\"@type\":\"ListItem\",\"position\":1,\"name\":\"Anasayfa\",\"item\":\"https:\\\/\\\/e-ciftlik.com\\\/haberler\\\/\"},{\"@type\":\"ListItem\",\"position\":2,\"name\":\"Teknik Direkt\u00f6rden Tart\u0131\u015fmal\u0131 Penalt\u0131 Karar\u0131\"}]},{\"@type\":\"WebSite\",\"@id\":\"https:\\\/\\\/e-ciftlik.com\\\/haberler\\\/#website\",\"url\":\"https:\\\/\\\/e-ciftlik.com\\\/haberler\\\/\",\"name\":\"E-\u00c7iftlik Haber | G\u00fcncel, Son Dakika Haberler, En Son Haber\",\"description\":\"\",\"publisher\":{\"@id\":\"https:\\\/\\\/e-ciftlik.com\\\/haberler\\\/#organization\"},\"potentialAction\":[{\"@type\":\"SearchAction\",\"target\":{\"@type\":\"EntryPoint\",\"urlTemplate\":\"https:\\\/\\\/e-ciftlik.com\\\/haberler\\\/?s={search_term_string}\"},\"query-input\":{\"@type\":\"PropertyValueSpecification\",\"valueRequired\":true,\"valueName\":\"search_term_string\"}}],\"inLanguage\":\"tr\"},{\"@type\":\"Organization\",\"@id\":\"https:\\\/\\\/e-ciftlik.com\\\/haberler\\\/#organization\",\"name\":\"E-\u00c7\u0130FTL\u0130K HABER\",\"url\":\"https:\\\/\\\/e-ciftlik.com\\\/haberler\\\/\",\"logo\":{\"@type\":\"ImageObject\",\"inLanguage\":\"tr\",\"@id\":\"https:\\\/\\\/e-ciftlik.com\\\/haberler\\\/#\\\/schema\\\/logo\\\/image\\\/\",\"url\":\"https:\\\/\\\/e-ciftlik.com\\\/haberler\\\/wp-content\\\/uploads\\\/2024\\\/06\\\/cropped-cropped-favicon-1-2.png\",\"contentUrl\":\"https:\\\/\\\/e-ciftlik.com\\\/haberler\\\/wp-content\\\/uploads\\\/2024\\\/06\\\/cropped-cropped-favicon-1-2.png\",\"width\":512,\"height\":512,\"caption\":\"E-\u00c7\u0130FTL\u0130K HABER\"},\"image\":{\"@id\":\"https:\\\/\\\/e-ciftlik.com\\\/haberler\\\/#\\\/schema\\\/logo\\\/image\\\/\"},\"sameAs\":[\"https:\\\/\\\/www.facebook.com\\\/eciftlikturkiye\",\"https:\\\/\\\/x.com\\\/eciftlikresmi\",\"https:\\\/\\\/www.instagram.com\\\/eciftlikresmi\\\/\"]},{\"@type\":\"Person\",\"@id\":\"https:\\\/\\\/e-ciftlik.com\\\/haberler\\\/#\\\/schema\\\/person\\\/d2f4fee3143d7f72be82cb887d51b00a\",\"name\":\"Haber Merkezi\",\"image\":{\"@type\":\"ImageObject\",\"inLanguage\":\"tr\",\"@id\":\"https:\\\/\\\/secure.gravatar.com\\\/avatar\\\/6c27d641914e66c1d0452c92716002398782818991d86db1c2cccb531e7c7c82?s=96&d=mm&r=g\",\"url\":\"https:\\\/\\\/secure.gravatar.com\\\/avatar\\\/6c27d641914e66c1d0452c92716002398782818991d86db1c2cccb531e7c7c82?s=96&d=mm&r=g\",\"contentUrl\":\"https:\\\/\\\/secure.gravatar.com\\\/avatar\\\/6c27d641914e66c1d0452c92716002398782818991d86db1c2cccb531e7c7c82?s=96&d=mm&r=g\",\"caption\":\"Haber Merkezi\"},\"sameAs\":[\"http:\\\/\\\/e-ciftlik.com\\\/haberler\"]}]}<\/script>\n<!-- \/ Yoast SEO Premium plugin. -->","yoast_head_json":{"title":"Teknik Direkt\u00f6rden Tart\u0131\u015fmal\u0131 Penalt\u0131 Karar\u0131 - E-&Ccedil;\u0130FTL\u0130K HABER","description":"Udinese Teknik Direkt\u00f6r\u00fc ya\u015fanan olay hakk\u0131nda \u015funlar\u0131 s\u00f6yledi: \"Thauvin penalt\u0131c\u0131m\u0131zd\u0131. Ancak sahada gere\u011finden uzun s\u00fcren bir tart\u0131\u015fma g\u00f6rd\u00fcm ve Lucca","robots":{"index":"index","follow":"follow","max-snippet":"max-snippet:-1","max-image-preview":"max-image-preview:large","max-video-preview":"max-video-preview:-1"},"canonical":"https:\/\/e-ciftlik.com\/haberler\/spor\/teknik-direktorden-tartismali-penalti-karari\/","og_locale":"tr_TR","og_type":"article","og_title":"Teknik Direkt\u00f6rden Tart\u0131\u015fmal\u0131 Penalt\u0131 Karar\u0131","og_description":"Udinese Teknik Direkt\u00f6r\u00fc ya\u015fanan olay hakk\u0131nda \u015funlar\u0131 s\u00f6yledi: \"Thauvin penalt\u0131c\u0131m\u0131zd\u0131. Ancak sahada gere\u011finden uzun s\u00fcren bir tart\u0131\u015fma g\u00f6rd\u00fcm ve Lucca","og_url":"https:\/\/e-ciftlik.com\/haberler\/spor\/teknik-direktorden-tartismali-penalti-karari\/","og_site_name":"E-&Ccedil;\u0130FTL\u0130K HABER","article_publisher":"https:\/\/www.facebook.com\/eciftlikturkiye","article_published_time":"2025-02-22T22:34:24+00:00","og_image":[{"width":1080,"height":612,"url":"https:\/\/e-ciftlik.com\/haberler\/wp-content\/uploads\/2025\/02\/j2Hci1Eh_E6axbEzkDGZEg.jpg","type":"image\/jpeg"}],"author":"Haber Merkezi","twitter_card":"summary_large_image","twitter_creator":"@eciftlikresmi","twitter_site":"@eciftlikresmi","twitter_misc":{"Yazan:":"Haber Merkezi","Tahmini okuma s\u00fcresi":"1 dakika"},"schema":{"@context":"https:\/\/schema.org","@graph":[{"@type":"NewsArticle","@id":"https:\/\/e-ciftlik.com\/haberler\/spor\/teknik-direktorden-tartismali-penalti-karari\/#article","isPartOf":{"@id":"https:\/\/e-ciftlik.com\/haberler\/spor\/teknik-direktorden-tartismali-penalti-karari\/"},"author":{"name":"Haber Merkezi","@id":"https:\/\/e-ciftlik.com\/haberler\/#\/schema\/person\/d2f4fee3143d7f72be82cb887d51b00a"},"headline":"Teknik Direkt\u00f6rden Tart\u0131\u015fmal\u0131 Penalt\u0131 Karar\u0131","datePublished":"2025-02-22T22:34:24+00:00","mainEntityOfPage":{"@id":"https:\/\/e-ciftlik.com\/haberler\/spor\/teknik-direktorden-tartismali-penalti-karari\/"},"wordCount":133,"commentCount":0,"publisher":{"@id":"https:\/\/e-ciftlik.com\/haberler\/#organization"},"image":{"@id":"https:\/\/e-ciftlik.com\/haberler\/spor\/teknik-direktorden-tartismali-penalti-karari\/#primaryimage"},"thumbnailUrl":"https:\/\/e-ciftlik.com\/haberler\/wp-content\/uploads\/2025\/02\/j2Hci1Eh_E6axbEzkDGZEg.jpg","articleSection":["Spor"],"inLanguage":"tr","potentialAction":[{"@type":"CommentAction","name":"Comment","target":["https:\/\/e-ciftlik.com\/haberler\/spor\/teknik-direktorden-tartismali-penalti-karari\/#respond"]}]},{"@type":"WebPage","@id":"https:\/\/e-ciftlik.com\/haberler\/spor\/teknik-direktorden-tartismali-penalti-karari\/","url":"https:\/\/e-ciftlik.com\/haberler\/spor\/teknik-direktorden-tartismali-penalti-karari\/","name":"Teknik Direkt\u00f6rden Tart\u0131\u015fmal\u0131 Penalt\u0131 Karar\u0131 - E-&Ccedil;\u0130FTL\u0130K HABER","isPartOf":{"@id":"https:\/\/e-ciftlik.com\/haberler\/#website"},"primaryImageOfPage":{"@id":"https:\/\/e-ciftlik.com\/haberler\/spor\/teknik-direktorden-tartismali-penalti-karari\/#primaryimage"},"image":{"@id":"https:\/\/e-ciftlik.com\/haberler\/spor\/teknik-direktorden-tartismali-penalti-karari\/#primaryimage"},"thumbnailUrl":"https:\/\/e-ciftlik.com\/haberler\/wp-content\/uploads\/2025\/02\/j2Hci1Eh_E6axbEzkDGZEg.jpg","datePublished":"2025-02-22T22:34:24+00:00","description":"Udinese Teknik Direkt\u00f6r\u00fc ya\u015fanan olay hakk\u0131nda \u015funlar\u0131 s\u00f6yledi: \"Thauvin penalt\u0131c\u0131m\u0131zd\u0131. Ancak sahada gere\u011finden uzun s\u00fcren bir tart\u0131\u015fma g\u00f6rd\u00fcm ve Lucca","breadcrumb":{"@id":"https:\/\/e-ciftlik.com\/haberler\/spor\/teknik-direktorden-tartismali-penalti-karari\/#breadcrumb"},"inLanguage":"tr","potentialAction":[{"@type":"ReadAction","target":["https:\/\/e-ciftlik.com\/haberler\/spor\/teknik-direktorden-tartismali-penalti-karari\/"]}]},{"@type":"ImageObject","inLanguage":"tr","@id":"https:\/\/e-ciftlik.com\/haberler\/spor\/teknik-direktorden-tartismali-penalti-karari\/#primaryimage","url":"https:\/\/e-ciftlik.com\/haberler\/wp-content\/uploads\/2025\/02\/j2Hci1Eh_E6axbEzkDGZEg.jpg","contentUrl":"https:\/\/e-ciftlik.com\/haberler\/wp-content\/uploads\/2025\/02\/j2Hci1Eh_E6axbEzkDGZEg.jpg","width":1080,"height":612},{"@type":"BreadcrumbList","@id":"https:\/\/e-ciftlik.com\/haberler\/spor\/teknik-direktorden-tartismali-penalti-karari\/#breadcrumb","itemListElement":[{"@type":"ListItem","position":1,"name":"Anasayfa","item":"https:\/\/e-ciftlik.com\/haberler\/"},{"@type":"ListItem","position":2,"name":"Teknik Direkt\u00f6rden Tart\u0131\u015fmal\u0131 Penalt\u0131 Karar\u0131"}]},{"@type":"WebSite","@id":"https:\/\/e-ciftlik.com\/haberler\/#website","url":"https:\/\/e-ciftlik.com\/haberler\/","name":"E-\u00c7iftlik Haber | G\u00fcncel, Son Dakika Haberler, En Son Haber","description":"","publisher":{"@id":"https:\/\/e-ciftlik.com\/haberler\/#organization"},"potentialAction":[{"@type":"SearchAction","target":{"@type":"EntryPoint","urlTemplate":"https:\/\/e-ciftlik.com\/haberler\/?s={search_term_string}"},"query-input":{"@type":"PropertyValueSpecification","valueRequired":true,"valueName":"search_term_string"}}],"inLanguage":"tr"},{"@type":"Organization","@id":"https:\/\/e-ciftlik.com\/haberler\/#organization","name":"E-\u00c7\u0130FTL\u0130K HABER","url":"https:\/\/e-ciftlik.com\/haberler\/","logo":{"@type":"ImageObject","inLanguage":"tr","@id":"https:\/\/e-ciftlik.com\/haberler\/#\/schema\/logo\/image\/","url":"https:\/\/e-ciftlik.com\/haberler\/wp-content\/uploads\/2024\/06\/cropped-cropped-favicon-1-2.png","contentUrl":"https:\/\/e-ciftlik.com\/haberler\/wp-content\/uploads\/2024\/06\/cropped-cropped-favicon-1-2.png","width":512,"height":512,"caption":"E-\u00c7\u0130FTL\u0130K HABER"},"image":{"@id":"https:\/\/e-ciftlik.com\/haberler\/#\/schema\/logo\/image\/"},"sameAs":["https:\/\/www.facebook.com\/eciftlikturkiye","https:\/\/x.com\/eciftlikresmi","https:\/\/www.instagram.com\/eciftlikresmi\/"]},{"@type":"Person","@id":"https:\/\/e-ciftlik.com\/haberler\/#\/schema\/person\/d2f4fee3143d7f72be82cb887d51b00a","name":"Haber Merkezi","image":{"@type":"ImageObject","inLanguage":"tr","@id":"https:\/\/secure.gravatar.com\/avatar\/6c27d641914e66c1d0452c92716002398782818991d86db1c2cccb531e7c7c82?s=96&d=mm&r=g","url":"https:\/\/secure.gravatar.com\/avatar\/6c27d641914e66c1d0452c92716002398782818991d86db1c2cccb531e7c7c82?s=96&d=mm&r=g","contentUrl":"https:\/\/secure.gravatar.com\/avatar\/6c27d641914e66c1d0452c92716002398782818991d86db1c2cccb531e7c7c82?s=96&d=mm&r=g","caption":"Haber Merkezi"},"sameAs":["http:\/\/e-ciftlik.com\/haberler"]}]}},"_links":{"self":[{"href":"https:\/\/e-ciftlik.com\/haberler\/wp-json\/wp\/v2\/posts\/83362","targetHints":{"allow":["GET"]}}],"collection":[{"href":"https:\/\/e-ciftlik.com\/haberler\/wp-json\/wp\/v2\/posts"}],"about":[{"href":"https:\/\/e-ciftlik.com\/haberler\/wp-json\/wp\/v2\/types\/post"}],"author":[{"embeddable":true,"href":"https:\/\/e-ciftlik.com\/haberler\/wp-json\/wp\/v2\/users\/1"}],"replies":[{"embeddable":true,"href":"https:\/\/e-ciftlik.com\/haberler\/wp-json\/wp\/v2\/comments?post=83362"}],"version-history":[{"count":0,"href":"https:\/\/e-ciftlik.com\/haberler\/wp-json\/wp\/v2\/posts\/83362\/revisions"}],"wp:featuredmedia":[{"embeddable":true,"href":"https:\/\/e-ciftlik.com\/haberler\/wp-json\/wp\/v2\/media\/83363"}],"wp:attachment":[{"href":"https:\/\/e-ciftlik.com\/haberler\/wp-json\/wp\/v2\/media?parent=83362"}],"wp:term":[{"taxonomy":"category","embeddable":true,"href":"https:\/\/e-ciftlik.com\/haberler\/wp-json\/wp\/v2\/categories?post=83362"},{"taxonomy":"post_tag","embeddable":true,"href":"https:\/\/e-ciftlik.com\/haberler\/wp-json\/wp\/v2\/tags?post=83362"}],"curies":[{"name":"wp","href":"https:\/\/api.w.org\/{rel}","templated":true}]}}