{"id":83368,"date":"2025-02-22T23:32:16","date_gmt":"2025-02-22T23:32:16","guid":{"rendered":"http:\/\/e-ciftlik.com\/haberler\/spor\/messinin-ilk-maci-tartisma-yaratti\/"},"modified":"2025-02-22T23:32:16","modified_gmt":"2025-02-22T23:32:16","slug":"messinin-ilk-maci-tartisma-yaratti","status":"publish","type":"post","link":"https:\/\/e-ciftlik.com\/haberler\/spor\/messinin-ilk-maci-tartisma-yaratti\/","title":{"rendered":"Messi&#8217;nin \u0130lk Ma\u00e7\u0131 Tart\u0131\u015fma Yaratt\u0131!"},"content":{"rendered":"<p>CONCACAF \u015eampiyonlar Ligi&#8217;nde Kansas City ile Inter Miami aras\u0131nda ger\u00e7ekle\u015fen m\u00fccadelede, Miami formas\u0131 giyen \u00fcnl\u00fc futbolcu Lionel Messi sezonun ilk resmi ma\u00e7\u0131na \u00e7\u0131kt\u0131. Ma\u00e7 sonras\u0131nda hakem Marco Ortiz, Arjantinli s\u00fcperstar Messi&#8217;den imza isteyince Kuzey ve Orta Amerika ile Karayipler Futbol Konfederasyonu (CONCACAF) devreye girdi.<\/p>\n<p>Sporting Kansas City kul\u00fcb\u00fc, ESPN&#8217;in haberine g\u00f6re, hakeme kar\u015f\u0131 \u015fikayette bulundu. Durumun incelenmesi ve gerekli ad\u0131mlar\u0131n at\u0131lmas\u0131 i\u00e7in CONCACAF ve MLS&#8217;e ba\u015fvuruda bulundular. Hakem hatas\u0131n\u0131 kabul etti, \u00f6z\u00fcr diledi ve disiplin cezalar\u0131n\u0131 kabul etti.<\/p>\n<p>Kul\u00fcp yetkilileri, \u201c\u00c7ar\u015famba g\u00fcn\u00fc Inter Miami ile oynanan ma\u00e7\u0131n ard\u0131ndan ya\u015fanan olayla ilgili olarak Concacaf ve Major League Soccer\u2019a bilgi verdik. Konunun detayl\u0131 bir \u015fekilde incelenmesini ve Concacaf\u2019\u0131n bu do\u011frultuda alaca\u011f\u0131 kararlar\u0131 bekliyoruz\u201d a\u00e7\u0131klamas\u0131n\u0131 yapt\u0131lar. \u015eu an i\u00e7in Concacaf, Marco Antonio Ortiz&#8217;e uygulanan disiplin cezas\u0131n\u0131n detaylar\u0131n\u0131 a\u00e7\u0131klamam\u0131\u015f durumda.<\/p>\n<p>Inter Miami, Sporting Kansas City kar\u015f\u0131s\u0131nda oynanan ilk ma\u00e7ta 1-0 galip gelerek avantaj elde etti. R\u00f6van\u015f m\u00fccadelesi 25 \u015eubat \u00c7ar\u015famba g\u00fcn\u00fc Chase Stadyumu&#8217;nda ger\u00e7ekle\u015fecek ve galip gelen tak\u0131m, CONCACAF \u015eampiyonlar Ligi&#8217;nde son 16 turuna y\u00fckselerek Jamaika temsilcisi Cavalier ile kar\u015f\u0131la\u015facak.<\/p>\n","protected":false},"excerpt":{"rendered":"<p>CONCACAF \u015eampiyonlar Ligi&#8217;nde Kansas City ile Inter Miami aras\u0131nda ger\u00e7ekle\u015fen m\u00fccadelede, Miami formas\u0131 giyen \u00fcnl\u00fc&hellip;<\/p>\n","protected":false},"author":1,"featured_media":83369,"comment_status":"open","ping_status":"open","sticky":false,"template":"","format":"standard","meta":{"footnotes":""},"categories":[7],"tags":[],"class_list":["post-83368","post","type-post","status-publish","format-standard","has-post-thumbnail","hentry","category-spor"],"yoast_head":"<!-- This site is optimized with the Yoast SEO Premium plugin v24.3 (Yoast SEO v27.4) - https:\/\/yoast.com\/product\/yoast-seo-premium-wordpress\/ -->\n<title>Messi&#039;nin \u0130lk Ma\u00e7\u0131 Tart\u0131\u015fma Yaratt\u0131! - E-&Ccedil;\u0130FTL\u0130K HABER<\/title>\n<meta name=\"description\" content=\"CONCACAF \u015eampiyonlar Ligi&#039;nde Kansas City ile Inter Miami aras\u0131nda ger\u00e7ekle\u015fen m\u00fccadelede, Miami formas\u0131 giyen \u00fcnl\u00fc futbolcu Lionel Messi sezonun ilk\" \/>\n<meta name=\"robots\" content=\"index, follow, max-snippet:-1, max-image-preview:large, max-video-preview:-1\" \/>\n<link rel=\"canonical\" href=\"https:\/\/e-ciftlik.com\/haberler\/spor\/messinin-ilk-maci-tartisma-yaratti\/\" \/>\n<meta property=\"og:locale\" content=\"tr_TR\" \/>\n<meta property=\"og:type\" content=\"article\" \/>\n<meta property=\"og:title\" content=\"Messi&#039;nin \u0130lk Ma\u00e7\u0131 Tart\u0131\u015fma Yaratt\u0131!\" \/>\n<meta property=\"og:description\" content=\"CONCACAF \u015eampiyonlar Ligi&#039;nde Kansas City ile Inter Miami aras\u0131nda ger\u00e7ekle\u015fen m\u00fccadelede, Miami formas\u0131 giyen \u00fcnl\u00fc futbolcu Lionel Messi sezonun ilk\" \/>\n<meta property=\"og:url\" content=\"https:\/\/e-ciftlik.com\/haberler\/spor\/messinin-ilk-maci-tartisma-yaratti\/\" \/>\n<meta property=\"og:site_name\" content=\"E-&Ccedil;\u0130FTL\u0130K HABER\" \/>\n<meta property=\"article:publisher\" content=\"https:\/\/www.facebook.com\/eciftlikturkiye\" \/>\n<meta property=\"article:published_time\" content=\"2025-02-22T23:32:16+00:00\" \/>\n<meta property=\"og:image\" content=\"https:\/\/e-ciftlik.com\/haberler\/wp-content\/uploads\/2025\/02\/UpdDivKPaU2Bn2EY9Ir1WA.jpg\" \/>\n\t<meta property=\"og:image:width\" content=\"1080\" \/>\n\t<meta property=\"og:image:height\" content=\"613\" \/>\n\t<meta property=\"og:image:type\" content=\"image\/jpeg\" \/>\n<meta name=\"author\" content=\"Haber Merkezi\" \/>\n<meta name=\"twitter:card\" content=\"summary_large_image\" \/>\n<meta name=\"twitter:creator\" content=\"@eciftlikresmi\" \/>\n<meta name=\"twitter:site\" content=\"@eciftlikresmi\" \/>\n<meta name=\"twitter:label1\" content=\"Yazan:\" \/>\n\t<meta name=\"twitter:data1\" content=\"Haber Merkezi\" \/>\n\t<meta name=\"twitter:label2\" content=\"Tahmini okuma s\u00fcresi\" \/>\n\t<meta name=\"twitter:data2\" content=\"1 dakika\" \/>\n<script type=\"application\/ld+json\" class=\"yoast-schema-graph\">{\"@context\":\"https:\\\/\\\/schema.org\",\"@graph\":[{\"@type\":\"NewsArticle\",\"@id\":\"https:\\\/\\\/e-ciftlik.com\\\/haberler\\\/spor\\\/messinin-ilk-maci-tartisma-yaratti\\\/#article\",\"isPartOf\":{\"@id\":\"https:\\\/\\\/e-ciftlik.com\\\/haberler\\\/spor\\\/messinin-ilk-maci-tartisma-yaratti\\\/\"},\"author\":{\"name\":\"Haber Merkezi\",\"@id\":\"https:\\\/\\\/e-ciftlik.com\\\/haberler\\\/#\\\/schema\\\/person\\\/d2f4fee3143d7f72be82cb887d51b00a\"},\"headline\":\"Messi&#8217;nin \u0130lk Ma\u00e7\u0131 Tart\u0131\u015fma Yaratt\u0131!\",\"datePublished\":\"2025-02-22T23:32:16+00:00\",\"mainEntityOfPage\":{\"@id\":\"https:\\\/\\\/e-ciftlik.com\\\/haberler\\\/spor\\\/messinin-ilk-maci-tartisma-yaratti\\\/\"},\"wordCount\":225,\"commentCount\":0,\"publisher\":{\"@id\":\"https:\\\/\\\/e-ciftlik.com\\\/haberler\\\/#organization\"},\"image\":{\"@id\":\"https:\\\/\\\/e-ciftlik.com\\\/haberler\\\/spor\\\/messinin-ilk-maci-tartisma-yaratti\\\/#primaryimage\"},\"thumbnailUrl\":\"https:\\\/\\\/e-ciftlik.com\\\/haberler\\\/wp-content\\\/uploads\\\/2025\\\/02\\\/UpdDivKPaU2Bn2EY9Ir1WA.jpg\",\"articleSection\":[\"Spor\"],\"inLanguage\":\"tr\",\"potentialAction\":[{\"@type\":\"CommentAction\",\"name\":\"Comment\",\"target\":[\"https:\\\/\\\/e-ciftlik.com\\\/haberler\\\/spor\\\/messinin-ilk-maci-tartisma-yaratti\\\/#respond\"]}]},{\"@type\":\"WebPage\",\"@id\":\"https:\\\/\\\/e-ciftlik.com\\\/haberler\\\/spor\\\/messinin-ilk-maci-tartisma-yaratti\\\/\",\"url\":\"https:\\\/\\\/e-ciftlik.com\\\/haberler\\\/spor\\\/messinin-ilk-maci-tartisma-yaratti\\\/\",\"name\":\"Messi'nin \u0130lk Ma\u00e7\u0131 Tart\u0131\u015fma Yaratt\u0131! - E-&Ccedil;\u0130FTL\u0130K HABER\",\"isPartOf\":{\"@id\":\"https:\\\/\\\/e-ciftlik.com\\\/haberler\\\/#website\"},\"primaryImageOfPage\":{\"@id\":\"https:\\\/\\\/e-ciftlik.com\\\/haberler\\\/spor\\\/messinin-ilk-maci-tartisma-yaratti\\\/#primaryimage\"},\"image\":{\"@id\":\"https:\\\/\\\/e-ciftlik.com\\\/haberler\\\/spor\\\/messinin-ilk-maci-tartisma-yaratti\\\/#primaryimage\"},\"thumbnailUrl\":\"https:\\\/\\\/e-ciftlik.com\\\/haberler\\\/wp-content\\\/uploads\\\/2025\\\/02\\\/UpdDivKPaU2Bn2EY9Ir1WA.jpg\",\"datePublished\":\"2025-02-22T23:32:16+00:00\",\"description\":\"CONCACAF \u015eampiyonlar Ligi'nde Kansas City ile Inter Miami aras\u0131nda ger\u00e7ekle\u015fen m\u00fccadelede, Miami formas\u0131 giyen \u00fcnl\u00fc futbolcu Lionel Messi sezonun ilk\",\"breadcrumb\":{\"@id\":\"https:\\\/\\\/e-ciftlik.com\\\/haberler\\\/spor\\\/messinin-ilk-maci-tartisma-yaratti\\\/#breadcrumb\"},\"inLanguage\":\"tr\",\"potentialAction\":[{\"@type\":\"ReadAction\",\"target\":[\"https:\\\/\\\/e-ciftlik.com\\\/haberler\\\/spor\\\/messinin-ilk-maci-tartisma-yaratti\\\/\"]}]},{\"@type\":\"ImageObject\",\"inLanguage\":\"tr\",\"@id\":\"https:\\\/\\\/e-ciftlik.com\\\/haberler\\\/spor\\\/messinin-ilk-maci-tartisma-yaratti\\\/#primaryimage\",\"url\":\"https:\\\/\\\/e-ciftlik.com\\\/haberler\\\/wp-content\\\/uploads\\\/2025\\\/02\\\/UpdDivKPaU2Bn2EY9Ir1WA.jpg\",\"contentUrl\":\"https:\\\/\\\/e-ciftlik.com\\\/haberler\\\/wp-content\\\/uploads\\\/2025\\\/02\\\/UpdDivKPaU2Bn2EY9Ir1WA.jpg\",\"width\":1080,\"height\":613},{\"@type\":\"BreadcrumbList\",\"@id\":\"https:\\\/\\\/e-ciftlik.com\\\/haberler\\\/spor\\\/messinin-ilk-maci-tartisma-yaratti\\\/#breadcrumb\",\"itemListElement\":[{\"@type\":\"ListItem\",\"position\":1,\"name\":\"Anasayfa\",\"item\":\"https:\\\/\\\/e-ciftlik.com\\\/haberler\\\/\"},{\"@type\":\"ListItem\",\"position\":2,\"name\":\"Messi&#8217;nin \u0130lk Ma\u00e7\u0131 Tart\u0131\u015fma Yaratt\u0131!\"}]},{\"@type\":\"WebSite\",\"@id\":\"https:\\\/\\\/e-ciftlik.com\\\/haberler\\\/#website\",\"url\":\"https:\\\/\\\/e-ciftlik.com\\\/haberler\\\/\",\"name\":\"E-\u00c7iftlik Haber | G\u00fcncel, Son Dakika Haberler, En Son Haber\",\"description\":\"\",\"publisher\":{\"@id\":\"https:\\\/\\\/e-ciftlik.com\\\/haberler\\\/#organization\"},\"potentialAction\":[{\"@type\":\"SearchAction\",\"target\":{\"@type\":\"EntryPoint\",\"urlTemplate\":\"https:\\\/\\\/e-ciftlik.com\\\/haberler\\\/?s={search_term_string}\"},\"query-input\":{\"@type\":\"PropertyValueSpecification\",\"valueRequired\":true,\"valueName\":\"search_term_string\"}}],\"inLanguage\":\"tr\"},{\"@type\":\"Organization\",\"@id\":\"https:\\\/\\\/e-ciftlik.com\\\/haberler\\\/#organization\",\"name\":\"E-\u00c7\u0130FTL\u0130K HABER\",\"url\":\"https:\\\/\\\/e-ciftlik.com\\\/haberler\\\/\",\"logo\":{\"@type\":\"ImageObject\",\"inLanguage\":\"tr\",\"@id\":\"https:\\\/\\\/e-ciftlik.com\\\/haberler\\\/#\\\/schema\\\/logo\\\/image\\\/\",\"url\":\"https:\\\/\\\/e-ciftlik.com\\\/haberler\\\/wp-content\\\/uploads\\\/2024\\\/06\\\/cropped-cropped-favicon-1-2.png\",\"contentUrl\":\"https:\\\/\\\/e-ciftlik.com\\\/haberler\\\/wp-content\\\/uploads\\\/2024\\\/06\\\/cropped-cropped-favicon-1-2.png\",\"width\":512,\"height\":512,\"caption\":\"E-\u00c7\u0130FTL\u0130K HABER\"},\"image\":{\"@id\":\"https:\\\/\\\/e-ciftlik.com\\\/haberler\\\/#\\\/schema\\\/logo\\\/image\\\/\"},\"sameAs\":[\"https:\\\/\\\/www.facebook.com\\\/eciftlikturkiye\",\"https:\\\/\\\/x.com\\\/eciftlikresmi\",\"https:\\\/\\\/www.instagram.com\\\/eciftlikresmi\\\/\"]},{\"@type\":\"Person\",\"@id\":\"https:\\\/\\\/e-ciftlik.com\\\/haberler\\\/#\\\/schema\\\/person\\\/d2f4fee3143d7f72be82cb887d51b00a\",\"name\":\"Haber Merkezi\",\"image\":{\"@type\":\"ImageObject\",\"inLanguage\":\"tr\",\"@id\":\"https:\\\/\\\/secure.gravatar.com\\\/avatar\\\/6c27d641914e66c1d0452c92716002398782818991d86db1c2cccb531e7c7c82?s=96&d=mm&r=g\",\"url\":\"https:\\\/\\\/secure.gravatar.com\\\/avatar\\\/6c27d641914e66c1d0452c92716002398782818991d86db1c2cccb531e7c7c82?s=96&d=mm&r=g\",\"contentUrl\":\"https:\\\/\\\/secure.gravatar.com\\\/avatar\\\/6c27d641914e66c1d0452c92716002398782818991d86db1c2cccb531e7c7c82?s=96&d=mm&r=g\",\"caption\":\"Haber Merkezi\"},\"sameAs\":[\"http:\\\/\\\/e-ciftlik.com\\\/haberler\"]}]}<\/script>\n<!-- \/ Yoast SEO Premium plugin. -->","yoast_head_json":{"title":"Messi'nin \u0130lk Ma\u00e7\u0131 Tart\u0131\u015fma Yaratt\u0131! - E-&Ccedil;\u0130FTL\u0130K HABER","description":"CONCACAF \u015eampiyonlar Ligi'nde Kansas City ile Inter Miami aras\u0131nda ger\u00e7ekle\u015fen m\u00fccadelede, Miami formas\u0131 giyen \u00fcnl\u00fc futbolcu Lionel Messi sezonun ilk","robots":{"index":"index","follow":"follow","max-snippet":"max-snippet:-1","max-image-preview":"max-image-preview:large","max-video-preview":"max-video-preview:-1"},"canonical":"https:\/\/e-ciftlik.com\/haberler\/spor\/messinin-ilk-maci-tartisma-yaratti\/","og_locale":"tr_TR","og_type":"article","og_title":"Messi'nin \u0130lk Ma\u00e7\u0131 Tart\u0131\u015fma Yaratt\u0131!","og_description":"CONCACAF \u015eampiyonlar Ligi'nde Kansas City ile Inter Miami aras\u0131nda ger\u00e7ekle\u015fen m\u00fccadelede, Miami formas\u0131 giyen \u00fcnl\u00fc futbolcu Lionel Messi sezonun ilk","og_url":"https:\/\/e-ciftlik.com\/haberler\/spor\/messinin-ilk-maci-tartisma-yaratti\/","og_site_name":"E-&Ccedil;\u0130FTL\u0130K HABER","article_publisher":"https:\/\/www.facebook.com\/eciftlikturkiye","article_published_time":"2025-02-22T23:32:16+00:00","og_image":[{"width":1080,"height":613,"url":"https:\/\/e-ciftlik.com\/haberler\/wp-content\/uploads\/2025\/02\/UpdDivKPaU2Bn2EY9Ir1WA.jpg","type":"image\/jpeg"}],"author":"Haber Merkezi","twitter_card":"summary_large_image","twitter_creator":"@eciftlikresmi","twitter_site":"@eciftlikresmi","twitter_misc":{"Yazan:":"Haber Merkezi","Tahmini okuma s\u00fcresi":"1 dakika"},"schema":{"@context":"https:\/\/schema.org","@graph":[{"@type":"NewsArticle","@id":"https:\/\/e-ciftlik.com\/haberler\/spor\/messinin-ilk-maci-tartisma-yaratti\/#article","isPartOf":{"@id":"https:\/\/e-ciftlik.com\/haberler\/spor\/messinin-ilk-maci-tartisma-yaratti\/"},"author":{"name":"Haber Merkezi","@id":"https:\/\/e-ciftlik.com\/haberler\/#\/schema\/person\/d2f4fee3143d7f72be82cb887d51b00a"},"headline":"Messi&#8217;nin \u0130lk Ma\u00e7\u0131 Tart\u0131\u015fma Yaratt\u0131!","datePublished":"2025-02-22T23:32:16+00:00","mainEntityOfPage":{"@id":"https:\/\/e-ciftlik.com\/haberler\/spor\/messinin-ilk-maci-tartisma-yaratti\/"},"wordCount":225,"commentCount":0,"publisher":{"@id":"https:\/\/e-ciftlik.com\/haberler\/#organization"},"image":{"@id":"https:\/\/e-ciftlik.com\/haberler\/spor\/messinin-ilk-maci-tartisma-yaratti\/#primaryimage"},"thumbnailUrl":"https:\/\/e-ciftlik.com\/haberler\/wp-content\/uploads\/2025\/02\/UpdDivKPaU2Bn2EY9Ir1WA.jpg","articleSection":["Spor"],"inLanguage":"tr","potentialAction":[{"@type":"CommentAction","name":"Comment","target":["https:\/\/e-ciftlik.com\/haberler\/spor\/messinin-ilk-maci-tartisma-yaratti\/#respond"]}]},{"@type":"WebPage","@id":"https:\/\/e-ciftlik.com\/haberler\/spor\/messinin-ilk-maci-tartisma-yaratti\/","url":"https:\/\/e-ciftlik.com\/haberler\/spor\/messinin-ilk-maci-tartisma-yaratti\/","name":"Messi'nin \u0130lk Ma\u00e7\u0131 Tart\u0131\u015fma Yaratt\u0131! - E-&Ccedil;\u0130FTL\u0130K HABER","isPartOf":{"@id":"https:\/\/e-ciftlik.com\/haberler\/#website"},"primaryImageOfPage":{"@id":"https:\/\/e-ciftlik.com\/haberler\/spor\/messinin-ilk-maci-tartisma-yaratti\/#primaryimage"},"image":{"@id":"https:\/\/e-ciftlik.com\/haberler\/spor\/messinin-ilk-maci-tartisma-yaratti\/#primaryimage"},"thumbnailUrl":"https:\/\/e-ciftlik.com\/haberler\/wp-content\/uploads\/2025\/02\/UpdDivKPaU2Bn2EY9Ir1WA.jpg","datePublished":"2025-02-22T23:32:16+00:00","description":"CONCACAF \u015eampiyonlar Ligi'nde Kansas City ile Inter Miami aras\u0131nda ger\u00e7ekle\u015fen m\u00fccadelede, Miami formas\u0131 giyen \u00fcnl\u00fc futbolcu Lionel Messi sezonun ilk","breadcrumb":{"@id":"https:\/\/e-ciftlik.com\/haberler\/spor\/messinin-ilk-maci-tartisma-yaratti\/#breadcrumb"},"inLanguage":"tr","potentialAction":[{"@type":"ReadAction","target":["https:\/\/e-ciftlik.com\/haberler\/spor\/messinin-ilk-maci-tartisma-yaratti\/"]}]},{"@type":"ImageObject","inLanguage":"tr","@id":"https:\/\/e-ciftlik.com\/haberler\/spor\/messinin-ilk-maci-tartisma-yaratti\/#primaryimage","url":"https:\/\/e-ciftlik.com\/haberler\/wp-content\/uploads\/2025\/02\/UpdDivKPaU2Bn2EY9Ir1WA.jpg","contentUrl":"https:\/\/e-ciftlik.com\/haberler\/wp-content\/uploads\/2025\/02\/UpdDivKPaU2Bn2EY9Ir1WA.jpg","width":1080,"height":613},{"@type":"BreadcrumbList","@id":"https:\/\/e-ciftlik.com\/haberler\/spor\/messinin-ilk-maci-tartisma-yaratti\/#breadcrumb","itemListElement":[{"@type":"ListItem","position":1,"name":"Anasayfa","item":"https:\/\/e-ciftlik.com\/haberler\/"},{"@type":"ListItem","position":2,"name":"Messi&#8217;nin \u0130lk Ma\u00e7\u0131 Tart\u0131\u015fma Yaratt\u0131!"}]},{"@type":"WebSite","@id":"https:\/\/e-ciftlik.com\/haberler\/#website","url":"https:\/\/e-ciftlik.com\/haberler\/","name":"E-\u00c7iftlik Haber | G\u00fcncel, Son Dakika Haberler, En Son Haber","description":"","publisher":{"@id":"https:\/\/e-ciftlik.com\/haberler\/#organization"},"potentialAction":[{"@type":"SearchAction","target":{"@type":"EntryPoint","urlTemplate":"https:\/\/e-ciftlik.com\/haberler\/?s={search_term_string}"},"query-input":{"@type":"PropertyValueSpecification","valueRequired":true,"valueName":"search_term_string"}}],"inLanguage":"tr"},{"@type":"Organization","@id":"https:\/\/e-ciftlik.com\/haberler\/#organization","name":"E-\u00c7\u0130FTL\u0130K HABER","url":"https:\/\/e-ciftlik.com\/haberler\/","logo":{"@type":"ImageObject","inLanguage":"tr","@id":"https:\/\/e-ciftlik.com\/haberler\/#\/schema\/logo\/image\/","url":"https:\/\/e-ciftlik.com\/haberler\/wp-content\/uploads\/2024\/06\/cropped-cropped-favicon-1-2.png","contentUrl":"https:\/\/e-ciftlik.com\/haberler\/wp-content\/uploads\/2024\/06\/cropped-cropped-favicon-1-2.png","width":512,"height":512,"caption":"E-\u00c7\u0130FTL\u0130K HABER"},"image":{"@id":"https:\/\/e-ciftlik.com\/haberler\/#\/schema\/logo\/image\/"},"sameAs":["https:\/\/www.facebook.com\/eciftlikturkiye","https:\/\/x.com\/eciftlikresmi","https:\/\/www.instagram.com\/eciftlikresmi\/"]},{"@type":"Person","@id":"https:\/\/e-ciftlik.com\/haberler\/#\/schema\/person\/d2f4fee3143d7f72be82cb887d51b00a","name":"Haber Merkezi","image":{"@type":"ImageObject","inLanguage":"tr","@id":"https:\/\/secure.gravatar.com\/avatar\/6c27d641914e66c1d0452c92716002398782818991d86db1c2cccb531e7c7c82?s=96&d=mm&r=g","url":"https:\/\/secure.gravatar.com\/avatar\/6c27d641914e66c1d0452c92716002398782818991d86db1c2cccb531e7c7c82?s=96&d=mm&r=g","contentUrl":"https:\/\/secure.gravatar.com\/avatar\/6c27d641914e66c1d0452c92716002398782818991d86db1c2cccb531e7c7c82?s=96&d=mm&r=g","caption":"Haber Merkezi"},"sameAs":["http:\/\/e-ciftlik.com\/haberler"]}]}},"_links":{"self":[{"href":"https:\/\/e-ciftlik.com\/haberler\/wp-json\/wp\/v2\/posts\/83368","targetHints":{"allow":["GET"]}}],"collection":[{"href":"https:\/\/e-ciftlik.com\/haberler\/wp-json\/wp\/v2\/posts"}],"about":[{"href":"https:\/\/e-ciftlik.com\/haberler\/wp-json\/wp\/v2\/types\/post"}],"author":[{"embeddable":true,"href":"https:\/\/e-ciftlik.com\/haberler\/wp-json\/wp\/v2\/users\/1"}],"replies":[{"embeddable":true,"href":"https:\/\/e-ciftlik.com\/haberler\/wp-json\/wp\/v2\/comments?post=83368"}],"version-history":[{"count":0,"href":"https:\/\/e-ciftlik.com\/haberler\/wp-json\/wp\/v2\/posts\/83368\/revisions"}],"wp:featuredmedia":[{"embeddable":true,"href":"https:\/\/e-ciftlik.com\/haberler\/wp-json\/wp\/v2\/media\/83369"}],"wp:attachment":[{"href":"https:\/\/e-ciftlik.com\/haberler\/wp-json\/wp\/v2\/media?parent=83368"}],"wp:term":[{"taxonomy":"category","embeddable":true,"href":"https:\/\/e-ciftlik.com\/haberler\/wp-json\/wp\/v2\/categories?post=83368"},{"taxonomy":"post_tag","embeddable":true,"href":"https:\/\/e-ciftlik.com\/haberler\/wp-json\/wp\/v2\/tags?post=83368"}],"curies":[{"name":"wp","href":"https:\/\/api.w.org\/{rel}","templated":true}]}}