{"id":83370,"date":"2025-02-22T23:56:17","date_gmt":"2025-02-22T23:56:17","guid":{"rendered":"http:\/\/e-ciftlik.com\/haberler\/spor\/mourinhonun-3-galatasaray-maci-heyecani\/"},"modified":"2025-02-22T23:56:17","modified_gmt":"2025-02-22T23:56:17","slug":"mourinhonun-3-galatasaray-maci-heyecani","status":"publish","type":"post","link":"https:\/\/e-ciftlik.com\/haberler\/spor\/mourinhonun-3-galatasaray-maci-heyecani\/","title":{"rendered":"Mourinho&#8217;nun 3. Galatasaray Ma\u00e7\u0131 Heyecan\u0131"},"content":{"rendered":"<p>S\u00fcper Lig&#8217;in 25. haftas\u0131nda Fenerbah\u00e7e, Galatasaray&#8217;\u0131n sahas\u0131nda oynayacak. Bu ma\u00e7, ezeli rakipler i\u00e7in b\u00fcy\u00fck \u00f6nem ta\u015f\u0131yor. Fenerbah\u00e7e&#8217;nin Teknik Direkt\u00f6r\u00fc Jose Mourinho, S\u00fcper Lig&#8217;deki 3. derbisine \u00e7\u0131kacak. 62 ya\u015f\u0131ndaki teknik adam kariyerinde Portekiz, \u0130ngiltere, \u0130talya ve \u0130spanya gibi \u00fclkelerde 8 farkl\u0131 tak\u0131mla derbi ma\u00e7lar\u0131na \u00e7\u0131kt\u0131.<\/p>\n<p>Mourinho, sar\u0131-lacivertlilerin ba\u015f\u0131nda ilk derbisini Galatasaray&#8217;a kar\u015f\u0131 oynad\u0131. 21 Eyl\u00fcl 2024 tarihinde Kad\u0131k\u00f6y&#8217;de oynanan ma\u00e7\u0131 Galatasaray 3-1 kazand\u0131. Fenerbah\u00e7e, ligin 15. haftas\u0131nda ise Be\u015fikta\u015f&#8217;a deplasmanda 1-0 ma\u011flup oldu.<\/p>\n<p>Portekizli teknik adam, 24 \u015eubat Pazartesi g\u00fcn\u00fc oynanacak derbide galip gelerek bir ilki hedefliyor.<\/p>\n<p>Jose Mourinho, Galatasaray&#8217;a kar\u015f\u0131 3. kez deplasmanda sahaya \u00e7\u0131kacak. \u0130lk olarak Real Madrid Teknik Direkt\u00f6r\u00fc oldu\u011fu d\u00f6nemde Galatasaray&#8217;a rakip oldu. 2012-2013 sezonu \u015eampiyonlar Ligi \u00e7eyrek finalinde ilk ma\u00e7\u0131 3-0 kazand\u0131 ve turu ge\u00e7en taraf oldu. Bir sezon sonra ise \u0130ngiliz ekibi Chelsea ile \u0130stanbul&#8217;a geldi. \u015eampiyonlar Ligi&#8217;nde son 16 turunda Galatasaray ile e\u015fle\u015fti ve turu ge\u00e7erek \u00e7eyrek finale y\u00fckseldi.<\/p>\n","protected":false},"excerpt":{"rendered":"<p>S\u00fcper Lig&#8217;in 25. haftas\u0131nda Fenerbah\u00e7e, Galatasaray&#8217;\u0131n sahas\u0131nda oynayacak. Bu ma\u00e7, ezeli rakipler i\u00e7in b\u00fcy\u00fck \u00f6nem&hellip;<\/p>\n","protected":false},"author":1,"featured_media":82339,"comment_status":"open","ping_status":"open","sticky":false,"template":"","format":"standard","meta":{"footnotes":""},"categories":[7],"tags":[],"class_list":["post-83370","post","type-post","status-publish","format-standard","has-post-thumbnail","hentry","category-spor"],"yoast_head":"<!-- This site is optimized with the Yoast SEO Premium plugin v24.3 (Yoast SEO v27.4) - https:\/\/yoast.com\/product\/yoast-seo-premium-wordpress\/ -->\n<title>Mourinho&#039;nun 3. Galatasaray Ma\u00e7\u0131 Heyecan\u0131 - E-&Ccedil;\u0130FTL\u0130K HABER<\/title>\n<meta name=\"description\" content=\"S\u00fcper Lig&#039;in 25. haftas\u0131nda Fenerbah\u00e7e, Galatasaray&#039;\u0131n sahas\u0131nda oynayacak. Bu ma\u00e7, ezeli rakipler i\u00e7in b\u00fcy\u00fck \u00f6nem ta\u015f\u0131yor. Fenerbah\u00e7e&#039;nin Teknik\" \/>\n<meta name=\"robots\" content=\"index, follow, max-snippet:-1, max-image-preview:large, max-video-preview:-1\" \/>\n<link rel=\"canonical\" href=\"https:\/\/e-ciftlik.com\/haberler\/spor\/mourinhonun-3-galatasaray-maci-heyecani\/\" \/>\n<meta property=\"og:locale\" content=\"tr_TR\" \/>\n<meta property=\"og:type\" content=\"article\" \/>\n<meta property=\"og:title\" content=\"Mourinho&#039;nun 3. Galatasaray Ma\u00e7\u0131 Heyecan\u0131\" \/>\n<meta property=\"og:description\" content=\"S\u00fcper Lig&#039;in 25. haftas\u0131nda Fenerbah\u00e7e, Galatasaray&#039;\u0131n sahas\u0131nda oynayacak. Bu ma\u00e7, ezeli rakipler i\u00e7in b\u00fcy\u00fck \u00f6nem ta\u015f\u0131yor. Fenerbah\u00e7e&#039;nin Teknik\" \/>\n<meta property=\"og:url\" content=\"https:\/\/e-ciftlik.com\/haberler\/spor\/mourinhonun-3-galatasaray-maci-heyecani\/\" \/>\n<meta property=\"og:site_name\" content=\"E-&Ccedil;\u0130FTL\u0130K HABER\" \/>\n<meta property=\"article:publisher\" content=\"https:\/\/www.facebook.com\/eciftlikturkiye\" \/>\n<meta property=\"article:published_time\" content=\"2025-02-22T23:56:17+00:00\" \/>\n<meta property=\"og:image\" content=\"https:\/\/e-ciftlik.com\/haberler\/wp-content\/uploads\/2025\/02\/9KIGNN-LP0iTmRqLDJU3AQ.jpg\" \/>\n\t<meta property=\"og:image:width\" content=\"1080\" \/>\n\t<meta property=\"og:image:height\" content=\"613\" \/>\n\t<meta property=\"og:image:type\" content=\"image\/jpeg\" \/>\n<meta name=\"author\" content=\"Haber Merkezi\" \/>\n<meta name=\"twitter:card\" content=\"summary_large_image\" \/>\n<meta name=\"twitter:creator\" content=\"@eciftlikresmi\" \/>\n<meta name=\"twitter:site\" content=\"@eciftlikresmi\" \/>\n<meta name=\"twitter:label1\" content=\"Yazan:\" \/>\n\t<meta name=\"twitter:data1\" content=\"Haber Merkezi\" \/>\n\t<meta name=\"twitter:label2\" content=\"Tahmini okuma s\u00fcresi\" \/>\n\t<meta name=\"twitter:data2\" content=\"1 dakika\" \/>\n<script type=\"application\/ld+json\" class=\"yoast-schema-graph\">{\"@context\":\"https:\\\/\\\/schema.org\",\"@graph\":[{\"@type\":\"NewsArticle\",\"@id\":\"https:\\\/\\\/e-ciftlik.com\\\/haberler\\\/spor\\\/mourinhonun-3-galatasaray-maci-heyecani\\\/#article\",\"isPartOf\":{\"@id\":\"https:\\\/\\\/e-ciftlik.com\\\/haberler\\\/spor\\\/mourinhonun-3-galatasaray-maci-heyecani\\\/\"},\"author\":{\"name\":\"Haber Merkezi\",\"@id\":\"https:\\\/\\\/e-ciftlik.com\\\/haberler\\\/#\\\/schema\\\/person\\\/d2f4fee3143d7f72be82cb887d51b00a\"},\"headline\":\"Mourinho&#8217;nun 3. Galatasaray Ma\u00e7\u0131 Heyecan\u0131\",\"datePublished\":\"2025-02-22T23:56:17+00:00\",\"mainEntityOfPage\":{\"@id\":\"https:\\\/\\\/e-ciftlik.com\\\/haberler\\\/spor\\\/mourinhonun-3-galatasaray-maci-heyecani\\\/\"},\"wordCount\":184,\"commentCount\":0,\"publisher\":{\"@id\":\"https:\\\/\\\/e-ciftlik.com\\\/haberler\\\/#organization\"},\"image\":{\"@id\":\"https:\\\/\\\/e-ciftlik.com\\\/haberler\\\/spor\\\/mourinhonun-3-galatasaray-maci-heyecani\\\/#primaryimage\"},\"thumbnailUrl\":\"https:\\\/\\\/e-ciftlik.com\\\/haberler\\\/wp-content\\\/uploads\\\/2025\\\/02\\\/9KIGNN-LP0iTmRqLDJU3AQ.jpg\",\"articleSection\":[\"Spor\"],\"inLanguage\":\"tr\",\"potentialAction\":[{\"@type\":\"CommentAction\",\"name\":\"Comment\",\"target\":[\"https:\\\/\\\/e-ciftlik.com\\\/haberler\\\/spor\\\/mourinhonun-3-galatasaray-maci-heyecani\\\/#respond\"]}]},{\"@type\":\"WebPage\",\"@id\":\"https:\\\/\\\/e-ciftlik.com\\\/haberler\\\/spor\\\/mourinhonun-3-galatasaray-maci-heyecani\\\/\",\"url\":\"https:\\\/\\\/e-ciftlik.com\\\/haberler\\\/spor\\\/mourinhonun-3-galatasaray-maci-heyecani\\\/\",\"name\":\"Mourinho'nun 3. Galatasaray Ma\u00e7\u0131 Heyecan\u0131 - E-&Ccedil;\u0130FTL\u0130K HABER\",\"isPartOf\":{\"@id\":\"https:\\\/\\\/e-ciftlik.com\\\/haberler\\\/#website\"},\"primaryImageOfPage\":{\"@id\":\"https:\\\/\\\/e-ciftlik.com\\\/haberler\\\/spor\\\/mourinhonun-3-galatasaray-maci-heyecani\\\/#primaryimage\"},\"image\":{\"@id\":\"https:\\\/\\\/e-ciftlik.com\\\/haberler\\\/spor\\\/mourinhonun-3-galatasaray-maci-heyecani\\\/#primaryimage\"},\"thumbnailUrl\":\"https:\\\/\\\/e-ciftlik.com\\\/haberler\\\/wp-content\\\/uploads\\\/2025\\\/02\\\/9KIGNN-LP0iTmRqLDJU3AQ.jpg\",\"datePublished\":\"2025-02-22T23:56:17+00:00\",\"description\":\"S\u00fcper Lig'in 25. haftas\u0131nda Fenerbah\u00e7e, Galatasaray'\u0131n sahas\u0131nda oynayacak. Bu ma\u00e7, ezeli rakipler i\u00e7in b\u00fcy\u00fck \u00f6nem ta\u015f\u0131yor. Fenerbah\u00e7e'nin Teknik\",\"breadcrumb\":{\"@id\":\"https:\\\/\\\/e-ciftlik.com\\\/haberler\\\/spor\\\/mourinhonun-3-galatasaray-maci-heyecani\\\/#breadcrumb\"},\"inLanguage\":\"tr\",\"potentialAction\":[{\"@type\":\"ReadAction\",\"target\":[\"https:\\\/\\\/e-ciftlik.com\\\/haberler\\\/spor\\\/mourinhonun-3-galatasaray-maci-heyecani\\\/\"]}]},{\"@type\":\"ImageObject\",\"inLanguage\":\"tr\",\"@id\":\"https:\\\/\\\/e-ciftlik.com\\\/haberler\\\/spor\\\/mourinhonun-3-galatasaray-maci-heyecani\\\/#primaryimage\",\"url\":\"https:\\\/\\\/e-ciftlik.com\\\/haberler\\\/wp-content\\\/uploads\\\/2025\\\/02\\\/9KIGNN-LP0iTmRqLDJU3AQ.jpg\",\"contentUrl\":\"https:\\\/\\\/e-ciftlik.com\\\/haberler\\\/wp-content\\\/uploads\\\/2025\\\/02\\\/9KIGNN-LP0iTmRqLDJU3AQ.jpg\",\"width\":1080,\"height\":613},{\"@type\":\"BreadcrumbList\",\"@id\":\"https:\\\/\\\/e-ciftlik.com\\\/haberler\\\/spor\\\/mourinhonun-3-galatasaray-maci-heyecani\\\/#breadcrumb\",\"itemListElement\":[{\"@type\":\"ListItem\",\"position\":1,\"name\":\"Anasayfa\",\"item\":\"https:\\\/\\\/e-ciftlik.com\\\/haberler\\\/\"},{\"@type\":\"ListItem\",\"position\":2,\"name\":\"Mourinho&#8217;nun 3. Galatasaray Ma\u00e7\u0131 Heyecan\u0131\"}]},{\"@type\":\"WebSite\",\"@id\":\"https:\\\/\\\/e-ciftlik.com\\\/haberler\\\/#website\",\"url\":\"https:\\\/\\\/e-ciftlik.com\\\/haberler\\\/\",\"name\":\"E-\u00c7iftlik Haber | G\u00fcncel, Son Dakika Haberler, En Son Haber\",\"description\":\"\",\"publisher\":{\"@id\":\"https:\\\/\\\/e-ciftlik.com\\\/haberler\\\/#organization\"},\"potentialAction\":[{\"@type\":\"SearchAction\",\"target\":{\"@type\":\"EntryPoint\",\"urlTemplate\":\"https:\\\/\\\/e-ciftlik.com\\\/haberler\\\/?s={search_term_string}\"},\"query-input\":{\"@type\":\"PropertyValueSpecification\",\"valueRequired\":true,\"valueName\":\"search_term_string\"}}],\"inLanguage\":\"tr\"},{\"@type\":\"Organization\",\"@id\":\"https:\\\/\\\/e-ciftlik.com\\\/haberler\\\/#organization\",\"name\":\"E-\u00c7\u0130FTL\u0130K HABER\",\"url\":\"https:\\\/\\\/e-ciftlik.com\\\/haberler\\\/\",\"logo\":{\"@type\":\"ImageObject\",\"inLanguage\":\"tr\",\"@id\":\"https:\\\/\\\/e-ciftlik.com\\\/haberler\\\/#\\\/schema\\\/logo\\\/image\\\/\",\"url\":\"https:\\\/\\\/e-ciftlik.com\\\/haberler\\\/wp-content\\\/uploads\\\/2024\\\/06\\\/cropped-cropped-favicon-1-2.png\",\"contentUrl\":\"https:\\\/\\\/e-ciftlik.com\\\/haberler\\\/wp-content\\\/uploads\\\/2024\\\/06\\\/cropped-cropped-favicon-1-2.png\",\"width\":512,\"height\":512,\"caption\":\"E-\u00c7\u0130FTL\u0130K HABER\"},\"image\":{\"@id\":\"https:\\\/\\\/e-ciftlik.com\\\/haberler\\\/#\\\/schema\\\/logo\\\/image\\\/\"},\"sameAs\":[\"https:\\\/\\\/www.facebook.com\\\/eciftlikturkiye\",\"https:\\\/\\\/x.com\\\/eciftlikresmi\",\"https:\\\/\\\/www.instagram.com\\\/eciftlikresmi\\\/\"]},{\"@type\":\"Person\",\"@id\":\"https:\\\/\\\/e-ciftlik.com\\\/haberler\\\/#\\\/schema\\\/person\\\/d2f4fee3143d7f72be82cb887d51b00a\",\"name\":\"Haber Merkezi\",\"image\":{\"@type\":\"ImageObject\",\"inLanguage\":\"tr\",\"@id\":\"https:\\\/\\\/secure.gravatar.com\\\/avatar\\\/6c27d641914e66c1d0452c92716002398782818991d86db1c2cccb531e7c7c82?s=96&d=mm&r=g\",\"url\":\"https:\\\/\\\/secure.gravatar.com\\\/avatar\\\/6c27d641914e66c1d0452c92716002398782818991d86db1c2cccb531e7c7c82?s=96&d=mm&r=g\",\"contentUrl\":\"https:\\\/\\\/secure.gravatar.com\\\/avatar\\\/6c27d641914e66c1d0452c92716002398782818991d86db1c2cccb531e7c7c82?s=96&d=mm&r=g\",\"caption\":\"Haber Merkezi\"},\"sameAs\":[\"http:\\\/\\\/e-ciftlik.com\\\/haberler\"]}]}<\/script>\n<!-- \/ Yoast SEO Premium plugin. -->","yoast_head_json":{"title":"Mourinho'nun 3. Galatasaray Ma\u00e7\u0131 Heyecan\u0131 - E-&Ccedil;\u0130FTL\u0130K HABER","description":"S\u00fcper Lig'in 25. haftas\u0131nda Fenerbah\u00e7e, Galatasaray'\u0131n sahas\u0131nda oynayacak. Bu ma\u00e7, ezeli rakipler i\u00e7in b\u00fcy\u00fck \u00f6nem ta\u015f\u0131yor. Fenerbah\u00e7e'nin Teknik","robots":{"index":"index","follow":"follow","max-snippet":"max-snippet:-1","max-image-preview":"max-image-preview:large","max-video-preview":"max-video-preview:-1"},"canonical":"https:\/\/e-ciftlik.com\/haberler\/spor\/mourinhonun-3-galatasaray-maci-heyecani\/","og_locale":"tr_TR","og_type":"article","og_title":"Mourinho'nun 3. Galatasaray Ma\u00e7\u0131 Heyecan\u0131","og_description":"S\u00fcper Lig'in 25. haftas\u0131nda Fenerbah\u00e7e, Galatasaray'\u0131n sahas\u0131nda oynayacak. Bu ma\u00e7, ezeli rakipler i\u00e7in b\u00fcy\u00fck \u00f6nem ta\u015f\u0131yor. Fenerbah\u00e7e'nin Teknik","og_url":"https:\/\/e-ciftlik.com\/haberler\/spor\/mourinhonun-3-galatasaray-maci-heyecani\/","og_site_name":"E-&Ccedil;\u0130FTL\u0130K HABER","article_publisher":"https:\/\/www.facebook.com\/eciftlikturkiye","article_published_time":"2025-02-22T23:56:17+00:00","og_image":[{"width":1080,"height":613,"url":"https:\/\/e-ciftlik.com\/haberler\/wp-content\/uploads\/2025\/02\/9KIGNN-LP0iTmRqLDJU3AQ.jpg","type":"image\/jpeg"}],"author":"Haber Merkezi","twitter_card":"summary_large_image","twitter_creator":"@eciftlikresmi","twitter_site":"@eciftlikresmi","twitter_misc":{"Yazan:":"Haber Merkezi","Tahmini okuma s\u00fcresi":"1 dakika"},"schema":{"@context":"https:\/\/schema.org","@graph":[{"@type":"NewsArticle","@id":"https:\/\/e-ciftlik.com\/haberler\/spor\/mourinhonun-3-galatasaray-maci-heyecani\/#article","isPartOf":{"@id":"https:\/\/e-ciftlik.com\/haberler\/spor\/mourinhonun-3-galatasaray-maci-heyecani\/"},"author":{"name":"Haber Merkezi","@id":"https:\/\/e-ciftlik.com\/haberler\/#\/schema\/person\/d2f4fee3143d7f72be82cb887d51b00a"},"headline":"Mourinho&#8217;nun 3. Galatasaray Ma\u00e7\u0131 Heyecan\u0131","datePublished":"2025-02-22T23:56:17+00:00","mainEntityOfPage":{"@id":"https:\/\/e-ciftlik.com\/haberler\/spor\/mourinhonun-3-galatasaray-maci-heyecani\/"},"wordCount":184,"commentCount":0,"publisher":{"@id":"https:\/\/e-ciftlik.com\/haberler\/#organization"},"image":{"@id":"https:\/\/e-ciftlik.com\/haberler\/spor\/mourinhonun-3-galatasaray-maci-heyecani\/#primaryimage"},"thumbnailUrl":"https:\/\/e-ciftlik.com\/haberler\/wp-content\/uploads\/2025\/02\/9KIGNN-LP0iTmRqLDJU3AQ.jpg","articleSection":["Spor"],"inLanguage":"tr","potentialAction":[{"@type":"CommentAction","name":"Comment","target":["https:\/\/e-ciftlik.com\/haberler\/spor\/mourinhonun-3-galatasaray-maci-heyecani\/#respond"]}]},{"@type":"WebPage","@id":"https:\/\/e-ciftlik.com\/haberler\/spor\/mourinhonun-3-galatasaray-maci-heyecani\/","url":"https:\/\/e-ciftlik.com\/haberler\/spor\/mourinhonun-3-galatasaray-maci-heyecani\/","name":"Mourinho'nun 3. Galatasaray Ma\u00e7\u0131 Heyecan\u0131 - E-&Ccedil;\u0130FTL\u0130K HABER","isPartOf":{"@id":"https:\/\/e-ciftlik.com\/haberler\/#website"},"primaryImageOfPage":{"@id":"https:\/\/e-ciftlik.com\/haberler\/spor\/mourinhonun-3-galatasaray-maci-heyecani\/#primaryimage"},"image":{"@id":"https:\/\/e-ciftlik.com\/haberler\/spor\/mourinhonun-3-galatasaray-maci-heyecani\/#primaryimage"},"thumbnailUrl":"https:\/\/e-ciftlik.com\/haberler\/wp-content\/uploads\/2025\/02\/9KIGNN-LP0iTmRqLDJU3AQ.jpg","datePublished":"2025-02-22T23:56:17+00:00","description":"S\u00fcper Lig'in 25. haftas\u0131nda Fenerbah\u00e7e, Galatasaray'\u0131n sahas\u0131nda oynayacak. Bu ma\u00e7, ezeli rakipler i\u00e7in b\u00fcy\u00fck \u00f6nem ta\u015f\u0131yor. Fenerbah\u00e7e'nin Teknik","breadcrumb":{"@id":"https:\/\/e-ciftlik.com\/haberler\/spor\/mourinhonun-3-galatasaray-maci-heyecani\/#breadcrumb"},"inLanguage":"tr","potentialAction":[{"@type":"ReadAction","target":["https:\/\/e-ciftlik.com\/haberler\/spor\/mourinhonun-3-galatasaray-maci-heyecani\/"]}]},{"@type":"ImageObject","inLanguage":"tr","@id":"https:\/\/e-ciftlik.com\/haberler\/spor\/mourinhonun-3-galatasaray-maci-heyecani\/#primaryimage","url":"https:\/\/e-ciftlik.com\/haberler\/wp-content\/uploads\/2025\/02\/9KIGNN-LP0iTmRqLDJU3AQ.jpg","contentUrl":"https:\/\/e-ciftlik.com\/haberler\/wp-content\/uploads\/2025\/02\/9KIGNN-LP0iTmRqLDJU3AQ.jpg","width":1080,"height":613},{"@type":"BreadcrumbList","@id":"https:\/\/e-ciftlik.com\/haberler\/spor\/mourinhonun-3-galatasaray-maci-heyecani\/#breadcrumb","itemListElement":[{"@type":"ListItem","position":1,"name":"Anasayfa","item":"https:\/\/e-ciftlik.com\/haberler\/"},{"@type":"ListItem","position":2,"name":"Mourinho&#8217;nun 3. Galatasaray Ma\u00e7\u0131 Heyecan\u0131"}]},{"@type":"WebSite","@id":"https:\/\/e-ciftlik.com\/haberler\/#website","url":"https:\/\/e-ciftlik.com\/haberler\/","name":"E-\u00c7iftlik Haber | G\u00fcncel, Son Dakika Haberler, En Son Haber","description":"","publisher":{"@id":"https:\/\/e-ciftlik.com\/haberler\/#organization"},"potentialAction":[{"@type":"SearchAction","target":{"@type":"EntryPoint","urlTemplate":"https:\/\/e-ciftlik.com\/haberler\/?s={search_term_string}"},"query-input":{"@type":"PropertyValueSpecification","valueRequired":true,"valueName":"search_term_string"}}],"inLanguage":"tr"},{"@type":"Organization","@id":"https:\/\/e-ciftlik.com\/haberler\/#organization","name":"E-\u00c7\u0130FTL\u0130K HABER","url":"https:\/\/e-ciftlik.com\/haberler\/","logo":{"@type":"ImageObject","inLanguage":"tr","@id":"https:\/\/e-ciftlik.com\/haberler\/#\/schema\/logo\/image\/","url":"https:\/\/e-ciftlik.com\/haberler\/wp-content\/uploads\/2024\/06\/cropped-cropped-favicon-1-2.png","contentUrl":"https:\/\/e-ciftlik.com\/haberler\/wp-content\/uploads\/2024\/06\/cropped-cropped-favicon-1-2.png","width":512,"height":512,"caption":"E-\u00c7\u0130FTL\u0130K HABER"},"image":{"@id":"https:\/\/e-ciftlik.com\/haberler\/#\/schema\/logo\/image\/"},"sameAs":["https:\/\/www.facebook.com\/eciftlikturkiye","https:\/\/x.com\/eciftlikresmi","https:\/\/www.instagram.com\/eciftlikresmi\/"]},{"@type":"Person","@id":"https:\/\/e-ciftlik.com\/haberler\/#\/schema\/person\/d2f4fee3143d7f72be82cb887d51b00a","name":"Haber Merkezi","image":{"@type":"ImageObject","inLanguage":"tr","@id":"https:\/\/secure.gravatar.com\/avatar\/6c27d641914e66c1d0452c92716002398782818991d86db1c2cccb531e7c7c82?s=96&d=mm&r=g","url":"https:\/\/secure.gravatar.com\/avatar\/6c27d641914e66c1d0452c92716002398782818991d86db1c2cccb531e7c7c82?s=96&d=mm&r=g","contentUrl":"https:\/\/secure.gravatar.com\/avatar\/6c27d641914e66c1d0452c92716002398782818991d86db1c2cccb531e7c7c82?s=96&d=mm&r=g","caption":"Haber Merkezi"},"sameAs":["http:\/\/e-ciftlik.com\/haberler"]}]}},"_links":{"self":[{"href":"https:\/\/e-ciftlik.com\/haberler\/wp-json\/wp\/v2\/posts\/83370","targetHints":{"allow":["GET"]}}],"collection":[{"href":"https:\/\/e-ciftlik.com\/haberler\/wp-json\/wp\/v2\/posts"}],"about":[{"href":"https:\/\/e-ciftlik.com\/haberler\/wp-json\/wp\/v2\/types\/post"}],"author":[{"embeddable":true,"href":"https:\/\/e-ciftlik.com\/haberler\/wp-json\/wp\/v2\/users\/1"}],"replies":[{"embeddable":true,"href":"https:\/\/e-ciftlik.com\/haberler\/wp-json\/wp\/v2\/comments?post=83370"}],"version-history":[{"count":0,"href":"https:\/\/e-ciftlik.com\/haberler\/wp-json\/wp\/v2\/posts\/83370\/revisions"}],"wp:featuredmedia":[{"embeddable":true,"href":"https:\/\/e-ciftlik.com\/haberler\/wp-json\/wp\/v2\/media\/82339"}],"wp:attachment":[{"href":"https:\/\/e-ciftlik.com\/haberler\/wp-json\/wp\/v2\/media?parent=83370"}],"wp:term":[{"taxonomy":"category","embeddable":true,"href":"https:\/\/e-ciftlik.com\/haberler\/wp-json\/wp\/v2\/categories?post=83370"},{"taxonomy":"post_tag","embeddable":true,"href":"https:\/\/e-ciftlik.com\/haberler\/wp-json\/wp\/v2\/tags?post=83370"}],"curies":[{"name":"wp","href":"https:\/\/api.w.org\/{rel}","templated":true}]}}