{"id":83371,"date":"2025-02-23T00:16:08","date_gmt":"2025-02-23T00:16:08","guid":{"rendered":"http:\/\/e-ciftlik.com\/haberler\/spor\/toprak-razgatlioglu-avustralyada-ikinci-oldu\/"},"modified":"2025-02-23T00:16:08","modified_gmt":"2025-02-23T00:16:08","slug":"toprak-razgatlioglu-avustralyada-ikinci-oldu","status":"publish","type":"post","link":"https:\/\/e-ciftlik.com\/haberler\/spor\/toprak-razgatlioglu-avustralyada-ikinci-oldu\/","title":{"rendered":"Toprak Razgatl\u0131o\u011flu Avustralya&#8217;da \u0130kinci Oldu"},"content":{"rendered":"<p>D\u00fcnya Superbike \u015eampiyonas\u0131&#8217;n\u0131n son \u015fampiyonu olan milli motosiklet\u00e7i Toprak Razgatl\u0131o\u011flu, 2025 sezonunun Avustralya&#8217;da ger\u00e7ekle\u015ftirilen ilk yar\u0131\u015f\u0131nda ikinci s\u0131rada yer ald\u0131.<\/p>\n<p>Phillip Island Pisti&#8217;nde ko\u015fulan 2025 sezonunun 20 turluk ilk yar\u0131\u015f\u0131na son \u015fampiyon Toprak Razgatl\u0131o\u011flu, ROKiT BMW motosikletiyle birinci cepten ba\u015flad\u0131. Yar\u0131\u015fa alt\u0131nc\u0131 cepten ba\u015flayan Bahattin Sofuo\u011flu ise ilk kez bu organizasyonda m\u00fccadele etti.<\/p>\n<p>Yar\u0131\u015fseverlerin &#8220;El Turco&#8221; olarak adland\u0131rd\u0131\u011f\u0131 Toprak, ROKiT BMW Motorrad tak\u0131m\u0131yla Avustralya&#8217;da ger\u00e7ekle\u015fen \u00e7eki\u015fmeli ilk yar\u0131\u015fta ikinci s\u0131rada yer ald\u0131. Bu sonu\u00e7la 2025 sezonuna podyumda ba\u015flad\u0131.<\/p>\n<p>Yar\u0131\u015f sonras\u0131 Toprak, &#8220;\u0130yi bir performans sergiledi\u011fimizi d\u00fc\u015f\u00fcn\u00fcyorum. Yar\u0131nki yar\u0131\u015fta daha iyi bir pozisyon i\u00e7in m\u00fccadele edece\u011fiz.&#8221; dedi.<\/p>\n<p>\u0130talyan pilot Nicolo Bulega birinci, \u0130spanyol s\u00fcr\u00fcc\u00fc Alvaro Bautista ise \u00fc\u00e7\u00fcnc\u00fc olarak Avustralya&#8217;daki ilk yar\u0131\u015f\u0131 tamamlad\u0131lar.<\/p>\n<p>Bahattin Sofuo\u011flu ise Yamaha Motoxracing tak\u0131m\u0131yla ilk yar\u0131\u015f\u0131nda puan almay\u0131 ba\u015fard\u0131. 15. s\u0131rada bitiren Bahattin, \u015fampiyonada ilk puan\u0131n\u0131 elde etti.<\/p>\n<p>Genel klasmanda Nicolo Bulega 25 puanla birinci, Toprak Razgatl\u0131o\u011flu 20 puanla ikinci, Alvaro Bautista ise 16 puanla \u00fc\u00e7\u00fcnc\u00fc s\u0131rada yer ald\u0131.<\/p>\n<p>Toprak ve Bahattin, Avustralya&#8217;daki yar\u0131\u015flara devam edecekler. \u0130lk olarak superpole yar\u0131\u015f\u0131na \u00e7\u0131kacaklar ve ard\u0131ndan hafta sonunun ikinci yar\u0131\u015f\u0131na kat\u0131lacaklar.<\/p>\n","protected":false},"excerpt":{"rendered":"<p>D\u00fcnya Superbike \u015eampiyonas\u0131&#8217;n\u0131n son \u015fampiyonu olan milli motosiklet\u00e7i Toprak Razgatl\u0131o\u011flu, 2025 sezonunun Avustralya&#8217;da ger\u00e7ekle\u015ftirilen ilk&hellip;<\/p>\n","protected":false},"author":1,"featured_media":83372,"comment_status":"open","ping_status":"open","sticky":false,"template":"","format":"standard","meta":{"footnotes":""},"categories":[7],"tags":[],"class_list":["post-83371","post","type-post","status-publish","format-standard","has-post-thumbnail","hentry","category-spor"],"yoast_head":"<!-- This site is optimized with the Yoast SEO Premium plugin v24.3 (Yoast SEO v27.4) - https:\/\/yoast.com\/product\/yoast-seo-premium-wordpress\/ -->\n<title>Toprak Razgatl\u0131o\u011flu Avustralya&#039;da \u0130kinci Oldu - E-&Ccedil;\u0130FTL\u0130K HABER<\/title>\n<meta name=\"description\" content=\"D\u00fcnya Superbike \u015eampiyonas\u0131&#039;n\u0131n son \u015fampiyonu olan milli motosiklet\u00e7i Toprak Razgatl\u0131o\u011flu, 2025 sezonunun Avustralya&#039;da ger\u00e7ekle\u015ftirilen ilk yar\u0131\u015f\u0131nda\" \/>\n<meta name=\"robots\" content=\"index, follow, max-snippet:-1, max-image-preview:large, max-video-preview:-1\" \/>\n<link rel=\"canonical\" href=\"https:\/\/e-ciftlik.com\/haberler\/spor\/toprak-razgatlioglu-avustralyada-ikinci-oldu\/\" \/>\n<meta property=\"og:locale\" content=\"tr_TR\" \/>\n<meta property=\"og:type\" content=\"article\" \/>\n<meta property=\"og:title\" content=\"Toprak Razgatl\u0131o\u011flu Avustralya&#039;da \u0130kinci Oldu\" \/>\n<meta property=\"og:description\" content=\"D\u00fcnya Superbike \u015eampiyonas\u0131&#039;n\u0131n son \u015fampiyonu olan milli motosiklet\u00e7i Toprak Razgatl\u0131o\u011flu, 2025 sezonunun Avustralya&#039;da ger\u00e7ekle\u015ftirilen ilk yar\u0131\u015f\u0131nda\" \/>\n<meta property=\"og:url\" content=\"https:\/\/e-ciftlik.com\/haberler\/spor\/toprak-razgatlioglu-avustralyada-ikinci-oldu\/\" \/>\n<meta property=\"og:site_name\" content=\"E-&Ccedil;\u0130FTL\u0130K HABER\" \/>\n<meta property=\"article:publisher\" content=\"https:\/\/www.facebook.com\/eciftlikturkiye\" \/>\n<meta property=\"article:published_time\" content=\"2025-02-23T00:16:08+00:00\" \/>\n<meta property=\"og:image\" content=\"https:\/\/e-ciftlik.com\/haberler\/wp-content\/uploads\/2025\/02\/t9DsfQNSVUysc5OE8-zW4Q.jpg\" \/>\n\t<meta property=\"og:image:width\" content=\"1080\" \/>\n\t<meta property=\"og:image:height\" content=\"614\" \/>\n\t<meta property=\"og:image:type\" content=\"image\/jpeg\" \/>\n<meta name=\"author\" content=\"Haber Merkezi\" \/>\n<meta name=\"twitter:card\" content=\"summary_large_image\" \/>\n<meta name=\"twitter:creator\" content=\"@eciftlikresmi\" \/>\n<meta name=\"twitter:site\" content=\"@eciftlikresmi\" \/>\n<meta name=\"twitter:label1\" content=\"Yazan:\" \/>\n\t<meta name=\"twitter:data1\" content=\"Haber Merkezi\" \/>\n\t<meta name=\"twitter:label2\" content=\"Tahmini okuma s\u00fcresi\" \/>\n\t<meta name=\"twitter:data2\" content=\"1 dakika\" \/>\n<script type=\"application\/ld+json\" class=\"yoast-schema-graph\">{\"@context\":\"https:\\\/\\\/schema.org\",\"@graph\":[{\"@type\":\"NewsArticle\",\"@id\":\"https:\\\/\\\/e-ciftlik.com\\\/haberler\\\/spor\\\/toprak-razgatlioglu-avustralyada-ikinci-oldu\\\/#article\",\"isPartOf\":{\"@id\":\"https:\\\/\\\/e-ciftlik.com\\\/haberler\\\/spor\\\/toprak-razgatlioglu-avustralyada-ikinci-oldu\\\/\"},\"author\":{\"name\":\"Haber Merkezi\",\"@id\":\"https:\\\/\\\/e-ciftlik.com\\\/haberler\\\/#\\\/schema\\\/person\\\/d2f4fee3143d7f72be82cb887d51b00a\"},\"headline\":\"Toprak Razgatl\u0131o\u011flu Avustralya&#8217;da \u0130kinci Oldu\",\"datePublished\":\"2025-02-23T00:16:08+00:00\",\"mainEntityOfPage\":{\"@id\":\"https:\\\/\\\/e-ciftlik.com\\\/haberler\\\/spor\\\/toprak-razgatlioglu-avustralyada-ikinci-oldu\\\/\"},\"wordCount\":234,\"commentCount\":0,\"publisher\":{\"@id\":\"https:\\\/\\\/e-ciftlik.com\\\/haberler\\\/#organization\"},\"image\":{\"@id\":\"https:\\\/\\\/e-ciftlik.com\\\/haberler\\\/spor\\\/toprak-razgatlioglu-avustralyada-ikinci-oldu\\\/#primaryimage\"},\"thumbnailUrl\":\"https:\\\/\\\/e-ciftlik.com\\\/haberler\\\/wp-content\\\/uploads\\\/2025\\\/02\\\/t9DsfQNSVUysc5OE8-zW4Q.jpg\",\"articleSection\":[\"Spor\"],\"inLanguage\":\"tr\",\"potentialAction\":[{\"@type\":\"CommentAction\",\"name\":\"Comment\",\"target\":[\"https:\\\/\\\/e-ciftlik.com\\\/haberler\\\/spor\\\/toprak-razgatlioglu-avustralyada-ikinci-oldu\\\/#respond\"]}]},{\"@type\":\"WebPage\",\"@id\":\"https:\\\/\\\/e-ciftlik.com\\\/haberler\\\/spor\\\/toprak-razgatlioglu-avustralyada-ikinci-oldu\\\/\",\"url\":\"https:\\\/\\\/e-ciftlik.com\\\/haberler\\\/spor\\\/toprak-razgatlioglu-avustralyada-ikinci-oldu\\\/\",\"name\":\"Toprak Razgatl\u0131o\u011flu Avustralya'da \u0130kinci Oldu - E-&Ccedil;\u0130FTL\u0130K HABER\",\"isPartOf\":{\"@id\":\"https:\\\/\\\/e-ciftlik.com\\\/haberler\\\/#website\"},\"primaryImageOfPage\":{\"@id\":\"https:\\\/\\\/e-ciftlik.com\\\/haberler\\\/spor\\\/toprak-razgatlioglu-avustralyada-ikinci-oldu\\\/#primaryimage\"},\"image\":{\"@id\":\"https:\\\/\\\/e-ciftlik.com\\\/haberler\\\/spor\\\/toprak-razgatlioglu-avustralyada-ikinci-oldu\\\/#primaryimage\"},\"thumbnailUrl\":\"https:\\\/\\\/e-ciftlik.com\\\/haberler\\\/wp-content\\\/uploads\\\/2025\\\/02\\\/t9DsfQNSVUysc5OE8-zW4Q.jpg\",\"datePublished\":\"2025-02-23T00:16:08+00:00\",\"description\":\"D\u00fcnya Superbike \u015eampiyonas\u0131'n\u0131n son \u015fampiyonu olan milli motosiklet\u00e7i Toprak Razgatl\u0131o\u011flu, 2025 sezonunun Avustralya'da ger\u00e7ekle\u015ftirilen ilk yar\u0131\u015f\u0131nda\",\"breadcrumb\":{\"@id\":\"https:\\\/\\\/e-ciftlik.com\\\/haberler\\\/spor\\\/toprak-razgatlioglu-avustralyada-ikinci-oldu\\\/#breadcrumb\"},\"inLanguage\":\"tr\",\"potentialAction\":[{\"@type\":\"ReadAction\",\"target\":[\"https:\\\/\\\/e-ciftlik.com\\\/haberler\\\/spor\\\/toprak-razgatlioglu-avustralyada-ikinci-oldu\\\/\"]}]},{\"@type\":\"ImageObject\",\"inLanguage\":\"tr\",\"@id\":\"https:\\\/\\\/e-ciftlik.com\\\/haberler\\\/spor\\\/toprak-razgatlioglu-avustralyada-ikinci-oldu\\\/#primaryimage\",\"url\":\"https:\\\/\\\/e-ciftlik.com\\\/haberler\\\/wp-content\\\/uploads\\\/2025\\\/02\\\/t9DsfQNSVUysc5OE8-zW4Q.jpg\",\"contentUrl\":\"https:\\\/\\\/e-ciftlik.com\\\/haberler\\\/wp-content\\\/uploads\\\/2025\\\/02\\\/t9DsfQNSVUysc5OE8-zW4Q.jpg\",\"width\":1080,\"height\":614},{\"@type\":\"BreadcrumbList\",\"@id\":\"https:\\\/\\\/e-ciftlik.com\\\/haberler\\\/spor\\\/toprak-razgatlioglu-avustralyada-ikinci-oldu\\\/#breadcrumb\",\"itemListElement\":[{\"@type\":\"ListItem\",\"position\":1,\"name\":\"Anasayfa\",\"item\":\"https:\\\/\\\/e-ciftlik.com\\\/haberler\\\/\"},{\"@type\":\"ListItem\",\"position\":2,\"name\":\"Toprak Razgatl\u0131o\u011flu Avustralya&#8217;da \u0130kinci Oldu\"}]},{\"@type\":\"WebSite\",\"@id\":\"https:\\\/\\\/e-ciftlik.com\\\/haberler\\\/#website\",\"url\":\"https:\\\/\\\/e-ciftlik.com\\\/haberler\\\/\",\"name\":\"E-\u00c7iftlik Haber | G\u00fcncel, Son Dakika Haberler, En Son Haber\",\"description\":\"\",\"publisher\":{\"@id\":\"https:\\\/\\\/e-ciftlik.com\\\/haberler\\\/#organization\"},\"potentialAction\":[{\"@type\":\"SearchAction\",\"target\":{\"@type\":\"EntryPoint\",\"urlTemplate\":\"https:\\\/\\\/e-ciftlik.com\\\/haberler\\\/?s={search_term_string}\"},\"query-input\":{\"@type\":\"PropertyValueSpecification\",\"valueRequired\":true,\"valueName\":\"search_term_string\"}}],\"inLanguage\":\"tr\"},{\"@type\":\"Organization\",\"@id\":\"https:\\\/\\\/e-ciftlik.com\\\/haberler\\\/#organization\",\"name\":\"E-\u00c7\u0130FTL\u0130K HABER\",\"url\":\"https:\\\/\\\/e-ciftlik.com\\\/haberler\\\/\",\"logo\":{\"@type\":\"ImageObject\",\"inLanguage\":\"tr\",\"@id\":\"https:\\\/\\\/e-ciftlik.com\\\/haberler\\\/#\\\/schema\\\/logo\\\/image\\\/\",\"url\":\"https:\\\/\\\/e-ciftlik.com\\\/haberler\\\/wp-content\\\/uploads\\\/2024\\\/06\\\/cropped-cropped-favicon-1-2.png\",\"contentUrl\":\"https:\\\/\\\/e-ciftlik.com\\\/haberler\\\/wp-content\\\/uploads\\\/2024\\\/06\\\/cropped-cropped-favicon-1-2.png\",\"width\":512,\"height\":512,\"caption\":\"E-\u00c7\u0130FTL\u0130K HABER\"},\"image\":{\"@id\":\"https:\\\/\\\/e-ciftlik.com\\\/haberler\\\/#\\\/schema\\\/logo\\\/image\\\/\"},\"sameAs\":[\"https:\\\/\\\/www.facebook.com\\\/eciftlikturkiye\",\"https:\\\/\\\/x.com\\\/eciftlikresmi\",\"https:\\\/\\\/www.instagram.com\\\/eciftlikresmi\\\/\"]},{\"@type\":\"Person\",\"@id\":\"https:\\\/\\\/e-ciftlik.com\\\/haberler\\\/#\\\/schema\\\/person\\\/d2f4fee3143d7f72be82cb887d51b00a\",\"name\":\"Haber Merkezi\",\"image\":{\"@type\":\"ImageObject\",\"inLanguage\":\"tr\",\"@id\":\"https:\\\/\\\/secure.gravatar.com\\\/avatar\\\/6c27d641914e66c1d0452c92716002398782818991d86db1c2cccb531e7c7c82?s=96&d=mm&r=g\",\"url\":\"https:\\\/\\\/secure.gravatar.com\\\/avatar\\\/6c27d641914e66c1d0452c92716002398782818991d86db1c2cccb531e7c7c82?s=96&d=mm&r=g\",\"contentUrl\":\"https:\\\/\\\/secure.gravatar.com\\\/avatar\\\/6c27d641914e66c1d0452c92716002398782818991d86db1c2cccb531e7c7c82?s=96&d=mm&r=g\",\"caption\":\"Haber Merkezi\"},\"sameAs\":[\"http:\\\/\\\/e-ciftlik.com\\\/haberler\"]}]}<\/script>\n<!-- \/ Yoast SEO Premium plugin. -->","yoast_head_json":{"title":"Toprak Razgatl\u0131o\u011flu Avustralya'da \u0130kinci Oldu - E-&Ccedil;\u0130FTL\u0130K HABER","description":"D\u00fcnya Superbike \u015eampiyonas\u0131'n\u0131n son \u015fampiyonu olan milli motosiklet\u00e7i Toprak Razgatl\u0131o\u011flu, 2025 sezonunun Avustralya'da ger\u00e7ekle\u015ftirilen ilk yar\u0131\u015f\u0131nda","robots":{"index":"index","follow":"follow","max-snippet":"max-snippet:-1","max-image-preview":"max-image-preview:large","max-video-preview":"max-video-preview:-1"},"canonical":"https:\/\/e-ciftlik.com\/haberler\/spor\/toprak-razgatlioglu-avustralyada-ikinci-oldu\/","og_locale":"tr_TR","og_type":"article","og_title":"Toprak Razgatl\u0131o\u011flu Avustralya'da \u0130kinci Oldu","og_description":"D\u00fcnya Superbike \u015eampiyonas\u0131'n\u0131n son \u015fampiyonu olan milli motosiklet\u00e7i Toprak Razgatl\u0131o\u011flu, 2025 sezonunun Avustralya'da ger\u00e7ekle\u015ftirilen ilk yar\u0131\u015f\u0131nda","og_url":"https:\/\/e-ciftlik.com\/haberler\/spor\/toprak-razgatlioglu-avustralyada-ikinci-oldu\/","og_site_name":"E-&Ccedil;\u0130FTL\u0130K HABER","article_publisher":"https:\/\/www.facebook.com\/eciftlikturkiye","article_published_time":"2025-02-23T00:16:08+00:00","og_image":[{"width":1080,"height":614,"url":"https:\/\/e-ciftlik.com\/haberler\/wp-content\/uploads\/2025\/02\/t9DsfQNSVUysc5OE8-zW4Q.jpg","type":"image\/jpeg"}],"author":"Haber Merkezi","twitter_card":"summary_large_image","twitter_creator":"@eciftlikresmi","twitter_site":"@eciftlikresmi","twitter_misc":{"Yazan:":"Haber Merkezi","Tahmini okuma s\u00fcresi":"1 dakika"},"schema":{"@context":"https:\/\/schema.org","@graph":[{"@type":"NewsArticle","@id":"https:\/\/e-ciftlik.com\/haberler\/spor\/toprak-razgatlioglu-avustralyada-ikinci-oldu\/#article","isPartOf":{"@id":"https:\/\/e-ciftlik.com\/haberler\/spor\/toprak-razgatlioglu-avustralyada-ikinci-oldu\/"},"author":{"name":"Haber Merkezi","@id":"https:\/\/e-ciftlik.com\/haberler\/#\/schema\/person\/d2f4fee3143d7f72be82cb887d51b00a"},"headline":"Toprak Razgatl\u0131o\u011flu Avustralya&#8217;da \u0130kinci Oldu","datePublished":"2025-02-23T00:16:08+00:00","mainEntityOfPage":{"@id":"https:\/\/e-ciftlik.com\/haberler\/spor\/toprak-razgatlioglu-avustralyada-ikinci-oldu\/"},"wordCount":234,"commentCount":0,"publisher":{"@id":"https:\/\/e-ciftlik.com\/haberler\/#organization"},"image":{"@id":"https:\/\/e-ciftlik.com\/haberler\/spor\/toprak-razgatlioglu-avustralyada-ikinci-oldu\/#primaryimage"},"thumbnailUrl":"https:\/\/e-ciftlik.com\/haberler\/wp-content\/uploads\/2025\/02\/t9DsfQNSVUysc5OE8-zW4Q.jpg","articleSection":["Spor"],"inLanguage":"tr","potentialAction":[{"@type":"CommentAction","name":"Comment","target":["https:\/\/e-ciftlik.com\/haberler\/spor\/toprak-razgatlioglu-avustralyada-ikinci-oldu\/#respond"]}]},{"@type":"WebPage","@id":"https:\/\/e-ciftlik.com\/haberler\/spor\/toprak-razgatlioglu-avustralyada-ikinci-oldu\/","url":"https:\/\/e-ciftlik.com\/haberler\/spor\/toprak-razgatlioglu-avustralyada-ikinci-oldu\/","name":"Toprak Razgatl\u0131o\u011flu Avustralya'da \u0130kinci Oldu - E-&Ccedil;\u0130FTL\u0130K HABER","isPartOf":{"@id":"https:\/\/e-ciftlik.com\/haberler\/#website"},"primaryImageOfPage":{"@id":"https:\/\/e-ciftlik.com\/haberler\/spor\/toprak-razgatlioglu-avustralyada-ikinci-oldu\/#primaryimage"},"image":{"@id":"https:\/\/e-ciftlik.com\/haberler\/spor\/toprak-razgatlioglu-avustralyada-ikinci-oldu\/#primaryimage"},"thumbnailUrl":"https:\/\/e-ciftlik.com\/haberler\/wp-content\/uploads\/2025\/02\/t9DsfQNSVUysc5OE8-zW4Q.jpg","datePublished":"2025-02-23T00:16:08+00:00","description":"D\u00fcnya Superbike \u015eampiyonas\u0131'n\u0131n son \u015fampiyonu olan milli motosiklet\u00e7i Toprak Razgatl\u0131o\u011flu, 2025 sezonunun Avustralya'da ger\u00e7ekle\u015ftirilen ilk yar\u0131\u015f\u0131nda","breadcrumb":{"@id":"https:\/\/e-ciftlik.com\/haberler\/spor\/toprak-razgatlioglu-avustralyada-ikinci-oldu\/#breadcrumb"},"inLanguage":"tr","potentialAction":[{"@type":"ReadAction","target":["https:\/\/e-ciftlik.com\/haberler\/spor\/toprak-razgatlioglu-avustralyada-ikinci-oldu\/"]}]},{"@type":"ImageObject","inLanguage":"tr","@id":"https:\/\/e-ciftlik.com\/haberler\/spor\/toprak-razgatlioglu-avustralyada-ikinci-oldu\/#primaryimage","url":"https:\/\/e-ciftlik.com\/haberler\/wp-content\/uploads\/2025\/02\/t9DsfQNSVUysc5OE8-zW4Q.jpg","contentUrl":"https:\/\/e-ciftlik.com\/haberler\/wp-content\/uploads\/2025\/02\/t9DsfQNSVUysc5OE8-zW4Q.jpg","width":1080,"height":614},{"@type":"BreadcrumbList","@id":"https:\/\/e-ciftlik.com\/haberler\/spor\/toprak-razgatlioglu-avustralyada-ikinci-oldu\/#breadcrumb","itemListElement":[{"@type":"ListItem","position":1,"name":"Anasayfa","item":"https:\/\/e-ciftlik.com\/haberler\/"},{"@type":"ListItem","position":2,"name":"Toprak Razgatl\u0131o\u011flu Avustralya&#8217;da \u0130kinci Oldu"}]},{"@type":"WebSite","@id":"https:\/\/e-ciftlik.com\/haberler\/#website","url":"https:\/\/e-ciftlik.com\/haberler\/","name":"E-\u00c7iftlik Haber | G\u00fcncel, Son Dakika Haberler, En Son Haber","description":"","publisher":{"@id":"https:\/\/e-ciftlik.com\/haberler\/#organization"},"potentialAction":[{"@type":"SearchAction","target":{"@type":"EntryPoint","urlTemplate":"https:\/\/e-ciftlik.com\/haberler\/?s={search_term_string}"},"query-input":{"@type":"PropertyValueSpecification","valueRequired":true,"valueName":"search_term_string"}}],"inLanguage":"tr"},{"@type":"Organization","@id":"https:\/\/e-ciftlik.com\/haberler\/#organization","name":"E-\u00c7\u0130FTL\u0130K HABER","url":"https:\/\/e-ciftlik.com\/haberler\/","logo":{"@type":"ImageObject","inLanguage":"tr","@id":"https:\/\/e-ciftlik.com\/haberler\/#\/schema\/logo\/image\/","url":"https:\/\/e-ciftlik.com\/haberler\/wp-content\/uploads\/2024\/06\/cropped-cropped-favicon-1-2.png","contentUrl":"https:\/\/e-ciftlik.com\/haberler\/wp-content\/uploads\/2024\/06\/cropped-cropped-favicon-1-2.png","width":512,"height":512,"caption":"E-\u00c7\u0130FTL\u0130K HABER"},"image":{"@id":"https:\/\/e-ciftlik.com\/haberler\/#\/schema\/logo\/image\/"},"sameAs":["https:\/\/www.facebook.com\/eciftlikturkiye","https:\/\/x.com\/eciftlikresmi","https:\/\/www.instagram.com\/eciftlikresmi\/"]},{"@type":"Person","@id":"https:\/\/e-ciftlik.com\/haberler\/#\/schema\/person\/d2f4fee3143d7f72be82cb887d51b00a","name":"Haber Merkezi","image":{"@type":"ImageObject","inLanguage":"tr","@id":"https:\/\/secure.gravatar.com\/avatar\/6c27d641914e66c1d0452c92716002398782818991d86db1c2cccb531e7c7c82?s=96&d=mm&r=g","url":"https:\/\/secure.gravatar.com\/avatar\/6c27d641914e66c1d0452c92716002398782818991d86db1c2cccb531e7c7c82?s=96&d=mm&r=g","contentUrl":"https:\/\/secure.gravatar.com\/avatar\/6c27d641914e66c1d0452c92716002398782818991d86db1c2cccb531e7c7c82?s=96&d=mm&r=g","caption":"Haber Merkezi"},"sameAs":["http:\/\/e-ciftlik.com\/haberler"]}]}},"_links":{"self":[{"href":"https:\/\/e-ciftlik.com\/haberler\/wp-json\/wp\/v2\/posts\/83371","targetHints":{"allow":["GET"]}}],"collection":[{"href":"https:\/\/e-ciftlik.com\/haberler\/wp-json\/wp\/v2\/posts"}],"about":[{"href":"https:\/\/e-ciftlik.com\/haberler\/wp-json\/wp\/v2\/types\/post"}],"author":[{"embeddable":true,"href":"https:\/\/e-ciftlik.com\/haberler\/wp-json\/wp\/v2\/users\/1"}],"replies":[{"embeddable":true,"href":"https:\/\/e-ciftlik.com\/haberler\/wp-json\/wp\/v2\/comments?post=83371"}],"version-history":[{"count":0,"href":"https:\/\/e-ciftlik.com\/haberler\/wp-json\/wp\/v2\/posts\/83371\/revisions"}],"wp:featuredmedia":[{"embeddable":true,"href":"https:\/\/e-ciftlik.com\/haberler\/wp-json\/wp\/v2\/media\/83372"}],"wp:attachment":[{"href":"https:\/\/e-ciftlik.com\/haberler\/wp-json\/wp\/v2\/media?parent=83371"}],"wp:term":[{"taxonomy":"category","embeddable":true,"href":"https:\/\/e-ciftlik.com\/haberler\/wp-json\/wp\/v2\/categories?post=83371"},{"taxonomy":"post_tag","embeddable":true,"href":"https:\/\/e-ciftlik.com\/haberler\/wp-json\/wp\/v2\/tags?post=83371"}],"curies":[{"name":"wp","href":"https:\/\/api.w.org\/{rel}","templated":true}]}}