{"id":83376,"date":"2025-02-23T01:11:34","date_gmt":"2025-02-23T01:11:34","guid":{"rendered":"http:\/\/e-ciftlik.com\/haberler\/spor\/galatasarayda-fenerbahce-derbisi-oncesi-kalede-kim-var\/"},"modified":"2025-02-23T01:11:34","modified_gmt":"2025-02-23T01:11:34","slug":"galatasarayda-fenerbahce-derbisi-oncesi-kalede-kim-var","status":"publish","type":"post","link":"https:\/\/e-ciftlik.com\/haberler\/spor\/galatasarayda-fenerbahce-derbisi-oncesi-kalede-kim-var\/","title":{"rendered":"Galatasaray&#8217;da Fenerbah\u00e7e derbisi \u00f6ncesi kalede kim var?"},"content":{"rendered":"<p>Galatasaray, Trendyol S\u00fcper Lig&#8217;in 25. haftas\u0131nda Fenerbah\u00e7e&#8217;yi a\u011f\u0131rlayacak. Sar\u0131-k\u0131rm\u0131z\u0131l\u0131 tak\u0131mda kritik m\u00fccadele \u00f6ncesinde kaleyi kimin koruyaca\u011f\u0131 ise merak konusu. Son oynanan AZ Alkmaar ma\u00e7\u0131nda kalede ba\u015far\u0131l\u0131 performans sergileyen G\u00fcnay G\u00fcven\u00e7&#8217;in performans\u0131 dikkat \u00e7ekti.<\/p>\n<p>Sabah gazetesinin haberine g\u00f6re, Galatasaray Teknik Direkt\u00f6r\u00fc Okan Buruk hen\u00fcz derbide kaleyi kimin koruyaca\u011f\u0131na karar vermedi. Deneyimli teknik adam, taktik antrenman\u0131n ard\u0131ndan Muslera ve G\u00fcnay G\u00fcven\u00e7 aras\u0131nda bir tercih yapacak. Bu sezon G\u00fcnay, sar\u0131-k\u0131rm\u0131z\u0131l\u0131 formayla 9 resmi ma\u00e7ta g\u00f6rev al\u0131rken, 2 ma\u00e7ta kalesini gole kapatt\u0131. 33 ya\u015f\u0131ndaki filebek\u00e7i ise 12 kez topu a\u011flar\u0131nda g\u00f6rd\u00fc.<\/p>\n","protected":false},"excerpt":{"rendered":"<p>Galatasaray, Trendyol S\u00fcper Lig&#8217;in 25. haftas\u0131nda Fenerbah\u00e7e&#8217;yi a\u011f\u0131rlayacak. Sar\u0131-k\u0131rm\u0131z\u0131l\u0131 tak\u0131mda kritik m\u00fccadele \u00f6ncesinde kaleyi kimin&hellip;<\/p>\n","protected":false},"author":1,"featured_media":83377,"comment_status":"open","ping_status":"open","sticky":false,"template":"","format":"standard","meta":{"footnotes":""},"categories":[7],"tags":[],"class_list":["post-83376","post","type-post","status-publish","format-standard","has-post-thumbnail","hentry","category-spor"],"yoast_head":"<!-- This site is optimized with the Yoast SEO Premium plugin v24.3 (Yoast SEO v27.4) - https:\/\/yoast.com\/product\/yoast-seo-premium-wordpress\/ -->\n<title>Galatasaray&#039;da Fenerbah\u00e7e derbisi \u00f6ncesi kalede kim var? - E-&Ccedil;\u0130FTL\u0130K HABER<\/title>\n<meta name=\"description\" content=\"Galatasaray, Trendyol S\u00fcper Lig&#039;in 25. haftas\u0131nda Fenerbah\u00e7e&#039;yi a\u011f\u0131rlayacak. Sar\u0131-k\u0131rm\u0131z\u0131l\u0131 tak\u0131mda kritik m\u00fccadele \u00f6ncesinde kaleyi kimin koruyaca\u011f\u0131 ise\" \/>\n<meta name=\"robots\" content=\"index, follow, max-snippet:-1, max-image-preview:large, max-video-preview:-1\" \/>\n<link rel=\"canonical\" href=\"https:\/\/e-ciftlik.com\/haberler\/spor\/galatasarayda-fenerbahce-derbisi-oncesi-kalede-kim-var\/\" \/>\n<meta property=\"og:locale\" content=\"tr_TR\" \/>\n<meta property=\"og:type\" content=\"article\" \/>\n<meta property=\"og:title\" content=\"Galatasaray&#039;da Fenerbah\u00e7e derbisi \u00f6ncesi kalede kim var?\" \/>\n<meta property=\"og:description\" content=\"Galatasaray, Trendyol S\u00fcper Lig&#039;in 25. haftas\u0131nda Fenerbah\u00e7e&#039;yi a\u011f\u0131rlayacak. Sar\u0131-k\u0131rm\u0131z\u0131l\u0131 tak\u0131mda kritik m\u00fccadele \u00f6ncesinde kaleyi kimin koruyaca\u011f\u0131 ise\" \/>\n<meta property=\"og:url\" content=\"https:\/\/e-ciftlik.com\/haberler\/spor\/galatasarayda-fenerbahce-derbisi-oncesi-kalede-kim-var\/\" \/>\n<meta property=\"og:site_name\" content=\"E-&Ccedil;\u0130FTL\u0130K HABER\" \/>\n<meta property=\"article:publisher\" content=\"https:\/\/www.facebook.com\/eciftlikturkiye\" \/>\n<meta property=\"article:published_time\" content=\"2025-02-23T01:11:34+00:00\" \/>\n<meta property=\"og:image\" content=\"https:\/\/e-ciftlik.com\/haberler\/wp-content\/uploads\/2025\/02\/az32O40UzEOaFuoycnq2LQ.jpg\" \/>\n\t<meta property=\"og:image:width\" content=\"1080\" \/>\n\t<meta property=\"og:image:height\" content=\"614\" \/>\n\t<meta property=\"og:image:type\" content=\"image\/jpeg\" \/>\n<meta name=\"author\" content=\"Haber Merkezi\" \/>\n<meta name=\"twitter:card\" content=\"summary_large_image\" \/>\n<meta name=\"twitter:creator\" content=\"@eciftlikresmi\" \/>\n<meta name=\"twitter:site\" content=\"@eciftlikresmi\" \/>\n<meta name=\"twitter:label1\" content=\"Yazan:\" \/>\n\t<meta name=\"twitter:data1\" content=\"Haber Merkezi\" \/>\n\t<meta name=\"twitter:label2\" content=\"Tahmini okuma s\u00fcresi\" \/>\n\t<meta name=\"twitter:data2\" content=\"1 dakika\" \/>\n<script type=\"application\/ld+json\" class=\"yoast-schema-graph\">{\"@context\":\"https:\\\/\\\/schema.org\",\"@graph\":[{\"@type\":\"NewsArticle\",\"@id\":\"https:\\\/\\\/e-ciftlik.com\\\/haberler\\\/spor\\\/galatasarayda-fenerbahce-derbisi-oncesi-kalede-kim-var\\\/#article\",\"isPartOf\":{\"@id\":\"https:\\\/\\\/e-ciftlik.com\\\/haberler\\\/spor\\\/galatasarayda-fenerbahce-derbisi-oncesi-kalede-kim-var\\\/\"},\"author\":{\"name\":\"Haber Merkezi\",\"@id\":\"https:\\\/\\\/e-ciftlik.com\\\/haberler\\\/#\\\/schema\\\/person\\\/d2f4fee3143d7f72be82cb887d51b00a\"},\"headline\":\"Galatasaray&#8217;da Fenerbah\u00e7e derbisi \u00f6ncesi kalede kim var?\",\"datePublished\":\"2025-02-23T01:11:34+00:00\",\"mainEntityOfPage\":{\"@id\":\"https:\\\/\\\/e-ciftlik.com\\\/haberler\\\/spor\\\/galatasarayda-fenerbahce-derbisi-oncesi-kalede-kim-var\\\/\"},\"wordCount\":132,\"commentCount\":0,\"publisher\":{\"@id\":\"https:\\\/\\\/e-ciftlik.com\\\/haberler\\\/#organization\"},\"image\":{\"@id\":\"https:\\\/\\\/e-ciftlik.com\\\/haberler\\\/spor\\\/galatasarayda-fenerbahce-derbisi-oncesi-kalede-kim-var\\\/#primaryimage\"},\"thumbnailUrl\":\"https:\\\/\\\/e-ciftlik.com\\\/haberler\\\/wp-content\\\/uploads\\\/2025\\\/02\\\/az32O40UzEOaFuoycnq2LQ.jpg\",\"articleSection\":[\"Spor\"],\"inLanguage\":\"tr\",\"potentialAction\":[{\"@type\":\"CommentAction\",\"name\":\"Comment\",\"target\":[\"https:\\\/\\\/e-ciftlik.com\\\/haberler\\\/spor\\\/galatasarayda-fenerbahce-derbisi-oncesi-kalede-kim-var\\\/#respond\"]}]},{\"@type\":\"WebPage\",\"@id\":\"https:\\\/\\\/e-ciftlik.com\\\/haberler\\\/spor\\\/galatasarayda-fenerbahce-derbisi-oncesi-kalede-kim-var\\\/\",\"url\":\"https:\\\/\\\/e-ciftlik.com\\\/haberler\\\/spor\\\/galatasarayda-fenerbahce-derbisi-oncesi-kalede-kim-var\\\/\",\"name\":\"Galatasaray'da Fenerbah\u00e7e derbisi \u00f6ncesi kalede kim var? - E-&Ccedil;\u0130FTL\u0130K HABER\",\"isPartOf\":{\"@id\":\"https:\\\/\\\/e-ciftlik.com\\\/haberler\\\/#website\"},\"primaryImageOfPage\":{\"@id\":\"https:\\\/\\\/e-ciftlik.com\\\/haberler\\\/spor\\\/galatasarayda-fenerbahce-derbisi-oncesi-kalede-kim-var\\\/#primaryimage\"},\"image\":{\"@id\":\"https:\\\/\\\/e-ciftlik.com\\\/haberler\\\/spor\\\/galatasarayda-fenerbahce-derbisi-oncesi-kalede-kim-var\\\/#primaryimage\"},\"thumbnailUrl\":\"https:\\\/\\\/e-ciftlik.com\\\/haberler\\\/wp-content\\\/uploads\\\/2025\\\/02\\\/az32O40UzEOaFuoycnq2LQ.jpg\",\"datePublished\":\"2025-02-23T01:11:34+00:00\",\"description\":\"Galatasaray, Trendyol S\u00fcper Lig'in 25. haftas\u0131nda Fenerbah\u00e7e'yi a\u011f\u0131rlayacak. Sar\u0131-k\u0131rm\u0131z\u0131l\u0131 tak\u0131mda kritik m\u00fccadele \u00f6ncesinde kaleyi kimin koruyaca\u011f\u0131 ise\",\"breadcrumb\":{\"@id\":\"https:\\\/\\\/e-ciftlik.com\\\/haberler\\\/spor\\\/galatasarayda-fenerbahce-derbisi-oncesi-kalede-kim-var\\\/#breadcrumb\"},\"inLanguage\":\"tr\",\"potentialAction\":[{\"@type\":\"ReadAction\",\"target\":[\"https:\\\/\\\/e-ciftlik.com\\\/haberler\\\/spor\\\/galatasarayda-fenerbahce-derbisi-oncesi-kalede-kim-var\\\/\"]}]},{\"@type\":\"ImageObject\",\"inLanguage\":\"tr\",\"@id\":\"https:\\\/\\\/e-ciftlik.com\\\/haberler\\\/spor\\\/galatasarayda-fenerbahce-derbisi-oncesi-kalede-kim-var\\\/#primaryimage\",\"url\":\"https:\\\/\\\/e-ciftlik.com\\\/haberler\\\/wp-content\\\/uploads\\\/2025\\\/02\\\/az32O40UzEOaFuoycnq2LQ.jpg\",\"contentUrl\":\"https:\\\/\\\/e-ciftlik.com\\\/haberler\\\/wp-content\\\/uploads\\\/2025\\\/02\\\/az32O40UzEOaFuoycnq2LQ.jpg\",\"width\":1080,\"height\":614},{\"@type\":\"BreadcrumbList\",\"@id\":\"https:\\\/\\\/e-ciftlik.com\\\/haberler\\\/spor\\\/galatasarayda-fenerbahce-derbisi-oncesi-kalede-kim-var\\\/#breadcrumb\",\"itemListElement\":[{\"@type\":\"ListItem\",\"position\":1,\"name\":\"Anasayfa\",\"item\":\"https:\\\/\\\/e-ciftlik.com\\\/haberler\\\/\"},{\"@type\":\"ListItem\",\"position\":2,\"name\":\"Galatasaray&#8217;da Fenerbah\u00e7e derbisi \u00f6ncesi kalede kim var?\"}]},{\"@type\":\"WebSite\",\"@id\":\"https:\\\/\\\/e-ciftlik.com\\\/haberler\\\/#website\",\"url\":\"https:\\\/\\\/e-ciftlik.com\\\/haberler\\\/\",\"name\":\"E-\u00c7iftlik Haber | G\u00fcncel, Son Dakika Haberler, En Son Haber\",\"description\":\"\",\"publisher\":{\"@id\":\"https:\\\/\\\/e-ciftlik.com\\\/haberler\\\/#organization\"},\"potentialAction\":[{\"@type\":\"SearchAction\",\"target\":{\"@type\":\"EntryPoint\",\"urlTemplate\":\"https:\\\/\\\/e-ciftlik.com\\\/haberler\\\/?s={search_term_string}\"},\"query-input\":{\"@type\":\"PropertyValueSpecification\",\"valueRequired\":true,\"valueName\":\"search_term_string\"}}],\"inLanguage\":\"tr\"},{\"@type\":\"Organization\",\"@id\":\"https:\\\/\\\/e-ciftlik.com\\\/haberler\\\/#organization\",\"name\":\"E-\u00c7\u0130FTL\u0130K HABER\",\"url\":\"https:\\\/\\\/e-ciftlik.com\\\/haberler\\\/\",\"logo\":{\"@type\":\"ImageObject\",\"inLanguage\":\"tr\",\"@id\":\"https:\\\/\\\/e-ciftlik.com\\\/haberler\\\/#\\\/schema\\\/logo\\\/image\\\/\",\"url\":\"https:\\\/\\\/e-ciftlik.com\\\/haberler\\\/wp-content\\\/uploads\\\/2024\\\/06\\\/cropped-cropped-favicon-1-2.png\",\"contentUrl\":\"https:\\\/\\\/e-ciftlik.com\\\/haberler\\\/wp-content\\\/uploads\\\/2024\\\/06\\\/cropped-cropped-favicon-1-2.png\",\"width\":512,\"height\":512,\"caption\":\"E-\u00c7\u0130FTL\u0130K HABER\"},\"image\":{\"@id\":\"https:\\\/\\\/e-ciftlik.com\\\/haberler\\\/#\\\/schema\\\/logo\\\/image\\\/\"},\"sameAs\":[\"https:\\\/\\\/www.facebook.com\\\/eciftlikturkiye\",\"https:\\\/\\\/x.com\\\/eciftlikresmi\",\"https:\\\/\\\/www.instagram.com\\\/eciftlikresmi\\\/\"]},{\"@type\":\"Person\",\"@id\":\"https:\\\/\\\/e-ciftlik.com\\\/haberler\\\/#\\\/schema\\\/person\\\/d2f4fee3143d7f72be82cb887d51b00a\",\"name\":\"Haber Merkezi\",\"image\":{\"@type\":\"ImageObject\",\"inLanguage\":\"tr\",\"@id\":\"https:\\\/\\\/secure.gravatar.com\\\/avatar\\\/6c27d641914e66c1d0452c92716002398782818991d86db1c2cccb531e7c7c82?s=96&d=mm&r=g\",\"url\":\"https:\\\/\\\/secure.gravatar.com\\\/avatar\\\/6c27d641914e66c1d0452c92716002398782818991d86db1c2cccb531e7c7c82?s=96&d=mm&r=g\",\"contentUrl\":\"https:\\\/\\\/secure.gravatar.com\\\/avatar\\\/6c27d641914e66c1d0452c92716002398782818991d86db1c2cccb531e7c7c82?s=96&d=mm&r=g\",\"caption\":\"Haber Merkezi\"},\"sameAs\":[\"http:\\\/\\\/e-ciftlik.com\\\/haberler\"]}]}<\/script>\n<!-- \/ Yoast SEO Premium plugin. -->","yoast_head_json":{"title":"Galatasaray'da Fenerbah\u00e7e derbisi \u00f6ncesi kalede kim var? - E-&Ccedil;\u0130FTL\u0130K HABER","description":"Galatasaray, Trendyol S\u00fcper Lig'in 25. haftas\u0131nda Fenerbah\u00e7e'yi a\u011f\u0131rlayacak. Sar\u0131-k\u0131rm\u0131z\u0131l\u0131 tak\u0131mda kritik m\u00fccadele \u00f6ncesinde kaleyi kimin koruyaca\u011f\u0131 ise","robots":{"index":"index","follow":"follow","max-snippet":"max-snippet:-1","max-image-preview":"max-image-preview:large","max-video-preview":"max-video-preview:-1"},"canonical":"https:\/\/e-ciftlik.com\/haberler\/spor\/galatasarayda-fenerbahce-derbisi-oncesi-kalede-kim-var\/","og_locale":"tr_TR","og_type":"article","og_title":"Galatasaray'da Fenerbah\u00e7e derbisi \u00f6ncesi kalede kim var?","og_description":"Galatasaray, Trendyol S\u00fcper Lig'in 25. haftas\u0131nda Fenerbah\u00e7e'yi a\u011f\u0131rlayacak. Sar\u0131-k\u0131rm\u0131z\u0131l\u0131 tak\u0131mda kritik m\u00fccadele \u00f6ncesinde kaleyi kimin koruyaca\u011f\u0131 ise","og_url":"https:\/\/e-ciftlik.com\/haberler\/spor\/galatasarayda-fenerbahce-derbisi-oncesi-kalede-kim-var\/","og_site_name":"E-&Ccedil;\u0130FTL\u0130K HABER","article_publisher":"https:\/\/www.facebook.com\/eciftlikturkiye","article_published_time":"2025-02-23T01:11:34+00:00","og_image":[{"width":1080,"height":614,"url":"https:\/\/e-ciftlik.com\/haberler\/wp-content\/uploads\/2025\/02\/az32O40UzEOaFuoycnq2LQ.jpg","type":"image\/jpeg"}],"author":"Haber Merkezi","twitter_card":"summary_large_image","twitter_creator":"@eciftlikresmi","twitter_site":"@eciftlikresmi","twitter_misc":{"Yazan:":"Haber Merkezi","Tahmini okuma s\u00fcresi":"1 dakika"},"schema":{"@context":"https:\/\/schema.org","@graph":[{"@type":"NewsArticle","@id":"https:\/\/e-ciftlik.com\/haberler\/spor\/galatasarayda-fenerbahce-derbisi-oncesi-kalede-kim-var\/#article","isPartOf":{"@id":"https:\/\/e-ciftlik.com\/haberler\/spor\/galatasarayda-fenerbahce-derbisi-oncesi-kalede-kim-var\/"},"author":{"name":"Haber Merkezi","@id":"https:\/\/e-ciftlik.com\/haberler\/#\/schema\/person\/d2f4fee3143d7f72be82cb887d51b00a"},"headline":"Galatasaray&#8217;da Fenerbah\u00e7e derbisi \u00f6ncesi kalede kim var?","datePublished":"2025-02-23T01:11:34+00:00","mainEntityOfPage":{"@id":"https:\/\/e-ciftlik.com\/haberler\/spor\/galatasarayda-fenerbahce-derbisi-oncesi-kalede-kim-var\/"},"wordCount":132,"commentCount":0,"publisher":{"@id":"https:\/\/e-ciftlik.com\/haberler\/#organization"},"image":{"@id":"https:\/\/e-ciftlik.com\/haberler\/spor\/galatasarayda-fenerbahce-derbisi-oncesi-kalede-kim-var\/#primaryimage"},"thumbnailUrl":"https:\/\/e-ciftlik.com\/haberler\/wp-content\/uploads\/2025\/02\/az32O40UzEOaFuoycnq2LQ.jpg","articleSection":["Spor"],"inLanguage":"tr","potentialAction":[{"@type":"CommentAction","name":"Comment","target":["https:\/\/e-ciftlik.com\/haberler\/spor\/galatasarayda-fenerbahce-derbisi-oncesi-kalede-kim-var\/#respond"]}]},{"@type":"WebPage","@id":"https:\/\/e-ciftlik.com\/haberler\/spor\/galatasarayda-fenerbahce-derbisi-oncesi-kalede-kim-var\/","url":"https:\/\/e-ciftlik.com\/haberler\/spor\/galatasarayda-fenerbahce-derbisi-oncesi-kalede-kim-var\/","name":"Galatasaray'da Fenerbah\u00e7e derbisi \u00f6ncesi kalede kim var? - E-&Ccedil;\u0130FTL\u0130K HABER","isPartOf":{"@id":"https:\/\/e-ciftlik.com\/haberler\/#website"},"primaryImageOfPage":{"@id":"https:\/\/e-ciftlik.com\/haberler\/spor\/galatasarayda-fenerbahce-derbisi-oncesi-kalede-kim-var\/#primaryimage"},"image":{"@id":"https:\/\/e-ciftlik.com\/haberler\/spor\/galatasarayda-fenerbahce-derbisi-oncesi-kalede-kim-var\/#primaryimage"},"thumbnailUrl":"https:\/\/e-ciftlik.com\/haberler\/wp-content\/uploads\/2025\/02\/az32O40UzEOaFuoycnq2LQ.jpg","datePublished":"2025-02-23T01:11:34+00:00","description":"Galatasaray, Trendyol S\u00fcper Lig'in 25. haftas\u0131nda Fenerbah\u00e7e'yi a\u011f\u0131rlayacak. Sar\u0131-k\u0131rm\u0131z\u0131l\u0131 tak\u0131mda kritik m\u00fccadele \u00f6ncesinde kaleyi kimin koruyaca\u011f\u0131 ise","breadcrumb":{"@id":"https:\/\/e-ciftlik.com\/haberler\/spor\/galatasarayda-fenerbahce-derbisi-oncesi-kalede-kim-var\/#breadcrumb"},"inLanguage":"tr","potentialAction":[{"@type":"ReadAction","target":["https:\/\/e-ciftlik.com\/haberler\/spor\/galatasarayda-fenerbahce-derbisi-oncesi-kalede-kim-var\/"]}]},{"@type":"ImageObject","inLanguage":"tr","@id":"https:\/\/e-ciftlik.com\/haberler\/spor\/galatasarayda-fenerbahce-derbisi-oncesi-kalede-kim-var\/#primaryimage","url":"https:\/\/e-ciftlik.com\/haberler\/wp-content\/uploads\/2025\/02\/az32O40UzEOaFuoycnq2LQ.jpg","contentUrl":"https:\/\/e-ciftlik.com\/haberler\/wp-content\/uploads\/2025\/02\/az32O40UzEOaFuoycnq2LQ.jpg","width":1080,"height":614},{"@type":"BreadcrumbList","@id":"https:\/\/e-ciftlik.com\/haberler\/spor\/galatasarayda-fenerbahce-derbisi-oncesi-kalede-kim-var\/#breadcrumb","itemListElement":[{"@type":"ListItem","position":1,"name":"Anasayfa","item":"https:\/\/e-ciftlik.com\/haberler\/"},{"@type":"ListItem","position":2,"name":"Galatasaray&#8217;da Fenerbah\u00e7e derbisi \u00f6ncesi kalede kim var?"}]},{"@type":"WebSite","@id":"https:\/\/e-ciftlik.com\/haberler\/#website","url":"https:\/\/e-ciftlik.com\/haberler\/","name":"E-\u00c7iftlik Haber | G\u00fcncel, Son Dakika Haberler, En Son Haber","description":"","publisher":{"@id":"https:\/\/e-ciftlik.com\/haberler\/#organization"},"potentialAction":[{"@type":"SearchAction","target":{"@type":"EntryPoint","urlTemplate":"https:\/\/e-ciftlik.com\/haberler\/?s={search_term_string}"},"query-input":{"@type":"PropertyValueSpecification","valueRequired":true,"valueName":"search_term_string"}}],"inLanguage":"tr"},{"@type":"Organization","@id":"https:\/\/e-ciftlik.com\/haberler\/#organization","name":"E-\u00c7\u0130FTL\u0130K HABER","url":"https:\/\/e-ciftlik.com\/haberler\/","logo":{"@type":"ImageObject","inLanguage":"tr","@id":"https:\/\/e-ciftlik.com\/haberler\/#\/schema\/logo\/image\/","url":"https:\/\/e-ciftlik.com\/haberler\/wp-content\/uploads\/2024\/06\/cropped-cropped-favicon-1-2.png","contentUrl":"https:\/\/e-ciftlik.com\/haberler\/wp-content\/uploads\/2024\/06\/cropped-cropped-favicon-1-2.png","width":512,"height":512,"caption":"E-\u00c7\u0130FTL\u0130K HABER"},"image":{"@id":"https:\/\/e-ciftlik.com\/haberler\/#\/schema\/logo\/image\/"},"sameAs":["https:\/\/www.facebook.com\/eciftlikturkiye","https:\/\/x.com\/eciftlikresmi","https:\/\/www.instagram.com\/eciftlikresmi\/"]},{"@type":"Person","@id":"https:\/\/e-ciftlik.com\/haberler\/#\/schema\/person\/d2f4fee3143d7f72be82cb887d51b00a","name":"Haber Merkezi","image":{"@type":"ImageObject","inLanguage":"tr","@id":"https:\/\/secure.gravatar.com\/avatar\/6c27d641914e66c1d0452c92716002398782818991d86db1c2cccb531e7c7c82?s=96&d=mm&r=g","url":"https:\/\/secure.gravatar.com\/avatar\/6c27d641914e66c1d0452c92716002398782818991d86db1c2cccb531e7c7c82?s=96&d=mm&r=g","contentUrl":"https:\/\/secure.gravatar.com\/avatar\/6c27d641914e66c1d0452c92716002398782818991d86db1c2cccb531e7c7c82?s=96&d=mm&r=g","caption":"Haber Merkezi"},"sameAs":["http:\/\/e-ciftlik.com\/haberler"]}]}},"_links":{"self":[{"href":"https:\/\/e-ciftlik.com\/haberler\/wp-json\/wp\/v2\/posts\/83376","targetHints":{"allow":["GET"]}}],"collection":[{"href":"https:\/\/e-ciftlik.com\/haberler\/wp-json\/wp\/v2\/posts"}],"about":[{"href":"https:\/\/e-ciftlik.com\/haberler\/wp-json\/wp\/v2\/types\/post"}],"author":[{"embeddable":true,"href":"https:\/\/e-ciftlik.com\/haberler\/wp-json\/wp\/v2\/users\/1"}],"replies":[{"embeddable":true,"href":"https:\/\/e-ciftlik.com\/haberler\/wp-json\/wp\/v2\/comments?post=83376"}],"version-history":[{"count":0,"href":"https:\/\/e-ciftlik.com\/haberler\/wp-json\/wp\/v2\/posts\/83376\/revisions"}],"wp:featuredmedia":[{"embeddable":true,"href":"https:\/\/e-ciftlik.com\/haberler\/wp-json\/wp\/v2\/media\/83377"}],"wp:attachment":[{"href":"https:\/\/e-ciftlik.com\/haberler\/wp-json\/wp\/v2\/media?parent=83376"}],"wp:term":[{"taxonomy":"category","embeddable":true,"href":"https:\/\/e-ciftlik.com\/haberler\/wp-json\/wp\/v2\/categories?post=83376"},{"taxonomy":"post_tag","embeddable":true,"href":"https:\/\/e-ciftlik.com\/haberler\/wp-json\/wp\/v2\/tags?post=83376"}],"curies":[{"name":"wp","href":"https:\/\/api.w.org\/{rel}","templated":true}]}}