{"id":83483,"date":"2025-02-23T11:26:20","date_gmt":"2025-02-23T11:26:20","guid":{"rendered":"http:\/\/e-ciftlik.com\/haberler\/gundem\/yeni-mkyk-uyesi-serap-yazici-kimdir\/"},"modified":"2025-02-23T11:26:20","modified_gmt":"2025-02-23T11:26:20","slug":"yeni-mkyk-uyesi-serap-yazici-kimdir","status":"publish","type":"post","link":"https:\/\/e-ciftlik.com\/haberler\/gundem\/yeni-mkyk-uyesi-serap-yazici-kimdir\/","title":{"rendered":"Yeni MKYK \u00dcyesi Serap Yaz\u0131c\u0131 Kimdir?"},"content":{"rendered":"<p>AK Parti, &#8220;Ad\u0131nda AK, I\u015f\u0131\u011f\u0131nda \u0130stikbal&#8221; slogan\u0131yla ger\u00e7ekle\u015ftirdi\u011fi 8. Ola\u011fan B\u00fcy\u00fck Kongresi&#8217;nde yeni d\u00f6nemin y\u00f6netim kadrosunu belirledi. Ba\u015fkan Recep Tayyip Erdo\u011fan liderli\u011finde a\u00e7\u0131klanan Merkez Karar ve Y\u00f6netim Kurulu (MKYK) listesi siyaset kulislerinde geni\u015f yank\u0131 uyand\u0131rd\u0131. Hukuk alan\u0131ndaki akademik \u00e7al\u0131\u015fmalar\u0131yla tan\u0131nan Serap Yaz\u0131c\u0131 \u00d6zbudun&#8217;un listede yer almas\u0131 dikkatleri \u00fczerine \u00e7ekti.<\/p>\n<p>Yeni MKYK \u00fcyesi Serap Yaz\u0131c\u0131&#8217;n\u0131n kim oldu\u011fu, ka\u00e7 ya\u015f\u0131nda oldu\u011fu ve aslen nereli oldu\u011fu merak konusu oldu. <\/p>\n<p>Yaz\u0131n\u0131n Sahibi: ahaber.com.tr Haber Merkezi<\/p>\n<p>Giri\u015f Tarihi: 23.02.2025, Saat: 13:26<br \/>\nG\u00fcncelleme Tarihi: 23.02.2025, Saat: 13:33<\/p>\n","protected":false},"excerpt":{"rendered":"<p>AK Parti, &#8220;Ad\u0131nda AK, I\u015f\u0131\u011f\u0131nda \u0130stikbal&#8221; slogan\u0131yla ger\u00e7ekle\u015ftirdi\u011fi 8. Ola\u011fan B\u00fcy\u00fck Kongresi&#8217;nde yeni d\u00f6nemin y\u00f6netim&hellip;<\/p>\n","protected":false},"author":1,"featured_media":83484,"comment_status":"open","ping_status":"open","sticky":false,"template":"","format":"standard","meta":{"footnotes":""},"categories":[10],"tags":[],"class_list":["post-83483","post","type-post","status-publish","format-standard","has-post-thumbnail","hentry","category-gundem"],"yoast_head":"<!-- This site is optimized with the Yoast SEO Premium plugin v24.3 (Yoast SEO v27.4) - https:\/\/yoast.com\/product\/yoast-seo-premium-wordpress\/ -->\n<title>Yeni MKYK \u00dcyesi Serap Yaz\u0131c\u0131 Kimdir? - E-&Ccedil;\u0130FTL\u0130K HABER<\/title>\n<meta name=\"description\" content=\"AK Parti, &quot;Ad\u0131nda AK, I\u015f\u0131\u011f\u0131nda \u0130stikbal&quot; slogan\u0131yla ger\u00e7ekle\u015ftirdi\u011fi 8. Ola\u011fan B\u00fcy\u00fck Kongresi&#039;nde yeni d\u00f6nemin y\u00f6netim kadrosunu belirledi. Ba\u015fkan Recep\" \/>\n<meta name=\"robots\" content=\"index, follow, max-snippet:-1, max-image-preview:large, max-video-preview:-1\" \/>\n<link rel=\"canonical\" href=\"https:\/\/e-ciftlik.com\/haberler\/gundem\/yeni-mkyk-uyesi-serap-yazici-kimdir\/\" \/>\n<meta property=\"og:locale\" content=\"tr_TR\" \/>\n<meta property=\"og:type\" content=\"article\" \/>\n<meta property=\"og:title\" content=\"Yeni MKYK \u00dcyesi Serap Yaz\u0131c\u0131 Kimdir?\" \/>\n<meta property=\"og:description\" content=\"AK Parti, &quot;Ad\u0131nda AK, I\u015f\u0131\u011f\u0131nda \u0130stikbal&quot; slogan\u0131yla ger\u00e7ekle\u015ftirdi\u011fi 8. Ola\u011fan B\u00fcy\u00fck Kongresi&#039;nde yeni d\u00f6nemin y\u00f6netim kadrosunu belirledi. Ba\u015fkan Recep\" \/>\n<meta property=\"og:url\" content=\"https:\/\/e-ciftlik.com\/haberler\/gundem\/yeni-mkyk-uyesi-serap-yazici-kimdir\/\" \/>\n<meta property=\"og:site_name\" content=\"E-&Ccedil;\u0130FTL\u0130K HABER\" \/>\n<meta property=\"article:publisher\" content=\"https:\/\/www.facebook.com\/eciftlikturkiye\" \/>\n<meta property=\"article:published_time\" content=\"2025-02-23T11:26:20+00:00\" \/>\n<meta property=\"og:image\" content=\"https:\/\/e-ciftlik.com\/haberler\/wp-content\/uploads\/2025\/02\/yeni-mkyk-uyesi-serap-yazici-kimdir-kac-yasinda-aslen-nereli-1740306224278.jpg\" \/>\n\t<meta property=\"og:image:width\" content=\"1200\" \/>\n\t<meta property=\"og:image:height\" content=\"675\" \/>\n\t<meta property=\"og:image:type\" content=\"image\/jpeg\" \/>\n<meta name=\"author\" content=\"Haber Merkezi\" \/>\n<meta name=\"twitter:card\" content=\"summary_large_image\" \/>\n<meta name=\"twitter:creator\" content=\"@eciftlikresmi\" \/>\n<meta name=\"twitter:site\" content=\"@eciftlikresmi\" \/>\n<meta name=\"twitter:label1\" content=\"Yazan:\" \/>\n\t<meta name=\"twitter:data1\" content=\"Haber Merkezi\" \/>\n\t<meta name=\"twitter:label2\" content=\"Tahmini okuma s\u00fcresi\" \/>\n\t<meta name=\"twitter:data2\" content=\"1 dakika\" \/>\n<script type=\"application\/ld+json\" class=\"yoast-schema-graph\">{\"@context\":\"https:\\\/\\\/schema.org\",\"@graph\":[{\"@type\":\"NewsArticle\",\"@id\":\"https:\\\/\\\/e-ciftlik.com\\\/haberler\\\/gundem\\\/yeni-mkyk-uyesi-serap-yazici-kimdir\\\/#article\",\"isPartOf\":{\"@id\":\"https:\\\/\\\/e-ciftlik.com\\\/haberler\\\/gundem\\\/yeni-mkyk-uyesi-serap-yazici-kimdir\\\/\"},\"author\":{\"name\":\"Haber Merkezi\",\"@id\":\"https:\\\/\\\/e-ciftlik.com\\\/haberler\\\/#\\\/schema\\\/person\\\/d2f4fee3143d7f72be82cb887d51b00a\"},\"headline\":\"Yeni MKYK \u00dcyesi Serap Yaz\u0131c\u0131 Kimdir?\",\"datePublished\":\"2025-02-23T11:26:20+00:00\",\"mainEntityOfPage\":{\"@id\":\"https:\\\/\\\/e-ciftlik.com\\\/haberler\\\/gundem\\\/yeni-mkyk-uyesi-serap-yazici-kimdir\\\/\"},\"wordCount\":119,\"commentCount\":0,\"publisher\":{\"@id\":\"https:\\\/\\\/e-ciftlik.com\\\/haberler\\\/#organization\"},\"image\":{\"@id\":\"https:\\\/\\\/e-ciftlik.com\\\/haberler\\\/gundem\\\/yeni-mkyk-uyesi-serap-yazici-kimdir\\\/#primaryimage\"},\"thumbnailUrl\":\"https:\\\/\\\/e-ciftlik.com\\\/haberler\\\/wp-content\\\/uploads\\\/2025\\\/02\\\/yeni-mkyk-uyesi-serap-yazici-kimdir-kac-yasinda-aslen-nereli-1740306224278.jpg\",\"articleSection\":[\"G\u00fcndem\"],\"inLanguage\":\"tr\",\"potentialAction\":[{\"@type\":\"CommentAction\",\"name\":\"Comment\",\"target\":[\"https:\\\/\\\/e-ciftlik.com\\\/haberler\\\/gundem\\\/yeni-mkyk-uyesi-serap-yazici-kimdir\\\/#respond\"]}]},{\"@type\":\"WebPage\",\"@id\":\"https:\\\/\\\/e-ciftlik.com\\\/haberler\\\/gundem\\\/yeni-mkyk-uyesi-serap-yazici-kimdir\\\/\",\"url\":\"https:\\\/\\\/e-ciftlik.com\\\/haberler\\\/gundem\\\/yeni-mkyk-uyesi-serap-yazici-kimdir\\\/\",\"name\":\"Yeni MKYK \u00dcyesi Serap Yaz\u0131c\u0131 Kimdir? - E-&Ccedil;\u0130FTL\u0130K HABER\",\"isPartOf\":{\"@id\":\"https:\\\/\\\/e-ciftlik.com\\\/haberler\\\/#website\"},\"primaryImageOfPage\":{\"@id\":\"https:\\\/\\\/e-ciftlik.com\\\/haberler\\\/gundem\\\/yeni-mkyk-uyesi-serap-yazici-kimdir\\\/#primaryimage\"},\"image\":{\"@id\":\"https:\\\/\\\/e-ciftlik.com\\\/haberler\\\/gundem\\\/yeni-mkyk-uyesi-serap-yazici-kimdir\\\/#primaryimage\"},\"thumbnailUrl\":\"https:\\\/\\\/e-ciftlik.com\\\/haberler\\\/wp-content\\\/uploads\\\/2025\\\/02\\\/yeni-mkyk-uyesi-serap-yazici-kimdir-kac-yasinda-aslen-nereli-1740306224278.jpg\",\"datePublished\":\"2025-02-23T11:26:20+00:00\",\"description\":\"AK Parti, \\\"Ad\u0131nda AK, I\u015f\u0131\u011f\u0131nda \u0130stikbal\\\" slogan\u0131yla ger\u00e7ekle\u015ftirdi\u011fi 8. Ola\u011fan B\u00fcy\u00fck Kongresi'nde yeni d\u00f6nemin y\u00f6netim kadrosunu belirledi. Ba\u015fkan Recep\",\"breadcrumb\":{\"@id\":\"https:\\\/\\\/e-ciftlik.com\\\/haberler\\\/gundem\\\/yeni-mkyk-uyesi-serap-yazici-kimdir\\\/#breadcrumb\"},\"inLanguage\":\"tr\",\"potentialAction\":[{\"@type\":\"ReadAction\",\"target\":[\"https:\\\/\\\/e-ciftlik.com\\\/haberler\\\/gundem\\\/yeni-mkyk-uyesi-serap-yazici-kimdir\\\/\"]}]},{\"@type\":\"ImageObject\",\"inLanguage\":\"tr\",\"@id\":\"https:\\\/\\\/e-ciftlik.com\\\/haberler\\\/gundem\\\/yeni-mkyk-uyesi-serap-yazici-kimdir\\\/#primaryimage\",\"url\":\"https:\\\/\\\/e-ciftlik.com\\\/haberler\\\/wp-content\\\/uploads\\\/2025\\\/02\\\/yeni-mkyk-uyesi-serap-yazici-kimdir-kac-yasinda-aslen-nereli-1740306224278.jpg\",\"contentUrl\":\"https:\\\/\\\/e-ciftlik.com\\\/haberler\\\/wp-content\\\/uploads\\\/2025\\\/02\\\/yeni-mkyk-uyesi-serap-yazici-kimdir-kac-yasinda-aslen-nereli-1740306224278.jpg\",\"width\":1200,\"height\":675},{\"@type\":\"BreadcrumbList\",\"@id\":\"https:\\\/\\\/e-ciftlik.com\\\/haberler\\\/gundem\\\/yeni-mkyk-uyesi-serap-yazici-kimdir\\\/#breadcrumb\",\"itemListElement\":[{\"@type\":\"ListItem\",\"position\":1,\"name\":\"Anasayfa\",\"item\":\"https:\\\/\\\/e-ciftlik.com\\\/haberler\\\/\"},{\"@type\":\"ListItem\",\"position\":2,\"name\":\"Yeni MKYK \u00dcyesi Serap Yaz\u0131c\u0131 Kimdir?\"}]},{\"@type\":\"WebSite\",\"@id\":\"https:\\\/\\\/e-ciftlik.com\\\/haberler\\\/#website\",\"url\":\"https:\\\/\\\/e-ciftlik.com\\\/haberler\\\/\",\"name\":\"E-\u00c7iftlik Haber | G\u00fcncel, Son Dakika Haberler, En Son Haber\",\"description\":\"\",\"publisher\":{\"@id\":\"https:\\\/\\\/e-ciftlik.com\\\/haberler\\\/#organization\"},\"potentialAction\":[{\"@type\":\"SearchAction\",\"target\":{\"@type\":\"EntryPoint\",\"urlTemplate\":\"https:\\\/\\\/e-ciftlik.com\\\/haberler\\\/?s={search_term_string}\"},\"query-input\":{\"@type\":\"PropertyValueSpecification\",\"valueRequired\":true,\"valueName\":\"search_term_string\"}}],\"inLanguage\":\"tr\"},{\"@type\":\"Organization\",\"@id\":\"https:\\\/\\\/e-ciftlik.com\\\/haberler\\\/#organization\",\"name\":\"E-\u00c7\u0130FTL\u0130K HABER\",\"url\":\"https:\\\/\\\/e-ciftlik.com\\\/haberler\\\/\",\"logo\":{\"@type\":\"ImageObject\",\"inLanguage\":\"tr\",\"@id\":\"https:\\\/\\\/e-ciftlik.com\\\/haberler\\\/#\\\/schema\\\/logo\\\/image\\\/\",\"url\":\"https:\\\/\\\/e-ciftlik.com\\\/haberler\\\/wp-content\\\/uploads\\\/2024\\\/06\\\/cropped-cropped-favicon-1-2.png\",\"contentUrl\":\"https:\\\/\\\/e-ciftlik.com\\\/haberler\\\/wp-content\\\/uploads\\\/2024\\\/06\\\/cropped-cropped-favicon-1-2.png\",\"width\":512,\"height\":512,\"caption\":\"E-\u00c7\u0130FTL\u0130K HABER\"},\"image\":{\"@id\":\"https:\\\/\\\/e-ciftlik.com\\\/haberler\\\/#\\\/schema\\\/logo\\\/image\\\/\"},\"sameAs\":[\"https:\\\/\\\/www.facebook.com\\\/eciftlikturkiye\",\"https:\\\/\\\/x.com\\\/eciftlikresmi\",\"https:\\\/\\\/www.instagram.com\\\/eciftlikresmi\\\/\"]},{\"@type\":\"Person\",\"@id\":\"https:\\\/\\\/e-ciftlik.com\\\/haberler\\\/#\\\/schema\\\/person\\\/d2f4fee3143d7f72be82cb887d51b00a\",\"name\":\"Haber Merkezi\",\"image\":{\"@type\":\"ImageObject\",\"inLanguage\":\"tr\",\"@id\":\"https:\\\/\\\/secure.gravatar.com\\\/avatar\\\/6c27d641914e66c1d0452c92716002398782818991d86db1c2cccb531e7c7c82?s=96&d=mm&r=g\",\"url\":\"https:\\\/\\\/secure.gravatar.com\\\/avatar\\\/6c27d641914e66c1d0452c92716002398782818991d86db1c2cccb531e7c7c82?s=96&d=mm&r=g\",\"contentUrl\":\"https:\\\/\\\/secure.gravatar.com\\\/avatar\\\/6c27d641914e66c1d0452c92716002398782818991d86db1c2cccb531e7c7c82?s=96&d=mm&r=g\",\"caption\":\"Haber Merkezi\"},\"sameAs\":[\"http:\\\/\\\/e-ciftlik.com\\\/haberler\"]}]}<\/script>\n<!-- \/ Yoast SEO Premium plugin. -->","yoast_head_json":{"title":"Yeni MKYK \u00dcyesi Serap Yaz\u0131c\u0131 Kimdir? - E-&Ccedil;\u0130FTL\u0130K HABER","description":"AK Parti, \"Ad\u0131nda AK, I\u015f\u0131\u011f\u0131nda \u0130stikbal\" slogan\u0131yla ger\u00e7ekle\u015ftirdi\u011fi 8. Ola\u011fan B\u00fcy\u00fck Kongresi'nde yeni d\u00f6nemin y\u00f6netim kadrosunu belirledi. Ba\u015fkan Recep","robots":{"index":"index","follow":"follow","max-snippet":"max-snippet:-1","max-image-preview":"max-image-preview:large","max-video-preview":"max-video-preview:-1"},"canonical":"https:\/\/e-ciftlik.com\/haberler\/gundem\/yeni-mkyk-uyesi-serap-yazici-kimdir\/","og_locale":"tr_TR","og_type":"article","og_title":"Yeni MKYK \u00dcyesi Serap Yaz\u0131c\u0131 Kimdir?","og_description":"AK Parti, \"Ad\u0131nda AK, I\u015f\u0131\u011f\u0131nda \u0130stikbal\" slogan\u0131yla ger\u00e7ekle\u015ftirdi\u011fi 8. Ola\u011fan B\u00fcy\u00fck Kongresi'nde yeni d\u00f6nemin y\u00f6netim kadrosunu belirledi. Ba\u015fkan Recep","og_url":"https:\/\/e-ciftlik.com\/haberler\/gundem\/yeni-mkyk-uyesi-serap-yazici-kimdir\/","og_site_name":"E-&Ccedil;\u0130FTL\u0130K HABER","article_publisher":"https:\/\/www.facebook.com\/eciftlikturkiye","article_published_time":"2025-02-23T11:26:20+00:00","og_image":[{"width":1200,"height":675,"url":"https:\/\/e-ciftlik.com\/haberler\/wp-content\/uploads\/2025\/02\/yeni-mkyk-uyesi-serap-yazici-kimdir-kac-yasinda-aslen-nereli-1740306224278.jpg","type":"image\/jpeg"}],"author":"Haber Merkezi","twitter_card":"summary_large_image","twitter_creator":"@eciftlikresmi","twitter_site":"@eciftlikresmi","twitter_misc":{"Yazan:":"Haber Merkezi","Tahmini okuma s\u00fcresi":"1 dakika"},"schema":{"@context":"https:\/\/schema.org","@graph":[{"@type":"NewsArticle","@id":"https:\/\/e-ciftlik.com\/haberler\/gundem\/yeni-mkyk-uyesi-serap-yazici-kimdir\/#article","isPartOf":{"@id":"https:\/\/e-ciftlik.com\/haberler\/gundem\/yeni-mkyk-uyesi-serap-yazici-kimdir\/"},"author":{"name":"Haber Merkezi","@id":"https:\/\/e-ciftlik.com\/haberler\/#\/schema\/person\/d2f4fee3143d7f72be82cb887d51b00a"},"headline":"Yeni MKYK \u00dcyesi Serap Yaz\u0131c\u0131 Kimdir?","datePublished":"2025-02-23T11:26:20+00:00","mainEntityOfPage":{"@id":"https:\/\/e-ciftlik.com\/haberler\/gundem\/yeni-mkyk-uyesi-serap-yazici-kimdir\/"},"wordCount":119,"commentCount":0,"publisher":{"@id":"https:\/\/e-ciftlik.com\/haberler\/#organization"},"image":{"@id":"https:\/\/e-ciftlik.com\/haberler\/gundem\/yeni-mkyk-uyesi-serap-yazici-kimdir\/#primaryimage"},"thumbnailUrl":"https:\/\/e-ciftlik.com\/haberler\/wp-content\/uploads\/2025\/02\/yeni-mkyk-uyesi-serap-yazici-kimdir-kac-yasinda-aslen-nereli-1740306224278.jpg","articleSection":["G\u00fcndem"],"inLanguage":"tr","potentialAction":[{"@type":"CommentAction","name":"Comment","target":["https:\/\/e-ciftlik.com\/haberler\/gundem\/yeni-mkyk-uyesi-serap-yazici-kimdir\/#respond"]}]},{"@type":"WebPage","@id":"https:\/\/e-ciftlik.com\/haberler\/gundem\/yeni-mkyk-uyesi-serap-yazici-kimdir\/","url":"https:\/\/e-ciftlik.com\/haberler\/gundem\/yeni-mkyk-uyesi-serap-yazici-kimdir\/","name":"Yeni MKYK \u00dcyesi Serap Yaz\u0131c\u0131 Kimdir? - E-&Ccedil;\u0130FTL\u0130K HABER","isPartOf":{"@id":"https:\/\/e-ciftlik.com\/haberler\/#website"},"primaryImageOfPage":{"@id":"https:\/\/e-ciftlik.com\/haberler\/gundem\/yeni-mkyk-uyesi-serap-yazici-kimdir\/#primaryimage"},"image":{"@id":"https:\/\/e-ciftlik.com\/haberler\/gundem\/yeni-mkyk-uyesi-serap-yazici-kimdir\/#primaryimage"},"thumbnailUrl":"https:\/\/e-ciftlik.com\/haberler\/wp-content\/uploads\/2025\/02\/yeni-mkyk-uyesi-serap-yazici-kimdir-kac-yasinda-aslen-nereli-1740306224278.jpg","datePublished":"2025-02-23T11:26:20+00:00","description":"AK Parti, \"Ad\u0131nda AK, I\u015f\u0131\u011f\u0131nda \u0130stikbal\" slogan\u0131yla ger\u00e7ekle\u015ftirdi\u011fi 8. Ola\u011fan B\u00fcy\u00fck Kongresi'nde yeni d\u00f6nemin y\u00f6netim kadrosunu belirledi. Ba\u015fkan Recep","breadcrumb":{"@id":"https:\/\/e-ciftlik.com\/haberler\/gundem\/yeni-mkyk-uyesi-serap-yazici-kimdir\/#breadcrumb"},"inLanguage":"tr","potentialAction":[{"@type":"ReadAction","target":["https:\/\/e-ciftlik.com\/haberler\/gundem\/yeni-mkyk-uyesi-serap-yazici-kimdir\/"]}]},{"@type":"ImageObject","inLanguage":"tr","@id":"https:\/\/e-ciftlik.com\/haberler\/gundem\/yeni-mkyk-uyesi-serap-yazici-kimdir\/#primaryimage","url":"https:\/\/e-ciftlik.com\/haberler\/wp-content\/uploads\/2025\/02\/yeni-mkyk-uyesi-serap-yazici-kimdir-kac-yasinda-aslen-nereli-1740306224278.jpg","contentUrl":"https:\/\/e-ciftlik.com\/haberler\/wp-content\/uploads\/2025\/02\/yeni-mkyk-uyesi-serap-yazici-kimdir-kac-yasinda-aslen-nereli-1740306224278.jpg","width":1200,"height":675},{"@type":"BreadcrumbList","@id":"https:\/\/e-ciftlik.com\/haberler\/gundem\/yeni-mkyk-uyesi-serap-yazici-kimdir\/#breadcrumb","itemListElement":[{"@type":"ListItem","position":1,"name":"Anasayfa","item":"https:\/\/e-ciftlik.com\/haberler\/"},{"@type":"ListItem","position":2,"name":"Yeni MKYK \u00dcyesi Serap Yaz\u0131c\u0131 Kimdir?"}]},{"@type":"WebSite","@id":"https:\/\/e-ciftlik.com\/haberler\/#website","url":"https:\/\/e-ciftlik.com\/haberler\/","name":"E-\u00c7iftlik Haber | G\u00fcncel, Son Dakika Haberler, En Son Haber","description":"","publisher":{"@id":"https:\/\/e-ciftlik.com\/haberler\/#organization"},"potentialAction":[{"@type":"SearchAction","target":{"@type":"EntryPoint","urlTemplate":"https:\/\/e-ciftlik.com\/haberler\/?s={search_term_string}"},"query-input":{"@type":"PropertyValueSpecification","valueRequired":true,"valueName":"search_term_string"}}],"inLanguage":"tr"},{"@type":"Organization","@id":"https:\/\/e-ciftlik.com\/haberler\/#organization","name":"E-\u00c7\u0130FTL\u0130K HABER","url":"https:\/\/e-ciftlik.com\/haberler\/","logo":{"@type":"ImageObject","inLanguage":"tr","@id":"https:\/\/e-ciftlik.com\/haberler\/#\/schema\/logo\/image\/","url":"https:\/\/e-ciftlik.com\/haberler\/wp-content\/uploads\/2024\/06\/cropped-cropped-favicon-1-2.png","contentUrl":"https:\/\/e-ciftlik.com\/haberler\/wp-content\/uploads\/2024\/06\/cropped-cropped-favicon-1-2.png","width":512,"height":512,"caption":"E-\u00c7\u0130FTL\u0130K HABER"},"image":{"@id":"https:\/\/e-ciftlik.com\/haberler\/#\/schema\/logo\/image\/"},"sameAs":["https:\/\/www.facebook.com\/eciftlikturkiye","https:\/\/x.com\/eciftlikresmi","https:\/\/www.instagram.com\/eciftlikresmi\/"]},{"@type":"Person","@id":"https:\/\/e-ciftlik.com\/haberler\/#\/schema\/person\/d2f4fee3143d7f72be82cb887d51b00a","name":"Haber Merkezi","image":{"@type":"ImageObject","inLanguage":"tr","@id":"https:\/\/secure.gravatar.com\/avatar\/6c27d641914e66c1d0452c92716002398782818991d86db1c2cccb531e7c7c82?s=96&d=mm&r=g","url":"https:\/\/secure.gravatar.com\/avatar\/6c27d641914e66c1d0452c92716002398782818991d86db1c2cccb531e7c7c82?s=96&d=mm&r=g","contentUrl":"https:\/\/secure.gravatar.com\/avatar\/6c27d641914e66c1d0452c92716002398782818991d86db1c2cccb531e7c7c82?s=96&d=mm&r=g","caption":"Haber Merkezi"},"sameAs":["http:\/\/e-ciftlik.com\/haberler"]}]}},"_links":{"self":[{"href":"https:\/\/e-ciftlik.com\/haberler\/wp-json\/wp\/v2\/posts\/83483","targetHints":{"allow":["GET"]}}],"collection":[{"href":"https:\/\/e-ciftlik.com\/haberler\/wp-json\/wp\/v2\/posts"}],"about":[{"href":"https:\/\/e-ciftlik.com\/haberler\/wp-json\/wp\/v2\/types\/post"}],"author":[{"embeddable":true,"href":"https:\/\/e-ciftlik.com\/haberler\/wp-json\/wp\/v2\/users\/1"}],"replies":[{"embeddable":true,"href":"https:\/\/e-ciftlik.com\/haberler\/wp-json\/wp\/v2\/comments?post=83483"}],"version-history":[{"count":0,"href":"https:\/\/e-ciftlik.com\/haberler\/wp-json\/wp\/v2\/posts\/83483\/revisions"}],"wp:featuredmedia":[{"embeddable":true,"href":"https:\/\/e-ciftlik.com\/haberler\/wp-json\/wp\/v2\/media\/83484"}],"wp:attachment":[{"href":"https:\/\/e-ciftlik.com\/haberler\/wp-json\/wp\/v2\/media?parent=83483"}],"wp:term":[{"taxonomy":"category","embeddable":true,"href":"https:\/\/e-ciftlik.com\/haberler\/wp-json\/wp\/v2\/categories?post=83483"},{"taxonomy":"post_tag","embeddable":true,"href":"https:\/\/e-ciftlik.com\/haberler\/wp-json\/wp\/v2\/tags?post=83483"}],"curies":[{"name":"wp","href":"https:\/\/api.w.org\/{rel}","templated":true}]}}