{"id":83498,"date":"2025-02-23T12:02:19","date_gmt":"2025-02-23T12:02:19","guid":{"rendered":"http:\/\/e-ciftlik.com\/haberler\/spor\/okan-burukun-taktik-hamlesi-derbide-savunma-direnci-artacak\/"},"modified":"2025-02-23T12:02:19","modified_gmt":"2025-02-23T12:02:19","slug":"okan-burukun-taktik-hamlesi-derbide-savunma-direnci-artacak","status":"publish","type":"post","link":"https:\/\/e-ciftlik.com\/haberler\/spor\/okan-burukun-taktik-hamlesi-derbide-savunma-direnci-artacak\/","title":{"rendered":"Okan Buruk&#8217;un taktik hamlesi: Derbide savunma direnci artacak"},"content":{"rendered":"<p>Galatasaray&#8217;da son haftalarda savunma performans\u0131nda d\u00fc\u015f\u00fc\u015f ya\u015fan\u0131yor. Bu durumu d\u00fczeltmek i\u00e7in teknik direkt\u00f6r Okan Buruk, derbi ma\u00e7\u0131nda farkl\u0131 bir strateji uygulamay\u0131 planl\u0131yor. Savunma direncini art\u0131rmak amac\u0131yla orta sahay\u0131 \u00fc\u00e7leyerek daha g\u00fc\u00e7l\u00fc bir savunma hatt\u0131 olu\u015fturacak olan Buruk, tak\u0131m\u0131n performans\u0131n\u0131 y\u00fckseltmeyi hedefliyor. Son ma\u00e7larda ya\u015fanan olumsuzluklar\u0131 gidermek i\u00e7in yap\u0131lan bu hamle, Galatasaray taraftarlar\u0131 taraf\u0131ndan olumlu kar\u015f\u0131lanm\u0131\u015ft\u0131r.<\/p>\n","protected":false},"excerpt":{"rendered":"<p>Galatasaray&#8217;da son haftalarda savunma performans\u0131nda d\u00fc\u015f\u00fc\u015f ya\u015fan\u0131yor. Bu durumu d\u00fczeltmek i\u00e7in teknik direkt\u00f6r Okan Buruk,&hellip;<\/p>\n","protected":false},"author":1,"featured_media":83499,"comment_status":"open","ping_status":"open","sticky":false,"template":"","format":"standard","meta":{"footnotes":""},"categories":[7],"tags":[],"class_list":["post-83498","post","type-post","status-publish","format-standard","has-post-thumbnail","hentry","category-spor"],"yoast_head":"<!-- This site is optimized with the Yoast SEO Premium plugin v24.3 (Yoast SEO v27.4) - https:\/\/yoast.com\/product\/yoast-seo-premium-wordpress\/ -->\n<title>Okan Buruk&#039;un taktik hamlesi: Derbide savunma direnci artacak - E-&Ccedil;\u0130FTL\u0130K HABER<\/title>\n<meta name=\"description\" content=\"Galatasaray&#039;da son haftalarda savunma performans\u0131nda d\u00fc\u015f\u00fc\u015f ya\u015fan\u0131yor. Bu durumu d\u00fczeltmek i\u00e7in teknik direkt\u00f6r Okan Buruk, derbi ma\u00e7\u0131nda farkl\u0131 bir\" \/>\n<meta name=\"robots\" content=\"index, follow, max-snippet:-1, max-image-preview:large, max-video-preview:-1\" \/>\n<link rel=\"canonical\" href=\"https:\/\/e-ciftlik.com\/haberler\/spor\/okan-burukun-taktik-hamlesi-derbide-savunma-direnci-artacak\/\" \/>\n<meta property=\"og:locale\" content=\"tr_TR\" \/>\n<meta property=\"og:type\" content=\"article\" \/>\n<meta property=\"og:title\" content=\"Okan Buruk&#039;un taktik hamlesi: Derbide savunma direnci artacak\" \/>\n<meta property=\"og:description\" content=\"Galatasaray&#039;da son haftalarda savunma performans\u0131nda d\u00fc\u015f\u00fc\u015f ya\u015fan\u0131yor. Bu durumu d\u00fczeltmek i\u00e7in teknik direkt\u00f6r Okan Buruk, derbi ma\u00e7\u0131nda farkl\u0131 bir\" \/>\n<meta property=\"og:url\" content=\"https:\/\/e-ciftlik.com\/haberler\/spor\/okan-burukun-taktik-hamlesi-derbide-savunma-direnci-artacak\/\" \/>\n<meta property=\"og:site_name\" content=\"E-&Ccedil;\u0130FTL\u0130K HABER\" \/>\n<meta property=\"article:publisher\" content=\"https:\/\/www.facebook.com\/eciftlikturkiye\" \/>\n<meta property=\"article:published_time\" content=\"2025-02-23T12:02:19+00:00\" \/>\n<meta property=\"og:image\" content=\"https:\/\/e-ciftlik.com\/haberler\/wp-content\/uploads\/2025\/02\/1740312142_1200x628.jpeg\" \/>\n\t<meta property=\"og:image:width\" content=\"1200\" \/>\n\t<meta property=\"og:image:height\" content=\"628\" \/>\n\t<meta property=\"og:image:type\" content=\"image\/jpeg\" \/>\n<meta name=\"author\" content=\"Haber Merkezi\" \/>\n<meta name=\"twitter:card\" content=\"summary_large_image\" \/>\n<meta name=\"twitter:creator\" content=\"@eciftlikresmi\" \/>\n<meta name=\"twitter:site\" content=\"@eciftlikresmi\" \/>\n<meta name=\"twitter:label1\" content=\"Yazan:\" \/>\n\t<meta name=\"twitter:data1\" content=\"Haber Merkezi\" \/>\n<script type=\"application\/ld+json\" class=\"yoast-schema-graph\">{\"@context\":\"https:\\\/\\\/schema.org\",\"@graph\":[{\"@type\":\"NewsArticle\",\"@id\":\"https:\\\/\\\/e-ciftlik.com\\\/haberler\\\/spor\\\/okan-burukun-taktik-hamlesi-derbide-savunma-direnci-artacak\\\/#article\",\"isPartOf\":{\"@id\":\"https:\\\/\\\/e-ciftlik.com\\\/haberler\\\/spor\\\/okan-burukun-taktik-hamlesi-derbide-savunma-direnci-artacak\\\/\"},\"author\":{\"name\":\"Haber Merkezi\",\"@id\":\"https:\\\/\\\/e-ciftlik.com\\\/haberler\\\/#\\\/schema\\\/person\\\/d2f4fee3143d7f72be82cb887d51b00a\"},\"headline\":\"Okan Buruk&#8217;un taktik hamlesi: Derbide savunma direnci artacak\",\"datePublished\":\"2025-02-23T12:02:19+00:00\",\"mainEntityOfPage\":{\"@id\":\"https:\\\/\\\/e-ciftlik.com\\\/haberler\\\/spor\\\/okan-burukun-taktik-hamlesi-derbide-savunma-direnci-artacak\\\/\"},\"wordCount\":89,\"commentCount\":0,\"publisher\":{\"@id\":\"https:\\\/\\\/e-ciftlik.com\\\/haberler\\\/#organization\"},\"image\":{\"@id\":\"https:\\\/\\\/e-ciftlik.com\\\/haberler\\\/spor\\\/okan-burukun-taktik-hamlesi-derbide-savunma-direnci-artacak\\\/#primaryimage\"},\"thumbnailUrl\":\"https:\\\/\\\/e-ciftlik.com\\\/haberler\\\/wp-content\\\/uploads\\\/2025\\\/02\\\/1740312142_1200x628.jpeg\",\"articleSection\":[\"Spor\"],\"inLanguage\":\"tr\",\"potentialAction\":[{\"@type\":\"CommentAction\",\"name\":\"Comment\",\"target\":[\"https:\\\/\\\/e-ciftlik.com\\\/haberler\\\/spor\\\/okan-burukun-taktik-hamlesi-derbide-savunma-direnci-artacak\\\/#respond\"]}]},{\"@type\":\"WebPage\",\"@id\":\"https:\\\/\\\/e-ciftlik.com\\\/haberler\\\/spor\\\/okan-burukun-taktik-hamlesi-derbide-savunma-direnci-artacak\\\/\",\"url\":\"https:\\\/\\\/e-ciftlik.com\\\/haberler\\\/spor\\\/okan-burukun-taktik-hamlesi-derbide-savunma-direnci-artacak\\\/\",\"name\":\"Okan Buruk'un taktik hamlesi: Derbide savunma direnci artacak - E-&Ccedil;\u0130FTL\u0130K HABER\",\"isPartOf\":{\"@id\":\"https:\\\/\\\/e-ciftlik.com\\\/haberler\\\/#website\"},\"primaryImageOfPage\":{\"@id\":\"https:\\\/\\\/e-ciftlik.com\\\/haberler\\\/spor\\\/okan-burukun-taktik-hamlesi-derbide-savunma-direnci-artacak\\\/#primaryimage\"},\"image\":{\"@id\":\"https:\\\/\\\/e-ciftlik.com\\\/haberler\\\/spor\\\/okan-burukun-taktik-hamlesi-derbide-savunma-direnci-artacak\\\/#primaryimage\"},\"thumbnailUrl\":\"https:\\\/\\\/e-ciftlik.com\\\/haberler\\\/wp-content\\\/uploads\\\/2025\\\/02\\\/1740312142_1200x628.jpeg\",\"datePublished\":\"2025-02-23T12:02:19+00:00\",\"description\":\"Galatasaray'da son haftalarda savunma performans\u0131nda d\u00fc\u015f\u00fc\u015f ya\u015fan\u0131yor. Bu durumu d\u00fczeltmek i\u00e7in teknik direkt\u00f6r Okan Buruk, derbi ma\u00e7\u0131nda farkl\u0131 bir\",\"breadcrumb\":{\"@id\":\"https:\\\/\\\/e-ciftlik.com\\\/haberler\\\/spor\\\/okan-burukun-taktik-hamlesi-derbide-savunma-direnci-artacak\\\/#breadcrumb\"},\"inLanguage\":\"tr\",\"potentialAction\":[{\"@type\":\"ReadAction\",\"target\":[\"https:\\\/\\\/e-ciftlik.com\\\/haberler\\\/spor\\\/okan-burukun-taktik-hamlesi-derbide-savunma-direnci-artacak\\\/\"]}]},{\"@type\":\"ImageObject\",\"inLanguage\":\"tr\",\"@id\":\"https:\\\/\\\/e-ciftlik.com\\\/haberler\\\/spor\\\/okan-burukun-taktik-hamlesi-derbide-savunma-direnci-artacak\\\/#primaryimage\",\"url\":\"https:\\\/\\\/e-ciftlik.com\\\/haberler\\\/wp-content\\\/uploads\\\/2025\\\/02\\\/1740312142_1200x628.jpeg\",\"contentUrl\":\"https:\\\/\\\/e-ciftlik.com\\\/haberler\\\/wp-content\\\/uploads\\\/2025\\\/02\\\/1740312142_1200x628.jpeg\",\"width\":1200,\"height\":628},{\"@type\":\"BreadcrumbList\",\"@id\":\"https:\\\/\\\/e-ciftlik.com\\\/haberler\\\/spor\\\/okan-burukun-taktik-hamlesi-derbide-savunma-direnci-artacak\\\/#breadcrumb\",\"itemListElement\":[{\"@type\":\"ListItem\",\"position\":1,\"name\":\"Anasayfa\",\"item\":\"https:\\\/\\\/e-ciftlik.com\\\/haberler\\\/\"},{\"@type\":\"ListItem\",\"position\":2,\"name\":\"Okan Buruk&#8217;un taktik hamlesi: Derbide savunma direnci artacak\"}]},{\"@type\":\"WebSite\",\"@id\":\"https:\\\/\\\/e-ciftlik.com\\\/haberler\\\/#website\",\"url\":\"https:\\\/\\\/e-ciftlik.com\\\/haberler\\\/\",\"name\":\"E-\u00c7iftlik Haber | G\u00fcncel, Son Dakika Haberler, En Son Haber\",\"description\":\"\",\"publisher\":{\"@id\":\"https:\\\/\\\/e-ciftlik.com\\\/haberler\\\/#organization\"},\"potentialAction\":[{\"@type\":\"SearchAction\",\"target\":{\"@type\":\"EntryPoint\",\"urlTemplate\":\"https:\\\/\\\/e-ciftlik.com\\\/haberler\\\/?s={search_term_string}\"},\"query-input\":{\"@type\":\"PropertyValueSpecification\",\"valueRequired\":true,\"valueName\":\"search_term_string\"}}],\"inLanguage\":\"tr\"},{\"@type\":\"Organization\",\"@id\":\"https:\\\/\\\/e-ciftlik.com\\\/haberler\\\/#organization\",\"name\":\"E-\u00c7\u0130FTL\u0130K HABER\",\"url\":\"https:\\\/\\\/e-ciftlik.com\\\/haberler\\\/\",\"logo\":{\"@type\":\"ImageObject\",\"inLanguage\":\"tr\",\"@id\":\"https:\\\/\\\/e-ciftlik.com\\\/haberler\\\/#\\\/schema\\\/logo\\\/image\\\/\",\"url\":\"https:\\\/\\\/e-ciftlik.com\\\/haberler\\\/wp-content\\\/uploads\\\/2024\\\/06\\\/cropped-cropped-favicon-1-2.png\",\"contentUrl\":\"https:\\\/\\\/e-ciftlik.com\\\/haberler\\\/wp-content\\\/uploads\\\/2024\\\/06\\\/cropped-cropped-favicon-1-2.png\",\"width\":512,\"height\":512,\"caption\":\"E-\u00c7\u0130FTL\u0130K HABER\"},\"image\":{\"@id\":\"https:\\\/\\\/e-ciftlik.com\\\/haberler\\\/#\\\/schema\\\/logo\\\/image\\\/\"},\"sameAs\":[\"https:\\\/\\\/www.facebook.com\\\/eciftlikturkiye\",\"https:\\\/\\\/x.com\\\/eciftlikresmi\",\"https:\\\/\\\/www.instagram.com\\\/eciftlikresmi\\\/\"]},{\"@type\":\"Person\",\"@id\":\"https:\\\/\\\/e-ciftlik.com\\\/haberler\\\/#\\\/schema\\\/person\\\/d2f4fee3143d7f72be82cb887d51b00a\",\"name\":\"Haber Merkezi\",\"image\":{\"@type\":\"ImageObject\",\"inLanguage\":\"tr\",\"@id\":\"https:\\\/\\\/secure.gravatar.com\\\/avatar\\\/6c27d641914e66c1d0452c92716002398782818991d86db1c2cccb531e7c7c82?s=96&d=mm&r=g\",\"url\":\"https:\\\/\\\/secure.gravatar.com\\\/avatar\\\/6c27d641914e66c1d0452c92716002398782818991d86db1c2cccb531e7c7c82?s=96&d=mm&r=g\",\"contentUrl\":\"https:\\\/\\\/secure.gravatar.com\\\/avatar\\\/6c27d641914e66c1d0452c92716002398782818991d86db1c2cccb531e7c7c82?s=96&d=mm&r=g\",\"caption\":\"Haber Merkezi\"},\"sameAs\":[\"http:\\\/\\\/e-ciftlik.com\\\/haberler\"]}]}<\/script>\n<!-- \/ Yoast SEO Premium plugin. -->","yoast_head_json":{"title":"Okan Buruk'un taktik hamlesi: Derbide savunma direnci artacak - E-&Ccedil;\u0130FTL\u0130K HABER","description":"Galatasaray'da son haftalarda savunma performans\u0131nda d\u00fc\u015f\u00fc\u015f ya\u015fan\u0131yor. Bu durumu d\u00fczeltmek i\u00e7in teknik direkt\u00f6r Okan Buruk, derbi ma\u00e7\u0131nda farkl\u0131 bir","robots":{"index":"index","follow":"follow","max-snippet":"max-snippet:-1","max-image-preview":"max-image-preview:large","max-video-preview":"max-video-preview:-1"},"canonical":"https:\/\/e-ciftlik.com\/haberler\/spor\/okan-burukun-taktik-hamlesi-derbide-savunma-direnci-artacak\/","og_locale":"tr_TR","og_type":"article","og_title":"Okan Buruk'un taktik hamlesi: Derbide savunma direnci artacak","og_description":"Galatasaray'da son haftalarda savunma performans\u0131nda d\u00fc\u015f\u00fc\u015f ya\u015fan\u0131yor. Bu durumu d\u00fczeltmek i\u00e7in teknik direkt\u00f6r Okan Buruk, derbi ma\u00e7\u0131nda farkl\u0131 bir","og_url":"https:\/\/e-ciftlik.com\/haberler\/spor\/okan-burukun-taktik-hamlesi-derbide-savunma-direnci-artacak\/","og_site_name":"E-&Ccedil;\u0130FTL\u0130K HABER","article_publisher":"https:\/\/www.facebook.com\/eciftlikturkiye","article_published_time":"2025-02-23T12:02:19+00:00","og_image":[{"width":1200,"height":628,"url":"https:\/\/e-ciftlik.com\/haberler\/wp-content\/uploads\/2025\/02\/1740312142_1200x628.jpeg","type":"image\/jpeg"}],"author":"Haber Merkezi","twitter_card":"summary_large_image","twitter_creator":"@eciftlikresmi","twitter_site":"@eciftlikresmi","twitter_misc":{"Yazan:":"Haber Merkezi"},"schema":{"@context":"https:\/\/schema.org","@graph":[{"@type":"NewsArticle","@id":"https:\/\/e-ciftlik.com\/haberler\/spor\/okan-burukun-taktik-hamlesi-derbide-savunma-direnci-artacak\/#article","isPartOf":{"@id":"https:\/\/e-ciftlik.com\/haberler\/spor\/okan-burukun-taktik-hamlesi-derbide-savunma-direnci-artacak\/"},"author":{"name":"Haber Merkezi","@id":"https:\/\/e-ciftlik.com\/haberler\/#\/schema\/person\/d2f4fee3143d7f72be82cb887d51b00a"},"headline":"Okan Buruk&#8217;un taktik hamlesi: Derbide savunma direnci artacak","datePublished":"2025-02-23T12:02:19+00:00","mainEntityOfPage":{"@id":"https:\/\/e-ciftlik.com\/haberler\/spor\/okan-burukun-taktik-hamlesi-derbide-savunma-direnci-artacak\/"},"wordCount":89,"commentCount":0,"publisher":{"@id":"https:\/\/e-ciftlik.com\/haberler\/#organization"},"image":{"@id":"https:\/\/e-ciftlik.com\/haberler\/spor\/okan-burukun-taktik-hamlesi-derbide-savunma-direnci-artacak\/#primaryimage"},"thumbnailUrl":"https:\/\/e-ciftlik.com\/haberler\/wp-content\/uploads\/2025\/02\/1740312142_1200x628.jpeg","articleSection":["Spor"],"inLanguage":"tr","potentialAction":[{"@type":"CommentAction","name":"Comment","target":["https:\/\/e-ciftlik.com\/haberler\/spor\/okan-burukun-taktik-hamlesi-derbide-savunma-direnci-artacak\/#respond"]}]},{"@type":"WebPage","@id":"https:\/\/e-ciftlik.com\/haberler\/spor\/okan-burukun-taktik-hamlesi-derbide-savunma-direnci-artacak\/","url":"https:\/\/e-ciftlik.com\/haberler\/spor\/okan-burukun-taktik-hamlesi-derbide-savunma-direnci-artacak\/","name":"Okan Buruk'un taktik hamlesi: Derbide savunma direnci artacak - E-&Ccedil;\u0130FTL\u0130K HABER","isPartOf":{"@id":"https:\/\/e-ciftlik.com\/haberler\/#website"},"primaryImageOfPage":{"@id":"https:\/\/e-ciftlik.com\/haberler\/spor\/okan-burukun-taktik-hamlesi-derbide-savunma-direnci-artacak\/#primaryimage"},"image":{"@id":"https:\/\/e-ciftlik.com\/haberler\/spor\/okan-burukun-taktik-hamlesi-derbide-savunma-direnci-artacak\/#primaryimage"},"thumbnailUrl":"https:\/\/e-ciftlik.com\/haberler\/wp-content\/uploads\/2025\/02\/1740312142_1200x628.jpeg","datePublished":"2025-02-23T12:02:19+00:00","description":"Galatasaray'da son haftalarda savunma performans\u0131nda d\u00fc\u015f\u00fc\u015f ya\u015fan\u0131yor. Bu durumu d\u00fczeltmek i\u00e7in teknik direkt\u00f6r Okan Buruk, derbi ma\u00e7\u0131nda farkl\u0131 bir","breadcrumb":{"@id":"https:\/\/e-ciftlik.com\/haberler\/spor\/okan-burukun-taktik-hamlesi-derbide-savunma-direnci-artacak\/#breadcrumb"},"inLanguage":"tr","potentialAction":[{"@type":"ReadAction","target":["https:\/\/e-ciftlik.com\/haberler\/spor\/okan-burukun-taktik-hamlesi-derbide-savunma-direnci-artacak\/"]}]},{"@type":"ImageObject","inLanguage":"tr","@id":"https:\/\/e-ciftlik.com\/haberler\/spor\/okan-burukun-taktik-hamlesi-derbide-savunma-direnci-artacak\/#primaryimage","url":"https:\/\/e-ciftlik.com\/haberler\/wp-content\/uploads\/2025\/02\/1740312142_1200x628.jpeg","contentUrl":"https:\/\/e-ciftlik.com\/haberler\/wp-content\/uploads\/2025\/02\/1740312142_1200x628.jpeg","width":1200,"height":628},{"@type":"BreadcrumbList","@id":"https:\/\/e-ciftlik.com\/haberler\/spor\/okan-burukun-taktik-hamlesi-derbide-savunma-direnci-artacak\/#breadcrumb","itemListElement":[{"@type":"ListItem","position":1,"name":"Anasayfa","item":"https:\/\/e-ciftlik.com\/haberler\/"},{"@type":"ListItem","position":2,"name":"Okan Buruk&#8217;un taktik hamlesi: Derbide savunma direnci artacak"}]},{"@type":"WebSite","@id":"https:\/\/e-ciftlik.com\/haberler\/#website","url":"https:\/\/e-ciftlik.com\/haberler\/","name":"E-\u00c7iftlik Haber | G\u00fcncel, Son Dakika Haberler, En Son Haber","description":"","publisher":{"@id":"https:\/\/e-ciftlik.com\/haberler\/#organization"},"potentialAction":[{"@type":"SearchAction","target":{"@type":"EntryPoint","urlTemplate":"https:\/\/e-ciftlik.com\/haberler\/?s={search_term_string}"},"query-input":{"@type":"PropertyValueSpecification","valueRequired":true,"valueName":"search_term_string"}}],"inLanguage":"tr"},{"@type":"Organization","@id":"https:\/\/e-ciftlik.com\/haberler\/#organization","name":"E-\u00c7\u0130FTL\u0130K HABER","url":"https:\/\/e-ciftlik.com\/haberler\/","logo":{"@type":"ImageObject","inLanguage":"tr","@id":"https:\/\/e-ciftlik.com\/haberler\/#\/schema\/logo\/image\/","url":"https:\/\/e-ciftlik.com\/haberler\/wp-content\/uploads\/2024\/06\/cropped-cropped-favicon-1-2.png","contentUrl":"https:\/\/e-ciftlik.com\/haberler\/wp-content\/uploads\/2024\/06\/cropped-cropped-favicon-1-2.png","width":512,"height":512,"caption":"E-\u00c7\u0130FTL\u0130K HABER"},"image":{"@id":"https:\/\/e-ciftlik.com\/haberler\/#\/schema\/logo\/image\/"},"sameAs":["https:\/\/www.facebook.com\/eciftlikturkiye","https:\/\/x.com\/eciftlikresmi","https:\/\/www.instagram.com\/eciftlikresmi\/"]},{"@type":"Person","@id":"https:\/\/e-ciftlik.com\/haberler\/#\/schema\/person\/d2f4fee3143d7f72be82cb887d51b00a","name":"Haber Merkezi","image":{"@type":"ImageObject","inLanguage":"tr","@id":"https:\/\/secure.gravatar.com\/avatar\/6c27d641914e66c1d0452c92716002398782818991d86db1c2cccb531e7c7c82?s=96&d=mm&r=g","url":"https:\/\/secure.gravatar.com\/avatar\/6c27d641914e66c1d0452c92716002398782818991d86db1c2cccb531e7c7c82?s=96&d=mm&r=g","contentUrl":"https:\/\/secure.gravatar.com\/avatar\/6c27d641914e66c1d0452c92716002398782818991d86db1c2cccb531e7c7c82?s=96&d=mm&r=g","caption":"Haber Merkezi"},"sameAs":["http:\/\/e-ciftlik.com\/haberler"]}]}},"_links":{"self":[{"href":"https:\/\/e-ciftlik.com\/haberler\/wp-json\/wp\/v2\/posts\/83498","targetHints":{"allow":["GET"]}}],"collection":[{"href":"https:\/\/e-ciftlik.com\/haberler\/wp-json\/wp\/v2\/posts"}],"about":[{"href":"https:\/\/e-ciftlik.com\/haberler\/wp-json\/wp\/v2\/types\/post"}],"author":[{"embeddable":true,"href":"https:\/\/e-ciftlik.com\/haberler\/wp-json\/wp\/v2\/users\/1"}],"replies":[{"embeddable":true,"href":"https:\/\/e-ciftlik.com\/haberler\/wp-json\/wp\/v2\/comments?post=83498"}],"version-history":[{"count":0,"href":"https:\/\/e-ciftlik.com\/haberler\/wp-json\/wp\/v2\/posts\/83498\/revisions"}],"wp:featuredmedia":[{"embeddable":true,"href":"https:\/\/e-ciftlik.com\/haberler\/wp-json\/wp\/v2\/media\/83499"}],"wp:attachment":[{"href":"https:\/\/e-ciftlik.com\/haberler\/wp-json\/wp\/v2\/media?parent=83498"}],"wp:term":[{"taxonomy":"category","embeddable":true,"href":"https:\/\/e-ciftlik.com\/haberler\/wp-json\/wp\/v2\/categories?post=83498"},{"taxonomy":"post_tag","embeddable":true,"href":"https:\/\/e-ciftlik.com\/haberler\/wp-json\/wp\/v2\/tags?post=83498"}],"curies":[{"name":"wp","href":"https:\/\/api.w.org\/{rel}","templated":true}]}}