{"id":83526,"date":"2025-02-23T11:08:00","date_gmt":"2025-02-23T11:08:00","guid":{"rendered":"https:\/\/e-ciftlik.com\/haberler\/tarim\/mersinde-seftali-agaclari-buz-tuttu\/"},"modified":"2025-02-23T11:08:00","modified_gmt":"2025-02-23T11:08:00","slug":"mersinde-seftali-agaclari-buz-tuttu","status":"publish","type":"post","link":"https:\/\/e-ciftlik.com\/haberler\/tarim\/mersinde-seftali-agaclari-buz-tuttu\/","title":{"rendered":"Mersin&#8217;de \u015feftali a\u011fa\u00e7lar\u0131 buz tuttu!"},"content":{"rendered":"<p>Mersin&#8217;de \u015eeftali Bah\u00e7elerinde Buzlanma Problemi<\/p>\n<p>MERS\u0130N &#8211; Son g\u00fcnlerde \u00fclke genelinde etkili olan so\u011fuk ve ya\u011f\u0131\u015fl\u0131 hava Mersin&#8217;in Tarsus il\u00e7esindeki \u015feftali bah\u00e7elerinde de sorunlara yol a\u00e7t\u0131.<\/p>\n<p>Tarsus&#8217;un ova k\u00f6ylerinde \u00f6zellikle son iki g\u00fcnd\u00fcr ya\u015fanan so\u011fuk hava ve don, \u00e7i\u00e7ek a\u00e7an a\u011fa\u00e7lara zarar verdi. Egemen ve Ye\u015filtepe mahalleleri gibi b\u00f6lgelerdeki \u00e7ift\u00e7iler, geceleyin ate\u015f yakarak don etkisini azaltmaya \u00e7al\u0131\u015ft\u0131lar. Ancak \u00e7i\u00e7ek a\u00e7m\u0131\u015f olan bir\u00e7ok \u015feftali a\u011fac\u0131 dondan etkilendi ve buz tuttu. Buzlanan bah\u00e7elerde ciddi bir zarar meydana geldi\u011fi belirtildi.<\/p>\n","protected":false},"excerpt":{"rendered":"<p>Mersin&#8217;de \u015eeftali Bah\u00e7elerinde Buzlanma Problemi MERS\u0130N &#8211; Son g\u00fcnlerde \u00fclke genelinde etkili olan so\u011fuk ve&hellip;<\/p>\n","protected":false},"author":1,"featured_media":0,"comment_status":"open","ping_status":"open","sticky":false,"template":"","format":"standard","meta":{"footnotes":""},"categories":[9],"tags":[],"class_list":["post-83526","post","type-post","status-publish","format-standard","hentry","category-tarim"],"yoast_head":"<!-- This site is optimized with the Yoast SEO Premium plugin v24.3 (Yoast SEO v27.4) - https:\/\/yoast.com\/product\/yoast-seo-premium-wordpress\/ -->\n<title>Mersin&#039;de \u015feftali a\u011fa\u00e7lar\u0131 buz tuttu! - E-&Ccedil;\u0130FTL\u0130K HABER<\/title>\n<meta name=\"description\" content=\"Mersin&#039;de \u015eeftali Bah\u00e7elerinde Buzlanma Problemi MERS\u0130N - Son g\u00fcnlerde \u00fclke genelinde etkili olan so\u011fuk ve ya\u011f\u0131\u015fl\u0131 hava Mersin&#039;in Tarsus il\u00e7esindeki\" \/>\n<meta name=\"robots\" content=\"index, follow, max-snippet:-1, max-image-preview:large, max-video-preview:-1\" \/>\n<link rel=\"canonical\" href=\"https:\/\/e-ciftlik.com\/haberler\/tarim\/mersinde-seftali-agaclari-buz-tuttu\/\" \/>\n<meta property=\"og:locale\" content=\"tr_TR\" \/>\n<meta property=\"og:type\" content=\"article\" \/>\n<meta property=\"og:title\" content=\"Mersin&#039;de \u015feftali a\u011fa\u00e7lar\u0131 buz tuttu!\" \/>\n<meta property=\"og:description\" content=\"Mersin&#039;de \u015eeftali Bah\u00e7elerinde Buzlanma Problemi MERS\u0130N - Son g\u00fcnlerde \u00fclke genelinde etkili olan so\u011fuk ve ya\u011f\u0131\u015fl\u0131 hava Mersin&#039;in Tarsus il\u00e7esindeki\" \/>\n<meta property=\"og:url\" content=\"https:\/\/e-ciftlik.com\/haberler\/tarim\/mersinde-seftali-agaclari-buz-tuttu\/\" \/>\n<meta property=\"og:site_name\" content=\"E-&Ccedil;\u0130FTL\u0130K HABER\" \/>\n<meta property=\"article:publisher\" content=\"https:\/\/www.facebook.com\/eciftlikturkiye\" \/>\n<meta property=\"article:published_time\" content=\"2025-02-23T11:08:00+00:00\" \/>\n<meta name=\"author\" content=\"Haber Merkezi\" \/>\n<meta name=\"twitter:card\" content=\"summary_large_image\" \/>\n<meta name=\"twitter:creator\" content=\"@eciftlikresmi\" \/>\n<meta name=\"twitter:site\" content=\"@eciftlikresmi\" \/>\n<meta name=\"twitter:label1\" content=\"Yazan:\" \/>\n\t<meta name=\"twitter:data1\" content=\"Haber Merkezi\" \/>\n\t<meta name=\"twitter:label2\" content=\"Tahmini okuma s\u00fcresi\" \/>\n\t<meta name=\"twitter:data2\" content=\"1 dakika\" \/>\n<script type=\"application\/ld+json\" class=\"yoast-schema-graph\">{\"@context\":\"https:\\\/\\\/schema.org\",\"@graph\":[{\"@type\":\"NewsArticle\",\"@id\":\"https:\\\/\\\/e-ciftlik.com\\\/haberler\\\/tarim\\\/mersinde-seftali-agaclari-buz-tuttu\\\/#article\",\"isPartOf\":{\"@id\":\"https:\\\/\\\/e-ciftlik.com\\\/haberler\\\/tarim\\\/mersinde-seftali-agaclari-buz-tuttu\\\/\"},\"author\":{\"name\":\"Haber Merkezi\",\"@id\":\"https:\\\/\\\/e-ciftlik.com\\\/haberler\\\/#\\\/schema\\\/person\\\/d2f4fee3143d7f72be82cb887d51b00a\"},\"headline\":\"Mersin&#8217;de \u015feftali a\u011fa\u00e7lar\u0131 buz tuttu!\",\"datePublished\":\"2025-02-23T11:08:00+00:00\",\"mainEntityOfPage\":{\"@id\":\"https:\\\/\\\/e-ciftlik.com\\\/haberler\\\/tarim\\\/mersinde-seftali-agaclari-buz-tuttu\\\/\"},\"wordCount\":116,\"commentCount\":0,\"publisher\":{\"@id\":\"https:\\\/\\\/e-ciftlik.com\\\/haberler\\\/#organization\"},\"articleSection\":[\"Tar\u0131m\"],\"inLanguage\":\"tr\",\"potentialAction\":[{\"@type\":\"CommentAction\",\"name\":\"Comment\",\"target\":[\"https:\\\/\\\/e-ciftlik.com\\\/haberler\\\/tarim\\\/mersinde-seftali-agaclari-buz-tuttu\\\/#respond\"]}]},{\"@type\":\"WebPage\",\"@id\":\"https:\\\/\\\/e-ciftlik.com\\\/haberler\\\/tarim\\\/mersinde-seftali-agaclari-buz-tuttu\\\/\",\"url\":\"https:\\\/\\\/e-ciftlik.com\\\/haberler\\\/tarim\\\/mersinde-seftali-agaclari-buz-tuttu\\\/\",\"name\":\"Mersin'de \u015feftali a\u011fa\u00e7lar\u0131 buz tuttu! - E-&Ccedil;\u0130FTL\u0130K HABER\",\"isPartOf\":{\"@id\":\"https:\\\/\\\/e-ciftlik.com\\\/haberler\\\/#website\"},\"datePublished\":\"2025-02-23T11:08:00+00:00\",\"description\":\"Mersin'de \u015eeftali Bah\u00e7elerinde Buzlanma Problemi MERS\u0130N - Son g\u00fcnlerde \u00fclke genelinde etkili olan so\u011fuk ve ya\u011f\u0131\u015fl\u0131 hava Mersin'in Tarsus il\u00e7esindeki\",\"breadcrumb\":{\"@id\":\"https:\\\/\\\/e-ciftlik.com\\\/haberler\\\/tarim\\\/mersinde-seftali-agaclari-buz-tuttu\\\/#breadcrumb\"},\"inLanguage\":\"tr\",\"potentialAction\":[{\"@type\":\"ReadAction\",\"target\":[\"https:\\\/\\\/e-ciftlik.com\\\/haberler\\\/tarim\\\/mersinde-seftali-agaclari-buz-tuttu\\\/\"]}]},{\"@type\":\"BreadcrumbList\",\"@id\":\"https:\\\/\\\/e-ciftlik.com\\\/haberler\\\/tarim\\\/mersinde-seftali-agaclari-buz-tuttu\\\/#breadcrumb\",\"itemListElement\":[{\"@type\":\"ListItem\",\"position\":1,\"name\":\"Anasayfa\",\"item\":\"https:\\\/\\\/e-ciftlik.com\\\/haberler\\\/\"},{\"@type\":\"ListItem\",\"position\":2,\"name\":\"Mersin&#8217;de \u015feftali a\u011fa\u00e7lar\u0131 buz tuttu!\"}]},{\"@type\":\"WebSite\",\"@id\":\"https:\\\/\\\/e-ciftlik.com\\\/haberler\\\/#website\",\"url\":\"https:\\\/\\\/e-ciftlik.com\\\/haberler\\\/\",\"name\":\"E-\u00c7iftlik Haber | G\u00fcncel, Son Dakika Haberler, En Son Haber\",\"description\":\"\",\"publisher\":{\"@id\":\"https:\\\/\\\/e-ciftlik.com\\\/haberler\\\/#organization\"},\"potentialAction\":[{\"@type\":\"SearchAction\",\"target\":{\"@type\":\"EntryPoint\",\"urlTemplate\":\"https:\\\/\\\/e-ciftlik.com\\\/haberler\\\/?s={search_term_string}\"},\"query-input\":{\"@type\":\"PropertyValueSpecification\",\"valueRequired\":true,\"valueName\":\"search_term_string\"}}],\"inLanguage\":\"tr\"},{\"@type\":\"Organization\",\"@id\":\"https:\\\/\\\/e-ciftlik.com\\\/haberler\\\/#organization\",\"name\":\"E-\u00c7\u0130FTL\u0130K HABER\",\"url\":\"https:\\\/\\\/e-ciftlik.com\\\/haberler\\\/\",\"logo\":{\"@type\":\"ImageObject\",\"inLanguage\":\"tr\",\"@id\":\"https:\\\/\\\/e-ciftlik.com\\\/haberler\\\/#\\\/schema\\\/logo\\\/image\\\/\",\"url\":\"https:\\\/\\\/e-ciftlik.com\\\/haberler\\\/wp-content\\\/uploads\\\/2024\\\/06\\\/cropped-cropped-favicon-1-2.png\",\"contentUrl\":\"https:\\\/\\\/e-ciftlik.com\\\/haberler\\\/wp-content\\\/uploads\\\/2024\\\/06\\\/cropped-cropped-favicon-1-2.png\",\"width\":512,\"height\":512,\"caption\":\"E-\u00c7\u0130FTL\u0130K HABER\"},\"image\":{\"@id\":\"https:\\\/\\\/e-ciftlik.com\\\/haberler\\\/#\\\/schema\\\/logo\\\/image\\\/\"},\"sameAs\":[\"https:\\\/\\\/www.facebook.com\\\/eciftlikturkiye\",\"https:\\\/\\\/x.com\\\/eciftlikresmi\",\"https:\\\/\\\/www.instagram.com\\\/eciftlikresmi\\\/\"]},{\"@type\":\"Person\",\"@id\":\"https:\\\/\\\/e-ciftlik.com\\\/haberler\\\/#\\\/schema\\\/person\\\/d2f4fee3143d7f72be82cb887d51b00a\",\"name\":\"Haber Merkezi\",\"image\":{\"@type\":\"ImageObject\",\"inLanguage\":\"tr\",\"@id\":\"https:\\\/\\\/secure.gravatar.com\\\/avatar\\\/6c27d641914e66c1d0452c92716002398782818991d86db1c2cccb531e7c7c82?s=96&d=mm&r=g\",\"url\":\"https:\\\/\\\/secure.gravatar.com\\\/avatar\\\/6c27d641914e66c1d0452c92716002398782818991d86db1c2cccb531e7c7c82?s=96&d=mm&r=g\",\"contentUrl\":\"https:\\\/\\\/secure.gravatar.com\\\/avatar\\\/6c27d641914e66c1d0452c92716002398782818991d86db1c2cccb531e7c7c82?s=96&d=mm&r=g\",\"caption\":\"Haber Merkezi\"},\"sameAs\":[\"http:\\\/\\\/e-ciftlik.com\\\/haberler\"]}]}<\/script>\n<!-- \/ Yoast SEO Premium plugin. -->","yoast_head_json":{"title":"Mersin'de \u015feftali a\u011fa\u00e7lar\u0131 buz tuttu! - E-&Ccedil;\u0130FTL\u0130K HABER","description":"Mersin'de \u015eeftali Bah\u00e7elerinde Buzlanma Problemi MERS\u0130N - Son g\u00fcnlerde \u00fclke genelinde etkili olan so\u011fuk ve ya\u011f\u0131\u015fl\u0131 hava Mersin'in Tarsus il\u00e7esindeki","robots":{"index":"index","follow":"follow","max-snippet":"max-snippet:-1","max-image-preview":"max-image-preview:large","max-video-preview":"max-video-preview:-1"},"canonical":"https:\/\/e-ciftlik.com\/haberler\/tarim\/mersinde-seftali-agaclari-buz-tuttu\/","og_locale":"tr_TR","og_type":"article","og_title":"Mersin'de \u015feftali a\u011fa\u00e7lar\u0131 buz tuttu!","og_description":"Mersin'de \u015eeftali Bah\u00e7elerinde Buzlanma Problemi MERS\u0130N - Son g\u00fcnlerde \u00fclke genelinde etkili olan so\u011fuk ve ya\u011f\u0131\u015fl\u0131 hava Mersin'in Tarsus il\u00e7esindeki","og_url":"https:\/\/e-ciftlik.com\/haberler\/tarim\/mersinde-seftali-agaclari-buz-tuttu\/","og_site_name":"E-&Ccedil;\u0130FTL\u0130K HABER","article_publisher":"https:\/\/www.facebook.com\/eciftlikturkiye","article_published_time":"2025-02-23T11:08:00+00:00","author":"Haber Merkezi","twitter_card":"summary_large_image","twitter_creator":"@eciftlikresmi","twitter_site":"@eciftlikresmi","twitter_misc":{"Yazan:":"Haber Merkezi","Tahmini okuma s\u00fcresi":"1 dakika"},"schema":{"@context":"https:\/\/schema.org","@graph":[{"@type":"NewsArticle","@id":"https:\/\/e-ciftlik.com\/haberler\/tarim\/mersinde-seftali-agaclari-buz-tuttu\/#article","isPartOf":{"@id":"https:\/\/e-ciftlik.com\/haberler\/tarim\/mersinde-seftali-agaclari-buz-tuttu\/"},"author":{"name":"Haber Merkezi","@id":"https:\/\/e-ciftlik.com\/haberler\/#\/schema\/person\/d2f4fee3143d7f72be82cb887d51b00a"},"headline":"Mersin&#8217;de \u015feftali a\u011fa\u00e7lar\u0131 buz tuttu!","datePublished":"2025-02-23T11:08:00+00:00","mainEntityOfPage":{"@id":"https:\/\/e-ciftlik.com\/haberler\/tarim\/mersinde-seftali-agaclari-buz-tuttu\/"},"wordCount":116,"commentCount":0,"publisher":{"@id":"https:\/\/e-ciftlik.com\/haberler\/#organization"},"articleSection":["Tar\u0131m"],"inLanguage":"tr","potentialAction":[{"@type":"CommentAction","name":"Comment","target":["https:\/\/e-ciftlik.com\/haberler\/tarim\/mersinde-seftali-agaclari-buz-tuttu\/#respond"]}]},{"@type":"WebPage","@id":"https:\/\/e-ciftlik.com\/haberler\/tarim\/mersinde-seftali-agaclari-buz-tuttu\/","url":"https:\/\/e-ciftlik.com\/haberler\/tarim\/mersinde-seftali-agaclari-buz-tuttu\/","name":"Mersin'de \u015feftali a\u011fa\u00e7lar\u0131 buz tuttu! - E-&Ccedil;\u0130FTL\u0130K HABER","isPartOf":{"@id":"https:\/\/e-ciftlik.com\/haberler\/#website"},"datePublished":"2025-02-23T11:08:00+00:00","description":"Mersin'de \u015eeftali Bah\u00e7elerinde Buzlanma Problemi MERS\u0130N - Son g\u00fcnlerde \u00fclke genelinde etkili olan so\u011fuk ve ya\u011f\u0131\u015fl\u0131 hava Mersin'in Tarsus il\u00e7esindeki","breadcrumb":{"@id":"https:\/\/e-ciftlik.com\/haberler\/tarim\/mersinde-seftali-agaclari-buz-tuttu\/#breadcrumb"},"inLanguage":"tr","potentialAction":[{"@type":"ReadAction","target":["https:\/\/e-ciftlik.com\/haberler\/tarim\/mersinde-seftali-agaclari-buz-tuttu\/"]}]},{"@type":"BreadcrumbList","@id":"https:\/\/e-ciftlik.com\/haberler\/tarim\/mersinde-seftali-agaclari-buz-tuttu\/#breadcrumb","itemListElement":[{"@type":"ListItem","position":1,"name":"Anasayfa","item":"https:\/\/e-ciftlik.com\/haberler\/"},{"@type":"ListItem","position":2,"name":"Mersin&#8217;de \u015feftali a\u011fa\u00e7lar\u0131 buz tuttu!"}]},{"@type":"WebSite","@id":"https:\/\/e-ciftlik.com\/haberler\/#website","url":"https:\/\/e-ciftlik.com\/haberler\/","name":"E-\u00c7iftlik Haber | G\u00fcncel, Son Dakika Haberler, En Son Haber","description":"","publisher":{"@id":"https:\/\/e-ciftlik.com\/haberler\/#organization"},"potentialAction":[{"@type":"SearchAction","target":{"@type":"EntryPoint","urlTemplate":"https:\/\/e-ciftlik.com\/haberler\/?s={search_term_string}"},"query-input":{"@type":"PropertyValueSpecification","valueRequired":true,"valueName":"search_term_string"}}],"inLanguage":"tr"},{"@type":"Organization","@id":"https:\/\/e-ciftlik.com\/haberler\/#organization","name":"E-\u00c7\u0130FTL\u0130K HABER","url":"https:\/\/e-ciftlik.com\/haberler\/","logo":{"@type":"ImageObject","inLanguage":"tr","@id":"https:\/\/e-ciftlik.com\/haberler\/#\/schema\/logo\/image\/","url":"https:\/\/e-ciftlik.com\/haberler\/wp-content\/uploads\/2024\/06\/cropped-cropped-favicon-1-2.png","contentUrl":"https:\/\/e-ciftlik.com\/haberler\/wp-content\/uploads\/2024\/06\/cropped-cropped-favicon-1-2.png","width":512,"height":512,"caption":"E-\u00c7\u0130FTL\u0130K HABER"},"image":{"@id":"https:\/\/e-ciftlik.com\/haberler\/#\/schema\/logo\/image\/"},"sameAs":["https:\/\/www.facebook.com\/eciftlikturkiye","https:\/\/x.com\/eciftlikresmi","https:\/\/www.instagram.com\/eciftlikresmi\/"]},{"@type":"Person","@id":"https:\/\/e-ciftlik.com\/haberler\/#\/schema\/person\/d2f4fee3143d7f72be82cb887d51b00a","name":"Haber Merkezi","image":{"@type":"ImageObject","inLanguage":"tr","@id":"https:\/\/secure.gravatar.com\/avatar\/6c27d641914e66c1d0452c92716002398782818991d86db1c2cccb531e7c7c82?s=96&d=mm&r=g","url":"https:\/\/secure.gravatar.com\/avatar\/6c27d641914e66c1d0452c92716002398782818991d86db1c2cccb531e7c7c82?s=96&d=mm&r=g","contentUrl":"https:\/\/secure.gravatar.com\/avatar\/6c27d641914e66c1d0452c92716002398782818991d86db1c2cccb531e7c7c82?s=96&d=mm&r=g","caption":"Haber Merkezi"},"sameAs":["http:\/\/e-ciftlik.com\/haberler"]}]}},"_links":{"self":[{"href":"https:\/\/e-ciftlik.com\/haberler\/wp-json\/wp\/v2\/posts\/83526","targetHints":{"allow":["GET"]}}],"collection":[{"href":"https:\/\/e-ciftlik.com\/haberler\/wp-json\/wp\/v2\/posts"}],"about":[{"href":"https:\/\/e-ciftlik.com\/haberler\/wp-json\/wp\/v2\/types\/post"}],"author":[{"embeddable":true,"href":"https:\/\/e-ciftlik.com\/haberler\/wp-json\/wp\/v2\/users\/1"}],"replies":[{"embeddable":true,"href":"https:\/\/e-ciftlik.com\/haberler\/wp-json\/wp\/v2\/comments?post=83526"}],"version-history":[{"count":0,"href":"https:\/\/e-ciftlik.com\/haberler\/wp-json\/wp\/v2\/posts\/83526\/revisions"}],"wp:attachment":[{"href":"https:\/\/e-ciftlik.com\/haberler\/wp-json\/wp\/v2\/media?parent=83526"}],"wp:term":[{"taxonomy":"category","embeddable":true,"href":"https:\/\/e-ciftlik.com\/haberler\/wp-json\/wp\/v2\/categories?post=83526"},{"taxonomy":"post_tag","embeddable":true,"href":"https:\/\/e-ciftlik.com\/haberler\/wp-json\/wp\/v2\/tags?post=83526"}],"curies":[{"name":"wp","href":"https:\/\/api.w.org\/{rel}","templated":true}]}}