{"id":83529,"date":"2025-02-23T11:18:00","date_gmt":"2025-02-23T11:18:00","guid":{"rendered":"http:\/\/e-ciftlik.com\/haberler\/tarim\/kis-sebzeleri-brokoli-ve-karnabahar-ragbet-goruyor\/"},"modified":"2025-02-23T11:18:00","modified_gmt":"2025-02-23T11:18:00","slug":"kis-sebzeleri-brokoli-ve-karnabahar-ragbet-goruyor","status":"publish","type":"post","link":"https:\/\/e-ciftlik.com\/haberler\/tarim\/kis-sebzeleri-brokoli-ve-karnabahar-ragbet-goruyor\/","title":{"rendered":"K\u0131\u015f Sebzeleri Brokoli ve Karnabahar Ra\u011fbet G\u00f6r\u00fcyor"},"content":{"rendered":"<p>KOCAEL\u0130 &#8211; Kocaeli&#8217;de vatanda\u015flar, so\u011fuk havalar\u0131n etkisini art\u0131rd\u0131\u011f\u0131 bug\u00fcnlerde pazar tezgahlar\u0131nda en \u00e7ok brokoli ve karnabahara y\u00f6neliyor. K\u0131\u015f sebzeleri aras\u0131nda en \u00e7ok tercih edilen brokoli ve karnabahar, vatanda\u015flar taraf\u0131ndan en fazla ra\u011fbet g\u00f6ren \u00fcr\u00fcnler aras\u0131nda yer al\u0131yor.<\/p>\n<p>Pazarc\u0131 Servet Senem, havalar\u0131n so\u011fumas\u0131yla birlikte vatanda\u015flar\u0131n sebzelere olan ilgisinin artt\u0131\u011f\u0131n\u0131 belirterek, &#8220;K\u0131\u015f\u0131n insanlar bunlar\u0131 yemeyecek de ne yiyecek. Karnabahar ve brokoli k\u0131\u015f sebzelerimiz ve en \u00e7ok onlar\u0131 sat\u0131yoruz. Karnabahara \u00e7ok talep var. Sebzelere ne kadar \u00e7ok ra\u011fbet edilirse fiyatlar da o kadar d\u00fc\u015f\u00fcyor. Bizim i\u00e7inde fiyat\u0131n d\u00fc\u015f\u00fck olmas\u0131 g\u00fczel \u00e7\u00fcnk\u00fc sat\u0131\u015flar\u0131m\u0131z daha \u00e7ok art\u0131yor. M\u00fc\u015fteri alacak ki \u00fcretici \u00fcretsin&#8221; \u015feklinde konu\u015ftu.<\/p>\n<p>Kanseri atlatan Mustafa \u015eener, pazardan al\u0131\u015fveri\u015f yapmay\u0131 tercih etti\u011fini belirterek, &#8220;Karnabahar mesela markette 70 lira, burada 40 lira. Markette hem kuyrukta bekliyorsun hem de pahal\u0131. Ben t\u00fcm vatanda\u015flar\u0131 pazarlara davet ediyorum&#8221; dedi.<\/p>\n<p>\u0130rfan Cumhurulak ise &#8220;Ispanak ve meyve ald\u0131m. \u015eartlara g\u00f6re fiyatlar da normal. Esnaf da elinden geleni yap\u0131yor&#8221; \u015feklinde konu\u015farak, sa\u011fl\u0131kl\u0131 beslenmek i\u00e7in pazardan al\u0131\u015fveri\u015f yapman\u0131n \u00f6nemine vurgu yapt\u0131.<\/p>\n","protected":false},"excerpt":{"rendered":"<p>KOCAEL\u0130 &#8211; Kocaeli&#8217;de vatanda\u015flar, so\u011fuk havalar\u0131n etkisini art\u0131rd\u0131\u011f\u0131 bug\u00fcnlerde pazar tezgahlar\u0131nda en \u00e7ok brokoli ve&hellip;<\/p>\n","protected":false},"author":1,"featured_media":0,"comment_status":"open","ping_status":"open","sticky":false,"template":"","format":"standard","meta":{"footnotes":""},"categories":[9],"tags":[],"class_list":["post-83529","post","type-post","status-publish","format-standard","hentry","category-tarim"],"yoast_head":"<!-- This site is optimized with the Yoast SEO Premium plugin v24.3 (Yoast SEO v27.4) - https:\/\/yoast.com\/product\/yoast-seo-premium-wordpress\/ -->\n<title>K\u0131\u015f Sebzeleri Brokoli ve Karnabahar Ra\u011fbet G\u00f6r\u00fcyor - E-&Ccedil;\u0130FTL\u0130K HABER<\/title>\n<meta name=\"description\" content=\"KOCAEL\u0130 - Kocaeli&#039;de vatanda\u015flar, so\u011fuk havalar\u0131n etkisini art\u0131rd\u0131\u011f\u0131 bug\u00fcnlerde pazar tezgahlar\u0131nda en \u00e7ok brokoli ve karnabahara y\u00f6neliyor. K\u0131\u015f sebzeleri\" \/>\n<meta name=\"robots\" content=\"index, follow, max-snippet:-1, max-image-preview:large, max-video-preview:-1\" \/>\n<link rel=\"canonical\" href=\"https:\/\/e-ciftlik.com\/haberler\/tarim\/kis-sebzeleri-brokoli-ve-karnabahar-ragbet-goruyor\/\" \/>\n<meta property=\"og:locale\" content=\"tr_TR\" \/>\n<meta property=\"og:type\" content=\"article\" \/>\n<meta property=\"og:title\" content=\"K\u0131\u015f Sebzeleri Brokoli ve Karnabahar Ra\u011fbet G\u00f6r\u00fcyor\" \/>\n<meta property=\"og:description\" content=\"KOCAEL\u0130 - Kocaeli&#039;de vatanda\u015flar, so\u011fuk havalar\u0131n etkisini art\u0131rd\u0131\u011f\u0131 bug\u00fcnlerde pazar tezgahlar\u0131nda en \u00e7ok brokoli ve karnabahara y\u00f6neliyor. K\u0131\u015f sebzeleri\" \/>\n<meta property=\"og:url\" content=\"https:\/\/e-ciftlik.com\/haberler\/tarim\/kis-sebzeleri-brokoli-ve-karnabahar-ragbet-goruyor\/\" \/>\n<meta property=\"og:site_name\" content=\"E-&Ccedil;\u0130FTL\u0130K HABER\" \/>\n<meta property=\"article:publisher\" content=\"https:\/\/www.facebook.com\/eciftlikturkiye\" \/>\n<meta property=\"article:published_time\" content=\"2025-02-23T11:18:00+00:00\" \/>\n<meta name=\"author\" content=\"Haber Merkezi\" \/>\n<meta name=\"twitter:card\" content=\"summary_large_image\" \/>\n<meta name=\"twitter:creator\" content=\"@eciftlikresmi\" \/>\n<meta name=\"twitter:site\" content=\"@eciftlikresmi\" \/>\n<meta name=\"twitter:label1\" content=\"Yazan:\" \/>\n\t<meta name=\"twitter:data1\" content=\"Haber Merkezi\" \/>\n\t<meta name=\"twitter:label2\" content=\"Tahmini okuma s\u00fcresi\" \/>\n\t<meta name=\"twitter:data2\" content=\"1 dakika\" \/>\n<script type=\"application\/ld+json\" class=\"yoast-schema-graph\">{\"@context\":\"https:\\\/\\\/schema.org\",\"@graph\":[{\"@type\":\"NewsArticle\",\"@id\":\"https:\\\/\\\/e-ciftlik.com\\\/haberler\\\/tarim\\\/kis-sebzeleri-brokoli-ve-karnabahar-ragbet-goruyor\\\/#article\",\"isPartOf\":{\"@id\":\"https:\\\/\\\/e-ciftlik.com\\\/haberler\\\/tarim\\\/kis-sebzeleri-brokoli-ve-karnabahar-ragbet-goruyor\\\/\"},\"author\":{\"name\":\"Haber Merkezi\",\"@id\":\"https:\\\/\\\/e-ciftlik.com\\\/haberler\\\/#\\\/schema\\\/person\\\/d2f4fee3143d7f72be82cb887d51b00a\"},\"headline\":\"K\u0131\u015f Sebzeleri Brokoli ve Karnabahar Ra\u011fbet G\u00f6r\u00fcyor\",\"datePublished\":\"2025-02-23T11:18:00+00:00\",\"mainEntityOfPage\":{\"@id\":\"https:\\\/\\\/e-ciftlik.com\\\/haberler\\\/tarim\\\/kis-sebzeleri-brokoli-ve-karnabahar-ragbet-goruyor\\\/\"},\"wordCount\":216,\"commentCount\":0,\"publisher\":{\"@id\":\"https:\\\/\\\/e-ciftlik.com\\\/haberler\\\/#organization\"},\"articleSection\":[\"Tar\u0131m\"],\"inLanguage\":\"tr\",\"potentialAction\":[{\"@type\":\"CommentAction\",\"name\":\"Comment\",\"target\":[\"https:\\\/\\\/e-ciftlik.com\\\/haberler\\\/tarim\\\/kis-sebzeleri-brokoli-ve-karnabahar-ragbet-goruyor\\\/#respond\"]}]},{\"@type\":\"WebPage\",\"@id\":\"https:\\\/\\\/e-ciftlik.com\\\/haberler\\\/tarim\\\/kis-sebzeleri-brokoli-ve-karnabahar-ragbet-goruyor\\\/\",\"url\":\"https:\\\/\\\/e-ciftlik.com\\\/haberler\\\/tarim\\\/kis-sebzeleri-brokoli-ve-karnabahar-ragbet-goruyor\\\/\",\"name\":\"K\u0131\u015f Sebzeleri Brokoli ve Karnabahar Ra\u011fbet G\u00f6r\u00fcyor - E-&Ccedil;\u0130FTL\u0130K HABER\",\"isPartOf\":{\"@id\":\"https:\\\/\\\/e-ciftlik.com\\\/haberler\\\/#website\"},\"datePublished\":\"2025-02-23T11:18:00+00:00\",\"description\":\"KOCAEL\u0130 - Kocaeli'de vatanda\u015flar, so\u011fuk havalar\u0131n etkisini art\u0131rd\u0131\u011f\u0131 bug\u00fcnlerde pazar tezgahlar\u0131nda en \u00e7ok brokoli ve karnabahara y\u00f6neliyor. K\u0131\u015f sebzeleri\",\"breadcrumb\":{\"@id\":\"https:\\\/\\\/e-ciftlik.com\\\/haberler\\\/tarim\\\/kis-sebzeleri-brokoli-ve-karnabahar-ragbet-goruyor\\\/#breadcrumb\"},\"inLanguage\":\"tr\",\"potentialAction\":[{\"@type\":\"ReadAction\",\"target\":[\"https:\\\/\\\/e-ciftlik.com\\\/haberler\\\/tarim\\\/kis-sebzeleri-brokoli-ve-karnabahar-ragbet-goruyor\\\/\"]}]},{\"@type\":\"BreadcrumbList\",\"@id\":\"https:\\\/\\\/e-ciftlik.com\\\/haberler\\\/tarim\\\/kis-sebzeleri-brokoli-ve-karnabahar-ragbet-goruyor\\\/#breadcrumb\",\"itemListElement\":[{\"@type\":\"ListItem\",\"position\":1,\"name\":\"Anasayfa\",\"item\":\"https:\\\/\\\/e-ciftlik.com\\\/haberler\\\/\"},{\"@type\":\"ListItem\",\"position\":2,\"name\":\"K\u0131\u015f Sebzeleri Brokoli ve Karnabahar Ra\u011fbet G\u00f6r\u00fcyor\"}]},{\"@type\":\"WebSite\",\"@id\":\"https:\\\/\\\/e-ciftlik.com\\\/haberler\\\/#website\",\"url\":\"https:\\\/\\\/e-ciftlik.com\\\/haberler\\\/\",\"name\":\"E-\u00c7iftlik Haber | G\u00fcncel, Son Dakika Haberler, En Son Haber\",\"description\":\"\",\"publisher\":{\"@id\":\"https:\\\/\\\/e-ciftlik.com\\\/haberler\\\/#organization\"},\"potentialAction\":[{\"@type\":\"SearchAction\",\"target\":{\"@type\":\"EntryPoint\",\"urlTemplate\":\"https:\\\/\\\/e-ciftlik.com\\\/haberler\\\/?s={search_term_string}\"},\"query-input\":{\"@type\":\"PropertyValueSpecification\",\"valueRequired\":true,\"valueName\":\"search_term_string\"}}],\"inLanguage\":\"tr\"},{\"@type\":\"Organization\",\"@id\":\"https:\\\/\\\/e-ciftlik.com\\\/haberler\\\/#organization\",\"name\":\"E-\u00c7\u0130FTL\u0130K HABER\",\"url\":\"https:\\\/\\\/e-ciftlik.com\\\/haberler\\\/\",\"logo\":{\"@type\":\"ImageObject\",\"inLanguage\":\"tr\",\"@id\":\"https:\\\/\\\/e-ciftlik.com\\\/haberler\\\/#\\\/schema\\\/logo\\\/image\\\/\",\"url\":\"https:\\\/\\\/e-ciftlik.com\\\/haberler\\\/wp-content\\\/uploads\\\/2024\\\/06\\\/cropped-cropped-favicon-1-2.png\",\"contentUrl\":\"https:\\\/\\\/e-ciftlik.com\\\/haberler\\\/wp-content\\\/uploads\\\/2024\\\/06\\\/cropped-cropped-favicon-1-2.png\",\"width\":512,\"height\":512,\"caption\":\"E-\u00c7\u0130FTL\u0130K HABER\"},\"image\":{\"@id\":\"https:\\\/\\\/e-ciftlik.com\\\/haberler\\\/#\\\/schema\\\/logo\\\/image\\\/\"},\"sameAs\":[\"https:\\\/\\\/www.facebook.com\\\/eciftlikturkiye\",\"https:\\\/\\\/x.com\\\/eciftlikresmi\",\"https:\\\/\\\/www.instagram.com\\\/eciftlikresmi\\\/\"]},{\"@type\":\"Person\",\"@id\":\"https:\\\/\\\/e-ciftlik.com\\\/haberler\\\/#\\\/schema\\\/person\\\/d2f4fee3143d7f72be82cb887d51b00a\",\"name\":\"Haber Merkezi\",\"image\":{\"@type\":\"ImageObject\",\"inLanguage\":\"tr\",\"@id\":\"https:\\\/\\\/secure.gravatar.com\\\/avatar\\\/6c27d641914e66c1d0452c92716002398782818991d86db1c2cccb531e7c7c82?s=96&d=mm&r=g\",\"url\":\"https:\\\/\\\/secure.gravatar.com\\\/avatar\\\/6c27d641914e66c1d0452c92716002398782818991d86db1c2cccb531e7c7c82?s=96&d=mm&r=g\",\"contentUrl\":\"https:\\\/\\\/secure.gravatar.com\\\/avatar\\\/6c27d641914e66c1d0452c92716002398782818991d86db1c2cccb531e7c7c82?s=96&d=mm&r=g\",\"caption\":\"Haber Merkezi\"},\"sameAs\":[\"http:\\\/\\\/e-ciftlik.com\\\/haberler\"]}]}<\/script>\n<!-- \/ Yoast SEO Premium plugin. -->","yoast_head_json":{"title":"K\u0131\u015f Sebzeleri Brokoli ve Karnabahar Ra\u011fbet G\u00f6r\u00fcyor - E-&Ccedil;\u0130FTL\u0130K HABER","description":"KOCAEL\u0130 - Kocaeli'de vatanda\u015flar, so\u011fuk havalar\u0131n etkisini art\u0131rd\u0131\u011f\u0131 bug\u00fcnlerde pazar tezgahlar\u0131nda en \u00e7ok brokoli ve karnabahara y\u00f6neliyor. K\u0131\u015f sebzeleri","robots":{"index":"index","follow":"follow","max-snippet":"max-snippet:-1","max-image-preview":"max-image-preview:large","max-video-preview":"max-video-preview:-1"},"canonical":"https:\/\/e-ciftlik.com\/haberler\/tarim\/kis-sebzeleri-brokoli-ve-karnabahar-ragbet-goruyor\/","og_locale":"tr_TR","og_type":"article","og_title":"K\u0131\u015f Sebzeleri Brokoli ve Karnabahar Ra\u011fbet G\u00f6r\u00fcyor","og_description":"KOCAEL\u0130 - Kocaeli'de vatanda\u015flar, so\u011fuk havalar\u0131n etkisini art\u0131rd\u0131\u011f\u0131 bug\u00fcnlerde pazar tezgahlar\u0131nda en \u00e7ok brokoli ve karnabahara y\u00f6neliyor. K\u0131\u015f sebzeleri","og_url":"https:\/\/e-ciftlik.com\/haberler\/tarim\/kis-sebzeleri-brokoli-ve-karnabahar-ragbet-goruyor\/","og_site_name":"E-&Ccedil;\u0130FTL\u0130K HABER","article_publisher":"https:\/\/www.facebook.com\/eciftlikturkiye","article_published_time":"2025-02-23T11:18:00+00:00","author":"Haber Merkezi","twitter_card":"summary_large_image","twitter_creator":"@eciftlikresmi","twitter_site":"@eciftlikresmi","twitter_misc":{"Yazan:":"Haber Merkezi","Tahmini okuma s\u00fcresi":"1 dakika"},"schema":{"@context":"https:\/\/schema.org","@graph":[{"@type":"NewsArticle","@id":"https:\/\/e-ciftlik.com\/haberler\/tarim\/kis-sebzeleri-brokoli-ve-karnabahar-ragbet-goruyor\/#article","isPartOf":{"@id":"https:\/\/e-ciftlik.com\/haberler\/tarim\/kis-sebzeleri-brokoli-ve-karnabahar-ragbet-goruyor\/"},"author":{"name":"Haber Merkezi","@id":"https:\/\/e-ciftlik.com\/haberler\/#\/schema\/person\/d2f4fee3143d7f72be82cb887d51b00a"},"headline":"K\u0131\u015f Sebzeleri Brokoli ve Karnabahar Ra\u011fbet G\u00f6r\u00fcyor","datePublished":"2025-02-23T11:18:00+00:00","mainEntityOfPage":{"@id":"https:\/\/e-ciftlik.com\/haberler\/tarim\/kis-sebzeleri-brokoli-ve-karnabahar-ragbet-goruyor\/"},"wordCount":216,"commentCount":0,"publisher":{"@id":"https:\/\/e-ciftlik.com\/haberler\/#organization"},"articleSection":["Tar\u0131m"],"inLanguage":"tr","potentialAction":[{"@type":"CommentAction","name":"Comment","target":["https:\/\/e-ciftlik.com\/haberler\/tarim\/kis-sebzeleri-brokoli-ve-karnabahar-ragbet-goruyor\/#respond"]}]},{"@type":"WebPage","@id":"https:\/\/e-ciftlik.com\/haberler\/tarim\/kis-sebzeleri-brokoli-ve-karnabahar-ragbet-goruyor\/","url":"https:\/\/e-ciftlik.com\/haberler\/tarim\/kis-sebzeleri-brokoli-ve-karnabahar-ragbet-goruyor\/","name":"K\u0131\u015f Sebzeleri Brokoli ve Karnabahar Ra\u011fbet G\u00f6r\u00fcyor - E-&Ccedil;\u0130FTL\u0130K HABER","isPartOf":{"@id":"https:\/\/e-ciftlik.com\/haberler\/#website"},"datePublished":"2025-02-23T11:18:00+00:00","description":"KOCAEL\u0130 - Kocaeli'de vatanda\u015flar, so\u011fuk havalar\u0131n etkisini art\u0131rd\u0131\u011f\u0131 bug\u00fcnlerde pazar tezgahlar\u0131nda en \u00e7ok brokoli ve karnabahara y\u00f6neliyor. K\u0131\u015f sebzeleri","breadcrumb":{"@id":"https:\/\/e-ciftlik.com\/haberler\/tarim\/kis-sebzeleri-brokoli-ve-karnabahar-ragbet-goruyor\/#breadcrumb"},"inLanguage":"tr","potentialAction":[{"@type":"ReadAction","target":["https:\/\/e-ciftlik.com\/haberler\/tarim\/kis-sebzeleri-brokoli-ve-karnabahar-ragbet-goruyor\/"]}]},{"@type":"BreadcrumbList","@id":"https:\/\/e-ciftlik.com\/haberler\/tarim\/kis-sebzeleri-brokoli-ve-karnabahar-ragbet-goruyor\/#breadcrumb","itemListElement":[{"@type":"ListItem","position":1,"name":"Anasayfa","item":"https:\/\/e-ciftlik.com\/haberler\/"},{"@type":"ListItem","position":2,"name":"K\u0131\u015f Sebzeleri Brokoli ve Karnabahar Ra\u011fbet G\u00f6r\u00fcyor"}]},{"@type":"WebSite","@id":"https:\/\/e-ciftlik.com\/haberler\/#website","url":"https:\/\/e-ciftlik.com\/haberler\/","name":"E-\u00c7iftlik Haber | G\u00fcncel, Son Dakika Haberler, En Son Haber","description":"","publisher":{"@id":"https:\/\/e-ciftlik.com\/haberler\/#organization"},"potentialAction":[{"@type":"SearchAction","target":{"@type":"EntryPoint","urlTemplate":"https:\/\/e-ciftlik.com\/haberler\/?s={search_term_string}"},"query-input":{"@type":"PropertyValueSpecification","valueRequired":true,"valueName":"search_term_string"}}],"inLanguage":"tr"},{"@type":"Organization","@id":"https:\/\/e-ciftlik.com\/haberler\/#organization","name":"E-\u00c7\u0130FTL\u0130K HABER","url":"https:\/\/e-ciftlik.com\/haberler\/","logo":{"@type":"ImageObject","inLanguage":"tr","@id":"https:\/\/e-ciftlik.com\/haberler\/#\/schema\/logo\/image\/","url":"https:\/\/e-ciftlik.com\/haberler\/wp-content\/uploads\/2024\/06\/cropped-cropped-favicon-1-2.png","contentUrl":"https:\/\/e-ciftlik.com\/haberler\/wp-content\/uploads\/2024\/06\/cropped-cropped-favicon-1-2.png","width":512,"height":512,"caption":"E-\u00c7\u0130FTL\u0130K HABER"},"image":{"@id":"https:\/\/e-ciftlik.com\/haberler\/#\/schema\/logo\/image\/"},"sameAs":["https:\/\/www.facebook.com\/eciftlikturkiye","https:\/\/x.com\/eciftlikresmi","https:\/\/www.instagram.com\/eciftlikresmi\/"]},{"@type":"Person","@id":"https:\/\/e-ciftlik.com\/haberler\/#\/schema\/person\/d2f4fee3143d7f72be82cb887d51b00a","name":"Haber Merkezi","image":{"@type":"ImageObject","inLanguage":"tr","@id":"https:\/\/secure.gravatar.com\/avatar\/6c27d641914e66c1d0452c92716002398782818991d86db1c2cccb531e7c7c82?s=96&d=mm&r=g","url":"https:\/\/secure.gravatar.com\/avatar\/6c27d641914e66c1d0452c92716002398782818991d86db1c2cccb531e7c7c82?s=96&d=mm&r=g","contentUrl":"https:\/\/secure.gravatar.com\/avatar\/6c27d641914e66c1d0452c92716002398782818991d86db1c2cccb531e7c7c82?s=96&d=mm&r=g","caption":"Haber Merkezi"},"sameAs":["http:\/\/e-ciftlik.com\/haberler"]}]}},"_links":{"self":[{"href":"https:\/\/e-ciftlik.com\/haberler\/wp-json\/wp\/v2\/posts\/83529","targetHints":{"allow":["GET"]}}],"collection":[{"href":"https:\/\/e-ciftlik.com\/haberler\/wp-json\/wp\/v2\/posts"}],"about":[{"href":"https:\/\/e-ciftlik.com\/haberler\/wp-json\/wp\/v2\/types\/post"}],"author":[{"embeddable":true,"href":"https:\/\/e-ciftlik.com\/haberler\/wp-json\/wp\/v2\/users\/1"}],"replies":[{"embeddable":true,"href":"https:\/\/e-ciftlik.com\/haberler\/wp-json\/wp\/v2\/comments?post=83529"}],"version-history":[{"count":0,"href":"https:\/\/e-ciftlik.com\/haberler\/wp-json\/wp\/v2\/posts\/83529\/revisions"}],"wp:attachment":[{"href":"https:\/\/e-ciftlik.com\/haberler\/wp-json\/wp\/v2\/media?parent=83529"}],"wp:term":[{"taxonomy":"category","embeddable":true,"href":"https:\/\/e-ciftlik.com\/haberler\/wp-json\/wp\/v2\/categories?post=83529"},{"taxonomy":"post_tag","embeddable":true,"href":"https:\/\/e-ciftlik.com\/haberler\/wp-json\/wp\/v2\/tags?post=83529"}],"curies":[{"name":"wp","href":"https:\/\/api.w.org\/{rel}","templated":true}]}}