{"id":84175,"date":"2025-02-24T12:00:00","date_gmt":"2025-02-24T12:00:00","guid":{"rendered":"https:\/\/e-ciftlik.com\/haberler\/tarim\/sap-asilama-kampanyasi-basladi\/"},"modified":"2025-02-24T12:00:00","modified_gmt":"2025-02-24T12:00:00","slug":"sap-asilama-kampanyasi-basladi","status":"publish","type":"post","link":"https:\/\/e-ciftlik.com\/haberler\/tarim\/sap-asilama-kampanyasi-basladi\/","title":{"rendered":"\u015eap A\u015f\u0131lama Kampanyas\u0131 Ba\u015flad\u0131"},"content":{"rendered":"<p>G\u00fcm\u00fc\u015fhane&#8217;de \u015eap A\u015f\u0131lama Seferberli\u011fi Ba\u015flad\u0131<\/p>\n<p>G\u00fcm\u00fc\u015fhane \u0130l Tar\u0131m ve Orman M\u00fcd\u00fcrl\u00fc\u011f\u00fc, 2025 y\u0131l\u0131 hayvan hastal\u0131klar\u0131 ile m\u00fccadele program\u0131 kapsam\u0131nda b\u00fcy\u00fckba\u015f hayvanlara y\u00f6nelik ilkbahar d\u00f6nemi \u015fap a\u015f\u0131lama kampanyas\u0131n\u0131 17 \u015eubat 2025 tarihinde ba\u015flatt\u0131.<\/p>\n<p>61 Bin 799 Hayvan A\u015f\u0131lanacak<\/p>\n<p>\u0130l Tar\u0131m ve Orman M\u00fcd\u00fcr\u00fc Dr. Ahmet Mesut K\u0131ra\u00e7, hayvan hastal\u0131klar\u0131ndan korunman\u0131n en etkili yolunun a\u015f\u0131lama oldu\u011funu belirterek, 17 \u015eubat-13 Nisan 2025 tarihleri aras\u0131nda 61 bin 799 b\u00fcy\u00fckba\u015f hayvan\u0131n \u015fap hastal\u0131\u011f\u0131na kar\u015f\u0131 a\u015f\u0131lanaca\u011f\u0131n\u0131 s\u00f6yledi. Hayvan Sa\u011fl\u0131\u011f\u0131, Yeti\u015ftiricili\u011fi ve Su \u00dcr\u00fcnleri \u015eube M\u00fcd\u00fcrl\u00fc\u011f\u00fc kontrol\u00fcnde ger\u00e7ekle\u015ftirilecek a\u015f\u0131lama \u00e7al\u0131\u015fmalar\u0131yla hayvanlar\u0131n g\u00fcncellenece\u011fi ve hastal\u0131klara kar\u015f\u0131 korunaca\u011f\u0131 kaydedildi.<\/p>\n<p>&#8220;Hayvan Sahipleri A\u015f\u0131lama G\u00fcn\u00fc Evde Olsun&#8221;<\/p>\n<p>A\u015f\u0131lama yap\u0131lacak yerle\u015fim yerlerinde hayvan sahiplerine bir g\u00fcn \u00f6nceden haber verilece\u011fini ifade eden K\u0131ra\u00e7, yeti\u015ftiricilerin a\u015f\u0131lama g\u00fcn\u00fc evde bulunmalar\u0131n\u0131n ve hayvanlar\u0131n\u0131n a\u015f\u0131lanmas\u0131na yard\u0131mc\u0131 olmalar\u0131n\u0131n \u00f6nemli oldu\u011funu vurgulad\u0131. Ayr\u0131ca, a\u015f\u0131 yapt\u0131rmayan hayvan sahiplerinin baz\u0131 hayvanc\u0131l\u0131k desteklerinden yararlanamayaca\u011f\u0131n\u0131 hat\u0131rlatarak, \u00fcreticilerin gerekli hassasiyeti g\u00f6stermesi gerekti\u011fini s\u00f6yledi.<\/p>\n<p>Bilgi \u0130\u00e7in M\u00fcd\u00fcrl\u00fc\u011fe Ba\u015fvurun<\/p>\n<p>A\u015f\u0131lama kampanyas\u0131yla ilgili detayl\u0131 bilgi almak isteyen yeti\u015ftiricilerin, \u0130l Tar\u0131m ve Orman M\u00fcd\u00fcrl\u00fc\u011f\u00fc Hayvan Sa\u011fl\u0131\u011f\u0131 Yeti\u015ftiricili\u011fi ve Su \u00dcr\u00fcnleri \u015eube M\u00fcd\u00fcrl\u00fc\u011f\u00fcne veya \u0130l\u00e7e Tar\u0131m ve Orman M\u00fcd\u00fcrl\u00fcklerine ba\u015fvurabilece\u011fi belirtildi.<\/p>\n","protected":false},"excerpt":{"rendered":"<p>G\u00fcm\u00fc\u015fhane&#8217;de \u015eap A\u015f\u0131lama Seferberli\u011fi Ba\u015flad\u0131 G\u00fcm\u00fc\u015fhane \u0130l Tar\u0131m ve Orman M\u00fcd\u00fcrl\u00fc\u011f\u00fc, 2025 y\u0131l\u0131 hayvan hastal\u0131klar\u0131&hellip;<\/p>\n","protected":false},"author":1,"featured_media":84176,"comment_status":"open","ping_status":"open","sticky":false,"template":"","format":"standard","meta":{"footnotes":""},"categories":[9],"tags":[],"class_list":["post-84175","post","type-post","status-publish","format-standard","has-post-thumbnail","hentry","category-tarim"],"yoast_head":"<!-- This site is optimized with the Yoast SEO Premium plugin v24.3 (Yoast SEO v27.4) - https:\/\/yoast.com\/product\/yoast-seo-premium-wordpress\/ -->\n<title>\u015eap A\u015f\u0131lama Kampanyas\u0131 Ba\u015flad\u0131 - E-&Ccedil;\u0130FTL\u0130K HABER<\/title>\n<meta name=\"description\" content=\"G\u00fcm\u00fc\u015fhane&#039;de \u015eap A\u015f\u0131lama Seferberli\u011fi Ba\u015flad\u0131 G\u00fcm\u00fc\u015fhane \u0130l Tar\u0131m ve Orman M\u00fcd\u00fcrl\u00fc\u011f\u00fc, 2025 y\u0131l\u0131 hayvan hastal\u0131klar\u0131 ile m\u00fccadele program\u0131 kapsam\u0131nda\" \/>\n<meta name=\"robots\" content=\"index, follow, max-snippet:-1, max-image-preview:large, max-video-preview:-1\" \/>\n<link rel=\"canonical\" href=\"https:\/\/e-ciftlik.com\/haberler\/tarim\/sap-asilama-kampanyasi-basladi\/\" \/>\n<meta property=\"og:locale\" content=\"tr_TR\" \/>\n<meta property=\"og:type\" content=\"article\" \/>\n<meta property=\"og:title\" content=\"\u015eap A\u015f\u0131lama Kampanyas\u0131 Ba\u015flad\u0131\" \/>\n<meta property=\"og:description\" content=\"G\u00fcm\u00fc\u015fhane&#039;de \u015eap A\u015f\u0131lama Seferberli\u011fi Ba\u015flad\u0131 G\u00fcm\u00fc\u015fhane \u0130l Tar\u0131m ve Orman M\u00fcd\u00fcrl\u00fc\u011f\u00fc, 2025 y\u0131l\u0131 hayvan hastal\u0131klar\u0131 ile m\u00fccadele program\u0131 kapsam\u0131nda\" \/>\n<meta property=\"og:url\" content=\"https:\/\/e-ciftlik.com\/haberler\/tarim\/sap-asilama-kampanyasi-basladi\/\" \/>\n<meta property=\"og:site_name\" content=\"E-&Ccedil;\u0130FTL\u0130K HABER\" \/>\n<meta property=\"article:publisher\" content=\"https:\/\/www.facebook.com\/eciftlikturkiye\" \/>\n<meta property=\"article:published_time\" content=\"2025-02-24T12:00:00+00:00\" \/>\n<meta property=\"og:image\" content=\"https:\/\/e-ciftlik.com\/haberler\/wp-content\/uploads\/2025\/03\/gumushanede-sap-asilama-seferberligi-basladi-1740405820.jpg\" \/>\n\t<meta property=\"og:image:width\" content=\"640\" \/>\n\t<meta property=\"og:image:height\" content=\"425\" \/>\n\t<meta property=\"og:image:type\" content=\"image\/jpeg\" \/>\n<meta name=\"author\" content=\"Haber Merkezi\" \/>\n<meta name=\"twitter:card\" content=\"summary_large_image\" \/>\n<meta name=\"twitter:creator\" content=\"@eciftlikresmi\" \/>\n<meta name=\"twitter:site\" content=\"@eciftlikresmi\" \/>\n<meta name=\"twitter:label1\" content=\"Yazan:\" \/>\n\t<meta name=\"twitter:data1\" content=\"Haber Merkezi\" \/>\n\t<meta name=\"twitter:label2\" content=\"Tahmini okuma s\u00fcresi\" \/>\n\t<meta name=\"twitter:data2\" content=\"1 dakika\" \/>\n<script type=\"application\/ld+json\" class=\"yoast-schema-graph\">{\"@context\":\"https:\\\/\\\/schema.org\",\"@graph\":[{\"@type\":\"NewsArticle\",\"@id\":\"https:\\\/\\\/e-ciftlik.com\\\/haberler\\\/tarim\\\/sap-asilama-kampanyasi-basladi\\\/#article\",\"isPartOf\":{\"@id\":\"https:\\\/\\\/e-ciftlik.com\\\/haberler\\\/tarim\\\/sap-asilama-kampanyasi-basladi\\\/\"},\"author\":{\"name\":\"Haber Merkezi\",\"@id\":\"https:\\\/\\\/e-ciftlik.com\\\/haberler\\\/#\\\/schema\\\/person\\\/d2f4fee3143d7f72be82cb887d51b00a\"},\"headline\":\"\u015eap A\u015f\u0131lama Kampanyas\u0131 Ba\u015flad\u0131\",\"datePublished\":\"2025-02-24T12:00:00+00:00\",\"mainEntityOfPage\":{\"@id\":\"https:\\\/\\\/e-ciftlik.com\\\/haberler\\\/tarim\\\/sap-asilama-kampanyasi-basladi\\\/\"},\"wordCount\":279,\"commentCount\":0,\"publisher\":{\"@id\":\"https:\\\/\\\/e-ciftlik.com\\\/haberler\\\/#organization\"},\"image\":{\"@id\":\"https:\\\/\\\/e-ciftlik.com\\\/haberler\\\/tarim\\\/sap-asilama-kampanyasi-basladi\\\/#primaryimage\"},\"thumbnailUrl\":\"https:\\\/\\\/e-ciftlik.com\\\/haberler\\\/wp-content\\\/uploads\\\/2025\\\/03\\\/gumushanede-sap-asilama-seferberligi-basladi-1740405820.jpg\",\"articleSection\":[\"Tar\u0131m\"],\"inLanguage\":\"tr\",\"potentialAction\":[{\"@type\":\"CommentAction\",\"name\":\"Comment\",\"target\":[\"https:\\\/\\\/e-ciftlik.com\\\/haberler\\\/tarim\\\/sap-asilama-kampanyasi-basladi\\\/#respond\"]}]},{\"@type\":\"WebPage\",\"@id\":\"https:\\\/\\\/e-ciftlik.com\\\/haberler\\\/tarim\\\/sap-asilama-kampanyasi-basladi\\\/\",\"url\":\"https:\\\/\\\/e-ciftlik.com\\\/haberler\\\/tarim\\\/sap-asilama-kampanyasi-basladi\\\/\",\"name\":\"\u015eap A\u015f\u0131lama Kampanyas\u0131 Ba\u015flad\u0131 - E-&Ccedil;\u0130FTL\u0130K HABER\",\"isPartOf\":{\"@id\":\"https:\\\/\\\/e-ciftlik.com\\\/haberler\\\/#website\"},\"primaryImageOfPage\":{\"@id\":\"https:\\\/\\\/e-ciftlik.com\\\/haberler\\\/tarim\\\/sap-asilama-kampanyasi-basladi\\\/#primaryimage\"},\"image\":{\"@id\":\"https:\\\/\\\/e-ciftlik.com\\\/haberler\\\/tarim\\\/sap-asilama-kampanyasi-basladi\\\/#primaryimage\"},\"thumbnailUrl\":\"https:\\\/\\\/e-ciftlik.com\\\/haberler\\\/wp-content\\\/uploads\\\/2025\\\/03\\\/gumushanede-sap-asilama-seferberligi-basladi-1740405820.jpg\",\"datePublished\":\"2025-02-24T12:00:00+00:00\",\"description\":\"G\u00fcm\u00fc\u015fhane'de \u015eap A\u015f\u0131lama Seferberli\u011fi Ba\u015flad\u0131 G\u00fcm\u00fc\u015fhane \u0130l Tar\u0131m ve Orman M\u00fcd\u00fcrl\u00fc\u011f\u00fc, 2025 y\u0131l\u0131 hayvan hastal\u0131klar\u0131 ile m\u00fccadele program\u0131 kapsam\u0131nda\",\"breadcrumb\":{\"@id\":\"https:\\\/\\\/e-ciftlik.com\\\/haberler\\\/tarim\\\/sap-asilama-kampanyasi-basladi\\\/#breadcrumb\"},\"inLanguage\":\"tr\",\"potentialAction\":[{\"@type\":\"ReadAction\",\"target\":[\"https:\\\/\\\/e-ciftlik.com\\\/haberler\\\/tarim\\\/sap-asilama-kampanyasi-basladi\\\/\"]}]},{\"@type\":\"ImageObject\",\"inLanguage\":\"tr\",\"@id\":\"https:\\\/\\\/e-ciftlik.com\\\/haberler\\\/tarim\\\/sap-asilama-kampanyasi-basladi\\\/#primaryimage\",\"url\":\"https:\\\/\\\/e-ciftlik.com\\\/haberler\\\/wp-content\\\/uploads\\\/2025\\\/03\\\/gumushanede-sap-asilama-seferberligi-basladi-1740405820.jpg\",\"contentUrl\":\"https:\\\/\\\/e-ciftlik.com\\\/haberler\\\/wp-content\\\/uploads\\\/2025\\\/03\\\/gumushanede-sap-asilama-seferberligi-basladi-1740405820.jpg\",\"width\":640,\"height\":425},{\"@type\":\"BreadcrumbList\",\"@id\":\"https:\\\/\\\/e-ciftlik.com\\\/haberler\\\/tarim\\\/sap-asilama-kampanyasi-basladi\\\/#breadcrumb\",\"itemListElement\":[{\"@type\":\"ListItem\",\"position\":1,\"name\":\"Anasayfa\",\"item\":\"https:\\\/\\\/e-ciftlik.com\\\/haberler\\\/\"},{\"@type\":\"ListItem\",\"position\":2,\"name\":\"\u015eap A\u015f\u0131lama Kampanyas\u0131 Ba\u015flad\u0131\"}]},{\"@type\":\"WebSite\",\"@id\":\"https:\\\/\\\/e-ciftlik.com\\\/haberler\\\/#website\",\"url\":\"https:\\\/\\\/e-ciftlik.com\\\/haberler\\\/\",\"name\":\"E-\u00c7iftlik Haber | G\u00fcncel, Son Dakika Haberler, En Son Haber\",\"description\":\"\",\"publisher\":{\"@id\":\"https:\\\/\\\/e-ciftlik.com\\\/haberler\\\/#organization\"},\"potentialAction\":[{\"@type\":\"SearchAction\",\"target\":{\"@type\":\"EntryPoint\",\"urlTemplate\":\"https:\\\/\\\/e-ciftlik.com\\\/haberler\\\/?s={search_term_string}\"},\"query-input\":{\"@type\":\"PropertyValueSpecification\",\"valueRequired\":true,\"valueName\":\"search_term_string\"}}],\"inLanguage\":\"tr\"},{\"@type\":\"Organization\",\"@id\":\"https:\\\/\\\/e-ciftlik.com\\\/haberler\\\/#organization\",\"name\":\"E-\u00c7\u0130FTL\u0130K HABER\",\"url\":\"https:\\\/\\\/e-ciftlik.com\\\/haberler\\\/\",\"logo\":{\"@type\":\"ImageObject\",\"inLanguage\":\"tr\",\"@id\":\"https:\\\/\\\/e-ciftlik.com\\\/haberler\\\/#\\\/schema\\\/logo\\\/image\\\/\",\"url\":\"https:\\\/\\\/e-ciftlik.com\\\/haberler\\\/wp-content\\\/uploads\\\/2024\\\/06\\\/cropped-cropped-favicon-1-2.png\",\"contentUrl\":\"https:\\\/\\\/e-ciftlik.com\\\/haberler\\\/wp-content\\\/uploads\\\/2024\\\/06\\\/cropped-cropped-favicon-1-2.png\",\"width\":512,\"height\":512,\"caption\":\"E-\u00c7\u0130FTL\u0130K HABER\"},\"image\":{\"@id\":\"https:\\\/\\\/e-ciftlik.com\\\/haberler\\\/#\\\/schema\\\/logo\\\/image\\\/\"},\"sameAs\":[\"https:\\\/\\\/www.facebook.com\\\/eciftlikturkiye\",\"https:\\\/\\\/x.com\\\/eciftlikresmi\",\"https:\\\/\\\/www.instagram.com\\\/eciftlikresmi\\\/\"]},{\"@type\":\"Person\",\"@id\":\"https:\\\/\\\/e-ciftlik.com\\\/haberler\\\/#\\\/schema\\\/person\\\/d2f4fee3143d7f72be82cb887d51b00a\",\"name\":\"Haber Merkezi\",\"image\":{\"@type\":\"ImageObject\",\"inLanguage\":\"tr\",\"@id\":\"https:\\\/\\\/secure.gravatar.com\\\/avatar\\\/6c27d641914e66c1d0452c92716002398782818991d86db1c2cccb531e7c7c82?s=96&d=mm&r=g\",\"url\":\"https:\\\/\\\/secure.gravatar.com\\\/avatar\\\/6c27d641914e66c1d0452c92716002398782818991d86db1c2cccb531e7c7c82?s=96&d=mm&r=g\",\"contentUrl\":\"https:\\\/\\\/secure.gravatar.com\\\/avatar\\\/6c27d641914e66c1d0452c92716002398782818991d86db1c2cccb531e7c7c82?s=96&d=mm&r=g\",\"caption\":\"Haber Merkezi\"},\"sameAs\":[\"http:\\\/\\\/e-ciftlik.com\\\/haberler\"]}]}<\/script>\n<!-- \/ Yoast SEO Premium plugin. -->","yoast_head_json":{"title":"\u015eap A\u015f\u0131lama Kampanyas\u0131 Ba\u015flad\u0131 - E-&Ccedil;\u0130FTL\u0130K HABER","description":"G\u00fcm\u00fc\u015fhane'de \u015eap A\u015f\u0131lama Seferberli\u011fi Ba\u015flad\u0131 G\u00fcm\u00fc\u015fhane \u0130l Tar\u0131m ve Orman M\u00fcd\u00fcrl\u00fc\u011f\u00fc, 2025 y\u0131l\u0131 hayvan hastal\u0131klar\u0131 ile m\u00fccadele program\u0131 kapsam\u0131nda","robots":{"index":"index","follow":"follow","max-snippet":"max-snippet:-1","max-image-preview":"max-image-preview:large","max-video-preview":"max-video-preview:-1"},"canonical":"https:\/\/e-ciftlik.com\/haberler\/tarim\/sap-asilama-kampanyasi-basladi\/","og_locale":"tr_TR","og_type":"article","og_title":"\u015eap A\u015f\u0131lama Kampanyas\u0131 Ba\u015flad\u0131","og_description":"G\u00fcm\u00fc\u015fhane'de \u015eap A\u015f\u0131lama Seferberli\u011fi Ba\u015flad\u0131 G\u00fcm\u00fc\u015fhane \u0130l Tar\u0131m ve Orman M\u00fcd\u00fcrl\u00fc\u011f\u00fc, 2025 y\u0131l\u0131 hayvan hastal\u0131klar\u0131 ile m\u00fccadele program\u0131 kapsam\u0131nda","og_url":"https:\/\/e-ciftlik.com\/haberler\/tarim\/sap-asilama-kampanyasi-basladi\/","og_site_name":"E-&Ccedil;\u0130FTL\u0130K HABER","article_publisher":"https:\/\/www.facebook.com\/eciftlikturkiye","article_published_time":"2025-02-24T12:00:00+00:00","og_image":[{"width":640,"height":425,"url":"https:\/\/e-ciftlik.com\/haberler\/wp-content\/uploads\/2025\/03\/gumushanede-sap-asilama-seferberligi-basladi-1740405820.jpg","type":"image\/jpeg"}],"author":"Haber Merkezi","twitter_card":"summary_large_image","twitter_creator":"@eciftlikresmi","twitter_site":"@eciftlikresmi","twitter_misc":{"Yazan:":"Haber Merkezi","Tahmini okuma s\u00fcresi":"1 dakika"},"schema":{"@context":"https:\/\/schema.org","@graph":[{"@type":"NewsArticle","@id":"https:\/\/e-ciftlik.com\/haberler\/tarim\/sap-asilama-kampanyasi-basladi\/#article","isPartOf":{"@id":"https:\/\/e-ciftlik.com\/haberler\/tarim\/sap-asilama-kampanyasi-basladi\/"},"author":{"name":"Haber Merkezi","@id":"https:\/\/e-ciftlik.com\/haberler\/#\/schema\/person\/d2f4fee3143d7f72be82cb887d51b00a"},"headline":"\u015eap A\u015f\u0131lama Kampanyas\u0131 Ba\u015flad\u0131","datePublished":"2025-02-24T12:00:00+00:00","mainEntityOfPage":{"@id":"https:\/\/e-ciftlik.com\/haberler\/tarim\/sap-asilama-kampanyasi-basladi\/"},"wordCount":279,"commentCount":0,"publisher":{"@id":"https:\/\/e-ciftlik.com\/haberler\/#organization"},"image":{"@id":"https:\/\/e-ciftlik.com\/haberler\/tarim\/sap-asilama-kampanyasi-basladi\/#primaryimage"},"thumbnailUrl":"https:\/\/e-ciftlik.com\/haberler\/wp-content\/uploads\/2025\/03\/gumushanede-sap-asilama-seferberligi-basladi-1740405820.jpg","articleSection":["Tar\u0131m"],"inLanguage":"tr","potentialAction":[{"@type":"CommentAction","name":"Comment","target":["https:\/\/e-ciftlik.com\/haberler\/tarim\/sap-asilama-kampanyasi-basladi\/#respond"]}]},{"@type":"WebPage","@id":"https:\/\/e-ciftlik.com\/haberler\/tarim\/sap-asilama-kampanyasi-basladi\/","url":"https:\/\/e-ciftlik.com\/haberler\/tarim\/sap-asilama-kampanyasi-basladi\/","name":"\u015eap A\u015f\u0131lama Kampanyas\u0131 Ba\u015flad\u0131 - E-&Ccedil;\u0130FTL\u0130K HABER","isPartOf":{"@id":"https:\/\/e-ciftlik.com\/haberler\/#website"},"primaryImageOfPage":{"@id":"https:\/\/e-ciftlik.com\/haberler\/tarim\/sap-asilama-kampanyasi-basladi\/#primaryimage"},"image":{"@id":"https:\/\/e-ciftlik.com\/haberler\/tarim\/sap-asilama-kampanyasi-basladi\/#primaryimage"},"thumbnailUrl":"https:\/\/e-ciftlik.com\/haberler\/wp-content\/uploads\/2025\/03\/gumushanede-sap-asilama-seferberligi-basladi-1740405820.jpg","datePublished":"2025-02-24T12:00:00+00:00","description":"G\u00fcm\u00fc\u015fhane'de \u015eap A\u015f\u0131lama Seferberli\u011fi Ba\u015flad\u0131 G\u00fcm\u00fc\u015fhane \u0130l Tar\u0131m ve Orman M\u00fcd\u00fcrl\u00fc\u011f\u00fc, 2025 y\u0131l\u0131 hayvan hastal\u0131klar\u0131 ile m\u00fccadele program\u0131 kapsam\u0131nda","breadcrumb":{"@id":"https:\/\/e-ciftlik.com\/haberler\/tarim\/sap-asilama-kampanyasi-basladi\/#breadcrumb"},"inLanguage":"tr","potentialAction":[{"@type":"ReadAction","target":["https:\/\/e-ciftlik.com\/haberler\/tarim\/sap-asilama-kampanyasi-basladi\/"]}]},{"@type":"ImageObject","inLanguage":"tr","@id":"https:\/\/e-ciftlik.com\/haberler\/tarim\/sap-asilama-kampanyasi-basladi\/#primaryimage","url":"https:\/\/e-ciftlik.com\/haberler\/wp-content\/uploads\/2025\/03\/gumushanede-sap-asilama-seferberligi-basladi-1740405820.jpg","contentUrl":"https:\/\/e-ciftlik.com\/haberler\/wp-content\/uploads\/2025\/03\/gumushanede-sap-asilama-seferberligi-basladi-1740405820.jpg","width":640,"height":425},{"@type":"BreadcrumbList","@id":"https:\/\/e-ciftlik.com\/haberler\/tarim\/sap-asilama-kampanyasi-basladi\/#breadcrumb","itemListElement":[{"@type":"ListItem","position":1,"name":"Anasayfa","item":"https:\/\/e-ciftlik.com\/haberler\/"},{"@type":"ListItem","position":2,"name":"\u015eap A\u015f\u0131lama Kampanyas\u0131 Ba\u015flad\u0131"}]},{"@type":"WebSite","@id":"https:\/\/e-ciftlik.com\/haberler\/#website","url":"https:\/\/e-ciftlik.com\/haberler\/","name":"E-\u00c7iftlik Haber | G\u00fcncel, Son Dakika Haberler, En Son Haber","description":"","publisher":{"@id":"https:\/\/e-ciftlik.com\/haberler\/#organization"},"potentialAction":[{"@type":"SearchAction","target":{"@type":"EntryPoint","urlTemplate":"https:\/\/e-ciftlik.com\/haberler\/?s={search_term_string}"},"query-input":{"@type":"PropertyValueSpecification","valueRequired":true,"valueName":"search_term_string"}}],"inLanguage":"tr"},{"@type":"Organization","@id":"https:\/\/e-ciftlik.com\/haberler\/#organization","name":"E-\u00c7\u0130FTL\u0130K HABER","url":"https:\/\/e-ciftlik.com\/haberler\/","logo":{"@type":"ImageObject","inLanguage":"tr","@id":"https:\/\/e-ciftlik.com\/haberler\/#\/schema\/logo\/image\/","url":"https:\/\/e-ciftlik.com\/haberler\/wp-content\/uploads\/2024\/06\/cropped-cropped-favicon-1-2.png","contentUrl":"https:\/\/e-ciftlik.com\/haberler\/wp-content\/uploads\/2024\/06\/cropped-cropped-favicon-1-2.png","width":512,"height":512,"caption":"E-\u00c7\u0130FTL\u0130K HABER"},"image":{"@id":"https:\/\/e-ciftlik.com\/haberler\/#\/schema\/logo\/image\/"},"sameAs":["https:\/\/www.facebook.com\/eciftlikturkiye","https:\/\/x.com\/eciftlikresmi","https:\/\/www.instagram.com\/eciftlikresmi\/"]},{"@type":"Person","@id":"https:\/\/e-ciftlik.com\/haberler\/#\/schema\/person\/d2f4fee3143d7f72be82cb887d51b00a","name":"Haber Merkezi","image":{"@type":"ImageObject","inLanguage":"tr","@id":"https:\/\/secure.gravatar.com\/avatar\/6c27d641914e66c1d0452c92716002398782818991d86db1c2cccb531e7c7c82?s=96&d=mm&r=g","url":"https:\/\/secure.gravatar.com\/avatar\/6c27d641914e66c1d0452c92716002398782818991d86db1c2cccb531e7c7c82?s=96&d=mm&r=g","contentUrl":"https:\/\/secure.gravatar.com\/avatar\/6c27d641914e66c1d0452c92716002398782818991d86db1c2cccb531e7c7c82?s=96&d=mm&r=g","caption":"Haber Merkezi"},"sameAs":["http:\/\/e-ciftlik.com\/haberler"]}]}},"_links":{"self":[{"href":"https:\/\/e-ciftlik.com\/haberler\/wp-json\/wp\/v2\/posts\/84175","targetHints":{"allow":["GET"]}}],"collection":[{"href":"https:\/\/e-ciftlik.com\/haberler\/wp-json\/wp\/v2\/posts"}],"about":[{"href":"https:\/\/e-ciftlik.com\/haberler\/wp-json\/wp\/v2\/types\/post"}],"author":[{"embeddable":true,"href":"https:\/\/e-ciftlik.com\/haberler\/wp-json\/wp\/v2\/users\/1"}],"replies":[{"embeddable":true,"href":"https:\/\/e-ciftlik.com\/haberler\/wp-json\/wp\/v2\/comments?post=84175"}],"version-history":[{"count":0,"href":"https:\/\/e-ciftlik.com\/haberler\/wp-json\/wp\/v2\/posts\/84175\/revisions"}],"wp:featuredmedia":[{"embeddable":true,"href":"https:\/\/e-ciftlik.com\/haberler\/wp-json\/wp\/v2\/media\/84176"}],"wp:attachment":[{"href":"https:\/\/e-ciftlik.com\/haberler\/wp-json\/wp\/v2\/media?parent=84175"}],"wp:term":[{"taxonomy":"category","embeddable":true,"href":"https:\/\/e-ciftlik.com\/haberler\/wp-json\/wp\/v2\/categories?post=84175"},{"taxonomy":"post_tag","embeddable":true,"href":"https:\/\/e-ciftlik.com\/haberler\/wp-json\/wp\/v2\/tags?post=84175"}],"curies":[{"name":"wp","href":"https:\/\/api.w.org\/{rel}","templated":true}]}}