{"id":84189,"date":"2025-02-24T12:30:00","date_gmt":"2025-02-24T12:30:00","guid":{"rendered":"http:\/\/e-ciftlik.com\/haberler\/tarim\/yozgatta-sap-asilama-seferberligi-basladi\/"},"modified":"2025-02-24T12:30:00","modified_gmt":"2025-02-24T12:30:00","slug":"yozgatta-sap-asilama-seferberligi-basladi","status":"publish","type":"post","link":"https:\/\/e-ciftlik.com\/haberler\/tarim\/yozgatta-sap-asilama-seferberligi-basladi\/","title":{"rendered":"Yozgat&#8217;ta \u015eap A\u015f\u0131lama Seferberli\u011fi Ba\u015flad\u0131!"},"content":{"rendered":"<p>Yozgat \u0130l Tar\u0131m ve Orman M\u00fcd\u00fcrl\u00fc\u011f\u00fc, hayvanc\u0131l\u0131k sekt\u00f6r\u00fcnde \u00f6nemli ekonomik kay\u0131plara sebep olan \u015fap hastal\u0131\u011f\u0131na kar\u015f\u0131 \u00f6nlem almak amac\u0131yla ilkbahar d\u00f6nemi a\u015f\u0131lama kampanyas\u0131n\u0131 ba\u015flatt\u0131. Kampanya, 17 \u015eubat 2025 tarihinde ba\u015flad\u0131 ve 13 Nisan 2025 tarihine kadar devam edecek.<\/p>\n<p>Yozgat genelinde toplam 221 bin b\u00fcy\u00fckba\u015f hayvan\u0131n \u015fap a\u015f\u0131s\u0131 ile a\u015f\u0131lanmas\u0131 planlanmaktad\u0131r. Ayr\u0131ca, 3 aydan b\u00fcy\u00fck t\u00fcm di\u015fi s\u0131\u011f\u0131rlar\u0131n brucella a\u015f\u0131s\u0131 ile a\u015f\u0131lanmas\u0131 hedeflenmektedir.<\/p>\n<p>A\u015f\u0131lama kampanyas\u0131, \u0130nce\u00e7ay\u0131r k\u00f6y\u00fcnde \u0130l M\u00fcd\u00fcr\u00fc \u00d6mer \u015eENT\u00dcRK&#8217;\u00fcn kat\u0131l\u0131m\u0131yla ba\u015flad\u0131. \u015eENT\u00dcRK, \u015fap a\u015f\u0131s\u0131n\u0131n hastal\u0131ktan korunman\u0131n yan\u0131 s\u0131ra buza\u011f\u0131 desteklemelerinde de \u00f6nemli oldu\u011funu vurgulayarak, a\u015f\u0131lanmayan hayvanlar\u0131n bakanl\u0131k desteklerinden mahrum kalaca\u011f\u0131n\u0131 belirtti. Ayr\u0131ca, a\u015f\u0131n\u0131n gebe hayvanlar \u00fczerinde herhangi bir yan etkisinin olmad\u0131\u011f\u0131n\u0131 ve yeti\u015ftiricilerin endi\u015fe etmeden hayvanlar\u0131na a\u015f\u0131 yapt\u0131rabileceklerini s\u00f6yledi.<\/p>\n<p>\u015eENT\u00dcRK, \u015fap a\u015f\u0131s\u0131n\u0131n 5996 say\u0131l\u0131 Kanun kapsam\u0131nda zorunlu oldu\u011funu hat\u0131rlatarak, hayvanlar\u0131na a\u015f\u0131 yapt\u0131rmayan yeti\u015ftiricilere 105.274 TL idari para cezas\u0131 uygulanaca\u011f\u0131n\u0131 a\u00e7\u0131klad\u0131.<\/p>\n<p>\u015eENT\u00dcRK, \u015fap hastal\u0131\u011f\u0131n\u0131n h\u0131zl\u0131 bula\u015fma \u00f6zelli\u011fine sahip oldu\u011funu ve kontrols\u00fcz hayvan hareketleriyle kolayca yay\u0131labildi\u011fini belirterek, hastal\u0131\u011f\u0131n ancak ulusal d\u00fczeyde ve koordineli m\u00fccadele \u00e7al\u0131\u015fmalar\u0131yla \u00f6n\u00fcne ge\u00e7ilebilece\u011fini vurgulad\u0131.<\/p>\n","protected":false},"excerpt":{"rendered":"<p>Yozgat \u0130l Tar\u0131m ve Orman M\u00fcd\u00fcrl\u00fc\u011f\u00fc, hayvanc\u0131l\u0131k sekt\u00f6r\u00fcnde \u00f6nemli ekonomik kay\u0131plara sebep olan \u015fap hastal\u0131\u011f\u0131na&hellip;<\/p>\n","protected":false},"author":1,"featured_media":84190,"comment_status":"open","ping_status":"open","sticky":false,"template":"","format":"standard","meta":{"footnotes":""},"categories":[9],"tags":[],"class_list":["post-84189","post","type-post","status-publish","format-standard","has-post-thumbnail","hentry","category-tarim"],"yoast_head":"<!-- This site is optimized with the Yoast SEO Premium plugin v24.3 (Yoast SEO v27.4) - https:\/\/yoast.com\/product\/yoast-seo-premium-wordpress\/ -->\n<title>Yozgat&#039;ta \u015eap A\u015f\u0131lama Seferberli\u011fi Ba\u015flad\u0131! - E-&Ccedil;\u0130FTL\u0130K HABER<\/title>\n<meta name=\"description\" content=\"Yozgat \u0130l Tar\u0131m ve Orman M\u00fcd\u00fcrl\u00fc\u011f\u00fc, hayvanc\u0131l\u0131k sekt\u00f6r\u00fcnde \u00f6nemli ekonomik kay\u0131plara sebep olan \u015fap hastal\u0131\u011f\u0131na kar\u015f\u0131 \u00f6nlem almak amac\u0131yla ilkbahar d\u00f6nemi\" \/>\n<meta name=\"robots\" content=\"index, follow, max-snippet:-1, max-image-preview:large, max-video-preview:-1\" \/>\n<link rel=\"canonical\" href=\"https:\/\/e-ciftlik.com\/haberler\/tarim\/yozgatta-sap-asilama-seferberligi-basladi\/\" \/>\n<meta property=\"og:locale\" content=\"tr_TR\" \/>\n<meta property=\"og:type\" content=\"article\" \/>\n<meta property=\"og:title\" content=\"Yozgat&#039;ta \u015eap A\u015f\u0131lama Seferberli\u011fi Ba\u015flad\u0131!\" \/>\n<meta property=\"og:description\" content=\"Yozgat \u0130l Tar\u0131m ve Orman M\u00fcd\u00fcrl\u00fc\u011f\u00fc, hayvanc\u0131l\u0131k sekt\u00f6r\u00fcnde \u00f6nemli ekonomik kay\u0131plara sebep olan \u015fap hastal\u0131\u011f\u0131na kar\u015f\u0131 \u00f6nlem almak amac\u0131yla ilkbahar d\u00f6nemi\" \/>\n<meta property=\"og:url\" content=\"https:\/\/e-ciftlik.com\/haberler\/tarim\/yozgatta-sap-asilama-seferberligi-basladi\/\" \/>\n<meta property=\"og:site_name\" content=\"E-&Ccedil;\u0130FTL\u0130K HABER\" \/>\n<meta property=\"article:publisher\" content=\"https:\/\/www.facebook.com\/eciftlikturkiye\" \/>\n<meta property=\"article:published_time\" content=\"2025-02-24T12:30:00+00:00\" \/>\n<meta property=\"og:image\" content=\"https:\/\/e-ciftlik.com\/haberler\/wp-content\/uploads\/2025\/03\/yozgatta-sap-asilama-seferberligi-basladi-1740407109.jpg\" \/>\n\t<meta property=\"og:image:width\" content=\"640\" \/>\n\t<meta property=\"og:image:height\" content=\"425\" \/>\n\t<meta property=\"og:image:type\" content=\"image\/jpeg\" \/>\n<meta name=\"author\" content=\"Haber Merkezi\" \/>\n<meta name=\"twitter:card\" content=\"summary_large_image\" \/>\n<meta name=\"twitter:creator\" content=\"@eciftlikresmi\" \/>\n<meta name=\"twitter:site\" content=\"@eciftlikresmi\" \/>\n<meta name=\"twitter:label1\" content=\"Yazan:\" \/>\n\t<meta name=\"twitter:data1\" content=\"Haber Merkezi\" \/>\n\t<meta name=\"twitter:label2\" content=\"Tahmini okuma s\u00fcresi\" \/>\n\t<meta name=\"twitter:data2\" content=\"1 dakika\" \/>\n<script type=\"application\/ld+json\" class=\"yoast-schema-graph\">{\"@context\":\"https:\\\/\\\/schema.org\",\"@graph\":[{\"@type\":\"NewsArticle\",\"@id\":\"https:\\\/\\\/e-ciftlik.com\\\/haberler\\\/tarim\\\/yozgatta-sap-asilama-seferberligi-basladi\\\/#article\",\"isPartOf\":{\"@id\":\"https:\\\/\\\/e-ciftlik.com\\\/haberler\\\/tarim\\\/yozgatta-sap-asilama-seferberligi-basladi\\\/\"},\"author\":{\"name\":\"Haber Merkezi\",\"@id\":\"https:\\\/\\\/e-ciftlik.com\\\/haberler\\\/#\\\/schema\\\/person\\\/d2f4fee3143d7f72be82cb887d51b00a\"},\"headline\":\"Yozgat&#8217;ta \u015eap A\u015f\u0131lama Seferberli\u011fi Ba\u015flad\u0131!\",\"datePublished\":\"2025-02-24T12:30:00+00:00\",\"mainEntityOfPage\":{\"@id\":\"https:\\\/\\\/e-ciftlik.com\\\/haberler\\\/tarim\\\/yozgatta-sap-asilama-seferberligi-basladi\\\/\"},\"wordCount\":253,\"commentCount\":0,\"publisher\":{\"@id\":\"https:\\\/\\\/e-ciftlik.com\\\/haberler\\\/#organization\"},\"image\":{\"@id\":\"https:\\\/\\\/e-ciftlik.com\\\/haberler\\\/tarim\\\/yozgatta-sap-asilama-seferberligi-basladi\\\/#primaryimage\"},\"thumbnailUrl\":\"https:\\\/\\\/e-ciftlik.com\\\/haberler\\\/wp-content\\\/uploads\\\/2025\\\/03\\\/yozgatta-sap-asilama-seferberligi-basladi-1740407109.jpg\",\"articleSection\":[\"Tar\u0131m\"],\"inLanguage\":\"tr\",\"potentialAction\":[{\"@type\":\"CommentAction\",\"name\":\"Comment\",\"target\":[\"https:\\\/\\\/e-ciftlik.com\\\/haberler\\\/tarim\\\/yozgatta-sap-asilama-seferberligi-basladi\\\/#respond\"]}]},{\"@type\":\"WebPage\",\"@id\":\"https:\\\/\\\/e-ciftlik.com\\\/haberler\\\/tarim\\\/yozgatta-sap-asilama-seferberligi-basladi\\\/\",\"url\":\"https:\\\/\\\/e-ciftlik.com\\\/haberler\\\/tarim\\\/yozgatta-sap-asilama-seferberligi-basladi\\\/\",\"name\":\"Yozgat'ta \u015eap A\u015f\u0131lama Seferberli\u011fi Ba\u015flad\u0131! - E-&Ccedil;\u0130FTL\u0130K HABER\",\"isPartOf\":{\"@id\":\"https:\\\/\\\/e-ciftlik.com\\\/haberler\\\/#website\"},\"primaryImageOfPage\":{\"@id\":\"https:\\\/\\\/e-ciftlik.com\\\/haberler\\\/tarim\\\/yozgatta-sap-asilama-seferberligi-basladi\\\/#primaryimage\"},\"image\":{\"@id\":\"https:\\\/\\\/e-ciftlik.com\\\/haberler\\\/tarim\\\/yozgatta-sap-asilama-seferberligi-basladi\\\/#primaryimage\"},\"thumbnailUrl\":\"https:\\\/\\\/e-ciftlik.com\\\/haberler\\\/wp-content\\\/uploads\\\/2025\\\/03\\\/yozgatta-sap-asilama-seferberligi-basladi-1740407109.jpg\",\"datePublished\":\"2025-02-24T12:30:00+00:00\",\"description\":\"Yozgat \u0130l Tar\u0131m ve Orman M\u00fcd\u00fcrl\u00fc\u011f\u00fc, hayvanc\u0131l\u0131k sekt\u00f6r\u00fcnde \u00f6nemli ekonomik kay\u0131plara sebep olan \u015fap hastal\u0131\u011f\u0131na kar\u015f\u0131 \u00f6nlem almak amac\u0131yla ilkbahar d\u00f6nemi\",\"breadcrumb\":{\"@id\":\"https:\\\/\\\/e-ciftlik.com\\\/haberler\\\/tarim\\\/yozgatta-sap-asilama-seferberligi-basladi\\\/#breadcrumb\"},\"inLanguage\":\"tr\",\"potentialAction\":[{\"@type\":\"ReadAction\",\"target\":[\"https:\\\/\\\/e-ciftlik.com\\\/haberler\\\/tarim\\\/yozgatta-sap-asilama-seferberligi-basladi\\\/\"]}]},{\"@type\":\"ImageObject\",\"inLanguage\":\"tr\",\"@id\":\"https:\\\/\\\/e-ciftlik.com\\\/haberler\\\/tarim\\\/yozgatta-sap-asilama-seferberligi-basladi\\\/#primaryimage\",\"url\":\"https:\\\/\\\/e-ciftlik.com\\\/haberler\\\/wp-content\\\/uploads\\\/2025\\\/03\\\/yozgatta-sap-asilama-seferberligi-basladi-1740407109.jpg\",\"contentUrl\":\"https:\\\/\\\/e-ciftlik.com\\\/haberler\\\/wp-content\\\/uploads\\\/2025\\\/03\\\/yozgatta-sap-asilama-seferberligi-basladi-1740407109.jpg\",\"width\":640,\"height\":425},{\"@type\":\"BreadcrumbList\",\"@id\":\"https:\\\/\\\/e-ciftlik.com\\\/haberler\\\/tarim\\\/yozgatta-sap-asilama-seferberligi-basladi\\\/#breadcrumb\",\"itemListElement\":[{\"@type\":\"ListItem\",\"position\":1,\"name\":\"Anasayfa\",\"item\":\"https:\\\/\\\/e-ciftlik.com\\\/haberler\\\/\"},{\"@type\":\"ListItem\",\"position\":2,\"name\":\"Yozgat&#8217;ta \u015eap A\u015f\u0131lama Seferberli\u011fi Ba\u015flad\u0131!\"}]},{\"@type\":\"WebSite\",\"@id\":\"https:\\\/\\\/e-ciftlik.com\\\/haberler\\\/#website\",\"url\":\"https:\\\/\\\/e-ciftlik.com\\\/haberler\\\/\",\"name\":\"E-\u00c7iftlik Haber | G\u00fcncel, Son Dakika Haberler, En Son Haber\",\"description\":\"\",\"publisher\":{\"@id\":\"https:\\\/\\\/e-ciftlik.com\\\/haberler\\\/#organization\"},\"potentialAction\":[{\"@type\":\"SearchAction\",\"target\":{\"@type\":\"EntryPoint\",\"urlTemplate\":\"https:\\\/\\\/e-ciftlik.com\\\/haberler\\\/?s={search_term_string}\"},\"query-input\":{\"@type\":\"PropertyValueSpecification\",\"valueRequired\":true,\"valueName\":\"search_term_string\"}}],\"inLanguage\":\"tr\"},{\"@type\":\"Organization\",\"@id\":\"https:\\\/\\\/e-ciftlik.com\\\/haberler\\\/#organization\",\"name\":\"E-\u00c7\u0130FTL\u0130K HABER\",\"url\":\"https:\\\/\\\/e-ciftlik.com\\\/haberler\\\/\",\"logo\":{\"@type\":\"ImageObject\",\"inLanguage\":\"tr\",\"@id\":\"https:\\\/\\\/e-ciftlik.com\\\/haberler\\\/#\\\/schema\\\/logo\\\/image\\\/\",\"url\":\"https:\\\/\\\/e-ciftlik.com\\\/haberler\\\/wp-content\\\/uploads\\\/2024\\\/06\\\/cropped-cropped-favicon-1-2.png\",\"contentUrl\":\"https:\\\/\\\/e-ciftlik.com\\\/haberler\\\/wp-content\\\/uploads\\\/2024\\\/06\\\/cropped-cropped-favicon-1-2.png\",\"width\":512,\"height\":512,\"caption\":\"E-\u00c7\u0130FTL\u0130K HABER\"},\"image\":{\"@id\":\"https:\\\/\\\/e-ciftlik.com\\\/haberler\\\/#\\\/schema\\\/logo\\\/image\\\/\"},\"sameAs\":[\"https:\\\/\\\/www.facebook.com\\\/eciftlikturkiye\",\"https:\\\/\\\/x.com\\\/eciftlikresmi\",\"https:\\\/\\\/www.instagram.com\\\/eciftlikresmi\\\/\"]},{\"@type\":\"Person\",\"@id\":\"https:\\\/\\\/e-ciftlik.com\\\/haberler\\\/#\\\/schema\\\/person\\\/d2f4fee3143d7f72be82cb887d51b00a\",\"name\":\"Haber Merkezi\",\"image\":{\"@type\":\"ImageObject\",\"inLanguage\":\"tr\",\"@id\":\"https:\\\/\\\/secure.gravatar.com\\\/avatar\\\/6c27d641914e66c1d0452c92716002398782818991d86db1c2cccb531e7c7c82?s=96&d=mm&r=g\",\"url\":\"https:\\\/\\\/secure.gravatar.com\\\/avatar\\\/6c27d641914e66c1d0452c92716002398782818991d86db1c2cccb531e7c7c82?s=96&d=mm&r=g\",\"contentUrl\":\"https:\\\/\\\/secure.gravatar.com\\\/avatar\\\/6c27d641914e66c1d0452c92716002398782818991d86db1c2cccb531e7c7c82?s=96&d=mm&r=g\",\"caption\":\"Haber Merkezi\"},\"sameAs\":[\"http:\\\/\\\/e-ciftlik.com\\\/haberler\"]}]}<\/script>\n<!-- \/ Yoast SEO Premium plugin. -->","yoast_head_json":{"title":"Yozgat'ta \u015eap A\u015f\u0131lama Seferberli\u011fi Ba\u015flad\u0131! - E-&Ccedil;\u0130FTL\u0130K HABER","description":"Yozgat \u0130l Tar\u0131m ve Orman M\u00fcd\u00fcrl\u00fc\u011f\u00fc, hayvanc\u0131l\u0131k sekt\u00f6r\u00fcnde \u00f6nemli ekonomik kay\u0131plara sebep olan \u015fap hastal\u0131\u011f\u0131na kar\u015f\u0131 \u00f6nlem almak amac\u0131yla ilkbahar d\u00f6nemi","robots":{"index":"index","follow":"follow","max-snippet":"max-snippet:-1","max-image-preview":"max-image-preview:large","max-video-preview":"max-video-preview:-1"},"canonical":"https:\/\/e-ciftlik.com\/haberler\/tarim\/yozgatta-sap-asilama-seferberligi-basladi\/","og_locale":"tr_TR","og_type":"article","og_title":"Yozgat'ta \u015eap A\u015f\u0131lama Seferberli\u011fi Ba\u015flad\u0131!","og_description":"Yozgat \u0130l Tar\u0131m ve Orman M\u00fcd\u00fcrl\u00fc\u011f\u00fc, hayvanc\u0131l\u0131k sekt\u00f6r\u00fcnde \u00f6nemli ekonomik kay\u0131plara sebep olan \u015fap hastal\u0131\u011f\u0131na kar\u015f\u0131 \u00f6nlem almak amac\u0131yla ilkbahar d\u00f6nemi","og_url":"https:\/\/e-ciftlik.com\/haberler\/tarim\/yozgatta-sap-asilama-seferberligi-basladi\/","og_site_name":"E-&Ccedil;\u0130FTL\u0130K HABER","article_publisher":"https:\/\/www.facebook.com\/eciftlikturkiye","article_published_time":"2025-02-24T12:30:00+00:00","og_image":[{"width":640,"height":425,"url":"https:\/\/e-ciftlik.com\/haberler\/wp-content\/uploads\/2025\/03\/yozgatta-sap-asilama-seferberligi-basladi-1740407109.jpg","type":"image\/jpeg"}],"author":"Haber Merkezi","twitter_card":"summary_large_image","twitter_creator":"@eciftlikresmi","twitter_site":"@eciftlikresmi","twitter_misc":{"Yazan:":"Haber Merkezi","Tahmini okuma s\u00fcresi":"1 dakika"},"schema":{"@context":"https:\/\/schema.org","@graph":[{"@type":"NewsArticle","@id":"https:\/\/e-ciftlik.com\/haberler\/tarim\/yozgatta-sap-asilama-seferberligi-basladi\/#article","isPartOf":{"@id":"https:\/\/e-ciftlik.com\/haberler\/tarim\/yozgatta-sap-asilama-seferberligi-basladi\/"},"author":{"name":"Haber Merkezi","@id":"https:\/\/e-ciftlik.com\/haberler\/#\/schema\/person\/d2f4fee3143d7f72be82cb887d51b00a"},"headline":"Yozgat&#8217;ta \u015eap A\u015f\u0131lama Seferberli\u011fi Ba\u015flad\u0131!","datePublished":"2025-02-24T12:30:00+00:00","mainEntityOfPage":{"@id":"https:\/\/e-ciftlik.com\/haberler\/tarim\/yozgatta-sap-asilama-seferberligi-basladi\/"},"wordCount":253,"commentCount":0,"publisher":{"@id":"https:\/\/e-ciftlik.com\/haberler\/#organization"},"image":{"@id":"https:\/\/e-ciftlik.com\/haberler\/tarim\/yozgatta-sap-asilama-seferberligi-basladi\/#primaryimage"},"thumbnailUrl":"https:\/\/e-ciftlik.com\/haberler\/wp-content\/uploads\/2025\/03\/yozgatta-sap-asilama-seferberligi-basladi-1740407109.jpg","articleSection":["Tar\u0131m"],"inLanguage":"tr","potentialAction":[{"@type":"CommentAction","name":"Comment","target":["https:\/\/e-ciftlik.com\/haberler\/tarim\/yozgatta-sap-asilama-seferberligi-basladi\/#respond"]}]},{"@type":"WebPage","@id":"https:\/\/e-ciftlik.com\/haberler\/tarim\/yozgatta-sap-asilama-seferberligi-basladi\/","url":"https:\/\/e-ciftlik.com\/haberler\/tarim\/yozgatta-sap-asilama-seferberligi-basladi\/","name":"Yozgat'ta \u015eap A\u015f\u0131lama Seferberli\u011fi Ba\u015flad\u0131! - E-&Ccedil;\u0130FTL\u0130K HABER","isPartOf":{"@id":"https:\/\/e-ciftlik.com\/haberler\/#website"},"primaryImageOfPage":{"@id":"https:\/\/e-ciftlik.com\/haberler\/tarim\/yozgatta-sap-asilama-seferberligi-basladi\/#primaryimage"},"image":{"@id":"https:\/\/e-ciftlik.com\/haberler\/tarim\/yozgatta-sap-asilama-seferberligi-basladi\/#primaryimage"},"thumbnailUrl":"https:\/\/e-ciftlik.com\/haberler\/wp-content\/uploads\/2025\/03\/yozgatta-sap-asilama-seferberligi-basladi-1740407109.jpg","datePublished":"2025-02-24T12:30:00+00:00","description":"Yozgat \u0130l Tar\u0131m ve Orman M\u00fcd\u00fcrl\u00fc\u011f\u00fc, hayvanc\u0131l\u0131k sekt\u00f6r\u00fcnde \u00f6nemli ekonomik kay\u0131plara sebep olan \u015fap hastal\u0131\u011f\u0131na kar\u015f\u0131 \u00f6nlem almak amac\u0131yla ilkbahar d\u00f6nemi","breadcrumb":{"@id":"https:\/\/e-ciftlik.com\/haberler\/tarim\/yozgatta-sap-asilama-seferberligi-basladi\/#breadcrumb"},"inLanguage":"tr","potentialAction":[{"@type":"ReadAction","target":["https:\/\/e-ciftlik.com\/haberler\/tarim\/yozgatta-sap-asilama-seferberligi-basladi\/"]}]},{"@type":"ImageObject","inLanguage":"tr","@id":"https:\/\/e-ciftlik.com\/haberler\/tarim\/yozgatta-sap-asilama-seferberligi-basladi\/#primaryimage","url":"https:\/\/e-ciftlik.com\/haberler\/wp-content\/uploads\/2025\/03\/yozgatta-sap-asilama-seferberligi-basladi-1740407109.jpg","contentUrl":"https:\/\/e-ciftlik.com\/haberler\/wp-content\/uploads\/2025\/03\/yozgatta-sap-asilama-seferberligi-basladi-1740407109.jpg","width":640,"height":425},{"@type":"BreadcrumbList","@id":"https:\/\/e-ciftlik.com\/haberler\/tarim\/yozgatta-sap-asilama-seferberligi-basladi\/#breadcrumb","itemListElement":[{"@type":"ListItem","position":1,"name":"Anasayfa","item":"https:\/\/e-ciftlik.com\/haberler\/"},{"@type":"ListItem","position":2,"name":"Yozgat&#8217;ta \u015eap A\u015f\u0131lama Seferberli\u011fi Ba\u015flad\u0131!"}]},{"@type":"WebSite","@id":"https:\/\/e-ciftlik.com\/haberler\/#website","url":"https:\/\/e-ciftlik.com\/haberler\/","name":"E-\u00c7iftlik Haber | G\u00fcncel, Son Dakika Haberler, En Son Haber","description":"","publisher":{"@id":"https:\/\/e-ciftlik.com\/haberler\/#organization"},"potentialAction":[{"@type":"SearchAction","target":{"@type":"EntryPoint","urlTemplate":"https:\/\/e-ciftlik.com\/haberler\/?s={search_term_string}"},"query-input":{"@type":"PropertyValueSpecification","valueRequired":true,"valueName":"search_term_string"}}],"inLanguage":"tr"},{"@type":"Organization","@id":"https:\/\/e-ciftlik.com\/haberler\/#organization","name":"E-\u00c7\u0130FTL\u0130K HABER","url":"https:\/\/e-ciftlik.com\/haberler\/","logo":{"@type":"ImageObject","inLanguage":"tr","@id":"https:\/\/e-ciftlik.com\/haberler\/#\/schema\/logo\/image\/","url":"https:\/\/e-ciftlik.com\/haberler\/wp-content\/uploads\/2024\/06\/cropped-cropped-favicon-1-2.png","contentUrl":"https:\/\/e-ciftlik.com\/haberler\/wp-content\/uploads\/2024\/06\/cropped-cropped-favicon-1-2.png","width":512,"height":512,"caption":"E-\u00c7\u0130FTL\u0130K HABER"},"image":{"@id":"https:\/\/e-ciftlik.com\/haberler\/#\/schema\/logo\/image\/"},"sameAs":["https:\/\/www.facebook.com\/eciftlikturkiye","https:\/\/x.com\/eciftlikresmi","https:\/\/www.instagram.com\/eciftlikresmi\/"]},{"@type":"Person","@id":"https:\/\/e-ciftlik.com\/haberler\/#\/schema\/person\/d2f4fee3143d7f72be82cb887d51b00a","name":"Haber Merkezi","image":{"@type":"ImageObject","inLanguage":"tr","@id":"https:\/\/secure.gravatar.com\/avatar\/6c27d641914e66c1d0452c92716002398782818991d86db1c2cccb531e7c7c82?s=96&d=mm&r=g","url":"https:\/\/secure.gravatar.com\/avatar\/6c27d641914e66c1d0452c92716002398782818991d86db1c2cccb531e7c7c82?s=96&d=mm&r=g","contentUrl":"https:\/\/secure.gravatar.com\/avatar\/6c27d641914e66c1d0452c92716002398782818991d86db1c2cccb531e7c7c82?s=96&d=mm&r=g","caption":"Haber Merkezi"},"sameAs":["http:\/\/e-ciftlik.com\/haberler"]}]}},"_links":{"self":[{"href":"https:\/\/e-ciftlik.com\/haberler\/wp-json\/wp\/v2\/posts\/84189","targetHints":{"allow":["GET"]}}],"collection":[{"href":"https:\/\/e-ciftlik.com\/haberler\/wp-json\/wp\/v2\/posts"}],"about":[{"href":"https:\/\/e-ciftlik.com\/haberler\/wp-json\/wp\/v2\/types\/post"}],"author":[{"embeddable":true,"href":"https:\/\/e-ciftlik.com\/haberler\/wp-json\/wp\/v2\/users\/1"}],"replies":[{"embeddable":true,"href":"https:\/\/e-ciftlik.com\/haberler\/wp-json\/wp\/v2\/comments?post=84189"}],"version-history":[{"count":0,"href":"https:\/\/e-ciftlik.com\/haberler\/wp-json\/wp\/v2\/posts\/84189\/revisions"}],"wp:featuredmedia":[{"embeddable":true,"href":"https:\/\/e-ciftlik.com\/haberler\/wp-json\/wp\/v2\/media\/84190"}],"wp:attachment":[{"href":"https:\/\/e-ciftlik.com\/haberler\/wp-json\/wp\/v2\/media?parent=84189"}],"wp:term":[{"taxonomy":"category","embeddable":true,"href":"https:\/\/e-ciftlik.com\/haberler\/wp-json\/wp\/v2\/categories?post=84189"},{"taxonomy":"post_tag","embeddable":true,"href":"https:\/\/e-ciftlik.com\/haberler\/wp-json\/wp\/v2\/tags?post=84189"}],"curies":[{"name":"wp","href":"https:\/\/api.w.org\/{rel}","templated":true}]}}