{"id":85597,"date":"2025-03-10T09:55:00","date_gmt":"2025-03-10T09:55:00","guid":{"rendered":"http:\/\/e-ciftlik.com\/haberler\/tarim\/bakanlik-bilecikte-60-gecici-isci-alacak\/"},"modified":"2025-03-10T09:55:00","modified_gmt":"2025-03-10T09:55:00","slug":"bakanlik-bilecikte-60-gecici-isci-alacak","status":"publish","type":"post","link":"https:\/\/e-ciftlik.com\/haberler\/tarim\/bakanlik-bilecikte-60-gecici-isci-alacak\/","title":{"rendered":"Bakanl\u0131k Bilecik&#8217;te 60 Ge\u00e7ici \u0130\u015f\u00e7i Alacak!"},"content":{"rendered":"<p>Tar\u0131m ve Orman Bakanl\u0131\u011f\u0131 Orman Genel M\u00fcd\u00fcrl\u00fc\u011f\u00fc, Bilecik&#8217;te 60 ge\u00e7ici i\u015f\u00e7i al\u0131m\u0131 yapaca\u011f\u0131n\u0131 duyurdu. Bu al\u0131mlar, toplamda 4 bin 500 ge\u00e7ici i\u015f\u00e7i aras\u0131ndan ger\u00e7ekle\u015ftirilecek ve ba\u015fvurular T\u00fcrkiye \u0130\u015f Kurumu arac\u0131l\u0131\u011f\u0131yla kabul edilecek. Bu f\u0131rsattan yararlanmak isteyen adaylar, belirtilen tarihler aras\u0131nda ba\u015fvurular\u0131n\u0131 yapabilecekler. Bu i\u015f\u00e7iler, Bilecik&#8217;teki orman alanlar\u0131nda \u00e7e\u015fitli g\u00f6revlerde \u00e7al\u0131\u015facak ve b\u00f6lgedeki ormanlar\u0131n bak\u0131m\u0131 ve korunmas\u0131na destek olacaklar. Bu al\u0131mlar, Bilecik ekonomisine de olumlu katk\u0131 sa\u011flayacak ve i\u015fsizlikle m\u00fccadelede \u00f6nemli bir ad\u0131m olacak. Bu f\u0131rsattan yararlanmak isteyenlerin ba\u015fvuru s\u00fcrecini takip etmeleri ve gerekli belgeleri tamamlamalar\u0131 \u00f6nem ta\u015f\u0131maktad\u0131r.<\/p>\n","protected":false},"excerpt":{"rendered":"<p>Tar\u0131m ve Orman Bakanl\u0131\u011f\u0131 Orman Genel M\u00fcd\u00fcrl\u00fc\u011f\u00fc, Bilecik&#8217;te 60 ge\u00e7ici i\u015f\u00e7i al\u0131m\u0131 yapaca\u011f\u0131n\u0131 duyurdu. Bu&hellip;<\/p>\n","protected":false},"author":1,"featured_media":0,"comment_status":"open","ping_status":"open","sticky":false,"template":"","format":"standard","meta":{"footnotes":""},"categories":[9],"tags":[],"class_list":["post-85597","post","type-post","status-publish","format-standard","hentry","category-tarim"],"yoast_head":"<!-- This site is optimized with the Yoast SEO Premium plugin v24.3 (Yoast SEO v27.4) - https:\/\/yoast.com\/product\/yoast-seo-premium-wordpress\/ -->\n<title>Bakanl\u0131k Bilecik&#039;te 60 Ge\u00e7ici \u0130\u015f\u00e7i Alacak! - E-&Ccedil;\u0130FTL\u0130K HABER<\/title>\n<meta name=\"description\" content=\"Tar\u0131m ve Orman Bakanl\u0131\u011f\u0131 Orman Genel M\u00fcd\u00fcrl\u00fc\u011f\u00fc, Bilecik&#039;te 60 ge\u00e7ici i\u015f\u00e7i al\u0131m\u0131 yapaca\u011f\u0131n\u0131 duyurdu. Bu al\u0131mlar, toplamda 4 bin 500 ge\u00e7ici i\u015f\u00e7i aras\u0131ndan\" \/>\n<meta name=\"robots\" content=\"index, follow, max-snippet:-1, max-image-preview:large, max-video-preview:-1\" \/>\n<link rel=\"canonical\" href=\"http:\/\/e-ciftlik.com\/haberler\/tarim\/bakanlik-bilecikte-60-gecici-isci-alacak\/\" \/>\n<meta property=\"og:locale\" content=\"tr_TR\" \/>\n<meta property=\"og:type\" content=\"article\" \/>\n<meta property=\"og:title\" content=\"Bakanl\u0131k Bilecik&#039;te 60 Ge\u00e7ici \u0130\u015f\u00e7i Alacak!\" \/>\n<meta property=\"og:description\" content=\"Tar\u0131m ve Orman Bakanl\u0131\u011f\u0131 Orman Genel M\u00fcd\u00fcrl\u00fc\u011f\u00fc, Bilecik&#039;te 60 ge\u00e7ici i\u015f\u00e7i al\u0131m\u0131 yapaca\u011f\u0131n\u0131 duyurdu. Bu al\u0131mlar, toplamda 4 bin 500 ge\u00e7ici i\u015f\u00e7i aras\u0131ndan\" \/>\n<meta property=\"og:url\" content=\"http:\/\/e-ciftlik.com\/haberler\/tarim\/bakanlik-bilecikte-60-gecici-isci-alacak\/\" \/>\n<meta property=\"og:site_name\" content=\"E-&Ccedil;\u0130FTL\u0130K HABER\" \/>\n<meta property=\"article:publisher\" content=\"https:\/\/www.facebook.com\/eciftlikturkiye\" \/>\n<meta property=\"article:published_time\" content=\"2025-03-10T09:55:00+00:00\" \/>\n<meta name=\"author\" content=\"Haber Merkezi\" \/>\n<meta name=\"twitter:card\" content=\"summary_large_image\" \/>\n<meta name=\"twitter:creator\" content=\"@eciftlikresmi\" \/>\n<meta name=\"twitter:site\" content=\"@eciftlikresmi\" \/>\n<meta name=\"twitter:label1\" content=\"Yazan:\" \/>\n\t<meta name=\"twitter:data1\" content=\"Haber Merkezi\" \/>\n\t<meta name=\"twitter:label2\" content=\"Tahmini okuma s\u00fcresi\" \/>\n\t<meta name=\"twitter:data2\" content=\"1 dakika\" \/>\n<script type=\"application\/ld+json\" class=\"yoast-schema-graph\">{\"@context\":\"https:\\\/\\\/schema.org\",\"@graph\":[{\"@type\":\"NewsArticle\",\"@id\":\"http:\\\/\\\/e-ciftlik.com\\\/haberler\\\/tarim\\\/bakanlik-bilecikte-60-gecici-isci-alacak\\\/#article\",\"isPartOf\":{\"@id\":\"http:\\\/\\\/e-ciftlik.com\\\/haberler\\\/tarim\\\/bakanlik-bilecikte-60-gecici-isci-alacak\\\/\"},\"author\":{\"name\":\"Haber Merkezi\",\"@id\":\"https:\\\/\\\/e-ciftlik.com\\\/haberler\\\/#\\\/schema\\\/person\\\/d2f4fee3143d7f72be82cb887d51b00a\"},\"headline\":\"Bakanl\u0131k Bilecik&#8217;te 60 Ge\u00e7ici \u0130\u015f\u00e7i Alacak!\",\"datePublished\":\"2025-03-10T09:55:00+00:00\",\"mainEntityOfPage\":{\"@id\":\"http:\\\/\\\/e-ciftlik.com\\\/haberler\\\/tarim\\\/bakanlik-bilecikte-60-gecici-isci-alacak\\\/\"},\"wordCount\":133,\"commentCount\":0,\"publisher\":{\"@id\":\"https:\\\/\\\/e-ciftlik.com\\\/haberler\\\/#organization\"},\"articleSection\":[\"Tar\u0131m\"],\"inLanguage\":\"tr\",\"potentialAction\":[{\"@type\":\"CommentAction\",\"name\":\"Comment\",\"target\":[\"http:\\\/\\\/e-ciftlik.com\\\/haberler\\\/tarim\\\/bakanlik-bilecikte-60-gecici-isci-alacak\\\/#respond\"]}]},{\"@type\":\"WebPage\",\"@id\":\"http:\\\/\\\/e-ciftlik.com\\\/haberler\\\/tarim\\\/bakanlik-bilecikte-60-gecici-isci-alacak\\\/\",\"url\":\"http:\\\/\\\/e-ciftlik.com\\\/haberler\\\/tarim\\\/bakanlik-bilecikte-60-gecici-isci-alacak\\\/\",\"name\":\"Bakanl\u0131k Bilecik'te 60 Ge\u00e7ici \u0130\u015f\u00e7i Alacak! - E-&Ccedil;\u0130FTL\u0130K HABER\",\"isPartOf\":{\"@id\":\"https:\\\/\\\/e-ciftlik.com\\\/haberler\\\/#website\"},\"datePublished\":\"2025-03-10T09:55:00+00:00\",\"description\":\"Tar\u0131m ve Orman Bakanl\u0131\u011f\u0131 Orman Genel M\u00fcd\u00fcrl\u00fc\u011f\u00fc, Bilecik'te 60 ge\u00e7ici i\u015f\u00e7i al\u0131m\u0131 yapaca\u011f\u0131n\u0131 duyurdu. Bu al\u0131mlar, toplamda 4 bin 500 ge\u00e7ici i\u015f\u00e7i aras\u0131ndan\",\"breadcrumb\":{\"@id\":\"http:\\\/\\\/e-ciftlik.com\\\/haberler\\\/tarim\\\/bakanlik-bilecikte-60-gecici-isci-alacak\\\/#breadcrumb\"},\"inLanguage\":\"tr\",\"potentialAction\":[{\"@type\":\"ReadAction\",\"target\":[\"http:\\\/\\\/e-ciftlik.com\\\/haberler\\\/tarim\\\/bakanlik-bilecikte-60-gecici-isci-alacak\\\/\"]}]},{\"@type\":\"BreadcrumbList\",\"@id\":\"http:\\\/\\\/e-ciftlik.com\\\/haberler\\\/tarim\\\/bakanlik-bilecikte-60-gecici-isci-alacak\\\/#breadcrumb\",\"itemListElement\":[{\"@type\":\"ListItem\",\"position\":1,\"name\":\"Anasayfa\",\"item\":\"https:\\\/\\\/e-ciftlik.com\\\/haberler\\\/\"},{\"@type\":\"ListItem\",\"position\":2,\"name\":\"Bakanl\u0131k Bilecik&#8217;te 60 Ge\u00e7ici \u0130\u015f\u00e7i Alacak!\"}]},{\"@type\":\"WebSite\",\"@id\":\"https:\\\/\\\/e-ciftlik.com\\\/haberler\\\/#website\",\"url\":\"https:\\\/\\\/e-ciftlik.com\\\/haberler\\\/\",\"name\":\"E-\u00c7iftlik Haber | G\u00fcncel, Son Dakika Haberler, En Son Haber\",\"description\":\"\",\"publisher\":{\"@id\":\"https:\\\/\\\/e-ciftlik.com\\\/haberler\\\/#organization\"},\"potentialAction\":[{\"@type\":\"SearchAction\",\"target\":{\"@type\":\"EntryPoint\",\"urlTemplate\":\"https:\\\/\\\/e-ciftlik.com\\\/haberler\\\/?s={search_term_string}\"},\"query-input\":{\"@type\":\"PropertyValueSpecification\",\"valueRequired\":true,\"valueName\":\"search_term_string\"}}],\"inLanguage\":\"tr\"},{\"@type\":\"Organization\",\"@id\":\"https:\\\/\\\/e-ciftlik.com\\\/haberler\\\/#organization\",\"name\":\"E-\u00c7\u0130FTL\u0130K HABER\",\"url\":\"https:\\\/\\\/e-ciftlik.com\\\/haberler\\\/\",\"logo\":{\"@type\":\"ImageObject\",\"inLanguage\":\"tr\",\"@id\":\"https:\\\/\\\/e-ciftlik.com\\\/haberler\\\/#\\\/schema\\\/logo\\\/image\\\/\",\"url\":\"https:\\\/\\\/e-ciftlik.com\\\/haberler\\\/wp-content\\\/uploads\\\/2024\\\/06\\\/cropped-cropped-favicon-1-2.png\",\"contentUrl\":\"https:\\\/\\\/e-ciftlik.com\\\/haberler\\\/wp-content\\\/uploads\\\/2024\\\/06\\\/cropped-cropped-favicon-1-2.png\",\"width\":512,\"height\":512,\"caption\":\"E-\u00c7\u0130FTL\u0130K HABER\"},\"image\":{\"@id\":\"https:\\\/\\\/e-ciftlik.com\\\/haberler\\\/#\\\/schema\\\/logo\\\/image\\\/\"},\"sameAs\":[\"https:\\\/\\\/www.facebook.com\\\/eciftlikturkiye\",\"https:\\\/\\\/x.com\\\/eciftlikresmi\",\"https:\\\/\\\/www.instagram.com\\\/eciftlikresmi\\\/\"]},{\"@type\":\"Person\",\"@id\":\"https:\\\/\\\/e-ciftlik.com\\\/haberler\\\/#\\\/schema\\\/person\\\/d2f4fee3143d7f72be82cb887d51b00a\",\"name\":\"Haber Merkezi\",\"image\":{\"@type\":\"ImageObject\",\"inLanguage\":\"tr\",\"@id\":\"https:\\\/\\\/secure.gravatar.com\\\/avatar\\\/6c27d641914e66c1d0452c92716002398782818991d86db1c2cccb531e7c7c82?s=96&d=mm&r=g\",\"url\":\"https:\\\/\\\/secure.gravatar.com\\\/avatar\\\/6c27d641914e66c1d0452c92716002398782818991d86db1c2cccb531e7c7c82?s=96&d=mm&r=g\",\"contentUrl\":\"https:\\\/\\\/secure.gravatar.com\\\/avatar\\\/6c27d641914e66c1d0452c92716002398782818991d86db1c2cccb531e7c7c82?s=96&d=mm&r=g\",\"caption\":\"Haber Merkezi\"},\"sameAs\":[\"http:\\\/\\\/e-ciftlik.com\\\/haberler\"]}]}<\/script>\n<!-- \/ Yoast SEO Premium plugin. -->","yoast_head_json":{"title":"Bakanl\u0131k Bilecik'te 60 Ge\u00e7ici \u0130\u015f\u00e7i Alacak! - E-&Ccedil;\u0130FTL\u0130K HABER","description":"Tar\u0131m ve Orman Bakanl\u0131\u011f\u0131 Orman Genel M\u00fcd\u00fcrl\u00fc\u011f\u00fc, Bilecik'te 60 ge\u00e7ici i\u015f\u00e7i al\u0131m\u0131 yapaca\u011f\u0131n\u0131 duyurdu. Bu al\u0131mlar, toplamda 4 bin 500 ge\u00e7ici i\u015f\u00e7i aras\u0131ndan","robots":{"index":"index","follow":"follow","max-snippet":"max-snippet:-1","max-image-preview":"max-image-preview:large","max-video-preview":"max-video-preview:-1"},"canonical":"http:\/\/e-ciftlik.com\/haberler\/tarim\/bakanlik-bilecikte-60-gecici-isci-alacak\/","og_locale":"tr_TR","og_type":"article","og_title":"Bakanl\u0131k Bilecik'te 60 Ge\u00e7ici \u0130\u015f\u00e7i Alacak!","og_description":"Tar\u0131m ve Orman Bakanl\u0131\u011f\u0131 Orman Genel M\u00fcd\u00fcrl\u00fc\u011f\u00fc, Bilecik'te 60 ge\u00e7ici i\u015f\u00e7i al\u0131m\u0131 yapaca\u011f\u0131n\u0131 duyurdu. Bu al\u0131mlar, toplamda 4 bin 500 ge\u00e7ici i\u015f\u00e7i aras\u0131ndan","og_url":"http:\/\/e-ciftlik.com\/haberler\/tarim\/bakanlik-bilecikte-60-gecici-isci-alacak\/","og_site_name":"E-&Ccedil;\u0130FTL\u0130K HABER","article_publisher":"https:\/\/www.facebook.com\/eciftlikturkiye","article_published_time":"2025-03-10T09:55:00+00:00","author":"Haber Merkezi","twitter_card":"summary_large_image","twitter_creator":"@eciftlikresmi","twitter_site":"@eciftlikresmi","twitter_misc":{"Yazan:":"Haber Merkezi","Tahmini okuma s\u00fcresi":"1 dakika"},"schema":{"@context":"https:\/\/schema.org","@graph":[{"@type":"NewsArticle","@id":"http:\/\/e-ciftlik.com\/haberler\/tarim\/bakanlik-bilecikte-60-gecici-isci-alacak\/#article","isPartOf":{"@id":"http:\/\/e-ciftlik.com\/haberler\/tarim\/bakanlik-bilecikte-60-gecici-isci-alacak\/"},"author":{"name":"Haber Merkezi","@id":"https:\/\/e-ciftlik.com\/haberler\/#\/schema\/person\/d2f4fee3143d7f72be82cb887d51b00a"},"headline":"Bakanl\u0131k Bilecik&#8217;te 60 Ge\u00e7ici \u0130\u015f\u00e7i Alacak!","datePublished":"2025-03-10T09:55:00+00:00","mainEntityOfPage":{"@id":"http:\/\/e-ciftlik.com\/haberler\/tarim\/bakanlik-bilecikte-60-gecici-isci-alacak\/"},"wordCount":133,"commentCount":0,"publisher":{"@id":"https:\/\/e-ciftlik.com\/haberler\/#organization"},"articleSection":["Tar\u0131m"],"inLanguage":"tr","potentialAction":[{"@type":"CommentAction","name":"Comment","target":["http:\/\/e-ciftlik.com\/haberler\/tarim\/bakanlik-bilecikte-60-gecici-isci-alacak\/#respond"]}]},{"@type":"WebPage","@id":"http:\/\/e-ciftlik.com\/haberler\/tarim\/bakanlik-bilecikte-60-gecici-isci-alacak\/","url":"http:\/\/e-ciftlik.com\/haberler\/tarim\/bakanlik-bilecikte-60-gecici-isci-alacak\/","name":"Bakanl\u0131k Bilecik'te 60 Ge\u00e7ici \u0130\u015f\u00e7i Alacak! - E-&Ccedil;\u0130FTL\u0130K HABER","isPartOf":{"@id":"https:\/\/e-ciftlik.com\/haberler\/#website"},"datePublished":"2025-03-10T09:55:00+00:00","description":"Tar\u0131m ve Orman Bakanl\u0131\u011f\u0131 Orman Genel M\u00fcd\u00fcrl\u00fc\u011f\u00fc, Bilecik'te 60 ge\u00e7ici i\u015f\u00e7i al\u0131m\u0131 yapaca\u011f\u0131n\u0131 duyurdu. Bu al\u0131mlar, toplamda 4 bin 500 ge\u00e7ici i\u015f\u00e7i aras\u0131ndan","breadcrumb":{"@id":"http:\/\/e-ciftlik.com\/haberler\/tarim\/bakanlik-bilecikte-60-gecici-isci-alacak\/#breadcrumb"},"inLanguage":"tr","potentialAction":[{"@type":"ReadAction","target":["http:\/\/e-ciftlik.com\/haberler\/tarim\/bakanlik-bilecikte-60-gecici-isci-alacak\/"]}]},{"@type":"BreadcrumbList","@id":"http:\/\/e-ciftlik.com\/haberler\/tarim\/bakanlik-bilecikte-60-gecici-isci-alacak\/#breadcrumb","itemListElement":[{"@type":"ListItem","position":1,"name":"Anasayfa","item":"https:\/\/e-ciftlik.com\/haberler\/"},{"@type":"ListItem","position":2,"name":"Bakanl\u0131k Bilecik&#8217;te 60 Ge\u00e7ici \u0130\u015f\u00e7i Alacak!"}]},{"@type":"WebSite","@id":"https:\/\/e-ciftlik.com\/haberler\/#website","url":"https:\/\/e-ciftlik.com\/haberler\/","name":"E-\u00c7iftlik Haber | G\u00fcncel, Son Dakika Haberler, En Son Haber","description":"","publisher":{"@id":"https:\/\/e-ciftlik.com\/haberler\/#organization"},"potentialAction":[{"@type":"SearchAction","target":{"@type":"EntryPoint","urlTemplate":"https:\/\/e-ciftlik.com\/haberler\/?s={search_term_string}"},"query-input":{"@type":"PropertyValueSpecification","valueRequired":true,"valueName":"search_term_string"}}],"inLanguage":"tr"},{"@type":"Organization","@id":"https:\/\/e-ciftlik.com\/haberler\/#organization","name":"E-\u00c7\u0130FTL\u0130K HABER","url":"https:\/\/e-ciftlik.com\/haberler\/","logo":{"@type":"ImageObject","inLanguage":"tr","@id":"https:\/\/e-ciftlik.com\/haberler\/#\/schema\/logo\/image\/","url":"https:\/\/e-ciftlik.com\/haberler\/wp-content\/uploads\/2024\/06\/cropped-cropped-favicon-1-2.png","contentUrl":"https:\/\/e-ciftlik.com\/haberler\/wp-content\/uploads\/2024\/06\/cropped-cropped-favicon-1-2.png","width":512,"height":512,"caption":"E-\u00c7\u0130FTL\u0130K HABER"},"image":{"@id":"https:\/\/e-ciftlik.com\/haberler\/#\/schema\/logo\/image\/"},"sameAs":["https:\/\/www.facebook.com\/eciftlikturkiye","https:\/\/x.com\/eciftlikresmi","https:\/\/www.instagram.com\/eciftlikresmi\/"]},{"@type":"Person","@id":"https:\/\/e-ciftlik.com\/haberler\/#\/schema\/person\/d2f4fee3143d7f72be82cb887d51b00a","name":"Haber Merkezi","image":{"@type":"ImageObject","inLanguage":"tr","@id":"https:\/\/secure.gravatar.com\/avatar\/6c27d641914e66c1d0452c92716002398782818991d86db1c2cccb531e7c7c82?s=96&d=mm&r=g","url":"https:\/\/secure.gravatar.com\/avatar\/6c27d641914e66c1d0452c92716002398782818991d86db1c2cccb531e7c7c82?s=96&d=mm&r=g","contentUrl":"https:\/\/secure.gravatar.com\/avatar\/6c27d641914e66c1d0452c92716002398782818991d86db1c2cccb531e7c7c82?s=96&d=mm&r=g","caption":"Haber Merkezi"},"sameAs":["http:\/\/e-ciftlik.com\/haberler"]}]}},"_links":{"self":[{"href":"https:\/\/e-ciftlik.com\/haberler\/wp-json\/wp\/v2\/posts\/85597","targetHints":{"allow":["GET"]}}],"collection":[{"href":"https:\/\/e-ciftlik.com\/haberler\/wp-json\/wp\/v2\/posts"}],"about":[{"href":"https:\/\/e-ciftlik.com\/haberler\/wp-json\/wp\/v2\/types\/post"}],"author":[{"embeddable":true,"href":"https:\/\/e-ciftlik.com\/haberler\/wp-json\/wp\/v2\/users\/1"}],"replies":[{"embeddable":true,"href":"https:\/\/e-ciftlik.com\/haberler\/wp-json\/wp\/v2\/comments?post=85597"}],"version-history":[{"count":0,"href":"https:\/\/e-ciftlik.com\/haberler\/wp-json\/wp\/v2\/posts\/85597\/revisions"}],"wp:attachment":[{"href":"https:\/\/e-ciftlik.com\/haberler\/wp-json\/wp\/v2\/media?parent=85597"}],"wp:term":[{"taxonomy":"category","embeddable":true,"href":"https:\/\/e-ciftlik.com\/haberler\/wp-json\/wp\/v2\/categories?post=85597"},{"taxonomy":"post_tag","embeddable":true,"href":"https:\/\/e-ciftlik.com\/haberler\/wp-json\/wp\/v2\/tags?post=85597"}],"curies":[{"name":"wp","href":"https:\/\/api.w.org\/{rel}","templated":true}]}}