{"id":85626,"date":"2025-03-10T10:14:00","date_gmt":"2025-03-10T10:14:00","guid":{"rendered":"https:\/\/e-ciftlik.com\/haberler\/tarim\/askeri-helikopter-ciftciye-yem-tasidi\/"},"modified":"2025-03-10T10:14:00","modified_gmt":"2025-03-10T10:14:00","slug":"askeri-helikopter-ciftciye-yem-tasidi","status":"publish","type":"post","link":"https:\/\/e-ciftlik.com\/haberler\/tarim\/askeri-helikopter-ciftciye-yem-tasidi\/","title":{"rendered":"Askeri helikopter \u00e7ift\u00e7iye yem ta\u015f\u0131d\u0131"},"content":{"rendered":"<p>Askeri helikopter \u00e7ift\u00e7iye yard\u0131m etmek i\u00e7in kalkt\u0131 ve karl\u0131 b\u00f6lgeye yem indirdi.<\/p>\n<p>TUNCEL\u0130 &#8211; Tunceli&#8217;nin Hozat il\u00e7esinde \u00e7etin k\u0131\u015f \u015fartlar\u0131 nedeniyle hayvanlar\u0131na yem g\u00f6t\u00fcremeyen bir \u00e7ift\u00e7iye yard\u0131m eli askeri helikopterden geldi. Da\u011fl\u0131k araziye inen helikopter, \u00e7ift\u00e7iye yem b\u0131rakt\u0131.<\/p>\n<p>Hozat il\u00e7esine ba\u011fl\u0131 Kurukaymak k\u00f6y\u00fc Tanzi mezras\u0131nda \u00e7ift\u00e7ilik yapan bir vatanda\u015f\u0131n hayvanlar\u0131n\u0131n yemi t\u00fckenmi\u015fti. \u00c7etin k\u0131\u015f \u015fartlar\u0131 y\u00fcz\u00fcnden ya\u015fad\u0131\u011f\u0131 alana yem ula\u015ft\u0131ramayan \u00e7ift\u00e7i, jandarmadan yard\u0131m istedi. Askeri helikoptere y\u00fcklenen yemler, kar birikintilerinin aras\u0131na inerek yemleri b\u0131rakt\u0131.<\/p>\n<p>\u00c7ift\u00e7i, jandarma ekiplerine yard\u0131mlar\u0131ndan dolay\u0131 te\u015fekk\u00fcr etti.<\/p>\n","protected":false},"excerpt":{"rendered":"<p>Askeri helikopter \u00e7ift\u00e7iye yard\u0131m etmek i\u00e7in kalkt\u0131 ve karl\u0131 b\u00f6lgeye yem indirdi. TUNCEL\u0130 &#8211; Tunceli&#8217;nin&hellip;<\/p>\n","protected":false},"author":1,"featured_media":0,"comment_status":"open","ping_status":"open","sticky":false,"template":"","format":"standard","meta":{"footnotes":""},"categories":[9],"tags":[],"class_list":["post-85626","post","type-post","status-publish","format-standard","hentry","category-tarim"],"yoast_head":"<!-- This site is optimized with the Yoast SEO Premium plugin v24.3 (Yoast SEO v27.4) - https:\/\/yoast.com\/product\/yoast-seo-premium-wordpress\/ -->\n<title>Askeri helikopter \u00e7ift\u00e7iye yem ta\u015f\u0131d\u0131 - E-&Ccedil;\u0130FTL\u0130K HABER<\/title>\n<meta name=\"description\" content=\"Askeri helikopter \u00e7ift\u00e7iye yard\u0131m etmek i\u00e7in kalkt\u0131 ve karl\u0131 b\u00f6lgeye yem indirdi. TUNCEL\u0130 - Tunceli&#039;nin Hozat il\u00e7esinde \u00e7etin k\u0131\u015f \u015fartlar\u0131 nedeniyle\" \/>\n<meta name=\"robots\" content=\"index, follow, max-snippet:-1, max-image-preview:large, max-video-preview:-1\" \/>\n<link rel=\"canonical\" href=\"https:\/\/e-ciftlik.com\/haberler\/tarim\/askeri-helikopter-ciftciye-yem-tasidi\/\" \/>\n<meta property=\"og:locale\" content=\"tr_TR\" \/>\n<meta property=\"og:type\" content=\"article\" \/>\n<meta property=\"og:title\" content=\"Askeri helikopter \u00e7ift\u00e7iye yem ta\u015f\u0131d\u0131\" \/>\n<meta property=\"og:description\" content=\"Askeri helikopter \u00e7ift\u00e7iye yard\u0131m etmek i\u00e7in kalkt\u0131 ve karl\u0131 b\u00f6lgeye yem indirdi. TUNCEL\u0130 - Tunceli&#039;nin Hozat il\u00e7esinde \u00e7etin k\u0131\u015f \u015fartlar\u0131 nedeniyle\" \/>\n<meta property=\"og:url\" content=\"https:\/\/e-ciftlik.com\/haberler\/tarim\/askeri-helikopter-ciftciye-yem-tasidi\/\" \/>\n<meta property=\"og:site_name\" content=\"E-&Ccedil;\u0130FTL\u0130K HABER\" \/>\n<meta property=\"article:publisher\" content=\"https:\/\/www.facebook.com\/eciftlikturkiye\" \/>\n<meta property=\"article:published_time\" content=\"2025-03-10T10:14:00+00:00\" \/>\n<meta name=\"author\" content=\"Haber Merkezi\" \/>\n<meta name=\"twitter:card\" content=\"summary_large_image\" \/>\n<meta name=\"twitter:creator\" content=\"@eciftlikresmi\" \/>\n<meta name=\"twitter:site\" content=\"@eciftlikresmi\" \/>\n<meta name=\"twitter:label1\" content=\"Yazan:\" \/>\n\t<meta name=\"twitter:data1\" content=\"Haber Merkezi\" \/>\n\t<meta name=\"twitter:label2\" content=\"Tahmini okuma s\u00fcresi\" \/>\n\t<meta name=\"twitter:data2\" content=\"1 dakika\" \/>\n<script type=\"application\/ld+json\" class=\"yoast-schema-graph\">{\"@context\":\"https:\\\/\\\/schema.org\",\"@graph\":[{\"@type\":\"NewsArticle\",\"@id\":\"https:\\\/\\\/e-ciftlik.com\\\/haberler\\\/tarim\\\/askeri-helikopter-ciftciye-yem-tasidi\\\/#article\",\"isPartOf\":{\"@id\":\"https:\\\/\\\/e-ciftlik.com\\\/haberler\\\/tarim\\\/askeri-helikopter-ciftciye-yem-tasidi\\\/\"},\"author\":{\"name\":\"Haber Merkezi\",\"@id\":\"https:\\\/\\\/e-ciftlik.com\\\/haberler\\\/#\\\/schema\\\/person\\\/d2f4fee3143d7f72be82cb887d51b00a\"},\"headline\":\"Askeri helikopter \u00e7ift\u00e7iye yem ta\u015f\u0131d\u0131\",\"datePublished\":\"2025-03-10T10:14:00+00:00\",\"mainEntityOfPage\":{\"@id\":\"https:\\\/\\\/e-ciftlik.com\\\/haberler\\\/tarim\\\/askeri-helikopter-ciftciye-yem-tasidi\\\/\"},\"wordCount\":128,\"commentCount\":0,\"publisher\":{\"@id\":\"https:\\\/\\\/e-ciftlik.com\\\/haberler\\\/#organization\"},\"articleSection\":[\"Tar\u0131m\"],\"inLanguage\":\"tr\",\"potentialAction\":[{\"@type\":\"CommentAction\",\"name\":\"Comment\",\"target\":[\"https:\\\/\\\/e-ciftlik.com\\\/haberler\\\/tarim\\\/askeri-helikopter-ciftciye-yem-tasidi\\\/#respond\"]}]},{\"@type\":\"WebPage\",\"@id\":\"https:\\\/\\\/e-ciftlik.com\\\/haberler\\\/tarim\\\/askeri-helikopter-ciftciye-yem-tasidi\\\/\",\"url\":\"https:\\\/\\\/e-ciftlik.com\\\/haberler\\\/tarim\\\/askeri-helikopter-ciftciye-yem-tasidi\\\/\",\"name\":\"Askeri helikopter \u00e7ift\u00e7iye yem ta\u015f\u0131d\u0131 - E-&Ccedil;\u0130FTL\u0130K HABER\",\"isPartOf\":{\"@id\":\"https:\\\/\\\/e-ciftlik.com\\\/haberler\\\/#website\"},\"datePublished\":\"2025-03-10T10:14:00+00:00\",\"description\":\"Askeri helikopter \u00e7ift\u00e7iye yard\u0131m etmek i\u00e7in kalkt\u0131 ve karl\u0131 b\u00f6lgeye yem indirdi. TUNCEL\u0130 - Tunceli'nin Hozat il\u00e7esinde \u00e7etin k\u0131\u015f \u015fartlar\u0131 nedeniyle\",\"breadcrumb\":{\"@id\":\"https:\\\/\\\/e-ciftlik.com\\\/haberler\\\/tarim\\\/askeri-helikopter-ciftciye-yem-tasidi\\\/#breadcrumb\"},\"inLanguage\":\"tr\",\"potentialAction\":[{\"@type\":\"ReadAction\",\"target\":[\"https:\\\/\\\/e-ciftlik.com\\\/haberler\\\/tarim\\\/askeri-helikopter-ciftciye-yem-tasidi\\\/\"]}]},{\"@type\":\"BreadcrumbList\",\"@id\":\"https:\\\/\\\/e-ciftlik.com\\\/haberler\\\/tarim\\\/askeri-helikopter-ciftciye-yem-tasidi\\\/#breadcrumb\",\"itemListElement\":[{\"@type\":\"ListItem\",\"position\":1,\"name\":\"Anasayfa\",\"item\":\"https:\\\/\\\/e-ciftlik.com\\\/haberler\\\/\"},{\"@type\":\"ListItem\",\"position\":2,\"name\":\"Askeri helikopter \u00e7ift\u00e7iye yem ta\u015f\u0131d\u0131\"}]},{\"@type\":\"WebSite\",\"@id\":\"https:\\\/\\\/e-ciftlik.com\\\/haberler\\\/#website\",\"url\":\"https:\\\/\\\/e-ciftlik.com\\\/haberler\\\/\",\"name\":\"E-\u00c7iftlik Haber | G\u00fcncel, Son Dakika Haberler, En Son Haber\",\"description\":\"\",\"publisher\":{\"@id\":\"https:\\\/\\\/e-ciftlik.com\\\/haberler\\\/#organization\"},\"potentialAction\":[{\"@type\":\"SearchAction\",\"target\":{\"@type\":\"EntryPoint\",\"urlTemplate\":\"https:\\\/\\\/e-ciftlik.com\\\/haberler\\\/?s={search_term_string}\"},\"query-input\":{\"@type\":\"PropertyValueSpecification\",\"valueRequired\":true,\"valueName\":\"search_term_string\"}}],\"inLanguage\":\"tr\"},{\"@type\":\"Organization\",\"@id\":\"https:\\\/\\\/e-ciftlik.com\\\/haberler\\\/#organization\",\"name\":\"E-\u00c7\u0130FTL\u0130K HABER\",\"url\":\"https:\\\/\\\/e-ciftlik.com\\\/haberler\\\/\",\"logo\":{\"@type\":\"ImageObject\",\"inLanguage\":\"tr\",\"@id\":\"https:\\\/\\\/e-ciftlik.com\\\/haberler\\\/#\\\/schema\\\/logo\\\/image\\\/\",\"url\":\"https:\\\/\\\/e-ciftlik.com\\\/haberler\\\/wp-content\\\/uploads\\\/2024\\\/06\\\/cropped-cropped-favicon-1-2.png\",\"contentUrl\":\"https:\\\/\\\/e-ciftlik.com\\\/haberler\\\/wp-content\\\/uploads\\\/2024\\\/06\\\/cropped-cropped-favicon-1-2.png\",\"width\":512,\"height\":512,\"caption\":\"E-\u00c7\u0130FTL\u0130K HABER\"},\"image\":{\"@id\":\"https:\\\/\\\/e-ciftlik.com\\\/haberler\\\/#\\\/schema\\\/logo\\\/image\\\/\"},\"sameAs\":[\"https:\\\/\\\/www.facebook.com\\\/eciftlikturkiye\",\"https:\\\/\\\/x.com\\\/eciftlikresmi\",\"https:\\\/\\\/www.instagram.com\\\/eciftlikresmi\\\/\"]},{\"@type\":\"Person\",\"@id\":\"https:\\\/\\\/e-ciftlik.com\\\/haberler\\\/#\\\/schema\\\/person\\\/d2f4fee3143d7f72be82cb887d51b00a\",\"name\":\"Haber Merkezi\",\"image\":{\"@type\":\"ImageObject\",\"inLanguage\":\"tr\",\"@id\":\"https:\\\/\\\/secure.gravatar.com\\\/avatar\\\/6c27d641914e66c1d0452c92716002398782818991d86db1c2cccb531e7c7c82?s=96&d=mm&r=g\",\"url\":\"https:\\\/\\\/secure.gravatar.com\\\/avatar\\\/6c27d641914e66c1d0452c92716002398782818991d86db1c2cccb531e7c7c82?s=96&d=mm&r=g\",\"contentUrl\":\"https:\\\/\\\/secure.gravatar.com\\\/avatar\\\/6c27d641914e66c1d0452c92716002398782818991d86db1c2cccb531e7c7c82?s=96&d=mm&r=g\",\"caption\":\"Haber Merkezi\"},\"sameAs\":[\"http:\\\/\\\/e-ciftlik.com\\\/haberler\"]}]}<\/script>\n<!-- \/ Yoast SEO Premium plugin. -->","yoast_head_json":{"title":"Askeri helikopter \u00e7ift\u00e7iye yem ta\u015f\u0131d\u0131 - E-&Ccedil;\u0130FTL\u0130K HABER","description":"Askeri helikopter \u00e7ift\u00e7iye yard\u0131m etmek i\u00e7in kalkt\u0131 ve karl\u0131 b\u00f6lgeye yem indirdi. TUNCEL\u0130 - Tunceli'nin Hozat il\u00e7esinde \u00e7etin k\u0131\u015f \u015fartlar\u0131 nedeniyle","robots":{"index":"index","follow":"follow","max-snippet":"max-snippet:-1","max-image-preview":"max-image-preview:large","max-video-preview":"max-video-preview:-1"},"canonical":"https:\/\/e-ciftlik.com\/haberler\/tarim\/askeri-helikopter-ciftciye-yem-tasidi\/","og_locale":"tr_TR","og_type":"article","og_title":"Askeri helikopter \u00e7ift\u00e7iye yem ta\u015f\u0131d\u0131","og_description":"Askeri helikopter \u00e7ift\u00e7iye yard\u0131m etmek i\u00e7in kalkt\u0131 ve karl\u0131 b\u00f6lgeye yem indirdi. TUNCEL\u0130 - Tunceli'nin Hozat il\u00e7esinde \u00e7etin k\u0131\u015f \u015fartlar\u0131 nedeniyle","og_url":"https:\/\/e-ciftlik.com\/haberler\/tarim\/askeri-helikopter-ciftciye-yem-tasidi\/","og_site_name":"E-&Ccedil;\u0130FTL\u0130K HABER","article_publisher":"https:\/\/www.facebook.com\/eciftlikturkiye","article_published_time":"2025-03-10T10:14:00+00:00","author":"Haber Merkezi","twitter_card":"summary_large_image","twitter_creator":"@eciftlikresmi","twitter_site":"@eciftlikresmi","twitter_misc":{"Yazan:":"Haber Merkezi","Tahmini okuma s\u00fcresi":"1 dakika"},"schema":{"@context":"https:\/\/schema.org","@graph":[{"@type":"NewsArticle","@id":"https:\/\/e-ciftlik.com\/haberler\/tarim\/askeri-helikopter-ciftciye-yem-tasidi\/#article","isPartOf":{"@id":"https:\/\/e-ciftlik.com\/haberler\/tarim\/askeri-helikopter-ciftciye-yem-tasidi\/"},"author":{"name":"Haber Merkezi","@id":"https:\/\/e-ciftlik.com\/haberler\/#\/schema\/person\/d2f4fee3143d7f72be82cb887d51b00a"},"headline":"Askeri helikopter \u00e7ift\u00e7iye yem ta\u015f\u0131d\u0131","datePublished":"2025-03-10T10:14:00+00:00","mainEntityOfPage":{"@id":"https:\/\/e-ciftlik.com\/haberler\/tarim\/askeri-helikopter-ciftciye-yem-tasidi\/"},"wordCount":128,"commentCount":0,"publisher":{"@id":"https:\/\/e-ciftlik.com\/haberler\/#organization"},"articleSection":["Tar\u0131m"],"inLanguage":"tr","potentialAction":[{"@type":"CommentAction","name":"Comment","target":["https:\/\/e-ciftlik.com\/haberler\/tarim\/askeri-helikopter-ciftciye-yem-tasidi\/#respond"]}]},{"@type":"WebPage","@id":"https:\/\/e-ciftlik.com\/haberler\/tarim\/askeri-helikopter-ciftciye-yem-tasidi\/","url":"https:\/\/e-ciftlik.com\/haberler\/tarim\/askeri-helikopter-ciftciye-yem-tasidi\/","name":"Askeri helikopter \u00e7ift\u00e7iye yem ta\u015f\u0131d\u0131 - E-&Ccedil;\u0130FTL\u0130K HABER","isPartOf":{"@id":"https:\/\/e-ciftlik.com\/haberler\/#website"},"datePublished":"2025-03-10T10:14:00+00:00","description":"Askeri helikopter \u00e7ift\u00e7iye yard\u0131m etmek i\u00e7in kalkt\u0131 ve karl\u0131 b\u00f6lgeye yem indirdi. TUNCEL\u0130 - Tunceli'nin Hozat il\u00e7esinde \u00e7etin k\u0131\u015f \u015fartlar\u0131 nedeniyle","breadcrumb":{"@id":"https:\/\/e-ciftlik.com\/haberler\/tarim\/askeri-helikopter-ciftciye-yem-tasidi\/#breadcrumb"},"inLanguage":"tr","potentialAction":[{"@type":"ReadAction","target":["https:\/\/e-ciftlik.com\/haberler\/tarim\/askeri-helikopter-ciftciye-yem-tasidi\/"]}]},{"@type":"BreadcrumbList","@id":"https:\/\/e-ciftlik.com\/haberler\/tarim\/askeri-helikopter-ciftciye-yem-tasidi\/#breadcrumb","itemListElement":[{"@type":"ListItem","position":1,"name":"Anasayfa","item":"https:\/\/e-ciftlik.com\/haberler\/"},{"@type":"ListItem","position":2,"name":"Askeri helikopter \u00e7ift\u00e7iye yem ta\u015f\u0131d\u0131"}]},{"@type":"WebSite","@id":"https:\/\/e-ciftlik.com\/haberler\/#website","url":"https:\/\/e-ciftlik.com\/haberler\/","name":"E-\u00c7iftlik Haber | G\u00fcncel, Son Dakika Haberler, En Son Haber","description":"","publisher":{"@id":"https:\/\/e-ciftlik.com\/haberler\/#organization"},"potentialAction":[{"@type":"SearchAction","target":{"@type":"EntryPoint","urlTemplate":"https:\/\/e-ciftlik.com\/haberler\/?s={search_term_string}"},"query-input":{"@type":"PropertyValueSpecification","valueRequired":true,"valueName":"search_term_string"}}],"inLanguage":"tr"},{"@type":"Organization","@id":"https:\/\/e-ciftlik.com\/haberler\/#organization","name":"E-\u00c7\u0130FTL\u0130K HABER","url":"https:\/\/e-ciftlik.com\/haberler\/","logo":{"@type":"ImageObject","inLanguage":"tr","@id":"https:\/\/e-ciftlik.com\/haberler\/#\/schema\/logo\/image\/","url":"https:\/\/e-ciftlik.com\/haberler\/wp-content\/uploads\/2024\/06\/cropped-cropped-favicon-1-2.png","contentUrl":"https:\/\/e-ciftlik.com\/haberler\/wp-content\/uploads\/2024\/06\/cropped-cropped-favicon-1-2.png","width":512,"height":512,"caption":"E-\u00c7\u0130FTL\u0130K HABER"},"image":{"@id":"https:\/\/e-ciftlik.com\/haberler\/#\/schema\/logo\/image\/"},"sameAs":["https:\/\/www.facebook.com\/eciftlikturkiye","https:\/\/x.com\/eciftlikresmi","https:\/\/www.instagram.com\/eciftlikresmi\/"]},{"@type":"Person","@id":"https:\/\/e-ciftlik.com\/haberler\/#\/schema\/person\/d2f4fee3143d7f72be82cb887d51b00a","name":"Haber Merkezi","image":{"@type":"ImageObject","inLanguage":"tr","@id":"https:\/\/secure.gravatar.com\/avatar\/6c27d641914e66c1d0452c92716002398782818991d86db1c2cccb531e7c7c82?s=96&d=mm&r=g","url":"https:\/\/secure.gravatar.com\/avatar\/6c27d641914e66c1d0452c92716002398782818991d86db1c2cccb531e7c7c82?s=96&d=mm&r=g","contentUrl":"https:\/\/secure.gravatar.com\/avatar\/6c27d641914e66c1d0452c92716002398782818991d86db1c2cccb531e7c7c82?s=96&d=mm&r=g","caption":"Haber Merkezi"},"sameAs":["http:\/\/e-ciftlik.com\/haberler"]}]}},"_links":{"self":[{"href":"https:\/\/e-ciftlik.com\/haberler\/wp-json\/wp\/v2\/posts\/85626","targetHints":{"allow":["GET"]}}],"collection":[{"href":"https:\/\/e-ciftlik.com\/haberler\/wp-json\/wp\/v2\/posts"}],"about":[{"href":"https:\/\/e-ciftlik.com\/haberler\/wp-json\/wp\/v2\/types\/post"}],"author":[{"embeddable":true,"href":"https:\/\/e-ciftlik.com\/haberler\/wp-json\/wp\/v2\/users\/1"}],"replies":[{"embeddable":true,"href":"https:\/\/e-ciftlik.com\/haberler\/wp-json\/wp\/v2\/comments?post=85626"}],"version-history":[{"count":0,"href":"https:\/\/e-ciftlik.com\/haberler\/wp-json\/wp\/v2\/posts\/85626\/revisions"}],"wp:attachment":[{"href":"https:\/\/e-ciftlik.com\/haberler\/wp-json\/wp\/v2\/media?parent=85626"}],"wp:term":[{"taxonomy":"category","embeddable":true,"href":"https:\/\/e-ciftlik.com\/haberler\/wp-json\/wp\/v2\/categories?post=85626"},{"taxonomy":"post_tag","embeddable":true,"href":"https:\/\/e-ciftlik.com\/haberler\/wp-json\/wp\/v2\/tags?post=85626"}],"curies":[{"name":"wp","href":"https:\/\/api.w.org\/{rel}","templated":true}]}}