{"id":85646,"date":"2025-03-11T01:23:34","date_gmt":"2025-03-11T01:23:34","guid":{"rendered":"http:\/\/e-ciftlik.com\/haberler\/spor\/siltas-yapi-pendiksporda-teknik-direktor-sedat-agcay-ile-yollar-ayrildi\/"},"modified":"2025-03-11T01:23:34","modified_gmt":"2025-03-11T01:23:34","slug":"siltas-yapi-pendiksporda-teknik-direktor-sedat-agcay-ile-yollar-ayrildi","status":"publish","type":"post","link":"https:\/\/e-ciftlik.com\/haberler\/spor\/siltas-yapi-pendiksporda-teknik-direktor-sedat-agcay-ile-yollar-ayrildi\/","title":{"rendered":"Silta\u015f Yap\u0131 Pendikspor&#8217;da Teknik Direkt\u00f6r Sedat A\u011f\u00e7ay ile Yollar Ayr\u0131ld\u0131"},"content":{"rendered":"<p>Silta\u015f Yap\u0131 Pendikspor&#8217;un Trendyol 1. Lig tak\u0131m\u0131nda teknik direkt\u00f6r Sedat A\u011f\u00e7ay ile yollar ayr\u0131ld\u0131. Kul\u00fcpten yap\u0131lan a\u00e7\u0131klamada, 43 ya\u015f\u0131ndaki teknik adamla kar\u015f\u0131l\u0131kl\u0131 anla\u015fmayla yollar\u0131n ayr\u0131ld\u0131\u011f\u0131 belirtildi. Silta\u015f Yap\u0131 Pendikspor, Sedat A\u011f\u00e7ay y\u00f6netimindeki bu sezon ligde 19 ma\u00e7ta 7 galibiyet ile 6&#8217;\u015far beraberlik ve ma\u011flubiyet ya\u015fad\u0131.<\/p>\n","protected":false},"excerpt":{"rendered":"<p>Silta\u015f Yap\u0131 Pendikspor&#8217;un Trendyol 1. Lig tak\u0131m\u0131nda teknik direkt\u00f6r Sedat A\u011f\u00e7ay ile yollar ayr\u0131ld\u0131. Kul\u00fcpten&hellip;<\/p>\n","protected":false},"author":1,"featured_media":39840,"comment_status":"open","ping_status":"open","sticky":false,"template":"","format":"standard","meta":{"footnotes":""},"categories":[7],"tags":[],"class_list":["post-85646","post","type-post","status-publish","format-standard","has-post-thumbnail","hentry","category-spor"],"yoast_head":"<!-- This site is optimized with the Yoast SEO Premium plugin v24.3 (Yoast SEO v27.4) - https:\/\/yoast.com\/product\/yoast-seo-premium-wordpress\/ -->\n<title>Silta\u015f Yap\u0131 Pendikspor&#039;da Teknik Direkt\u00f6r Sedat A\u011f\u00e7ay ile Yollar Ayr\u0131ld\u0131 - E-&Ccedil;\u0130FTL\u0130K HABER<\/title>\n<meta name=\"description\" content=\"Silta\u015f Yap\u0131 Pendikspor&#039;un Trendyol 1. Lig tak\u0131m\u0131nda teknik direkt\u00f6r Sedat A\u011f\u00e7ay ile yollar ayr\u0131ld\u0131. Kul\u00fcpten yap\u0131lan a\u00e7\u0131klamada, 43 ya\u015f\u0131ndaki teknik\" \/>\n<meta name=\"robots\" content=\"index, follow, max-snippet:-1, max-image-preview:large, max-video-preview:-1\" \/>\n<link rel=\"canonical\" href=\"https:\/\/e-ciftlik.com\/haberler\/spor\/siltas-yapi-pendiksporda-teknik-direktor-sedat-agcay-ile-yollar-ayrildi\/\" \/>\n<meta property=\"og:locale\" content=\"tr_TR\" \/>\n<meta property=\"og:type\" content=\"article\" \/>\n<meta property=\"og:title\" content=\"Silta\u015f Yap\u0131 Pendikspor&#039;da Teknik Direkt\u00f6r Sedat A\u011f\u00e7ay ile Yollar Ayr\u0131ld\u0131\" \/>\n<meta property=\"og:description\" content=\"Silta\u015f Yap\u0131 Pendikspor&#039;un Trendyol 1. Lig tak\u0131m\u0131nda teknik direkt\u00f6r Sedat A\u011f\u00e7ay ile yollar ayr\u0131ld\u0131. Kul\u00fcpten yap\u0131lan a\u00e7\u0131klamada, 43 ya\u015f\u0131ndaki teknik\" \/>\n<meta property=\"og:url\" content=\"https:\/\/e-ciftlik.com\/haberler\/spor\/siltas-yapi-pendiksporda-teknik-direktor-sedat-agcay-ile-yollar-ayrildi\/\" \/>\n<meta property=\"og:site_name\" content=\"E-&Ccedil;\u0130FTL\u0130K HABER\" \/>\n<meta property=\"article:publisher\" content=\"https:\/\/www.facebook.com\/eciftlikturkiye\" \/>\n<meta property=\"article:published_time\" content=\"2025-03-11T01:23:34+00:00\" \/>\n<meta property=\"og:image\" content=\"https:\/\/e-ciftlik.com\/haberler\/wp-content\/uploads\/2024\/10\/pE0Ai3doUEyYAyayG3CB2A.jpg\" \/>\n\t<meta property=\"og:image:width\" content=\"1080\" \/>\n\t<meta property=\"og:image:height\" content=\"613\" \/>\n\t<meta property=\"og:image:type\" content=\"image\/jpeg\" \/>\n<meta name=\"author\" content=\"Haber Merkezi\" \/>\n<meta name=\"twitter:card\" content=\"summary_large_image\" \/>\n<meta name=\"twitter:creator\" content=\"@eciftlikresmi\" \/>\n<meta name=\"twitter:site\" content=\"@eciftlikresmi\" \/>\n<meta name=\"twitter:label1\" content=\"Yazan:\" \/>\n\t<meta name=\"twitter:data1\" content=\"Haber Merkezi\" \/>\n<script type=\"application\/ld+json\" class=\"yoast-schema-graph\">{\"@context\":\"https:\\\/\\\/schema.org\",\"@graph\":[{\"@type\":\"NewsArticle\",\"@id\":\"https:\\\/\\\/e-ciftlik.com\\\/haberler\\\/spor\\\/siltas-yapi-pendiksporda-teknik-direktor-sedat-agcay-ile-yollar-ayrildi\\\/#article\",\"isPartOf\":{\"@id\":\"https:\\\/\\\/e-ciftlik.com\\\/haberler\\\/spor\\\/siltas-yapi-pendiksporda-teknik-direktor-sedat-agcay-ile-yollar-ayrildi\\\/\"},\"author\":{\"name\":\"Haber Merkezi\",\"@id\":\"https:\\\/\\\/e-ciftlik.com\\\/haberler\\\/#\\\/schema\\\/person\\\/d2f4fee3143d7f72be82cb887d51b00a\"},\"headline\":\"Silta\u015f Yap\u0131 Pendikspor&#8217;da Teknik Direkt\u00f6r Sedat A\u011f\u00e7ay ile Yollar Ayr\u0131ld\u0131\",\"datePublished\":\"2025-03-11T01:23:34+00:00\",\"mainEntityOfPage\":{\"@id\":\"https:\\\/\\\/e-ciftlik.com\\\/haberler\\\/spor\\\/siltas-yapi-pendiksporda-teknik-direktor-sedat-agcay-ile-yollar-ayrildi\\\/\"},\"wordCount\":75,\"commentCount\":0,\"publisher\":{\"@id\":\"https:\\\/\\\/e-ciftlik.com\\\/haberler\\\/#organization\"},\"image\":{\"@id\":\"https:\\\/\\\/e-ciftlik.com\\\/haberler\\\/spor\\\/siltas-yapi-pendiksporda-teknik-direktor-sedat-agcay-ile-yollar-ayrildi\\\/#primaryimage\"},\"thumbnailUrl\":\"https:\\\/\\\/e-ciftlik.com\\\/haberler\\\/wp-content\\\/uploads\\\/2024\\\/10\\\/pE0Ai3doUEyYAyayG3CB2A.jpg\",\"articleSection\":[\"Spor\"],\"inLanguage\":\"tr\",\"potentialAction\":[{\"@type\":\"CommentAction\",\"name\":\"Comment\",\"target\":[\"https:\\\/\\\/e-ciftlik.com\\\/haberler\\\/spor\\\/siltas-yapi-pendiksporda-teknik-direktor-sedat-agcay-ile-yollar-ayrildi\\\/#respond\"]}]},{\"@type\":\"WebPage\",\"@id\":\"https:\\\/\\\/e-ciftlik.com\\\/haberler\\\/spor\\\/siltas-yapi-pendiksporda-teknik-direktor-sedat-agcay-ile-yollar-ayrildi\\\/\",\"url\":\"https:\\\/\\\/e-ciftlik.com\\\/haberler\\\/spor\\\/siltas-yapi-pendiksporda-teknik-direktor-sedat-agcay-ile-yollar-ayrildi\\\/\",\"name\":\"Silta\u015f Yap\u0131 Pendikspor'da Teknik Direkt\u00f6r Sedat A\u011f\u00e7ay ile Yollar Ayr\u0131ld\u0131 - E-&Ccedil;\u0130FTL\u0130K HABER\",\"isPartOf\":{\"@id\":\"https:\\\/\\\/e-ciftlik.com\\\/haberler\\\/#website\"},\"primaryImageOfPage\":{\"@id\":\"https:\\\/\\\/e-ciftlik.com\\\/haberler\\\/spor\\\/siltas-yapi-pendiksporda-teknik-direktor-sedat-agcay-ile-yollar-ayrildi\\\/#primaryimage\"},\"image\":{\"@id\":\"https:\\\/\\\/e-ciftlik.com\\\/haberler\\\/spor\\\/siltas-yapi-pendiksporda-teknik-direktor-sedat-agcay-ile-yollar-ayrildi\\\/#primaryimage\"},\"thumbnailUrl\":\"https:\\\/\\\/e-ciftlik.com\\\/haberler\\\/wp-content\\\/uploads\\\/2024\\\/10\\\/pE0Ai3doUEyYAyayG3CB2A.jpg\",\"datePublished\":\"2025-03-11T01:23:34+00:00\",\"description\":\"Silta\u015f Yap\u0131 Pendikspor'un Trendyol 1. Lig tak\u0131m\u0131nda teknik direkt\u00f6r Sedat A\u011f\u00e7ay ile yollar ayr\u0131ld\u0131. Kul\u00fcpten yap\u0131lan a\u00e7\u0131klamada, 43 ya\u015f\u0131ndaki teknik\",\"breadcrumb\":{\"@id\":\"https:\\\/\\\/e-ciftlik.com\\\/haberler\\\/spor\\\/siltas-yapi-pendiksporda-teknik-direktor-sedat-agcay-ile-yollar-ayrildi\\\/#breadcrumb\"},\"inLanguage\":\"tr\",\"potentialAction\":[{\"@type\":\"ReadAction\",\"target\":[\"https:\\\/\\\/e-ciftlik.com\\\/haberler\\\/spor\\\/siltas-yapi-pendiksporda-teknik-direktor-sedat-agcay-ile-yollar-ayrildi\\\/\"]}]},{\"@type\":\"ImageObject\",\"inLanguage\":\"tr\",\"@id\":\"https:\\\/\\\/e-ciftlik.com\\\/haberler\\\/spor\\\/siltas-yapi-pendiksporda-teknik-direktor-sedat-agcay-ile-yollar-ayrildi\\\/#primaryimage\",\"url\":\"https:\\\/\\\/e-ciftlik.com\\\/haberler\\\/wp-content\\\/uploads\\\/2024\\\/10\\\/pE0Ai3doUEyYAyayG3CB2A.jpg\",\"contentUrl\":\"https:\\\/\\\/e-ciftlik.com\\\/haberler\\\/wp-content\\\/uploads\\\/2024\\\/10\\\/pE0Ai3doUEyYAyayG3CB2A.jpg\",\"width\":1080,\"height\":613},{\"@type\":\"BreadcrumbList\",\"@id\":\"https:\\\/\\\/e-ciftlik.com\\\/haberler\\\/spor\\\/siltas-yapi-pendiksporda-teknik-direktor-sedat-agcay-ile-yollar-ayrildi\\\/#breadcrumb\",\"itemListElement\":[{\"@type\":\"ListItem\",\"position\":1,\"name\":\"Anasayfa\",\"item\":\"https:\\\/\\\/e-ciftlik.com\\\/haberler\\\/\"},{\"@type\":\"ListItem\",\"position\":2,\"name\":\"Silta\u015f Yap\u0131 Pendikspor&#8217;da Teknik Direkt\u00f6r Sedat A\u011f\u00e7ay ile Yollar Ayr\u0131ld\u0131\"}]},{\"@type\":\"WebSite\",\"@id\":\"https:\\\/\\\/e-ciftlik.com\\\/haberler\\\/#website\",\"url\":\"https:\\\/\\\/e-ciftlik.com\\\/haberler\\\/\",\"name\":\"E-\u00c7iftlik Haber | G\u00fcncel, Son Dakika Haberler, En Son Haber\",\"description\":\"\",\"publisher\":{\"@id\":\"https:\\\/\\\/e-ciftlik.com\\\/haberler\\\/#organization\"},\"potentialAction\":[{\"@type\":\"SearchAction\",\"target\":{\"@type\":\"EntryPoint\",\"urlTemplate\":\"https:\\\/\\\/e-ciftlik.com\\\/haberler\\\/?s={search_term_string}\"},\"query-input\":{\"@type\":\"PropertyValueSpecification\",\"valueRequired\":true,\"valueName\":\"search_term_string\"}}],\"inLanguage\":\"tr\"},{\"@type\":\"Organization\",\"@id\":\"https:\\\/\\\/e-ciftlik.com\\\/haberler\\\/#organization\",\"name\":\"E-\u00c7\u0130FTL\u0130K HABER\",\"url\":\"https:\\\/\\\/e-ciftlik.com\\\/haberler\\\/\",\"logo\":{\"@type\":\"ImageObject\",\"inLanguage\":\"tr\",\"@id\":\"https:\\\/\\\/e-ciftlik.com\\\/haberler\\\/#\\\/schema\\\/logo\\\/image\\\/\",\"url\":\"https:\\\/\\\/e-ciftlik.com\\\/haberler\\\/wp-content\\\/uploads\\\/2024\\\/06\\\/cropped-cropped-favicon-1-2.png\",\"contentUrl\":\"https:\\\/\\\/e-ciftlik.com\\\/haberler\\\/wp-content\\\/uploads\\\/2024\\\/06\\\/cropped-cropped-favicon-1-2.png\",\"width\":512,\"height\":512,\"caption\":\"E-\u00c7\u0130FTL\u0130K HABER\"},\"image\":{\"@id\":\"https:\\\/\\\/e-ciftlik.com\\\/haberler\\\/#\\\/schema\\\/logo\\\/image\\\/\"},\"sameAs\":[\"https:\\\/\\\/www.facebook.com\\\/eciftlikturkiye\",\"https:\\\/\\\/x.com\\\/eciftlikresmi\",\"https:\\\/\\\/www.instagram.com\\\/eciftlikresmi\\\/\"]},{\"@type\":\"Person\",\"@id\":\"https:\\\/\\\/e-ciftlik.com\\\/haberler\\\/#\\\/schema\\\/person\\\/d2f4fee3143d7f72be82cb887d51b00a\",\"name\":\"Haber Merkezi\",\"image\":{\"@type\":\"ImageObject\",\"inLanguage\":\"tr\",\"@id\":\"https:\\\/\\\/secure.gravatar.com\\\/avatar\\\/6c27d641914e66c1d0452c92716002398782818991d86db1c2cccb531e7c7c82?s=96&d=mm&r=g\",\"url\":\"https:\\\/\\\/secure.gravatar.com\\\/avatar\\\/6c27d641914e66c1d0452c92716002398782818991d86db1c2cccb531e7c7c82?s=96&d=mm&r=g\",\"contentUrl\":\"https:\\\/\\\/secure.gravatar.com\\\/avatar\\\/6c27d641914e66c1d0452c92716002398782818991d86db1c2cccb531e7c7c82?s=96&d=mm&r=g\",\"caption\":\"Haber Merkezi\"},\"sameAs\":[\"http:\\\/\\\/e-ciftlik.com\\\/haberler\"]}]}<\/script>\n<!-- \/ Yoast SEO Premium plugin. -->","yoast_head_json":{"title":"Silta\u015f Yap\u0131 Pendikspor'da Teknik Direkt\u00f6r Sedat A\u011f\u00e7ay ile Yollar Ayr\u0131ld\u0131 - E-&Ccedil;\u0130FTL\u0130K HABER","description":"Silta\u015f Yap\u0131 Pendikspor'un Trendyol 1. Lig tak\u0131m\u0131nda teknik direkt\u00f6r Sedat A\u011f\u00e7ay ile yollar ayr\u0131ld\u0131. Kul\u00fcpten yap\u0131lan a\u00e7\u0131klamada, 43 ya\u015f\u0131ndaki teknik","robots":{"index":"index","follow":"follow","max-snippet":"max-snippet:-1","max-image-preview":"max-image-preview:large","max-video-preview":"max-video-preview:-1"},"canonical":"https:\/\/e-ciftlik.com\/haberler\/spor\/siltas-yapi-pendiksporda-teknik-direktor-sedat-agcay-ile-yollar-ayrildi\/","og_locale":"tr_TR","og_type":"article","og_title":"Silta\u015f Yap\u0131 Pendikspor'da Teknik Direkt\u00f6r Sedat A\u011f\u00e7ay ile Yollar Ayr\u0131ld\u0131","og_description":"Silta\u015f Yap\u0131 Pendikspor'un Trendyol 1. Lig tak\u0131m\u0131nda teknik direkt\u00f6r Sedat A\u011f\u00e7ay ile yollar ayr\u0131ld\u0131. Kul\u00fcpten yap\u0131lan a\u00e7\u0131klamada, 43 ya\u015f\u0131ndaki teknik","og_url":"https:\/\/e-ciftlik.com\/haberler\/spor\/siltas-yapi-pendiksporda-teknik-direktor-sedat-agcay-ile-yollar-ayrildi\/","og_site_name":"E-&Ccedil;\u0130FTL\u0130K HABER","article_publisher":"https:\/\/www.facebook.com\/eciftlikturkiye","article_published_time":"2025-03-11T01:23:34+00:00","og_image":[{"width":1080,"height":613,"url":"https:\/\/e-ciftlik.com\/haberler\/wp-content\/uploads\/2024\/10\/pE0Ai3doUEyYAyayG3CB2A.jpg","type":"image\/jpeg"}],"author":"Haber Merkezi","twitter_card":"summary_large_image","twitter_creator":"@eciftlikresmi","twitter_site":"@eciftlikresmi","twitter_misc":{"Yazan:":"Haber Merkezi"},"schema":{"@context":"https:\/\/schema.org","@graph":[{"@type":"NewsArticle","@id":"https:\/\/e-ciftlik.com\/haberler\/spor\/siltas-yapi-pendiksporda-teknik-direktor-sedat-agcay-ile-yollar-ayrildi\/#article","isPartOf":{"@id":"https:\/\/e-ciftlik.com\/haberler\/spor\/siltas-yapi-pendiksporda-teknik-direktor-sedat-agcay-ile-yollar-ayrildi\/"},"author":{"name":"Haber Merkezi","@id":"https:\/\/e-ciftlik.com\/haberler\/#\/schema\/person\/d2f4fee3143d7f72be82cb887d51b00a"},"headline":"Silta\u015f Yap\u0131 Pendikspor&#8217;da Teknik Direkt\u00f6r Sedat A\u011f\u00e7ay ile Yollar Ayr\u0131ld\u0131","datePublished":"2025-03-11T01:23:34+00:00","mainEntityOfPage":{"@id":"https:\/\/e-ciftlik.com\/haberler\/spor\/siltas-yapi-pendiksporda-teknik-direktor-sedat-agcay-ile-yollar-ayrildi\/"},"wordCount":75,"commentCount":0,"publisher":{"@id":"https:\/\/e-ciftlik.com\/haberler\/#organization"},"image":{"@id":"https:\/\/e-ciftlik.com\/haberler\/spor\/siltas-yapi-pendiksporda-teknik-direktor-sedat-agcay-ile-yollar-ayrildi\/#primaryimage"},"thumbnailUrl":"https:\/\/e-ciftlik.com\/haberler\/wp-content\/uploads\/2024\/10\/pE0Ai3doUEyYAyayG3CB2A.jpg","articleSection":["Spor"],"inLanguage":"tr","potentialAction":[{"@type":"CommentAction","name":"Comment","target":["https:\/\/e-ciftlik.com\/haberler\/spor\/siltas-yapi-pendiksporda-teknik-direktor-sedat-agcay-ile-yollar-ayrildi\/#respond"]}]},{"@type":"WebPage","@id":"https:\/\/e-ciftlik.com\/haberler\/spor\/siltas-yapi-pendiksporda-teknik-direktor-sedat-agcay-ile-yollar-ayrildi\/","url":"https:\/\/e-ciftlik.com\/haberler\/spor\/siltas-yapi-pendiksporda-teknik-direktor-sedat-agcay-ile-yollar-ayrildi\/","name":"Silta\u015f Yap\u0131 Pendikspor'da Teknik Direkt\u00f6r Sedat A\u011f\u00e7ay ile Yollar Ayr\u0131ld\u0131 - E-&Ccedil;\u0130FTL\u0130K HABER","isPartOf":{"@id":"https:\/\/e-ciftlik.com\/haberler\/#website"},"primaryImageOfPage":{"@id":"https:\/\/e-ciftlik.com\/haberler\/spor\/siltas-yapi-pendiksporda-teknik-direktor-sedat-agcay-ile-yollar-ayrildi\/#primaryimage"},"image":{"@id":"https:\/\/e-ciftlik.com\/haberler\/spor\/siltas-yapi-pendiksporda-teknik-direktor-sedat-agcay-ile-yollar-ayrildi\/#primaryimage"},"thumbnailUrl":"https:\/\/e-ciftlik.com\/haberler\/wp-content\/uploads\/2024\/10\/pE0Ai3doUEyYAyayG3CB2A.jpg","datePublished":"2025-03-11T01:23:34+00:00","description":"Silta\u015f Yap\u0131 Pendikspor'un Trendyol 1. Lig tak\u0131m\u0131nda teknik direkt\u00f6r Sedat A\u011f\u00e7ay ile yollar ayr\u0131ld\u0131. Kul\u00fcpten yap\u0131lan a\u00e7\u0131klamada, 43 ya\u015f\u0131ndaki teknik","breadcrumb":{"@id":"https:\/\/e-ciftlik.com\/haberler\/spor\/siltas-yapi-pendiksporda-teknik-direktor-sedat-agcay-ile-yollar-ayrildi\/#breadcrumb"},"inLanguage":"tr","potentialAction":[{"@type":"ReadAction","target":["https:\/\/e-ciftlik.com\/haberler\/spor\/siltas-yapi-pendiksporda-teknik-direktor-sedat-agcay-ile-yollar-ayrildi\/"]}]},{"@type":"ImageObject","inLanguage":"tr","@id":"https:\/\/e-ciftlik.com\/haberler\/spor\/siltas-yapi-pendiksporda-teknik-direktor-sedat-agcay-ile-yollar-ayrildi\/#primaryimage","url":"https:\/\/e-ciftlik.com\/haberler\/wp-content\/uploads\/2024\/10\/pE0Ai3doUEyYAyayG3CB2A.jpg","contentUrl":"https:\/\/e-ciftlik.com\/haberler\/wp-content\/uploads\/2024\/10\/pE0Ai3doUEyYAyayG3CB2A.jpg","width":1080,"height":613},{"@type":"BreadcrumbList","@id":"https:\/\/e-ciftlik.com\/haberler\/spor\/siltas-yapi-pendiksporda-teknik-direktor-sedat-agcay-ile-yollar-ayrildi\/#breadcrumb","itemListElement":[{"@type":"ListItem","position":1,"name":"Anasayfa","item":"https:\/\/e-ciftlik.com\/haberler\/"},{"@type":"ListItem","position":2,"name":"Silta\u015f Yap\u0131 Pendikspor&#8217;da Teknik Direkt\u00f6r Sedat A\u011f\u00e7ay ile Yollar Ayr\u0131ld\u0131"}]},{"@type":"WebSite","@id":"https:\/\/e-ciftlik.com\/haberler\/#website","url":"https:\/\/e-ciftlik.com\/haberler\/","name":"E-\u00c7iftlik Haber | G\u00fcncel, Son Dakika Haberler, En Son Haber","description":"","publisher":{"@id":"https:\/\/e-ciftlik.com\/haberler\/#organization"},"potentialAction":[{"@type":"SearchAction","target":{"@type":"EntryPoint","urlTemplate":"https:\/\/e-ciftlik.com\/haberler\/?s={search_term_string}"},"query-input":{"@type":"PropertyValueSpecification","valueRequired":true,"valueName":"search_term_string"}}],"inLanguage":"tr"},{"@type":"Organization","@id":"https:\/\/e-ciftlik.com\/haberler\/#organization","name":"E-\u00c7\u0130FTL\u0130K HABER","url":"https:\/\/e-ciftlik.com\/haberler\/","logo":{"@type":"ImageObject","inLanguage":"tr","@id":"https:\/\/e-ciftlik.com\/haberler\/#\/schema\/logo\/image\/","url":"https:\/\/e-ciftlik.com\/haberler\/wp-content\/uploads\/2024\/06\/cropped-cropped-favicon-1-2.png","contentUrl":"https:\/\/e-ciftlik.com\/haberler\/wp-content\/uploads\/2024\/06\/cropped-cropped-favicon-1-2.png","width":512,"height":512,"caption":"E-\u00c7\u0130FTL\u0130K HABER"},"image":{"@id":"https:\/\/e-ciftlik.com\/haberler\/#\/schema\/logo\/image\/"},"sameAs":["https:\/\/www.facebook.com\/eciftlikturkiye","https:\/\/x.com\/eciftlikresmi","https:\/\/www.instagram.com\/eciftlikresmi\/"]},{"@type":"Person","@id":"https:\/\/e-ciftlik.com\/haberler\/#\/schema\/person\/d2f4fee3143d7f72be82cb887d51b00a","name":"Haber Merkezi","image":{"@type":"ImageObject","inLanguage":"tr","@id":"https:\/\/secure.gravatar.com\/avatar\/6c27d641914e66c1d0452c92716002398782818991d86db1c2cccb531e7c7c82?s=96&d=mm&r=g","url":"https:\/\/secure.gravatar.com\/avatar\/6c27d641914e66c1d0452c92716002398782818991d86db1c2cccb531e7c7c82?s=96&d=mm&r=g","contentUrl":"https:\/\/secure.gravatar.com\/avatar\/6c27d641914e66c1d0452c92716002398782818991d86db1c2cccb531e7c7c82?s=96&d=mm&r=g","caption":"Haber Merkezi"},"sameAs":["http:\/\/e-ciftlik.com\/haberler"]}]}},"_links":{"self":[{"href":"https:\/\/e-ciftlik.com\/haberler\/wp-json\/wp\/v2\/posts\/85646","targetHints":{"allow":["GET"]}}],"collection":[{"href":"https:\/\/e-ciftlik.com\/haberler\/wp-json\/wp\/v2\/posts"}],"about":[{"href":"https:\/\/e-ciftlik.com\/haberler\/wp-json\/wp\/v2\/types\/post"}],"author":[{"embeddable":true,"href":"https:\/\/e-ciftlik.com\/haberler\/wp-json\/wp\/v2\/users\/1"}],"replies":[{"embeddable":true,"href":"https:\/\/e-ciftlik.com\/haberler\/wp-json\/wp\/v2\/comments?post=85646"}],"version-history":[{"count":0,"href":"https:\/\/e-ciftlik.com\/haberler\/wp-json\/wp\/v2\/posts\/85646\/revisions"}],"wp:featuredmedia":[{"embeddable":true,"href":"https:\/\/e-ciftlik.com\/haberler\/wp-json\/wp\/v2\/media\/39840"}],"wp:attachment":[{"href":"https:\/\/e-ciftlik.com\/haberler\/wp-json\/wp\/v2\/media?parent=85646"}],"wp:term":[{"taxonomy":"category","embeddable":true,"href":"https:\/\/e-ciftlik.com\/haberler\/wp-json\/wp\/v2\/categories?post=85646"},{"taxonomy":"post_tag","embeddable":true,"href":"https:\/\/e-ciftlik.com\/haberler\/wp-json\/wp\/v2\/tags?post=85646"}],"curies":[{"name":"wp","href":"https:\/\/api.w.org\/{rel}","templated":true}]}}