{"id":85653,"date":"2025-03-11T02:42:02","date_gmt":"2025-03-11T02:42:02","guid":{"rendered":"http:\/\/e-ciftlik.com\/haberler\/spor\/besiktas-kulubu-tarihi-ve-basarilari\/"},"modified":"2025-03-11T02:42:02","modified_gmt":"2025-03-11T02:42:02","slug":"besiktas-kulubu-tarihi-ve-basarilari","status":"publish","type":"post","link":"https:\/\/e-ciftlik.com\/haberler\/spor\/besiktas-kulubu-tarihi-ve-basarilari\/","title":{"rendered":"Be\u015fikta\u015f Kul\u00fcb\u00fc Tarihi ve Ba\u015far\u0131lar\u0131"},"content":{"rendered":"<p>Be\u015fikta\u015f Kul\u00fcb\u00fc, Be\u015fikta\u015f Serencebey Mahallesi&#8217;nde d\u00f6nemin Medine Muhaf\u0131z\u0131 Osman Pa\u015fa&#8217;n\u0131n kona\u011f\u0131n\u0131n bah\u00e7esinde jimnastik hareketleri yapan gen\u00e7lerin \u00f6nc\u00fcl\u00fc\u011f\u00fcnde, 1903 y\u0131l\u0131n\u0131n mart ay\u0131nda Bereket Jimnastik Kul\u00fcb\u00fc ismiyle kuruldu. Kurucular\u0131 aras\u0131nda Ahmet Fetgeri (A\u015feni), Mehmet Ali Fetgeri (A\u015feni), Osman Pa\u015fazade Mehmet \u015eamil (\u015ehapl\u0131), H\u00fcseyin Bereket ve Kad\u0131zade Naz\u0131m Nazif (Ander) gibi isimlerin bulundu\u011fu kul\u00fcb\u00fcn ad\u0131, daha sonra Be\u015fikta\u015f Osmanl\u0131 Jimnastik Kul\u00fcb\u00fc olarak de\u011fi\u015ftirildi. Beyo\u011flu Mutasarr\u0131f\u0131 Muhittin Bey&#8217;in te\u015fvikiyle Be\u015fikta\u015f Osmanl\u0131 Jimnastik Kul\u00fcb\u00fc, 26 Ocak 1911 tarihinde tescil edilen ilk T\u00fcrk spor kul\u00fcb\u00fc olarak tarihe ge\u00e7ti.<\/p>\n<p>37 BA\u015eKAN G\u00d6REV ALDI<br \/>\nBe\u015fikta\u015f Kul\u00fcb\u00fc tarihinde 37 ba\u015fkan g\u00f6rev yapt\u0131. 1903-1908 y\u0131llar\u0131nda g\u00f6rev yapan Mehmet \u015eamil kul\u00fcb\u00fcn ilk ba\u015fkan\u0131 olurken, 29 Aral\u0131k 2024&#8217;teki ola\u011fan\u00fcst\u00fc se\u00e7imli genel kurulda se\u00e7ilen Serdal Adal\u0131, bu g\u00f6revi y\u00fcr\u00fct\u00fcyor. Siyah-beyazl\u0131lar\u0131n onursal ba\u015fkan\u0131 S\u00fcleyman Seba, 8 d\u00f6nem ve 16 y\u0131l aral\u0131ks\u0131z ba\u015fkanl\u0131k yaparak, Be\u015fikta\u015f tarihinde en uzun s\u00fcre bu g\u00f6revde kalan isim olarak tarihe ge\u00e7ti. Be\u015fikta\u015f&#8217;ta 1910-1913 y\u0131llar\u0131 aras\u0131nda \u015eehzade \u00d6mer Hilmi Efendi, 1931-1946 y\u0131llar\u0131 aras\u0131nda Ba\u015fbakan Recep Peker ve 1950-1954 y\u0131llar\u0131 aras\u0131nda da Ba\u015fbakan Adnan Menderes &#8221;Fahri Ba\u015fkan&#8221; oldu.<\/p>\n<p>15 BRAN\u015eTA FAAL\u0130YET G\u00d6STER\u0130YOR<br \/>\nBe\u015fikta\u015f Kul\u00fcb\u00fc, g\u00fcn\u00fcm\u00fczde 15 bran\u015fta faaliyet g\u00f6steriyor. Siyah-beyazl\u0131 kul\u00fcp; futbol, basketbol, voleybol, hentbol, atletizm, bedensel engelliler, boks, e-spor, g\u00fcre\u015f, cimnastik, kick boks, k\u00fcrek, masa tenisi, satran\u00e7 ve tekvando bran\u015flar\u0131nda faaliyetlerini s\u00fcrd\u00fcr\u00fcyor.<\/p>\n<p>FUTBOLDAK\u0130 BA\u015eARILAR<br \/>\nBe\u015fikta\u015f Kul\u00fcb\u00fc, futbol bran\u015f\u0131nda \u00f6nemli ba\u015far\u0131lara imza att\u0131. Futbolda toplam 16 kez lig \u015fampiyonlu\u011fu ipini g\u00f6\u011f\u00fcsleyen siyah-beyazl\u0131 tak\u0131m, Galatasaray ve Fenerbah\u00e7e&#8217;den sonra en fazla mutlu sona ula\u015fan tak\u0131m oldu. Be\u015fikta\u015f ayr\u0131ca 11 kez T\u00fcrkiye Kupas\u0131, 10 kez Cumhurba\u015fkanl\u0131\u011f\u0131\/TFF S\u00fcper Kupa ve 6 kez Ba\u015fbakanl\u0131k Kupas\u0131 \u015fampiyonlu\u011fu ya\u015fad\u0131. Ge\u00e7en sezon teknik sorumlu Serdar Topraktepe y\u00f6netiminde Ziraat T\u00fcrkiye Kupas\u0131 \u015fampiyonlu\u011funu elde eden Be\u015fikta\u015f, bu sezon ba\u015f\u0131nda ise Hollandal\u0131 Giovanni van Bronckhorst teknik direkt\u00f6rl\u00fc\u011f\u00fcnde Galatasaray&#8217;\u0131 5-0 yenerek S\u00fcper Kupa&#8217;y\u0131 kazand\u0131.<\/p>\n<p>REKORLARIYLA S\u00dcPER L\u0130G&#8217;E DAMGA VURDU<br \/>\nBe\u015fikta\u015f, 67. sezonunu ge\u00e7iren S\u00fcper Lig tarihinde bir\u00e7ok rekoru elinde bulunduruyor. Siyah-beyazl\u0131lar, en uzun s\u00fcre yenilmeyen tak\u0131m rekorunun y\u0131llard\u0131r sahibi. Ligde 1990-1991 sezonunun 25. haftas\u0131nda Ankara&#8217;da Gen\u00e7lerbirli\u011fi&#8217;ne 2-0 yenilen Be\u015fikta\u015f, sonraki 5 haftada ma\u011flubiyet almad\u0131. 1991-1992&#8217;de 30 kar\u015f\u0131la\u015fma sonunda nama\u011flup \u015fampiyonlu\u011funu ilan eden siyah-beyazl\u0131 ekibin bu serisi, tam 48 hafta sonra, 1992-1993 sezonunun 13. haftas\u0131nda Galatasaray&#8217;a 3-1 yenilmesiyle sona erdi.<\/p>\n<p>NAMA\u011eLUP TEK \u015eAMP\u0130YON<br \/>\nS\u00fcper Lig&#8217;in 67 sezonluk tarihinde \u015fu ana dek sadece 2 tak\u0131m sezonu yenilgisiz kapat\u0131rken, bu ba\u015far\u0131dan birini Be\u015fikta\u015f ger\u00e7ekle\u015ftirdi. Siyah-beyazl\u0131 ekip, 1991-1992 sezonunda 30 ma\u00e7ta yenilgi almadan \u015fampiyonlu\u011fa ula\u015ft\u0131 ve bunu ba\u015faran ilk ve tek tak\u0131m oldu. Galatasaray ise 1985-1986 sezonunda 36 ma\u00e7ta yenilgi y\u00fcz\u00fc g\u00f6rmemesine kar\u015f\u0131n ligi \u015fampiyon Be\u015fikta\u015f&#8217;\u0131n ard\u0131ndan averajla ikinci s\u0131rada tamamlad\u0131.<\/p>\n<p>EN FARKLI GAL\u0130B\u0130YET REKORU<br \/>\nS\u00fcper Lig&#8217;deki en farkl\u0131 skorlu galibiyet rekoru Be\u015fikta\u015f&#8217;\u0131n elinde bulunuyor. 1989-1990 sezonunun 6. haftas\u0131nda Adana Demirspor&#8217;u 15 Ekim 1989&#8217;da konuk eden Be\u015fikta\u015f, rakibini 10-0 yenerek tarihe ge\u00e7ti. Bu tarihi kar\u015f\u0131la\u015fmada Be\u015fikta\u015f&#8217;\u0131n gollerini Ali G\u00fcltiken (4), Metin Tekin (3) ve Feyyaz U\u00e7ar (3) atarken, m\u00fccadele siyah-beyazl\u0131 taraftarlar\u0131n uzun s\u00fcre dillerinden d\u00fc\u015f\u00fcrmedi\u011fi besteye konu olmu\u015ftu. Be\u015fikta\u015f, bir sezonda t\u00fcm derbileri kazanan tek tak\u0131m olarak lig tarihine ad\u0131n\u0131 yazd\u0131rmay\u0131 ba\u015fard\u0131. Siyah-beyazl\u0131lar, Rumen teknik direkt\u00f6r Mircea Lucescu y\u00f6netiminde \u015fampiyonlu\u011fa ula\u015f\u0131lan 2002-2003 sezonunda Fenerbah\u00e7e&#8217;yi 1-0 ve 2-0, Galatasaray&#8217;\u0131 da her iki ma\u00e7ta 1-0&#8217;l\u0131k sonu\u00e7larla ge\u00e7erek, 4 derbi ma\u00e7\u0131n\u0131 kazand\u0131. Be\u015fikta\u015f ayn\u0131 zamanda bu 4 ma\u00e7ta kalesini gole kapatarak ayr\u0131 bir rekora imza att\u0131.<\/p>\n<p>SEY\u0130RC\u0130 REKORU<br \/>\nLig tarihinde seyirci rekoru Be\u015fikta\u015f&#8217;\u0131n oynad\u0131\u011f\u0131 kar\u015f\u0131la\u015fmada k\u0131r\u0131ld\u0131. Siyah-beyazl\u0131lar\u0131n 2013-2014 sezonu 5. haftas\u0131nda Galatasaray&#8217;\u0131 Atat\u00fcrk Olimpiyat Stad\u0131&#8217;nda konuk etti\u011fi ve 3-0 h\u00fckmen ma\u011flup oldu\u011fu m\u00fccadeleyi 76 bin 127 biletli seyircinin izledi\u011fi a\u00e7\u0131klan\u0131rken, bu rakam rekor olarak kay\u0131tlara ge\u00e7ti. Eski rekor, 70 bin 125 biletli seyirciyle 2003-2004 sezonunda yine ayn\u0131 statta oynanan Galatasaray-Fenerbah\u00e7e (2-2) derbisinde k\u0131r\u0131lm\u0131\u015ft\u0131.<\/p>\n<p>\u00d6NEML\u0130 \u0130S\u0130MLER YET\u0130\u015eT\u0130RD\u0130<br \/>\nHakk\u0131 Yeten, \u015eeref Bey ve S\u00fcleyman Seba gibi efsane isimlerle T\u00fcrk sporuna damgas\u0131n\u0131 vurmu\u015f Be\u015fikta\u015f, T\u00fcrk futboluna \u00f6nemli isimler kazand\u0131rd\u0131. S\u00fcper Lig&#8217;de \u00fcst \u00fcste \u015fampiyonluk ya\u015fayan siyah-beyazl\u0131 ekipte Metin Tekin, Ali G\u00fcltiken ve Feyyaz U\u00e7ar, tak\u0131m\u0131n efsaneleri aras\u0131nda yer ald\u0131. S\u00f6z konusu d\u00f6nemde ayr\u0131ca R\u0131za \u00c7al\u0131mbay, Mehmet \u00d6zdilek gibi kul\u00fcple b\u00fct\u00fcnle\u015fmi\u015f isimlerle siyah-beyazl\u0131 tak\u0131m, b\u00fcy\u00fck ba\u015far\u0131lara imza att\u0131. Siyah-beyazl\u0131 ekibin altyap\u0131s\u0131nda yeti\u015fen ve kul\u00fcb\u00fcn efsaneleri aras\u0131na giren Sergen Yal\u00e7\u0131n ise teknik direkt\u00f6r olarak g\u00f6rev yapt\u0131\u011f\u0131 2020-2021 y\u0131llar\u0131 aras\u0131nda camiaya iki kupa sevinci ya\u015fatt\u0131. Ge\u00e7mi\u015f y\u0131llarda altyap\u0131s\u0131yla \u00f6ne \u00e7\u0131kan siyah-beyazl\u0131 kul\u00fcp, bir\u00e7ok futbolcuyu da T\u00fcrk futboluna kazand\u0131rd\u0131.<\/p>\n<p>BASKETBOLDA \u0130K\u0130 \u015eAMP\u0130YONLUK<br \/>\nSiyah-beyazl\u0131 kul\u00fcp, T\u00fcrkiye Sigorta Basketbol S\u00fcper Ligi ad\u0131yla organize edilen ligde 2 kez \u015fampiyonluk ya\u015fad\u0131. 1974-1975 sezonunda ligde ilk \u015fampiyonlu\u011funa ula\u015fan Be\u015fikta\u015f, 2011-2012&#8217;de bir kez daha ayn\u0131 ba\u015far\u0131y\u0131 g\u00f6sterdi. Siyah-beyazl\u0131 tak\u0131m, ikinci kez ligde \u015fampiyon oldu\u011fu 2011-2012&#8217;de ayr\u0131ca FIBA EuroChallenge Kupas\u0131&#8217;n\u0131 da alarak bir ba\u015fka \u00f6nemli ba\u015far\u0131ya imza att\u0131. Be\u015fikta\u015f, s\u00f6z konusu sezonda T\u00fcrkiye Kupas\u0131&#8217;n\u0131 da m\u00fczesine g\u00f6t\u00fcrd\u00fc. Son y\u0131llarda gen\u00e7 oyunculara \u015fans veren ba\u015fantren\u00f6r Dusan Alimpijevic y\u00f6netimindeki Be\u015fikta\u015f, bu sezon Erkekler ING T\u00fcrkiye Kupas\u0131&#8217;nda ise finalde Fenerbah\u00e7e Beko&#8217;ya kaybederek ikinci oldu. Be\u015fikta\u015f&#8217;\u0131n ge\u00e7mi\u015f y\u0131llarda kadrosunda bulunan milli basketbolcu Alperen \u015eeng\u00fcn, geriden kalan \u015fubat ay\u0131nda NBA All-Star 2025&#8217;te forma giyerek bu ba\u015far\u0131ya imza atan ikinci T\u00fcrk oyuncu oldu ve siyah-beyazl\u0131 camiay\u0131 gururland\u0131rd\u0131.<\/p>\n<p>KADIN BASKETBOLDA AVRUPA KUPASI \u0130K\u0130NC\u0130L\u0130\u011e\u0130<br \/>\nSiyah-beyazl\u0131 kul\u00fcb\u00fcn kad\u0131n basketbol tak\u0131m\u0131, ge\u00e7en sezon FIBA Kad\u0131nlar Avrupa Kupas\u0131&#8217;n\u0131 ikinci olarak tamamlad\u0131. Be\u015fikta\u015f, FIBA Kad\u0131nlar Avrupa Kupas\u0131 finali ilk ma\u00e7\u0131nda konuk etti\u011fi \u0130ngiltere&#8217;nin London Lions ekibini 75-68 ma\u011flup etmi\u015fti. R\u00f6van\u015fta ise rakibine 81-70 ma\u011flup olan siyah-beyazl\u0131lar, 4 say\u0131 farkla organizasyonda ikincilikle yetindi. \u00d6nemli bir ba\u015far\u0131ya imza atarak final oynama ba\u015far\u0131s\u0131 g\u00f6steren Be\u015fikta\u015f Kad\u0131n Basketbol Tak\u0131m\u0131, daha \u00f6nce iki kez de \u00e7eyrek final oynam\u0131\u015ft\u0131. \u00d6te yandan FIBA Avrupa Kupas\u0131 \u015fampiyonu \u0130ngiliz ekip London Lions, organizasyondan \u00e7ekilme karar\u0131 ald\u0131\u011f\u0131 i\u00e7in FIBA Kad\u0131nlar S\u00fcper Kupa 2024&#8217;te Be\u015fikta\u015f oynama hakk\u0131 kazand\u0131. \u0130ki T\u00fcrk tak\u0131m\u0131 kar\u015f\u0131 kar\u015f\u0131ya getiren finalde siyah-beyazl\u0131lar, Fenerbah\u00e7e Opet&#8217;e ma\u011flup olarak ikinci oldu.<\/p>\n<p>HENTBOLDA 17 \u015eAMP\u0130YONLUK<br \/>\nBe\u015fikta\u015f, Hentbol Erkekler S\u00fcper Ligi&#8217;nde en \u00e7ok \u015fampiyon olan tak\u0131m olarak tarihi ba\u015far\u0131lara imza att\u0131. Siyah-beyazl\u0131 kul\u00fcp, son 16 sezonda 13 kez \u015fampiyonluk ipini g\u00f6\u011f\u00fcsledi. Be\u015fikta\u015f, toplamda ise 17 kez \u015fampiyonlu\u011fa ula\u015ft\u0131. 2019-2020 sezonunda ise Kovid-19 pandemisi nedeniyle sezon tamamlanmad\u0131. Bu y\u0131l\u0131n da en b\u00fcy\u00fck \u015fampiyonluk favorisi olan Be\u015fikta\u015f, Erkekler S\u00fcper Ligi Vedat Pars Sezonu&#8217;nda oynad\u0131\u011f\u0131 18 ma\u00e7ta 17 galibiyet, 1 beraberlikle nama\u011flup liderli\u011fini s\u00fcrd\u00fcr\u00fcyor.<\/p>\n<p>KADIN FUTBOL TAKIMI<br \/>\nKad\u0131n futboluna \u00f6nemli destek veren siyah-beyazl\u0131 kul\u00fcp, Be\u015fikta\u015f United Payment tak\u0131m\u0131yla bu sezon 18 haftas\u0131 geride kalan S\u00fcper Lig&#8217;de 3. s\u0131rada bulunuyor. Ligde 13 galibiyet, 1 beraberlik ve 4 yenilgi ya\u015fayan siyah-beyazl\u0131lar, lider Fenerbah\u00e7e Petrol Ofisi&#8217;nin 8, Ankara B\u00fcy\u00fck\u015fehir Belediyesi FOMGET&#8217;in ise 6 puan gerisinde yer al\u0131yor.<\/p>\n<p>KADIN VOLEYBOL TAKIMI<br \/>\nVoleybola da deste\u011fini s\u00fcrd\u00fcren Be\u015fikta\u015f, Vodafone Sultanlar Ligi&#8217;nde m\u00fccadele ediyor. Bu sezon \u00fcst s\u0131ralardan uzakta kalan siyah-beyazl\u0131 kad\u0131n tak\u0131m\u0131, 10. basamakta bulunuyor.<\/p>\n<p>Be\u015fikta\u015f Kul\u00fcb\u00fc Ba\u015fkan\u0131 Serdal Adal\u0131&#8217;dan 122. y\u0131l mesaj\u0131<br \/>\nBe\u015fikta\u015f Kul\u00fcb\u00fc Ba\u015fkan\u0131 Serdal Adal\u0131, kul\u00fcb\u00fcn kurulu\u015funun 122. y\u0131l\u0131 dolay\u0131s\u0131yla mesaj yay\u0131mlad\u0131. Serdal Adal\u0131, kul\u00fcb\u00fcn internet sitesinde yay\u0131mlanan mesaj\u0131nda, Be\u015fikta\u015f&#8217;\u0131n T\u00fcrk sporunun sars\u0131lmaz temel ta\u015f\u0131 oldu\u011funu belirterek, &#8220;Serencebey 51 numaral\u0131 Osman Pa\u015fa Kona\u011f\u0131&#8217;nda 22 gencin bitmek t\u00fckenmek bilmeyen \u00e7abalar\u0131yla do\u011fan; Balkan Harbi, 1. D\u00fcnya Sava\u015f\u0131&#8217;ndaki \u00c7anakkale Cephesi ve ilelebet payidar kalaca\u011f\u0131na inand\u0131\u011f\u0131m\u0131z Cumhuriyet&#8217;imizin ilan\u0131na giden yolda bir milat olan Kurtulu\u015f Sava\u015f\u0131&#8217;nda aziz vatan\u0131m\u0131z u\u011fruna \u015fehitler vermi\u015f kul\u00fcb\u00fcm\u00fcz, taraftarlar\u0131m\u0131z\u0131n sonsuz sevgisi ve deste\u011fiyle d\u00fcnyan\u0131n say\u0131l\u0131 spor kul\u00fcpleri aras\u0131ndaki yerini alm\u0131\u015ft\u0131r.&#8221; ifadelerini kulland\u0131. Kuruldu\u011fu g\u00fcnden bu yana T\u00fcrk sporunda hep \u00f6nc\u00fc olduklar\u0131n\u0131 vurgulayan Adal\u0131, \u015funlar\u0131 kaydetti: &#8220;Adaletin ve ahlak\u0131n timsali olduk, \u015ferefimizle oynay\u0131p hakk\u0131m\u0131zla kazand\u0131k. Bir semt tak\u0131m\u0131 olarak do\u011fmu\u015f, Gazi Mustafa Kemal Atat\u00fcrk&#8217;\u00fcn annesini emanet etti\u011fi kul\u00fcp olma onurunu ya\u015fam\u0131\u015f, T\u00fcrk spor tarihinin tescil edilen ilk spor kul\u00fcb\u00fc olma gururuyla bug\u00fcnlere gelmi\u015f Be\u015fikta\u015f&#8217;\u0131m\u0131z\u0131, \u015fanl\u0131 mazimizden ald\u0131\u011f\u0131m\u0131z g\u00fc\u00e7 ve ilhamla daha g\u00fczel yar\u0131nlara ta\u015f\u0131mak i\u00e7in azimle kararl\u0131l\u0131kla \u00e7al\u0131\u015fmaya devam edece\u011fiz. Be\u015fikta\u015f Jimnastik Kul\u00fcb\u00fcn\u00fcn ba\u015fkan\u0131 olarak kul\u00fcb\u00fcm\u00fcz\u00fcn 122. y\u0131l\u0131nda, d\u00fcnyadaki t\u00fcm Be\u015fikta\u015fl\u0131lar\u0131 en i\u00e7ten dileklerimle kutluyor, bu vesileyle T\u00fcrkiye&#8217;nin ilk spor kul\u00fcb\u00fc olan Be\u015fikta\u015f Bereket Jimnastik Kul\u00fcb\u00fcn\u00fcn kurucular\u0131; merhum Mehmet \u015eamil, H\u00fcseyin Bereket, Mehmet Ali Fetgeri, Ahmet Fetgeri, Naz\u0131m Nazif ve H\u00fcseyin H\u00fcsn\u00fc Beyler ile Be\u015fikta\u015f&#8217;\u0131m\u0131z\u0131n bug\u00fcnlere gelmesinde emek vermi\u015f t\u00fcm de\u011ferli Be\u015fikta\u015fl\u0131lar\u0131 minnetle \u015f\u00fckranla an\u0131yorum.&#8221;<\/p>\n","protected":false},"excerpt":{"rendered":"<p>Be\u015fikta\u015f Kul\u00fcb\u00fc, Be\u015fikta\u015f Serencebey Mahallesi&#8217;nde d\u00f6nemin Medine Muhaf\u0131z\u0131 Osman Pa\u015fa&#8217;n\u0131n kona\u011f\u0131n\u0131n bah\u00e7esinde jimnastik hareketleri yapan&hellip;<\/p>\n","protected":false},"author":1,"featured_media":53393,"comment_status":"open","ping_status":"open","sticky":false,"template":"","format":"standard","meta":{"footnotes":""},"categories":[7],"tags":[],"class_list":["post-85653","post","type-post","status-publish","format-standard","has-post-thumbnail","hentry","category-spor"],"yoast_head":"<!-- This site is optimized with the Yoast SEO Premium plugin v24.3 (Yoast SEO v27.4) - https:\/\/yoast.com\/product\/yoast-seo-premium-wordpress\/ -->\n<title>Be\u015fikta\u015f Kul\u00fcb\u00fc Tarihi ve Ba\u015far\u0131lar\u0131 - E-&Ccedil;\u0130FTL\u0130K HABER<\/title>\n<meta name=\"description\" content=\"Be\u015fikta\u015f Kul\u00fcb\u00fc, Be\u015fikta\u015f Serencebey Mahallesi&#039;nde d\u00f6nemin Medine Muhaf\u0131z\u0131 Osman Pa\u015fa&#039;n\u0131n kona\u011f\u0131n\u0131n bah\u00e7esinde jimnastik hareketleri yapan gen\u00e7lerin\" \/>\n<meta name=\"robots\" content=\"index, follow, max-snippet:-1, max-image-preview:large, max-video-preview:-1\" \/>\n<link rel=\"canonical\" href=\"https:\/\/e-ciftlik.com\/haberler\/spor\/besiktas-kulubu-tarihi-ve-basarilari\/\" \/>\n<meta property=\"og:locale\" content=\"tr_TR\" \/>\n<meta property=\"og:type\" content=\"article\" \/>\n<meta property=\"og:title\" content=\"Be\u015fikta\u015f Kul\u00fcb\u00fc Tarihi ve Ba\u015far\u0131lar\u0131\" \/>\n<meta property=\"og:description\" content=\"Be\u015fikta\u015f Kul\u00fcb\u00fc, Be\u015fikta\u015f Serencebey Mahallesi&#039;nde d\u00f6nemin Medine Muhaf\u0131z\u0131 Osman Pa\u015fa&#039;n\u0131n kona\u011f\u0131n\u0131n bah\u00e7esinde jimnastik hareketleri yapan gen\u00e7lerin\" \/>\n<meta property=\"og:url\" content=\"https:\/\/e-ciftlik.com\/haberler\/spor\/besiktas-kulubu-tarihi-ve-basarilari\/\" \/>\n<meta property=\"og:site_name\" content=\"E-&Ccedil;\u0130FTL\u0130K HABER\" \/>\n<meta property=\"article:publisher\" content=\"https:\/\/www.facebook.com\/eciftlikturkiye\" \/>\n<meta property=\"article:published_time\" content=\"2025-03-11T02:42:02+00:00\" \/>\n<meta property=\"og:image\" content=\"https:\/\/e-ciftlik.com\/haberler\/wp-content\/uploads\/2024\/11\/vHhXQ-WIAEeOGNkRjhXU5g.jpg\" \/>\n\t<meta property=\"og:image:width\" content=\"1080\" \/>\n\t<meta property=\"og:image:height\" content=\"614\" \/>\n\t<meta property=\"og:image:type\" content=\"image\/jpeg\" \/>\n<meta name=\"author\" content=\"Haber Merkezi\" \/>\n<meta name=\"twitter:card\" content=\"summary_large_image\" \/>\n<meta name=\"twitter:creator\" content=\"@eciftlikresmi\" \/>\n<meta name=\"twitter:site\" content=\"@eciftlikresmi\" \/>\n<meta name=\"twitter:label1\" content=\"Yazan:\" \/>\n\t<meta name=\"twitter:data1\" content=\"Haber Merkezi\" \/>\n\t<meta name=\"twitter:label2\" content=\"Tahmini okuma s\u00fcresi\" \/>\n\t<meta name=\"twitter:data2\" content=\"9 dakika\" \/>\n<script type=\"application\/ld+json\" class=\"yoast-schema-graph\">{\"@context\":\"https:\\\/\\\/schema.org\",\"@graph\":[{\"@type\":\"NewsArticle\",\"@id\":\"https:\\\/\\\/e-ciftlik.com\\\/haberler\\\/spor\\\/besiktas-kulubu-tarihi-ve-basarilari\\\/#article\",\"isPartOf\":{\"@id\":\"https:\\\/\\\/e-ciftlik.com\\\/haberler\\\/spor\\\/besiktas-kulubu-tarihi-ve-basarilari\\\/\"},\"author\":{\"name\":\"Haber Merkezi\",\"@id\":\"https:\\\/\\\/e-ciftlik.com\\\/haberler\\\/#\\\/schema\\\/person\\\/d2f4fee3143d7f72be82cb887d51b00a\"},\"headline\":\"Be\u015fikta\u015f Kul\u00fcb\u00fc Tarihi ve Ba\u015far\u0131lar\u0131\",\"datePublished\":\"2025-03-11T02:42:02+00:00\",\"mainEntityOfPage\":{\"@id\":\"https:\\\/\\\/e-ciftlik.com\\\/haberler\\\/spor\\\/besiktas-kulubu-tarihi-ve-basarilari\\\/\"},\"wordCount\":1772,\"commentCount\":0,\"publisher\":{\"@id\":\"https:\\\/\\\/e-ciftlik.com\\\/haberler\\\/#organization\"},\"image\":{\"@id\":\"https:\\\/\\\/e-ciftlik.com\\\/haberler\\\/spor\\\/besiktas-kulubu-tarihi-ve-basarilari\\\/#primaryimage\"},\"thumbnailUrl\":\"https:\\\/\\\/e-ciftlik.com\\\/haberler\\\/wp-content\\\/uploads\\\/2024\\\/11\\\/vHhXQ-WIAEeOGNkRjhXU5g.jpg\",\"articleSection\":[\"Spor\"],\"inLanguage\":\"tr\",\"potentialAction\":[{\"@type\":\"CommentAction\",\"name\":\"Comment\",\"target\":[\"https:\\\/\\\/e-ciftlik.com\\\/haberler\\\/spor\\\/besiktas-kulubu-tarihi-ve-basarilari\\\/#respond\"]}]},{\"@type\":\"WebPage\",\"@id\":\"https:\\\/\\\/e-ciftlik.com\\\/haberler\\\/spor\\\/besiktas-kulubu-tarihi-ve-basarilari\\\/\",\"url\":\"https:\\\/\\\/e-ciftlik.com\\\/haberler\\\/spor\\\/besiktas-kulubu-tarihi-ve-basarilari\\\/\",\"name\":\"Be\u015fikta\u015f Kul\u00fcb\u00fc Tarihi ve Ba\u015far\u0131lar\u0131 - E-&Ccedil;\u0130FTL\u0130K HABER\",\"isPartOf\":{\"@id\":\"https:\\\/\\\/e-ciftlik.com\\\/haberler\\\/#website\"},\"primaryImageOfPage\":{\"@id\":\"https:\\\/\\\/e-ciftlik.com\\\/haberler\\\/spor\\\/besiktas-kulubu-tarihi-ve-basarilari\\\/#primaryimage\"},\"image\":{\"@id\":\"https:\\\/\\\/e-ciftlik.com\\\/haberler\\\/spor\\\/besiktas-kulubu-tarihi-ve-basarilari\\\/#primaryimage\"},\"thumbnailUrl\":\"https:\\\/\\\/e-ciftlik.com\\\/haberler\\\/wp-content\\\/uploads\\\/2024\\\/11\\\/vHhXQ-WIAEeOGNkRjhXU5g.jpg\",\"datePublished\":\"2025-03-11T02:42:02+00:00\",\"description\":\"Be\u015fikta\u015f Kul\u00fcb\u00fc, Be\u015fikta\u015f Serencebey Mahallesi'nde d\u00f6nemin Medine Muhaf\u0131z\u0131 Osman Pa\u015fa'n\u0131n kona\u011f\u0131n\u0131n bah\u00e7esinde jimnastik hareketleri yapan gen\u00e7lerin\",\"breadcrumb\":{\"@id\":\"https:\\\/\\\/e-ciftlik.com\\\/haberler\\\/spor\\\/besiktas-kulubu-tarihi-ve-basarilari\\\/#breadcrumb\"},\"inLanguage\":\"tr\",\"potentialAction\":[{\"@type\":\"ReadAction\",\"target\":[\"https:\\\/\\\/e-ciftlik.com\\\/haberler\\\/spor\\\/besiktas-kulubu-tarihi-ve-basarilari\\\/\"]}]},{\"@type\":\"ImageObject\",\"inLanguage\":\"tr\",\"@id\":\"https:\\\/\\\/e-ciftlik.com\\\/haberler\\\/spor\\\/besiktas-kulubu-tarihi-ve-basarilari\\\/#primaryimage\",\"url\":\"https:\\\/\\\/e-ciftlik.com\\\/haberler\\\/wp-content\\\/uploads\\\/2024\\\/11\\\/vHhXQ-WIAEeOGNkRjhXU5g.jpg\",\"contentUrl\":\"https:\\\/\\\/e-ciftlik.com\\\/haberler\\\/wp-content\\\/uploads\\\/2024\\\/11\\\/vHhXQ-WIAEeOGNkRjhXU5g.jpg\",\"width\":1080,\"height\":614},{\"@type\":\"BreadcrumbList\",\"@id\":\"https:\\\/\\\/e-ciftlik.com\\\/haberler\\\/spor\\\/besiktas-kulubu-tarihi-ve-basarilari\\\/#breadcrumb\",\"itemListElement\":[{\"@type\":\"ListItem\",\"position\":1,\"name\":\"Anasayfa\",\"item\":\"https:\\\/\\\/e-ciftlik.com\\\/haberler\\\/\"},{\"@type\":\"ListItem\",\"position\":2,\"name\":\"Be\u015fikta\u015f Kul\u00fcb\u00fc Tarihi ve Ba\u015far\u0131lar\u0131\"}]},{\"@type\":\"WebSite\",\"@id\":\"https:\\\/\\\/e-ciftlik.com\\\/haberler\\\/#website\",\"url\":\"https:\\\/\\\/e-ciftlik.com\\\/haberler\\\/\",\"name\":\"E-\u00c7iftlik Haber | G\u00fcncel, Son Dakika Haberler, En Son Haber\",\"description\":\"\",\"publisher\":{\"@id\":\"https:\\\/\\\/e-ciftlik.com\\\/haberler\\\/#organization\"},\"potentialAction\":[{\"@type\":\"SearchAction\",\"target\":{\"@type\":\"EntryPoint\",\"urlTemplate\":\"https:\\\/\\\/e-ciftlik.com\\\/haberler\\\/?s={search_term_string}\"},\"query-input\":{\"@type\":\"PropertyValueSpecification\",\"valueRequired\":true,\"valueName\":\"search_term_string\"}}],\"inLanguage\":\"tr\"},{\"@type\":\"Organization\",\"@id\":\"https:\\\/\\\/e-ciftlik.com\\\/haberler\\\/#organization\",\"name\":\"E-\u00c7\u0130FTL\u0130K HABER\",\"url\":\"https:\\\/\\\/e-ciftlik.com\\\/haberler\\\/\",\"logo\":{\"@type\":\"ImageObject\",\"inLanguage\":\"tr\",\"@id\":\"https:\\\/\\\/e-ciftlik.com\\\/haberler\\\/#\\\/schema\\\/logo\\\/image\\\/\",\"url\":\"https:\\\/\\\/e-ciftlik.com\\\/haberler\\\/wp-content\\\/uploads\\\/2024\\\/06\\\/cropped-cropped-favicon-1-2.png\",\"contentUrl\":\"https:\\\/\\\/e-ciftlik.com\\\/haberler\\\/wp-content\\\/uploads\\\/2024\\\/06\\\/cropped-cropped-favicon-1-2.png\",\"width\":512,\"height\":512,\"caption\":\"E-\u00c7\u0130FTL\u0130K HABER\"},\"image\":{\"@id\":\"https:\\\/\\\/e-ciftlik.com\\\/haberler\\\/#\\\/schema\\\/logo\\\/image\\\/\"},\"sameAs\":[\"https:\\\/\\\/www.facebook.com\\\/eciftlikturkiye\",\"https:\\\/\\\/x.com\\\/eciftlikresmi\",\"https:\\\/\\\/www.instagram.com\\\/eciftlikresmi\\\/\"]},{\"@type\":\"Person\",\"@id\":\"https:\\\/\\\/e-ciftlik.com\\\/haberler\\\/#\\\/schema\\\/person\\\/d2f4fee3143d7f72be82cb887d51b00a\",\"name\":\"Haber Merkezi\",\"image\":{\"@type\":\"ImageObject\",\"inLanguage\":\"tr\",\"@id\":\"https:\\\/\\\/secure.gravatar.com\\\/avatar\\\/6c27d641914e66c1d0452c92716002398782818991d86db1c2cccb531e7c7c82?s=96&d=mm&r=g\",\"url\":\"https:\\\/\\\/secure.gravatar.com\\\/avatar\\\/6c27d641914e66c1d0452c92716002398782818991d86db1c2cccb531e7c7c82?s=96&d=mm&r=g\",\"contentUrl\":\"https:\\\/\\\/secure.gravatar.com\\\/avatar\\\/6c27d641914e66c1d0452c92716002398782818991d86db1c2cccb531e7c7c82?s=96&d=mm&r=g\",\"caption\":\"Haber Merkezi\"},\"sameAs\":[\"http:\\\/\\\/e-ciftlik.com\\\/haberler\"]}]}<\/script>\n<!-- \/ Yoast SEO Premium plugin. -->","yoast_head_json":{"title":"Be\u015fikta\u015f Kul\u00fcb\u00fc Tarihi ve Ba\u015far\u0131lar\u0131 - E-&Ccedil;\u0130FTL\u0130K HABER","description":"Be\u015fikta\u015f Kul\u00fcb\u00fc, Be\u015fikta\u015f Serencebey Mahallesi'nde d\u00f6nemin Medine Muhaf\u0131z\u0131 Osman Pa\u015fa'n\u0131n kona\u011f\u0131n\u0131n bah\u00e7esinde jimnastik hareketleri yapan gen\u00e7lerin","robots":{"index":"index","follow":"follow","max-snippet":"max-snippet:-1","max-image-preview":"max-image-preview:large","max-video-preview":"max-video-preview:-1"},"canonical":"https:\/\/e-ciftlik.com\/haberler\/spor\/besiktas-kulubu-tarihi-ve-basarilari\/","og_locale":"tr_TR","og_type":"article","og_title":"Be\u015fikta\u015f Kul\u00fcb\u00fc Tarihi ve Ba\u015far\u0131lar\u0131","og_description":"Be\u015fikta\u015f Kul\u00fcb\u00fc, Be\u015fikta\u015f Serencebey Mahallesi'nde d\u00f6nemin Medine Muhaf\u0131z\u0131 Osman Pa\u015fa'n\u0131n kona\u011f\u0131n\u0131n bah\u00e7esinde jimnastik hareketleri yapan gen\u00e7lerin","og_url":"https:\/\/e-ciftlik.com\/haberler\/spor\/besiktas-kulubu-tarihi-ve-basarilari\/","og_site_name":"E-&Ccedil;\u0130FTL\u0130K HABER","article_publisher":"https:\/\/www.facebook.com\/eciftlikturkiye","article_published_time":"2025-03-11T02:42:02+00:00","og_image":[{"width":1080,"height":614,"url":"https:\/\/e-ciftlik.com\/haberler\/wp-content\/uploads\/2024\/11\/vHhXQ-WIAEeOGNkRjhXU5g.jpg","type":"image\/jpeg"}],"author":"Haber Merkezi","twitter_card":"summary_large_image","twitter_creator":"@eciftlikresmi","twitter_site":"@eciftlikresmi","twitter_misc":{"Yazan:":"Haber Merkezi","Tahmini okuma s\u00fcresi":"9 dakika"},"schema":{"@context":"https:\/\/schema.org","@graph":[{"@type":"NewsArticle","@id":"https:\/\/e-ciftlik.com\/haberler\/spor\/besiktas-kulubu-tarihi-ve-basarilari\/#article","isPartOf":{"@id":"https:\/\/e-ciftlik.com\/haberler\/spor\/besiktas-kulubu-tarihi-ve-basarilari\/"},"author":{"name":"Haber Merkezi","@id":"https:\/\/e-ciftlik.com\/haberler\/#\/schema\/person\/d2f4fee3143d7f72be82cb887d51b00a"},"headline":"Be\u015fikta\u015f Kul\u00fcb\u00fc Tarihi ve Ba\u015far\u0131lar\u0131","datePublished":"2025-03-11T02:42:02+00:00","mainEntityOfPage":{"@id":"https:\/\/e-ciftlik.com\/haberler\/spor\/besiktas-kulubu-tarihi-ve-basarilari\/"},"wordCount":1772,"commentCount":0,"publisher":{"@id":"https:\/\/e-ciftlik.com\/haberler\/#organization"},"image":{"@id":"https:\/\/e-ciftlik.com\/haberler\/spor\/besiktas-kulubu-tarihi-ve-basarilari\/#primaryimage"},"thumbnailUrl":"https:\/\/e-ciftlik.com\/haberler\/wp-content\/uploads\/2024\/11\/vHhXQ-WIAEeOGNkRjhXU5g.jpg","articleSection":["Spor"],"inLanguage":"tr","potentialAction":[{"@type":"CommentAction","name":"Comment","target":["https:\/\/e-ciftlik.com\/haberler\/spor\/besiktas-kulubu-tarihi-ve-basarilari\/#respond"]}]},{"@type":"WebPage","@id":"https:\/\/e-ciftlik.com\/haberler\/spor\/besiktas-kulubu-tarihi-ve-basarilari\/","url":"https:\/\/e-ciftlik.com\/haberler\/spor\/besiktas-kulubu-tarihi-ve-basarilari\/","name":"Be\u015fikta\u015f Kul\u00fcb\u00fc Tarihi ve Ba\u015far\u0131lar\u0131 - E-&Ccedil;\u0130FTL\u0130K HABER","isPartOf":{"@id":"https:\/\/e-ciftlik.com\/haberler\/#website"},"primaryImageOfPage":{"@id":"https:\/\/e-ciftlik.com\/haberler\/spor\/besiktas-kulubu-tarihi-ve-basarilari\/#primaryimage"},"image":{"@id":"https:\/\/e-ciftlik.com\/haberler\/spor\/besiktas-kulubu-tarihi-ve-basarilari\/#primaryimage"},"thumbnailUrl":"https:\/\/e-ciftlik.com\/haberler\/wp-content\/uploads\/2024\/11\/vHhXQ-WIAEeOGNkRjhXU5g.jpg","datePublished":"2025-03-11T02:42:02+00:00","description":"Be\u015fikta\u015f Kul\u00fcb\u00fc, Be\u015fikta\u015f Serencebey Mahallesi'nde d\u00f6nemin Medine Muhaf\u0131z\u0131 Osman Pa\u015fa'n\u0131n kona\u011f\u0131n\u0131n bah\u00e7esinde jimnastik hareketleri yapan gen\u00e7lerin","breadcrumb":{"@id":"https:\/\/e-ciftlik.com\/haberler\/spor\/besiktas-kulubu-tarihi-ve-basarilari\/#breadcrumb"},"inLanguage":"tr","potentialAction":[{"@type":"ReadAction","target":["https:\/\/e-ciftlik.com\/haberler\/spor\/besiktas-kulubu-tarihi-ve-basarilari\/"]}]},{"@type":"ImageObject","inLanguage":"tr","@id":"https:\/\/e-ciftlik.com\/haberler\/spor\/besiktas-kulubu-tarihi-ve-basarilari\/#primaryimage","url":"https:\/\/e-ciftlik.com\/haberler\/wp-content\/uploads\/2024\/11\/vHhXQ-WIAEeOGNkRjhXU5g.jpg","contentUrl":"https:\/\/e-ciftlik.com\/haberler\/wp-content\/uploads\/2024\/11\/vHhXQ-WIAEeOGNkRjhXU5g.jpg","width":1080,"height":614},{"@type":"BreadcrumbList","@id":"https:\/\/e-ciftlik.com\/haberler\/spor\/besiktas-kulubu-tarihi-ve-basarilari\/#breadcrumb","itemListElement":[{"@type":"ListItem","position":1,"name":"Anasayfa","item":"https:\/\/e-ciftlik.com\/haberler\/"},{"@type":"ListItem","position":2,"name":"Be\u015fikta\u015f Kul\u00fcb\u00fc Tarihi ve Ba\u015far\u0131lar\u0131"}]},{"@type":"WebSite","@id":"https:\/\/e-ciftlik.com\/haberler\/#website","url":"https:\/\/e-ciftlik.com\/haberler\/","name":"E-\u00c7iftlik Haber | G\u00fcncel, Son Dakika Haberler, En Son Haber","description":"","publisher":{"@id":"https:\/\/e-ciftlik.com\/haberler\/#organization"},"potentialAction":[{"@type":"SearchAction","target":{"@type":"EntryPoint","urlTemplate":"https:\/\/e-ciftlik.com\/haberler\/?s={search_term_string}"},"query-input":{"@type":"PropertyValueSpecification","valueRequired":true,"valueName":"search_term_string"}}],"inLanguage":"tr"},{"@type":"Organization","@id":"https:\/\/e-ciftlik.com\/haberler\/#organization","name":"E-\u00c7\u0130FTL\u0130K HABER","url":"https:\/\/e-ciftlik.com\/haberler\/","logo":{"@type":"ImageObject","inLanguage":"tr","@id":"https:\/\/e-ciftlik.com\/haberler\/#\/schema\/logo\/image\/","url":"https:\/\/e-ciftlik.com\/haberler\/wp-content\/uploads\/2024\/06\/cropped-cropped-favicon-1-2.png","contentUrl":"https:\/\/e-ciftlik.com\/haberler\/wp-content\/uploads\/2024\/06\/cropped-cropped-favicon-1-2.png","width":512,"height":512,"caption":"E-\u00c7\u0130FTL\u0130K HABER"},"image":{"@id":"https:\/\/e-ciftlik.com\/haberler\/#\/schema\/logo\/image\/"},"sameAs":["https:\/\/www.facebook.com\/eciftlikturkiye","https:\/\/x.com\/eciftlikresmi","https:\/\/www.instagram.com\/eciftlikresmi\/"]},{"@type":"Person","@id":"https:\/\/e-ciftlik.com\/haberler\/#\/schema\/person\/d2f4fee3143d7f72be82cb887d51b00a","name":"Haber Merkezi","image":{"@type":"ImageObject","inLanguage":"tr","@id":"https:\/\/secure.gravatar.com\/avatar\/6c27d641914e66c1d0452c92716002398782818991d86db1c2cccb531e7c7c82?s=96&d=mm&r=g","url":"https:\/\/secure.gravatar.com\/avatar\/6c27d641914e66c1d0452c92716002398782818991d86db1c2cccb531e7c7c82?s=96&d=mm&r=g","contentUrl":"https:\/\/secure.gravatar.com\/avatar\/6c27d641914e66c1d0452c92716002398782818991d86db1c2cccb531e7c7c82?s=96&d=mm&r=g","caption":"Haber Merkezi"},"sameAs":["http:\/\/e-ciftlik.com\/haberler"]}]}},"_links":{"self":[{"href":"https:\/\/e-ciftlik.com\/haberler\/wp-json\/wp\/v2\/posts\/85653","targetHints":{"allow":["GET"]}}],"collection":[{"href":"https:\/\/e-ciftlik.com\/haberler\/wp-json\/wp\/v2\/posts"}],"about":[{"href":"https:\/\/e-ciftlik.com\/haberler\/wp-json\/wp\/v2\/types\/post"}],"author":[{"embeddable":true,"href":"https:\/\/e-ciftlik.com\/haberler\/wp-json\/wp\/v2\/users\/1"}],"replies":[{"embeddable":true,"href":"https:\/\/e-ciftlik.com\/haberler\/wp-json\/wp\/v2\/comments?post=85653"}],"version-history":[{"count":0,"href":"https:\/\/e-ciftlik.com\/haberler\/wp-json\/wp\/v2\/posts\/85653\/revisions"}],"wp:featuredmedia":[{"embeddable":true,"href":"https:\/\/e-ciftlik.com\/haberler\/wp-json\/wp\/v2\/media\/53393"}],"wp:attachment":[{"href":"https:\/\/e-ciftlik.com\/haberler\/wp-json\/wp\/v2\/media?parent=85653"}],"wp:term":[{"taxonomy":"category","embeddable":true,"href":"https:\/\/e-ciftlik.com\/haberler\/wp-json\/wp\/v2\/categories?post=85653"},{"taxonomy":"post_tag","embeddable":true,"href":"https:\/\/e-ciftlik.com\/haberler\/wp-json\/wp\/v2\/tags?post=85653"}],"curies":[{"name":"wp","href":"https:\/\/api.w.org\/{rel}","templated":true}]}}