{"id":85659,"date":"2025-03-11T03:19:23","date_gmt":"2025-03-11T03:19:23","guid":{"rendered":"http:\/\/e-ciftlik.com\/haberler\/spor\/konyaspor-trabzonspor-macinda-futbolcular-birbirine-girdi\/"},"modified":"2025-03-11T03:19:23","modified_gmt":"2025-03-11T03:19:23","slug":"konyaspor-trabzonspor-macinda-futbolcular-birbirine-girdi","status":"publish","type":"post","link":"https:\/\/e-ciftlik.com\/haberler\/spor\/konyaspor-trabzonspor-macinda-futbolcular-birbirine-girdi\/","title":{"rendered":"Konyaspor-Trabzonspor Ma\u00e7\u0131nda Futbolcular Birbirine Girdi!"},"content":{"rendered":"<p>S\u00fcper Lig&#8217;in 26. haftas\u0131nda ger\u00e7ekle\u015fen Konyaspor-Trabzonspor ma\u00e7\u0131nda uzatma dakikalar\u0131nda oyuncular aras\u0131nda gerginlik ya\u015fand\u0131. Ma\u00e7\u0131n hakemi, ya\u015fanan olaylar\u0131n ard\u0131ndan d\u00f6rt futbolcuya kart g\u00f6sterdi.<\/p>\n<p>Konyaspor&#8217;un sahas\u0131nda Trabzonspor&#8217;u 1-0 ma\u011flup etti\u011fi ma\u00e7\u0131n uzatma dakikalar\u0131nda Konyasporlu U\u011furcan Yaz\u011f\u0131l\u0131 ile Trabzonsporlu Serdar Saat\u00e7i aras\u0131nda tart\u0131\u015fma \u00e7\u0131kt\u0131. Tart\u0131\u015fmaya di\u011fer oyuncular da kar\u0131\u015f\u0131nca yedek kul\u00fcpleri de sahaya girdi.<\/p>\n<p>Oyuncular\u0131n k\u00f6\u015feye ka\u00e7t\u0131\u011f\u0131 ve trib\u00fcnlerin o b\u00f6lgeye do\u011fru hareketlendi\u011fi anlarda m\u00fccadele k\u0131sa bir s\u00fcre durdu. U\u011furcan Yaz\u011f\u0131l\u0131 ve Keyta&#8217;ya sar\u0131 kart g\u00f6ren Konyaspor&#8217;da; Serdar Saat\u00e7i ve Cihan \u00c7anak&#8217;a ise sar\u0131 kart g\u00f6ren Trabzonspor&#8217;da ya\u015fanan olaylar ma\u00e7\u0131n en dikkat \u00e7eken anlar\u0131 aras\u0131nda yer ald\u0131.<\/p>\n","protected":false},"excerpt":{"rendered":"<p>S\u00fcper Lig&#8217;in 26. haftas\u0131nda ger\u00e7ekle\u015fen Konyaspor-Trabzonspor ma\u00e7\u0131nda uzatma dakikalar\u0131nda oyuncular aras\u0131nda gerginlik ya\u015fand\u0131. Ma\u00e7\u0131n hakemi,&hellip;<\/p>\n","protected":false},"author":1,"featured_media":85660,"comment_status":"open","ping_status":"open","sticky":false,"template":"","format":"standard","meta":{"footnotes":""},"categories":[7],"tags":[],"class_list":["post-85659","post","type-post","status-publish","format-standard","has-post-thumbnail","hentry","category-spor"],"yoast_head":"<!-- This site is optimized with the Yoast SEO Premium plugin v24.3 (Yoast SEO v27.4) - https:\/\/yoast.com\/product\/yoast-seo-premium-wordpress\/ -->\n<title>Konyaspor-Trabzonspor Ma\u00e7\u0131nda Futbolcular Birbirine Girdi! - E-&Ccedil;\u0130FTL\u0130K HABER<\/title>\n<meta name=\"description\" content=\"S\u00fcper Lig&#039;in 26. haftas\u0131nda ger\u00e7ekle\u015fen Konyaspor-Trabzonspor ma\u00e7\u0131nda uzatma dakikalar\u0131nda oyuncular aras\u0131nda gerginlik ya\u015fand\u0131. Ma\u00e7\u0131n hakemi, ya\u015fanan\" \/>\n<meta name=\"robots\" content=\"index, follow, max-snippet:-1, max-image-preview:large, max-video-preview:-1\" \/>\n<link rel=\"canonical\" href=\"https:\/\/e-ciftlik.com\/haberler\/spor\/konyaspor-trabzonspor-macinda-futbolcular-birbirine-girdi\/\" \/>\n<meta property=\"og:locale\" content=\"tr_TR\" \/>\n<meta property=\"og:type\" content=\"article\" \/>\n<meta property=\"og:title\" content=\"Konyaspor-Trabzonspor Ma\u00e7\u0131nda Futbolcular Birbirine Girdi!\" \/>\n<meta property=\"og:description\" content=\"S\u00fcper Lig&#039;in 26. haftas\u0131nda ger\u00e7ekle\u015fen Konyaspor-Trabzonspor ma\u00e7\u0131nda uzatma dakikalar\u0131nda oyuncular aras\u0131nda gerginlik ya\u015fand\u0131. Ma\u00e7\u0131n hakemi, ya\u015fanan\" \/>\n<meta property=\"og:url\" content=\"https:\/\/e-ciftlik.com\/haberler\/spor\/konyaspor-trabzonspor-macinda-futbolcular-birbirine-girdi\/\" \/>\n<meta property=\"og:site_name\" content=\"E-&Ccedil;\u0130FTL\u0130K HABER\" \/>\n<meta property=\"article:publisher\" content=\"https:\/\/www.facebook.com\/eciftlikturkiye\" \/>\n<meta property=\"article:published_time\" content=\"2025-03-11T03:19:23+00:00\" \/>\n<meta property=\"og:image\" content=\"https:\/\/e-ciftlik.com\/haberler\/wp-content\/uploads\/2025\/03\/CRWf4Lzm0EeUGhflAyWZrg.jpg\" \/>\n\t<meta property=\"og:image:width\" content=\"1080\" \/>\n\t<meta property=\"og:image:height\" content=\"612\" \/>\n\t<meta property=\"og:image:type\" content=\"image\/jpeg\" \/>\n<meta name=\"author\" content=\"Haber Merkezi\" \/>\n<meta name=\"twitter:card\" content=\"summary_large_image\" \/>\n<meta name=\"twitter:creator\" content=\"@eciftlikresmi\" \/>\n<meta name=\"twitter:site\" content=\"@eciftlikresmi\" \/>\n<meta name=\"twitter:label1\" content=\"Yazan:\" \/>\n\t<meta name=\"twitter:data1\" content=\"Haber Merkezi\" \/>\n\t<meta name=\"twitter:label2\" content=\"Tahmini okuma s\u00fcresi\" \/>\n\t<meta name=\"twitter:data2\" content=\"1 dakika\" \/>\n<script type=\"application\/ld+json\" class=\"yoast-schema-graph\">{\"@context\":\"https:\\\/\\\/schema.org\",\"@graph\":[{\"@type\":\"NewsArticle\",\"@id\":\"https:\\\/\\\/e-ciftlik.com\\\/haberler\\\/spor\\\/konyaspor-trabzonspor-macinda-futbolcular-birbirine-girdi\\\/#article\",\"isPartOf\":{\"@id\":\"https:\\\/\\\/e-ciftlik.com\\\/haberler\\\/spor\\\/konyaspor-trabzonspor-macinda-futbolcular-birbirine-girdi\\\/\"},\"author\":{\"name\":\"Haber Merkezi\",\"@id\":\"https:\\\/\\\/e-ciftlik.com\\\/haberler\\\/#\\\/schema\\\/person\\\/d2f4fee3143d7f72be82cb887d51b00a\"},\"headline\":\"Konyaspor-Trabzonspor Ma\u00e7\u0131nda Futbolcular Birbirine Girdi!\",\"datePublished\":\"2025-03-11T03:19:23+00:00\",\"mainEntityOfPage\":{\"@id\":\"https:\\\/\\\/e-ciftlik.com\\\/haberler\\\/spor\\\/konyaspor-trabzonspor-macinda-futbolcular-birbirine-girdi\\\/\"},\"wordCount\":152,\"commentCount\":0,\"publisher\":{\"@id\":\"https:\\\/\\\/e-ciftlik.com\\\/haberler\\\/#organization\"},\"image\":{\"@id\":\"https:\\\/\\\/e-ciftlik.com\\\/haberler\\\/spor\\\/konyaspor-trabzonspor-macinda-futbolcular-birbirine-girdi\\\/#primaryimage\"},\"thumbnailUrl\":\"https:\\\/\\\/e-ciftlik.com\\\/haberler\\\/wp-content\\\/uploads\\\/2025\\\/03\\\/CRWf4Lzm0EeUGhflAyWZrg.jpg\",\"articleSection\":[\"Spor\"],\"inLanguage\":\"tr\",\"potentialAction\":[{\"@type\":\"CommentAction\",\"name\":\"Comment\",\"target\":[\"https:\\\/\\\/e-ciftlik.com\\\/haberler\\\/spor\\\/konyaspor-trabzonspor-macinda-futbolcular-birbirine-girdi\\\/#respond\"]}]},{\"@type\":\"WebPage\",\"@id\":\"https:\\\/\\\/e-ciftlik.com\\\/haberler\\\/spor\\\/konyaspor-trabzonspor-macinda-futbolcular-birbirine-girdi\\\/\",\"url\":\"https:\\\/\\\/e-ciftlik.com\\\/haberler\\\/spor\\\/konyaspor-trabzonspor-macinda-futbolcular-birbirine-girdi\\\/\",\"name\":\"Konyaspor-Trabzonspor Ma\u00e7\u0131nda Futbolcular Birbirine Girdi! - E-&Ccedil;\u0130FTL\u0130K HABER\",\"isPartOf\":{\"@id\":\"https:\\\/\\\/e-ciftlik.com\\\/haberler\\\/#website\"},\"primaryImageOfPage\":{\"@id\":\"https:\\\/\\\/e-ciftlik.com\\\/haberler\\\/spor\\\/konyaspor-trabzonspor-macinda-futbolcular-birbirine-girdi\\\/#primaryimage\"},\"image\":{\"@id\":\"https:\\\/\\\/e-ciftlik.com\\\/haberler\\\/spor\\\/konyaspor-trabzonspor-macinda-futbolcular-birbirine-girdi\\\/#primaryimage\"},\"thumbnailUrl\":\"https:\\\/\\\/e-ciftlik.com\\\/haberler\\\/wp-content\\\/uploads\\\/2025\\\/03\\\/CRWf4Lzm0EeUGhflAyWZrg.jpg\",\"datePublished\":\"2025-03-11T03:19:23+00:00\",\"description\":\"S\u00fcper Lig'in 26. haftas\u0131nda ger\u00e7ekle\u015fen Konyaspor-Trabzonspor ma\u00e7\u0131nda uzatma dakikalar\u0131nda oyuncular aras\u0131nda gerginlik ya\u015fand\u0131. Ma\u00e7\u0131n hakemi, ya\u015fanan\",\"breadcrumb\":{\"@id\":\"https:\\\/\\\/e-ciftlik.com\\\/haberler\\\/spor\\\/konyaspor-trabzonspor-macinda-futbolcular-birbirine-girdi\\\/#breadcrumb\"},\"inLanguage\":\"tr\",\"potentialAction\":[{\"@type\":\"ReadAction\",\"target\":[\"https:\\\/\\\/e-ciftlik.com\\\/haberler\\\/spor\\\/konyaspor-trabzonspor-macinda-futbolcular-birbirine-girdi\\\/\"]}]},{\"@type\":\"ImageObject\",\"inLanguage\":\"tr\",\"@id\":\"https:\\\/\\\/e-ciftlik.com\\\/haberler\\\/spor\\\/konyaspor-trabzonspor-macinda-futbolcular-birbirine-girdi\\\/#primaryimage\",\"url\":\"https:\\\/\\\/e-ciftlik.com\\\/haberler\\\/wp-content\\\/uploads\\\/2025\\\/03\\\/CRWf4Lzm0EeUGhflAyWZrg.jpg\",\"contentUrl\":\"https:\\\/\\\/e-ciftlik.com\\\/haberler\\\/wp-content\\\/uploads\\\/2025\\\/03\\\/CRWf4Lzm0EeUGhflAyWZrg.jpg\",\"width\":1080,\"height\":612},{\"@type\":\"BreadcrumbList\",\"@id\":\"https:\\\/\\\/e-ciftlik.com\\\/haberler\\\/spor\\\/konyaspor-trabzonspor-macinda-futbolcular-birbirine-girdi\\\/#breadcrumb\",\"itemListElement\":[{\"@type\":\"ListItem\",\"position\":1,\"name\":\"Anasayfa\",\"item\":\"https:\\\/\\\/e-ciftlik.com\\\/haberler\\\/\"},{\"@type\":\"ListItem\",\"position\":2,\"name\":\"Konyaspor-Trabzonspor Ma\u00e7\u0131nda Futbolcular Birbirine Girdi!\"}]},{\"@type\":\"WebSite\",\"@id\":\"https:\\\/\\\/e-ciftlik.com\\\/haberler\\\/#website\",\"url\":\"https:\\\/\\\/e-ciftlik.com\\\/haberler\\\/\",\"name\":\"E-\u00c7iftlik Haber | G\u00fcncel, Son Dakika Haberler, En Son Haber\",\"description\":\"\",\"publisher\":{\"@id\":\"https:\\\/\\\/e-ciftlik.com\\\/haberler\\\/#organization\"},\"potentialAction\":[{\"@type\":\"SearchAction\",\"target\":{\"@type\":\"EntryPoint\",\"urlTemplate\":\"https:\\\/\\\/e-ciftlik.com\\\/haberler\\\/?s={search_term_string}\"},\"query-input\":{\"@type\":\"PropertyValueSpecification\",\"valueRequired\":true,\"valueName\":\"search_term_string\"}}],\"inLanguage\":\"tr\"},{\"@type\":\"Organization\",\"@id\":\"https:\\\/\\\/e-ciftlik.com\\\/haberler\\\/#organization\",\"name\":\"E-\u00c7\u0130FTL\u0130K HABER\",\"url\":\"https:\\\/\\\/e-ciftlik.com\\\/haberler\\\/\",\"logo\":{\"@type\":\"ImageObject\",\"inLanguage\":\"tr\",\"@id\":\"https:\\\/\\\/e-ciftlik.com\\\/haberler\\\/#\\\/schema\\\/logo\\\/image\\\/\",\"url\":\"https:\\\/\\\/e-ciftlik.com\\\/haberler\\\/wp-content\\\/uploads\\\/2024\\\/06\\\/cropped-cropped-favicon-1-2.png\",\"contentUrl\":\"https:\\\/\\\/e-ciftlik.com\\\/haberler\\\/wp-content\\\/uploads\\\/2024\\\/06\\\/cropped-cropped-favicon-1-2.png\",\"width\":512,\"height\":512,\"caption\":\"E-\u00c7\u0130FTL\u0130K HABER\"},\"image\":{\"@id\":\"https:\\\/\\\/e-ciftlik.com\\\/haberler\\\/#\\\/schema\\\/logo\\\/image\\\/\"},\"sameAs\":[\"https:\\\/\\\/www.facebook.com\\\/eciftlikturkiye\",\"https:\\\/\\\/x.com\\\/eciftlikresmi\",\"https:\\\/\\\/www.instagram.com\\\/eciftlikresmi\\\/\"]},{\"@type\":\"Person\",\"@id\":\"https:\\\/\\\/e-ciftlik.com\\\/haberler\\\/#\\\/schema\\\/person\\\/d2f4fee3143d7f72be82cb887d51b00a\",\"name\":\"Haber Merkezi\",\"image\":{\"@type\":\"ImageObject\",\"inLanguage\":\"tr\",\"@id\":\"https:\\\/\\\/secure.gravatar.com\\\/avatar\\\/6c27d641914e66c1d0452c92716002398782818991d86db1c2cccb531e7c7c82?s=96&d=mm&r=g\",\"url\":\"https:\\\/\\\/secure.gravatar.com\\\/avatar\\\/6c27d641914e66c1d0452c92716002398782818991d86db1c2cccb531e7c7c82?s=96&d=mm&r=g\",\"contentUrl\":\"https:\\\/\\\/secure.gravatar.com\\\/avatar\\\/6c27d641914e66c1d0452c92716002398782818991d86db1c2cccb531e7c7c82?s=96&d=mm&r=g\",\"caption\":\"Haber Merkezi\"},\"sameAs\":[\"http:\\\/\\\/e-ciftlik.com\\\/haberler\"]}]}<\/script>\n<!-- \/ Yoast SEO Premium plugin. -->","yoast_head_json":{"title":"Konyaspor-Trabzonspor Ma\u00e7\u0131nda Futbolcular Birbirine Girdi! - E-&Ccedil;\u0130FTL\u0130K HABER","description":"S\u00fcper Lig'in 26. haftas\u0131nda ger\u00e7ekle\u015fen Konyaspor-Trabzonspor ma\u00e7\u0131nda uzatma dakikalar\u0131nda oyuncular aras\u0131nda gerginlik ya\u015fand\u0131. Ma\u00e7\u0131n hakemi, ya\u015fanan","robots":{"index":"index","follow":"follow","max-snippet":"max-snippet:-1","max-image-preview":"max-image-preview:large","max-video-preview":"max-video-preview:-1"},"canonical":"https:\/\/e-ciftlik.com\/haberler\/spor\/konyaspor-trabzonspor-macinda-futbolcular-birbirine-girdi\/","og_locale":"tr_TR","og_type":"article","og_title":"Konyaspor-Trabzonspor Ma\u00e7\u0131nda Futbolcular Birbirine Girdi!","og_description":"S\u00fcper Lig'in 26. haftas\u0131nda ger\u00e7ekle\u015fen Konyaspor-Trabzonspor ma\u00e7\u0131nda uzatma dakikalar\u0131nda oyuncular aras\u0131nda gerginlik ya\u015fand\u0131. Ma\u00e7\u0131n hakemi, ya\u015fanan","og_url":"https:\/\/e-ciftlik.com\/haberler\/spor\/konyaspor-trabzonspor-macinda-futbolcular-birbirine-girdi\/","og_site_name":"E-&Ccedil;\u0130FTL\u0130K HABER","article_publisher":"https:\/\/www.facebook.com\/eciftlikturkiye","article_published_time":"2025-03-11T03:19:23+00:00","og_image":[{"width":1080,"height":612,"url":"https:\/\/e-ciftlik.com\/haberler\/wp-content\/uploads\/2025\/03\/CRWf4Lzm0EeUGhflAyWZrg.jpg","type":"image\/jpeg"}],"author":"Haber Merkezi","twitter_card":"summary_large_image","twitter_creator":"@eciftlikresmi","twitter_site":"@eciftlikresmi","twitter_misc":{"Yazan:":"Haber Merkezi","Tahmini okuma s\u00fcresi":"1 dakika"},"schema":{"@context":"https:\/\/schema.org","@graph":[{"@type":"NewsArticle","@id":"https:\/\/e-ciftlik.com\/haberler\/spor\/konyaspor-trabzonspor-macinda-futbolcular-birbirine-girdi\/#article","isPartOf":{"@id":"https:\/\/e-ciftlik.com\/haberler\/spor\/konyaspor-trabzonspor-macinda-futbolcular-birbirine-girdi\/"},"author":{"name":"Haber Merkezi","@id":"https:\/\/e-ciftlik.com\/haberler\/#\/schema\/person\/d2f4fee3143d7f72be82cb887d51b00a"},"headline":"Konyaspor-Trabzonspor Ma\u00e7\u0131nda Futbolcular Birbirine Girdi!","datePublished":"2025-03-11T03:19:23+00:00","mainEntityOfPage":{"@id":"https:\/\/e-ciftlik.com\/haberler\/spor\/konyaspor-trabzonspor-macinda-futbolcular-birbirine-girdi\/"},"wordCount":152,"commentCount":0,"publisher":{"@id":"https:\/\/e-ciftlik.com\/haberler\/#organization"},"image":{"@id":"https:\/\/e-ciftlik.com\/haberler\/spor\/konyaspor-trabzonspor-macinda-futbolcular-birbirine-girdi\/#primaryimage"},"thumbnailUrl":"https:\/\/e-ciftlik.com\/haberler\/wp-content\/uploads\/2025\/03\/CRWf4Lzm0EeUGhflAyWZrg.jpg","articleSection":["Spor"],"inLanguage":"tr","potentialAction":[{"@type":"CommentAction","name":"Comment","target":["https:\/\/e-ciftlik.com\/haberler\/spor\/konyaspor-trabzonspor-macinda-futbolcular-birbirine-girdi\/#respond"]}]},{"@type":"WebPage","@id":"https:\/\/e-ciftlik.com\/haberler\/spor\/konyaspor-trabzonspor-macinda-futbolcular-birbirine-girdi\/","url":"https:\/\/e-ciftlik.com\/haberler\/spor\/konyaspor-trabzonspor-macinda-futbolcular-birbirine-girdi\/","name":"Konyaspor-Trabzonspor Ma\u00e7\u0131nda Futbolcular Birbirine Girdi! - E-&Ccedil;\u0130FTL\u0130K HABER","isPartOf":{"@id":"https:\/\/e-ciftlik.com\/haberler\/#website"},"primaryImageOfPage":{"@id":"https:\/\/e-ciftlik.com\/haberler\/spor\/konyaspor-trabzonspor-macinda-futbolcular-birbirine-girdi\/#primaryimage"},"image":{"@id":"https:\/\/e-ciftlik.com\/haberler\/spor\/konyaspor-trabzonspor-macinda-futbolcular-birbirine-girdi\/#primaryimage"},"thumbnailUrl":"https:\/\/e-ciftlik.com\/haberler\/wp-content\/uploads\/2025\/03\/CRWf4Lzm0EeUGhflAyWZrg.jpg","datePublished":"2025-03-11T03:19:23+00:00","description":"S\u00fcper Lig'in 26. haftas\u0131nda ger\u00e7ekle\u015fen Konyaspor-Trabzonspor ma\u00e7\u0131nda uzatma dakikalar\u0131nda oyuncular aras\u0131nda gerginlik ya\u015fand\u0131. Ma\u00e7\u0131n hakemi, ya\u015fanan","breadcrumb":{"@id":"https:\/\/e-ciftlik.com\/haberler\/spor\/konyaspor-trabzonspor-macinda-futbolcular-birbirine-girdi\/#breadcrumb"},"inLanguage":"tr","potentialAction":[{"@type":"ReadAction","target":["https:\/\/e-ciftlik.com\/haberler\/spor\/konyaspor-trabzonspor-macinda-futbolcular-birbirine-girdi\/"]}]},{"@type":"ImageObject","inLanguage":"tr","@id":"https:\/\/e-ciftlik.com\/haberler\/spor\/konyaspor-trabzonspor-macinda-futbolcular-birbirine-girdi\/#primaryimage","url":"https:\/\/e-ciftlik.com\/haberler\/wp-content\/uploads\/2025\/03\/CRWf4Lzm0EeUGhflAyWZrg.jpg","contentUrl":"https:\/\/e-ciftlik.com\/haberler\/wp-content\/uploads\/2025\/03\/CRWf4Lzm0EeUGhflAyWZrg.jpg","width":1080,"height":612},{"@type":"BreadcrumbList","@id":"https:\/\/e-ciftlik.com\/haberler\/spor\/konyaspor-trabzonspor-macinda-futbolcular-birbirine-girdi\/#breadcrumb","itemListElement":[{"@type":"ListItem","position":1,"name":"Anasayfa","item":"https:\/\/e-ciftlik.com\/haberler\/"},{"@type":"ListItem","position":2,"name":"Konyaspor-Trabzonspor Ma\u00e7\u0131nda Futbolcular Birbirine Girdi!"}]},{"@type":"WebSite","@id":"https:\/\/e-ciftlik.com\/haberler\/#website","url":"https:\/\/e-ciftlik.com\/haberler\/","name":"E-\u00c7iftlik Haber | G\u00fcncel, Son Dakika Haberler, En Son Haber","description":"","publisher":{"@id":"https:\/\/e-ciftlik.com\/haberler\/#organization"},"potentialAction":[{"@type":"SearchAction","target":{"@type":"EntryPoint","urlTemplate":"https:\/\/e-ciftlik.com\/haberler\/?s={search_term_string}"},"query-input":{"@type":"PropertyValueSpecification","valueRequired":true,"valueName":"search_term_string"}}],"inLanguage":"tr"},{"@type":"Organization","@id":"https:\/\/e-ciftlik.com\/haberler\/#organization","name":"E-\u00c7\u0130FTL\u0130K HABER","url":"https:\/\/e-ciftlik.com\/haberler\/","logo":{"@type":"ImageObject","inLanguage":"tr","@id":"https:\/\/e-ciftlik.com\/haberler\/#\/schema\/logo\/image\/","url":"https:\/\/e-ciftlik.com\/haberler\/wp-content\/uploads\/2024\/06\/cropped-cropped-favicon-1-2.png","contentUrl":"https:\/\/e-ciftlik.com\/haberler\/wp-content\/uploads\/2024\/06\/cropped-cropped-favicon-1-2.png","width":512,"height":512,"caption":"E-\u00c7\u0130FTL\u0130K HABER"},"image":{"@id":"https:\/\/e-ciftlik.com\/haberler\/#\/schema\/logo\/image\/"},"sameAs":["https:\/\/www.facebook.com\/eciftlikturkiye","https:\/\/x.com\/eciftlikresmi","https:\/\/www.instagram.com\/eciftlikresmi\/"]},{"@type":"Person","@id":"https:\/\/e-ciftlik.com\/haberler\/#\/schema\/person\/d2f4fee3143d7f72be82cb887d51b00a","name":"Haber Merkezi","image":{"@type":"ImageObject","inLanguage":"tr","@id":"https:\/\/secure.gravatar.com\/avatar\/6c27d641914e66c1d0452c92716002398782818991d86db1c2cccb531e7c7c82?s=96&d=mm&r=g","url":"https:\/\/secure.gravatar.com\/avatar\/6c27d641914e66c1d0452c92716002398782818991d86db1c2cccb531e7c7c82?s=96&d=mm&r=g","contentUrl":"https:\/\/secure.gravatar.com\/avatar\/6c27d641914e66c1d0452c92716002398782818991d86db1c2cccb531e7c7c82?s=96&d=mm&r=g","caption":"Haber Merkezi"},"sameAs":["http:\/\/e-ciftlik.com\/haberler"]}]}},"_links":{"self":[{"href":"https:\/\/e-ciftlik.com\/haberler\/wp-json\/wp\/v2\/posts\/85659","targetHints":{"allow":["GET"]}}],"collection":[{"href":"https:\/\/e-ciftlik.com\/haberler\/wp-json\/wp\/v2\/posts"}],"about":[{"href":"https:\/\/e-ciftlik.com\/haberler\/wp-json\/wp\/v2\/types\/post"}],"author":[{"embeddable":true,"href":"https:\/\/e-ciftlik.com\/haberler\/wp-json\/wp\/v2\/users\/1"}],"replies":[{"embeddable":true,"href":"https:\/\/e-ciftlik.com\/haberler\/wp-json\/wp\/v2\/comments?post=85659"}],"version-history":[{"count":0,"href":"https:\/\/e-ciftlik.com\/haberler\/wp-json\/wp\/v2\/posts\/85659\/revisions"}],"wp:featuredmedia":[{"embeddable":true,"href":"https:\/\/e-ciftlik.com\/haberler\/wp-json\/wp\/v2\/media\/85660"}],"wp:attachment":[{"href":"https:\/\/e-ciftlik.com\/haberler\/wp-json\/wp\/v2\/media?parent=85659"}],"wp:term":[{"taxonomy":"category","embeddable":true,"href":"https:\/\/e-ciftlik.com\/haberler\/wp-json\/wp\/v2\/categories?post=85659"},{"taxonomy":"post_tag","embeddable":true,"href":"https:\/\/e-ciftlik.com\/haberler\/wp-json\/wp\/v2\/tags?post=85659"}],"curies":[{"name":"wp","href":"https:\/\/api.w.org\/{rel}","templated":true}]}}