{"id":85750,"date":"2025-03-11T10:32:49","date_gmt":"2025-03-11T10:32:49","guid":{"rendered":"http:\/\/e-ciftlik.com\/haberler\/gundem\/emeklilere-daha-yuksek-ikramiye-teklifi\/"},"modified":"2025-03-11T10:32:49","modified_gmt":"2025-03-11T10:32:49","slug":"emeklilere-daha-yuksek-ikramiye-teklifi","status":"publish","type":"post","link":"https:\/\/e-ciftlik.com\/haberler\/gundem\/emeklilere-daha-yuksek-ikramiye-teklifi\/","title":{"rendered":"Emeklilere Daha Y\u00fcksek \u0130kramiye Teklifi"},"content":{"rendered":"<p>A Haber&#8217;in d\u00fcnk\u00fc canl\u0131 yay\u0131n\u0131nda, Sabah gazetesi Ankara Temsilcisi Okan M\u00fcderriso\u011flu ile yap\u0131lan g\u00f6r\u00fc\u015fmede kritik bir teklif g\u00fcndeme geldi. Konu\u015fmada, emekli maa\u015flar\u0131na ili\u015fkin olarak 135 milyar lira ya da 100 milyar lira gibi maliyetlerin oldu\u011fu belirtildi. En d\u00fc\u015f\u00fck emekli maa\u015f\u0131 14 bin 460 lira iken, 50 bin ile 60 bin lira aras\u0131nda maa\u015f alan emeklilerin de oldu\u011fu vurguland\u0131.<\/p>\n<p>Bu durumda, daha az maa\u015f alan emeklilere daha y\u00fcksek ikramiye verilmesi teklif edildi. \u00d6nerilen bu sosyal \u00f6deme ile, y\u00fcksek maa\u015f alan emeklilerin ikramiye almayaca\u011f\u0131 ve daha d\u00fc\u015f\u00fck maa\u015f alan emeklilere destek sa\u011flanabilece\u011fi belirtildi. Bu teklifin, emeklilere daha adil bir \u015fekilde ikramiye da\u011f\u0131t\u0131lmas\u0131n\u0131 sa\u011flayabilece\u011fi ifade edildi.<\/p>\n","protected":false},"excerpt":{"rendered":"<p>A Haber&#8217;in d\u00fcnk\u00fc canl\u0131 yay\u0131n\u0131nda, Sabah gazetesi Ankara Temsilcisi Okan M\u00fcderriso\u011flu ile yap\u0131lan g\u00f6r\u00fc\u015fmede kritik&hellip;<\/p>\n","protected":false},"author":1,"featured_media":85751,"comment_status":"open","ping_status":"open","sticky":false,"template":"","format":"standard","meta":{"footnotes":""},"categories":[10],"tags":[],"class_list":["post-85750","post","type-post","status-publish","format-standard","has-post-thumbnail","hentry","category-gundem"],"yoast_head":"<!-- This site is optimized with the Yoast SEO Premium plugin v24.3 (Yoast SEO v27.4) - https:\/\/yoast.com\/product\/yoast-seo-premium-wordpress\/ -->\n<title>Emeklilere Daha Y\u00fcksek \u0130kramiye Teklifi - E-&Ccedil;\u0130FTL\u0130K HABER<\/title>\n<meta name=\"description\" content=\"A Haber&#039;in d\u00fcnk\u00fc canl\u0131 yay\u0131n\u0131nda, Sabah gazetesi Ankara Temsilcisi Okan M\u00fcderriso\u011flu ile yap\u0131lan g\u00f6r\u00fc\u015fmede kritik bir teklif g\u00fcndeme geldi. Konu\u015fmada,\" \/>\n<meta name=\"robots\" content=\"index, follow, max-snippet:-1, max-image-preview:large, max-video-preview:-1\" \/>\n<link rel=\"canonical\" href=\"https:\/\/e-ciftlik.com\/haberler\/gundem\/emeklilere-daha-yuksek-ikramiye-teklifi\/\" \/>\n<meta property=\"og:locale\" content=\"tr_TR\" \/>\n<meta property=\"og:type\" content=\"article\" \/>\n<meta property=\"og:title\" content=\"Emeklilere Daha Y\u00fcksek \u0130kramiye Teklifi\" \/>\n<meta property=\"og:description\" content=\"A Haber&#039;in d\u00fcnk\u00fc canl\u0131 yay\u0131n\u0131nda, Sabah gazetesi Ankara Temsilcisi Okan M\u00fcderriso\u011flu ile yap\u0131lan g\u00f6r\u00fc\u015fmede kritik bir teklif g\u00fcndeme geldi. Konu\u015fmada,\" \/>\n<meta property=\"og:url\" content=\"https:\/\/e-ciftlik.com\/haberler\/gundem\/emeklilere-daha-yuksek-ikramiye-teklifi\/\" \/>\n<meta property=\"og:site_name\" content=\"E-&Ccedil;\u0130FTL\u0130K HABER\" \/>\n<meta property=\"article:publisher\" content=\"https:\/\/www.facebook.com\/eciftlikturkiye\" \/>\n<meta property=\"article:published_time\" content=\"2025-03-11T10:32:49+00:00\" \/>\n<meta property=\"og:image\" content=\"https:\/\/e-ciftlik.com\/haberler\/wp-content\/uploads\/2025\/03\/bayram-ikramiyesi-artar-bilir-mi-faruk-erdem-27-bin-tllik-formul-icin-cagri-yapti-1741687353469.jpg\" \/>\n\t<meta property=\"og:image:width\" content=\"1200\" \/>\n\t<meta property=\"og:image:height\" content=\"675\" \/>\n\t<meta property=\"og:image:type\" content=\"image\/jpeg\" \/>\n<meta name=\"author\" content=\"Haber Merkezi\" \/>\n<meta name=\"twitter:card\" content=\"summary_large_image\" \/>\n<meta name=\"twitter:creator\" content=\"@eciftlikresmi\" \/>\n<meta name=\"twitter:site\" content=\"@eciftlikresmi\" \/>\n<meta name=\"twitter:label1\" content=\"Yazan:\" \/>\n\t<meta name=\"twitter:data1\" content=\"Haber Merkezi\" \/>\n\t<meta name=\"twitter:label2\" content=\"Tahmini okuma s\u00fcresi\" \/>\n\t<meta name=\"twitter:data2\" content=\"1 dakika\" \/>\n<script type=\"application\/ld+json\" class=\"yoast-schema-graph\">{\"@context\":\"https:\\\/\\\/schema.org\",\"@graph\":[{\"@type\":\"NewsArticle\",\"@id\":\"https:\\\/\\\/e-ciftlik.com\\\/haberler\\\/gundem\\\/emeklilere-daha-yuksek-ikramiye-teklifi\\\/#article\",\"isPartOf\":{\"@id\":\"https:\\\/\\\/e-ciftlik.com\\\/haberler\\\/gundem\\\/emeklilere-daha-yuksek-ikramiye-teklifi\\\/\"},\"author\":{\"name\":\"Haber Merkezi\",\"@id\":\"http:\\\/\\\/e-ciftlik.com\\\/haberler\\\/#\\\/schema\\\/person\\\/d2f4fee3143d7f72be82cb887d51b00a\"},\"headline\":\"Emeklilere Daha Y\u00fcksek \u0130kramiye Teklifi\",\"datePublished\":\"2025-03-11T10:32:49+00:00\",\"mainEntityOfPage\":{\"@id\":\"https:\\\/\\\/e-ciftlik.com\\\/haberler\\\/gundem\\\/emeklilere-daha-yuksek-ikramiye-teklifi\\\/\"},\"wordCount\":131,\"commentCount\":0,\"publisher\":{\"@id\":\"http:\\\/\\\/e-ciftlik.com\\\/haberler\\\/#organization\"},\"image\":{\"@id\":\"https:\\\/\\\/e-ciftlik.com\\\/haberler\\\/gundem\\\/emeklilere-daha-yuksek-ikramiye-teklifi\\\/#primaryimage\"},\"thumbnailUrl\":\"https:\\\/\\\/e-ciftlik.com\\\/haberler\\\/wp-content\\\/uploads\\\/2025\\\/03\\\/bayram-ikramiyesi-artar-bilir-mi-faruk-erdem-27-bin-tllik-formul-icin-cagri-yapti-1741687353469.jpg\",\"articleSection\":[\"G\u00fcndem\"],\"inLanguage\":\"tr\",\"potentialAction\":[{\"@type\":\"CommentAction\",\"name\":\"Comment\",\"target\":[\"https:\\\/\\\/e-ciftlik.com\\\/haberler\\\/gundem\\\/emeklilere-daha-yuksek-ikramiye-teklifi\\\/#respond\"]}]},{\"@type\":\"WebPage\",\"@id\":\"https:\\\/\\\/e-ciftlik.com\\\/haberler\\\/gundem\\\/emeklilere-daha-yuksek-ikramiye-teklifi\\\/\",\"url\":\"https:\\\/\\\/e-ciftlik.com\\\/haberler\\\/gundem\\\/emeklilere-daha-yuksek-ikramiye-teklifi\\\/\",\"name\":\"Emeklilere Daha Y\u00fcksek \u0130kramiye Teklifi - E-&Ccedil;\u0130FTL\u0130K HABER\",\"isPartOf\":{\"@id\":\"http:\\\/\\\/e-ciftlik.com\\\/haberler\\\/#website\"},\"primaryImageOfPage\":{\"@id\":\"https:\\\/\\\/e-ciftlik.com\\\/haberler\\\/gundem\\\/emeklilere-daha-yuksek-ikramiye-teklifi\\\/#primaryimage\"},\"image\":{\"@id\":\"https:\\\/\\\/e-ciftlik.com\\\/haberler\\\/gundem\\\/emeklilere-daha-yuksek-ikramiye-teklifi\\\/#primaryimage\"},\"thumbnailUrl\":\"https:\\\/\\\/e-ciftlik.com\\\/haberler\\\/wp-content\\\/uploads\\\/2025\\\/03\\\/bayram-ikramiyesi-artar-bilir-mi-faruk-erdem-27-bin-tllik-formul-icin-cagri-yapti-1741687353469.jpg\",\"datePublished\":\"2025-03-11T10:32:49+00:00\",\"description\":\"A Haber'in d\u00fcnk\u00fc canl\u0131 yay\u0131n\u0131nda, Sabah gazetesi Ankara Temsilcisi Okan M\u00fcderriso\u011flu ile yap\u0131lan g\u00f6r\u00fc\u015fmede kritik bir teklif g\u00fcndeme geldi. Konu\u015fmada,\",\"breadcrumb\":{\"@id\":\"https:\\\/\\\/e-ciftlik.com\\\/haberler\\\/gundem\\\/emeklilere-daha-yuksek-ikramiye-teklifi\\\/#breadcrumb\"},\"inLanguage\":\"tr\",\"potentialAction\":[{\"@type\":\"ReadAction\",\"target\":[\"https:\\\/\\\/e-ciftlik.com\\\/haberler\\\/gundem\\\/emeklilere-daha-yuksek-ikramiye-teklifi\\\/\"]}]},{\"@type\":\"ImageObject\",\"inLanguage\":\"tr\",\"@id\":\"https:\\\/\\\/e-ciftlik.com\\\/haberler\\\/gundem\\\/emeklilere-daha-yuksek-ikramiye-teklifi\\\/#primaryimage\",\"url\":\"https:\\\/\\\/e-ciftlik.com\\\/haberler\\\/wp-content\\\/uploads\\\/2025\\\/03\\\/bayram-ikramiyesi-artar-bilir-mi-faruk-erdem-27-bin-tllik-formul-icin-cagri-yapti-1741687353469.jpg\",\"contentUrl\":\"https:\\\/\\\/e-ciftlik.com\\\/haberler\\\/wp-content\\\/uploads\\\/2025\\\/03\\\/bayram-ikramiyesi-artar-bilir-mi-faruk-erdem-27-bin-tllik-formul-icin-cagri-yapti-1741687353469.jpg\",\"width\":1200,\"height\":675},{\"@type\":\"BreadcrumbList\",\"@id\":\"https:\\\/\\\/e-ciftlik.com\\\/haberler\\\/gundem\\\/emeklilere-daha-yuksek-ikramiye-teklifi\\\/#breadcrumb\",\"itemListElement\":[{\"@type\":\"ListItem\",\"position\":1,\"name\":\"Anasayfa\",\"item\":\"http:\\\/\\\/e-ciftlik.com\\\/haberler\\\/\"},{\"@type\":\"ListItem\",\"position\":2,\"name\":\"Emeklilere Daha Y\u00fcksek \u0130kramiye Teklifi\"}]},{\"@type\":\"WebSite\",\"@id\":\"http:\\\/\\\/e-ciftlik.com\\\/haberler\\\/#website\",\"url\":\"http:\\\/\\\/e-ciftlik.com\\\/haberler\\\/\",\"name\":\"E-\u00c7iftlik Haber | G\u00fcncel, Son Dakika Haberler, En Son Haber\",\"description\":\"\",\"publisher\":{\"@id\":\"http:\\\/\\\/e-ciftlik.com\\\/haberler\\\/#organization\"},\"potentialAction\":[{\"@type\":\"SearchAction\",\"target\":{\"@type\":\"EntryPoint\",\"urlTemplate\":\"http:\\\/\\\/e-ciftlik.com\\\/haberler\\\/?s={search_term_string}\"},\"query-input\":{\"@type\":\"PropertyValueSpecification\",\"valueRequired\":true,\"valueName\":\"search_term_string\"}}],\"inLanguage\":\"tr\"},{\"@type\":\"Organization\",\"@id\":\"http:\\\/\\\/e-ciftlik.com\\\/haberler\\\/#organization\",\"name\":\"E-\u00c7\u0130FTL\u0130K HABER\",\"url\":\"http:\\\/\\\/e-ciftlik.com\\\/haberler\\\/\",\"logo\":{\"@type\":\"ImageObject\",\"inLanguage\":\"tr\",\"@id\":\"http:\\\/\\\/e-ciftlik.com\\\/haberler\\\/#\\\/schema\\\/logo\\\/image\\\/\",\"url\":\"https:\\\/\\\/e-ciftlik.com\\\/haberler\\\/wp-content\\\/uploads\\\/2024\\\/06\\\/cropped-cropped-favicon-1-2.png\",\"contentUrl\":\"https:\\\/\\\/e-ciftlik.com\\\/haberler\\\/wp-content\\\/uploads\\\/2024\\\/06\\\/cropped-cropped-favicon-1-2.png\",\"width\":512,\"height\":512,\"caption\":\"E-\u00c7\u0130FTL\u0130K HABER\"},\"image\":{\"@id\":\"http:\\\/\\\/e-ciftlik.com\\\/haberler\\\/#\\\/schema\\\/logo\\\/image\\\/\"},\"sameAs\":[\"https:\\\/\\\/www.facebook.com\\\/eciftlikturkiye\",\"https:\\\/\\\/x.com\\\/eciftlikresmi\",\"https:\\\/\\\/www.instagram.com\\\/eciftlikresmi\\\/\"]},{\"@type\":\"Person\",\"@id\":\"http:\\\/\\\/e-ciftlik.com\\\/haberler\\\/#\\\/schema\\\/person\\\/d2f4fee3143d7f72be82cb887d51b00a\",\"name\":\"Haber Merkezi\",\"image\":{\"@type\":\"ImageObject\",\"inLanguage\":\"tr\",\"@id\":\"https:\\\/\\\/secure.gravatar.com\\\/avatar\\\/6c27d641914e66c1d0452c92716002398782818991d86db1c2cccb531e7c7c82?s=96&d=mm&r=g\",\"url\":\"https:\\\/\\\/secure.gravatar.com\\\/avatar\\\/6c27d641914e66c1d0452c92716002398782818991d86db1c2cccb531e7c7c82?s=96&d=mm&r=g\",\"contentUrl\":\"https:\\\/\\\/secure.gravatar.com\\\/avatar\\\/6c27d641914e66c1d0452c92716002398782818991d86db1c2cccb531e7c7c82?s=96&d=mm&r=g\",\"caption\":\"Haber Merkezi\"},\"sameAs\":[\"http:\\\/\\\/e-ciftlik.com\\\/haberler\"]}]}<\/script>\n<!-- \/ Yoast SEO Premium plugin. -->","yoast_head_json":{"title":"Emeklilere Daha Y\u00fcksek \u0130kramiye Teklifi - E-&Ccedil;\u0130FTL\u0130K HABER","description":"A Haber'in d\u00fcnk\u00fc canl\u0131 yay\u0131n\u0131nda, Sabah gazetesi Ankara Temsilcisi Okan M\u00fcderriso\u011flu ile yap\u0131lan g\u00f6r\u00fc\u015fmede kritik bir teklif g\u00fcndeme geldi. Konu\u015fmada,","robots":{"index":"index","follow":"follow","max-snippet":"max-snippet:-1","max-image-preview":"max-image-preview:large","max-video-preview":"max-video-preview:-1"},"canonical":"https:\/\/e-ciftlik.com\/haberler\/gundem\/emeklilere-daha-yuksek-ikramiye-teklifi\/","og_locale":"tr_TR","og_type":"article","og_title":"Emeklilere Daha Y\u00fcksek \u0130kramiye Teklifi","og_description":"A Haber'in d\u00fcnk\u00fc canl\u0131 yay\u0131n\u0131nda, Sabah gazetesi Ankara Temsilcisi Okan M\u00fcderriso\u011flu ile yap\u0131lan g\u00f6r\u00fc\u015fmede kritik bir teklif g\u00fcndeme geldi. Konu\u015fmada,","og_url":"https:\/\/e-ciftlik.com\/haberler\/gundem\/emeklilere-daha-yuksek-ikramiye-teklifi\/","og_site_name":"E-&Ccedil;\u0130FTL\u0130K HABER","article_publisher":"https:\/\/www.facebook.com\/eciftlikturkiye","article_published_time":"2025-03-11T10:32:49+00:00","og_image":[{"width":1200,"height":675,"url":"https:\/\/e-ciftlik.com\/haberler\/wp-content\/uploads\/2025\/03\/bayram-ikramiyesi-artar-bilir-mi-faruk-erdem-27-bin-tllik-formul-icin-cagri-yapti-1741687353469.jpg","type":"image\/jpeg"}],"author":"Haber Merkezi","twitter_card":"summary_large_image","twitter_creator":"@eciftlikresmi","twitter_site":"@eciftlikresmi","twitter_misc":{"Yazan:":"Haber Merkezi","Tahmini okuma s\u00fcresi":"1 dakika"},"schema":{"@context":"https:\/\/schema.org","@graph":[{"@type":"NewsArticle","@id":"https:\/\/e-ciftlik.com\/haberler\/gundem\/emeklilere-daha-yuksek-ikramiye-teklifi\/#article","isPartOf":{"@id":"https:\/\/e-ciftlik.com\/haberler\/gundem\/emeklilere-daha-yuksek-ikramiye-teklifi\/"},"author":{"name":"Haber Merkezi","@id":"http:\/\/e-ciftlik.com\/haberler\/#\/schema\/person\/d2f4fee3143d7f72be82cb887d51b00a"},"headline":"Emeklilere Daha Y\u00fcksek \u0130kramiye Teklifi","datePublished":"2025-03-11T10:32:49+00:00","mainEntityOfPage":{"@id":"https:\/\/e-ciftlik.com\/haberler\/gundem\/emeklilere-daha-yuksek-ikramiye-teklifi\/"},"wordCount":131,"commentCount":0,"publisher":{"@id":"http:\/\/e-ciftlik.com\/haberler\/#organization"},"image":{"@id":"https:\/\/e-ciftlik.com\/haberler\/gundem\/emeklilere-daha-yuksek-ikramiye-teklifi\/#primaryimage"},"thumbnailUrl":"https:\/\/e-ciftlik.com\/haberler\/wp-content\/uploads\/2025\/03\/bayram-ikramiyesi-artar-bilir-mi-faruk-erdem-27-bin-tllik-formul-icin-cagri-yapti-1741687353469.jpg","articleSection":["G\u00fcndem"],"inLanguage":"tr","potentialAction":[{"@type":"CommentAction","name":"Comment","target":["https:\/\/e-ciftlik.com\/haberler\/gundem\/emeklilere-daha-yuksek-ikramiye-teklifi\/#respond"]}]},{"@type":"WebPage","@id":"https:\/\/e-ciftlik.com\/haberler\/gundem\/emeklilere-daha-yuksek-ikramiye-teklifi\/","url":"https:\/\/e-ciftlik.com\/haberler\/gundem\/emeklilere-daha-yuksek-ikramiye-teklifi\/","name":"Emeklilere Daha Y\u00fcksek \u0130kramiye Teklifi - E-&Ccedil;\u0130FTL\u0130K HABER","isPartOf":{"@id":"http:\/\/e-ciftlik.com\/haberler\/#website"},"primaryImageOfPage":{"@id":"https:\/\/e-ciftlik.com\/haberler\/gundem\/emeklilere-daha-yuksek-ikramiye-teklifi\/#primaryimage"},"image":{"@id":"https:\/\/e-ciftlik.com\/haberler\/gundem\/emeklilere-daha-yuksek-ikramiye-teklifi\/#primaryimage"},"thumbnailUrl":"https:\/\/e-ciftlik.com\/haberler\/wp-content\/uploads\/2025\/03\/bayram-ikramiyesi-artar-bilir-mi-faruk-erdem-27-bin-tllik-formul-icin-cagri-yapti-1741687353469.jpg","datePublished":"2025-03-11T10:32:49+00:00","description":"A Haber'in d\u00fcnk\u00fc canl\u0131 yay\u0131n\u0131nda, Sabah gazetesi Ankara Temsilcisi Okan M\u00fcderriso\u011flu ile yap\u0131lan g\u00f6r\u00fc\u015fmede kritik bir teklif g\u00fcndeme geldi. Konu\u015fmada,","breadcrumb":{"@id":"https:\/\/e-ciftlik.com\/haberler\/gundem\/emeklilere-daha-yuksek-ikramiye-teklifi\/#breadcrumb"},"inLanguage":"tr","potentialAction":[{"@type":"ReadAction","target":["https:\/\/e-ciftlik.com\/haberler\/gundem\/emeklilere-daha-yuksek-ikramiye-teklifi\/"]}]},{"@type":"ImageObject","inLanguage":"tr","@id":"https:\/\/e-ciftlik.com\/haberler\/gundem\/emeklilere-daha-yuksek-ikramiye-teklifi\/#primaryimage","url":"https:\/\/e-ciftlik.com\/haberler\/wp-content\/uploads\/2025\/03\/bayram-ikramiyesi-artar-bilir-mi-faruk-erdem-27-bin-tllik-formul-icin-cagri-yapti-1741687353469.jpg","contentUrl":"https:\/\/e-ciftlik.com\/haberler\/wp-content\/uploads\/2025\/03\/bayram-ikramiyesi-artar-bilir-mi-faruk-erdem-27-bin-tllik-formul-icin-cagri-yapti-1741687353469.jpg","width":1200,"height":675},{"@type":"BreadcrumbList","@id":"https:\/\/e-ciftlik.com\/haberler\/gundem\/emeklilere-daha-yuksek-ikramiye-teklifi\/#breadcrumb","itemListElement":[{"@type":"ListItem","position":1,"name":"Anasayfa","item":"http:\/\/e-ciftlik.com\/haberler\/"},{"@type":"ListItem","position":2,"name":"Emeklilere Daha Y\u00fcksek \u0130kramiye Teklifi"}]},{"@type":"WebSite","@id":"http:\/\/e-ciftlik.com\/haberler\/#website","url":"http:\/\/e-ciftlik.com\/haberler\/","name":"E-\u00c7iftlik Haber | G\u00fcncel, Son Dakika Haberler, En Son Haber","description":"","publisher":{"@id":"http:\/\/e-ciftlik.com\/haberler\/#organization"},"potentialAction":[{"@type":"SearchAction","target":{"@type":"EntryPoint","urlTemplate":"http:\/\/e-ciftlik.com\/haberler\/?s={search_term_string}"},"query-input":{"@type":"PropertyValueSpecification","valueRequired":true,"valueName":"search_term_string"}}],"inLanguage":"tr"},{"@type":"Organization","@id":"http:\/\/e-ciftlik.com\/haberler\/#organization","name":"E-\u00c7\u0130FTL\u0130K HABER","url":"http:\/\/e-ciftlik.com\/haberler\/","logo":{"@type":"ImageObject","inLanguage":"tr","@id":"http:\/\/e-ciftlik.com\/haberler\/#\/schema\/logo\/image\/","url":"https:\/\/e-ciftlik.com\/haberler\/wp-content\/uploads\/2024\/06\/cropped-cropped-favicon-1-2.png","contentUrl":"https:\/\/e-ciftlik.com\/haberler\/wp-content\/uploads\/2024\/06\/cropped-cropped-favicon-1-2.png","width":512,"height":512,"caption":"E-\u00c7\u0130FTL\u0130K HABER"},"image":{"@id":"http:\/\/e-ciftlik.com\/haberler\/#\/schema\/logo\/image\/"},"sameAs":["https:\/\/www.facebook.com\/eciftlikturkiye","https:\/\/x.com\/eciftlikresmi","https:\/\/www.instagram.com\/eciftlikresmi\/"]},{"@type":"Person","@id":"http:\/\/e-ciftlik.com\/haberler\/#\/schema\/person\/d2f4fee3143d7f72be82cb887d51b00a","name":"Haber Merkezi","image":{"@type":"ImageObject","inLanguage":"tr","@id":"https:\/\/secure.gravatar.com\/avatar\/6c27d641914e66c1d0452c92716002398782818991d86db1c2cccb531e7c7c82?s=96&d=mm&r=g","url":"https:\/\/secure.gravatar.com\/avatar\/6c27d641914e66c1d0452c92716002398782818991d86db1c2cccb531e7c7c82?s=96&d=mm&r=g","contentUrl":"https:\/\/secure.gravatar.com\/avatar\/6c27d641914e66c1d0452c92716002398782818991d86db1c2cccb531e7c7c82?s=96&d=mm&r=g","caption":"Haber Merkezi"},"sameAs":["http:\/\/e-ciftlik.com\/haberler"]}]}},"_links":{"self":[{"href":"https:\/\/e-ciftlik.com\/haberler\/wp-json\/wp\/v2\/posts\/85750","targetHints":{"allow":["GET"]}}],"collection":[{"href":"https:\/\/e-ciftlik.com\/haberler\/wp-json\/wp\/v2\/posts"}],"about":[{"href":"https:\/\/e-ciftlik.com\/haberler\/wp-json\/wp\/v2\/types\/post"}],"author":[{"embeddable":true,"href":"https:\/\/e-ciftlik.com\/haberler\/wp-json\/wp\/v2\/users\/1"}],"replies":[{"embeddable":true,"href":"https:\/\/e-ciftlik.com\/haberler\/wp-json\/wp\/v2\/comments?post=85750"}],"version-history":[{"count":0,"href":"https:\/\/e-ciftlik.com\/haberler\/wp-json\/wp\/v2\/posts\/85750\/revisions"}],"wp:featuredmedia":[{"embeddable":true,"href":"https:\/\/e-ciftlik.com\/haberler\/wp-json\/wp\/v2\/media\/85751"}],"wp:attachment":[{"href":"https:\/\/e-ciftlik.com\/haberler\/wp-json\/wp\/v2\/media?parent=85750"}],"wp:term":[{"taxonomy":"category","embeddable":true,"href":"https:\/\/e-ciftlik.com\/haberler\/wp-json\/wp\/v2\/categories?post=85750"},{"taxonomy":"post_tag","embeddable":true,"href":"https:\/\/e-ciftlik.com\/haberler\/wp-json\/wp\/v2\/tags?post=85750"}],"curies":[{"name":"wp","href":"https:\/\/api.w.org\/{rel}","templated":true}]}}