{"id":85755,"date":"2025-03-11T10:54:38","date_gmt":"2025-03-11T10:54:38","guid":{"rendered":"http:\/\/e-ciftlik.com\/haberler\/spor\/gencler-turkiye-basketbol-birinciligi-finalleri-heyecani\/"},"modified":"2025-03-11T10:54:38","modified_gmt":"2025-03-11T10:54:38","slug":"gencler-turkiye-basketbol-birinciligi-finalleri-heyecani","status":"publish","type":"post","link":"https:\/\/e-ciftlik.com\/haberler\/spor\/gencler-turkiye-basketbol-birinciligi-finalleri-heyecani\/","title":{"rendered":"&#8220;Gen\u00e7ler T\u00fcrkiye Basketbol Birincili\u011fi Finalleri Heyecan\u0131&#8221;"},"content":{"rendered":"<p> Okul Sporlar\u0131 Basketbol Gen\u00e7ler T\u00fcrkiye Birincili\u011fi m\u00fcsabakalar\u0131, \u0130stanbul Basketbol Geli\u015fim Merkezi&#8217;nde ger\u00e7ekle\u015fiyor. Lise seviyesinde ger\u00e7ekle\u015fen mahalli, grup ve yar\u0131 final a\u015famalar\u0131n\u0131 ge\u00e7en 8 erkek ve 8 k\u0131z tak\u0131m\u0131, 9 Mart&#8217;ta ba\u015flayan turnuvada m\u00fccadele ediyor.<\/p>\n<p>Final kar\u015f\u0131la\u015fmalar\u0131, 13 Mart Per\u015fembe g\u00fcn\u00fc yap\u0131lacak. Gen\u00e7 K\u0131zlar Finali saat 11:00&#8217;da, Gen\u00e7 Erkekler Finali ise saat 13:00&#8217;te ger\u00e7ekle\u015fecek.<\/p>\n<p>Basketbol Gen\u00e7ler T\u00fcrkiye Birincili\u011fi Finalleri sadece bir spor etkinli\u011fi olman\u0131n \u00f6tesinde bir g\u00f6steri ma\u00e7\u0131na ev sahipli\u011fi yapacak. Gen\u00e7lik ve Spor Bakan\u0131 Dr. Osman A\u015fk\u0131n Bak, 13 Mart Per\u015fembe g\u00fcn\u00fc \u0130stanbul Basketbol Geli\u015fim Merkezi&#8217;nde d\u00fczenlenecek g\u00f6steri ma\u00e7\u0131nda forma giyecek. Bakan Bak&#8217;a, Gen\u00e7lik ve Spor Bakan Yard\u0131mc\u0131s\u0131 Hamza Yerlikaya, \u0130stanbul Valisi Davut G\u00fcl, eski milli basketbolcular Harun Erdenay, \u00d6mer Onan, Bahar \u00c7a\u011flar \u00d6kten ve finalist tak\u0131mlar\u0131n oyuncular\u0131 e\u015flik edecek.<\/p>\n<p>Okul Sporlar\u0131 Basketbol Gen\u00e7ler T\u00fcrkiye Birincili\u011fi&#8217;ne, 2024-2025 E\u011fitim ve \u00d6\u011fretim y\u0131l\u0131nda 825&#8217;i erkek ve 318&#8217;i k\u0131z olmak \u00fczere toplam 1143 lise tak\u0131m\u0131 kat\u0131ld\u0131. T\u00fcrkiye genelinde d\u00fczenlenen yar\u0131\u015fmalar sonucunda 8 erkek ve 8 k\u0131z tak\u0131m\u0131 T\u00fcrkiye Birincili\u011fi i\u00e7in finale kalmaya hak kazand\u0131.<\/p>\n<p>M\u00fcsabakalar 13 Mart Per\u015fembe g\u00fcn\u00fc sona erecek. K\u0131zlar finali saat 11:00&#8217;da, Erkekler finali ise saat 13:00&#8217;te ger\u00e7ekle\u015fecek ve ma\u00e7lar TRT Spor Y\u0131ld\u0131z ekranlar\u0131ndan canl\u0131 yay\u0131nlanacak. \u0130stanbul Basketbol Geli\u015fim Merkezi&#8217;nde oynanacak final kar\u015f\u0131la\u015fmalar\u0131n\u0131 yakla\u015f\u0131k be\u015f bin \u00f6\u011frencinin izlemesi bekleniyor.<\/p>\n","protected":false},"excerpt":{"rendered":"<p>Okul Sporlar\u0131 Basketbol Gen\u00e7ler T\u00fcrkiye Birincili\u011fi m\u00fcsabakalar\u0131, \u0130stanbul Basketbol Geli\u015fim Merkezi&#8217;nde ger\u00e7ekle\u015fiyor. Lise seviyesinde ger\u00e7ekle\u015fen&hellip;<\/p>\n","protected":false},"author":1,"featured_media":85756,"comment_status":"open","ping_status":"open","sticky":false,"template":"","format":"standard","meta":{"footnotes":""},"categories":[7],"tags":[],"class_list":["post-85755","post","type-post","status-publish","format-standard","has-post-thumbnail","hentry","category-spor"],"yoast_head":"<!-- This site is optimized with the Yoast SEO Premium plugin v24.3 (Yoast SEO v27.4) - https:\/\/yoast.com\/product\/yoast-seo-premium-wordpress\/ -->\n<title>&quot;Gen\u00e7ler T\u00fcrkiye Basketbol Birincili\u011fi Finalleri Heyecan\u0131&quot; - E-&Ccedil;\u0130FTL\u0130K HABER<\/title>\n<meta name=\"description\" content=\"Okul Sporlar\u0131 Basketbol Gen\u00e7ler T\u00fcrkiye Birincili\u011fi m\u00fcsabakalar\u0131, \u0130stanbul Basketbol Geli\u015fim Merkezi&#039;nde ger\u00e7ekle\u015fiyor. Lise seviyesinde ger\u00e7ekle\u015fen\" \/>\n<meta name=\"robots\" content=\"index, follow, max-snippet:-1, max-image-preview:large, max-video-preview:-1\" \/>\n<link rel=\"canonical\" href=\"https:\/\/e-ciftlik.com\/haberler\/spor\/gencler-turkiye-basketbol-birinciligi-finalleri-heyecani\/\" \/>\n<meta property=\"og:locale\" content=\"tr_TR\" \/>\n<meta property=\"og:type\" content=\"article\" \/>\n<meta property=\"og:title\" content=\"&quot;Gen\u00e7ler T\u00fcrkiye Basketbol Birincili\u011fi Finalleri Heyecan\u0131&quot;\" \/>\n<meta property=\"og:description\" content=\"Okul Sporlar\u0131 Basketbol Gen\u00e7ler T\u00fcrkiye Birincili\u011fi m\u00fcsabakalar\u0131, \u0130stanbul Basketbol Geli\u015fim Merkezi&#039;nde ger\u00e7ekle\u015fiyor. Lise seviyesinde ger\u00e7ekle\u015fen\" \/>\n<meta property=\"og:url\" content=\"https:\/\/e-ciftlik.com\/haberler\/spor\/gencler-turkiye-basketbol-birinciligi-finalleri-heyecani\/\" \/>\n<meta property=\"og:site_name\" content=\"E-&Ccedil;\u0130FTL\u0130K HABER\" \/>\n<meta property=\"article:publisher\" content=\"https:\/\/www.facebook.com\/eciftlikturkiye\" \/>\n<meta property=\"article:published_time\" content=\"2025-03-11T10:54:38+00:00\" \/>\n<meta property=\"og:image\" content=\"https:\/\/e-ciftlik.com\/haberler\/wp-content\/uploads\/2025\/03\/1741690481_1200x628.jpeg\" \/>\n\t<meta property=\"og:image:width\" content=\"1200\" \/>\n\t<meta property=\"og:image:height\" content=\"628\" \/>\n\t<meta property=\"og:image:type\" content=\"image\/jpeg\" \/>\n<meta name=\"author\" content=\"Haber Merkezi\" \/>\n<meta name=\"twitter:card\" content=\"summary_large_image\" \/>\n<meta name=\"twitter:creator\" content=\"@eciftlikresmi\" \/>\n<meta name=\"twitter:site\" content=\"@eciftlikresmi\" \/>\n<meta name=\"twitter:label1\" content=\"Yazan:\" \/>\n\t<meta name=\"twitter:data1\" content=\"Haber Merkezi\" \/>\n\t<meta name=\"twitter:label2\" content=\"Tahmini okuma s\u00fcresi\" \/>\n\t<meta name=\"twitter:data2\" content=\"1 dakika\" \/>\n<script type=\"application\/ld+json\" class=\"yoast-schema-graph\">{\"@context\":\"https:\\\/\\\/schema.org\",\"@graph\":[{\"@type\":\"NewsArticle\",\"@id\":\"https:\\\/\\\/e-ciftlik.com\\\/haberler\\\/spor\\\/gencler-turkiye-basketbol-birinciligi-finalleri-heyecani\\\/#article\",\"isPartOf\":{\"@id\":\"https:\\\/\\\/e-ciftlik.com\\\/haberler\\\/spor\\\/gencler-turkiye-basketbol-birinciligi-finalleri-heyecani\\\/\"},\"author\":{\"name\":\"Haber Merkezi\",\"@id\":\"https:\\\/\\\/e-ciftlik.com\\\/haberler\\\/#\\\/schema\\\/person\\\/d2f4fee3143d7f72be82cb887d51b00a\"},\"headline\":\"&#8220;Gen\u00e7ler T\u00fcrkiye Basketbol Birincili\u011fi Finalleri Heyecan\u0131&#8221;\",\"datePublished\":\"2025-03-11T10:54:38+00:00\",\"mainEntityOfPage\":{\"@id\":\"https:\\\/\\\/e-ciftlik.com\\\/haberler\\\/spor\\\/gencler-turkiye-basketbol-birinciligi-finalleri-heyecani\\\/\"},\"wordCount\":287,\"commentCount\":0,\"publisher\":{\"@id\":\"https:\\\/\\\/e-ciftlik.com\\\/haberler\\\/#organization\"},\"image\":{\"@id\":\"https:\\\/\\\/e-ciftlik.com\\\/haberler\\\/spor\\\/gencler-turkiye-basketbol-birinciligi-finalleri-heyecani\\\/#primaryimage\"},\"thumbnailUrl\":\"https:\\\/\\\/e-ciftlik.com\\\/haberler\\\/wp-content\\\/uploads\\\/2025\\\/03\\\/1741690481_1200x628.jpeg\",\"articleSection\":[\"Spor\"],\"inLanguage\":\"tr\",\"potentialAction\":[{\"@type\":\"CommentAction\",\"name\":\"Comment\",\"target\":[\"https:\\\/\\\/e-ciftlik.com\\\/haberler\\\/spor\\\/gencler-turkiye-basketbol-birinciligi-finalleri-heyecani\\\/#respond\"]}]},{\"@type\":\"WebPage\",\"@id\":\"https:\\\/\\\/e-ciftlik.com\\\/haberler\\\/spor\\\/gencler-turkiye-basketbol-birinciligi-finalleri-heyecani\\\/\",\"url\":\"https:\\\/\\\/e-ciftlik.com\\\/haberler\\\/spor\\\/gencler-turkiye-basketbol-birinciligi-finalleri-heyecani\\\/\",\"name\":\"\\\"Gen\u00e7ler T\u00fcrkiye Basketbol Birincili\u011fi Finalleri Heyecan\u0131\\\" - E-&Ccedil;\u0130FTL\u0130K HABER\",\"isPartOf\":{\"@id\":\"https:\\\/\\\/e-ciftlik.com\\\/haberler\\\/#website\"},\"primaryImageOfPage\":{\"@id\":\"https:\\\/\\\/e-ciftlik.com\\\/haberler\\\/spor\\\/gencler-turkiye-basketbol-birinciligi-finalleri-heyecani\\\/#primaryimage\"},\"image\":{\"@id\":\"https:\\\/\\\/e-ciftlik.com\\\/haberler\\\/spor\\\/gencler-turkiye-basketbol-birinciligi-finalleri-heyecani\\\/#primaryimage\"},\"thumbnailUrl\":\"https:\\\/\\\/e-ciftlik.com\\\/haberler\\\/wp-content\\\/uploads\\\/2025\\\/03\\\/1741690481_1200x628.jpeg\",\"datePublished\":\"2025-03-11T10:54:38+00:00\",\"description\":\"Okul Sporlar\u0131 Basketbol Gen\u00e7ler T\u00fcrkiye Birincili\u011fi m\u00fcsabakalar\u0131, \u0130stanbul Basketbol Geli\u015fim Merkezi'nde ger\u00e7ekle\u015fiyor. Lise seviyesinde ger\u00e7ekle\u015fen\",\"breadcrumb\":{\"@id\":\"https:\\\/\\\/e-ciftlik.com\\\/haberler\\\/spor\\\/gencler-turkiye-basketbol-birinciligi-finalleri-heyecani\\\/#breadcrumb\"},\"inLanguage\":\"tr\",\"potentialAction\":[{\"@type\":\"ReadAction\",\"target\":[\"https:\\\/\\\/e-ciftlik.com\\\/haberler\\\/spor\\\/gencler-turkiye-basketbol-birinciligi-finalleri-heyecani\\\/\"]}]},{\"@type\":\"ImageObject\",\"inLanguage\":\"tr\",\"@id\":\"https:\\\/\\\/e-ciftlik.com\\\/haberler\\\/spor\\\/gencler-turkiye-basketbol-birinciligi-finalleri-heyecani\\\/#primaryimage\",\"url\":\"https:\\\/\\\/e-ciftlik.com\\\/haberler\\\/wp-content\\\/uploads\\\/2025\\\/03\\\/1741690481_1200x628.jpeg\",\"contentUrl\":\"https:\\\/\\\/e-ciftlik.com\\\/haberler\\\/wp-content\\\/uploads\\\/2025\\\/03\\\/1741690481_1200x628.jpeg\",\"width\":1200,\"height\":628},{\"@type\":\"BreadcrumbList\",\"@id\":\"https:\\\/\\\/e-ciftlik.com\\\/haberler\\\/spor\\\/gencler-turkiye-basketbol-birinciligi-finalleri-heyecani\\\/#breadcrumb\",\"itemListElement\":[{\"@type\":\"ListItem\",\"position\":1,\"name\":\"Anasayfa\",\"item\":\"https:\\\/\\\/e-ciftlik.com\\\/haberler\\\/\"},{\"@type\":\"ListItem\",\"position\":2,\"name\":\"&#8220;Gen\u00e7ler T\u00fcrkiye Basketbol Birincili\u011fi Finalleri Heyecan\u0131&#8221;\"}]},{\"@type\":\"WebSite\",\"@id\":\"https:\\\/\\\/e-ciftlik.com\\\/haberler\\\/#website\",\"url\":\"https:\\\/\\\/e-ciftlik.com\\\/haberler\\\/\",\"name\":\"E-\u00c7iftlik Haber | G\u00fcncel, Son Dakika Haberler, En Son Haber\",\"description\":\"\",\"publisher\":{\"@id\":\"https:\\\/\\\/e-ciftlik.com\\\/haberler\\\/#organization\"},\"potentialAction\":[{\"@type\":\"SearchAction\",\"target\":{\"@type\":\"EntryPoint\",\"urlTemplate\":\"https:\\\/\\\/e-ciftlik.com\\\/haberler\\\/?s={search_term_string}\"},\"query-input\":{\"@type\":\"PropertyValueSpecification\",\"valueRequired\":true,\"valueName\":\"search_term_string\"}}],\"inLanguage\":\"tr\"},{\"@type\":\"Organization\",\"@id\":\"https:\\\/\\\/e-ciftlik.com\\\/haberler\\\/#organization\",\"name\":\"E-\u00c7\u0130FTL\u0130K HABER\",\"url\":\"https:\\\/\\\/e-ciftlik.com\\\/haberler\\\/\",\"logo\":{\"@type\":\"ImageObject\",\"inLanguage\":\"tr\",\"@id\":\"https:\\\/\\\/e-ciftlik.com\\\/haberler\\\/#\\\/schema\\\/logo\\\/image\\\/\",\"url\":\"https:\\\/\\\/e-ciftlik.com\\\/haberler\\\/wp-content\\\/uploads\\\/2024\\\/06\\\/cropped-cropped-favicon-1-2.png\",\"contentUrl\":\"https:\\\/\\\/e-ciftlik.com\\\/haberler\\\/wp-content\\\/uploads\\\/2024\\\/06\\\/cropped-cropped-favicon-1-2.png\",\"width\":512,\"height\":512,\"caption\":\"E-\u00c7\u0130FTL\u0130K HABER\"},\"image\":{\"@id\":\"https:\\\/\\\/e-ciftlik.com\\\/haberler\\\/#\\\/schema\\\/logo\\\/image\\\/\"},\"sameAs\":[\"https:\\\/\\\/www.facebook.com\\\/eciftlikturkiye\",\"https:\\\/\\\/x.com\\\/eciftlikresmi\",\"https:\\\/\\\/www.instagram.com\\\/eciftlikresmi\\\/\"]},{\"@type\":\"Person\",\"@id\":\"https:\\\/\\\/e-ciftlik.com\\\/haberler\\\/#\\\/schema\\\/person\\\/d2f4fee3143d7f72be82cb887d51b00a\",\"name\":\"Haber Merkezi\",\"image\":{\"@type\":\"ImageObject\",\"inLanguage\":\"tr\",\"@id\":\"https:\\\/\\\/secure.gravatar.com\\\/avatar\\\/6c27d641914e66c1d0452c92716002398782818991d86db1c2cccb531e7c7c82?s=96&d=mm&r=g\",\"url\":\"https:\\\/\\\/secure.gravatar.com\\\/avatar\\\/6c27d641914e66c1d0452c92716002398782818991d86db1c2cccb531e7c7c82?s=96&d=mm&r=g\",\"contentUrl\":\"https:\\\/\\\/secure.gravatar.com\\\/avatar\\\/6c27d641914e66c1d0452c92716002398782818991d86db1c2cccb531e7c7c82?s=96&d=mm&r=g\",\"caption\":\"Haber Merkezi\"},\"sameAs\":[\"http:\\\/\\\/e-ciftlik.com\\\/haberler\"]}]}<\/script>\n<!-- \/ Yoast SEO Premium plugin. -->","yoast_head_json":{"title":"\"Gen\u00e7ler T\u00fcrkiye Basketbol Birincili\u011fi Finalleri Heyecan\u0131\" - E-&Ccedil;\u0130FTL\u0130K HABER","description":"Okul Sporlar\u0131 Basketbol Gen\u00e7ler T\u00fcrkiye Birincili\u011fi m\u00fcsabakalar\u0131, \u0130stanbul Basketbol Geli\u015fim Merkezi'nde ger\u00e7ekle\u015fiyor. Lise seviyesinde ger\u00e7ekle\u015fen","robots":{"index":"index","follow":"follow","max-snippet":"max-snippet:-1","max-image-preview":"max-image-preview:large","max-video-preview":"max-video-preview:-1"},"canonical":"https:\/\/e-ciftlik.com\/haberler\/spor\/gencler-turkiye-basketbol-birinciligi-finalleri-heyecani\/","og_locale":"tr_TR","og_type":"article","og_title":"\"Gen\u00e7ler T\u00fcrkiye Basketbol Birincili\u011fi Finalleri Heyecan\u0131\"","og_description":"Okul Sporlar\u0131 Basketbol Gen\u00e7ler T\u00fcrkiye Birincili\u011fi m\u00fcsabakalar\u0131, \u0130stanbul Basketbol Geli\u015fim Merkezi'nde ger\u00e7ekle\u015fiyor. Lise seviyesinde ger\u00e7ekle\u015fen","og_url":"https:\/\/e-ciftlik.com\/haberler\/spor\/gencler-turkiye-basketbol-birinciligi-finalleri-heyecani\/","og_site_name":"E-&Ccedil;\u0130FTL\u0130K HABER","article_publisher":"https:\/\/www.facebook.com\/eciftlikturkiye","article_published_time":"2025-03-11T10:54:38+00:00","og_image":[{"width":1200,"height":628,"url":"https:\/\/e-ciftlik.com\/haberler\/wp-content\/uploads\/2025\/03\/1741690481_1200x628.jpeg","type":"image\/jpeg"}],"author":"Haber Merkezi","twitter_card":"summary_large_image","twitter_creator":"@eciftlikresmi","twitter_site":"@eciftlikresmi","twitter_misc":{"Yazan:":"Haber Merkezi","Tahmini okuma s\u00fcresi":"1 dakika"},"schema":{"@context":"https:\/\/schema.org","@graph":[{"@type":"NewsArticle","@id":"https:\/\/e-ciftlik.com\/haberler\/spor\/gencler-turkiye-basketbol-birinciligi-finalleri-heyecani\/#article","isPartOf":{"@id":"https:\/\/e-ciftlik.com\/haberler\/spor\/gencler-turkiye-basketbol-birinciligi-finalleri-heyecani\/"},"author":{"name":"Haber Merkezi","@id":"https:\/\/e-ciftlik.com\/haberler\/#\/schema\/person\/d2f4fee3143d7f72be82cb887d51b00a"},"headline":"&#8220;Gen\u00e7ler T\u00fcrkiye Basketbol Birincili\u011fi Finalleri Heyecan\u0131&#8221;","datePublished":"2025-03-11T10:54:38+00:00","mainEntityOfPage":{"@id":"https:\/\/e-ciftlik.com\/haberler\/spor\/gencler-turkiye-basketbol-birinciligi-finalleri-heyecani\/"},"wordCount":287,"commentCount":0,"publisher":{"@id":"https:\/\/e-ciftlik.com\/haberler\/#organization"},"image":{"@id":"https:\/\/e-ciftlik.com\/haberler\/spor\/gencler-turkiye-basketbol-birinciligi-finalleri-heyecani\/#primaryimage"},"thumbnailUrl":"https:\/\/e-ciftlik.com\/haberler\/wp-content\/uploads\/2025\/03\/1741690481_1200x628.jpeg","articleSection":["Spor"],"inLanguage":"tr","potentialAction":[{"@type":"CommentAction","name":"Comment","target":["https:\/\/e-ciftlik.com\/haberler\/spor\/gencler-turkiye-basketbol-birinciligi-finalleri-heyecani\/#respond"]}]},{"@type":"WebPage","@id":"https:\/\/e-ciftlik.com\/haberler\/spor\/gencler-turkiye-basketbol-birinciligi-finalleri-heyecani\/","url":"https:\/\/e-ciftlik.com\/haberler\/spor\/gencler-turkiye-basketbol-birinciligi-finalleri-heyecani\/","name":"\"Gen\u00e7ler T\u00fcrkiye Basketbol Birincili\u011fi Finalleri Heyecan\u0131\" - E-&Ccedil;\u0130FTL\u0130K HABER","isPartOf":{"@id":"https:\/\/e-ciftlik.com\/haberler\/#website"},"primaryImageOfPage":{"@id":"https:\/\/e-ciftlik.com\/haberler\/spor\/gencler-turkiye-basketbol-birinciligi-finalleri-heyecani\/#primaryimage"},"image":{"@id":"https:\/\/e-ciftlik.com\/haberler\/spor\/gencler-turkiye-basketbol-birinciligi-finalleri-heyecani\/#primaryimage"},"thumbnailUrl":"https:\/\/e-ciftlik.com\/haberler\/wp-content\/uploads\/2025\/03\/1741690481_1200x628.jpeg","datePublished":"2025-03-11T10:54:38+00:00","description":"Okul Sporlar\u0131 Basketbol Gen\u00e7ler T\u00fcrkiye Birincili\u011fi m\u00fcsabakalar\u0131, \u0130stanbul Basketbol Geli\u015fim Merkezi'nde ger\u00e7ekle\u015fiyor. Lise seviyesinde ger\u00e7ekle\u015fen","breadcrumb":{"@id":"https:\/\/e-ciftlik.com\/haberler\/spor\/gencler-turkiye-basketbol-birinciligi-finalleri-heyecani\/#breadcrumb"},"inLanguage":"tr","potentialAction":[{"@type":"ReadAction","target":["https:\/\/e-ciftlik.com\/haberler\/spor\/gencler-turkiye-basketbol-birinciligi-finalleri-heyecani\/"]}]},{"@type":"ImageObject","inLanguage":"tr","@id":"https:\/\/e-ciftlik.com\/haberler\/spor\/gencler-turkiye-basketbol-birinciligi-finalleri-heyecani\/#primaryimage","url":"https:\/\/e-ciftlik.com\/haberler\/wp-content\/uploads\/2025\/03\/1741690481_1200x628.jpeg","contentUrl":"https:\/\/e-ciftlik.com\/haberler\/wp-content\/uploads\/2025\/03\/1741690481_1200x628.jpeg","width":1200,"height":628},{"@type":"BreadcrumbList","@id":"https:\/\/e-ciftlik.com\/haberler\/spor\/gencler-turkiye-basketbol-birinciligi-finalleri-heyecani\/#breadcrumb","itemListElement":[{"@type":"ListItem","position":1,"name":"Anasayfa","item":"https:\/\/e-ciftlik.com\/haberler\/"},{"@type":"ListItem","position":2,"name":"&#8220;Gen\u00e7ler T\u00fcrkiye Basketbol Birincili\u011fi Finalleri Heyecan\u0131&#8221;"}]},{"@type":"WebSite","@id":"https:\/\/e-ciftlik.com\/haberler\/#website","url":"https:\/\/e-ciftlik.com\/haberler\/","name":"E-\u00c7iftlik Haber | G\u00fcncel, Son Dakika Haberler, En Son Haber","description":"","publisher":{"@id":"https:\/\/e-ciftlik.com\/haberler\/#organization"},"potentialAction":[{"@type":"SearchAction","target":{"@type":"EntryPoint","urlTemplate":"https:\/\/e-ciftlik.com\/haberler\/?s={search_term_string}"},"query-input":{"@type":"PropertyValueSpecification","valueRequired":true,"valueName":"search_term_string"}}],"inLanguage":"tr"},{"@type":"Organization","@id":"https:\/\/e-ciftlik.com\/haberler\/#organization","name":"E-\u00c7\u0130FTL\u0130K HABER","url":"https:\/\/e-ciftlik.com\/haberler\/","logo":{"@type":"ImageObject","inLanguage":"tr","@id":"https:\/\/e-ciftlik.com\/haberler\/#\/schema\/logo\/image\/","url":"https:\/\/e-ciftlik.com\/haberler\/wp-content\/uploads\/2024\/06\/cropped-cropped-favicon-1-2.png","contentUrl":"https:\/\/e-ciftlik.com\/haberler\/wp-content\/uploads\/2024\/06\/cropped-cropped-favicon-1-2.png","width":512,"height":512,"caption":"E-\u00c7\u0130FTL\u0130K HABER"},"image":{"@id":"https:\/\/e-ciftlik.com\/haberler\/#\/schema\/logo\/image\/"},"sameAs":["https:\/\/www.facebook.com\/eciftlikturkiye","https:\/\/x.com\/eciftlikresmi","https:\/\/www.instagram.com\/eciftlikresmi\/"]},{"@type":"Person","@id":"https:\/\/e-ciftlik.com\/haberler\/#\/schema\/person\/d2f4fee3143d7f72be82cb887d51b00a","name":"Haber Merkezi","image":{"@type":"ImageObject","inLanguage":"tr","@id":"https:\/\/secure.gravatar.com\/avatar\/6c27d641914e66c1d0452c92716002398782818991d86db1c2cccb531e7c7c82?s=96&d=mm&r=g","url":"https:\/\/secure.gravatar.com\/avatar\/6c27d641914e66c1d0452c92716002398782818991d86db1c2cccb531e7c7c82?s=96&d=mm&r=g","contentUrl":"https:\/\/secure.gravatar.com\/avatar\/6c27d641914e66c1d0452c92716002398782818991d86db1c2cccb531e7c7c82?s=96&d=mm&r=g","caption":"Haber Merkezi"},"sameAs":["http:\/\/e-ciftlik.com\/haberler"]}]}},"_links":{"self":[{"href":"https:\/\/e-ciftlik.com\/haberler\/wp-json\/wp\/v2\/posts\/85755","targetHints":{"allow":["GET"]}}],"collection":[{"href":"https:\/\/e-ciftlik.com\/haberler\/wp-json\/wp\/v2\/posts"}],"about":[{"href":"https:\/\/e-ciftlik.com\/haberler\/wp-json\/wp\/v2\/types\/post"}],"author":[{"embeddable":true,"href":"https:\/\/e-ciftlik.com\/haberler\/wp-json\/wp\/v2\/users\/1"}],"replies":[{"embeddable":true,"href":"https:\/\/e-ciftlik.com\/haberler\/wp-json\/wp\/v2\/comments?post=85755"}],"version-history":[{"count":0,"href":"https:\/\/e-ciftlik.com\/haberler\/wp-json\/wp\/v2\/posts\/85755\/revisions"}],"wp:featuredmedia":[{"embeddable":true,"href":"https:\/\/e-ciftlik.com\/haberler\/wp-json\/wp\/v2\/media\/85756"}],"wp:attachment":[{"href":"https:\/\/e-ciftlik.com\/haberler\/wp-json\/wp\/v2\/media?parent=85755"}],"wp:term":[{"taxonomy":"category","embeddable":true,"href":"https:\/\/e-ciftlik.com\/haberler\/wp-json\/wp\/v2\/categories?post=85755"},{"taxonomy":"post_tag","embeddable":true,"href":"https:\/\/e-ciftlik.com\/haberler\/wp-json\/wp\/v2\/tags?post=85755"}],"curies":[{"name":"wp","href":"https:\/\/api.w.org\/{rel}","templated":true}]}}