{"id":85772,"date":"2025-03-11T12:44:56","date_gmt":"2025-03-11T12:44:56","guid":{"rendered":"http:\/\/e-ciftlik.com\/haberler\/spor\/manchester-unitedda-buyuk-degisim-yuksek-maasli-futbolcular-sorun-mu\/"},"modified":"2025-03-11T12:44:56","modified_gmt":"2025-03-11T12:44:56","slug":"manchester-unitedda-buyuk-degisim-yuksek-maasli-futbolcular-sorun-mu","status":"publish","type":"post","link":"https:\/\/e-ciftlik.com\/haberler\/spor\/manchester-unitedda-buyuk-degisim-yuksek-maasli-futbolcular-sorun-mu\/","title":{"rendered":"&#8220;Manchester United&#8217;da B\u00fcy\u00fck De\u011fi\u015fim: Y\u00fcksek Maa\u015fl\u0131 Futbolcular Sorun mu?&#8221;"},"content":{"rendered":"<p> Manchester United\u2019\u0131n hissedarlar\u0131ndan Sir Jim Ratcliffe, \u0130ngiltere Premier Lig ekiplerinden olan tak\u0131mlar\u0131n\u0131n baz\u0131 futbolcular\u0131n\u0131n yeterli seviyede olmad\u0131\u011f\u0131n\u0131 ve ald\u0131klar\u0131 y\u00fcksek maa\u015flarla ilgili a\u00e7\u0131klamalarda bulundu. Ratcliffe, Sportif ve finansal zorluklar ya\u015fayan Manchester United hakk\u0131nda \u0130ngiltere bas\u0131n\u0131na konu\u015farak, kadrodaki baz\u0131 oyuncular\u0131n yeterince iyi olmad\u0131\u011f\u0131n\u0131 ve baz\u0131lar\u0131n\u0131n fazla maa\u015f ald\u0131\u011f\u0131n\u0131 belirtti. Ancak, tam sorumlu ve hesap verebilir bir kadro olu\u015fturman\u0131n zaman alaca\u011f\u0131n\u0131 ve ge\u00e7mi\u015ften gelece\u011fe do\u011fru bir d\u00f6n\u00fc\u015f\u00fcm s\u00fcrecinde olduklar\u0131n\u0131 ifade etti. Ratcliffe, yaz transfer d\u00f6neminde Antony, Casemiro, Onana, Hojlund ve Sancho gibi oyuncular\u0131 kadroya katt\u0131klar\u0131n\u0131 ve Chelsea&#8217;den kiral\u0131k olarak oynayan Sancho&#8217;nun maa\u015f\u0131n\u0131n yar\u0131s\u0131n\u0131 \u00f6dediklerini a\u00e7\u0131klad\u0131. Ayr\u0131ca, Sancho&#8217;yu geri almak i\u00e7in 17 milyon sterlin \u00f6demeyi planlad\u0131klar\u0131n\u0131 da belirtti.<\/p>\n<p>Manchester United&#8217;\u0131n Portekizli teknik direkt\u00f6r\u00fc Ruben Amorim&#8217;e destek veren Ratcliffe, Amorim&#8217;in kadroya yapt\u0131\u011f\u0131 katk\u0131lar\u0131 takdirle kar\u015f\u0131lad\u0131\u011f\u0131n\u0131 belirtti. Ratcliffe, Amorim&#8217;in gen\u00e7 bir teknik adam oldu\u011funu ve gelecekte de ba\u015far\u0131l\u0131 olaca\u011f\u0131n\u0131 d\u00fc\u015f\u00fcnd\u00fc\u011f\u00fcn\u00fc ifade etti. Ayr\u0131ca, Ratcliffe, kul\u00fcpte yap\u0131lacak operasyonel de\u011fi\u015fikliklerin ard\u0131ndan 2028&#8217;e kadar Premier Lig&#8217;de \u015fampiyonluk ya\u015famay\u0131 hedeflediklerini ve bu hedefin ger\u00e7ekle\u015ftirilebilir oldu\u011funu d\u00fc\u015f\u00fcnd\u00fc\u011f\u00fcn\u00fc belirtti. Ratcliffe, kul\u00fcb\u00fcn \u00fc\u00e7 y\u0131l i\u00e7inde d\u00fcnyan\u0131n en karl\u0131 kul\u00fcb\u00fc olaca\u011f\u0131n\u0131 ve b\u00fcy\u00fck bir d\u00f6n\u00fc\u015f\u00fcm ge\u00e7irece\u011fini s\u00f6zlerine ekledi.<\/p>\n<p>Sezon ba\u015f\u0131nda g\u00f6revden al\u0131nan Hollandal\u0131 teknik direkt\u00f6r Erik ten Hag ile \u00e7al\u0131\u015fman\u0131n bir hata oldu\u011funu kabul eden Ratcliffe, yeni bir stadyum in\u015fa etmeyi planlad\u0131klar\u0131n\u0131 da a\u00e7\u0131klad\u0131.<\/p>\n","protected":false},"excerpt":{"rendered":"<p>Manchester United\u2019\u0131n hissedarlar\u0131ndan Sir Jim Ratcliffe, \u0130ngiltere Premier Lig ekiplerinden olan tak\u0131mlar\u0131n\u0131n baz\u0131 futbolcular\u0131n\u0131n yeterli&hellip;<\/p>\n","protected":false},"author":1,"featured_media":85773,"comment_status":"open","ping_status":"open","sticky":false,"template":"","format":"standard","meta":{"footnotes":""},"categories":[7],"tags":[],"class_list":["post-85772","post","type-post","status-publish","format-standard","has-post-thumbnail","hentry","category-spor"],"yoast_head":"<!-- This site is optimized with the Yoast SEO Premium plugin v24.3 (Yoast SEO v27.4) - https:\/\/yoast.com\/product\/yoast-seo-premium-wordpress\/ -->\n<title>&quot;Manchester United&#039;da B\u00fcy\u00fck De\u011fi\u015fim: Y\u00fcksek Maa\u015fl\u0131 Futbolcular Sorun mu?&quot; - E-&Ccedil;\u0130FTL\u0130K HABER<\/title>\n<meta name=\"description\" content=\"Manchester United\u2019\u0131n hissedarlar\u0131ndan Sir Jim Ratcliffe, \u0130ngiltere Premier Lig ekiplerinden olan tak\u0131mlar\u0131n\u0131n baz\u0131 futbolcular\u0131n\u0131n yeterli seviyede\" \/>\n<meta name=\"robots\" content=\"index, follow, max-snippet:-1, max-image-preview:large, max-video-preview:-1\" \/>\n<link rel=\"canonical\" href=\"https:\/\/e-ciftlik.com\/haberler\/spor\/manchester-unitedda-buyuk-degisim-yuksek-maasli-futbolcular-sorun-mu\/\" \/>\n<meta property=\"og:locale\" content=\"tr_TR\" \/>\n<meta property=\"og:type\" content=\"article\" \/>\n<meta property=\"og:title\" content=\"&quot;Manchester United&#039;da B\u00fcy\u00fck De\u011fi\u015fim: Y\u00fcksek Maa\u015fl\u0131 Futbolcular Sorun mu?&quot;\" \/>\n<meta property=\"og:description\" content=\"Manchester United\u2019\u0131n hissedarlar\u0131ndan Sir Jim Ratcliffe, \u0130ngiltere Premier Lig ekiplerinden olan tak\u0131mlar\u0131n\u0131n baz\u0131 futbolcular\u0131n\u0131n yeterli seviyede\" \/>\n<meta property=\"og:url\" content=\"https:\/\/e-ciftlik.com\/haberler\/spor\/manchester-unitedda-buyuk-degisim-yuksek-maasli-futbolcular-sorun-mu\/\" \/>\n<meta property=\"og:site_name\" content=\"E-&Ccedil;\u0130FTL\u0130K HABER\" \/>\n<meta property=\"article:publisher\" content=\"https:\/\/www.facebook.com\/eciftlikturkiye\" \/>\n<meta property=\"article:published_time\" content=\"2025-03-11T12:44:56+00:00\" \/>\n<meta property=\"og:image\" content=\"https:\/\/e-ciftlik.com\/haberler\/wp-content\/uploads\/2025\/03\/1741697099_1200x628.jpeg\" \/>\n\t<meta property=\"og:image:width\" content=\"1200\" \/>\n\t<meta property=\"og:image:height\" content=\"628\" \/>\n\t<meta property=\"og:image:type\" content=\"image\/jpeg\" \/>\n<meta name=\"author\" content=\"Haber Merkezi\" \/>\n<meta name=\"twitter:card\" content=\"summary_large_image\" \/>\n<meta name=\"twitter:creator\" content=\"@eciftlikresmi\" \/>\n<meta name=\"twitter:site\" content=\"@eciftlikresmi\" \/>\n<meta name=\"twitter:label1\" content=\"Yazan:\" \/>\n\t<meta name=\"twitter:data1\" content=\"Haber Merkezi\" \/>\n\t<meta name=\"twitter:label2\" content=\"Tahmini okuma s\u00fcresi\" \/>\n\t<meta name=\"twitter:data2\" content=\"1 dakika\" \/>\n<script type=\"application\/ld+json\" class=\"yoast-schema-graph\">{\"@context\":\"https:\\\/\\\/schema.org\",\"@graph\":[{\"@type\":\"NewsArticle\",\"@id\":\"https:\\\/\\\/e-ciftlik.com\\\/haberler\\\/spor\\\/manchester-unitedda-buyuk-degisim-yuksek-maasli-futbolcular-sorun-mu\\\/#article\",\"isPartOf\":{\"@id\":\"https:\\\/\\\/e-ciftlik.com\\\/haberler\\\/spor\\\/manchester-unitedda-buyuk-degisim-yuksek-maasli-futbolcular-sorun-mu\\\/\"},\"author\":{\"name\":\"Haber Merkezi\",\"@id\":\"https:\\\/\\\/e-ciftlik.com\\\/haberler\\\/#\\\/schema\\\/person\\\/d2f4fee3143d7f72be82cb887d51b00a\"},\"headline\":\"&#8220;Manchester United&#8217;da B\u00fcy\u00fck De\u011fi\u015fim: Y\u00fcksek Maa\u015fl\u0131 Futbolcular Sorun mu?&#8221;\",\"datePublished\":\"2025-03-11T12:44:56+00:00\",\"mainEntityOfPage\":{\"@id\":\"https:\\\/\\\/e-ciftlik.com\\\/haberler\\\/spor\\\/manchester-unitedda-buyuk-degisim-yuksek-maasli-futbolcular-sorun-mu\\\/\"},\"wordCount\":318,\"commentCount\":0,\"publisher\":{\"@id\":\"https:\\\/\\\/e-ciftlik.com\\\/haberler\\\/#organization\"},\"image\":{\"@id\":\"https:\\\/\\\/e-ciftlik.com\\\/haberler\\\/spor\\\/manchester-unitedda-buyuk-degisim-yuksek-maasli-futbolcular-sorun-mu\\\/#primaryimage\"},\"thumbnailUrl\":\"https:\\\/\\\/e-ciftlik.com\\\/haberler\\\/wp-content\\\/uploads\\\/2025\\\/03\\\/1741697099_1200x628.jpeg\",\"articleSection\":[\"Spor\"],\"inLanguage\":\"tr\",\"potentialAction\":[{\"@type\":\"CommentAction\",\"name\":\"Comment\",\"target\":[\"https:\\\/\\\/e-ciftlik.com\\\/haberler\\\/spor\\\/manchester-unitedda-buyuk-degisim-yuksek-maasli-futbolcular-sorun-mu\\\/#respond\"]}]},{\"@type\":\"WebPage\",\"@id\":\"https:\\\/\\\/e-ciftlik.com\\\/haberler\\\/spor\\\/manchester-unitedda-buyuk-degisim-yuksek-maasli-futbolcular-sorun-mu\\\/\",\"url\":\"https:\\\/\\\/e-ciftlik.com\\\/haberler\\\/spor\\\/manchester-unitedda-buyuk-degisim-yuksek-maasli-futbolcular-sorun-mu\\\/\",\"name\":\"\\\"Manchester United'da B\u00fcy\u00fck De\u011fi\u015fim: Y\u00fcksek Maa\u015fl\u0131 Futbolcular Sorun mu?\\\" - E-&Ccedil;\u0130FTL\u0130K HABER\",\"isPartOf\":{\"@id\":\"https:\\\/\\\/e-ciftlik.com\\\/haberler\\\/#website\"},\"primaryImageOfPage\":{\"@id\":\"https:\\\/\\\/e-ciftlik.com\\\/haberler\\\/spor\\\/manchester-unitedda-buyuk-degisim-yuksek-maasli-futbolcular-sorun-mu\\\/#primaryimage\"},\"image\":{\"@id\":\"https:\\\/\\\/e-ciftlik.com\\\/haberler\\\/spor\\\/manchester-unitedda-buyuk-degisim-yuksek-maasli-futbolcular-sorun-mu\\\/#primaryimage\"},\"thumbnailUrl\":\"https:\\\/\\\/e-ciftlik.com\\\/haberler\\\/wp-content\\\/uploads\\\/2025\\\/03\\\/1741697099_1200x628.jpeg\",\"datePublished\":\"2025-03-11T12:44:56+00:00\",\"description\":\"Manchester United\u2019\u0131n hissedarlar\u0131ndan Sir Jim Ratcliffe, \u0130ngiltere Premier Lig ekiplerinden olan tak\u0131mlar\u0131n\u0131n baz\u0131 futbolcular\u0131n\u0131n yeterli seviyede\",\"breadcrumb\":{\"@id\":\"https:\\\/\\\/e-ciftlik.com\\\/haberler\\\/spor\\\/manchester-unitedda-buyuk-degisim-yuksek-maasli-futbolcular-sorun-mu\\\/#breadcrumb\"},\"inLanguage\":\"tr\",\"potentialAction\":[{\"@type\":\"ReadAction\",\"target\":[\"https:\\\/\\\/e-ciftlik.com\\\/haberler\\\/spor\\\/manchester-unitedda-buyuk-degisim-yuksek-maasli-futbolcular-sorun-mu\\\/\"]}]},{\"@type\":\"ImageObject\",\"inLanguage\":\"tr\",\"@id\":\"https:\\\/\\\/e-ciftlik.com\\\/haberler\\\/spor\\\/manchester-unitedda-buyuk-degisim-yuksek-maasli-futbolcular-sorun-mu\\\/#primaryimage\",\"url\":\"https:\\\/\\\/e-ciftlik.com\\\/haberler\\\/wp-content\\\/uploads\\\/2025\\\/03\\\/1741697099_1200x628.jpeg\",\"contentUrl\":\"https:\\\/\\\/e-ciftlik.com\\\/haberler\\\/wp-content\\\/uploads\\\/2025\\\/03\\\/1741697099_1200x628.jpeg\",\"width\":1200,\"height\":628},{\"@type\":\"BreadcrumbList\",\"@id\":\"https:\\\/\\\/e-ciftlik.com\\\/haberler\\\/spor\\\/manchester-unitedda-buyuk-degisim-yuksek-maasli-futbolcular-sorun-mu\\\/#breadcrumb\",\"itemListElement\":[{\"@type\":\"ListItem\",\"position\":1,\"name\":\"Anasayfa\",\"item\":\"https:\\\/\\\/e-ciftlik.com\\\/haberler\\\/\"},{\"@type\":\"ListItem\",\"position\":2,\"name\":\"&#8220;Manchester United&#8217;da B\u00fcy\u00fck De\u011fi\u015fim: Y\u00fcksek Maa\u015fl\u0131 Futbolcular Sorun mu?&#8221;\"}]},{\"@type\":\"WebSite\",\"@id\":\"https:\\\/\\\/e-ciftlik.com\\\/haberler\\\/#website\",\"url\":\"https:\\\/\\\/e-ciftlik.com\\\/haberler\\\/\",\"name\":\"E-\u00c7iftlik Haber | G\u00fcncel, Son Dakika Haberler, En Son Haber\",\"description\":\"\",\"publisher\":{\"@id\":\"https:\\\/\\\/e-ciftlik.com\\\/haberler\\\/#organization\"},\"potentialAction\":[{\"@type\":\"SearchAction\",\"target\":{\"@type\":\"EntryPoint\",\"urlTemplate\":\"https:\\\/\\\/e-ciftlik.com\\\/haberler\\\/?s={search_term_string}\"},\"query-input\":{\"@type\":\"PropertyValueSpecification\",\"valueRequired\":true,\"valueName\":\"search_term_string\"}}],\"inLanguage\":\"tr\"},{\"@type\":\"Organization\",\"@id\":\"https:\\\/\\\/e-ciftlik.com\\\/haberler\\\/#organization\",\"name\":\"E-\u00c7\u0130FTL\u0130K HABER\",\"url\":\"https:\\\/\\\/e-ciftlik.com\\\/haberler\\\/\",\"logo\":{\"@type\":\"ImageObject\",\"inLanguage\":\"tr\",\"@id\":\"https:\\\/\\\/e-ciftlik.com\\\/haberler\\\/#\\\/schema\\\/logo\\\/image\\\/\",\"url\":\"https:\\\/\\\/e-ciftlik.com\\\/haberler\\\/wp-content\\\/uploads\\\/2024\\\/06\\\/cropped-cropped-favicon-1-2.png\",\"contentUrl\":\"https:\\\/\\\/e-ciftlik.com\\\/haberler\\\/wp-content\\\/uploads\\\/2024\\\/06\\\/cropped-cropped-favicon-1-2.png\",\"width\":512,\"height\":512,\"caption\":\"E-\u00c7\u0130FTL\u0130K HABER\"},\"image\":{\"@id\":\"https:\\\/\\\/e-ciftlik.com\\\/haberler\\\/#\\\/schema\\\/logo\\\/image\\\/\"},\"sameAs\":[\"https:\\\/\\\/www.facebook.com\\\/eciftlikturkiye\",\"https:\\\/\\\/x.com\\\/eciftlikresmi\",\"https:\\\/\\\/www.instagram.com\\\/eciftlikresmi\\\/\"]},{\"@type\":\"Person\",\"@id\":\"https:\\\/\\\/e-ciftlik.com\\\/haberler\\\/#\\\/schema\\\/person\\\/d2f4fee3143d7f72be82cb887d51b00a\",\"name\":\"Haber Merkezi\",\"image\":{\"@type\":\"ImageObject\",\"inLanguage\":\"tr\",\"@id\":\"https:\\\/\\\/secure.gravatar.com\\\/avatar\\\/6c27d641914e66c1d0452c92716002398782818991d86db1c2cccb531e7c7c82?s=96&d=mm&r=g\",\"url\":\"https:\\\/\\\/secure.gravatar.com\\\/avatar\\\/6c27d641914e66c1d0452c92716002398782818991d86db1c2cccb531e7c7c82?s=96&d=mm&r=g\",\"contentUrl\":\"https:\\\/\\\/secure.gravatar.com\\\/avatar\\\/6c27d641914e66c1d0452c92716002398782818991d86db1c2cccb531e7c7c82?s=96&d=mm&r=g\",\"caption\":\"Haber Merkezi\"},\"sameAs\":[\"http:\\\/\\\/e-ciftlik.com\\\/haberler\"]}]}<\/script>\n<!-- \/ Yoast SEO Premium plugin. -->","yoast_head_json":{"title":"\"Manchester United'da B\u00fcy\u00fck De\u011fi\u015fim: Y\u00fcksek Maa\u015fl\u0131 Futbolcular Sorun mu?\" - E-&Ccedil;\u0130FTL\u0130K HABER","description":"Manchester United\u2019\u0131n hissedarlar\u0131ndan Sir Jim Ratcliffe, \u0130ngiltere Premier Lig ekiplerinden olan tak\u0131mlar\u0131n\u0131n baz\u0131 futbolcular\u0131n\u0131n yeterli seviyede","robots":{"index":"index","follow":"follow","max-snippet":"max-snippet:-1","max-image-preview":"max-image-preview:large","max-video-preview":"max-video-preview:-1"},"canonical":"https:\/\/e-ciftlik.com\/haberler\/spor\/manchester-unitedda-buyuk-degisim-yuksek-maasli-futbolcular-sorun-mu\/","og_locale":"tr_TR","og_type":"article","og_title":"\"Manchester United'da B\u00fcy\u00fck De\u011fi\u015fim: Y\u00fcksek Maa\u015fl\u0131 Futbolcular Sorun mu?\"","og_description":"Manchester United\u2019\u0131n hissedarlar\u0131ndan Sir Jim Ratcliffe, \u0130ngiltere Premier Lig ekiplerinden olan tak\u0131mlar\u0131n\u0131n baz\u0131 futbolcular\u0131n\u0131n yeterli seviyede","og_url":"https:\/\/e-ciftlik.com\/haberler\/spor\/manchester-unitedda-buyuk-degisim-yuksek-maasli-futbolcular-sorun-mu\/","og_site_name":"E-&Ccedil;\u0130FTL\u0130K HABER","article_publisher":"https:\/\/www.facebook.com\/eciftlikturkiye","article_published_time":"2025-03-11T12:44:56+00:00","og_image":[{"width":1200,"height":628,"url":"https:\/\/e-ciftlik.com\/haberler\/wp-content\/uploads\/2025\/03\/1741697099_1200x628.jpeg","type":"image\/jpeg"}],"author":"Haber Merkezi","twitter_card":"summary_large_image","twitter_creator":"@eciftlikresmi","twitter_site":"@eciftlikresmi","twitter_misc":{"Yazan:":"Haber Merkezi","Tahmini okuma s\u00fcresi":"1 dakika"},"schema":{"@context":"https:\/\/schema.org","@graph":[{"@type":"NewsArticle","@id":"https:\/\/e-ciftlik.com\/haberler\/spor\/manchester-unitedda-buyuk-degisim-yuksek-maasli-futbolcular-sorun-mu\/#article","isPartOf":{"@id":"https:\/\/e-ciftlik.com\/haberler\/spor\/manchester-unitedda-buyuk-degisim-yuksek-maasli-futbolcular-sorun-mu\/"},"author":{"name":"Haber Merkezi","@id":"https:\/\/e-ciftlik.com\/haberler\/#\/schema\/person\/d2f4fee3143d7f72be82cb887d51b00a"},"headline":"&#8220;Manchester United&#8217;da B\u00fcy\u00fck De\u011fi\u015fim: Y\u00fcksek Maa\u015fl\u0131 Futbolcular Sorun mu?&#8221;","datePublished":"2025-03-11T12:44:56+00:00","mainEntityOfPage":{"@id":"https:\/\/e-ciftlik.com\/haberler\/spor\/manchester-unitedda-buyuk-degisim-yuksek-maasli-futbolcular-sorun-mu\/"},"wordCount":318,"commentCount":0,"publisher":{"@id":"https:\/\/e-ciftlik.com\/haberler\/#organization"},"image":{"@id":"https:\/\/e-ciftlik.com\/haberler\/spor\/manchester-unitedda-buyuk-degisim-yuksek-maasli-futbolcular-sorun-mu\/#primaryimage"},"thumbnailUrl":"https:\/\/e-ciftlik.com\/haberler\/wp-content\/uploads\/2025\/03\/1741697099_1200x628.jpeg","articleSection":["Spor"],"inLanguage":"tr","potentialAction":[{"@type":"CommentAction","name":"Comment","target":["https:\/\/e-ciftlik.com\/haberler\/spor\/manchester-unitedda-buyuk-degisim-yuksek-maasli-futbolcular-sorun-mu\/#respond"]}]},{"@type":"WebPage","@id":"https:\/\/e-ciftlik.com\/haberler\/spor\/manchester-unitedda-buyuk-degisim-yuksek-maasli-futbolcular-sorun-mu\/","url":"https:\/\/e-ciftlik.com\/haberler\/spor\/manchester-unitedda-buyuk-degisim-yuksek-maasli-futbolcular-sorun-mu\/","name":"\"Manchester United'da B\u00fcy\u00fck De\u011fi\u015fim: Y\u00fcksek Maa\u015fl\u0131 Futbolcular Sorun mu?\" - E-&Ccedil;\u0130FTL\u0130K HABER","isPartOf":{"@id":"https:\/\/e-ciftlik.com\/haberler\/#website"},"primaryImageOfPage":{"@id":"https:\/\/e-ciftlik.com\/haberler\/spor\/manchester-unitedda-buyuk-degisim-yuksek-maasli-futbolcular-sorun-mu\/#primaryimage"},"image":{"@id":"https:\/\/e-ciftlik.com\/haberler\/spor\/manchester-unitedda-buyuk-degisim-yuksek-maasli-futbolcular-sorun-mu\/#primaryimage"},"thumbnailUrl":"https:\/\/e-ciftlik.com\/haberler\/wp-content\/uploads\/2025\/03\/1741697099_1200x628.jpeg","datePublished":"2025-03-11T12:44:56+00:00","description":"Manchester United\u2019\u0131n hissedarlar\u0131ndan Sir Jim Ratcliffe, \u0130ngiltere Premier Lig ekiplerinden olan tak\u0131mlar\u0131n\u0131n baz\u0131 futbolcular\u0131n\u0131n yeterli seviyede","breadcrumb":{"@id":"https:\/\/e-ciftlik.com\/haberler\/spor\/manchester-unitedda-buyuk-degisim-yuksek-maasli-futbolcular-sorun-mu\/#breadcrumb"},"inLanguage":"tr","potentialAction":[{"@type":"ReadAction","target":["https:\/\/e-ciftlik.com\/haberler\/spor\/manchester-unitedda-buyuk-degisim-yuksek-maasli-futbolcular-sorun-mu\/"]}]},{"@type":"ImageObject","inLanguage":"tr","@id":"https:\/\/e-ciftlik.com\/haberler\/spor\/manchester-unitedda-buyuk-degisim-yuksek-maasli-futbolcular-sorun-mu\/#primaryimage","url":"https:\/\/e-ciftlik.com\/haberler\/wp-content\/uploads\/2025\/03\/1741697099_1200x628.jpeg","contentUrl":"https:\/\/e-ciftlik.com\/haberler\/wp-content\/uploads\/2025\/03\/1741697099_1200x628.jpeg","width":1200,"height":628},{"@type":"BreadcrumbList","@id":"https:\/\/e-ciftlik.com\/haberler\/spor\/manchester-unitedda-buyuk-degisim-yuksek-maasli-futbolcular-sorun-mu\/#breadcrumb","itemListElement":[{"@type":"ListItem","position":1,"name":"Anasayfa","item":"https:\/\/e-ciftlik.com\/haberler\/"},{"@type":"ListItem","position":2,"name":"&#8220;Manchester United&#8217;da B\u00fcy\u00fck De\u011fi\u015fim: Y\u00fcksek Maa\u015fl\u0131 Futbolcular Sorun mu?&#8221;"}]},{"@type":"WebSite","@id":"https:\/\/e-ciftlik.com\/haberler\/#website","url":"https:\/\/e-ciftlik.com\/haberler\/","name":"E-\u00c7iftlik Haber | G\u00fcncel, Son Dakika Haberler, En Son Haber","description":"","publisher":{"@id":"https:\/\/e-ciftlik.com\/haberler\/#organization"},"potentialAction":[{"@type":"SearchAction","target":{"@type":"EntryPoint","urlTemplate":"https:\/\/e-ciftlik.com\/haberler\/?s={search_term_string}"},"query-input":{"@type":"PropertyValueSpecification","valueRequired":true,"valueName":"search_term_string"}}],"inLanguage":"tr"},{"@type":"Organization","@id":"https:\/\/e-ciftlik.com\/haberler\/#organization","name":"E-\u00c7\u0130FTL\u0130K HABER","url":"https:\/\/e-ciftlik.com\/haberler\/","logo":{"@type":"ImageObject","inLanguage":"tr","@id":"https:\/\/e-ciftlik.com\/haberler\/#\/schema\/logo\/image\/","url":"https:\/\/e-ciftlik.com\/haberler\/wp-content\/uploads\/2024\/06\/cropped-cropped-favicon-1-2.png","contentUrl":"https:\/\/e-ciftlik.com\/haberler\/wp-content\/uploads\/2024\/06\/cropped-cropped-favicon-1-2.png","width":512,"height":512,"caption":"E-\u00c7\u0130FTL\u0130K HABER"},"image":{"@id":"https:\/\/e-ciftlik.com\/haberler\/#\/schema\/logo\/image\/"},"sameAs":["https:\/\/www.facebook.com\/eciftlikturkiye","https:\/\/x.com\/eciftlikresmi","https:\/\/www.instagram.com\/eciftlikresmi\/"]},{"@type":"Person","@id":"https:\/\/e-ciftlik.com\/haberler\/#\/schema\/person\/d2f4fee3143d7f72be82cb887d51b00a","name":"Haber Merkezi","image":{"@type":"ImageObject","inLanguage":"tr","@id":"https:\/\/secure.gravatar.com\/avatar\/6c27d641914e66c1d0452c92716002398782818991d86db1c2cccb531e7c7c82?s=96&d=mm&r=g","url":"https:\/\/secure.gravatar.com\/avatar\/6c27d641914e66c1d0452c92716002398782818991d86db1c2cccb531e7c7c82?s=96&d=mm&r=g","contentUrl":"https:\/\/secure.gravatar.com\/avatar\/6c27d641914e66c1d0452c92716002398782818991d86db1c2cccb531e7c7c82?s=96&d=mm&r=g","caption":"Haber Merkezi"},"sameAs":["http:\/\/e-ciftlik.com\/haberler"]}]}},"_links":{"self":[{"href":"https:\/\/e-ciftlik.com\/haberler\/wp-json\/wp\/v2\/posts\/85772","targetHints":{"allow":["GET"]}}],"collection":[{"href":"https:\/\/e-ciftlik.com\/haberler\/wp-json\/wp\/v2\/posts"}],"about":[{"href":"https:\/\/e-ciftlik.com\/haberler\/wp-json\/wp\/v2\/types\/post"}],"author":[{"embeddable":true,"href":"https:\/\/e-ciftlik.com\/haberler\/wp-json\/wp\/v2\/users\/1"}],"replies":[{"embeddable":true,"href":"https:\/\/e-ciftlik.com\/haberler\/wp-json\/wp\/v2\/comments?post=85772"}],"version-history":[{"count":0,"href":"https:\/\/e-ciftlik.com\/haberler\/wp-json\/wp\/v2\/posts\/85772\/revisions"}],"wp:featuredmedia":[{"embeddable":true,"href":"https:\/\/e-ciftlik.com\/haberler\/wp-json\/wp\/v2\/media\/85773"}],"wp:attachment":[{"href":"https:\/\/e-ciftlik.com\/haberler\/wp-json\/wp\/v2\/media?parent=85772"}],"wp:term":[{"taxonomy":"category","embeddable":true,"href":"https:\/\/e-ciftlik.com\/haberler\/wp-json\/wp\/v2\/categories?post=85772"},{"taxonomy":"post_tag","embeddable":true,"href":"https:\/\/e-ciftlik.com\/haberler\/wp-json\/wp\/v2\/tags?post=85772"}],"curies":[{"name":"wp","href":"https:\/\/api.w.org\/{rel}","templated":true}]}}