{"id":85776,"date":"2025-03-11T13:02:17","date_gmt":"2025-03-11T13:02:17","guid":{"rendered":"http:\/\/e-ciftlik.com\/haberler\/spor\/galatasaray-alanyasporu-2-1-maglup-ederek-nefes-aldi\/"},"modified":"2025-03-11T13:02:17","modified_gmt":"2025-03-11T13:02:17","slug":"galatasaray-alanyasporu-2-1-maglup-ederek-nefes-aldi","status":"publish","type":"post","link":"https:\/\/e-ciftlik.com\/haberler\/spor\/galatasaray-alanyasporu-2-1-maglup-ederek-nefes-aldi\/","title":{"rendered":"Galatasaray Alanyaspor&#8217;u 2-1 ma\u011flup ederek nefes ald\u0131"},"content":{"rendered":"<p>S\u00fcper Lig&#8217;in 25. haftas\u0131nda Galatasaray, deplasmanda Alanyaspor&#8217;u 2-1 ma\u011flup ederek \u00f6nemli bir galibiyet elde etti. Ma\u00e7\u0131n ba\u015f\u0131nda 1-0 geriye d\u00fc\u015fen Sar\u0131-K\u0131rm\u0131z\u0131l\u0131 ekip, ikinci yar\u0131da g\u00f6sterdi\u011fi performansla sahadan 3 puanla ayr\u0131lmay\u0131 ba\u015fard\u0131. Bu galibiyet, Galatasaray camias\u0131nda son d\u00f6nemde olu\u015fan olumsuz havay\u0131 da\u011f\u0131tarak moralleri y\u00fckseltti. Ma\u00e7ta g\u00f6sterdi\u011fi m\u00fccadele ile dikkat \u00e7eken oyuncular, taraftarlar\u0131 sevince bo\u011fdu. Galatasaray, ligdeki iddias\u0131n\u0131 s\u00fcrd\u00fcr\u00fcrken, Alanyaspor ise evinde \u00f6nemli bir ma\u011flubiyet ald\u0131.<\/p>\n","protected":false},"excerpt":{"rendered":"<p>S\u00fcper Lig&#8217;in 25. haftas\u0131nda Galatasaray, deplasmanda Alanyaspor&#8217;u 2-1 ma\u011flup ederek \u00f6nemli bir galibiyet elde etti.&hellip;<\/p>\n","protected":false},"author":1,"featured_media":85777,"comment_status":"open","ping_status":"open","sticky":false,"template":"","format":"standard","meta":{"footnotes":""},"categories":[7],"tags":[],"class_list":["post-85776","post","type-post","status-publish","format-standard","has-post-thumbnail","hentry","category-spor"],"yoast_head":"<!-- This site is optimized with the Yoast SEO Premium plugin v24.3 (Yoast SEO v27.4) - https:\/\/yoast.com\/product\/yoast-seo-premium-wordpress\/ -->\n<title>Galatasaray Alanyaspor&#039;u 2-1 ma\u011flup ederek nefes ald\u0131 - E-&Ccedil;\u0130FTL\u0130K HABER<\/title>\n<meta name=\"description\" content=\"S\u00fcper Lig&#039;in 25. haftas\u0131nda Galatasaray, deplasmanda Alanyaspor&#039;u 2-1 ma\u011flup ederek \u00f6nemli bir galibiyet elde etti. Ma\u00e7\u0131n ba\u015f\u0131nda 1-0 geriye d\u00fc\u015fen\" \/>\n<meta name=\"robots\" content=\"index, follow, max-snippet:-1, max-image-preview:large, max-video-preview:-1\" \/>\n<link rel=\"canonical\" href=\"https:\/\/e-ciftlik.com\/haberler\/spor\/galatasaray-alanyasporu-2-1-maglup-ederek-nefes-aldi\/\" \/>\n<meta property=\"og:locale\" content=\"tr_TR\" \/>\n<meta property=\"og:type\" content=\"article\" \/>\n<meta property=\"og:title\" content=\"Galatasaray Alanyaspor&#039;u 2-1 ma\u011flup ederek nefes ald\u0131\" \/>\n<meta property=\"og:description\" content=\"S\u00fcper Lig&#039;in 25. haftas\u0131nda Galatasaray, deplasmanda Alanyaspor&#039;u 2-1 ma\u011flup ederek \u00f6nemli bir galibiyet elde etti. Ma\u00e7\u0131n ba\u015f\u0131nda 1-0 geriye d\u00fc\u015fen\" \/>\n<meta property=\"og:url\" content=\"https:\/\/e-ciftlik.com\/haberler\/spor\/galatasaray-alanyasporu-2-1-maglup-ederek-nefes-aldi\/\" \/>\n<meta property=\"og:site_name\" content=\"E-&Ccedil;\u0130FTL\u0130K HABER\" \/>\n<meta property=\"article:publisher\" content=\"https:\/\/www.facebook.com\/eciftlikturkiye\" \/>\n<meta property=\"article:published_time\" content=\"2025-03-11T13:02:17+00:00\" \/>\n<meta property=\"og:image\" content=\"https:\/\/e-ciftlik.com\/haberler\/wp-content\/uploads\/2025\/03\/1741698140_1200x628.jpeg\" \/>\n\t<meta property=\"og:image:width\" content=\"1200\" \/>\n\t<meta property=\"og:image:height\" content=\"628\" \/>\n\t<meta property=\"og:image:type\" content=\"image\/jpeg\" \/>\n<meta name=\"author\" content=\"Haber Merkezi\" \/>\n<meta name=\"twitter:card\" content=\"summary_large_image\" \/>\n<meta name=\"twitter:creator\" content=\"@eciftlikresmi\" \/>\n<meta name=\"twitter:site\" content=\"@eciftlikresmi\" \/>\n<meta name=\"twitter:label1\" content=\"Yazan:\" \/>\n\t<meta name=\"twitter:data1\" content=\"Haber Merkezi\" \/>\n<script type=\"application\/ld+json\" class=\"yoast-schema-graph\">{\"@context\":\"https:\\\/\\\/schema.org\",\"@graph\":[{\"@type\":\"NewsArticle\",\"@id\":\"https:\\\/\\\/e-ciftlik.com\\\/haberler\\\/spor\\\/galatasaray-alanyasporu-2-1-maglup-ederek-nefes-aldi\\\/#article\",\"isPartOf\":{\"@id\":\"https:\\\/\\\/e-ciftlik.com\\\/haberler\\\/spor\\\/galatasaray-alanyasporu-2-1-maglup-ederek-nefes-aldi\\\/\"},\"author\":{\"name\":\"Haber Merkezi\",\"@id\":\"https:\\\/\\\/e-ciftlik.com\\\/haberler\\\/#\\\/schema\\\/person\\\/d2f4fee3143d7f72be82cb887d51b00a\"},\"headline\":\"Galatasaray Alanyaspor&#8217;u 2-1 ma\u011flup ederek nefes ald\u0131\",\"datePublished\":\"2025-03-11T13:02:17+00:00\",\"mainEntityOfPage\":{\"@id\":\"https:\\\/\\\/e-ciftlik.com\\\/haberler\\\/spor\\\/galatasaray-alanyasporu-2-1-maglup-ederek-nefes-aldi\\\/\"},\"wordCount\":103,\"commentCount\":0,\"publisher\":{\"@id\":\"https:\\\/\\\/e-ciftlik.com\\\/haberler\\\/#organization\"},\"image\":{\"@id\":\"https:\\\/\\\/e-ciftlik.com\\\/haberler\\\/spor\\\/galatasaray-alanyasporu-2-1-maglup-ederek-nefes-aldi\\\/#primaryimage\"},\"thumbnailUrl\":\"https:\\\/\\\/e-ciftlik.com\\\/haberler\\\/wp-content\\\/uploads\\\/2025\\\/03\\\/1741698140_1200x628.jpeg\",\"articleSection\":[\"Spor\"],\"inLanguage\":\"tr\",\"potentialAction\":[{\"@type\":\"CommentAction\",\"name\":\"Comment\",\"target\":[\"https:\\\/\\\/e-ciftlik.com\\\/haberler\\\/spor\\\/galatasaray-alanyasporu-2-1-maglup-ederek-nefes-aldi\\\/#respond\"]}]},{\"@type\":\"WebPage\",\"@id\":\"https:\\\/\\\/e-ciftlik.com\\\/haberler\\\/spor\\\/galatasaray-alanyasporu-2-1-maglup-ederek-nefes-aldi\\\/\",\"url\":\"https:\\\/\\\/e-ciftlik.com\\\/haberler\\\/spor\\\/galatasaray-alanyasporu-2-1-maglup-ederek-nefes-aldi\\\/\",\"name\":\"Galatasaray Alanyaspor'u 2-1 ma\u011flup ederek nefes ald\u0131 - E-&Ccedil;\u0130FTL\u0130K HABER\",\"isPartOf\":{\"@id\":\"https:\\\/\\\/e-ciftlik.com\\\/haberler\\\/#website\"},\"primaryImageOfPage\":{\"@id\":\"https:\\\/\\\/e-ciftlik.com\\\/haberler\\\/spor\\\/galatasaray-alanyasporu-2-1-maglup-ederek-nefes-aldi\\\/#primaryimage\"},\"image\":{\"@id\":\"https:\\\/\\\/e-ciftlik.com\\\/haberler\\\/spor\\\/galatasaray-alanyasporu-2-1-maglup-ederek-nefes-aldi\\\/#primaryimage\"},\"thumbnailUrl\":\"https:\\\/\\\/e-ciftlik.com\\\/haberler\\\/wp-content\\\/uploads\\\/2025\\\/03\\\/1741698140_1200x628.jpeg\",\"datePublished\":\"2025-03-11T13:02:17+00:00\",\"description\":\"S\u00fcper Lig'in 25. haftas\u0131nda Galatasaray, deplasmanda Alanyaspor'u 2-1 ma\u011flup ederek \u00f6nemli bir galibiyet elde etti. Ma\u00e7\u0131n ba\u015f\u0131nda 1-0 geriye d\u00fc\u015fen\",\"breadcrumb\":{\"@id\":\"https:\\\/\\\/e-ciftlik.com\\\/haberler\\\/spor\\\/galatasaray-alanyasporu-2-1-maglup-ederek-nefes-aldi\\\/#breadcrumb\"},\"inLanguage\":\"tr\",\"potentialAction\":[{\"@type\":\"ReadAction\",\"target\":[\"https:\\\/\\\/e-ciftlik.com\\\/haberler\\\/spor\\\/galatasaray-alanyasporu-2-1-maglup-ederek-nefes-aldi\\\/\"]}]},{\"@type\":\"ImageObject\",\"inLanguage\":\"tr\",\"@id\":\"https:\\\/\\\/e-ciftlik.com\\\/haberler\\\/spor\\\/galatasaray-alanyasporu-2-1-maglup-ederek-nefes-aldi\\\/#primaryimage\",\"url\":\"https:\\\/\\\/e-ciftlik.com\\\/haberler\\\/wp-content\\\/uploads\\\/2025\\\/03\\\/1741698140_1200x628.jpeg\",\"contentUrl\":\"https:\\\/\\\/e-ciftlik.com\\\/haberler\\\/wp-content\\\/uploads\\\/2025\\\/03\\\/1741698140_1200x628.jpeg\",\"width\":1200,\"height\":628},{\"@type\":\"BreadcrumbList\",\"@id\":\"https:\\\/\\\/e-ciftlik.com\\\/haberler\\\/spor\\\/galatasaray-alanyasporu-2-1-maglup-ederek-nefes-aldi\\\/#breadcrumb\",\"itemListElement\":[{\"@type\":\"ListItem\",\"position\":1,\"name\":\"Anasayfa\",\"item\":\"https:\\\/\\\/e-ciftlik.com\\\/haberler\\\/\"},{\"@type\":\"ListItem\",\"position\":2,\"name\":\"Galatasaray Alanyaspor&#8217;u 2-1 ma\u011flup ederek nefes ald\u0131\"}]},{\"@type\":\"WebSite\",\"@id\":\"https:\\\/\\\/e-ciftlik.com\\\/haberler\\\/#website\",\"url\":\"https:\\\/\\\/e-ciftlik.com\\\/haberler\\\/\",\"name\":\"E-\u00c7iftlik Haber | G\u00fcncel, Son Dakika Haberler, En Son Haber\",\"description\":\"\",\"publisher\":{\"@id\":\"https:\\\/\\\/e-ciftlik.com\\\/haberler\\\/#organization\"},\"potentialAction\":[{\"@type\":\"SearchAction\",\"target\":{\"@type\":\"EntryPoint\",\"urlTemplate\":\"https:\\\/\\\/e-ciftlik.com\\\/haberler\\\/?s={search_term_string}\"},\"query-input\":{\"@type\":\"PropertyValueSpecification\",\"valueRequired\":true,\"valueName\":\"search_term_string\"}}],\"inLanguage\":\"tr\"},{\"@type\":\"Organization\",\"@id\":\"https:\\\/\\\/e-ciftlik.com\\\/haberler\\\/#organization\",\"name\":\"E-\u00c7\u0130FTL\u0130K HABER\",\"url\":\"https:\\\/\\\/e-ciftlik.com\\\/haberler\\\/\",\"logo\":{\"@type\":\"ImageObject\",\"inLanguage\":\"tr\",\"@id\":\"https:\\\/\\\/e-ciftlik.com\\\/haberler\\\/#\\\/schema\\\/logo\\\/image\\\/\",\"url\":\"https:\\\/\\\/e-ciftlik.com\\\/haberler\\\/wp-content\\\/uploads\\\/2024\\\/06\\\/cropped-cropped-favicon-1-2.png\",\"contentUrl\":\"https:\\\/\\\/e-ciftlik.com\\\/haberler\\\/wp-content\\\/uploads\\\/2024\\\/06\\\/cropped-cropped-favicon-1-2.png\",\"width\":512,\"height\":512,\"caption\":\"E-\u00c7\u0130FTL\u0130K HABER\"},\"image\":{\"@id\":\"https:\\\/\\\/e-ciftlik.com\\\/haberler\\\/#\\\/schema\\\/logo\\\/image\\\/\"},\"sameAs\":[\"https:\\\/\\\/www.facebook.com\\\/eciftlikturkiye\",\"https:\\\/\\\/x.com\\\/eciftlikresmi\",\"https:\\\/\\\/www.instagram.com\\\/eciftlikresmi\\\/\"]},{\"@type\":\"Person\",\"@id\":\"https:\\\/\\\/e-ciftlik.com\\\/haberler\\\/#\\\/schema\\\/person\\\/d2f4fee3143d7f72be82cb887d51b00a\",\"name\":\"Haber Merkezi\",\"image\":{\"@type\":\"ImageObject\",\"inLanguage\":\"tr\",\"@id\":\"https:\\\/\\\/secure.gravatar.com\\\/avatar\\\/6c27d641914e66c1d0452c92716002398782818991d86db1c2cccb531e7c7c82?s=96&d=mm&r=g\",\"url\":\"https:\\\/\\\/secure.gravatar.com\\\/avatar\\\/6c27d641914e66c1d0452c92716002398782818991d86db1c2cccb531e7c7c82?s=96&d=mm&r=g\",\"contentUrl\":\"https:\\\/\\\/secure.gravatar.com\\\/avatar\\\/6c27d641914e66c1d0452c92716002398782818991d86db1c2cccb531e7c7c82?s=96&d=mm&r=g\",\"caption\":\"Haber Merkezi\"},\"sameAs\":[\"http:\\\/\\\/e-ciftlik.com\\\/haberler\"]}]}<\/script>\n<!-- \/ Yoast SEO Premium plugin. -->","yoast_head_json":{"title":"Galatasaray Alanyaspor'u 2-1 ma\u011flup ederek nefes ald\u0131 - E-&Ccedil;\u0130FTL\u0130K HABER","description":"S\u00fcper Lig'in 25. haftas\u0131nda Galatasaray, deplasmanda Alanyaspor'u 2-1 ma\u011flup ederek \u00f6nemli bir galibiyet elde etti. Ma\u00e7\u0131n ba\u015f\u0131nda 1-0 geriye d\u00fc\u015fen","robots":{"index":"index","follow":"follow","max-snippet":"max-snippet:-1","max-image-preview":"max-image-preview:large","max-video-preview":"max-video-preview:-1"},"canonical":"https:\/\/e-ciftlik.com\/haberler\/spor\/galatasaray-alanyasporu-2-1-maglup-ederek-nefes-aldi\/","og_locale":"tr_TR","og_type":"article","og_title":"Galatasaray Alanyaspor'u 2-1 ma\u011flup ederek nefes ald\u0131","og_description":"S\u00fcper Lig'in 25. haftas\u0131nda Galatasaray, deplasmanda Alanyaspor'u 2-1 ma\u011flup ederek \u00f6nemli bir galibiyet elde etti. Ma\u00e7\u0131n ba\u015f\u0131nda 1-0 geriye d\u00fc\u015fen","og_url":"https:\/\/e-ciftlik.com\/haberler\/spor\/galatasaray-alanyasporu-2-1-maglup-ederek-nefes-aldi\/","og_site_name":"E-&Ccedil;\u0130FTL\u0130K HABER","article_publisher":"https:\/\/www.facebook.com\/eciftlikturkiye","article_published_time":"2025-03-11T13:02:17+00:00","og_image":[{"width":1200,"height":628,"url":"https:\/\/e-ciftlik.com\/haberler\/wp-content\/uploads\/2025\/03\/1741698140_1200x628.jpeg","type":"image\/jpeg"}],"author":"Haber Merkezi","twitter_card":"summary_large_image","twitter_creator":"@eciftlikresmi","twitter_site":"@eciftlikresmi","twitter_misc":{"Yazan:":"Haber Merkezi"},"schema":{"@context":"https:\/\/schema.org","@graph":[{"@type":"NewsArticle","@id":"https:\/\/e-ciftlik.com\/haberler\/spor\/galatasaray-alanyasporu-2-1-maglup-ederek-nefes-aldi\/#article","isPartOf":{"@id":"https:\/\/e-ciftlik.com\/haberler\/spor\/galatasaray-alanyasporu-2-1-maglup-ederek-nefes-aldi\/"},"author":{"name":"Haber Merkezi","@id":"https:\/\/e-ciftlik.com\/haberler\/#\/schema\/person\/d2f4fee3143d7f72be82cb887d51b00a"},"headline":"Galatasaray Alanyaspor&#8217;u 2-1 ma\u011flup ederek nefes ald\u0131","datePublished":"2025-03-11T13:02:17+00:00","mainEntityOfPage":{"@id":"https:\/\/e-ciftlik.com\/haberler\/spor\/galatasaray-alanyasporu-2-1-maglup-ederek-nefes-aldi\/"},"wordCount":103,"commentCount":0,"publisher":{"@id":"https:\/\/e-ciftlik.com\/haberler\/#organization"},"image":{"@id":"https:\/\/e-ciftlik.com\/haberler\/spor\/galatasaray-alanyasporu-2-1-maglup-ederek-nefes-aldi\/#primaryimage"},"thumbnailUrl":"https:\/\/e-ciftlik.com\/haberler\/wp-content\/uploads\/2025\/03\/1741698140_1200x628.jpeg","articleSection":["Spor"],"inLanguage":"tr","potentialAction":[{"@type":"CommentAction","name":"Comment","target":["https:\/\/e-ciftlik.com\/haberler\/spor\/galatasaray-alanyasporu-2-1-maglup-ederek-nefes-aldi\/#respond"]}]},{"@type":"WebPage","@id":"https:\/\/e-ciftlik.com\/haberler\/spor\/galatasaray-alanyasporu-2-1-maglup-ederek-nefes-aldi\/","url":"https:\/\/e-ciftlik.com\/haberler\/spor\/galatasaray-alanyasporu-2-1-maglup-ederek-nefes-aldi\/","name":"Galatasaray Alanyaspor'u 2-1 ma\u011flup ederek nefes ald\u0131 - E-&Ccedil;\u0130FTL\u0130K HABER","isPartOf":{"@id":"https:\/\/e-ciftlik.com\/haberler\/#website"},"primaryImageOfPage":{"@id":"https:\/\/e-ciftlik.com\/haberler\/spor\/galatasaray-alanyasporu-2-1-maglup-ederek-nefes-aldi\/#primaryimage"},"image":{"@id":"https:\/\/e-ciftlik.com\/haberler\/spor\/galatasaray-alanyasporu-2-1-maglup-ederek-nefes-aldi\/#primaryimage"},"thumbnailUrl":"https:\/\/e-ciftlik.com\/haberler\/wp-content\/uploads\/2025\/03\/1741698140_1200x628.jpeg","datePublished":"2025-03-11T13:02:17+00:00","description":"S\u00fcper Lig'in 25. haftas\u0131nda Galatasaray, deplasmanda Alanyaspor'u 2-1 ma\u011flup ederek \u00f6nemli bir galibiyet elde etti. Ma\u00e7\u0131n ba\u015f\u0131nda 1-0 geriye d\u00fc\u015fen","breadcrumb":{"@id":"https:\/\/e-ciftlik.com\/haberler\/spor\/galatasaray-alanyasporu-2-1-maglup-ederek-nefes-aldi\/#breadcrumb"},"inLanguage":"tr","potentialAction":[{"@type":"ReadAction","target":["https:\/\/e-ciftlik.com\/haberler\/spor\/galatasaray-alanyasporu-2-1-maglup-ederek-nefes-aldi\/"]}]},{"@type":"ImageObject","inLanguage":"tr","@id":"https:\/\/e-ciftlik.com\/haberler\/spor\/galatasaray-alanyasporu-2-1-maglup-ederek-nefes-aldi\/#primaryimage","url":"https:\/\/e-ciftlik.com\/haberler\/wp-content\/uploads\/2025\/03\/1741698140_1200x628.jpeg","contentUrl":"https:\/\/e-ciftlik.com\/haberler\/wp-content\/uploads\/2025\/03\/1741698140_1200x628.jpeg","width":1200,"height":628},{"@type":"BreadcrumbList","@id":"https:\/\/e-ciftlik.com\/haberler\/spor\/galatasaray-alanyasporu-2-1-maglup-ederek-nefes-aldi\/#breadcrumb","itemListElement":[{"@type":"ListItem","position":1,"name":"Anasayfa","item":"https:\/\/e-ciftlik.com\/haberler\/"},{"@type":"ListItem","position":2,"name":"Galatasaray Alanyaspor&#8217;u 2-1 ma\u011flup ederek nefes ald\u0131"}]},{"@type":"WebSite","@id":"https:\/\/e-ciftlik.com\/haberler\/#website","url":"https:\/\/e-ciftlik.com\/haberler\/","name":"E-\u00c7iftlik Haber | G\u00fcncel, Son Dakika Haberler, En Son Haber","description":"","publisher":{"@id":"https:\/\/e-ciftlik.com\/haberler\/#organization"},"potentialAction":[{"@type":"SearchAction","target":{"@type":"EntryPoint","urlTemplate":"https:\/\/e-ciftlik.com\/haberler\/?s={search_term_string}"},"query-input":{"@type":"PropertyValueSpecification","valueRequired":true,"valueName":"search_term_string"}}],"inLanguage":"tr"},{"@type":"Organization","@id":"https:\/\/e-ciftlik.com\/haberler\/#organization","name":"E-\u00c7\u0130FTL\u0130K HABER","url":"https:\/\/e-ciftlik.com\/haberler\/","logo":{"@type":"ImageObject","inLanguage":"tr","@id":"https:\/\/e-ciftlik.com\/haberler\/#\/schema\/logo\/image\/","url":"https:\/\/e-ciftlik.com\/haberler\/wp-content\/uploads\/2024\/06\/cropped-cropped-favicon-1-2.png","contentUrl":"https:\/\/e-ciftlik.com\/haberler\/wp-content\/uploads\/2024\/06\/cropped-cropped-favicon-1-2.png","width":512,"height":512,"caption":"E-\u00c7\u0130FTL\u0130K HABER"},"image":{"@id":"https:\/\/e-ciftlik.com\/haberler\/#\/schema\/logo\/image\/"},"sameAs":["https:\/\/www.facebook.com\/eciftlikturkiye","https:\/\/x.com\/eciftlikresmi","https:\/\/www.instagram.com\/eciftlikresmi\/"]},{"@type":"Person","@id":"https:\/\/e-ciftlik.com\/haberler\/#\/schema\/person\/d2f4fee3143d7f72be82cb887d51b00a","name":"Haber Merkezi","image":{"@type":"ImageObject","inLanguage":"tr","@id":"https:\/\/secure.gravatar.com\/avatar\/6c27d641914e66c1d0452c92716002398782818991d86db1c2cccb531e7c7c82?s=96&d=mm&r=g","url":"https:\/\/secure.gravatar.com\/avatar\/6c27d641914e66c1d0452c92716002398782818991d86db1c2cccb531e7c7c82?s=96&d=mm&r=g","contentUrl":"https:\/\/secure.gravatar.com\/avatar\/6c27d641914e66c1d0452c92716002398782818991d86db1c2cccb531e7c7c82?s=96&d=mm&r=g","caption":"Haber Merkezi"},"sameAs":["http:\/\/e-ciftlik.com\/haberler"]}]}},"_links":{"self":[{"href":"https:\/\/e-ciftlik.com\/haberler\/wp-json\/wp\/v2\/posts\/85776","targetHints":{"allow":["GET"]}}],"collection":[{"href":"https:\/\/e-ciftlik.com\/haberler\/wp-json\/wp\/v2\/posts"}],"about":[{"href":"https:\/\/e-ciftlik.com\/haberler\/wp-json\/wp\/v2\/types\/post"}],"author":[{"embeddable":true,"href":"https:\/\/e-ciftlik.com\/haberler\/wp-json\/wp\/v2\/users\/1"}],"replies":[{"embeddable":true,"href":"https:\/\/e-ciftlik.com\/haberler\/wp-json\/wp\/v2\/comments?post=85776"}],"version-history":[{"count":0,"href":"https:\/\/e-ciftlik.com\/haberler\/wp-json\/wp\/v2\/posts\/85776\/revisions"}],"wp:featuredmedia":[{"embeddable":true,"href":"https:\/\/e-ciftlik.com\/haberler\/wp-json\/wp\/v2\/media\/85777"}],"wp:attachment":[{"href":"https:\/\/e-ciftlik.com\/haberler\/wp-json\/wp\/v2\/media?parent=85776"}],"wp:term":[{"taxonomy":"category","embeddable":true,"href":"https:\/\/e-ciftlik.com\/haberler\/wp-json\/wp\/v2\/categories?post=85776"},{"taxonomy":"post_tag","embeddable":true,"href":"https:\/\/e-ciftlik.com\/haberler\/wp-json\/wp\/v2\/tags?post=85776"}],"curies":[{"name":"wp","href":"https:\/\/api.w.org\/{rel}","templated":true}]}}