{"id":85973,"date":"2025-03-11T11:05:00","date_gmt":"2025-03-11T11:05:00","guid":{"rendered":"http:\/\/e-ciftlik.com\/haberler\/tarim\/canakkalede-yabanci-ot-mucadelesi-sahada-basladi\/"},"modified":"2025-03-11T11:05:00","modified_gmt":"2025-03-11T11:05:00","slug":"canakkalede-yabanci-ot-mucadelesi-sahada-basladi","status":"publish","type":"post","link":"https:\/\/e-ciftlik.com\/haberler\/tarim\/canakkalede-yabanci-ot-mucadelesi-sahada-basladi\/","title":{"rendered":"\u00c7anakkale&#8217;de Yabanc\u0131 Ot M\u00fccadelesi Sahada Ba\u015flad\u0131"},"content":{"rendered":"<p>\u00c7anakkale&#8217;de, tar\u0131msal \u00fcr\u00fcnlere zarar veren yabanc\u0131 otlar\u0131n yay\u0131lmas\u0131n\u0131 engellemek amac\u0131yla saha \u00e7al\u0131\u015fmalar\u0131 ba\u015flat\u0131ld\u0131. \u00c7anakkale \u0130l Tar\u0131m ve Orman M\u00fcd\u00fcrl\u00fc\u011f\u00fc, yabanc\u0131 otlarla m\u00fccadele etmek i\u00e7in il ve il\u00e7e m\u00fcd\u00fcrl\u00fcklerine ba\u011fl\u0131 teknik personel taraf\u0131ndan saha \u00e7al\u0131\u015fmalar\u0131na ba\u015flad\u0131.<\/p>\n<p>Bu kapsamda, \u0131spanak, kimyon, kekik, nane ve ada\u00e7ay\u0131 gibi yapra\u011f\u0131 t\u00fcketilen bitkilerin yeti\u015ftirildi\u011fi alanlarda tarama \u00e7al\u0131\u015fmalar\u0131 yap\u0131larak, bu yabanc\u0131 otlar\u0131n tar\u0131m \u00fcr\u00fcnlerine bula\u015fmas\u0131n\u0131 engellemek i\u00e7in tedbirler al\u0131nd\u0131. \u00dcreticiler ve hasat i\u015f\u00e7ileri, sahada yabanc\u0131 ot m\u00fccadelesi ve bula\u015fman\u0131n \u00f6nlenmesi konusunda bilgilendirildi.<\/p>\n","protected":false},"excerpt":{"rendered":"<p>\u00c7anakkale&#8217;de, tar\u0131msal \u00fcr\u00fcnlere zarar veren yabanc\u0131 otlar\u0131n yay\u0131lmas\u0131n\u0131 engellemek amac\u0131yla saha \u00e7al\u0131\u015fmalar\u0131 ba\u015flat\u0131ld\u0131. \u00c7anakkale \u0130l&hellip;<\/p>\n","protected":false},"author":1,"featured_media":0,"comment_status":"open","ping_status":"open","sticky":false,"template":"","format":"standard","meta":{"footnotes":""},"categories":[9],"tags":[],"class_list":["post-85973","post","type-post","status-publish","format-standard","hentry","category-tarim"],"yoast_head":"<!-- This site is optimized with the Yoast SEO Premium plugin v24.3 (Yoast SEO v27.4) - https:\/\/yoast.com\/product\/yoast-seo-premium-wordpress\/ -->\n<title>\u00c7anakkale&#039;de Yabanc\u0131 Ot M\u00fccadelesi Sahada Ba\u015flad\u0131 - E-&Ccedil;\u0130FTL\u0130K HABER<\/title>\n<meta name=\"description\" content=\"\u00c7anakkale&#039;de, tar\u0131msal \u00fcr\u00fcnlere zarar veren yabanc\u0131 otlar\u0131n yay\u0131lmas\u0131n\u0131 engellemek amac\u0131yla saha \u00e7al\u0131\u015fmalar\u0131 ba\u015flat\u0131ld\u0131. \u00c7anakkale \u0130l Tar\u0131m ve Orman\" \/>\n<meta name=\"robots\" content=\"index, follow, max-snippet:-1, max-image-preview:large, max-video-preview:-1\" \/>\n<link rel=\"canonical\" href=\"https:\/\/e-ciftlik.com\/haberler\/tarim\/canakkalede-yabanci-ot-mucadelesi-sahada-basladi\/\" \/>\n<meta property=\"og:locale\" content=\"tr_TR\" \/>\n<meta property=\"og:type\" content=\"article\" \/>\n<meta property=\"og:title\" content=\"\u00c7anakkale&#039;de Yabanc\u0131 Ot M\u00fccadelesi Sahada Ba\u015flad\u0131\" \/>\n<meta property=\"og:description\" content=\"\u00c7anakkale&#039;de, tar\u0131msal \u00fcr\u00fcnlere zarar veren yabanc\u0131 otlar\u0131n yay\u0131lmas\u0131n\u0131 engellemek amac\u0131yla saha \u00e7al\u0131\u015fmalar\u0131 ba\u015flat\u0131ld\u0131. \u00c7anakkale \u0130l Tar\u0131m ve Orman\" \/>\n<meta property=\"og:url\" content=\"https:\/\/e-ciftlik.com\/haberler\/tarim\/canakkalede-yabanci-ot-mucadelesi-sahada-basladi\/\" \/>\n<meta property=\"og:site_name\" content=\"E-&Ccedil;\u0130FTL\u0130K HABER\" \/>\n<meta property=\"article:publisher\" content=\"https:\/\/www.facebook.com\/eciftlikturkiye\" \/>\n<meta property=\"article:published_time\" content=\"2025-03-11T11:05:00+00:00\" \/>\n<meta name=\"author\" content=\"Haber Merkezi\" \/>\n<meta name=\"twitter:card\" content=\"summary_large_image\" \/>\n<meta name=\"twitter:creator\" content=\"@eciftlikresmi\" \/>\n<meta name=\"twitter:site\" content=\"@eciftlikresmi\" \/>\n<meta name=\"twitter:label1\" content=\"Yazan:\" \/>\n\t<meta name=\"twitter:data1\" content=\"Haber Merkezi\" \/>\n\t<meta name=\"twitter:label2\" content=\"Tahmini okuma s\u00fcresi\" \/>\n\t<meta name=\"twitter:data2\" content=\"1 dakika\" \/>\n<script type=\"application\/ld+json\" class=\"yoast-schema-graph\">{\"@context\":\"https:\\\/\\\/schema.org\",\"@graph\":[{\"@type\":\"NewsArticle\",\"@id\":\"https:\\\/\\\/e-ciftlik.com\\\/haberler\\\/tarim\\\/canakkalede-yabanci-ot-mucadelesi-sahada-basladi\\\/#article\",\"isPartOf\":{\"@id\":\"https:\\\/\\\/e-ciftlik.com\\\/haberler\\\/tarim\\\/canakkalede-yabanci-ot-mucadelesi-sahada-basladi\\\/\"},\"author\":{\"name\":\"Haber Merkezi\",\"@id\":\"https:\\\/\\\/e-ciftlik.com\\\/haberler\\\/#\\\/schema\\\/person\\\/d2f4fee3143d7f72be82cb887d51b00a\"},\"headline\":\"\u00c7anakkale&#8217;de Yabanc\u0131 Ot M\u00fccadelesi Sahada Ba\u015flad\u0131\",\"datePublished\":\"2025-03-11T11:05:00+00:00\",\"mainEntityOfPage\":{\"@id\":\"https:\\\/\\\/e-ciftlik.com\\\/haberler\\\/tarim\\\/canakkalede-yabanci-ot-mucadelesi-sahada-basladi\\\/\"},\"wordCount\":125,\"commentCount\":0,\"publisher\":{\"@id\":\"https:\\\/\\\/e-ciftlik.com\\\/haberler\\\/#organization\"},\"articleSection\":[\"Tar\u0131m\"],\"inLanguage\":\"tr\",\"potentialAction\":[{\"@type\":\"CommentAction\",\"name\":\"Comment\",\"target\":[\"https:\\\/\\\/e-ciftlik.com\\\/haberler\\\/tarim\\\/canakkalede-yabanci-ot-mucadelesi-sahada-basladi\\\/#respond\"]}]},{\"@type\":\"WebPage\",\"@id\":\"https:\\\/\\\/e-ciftlik.com\\\/haberler\\\/tarim\\\/canakkalede-yabanci-ot-mucadelesi-sahada-basladi\\\/\",\"url\":\"https:\\\/\\\/e-ciftlik.com\\\/haberler\\\/tarim\\\/canakkalede-yabanci-ot-mucadelesi-sahada-basladi\\\/\",\"name\":\"\u00c7anakkale'de Yabanc\u0131 Ot M\u00fccadelesi Sahada Ba\u015flad\u0131 - E-&Ccedil;\u0130FTL\u0130K HABER\",\"isPartOf\":{\"@id\":\"https:\\\/\\\/e-ciftlik.com\\\/haberler\\\/#website\"},\"datePublished\":\"2025-03-11T11:05:00+00:00\",\"description\":\"\u00c7anakkale'de, tar\u0131msal \u00fcr\u00fcnlere zarar veren yabanc\u0131 otlar\u0131n yay\u0131lmas\u0131n\u0131 engellemek amac\u0131yla saha \u00e7al\u0131\u015fmalar\u0131 ba\u015flat\u0131ld\u0131. \u00c7anakkale \u0130l Tar\u0131m ve Orman\",\"breadcrumb\":{\"@id\":\"https:\\\/\\\/e-ciftlik.com\\\/haberler\\\/tarim\\\/canakkalede-yabanci-ot-mucadelesi-sahada-basladi\\\/#breadcrumb\"},\"inLanguage\":\"tr\",\"potentialAction\":[{\"@type\":\"ReadAction\",\"target\":[\"https:\\\/\\\/e-ciftlik.com\\\/haberler\\\/tarim\\\/canakkalede-yabanci-ot-mucadelesi-sahada-basladi\\\/\"]}]},{\"@type\":\"BreadcrumbList\",\"@id\":\"https:\\\/\\\/e-ciftlik.com\\\/haberler\\\/tarim\\\/canakkalede-yabanci-ot-mucadelesi-sahada-basladi\\\/#breadcrumb\",\"itemListElement\":[{\"@type\":\"ListItem\",\"position\":1,\"name\":\"Anasayfa\",\"item\":\"https:\\\/\\\/e-ciftlik.com\\\/haberler\\\/\"},{\"@type\":\"ListItem\",\"position\":2,\"name\":\"\u00c7anakkale&#8217;de Yabanc\u0131 Ot M\u00fccadelesi Sahada Ba\u015flad\u0131\"}]},{\"@type\":\"WebSite\",\"@id\":\"https:\\\/\\\/e-ciftlik.com\\\/haberler\\\/#website\",\"url\":\"https:\\\/\\\/e-ciftlik.com\\\/haberler\\\/\",\"name\":\"E-\u00c7iftlik Haber | G\u00fcncel, Son Dakika Haberler, En Son Haber\",\"description\":\"\",\"publisher\":{\"@id\":\"https:\\\/\\\/e-ciftlik.com\\\/haberler\\\/#organization\"},\"potentialAction\":[{\"@type\":\"SearchAction\",\"target\":{\"@type\":\"EntryPoint\",\"urlTemplate\":\"https:\\\/\\\/e-ciftlik.com\\\/haberler\\\/?s={search_term_string}\"},\"query-input\":{\"@type\":\"PropertyValueSpecification\",\"valueRequired\":true,\"valueName\":\"search_term_string\"}}],\"inLanguage\":\"tr\"},{\"@type\":\"Organization\",\"@id\":\"https:\\\/\\\/e-ciftlik.com\\\/haberler\\\/#organization\",\"name\":\"E-\u00c7\u0130FTL\u0130K HABER\",\"url\":\"https:\\\/\\\/e-ciftlik.com\\\/haberler\\\/\",\"logo\":{\"@type\":\"ImageObject\",\"inLanguage\":\"tr\",\"@id\":\"https:\\\/\\\/e-ciftlik.com\\\/haberler\\\/#\\\/schema\\\/logo\\\/image\\\/\",\"url\":\"https:\\\/\\\/e-ciftlik.com\\\/haberler\\\/wp-content\\\/uploads\\\/2024\\\/06\\\/cropped-cropped-favicon-1-2.png\",\"contentUrl\":\"https:\\\/\\\/e-ciftlik.com\\\/haberler\\\/wp-content\\\/uploads\\\/2024\\\/06\\\/cropped-cropped-favicon-1-2.png\",\"width\":512,\"height\":512,\"caption\":\"E-\u00c7\u0130FTL\u0130K HABER\"},\"image\":{\"@id\":\"https:\\\/\\\/e-ciftlik.com\\\/haberler\\\/#\\\/schema\\\/logo\\\/image\\\/\"},\"sameAs\":[\"https:\\\/\\\/www.facebook.com\\\/eciftlikturkiye\",\"https:\\\/\\\/x.com\\\/eciftlikresmi\",\"https:\\\/\\\/www.instagram.com\\\/eciftlikresmi\\\/\"]},{\"@type\":\"Person\",\"@id\":\"https:\\\/\\\/e-ciftlik.com\\\/haberler\\\/#\\\/schema\\\/person\\\/d2f4fee3143d7f72be82cb887d51b00a\",\"name\":\"Haber Merkezi\",\"image\":{\"@type\":\"ImageObject\",\"inLanguage\":\"tr\",\"@id\":\"https:\\\/\\\/secure.gravatar.com\\\/avatar\\\/6c27d641914e66c1d0452c92716002398782818991d86db1c2cccb531e7c7c82?s=96&d=mm&r=g\",\"url\":\"https:\\\/\\\/secure.gravatar.com\\\/avatar\\\/6c27d641914e66c1d0452c92716002398782818991d86db1c2cccb531e7c7c82?s=96&d=mm&r=g\",\"contentUrl\":\"https:\\\/\\\/secure.gravatar.com\\\/avatar\\\/6c27d641914e66c1d0452c92716002398782818991d86db1c2cccb531e7c7c82?s=96&d=mm&r=g\",\"caption\":\"Haber Merkezi\"},\"sameAs\":[\"http:\\\/\\\/e-ciftlik.com\\\/haberler\"]}]}<\/script>\n<!-- \/ Yoast SEO Premium plugin. -->","yoast_head_json":{"title":"\u00c7anakkale'de Yabanc\u0131 Ot M\u00fccadelesi Sahada Ba\u015flad\u0131 - E-&Ccedil;\u0130FTL\u0130K HABER","description":"\u00c7anakkale'de, tar\u0131msal \u00fcr\u00fcnlere zarar veren yabanc\u0131 otlar\u0131n yay\u0131lmas\u0131n\u0131 engellemek amac\u0131yla saha \u00e7al\u0131\u015fmalar\u0131 ba\u015flat\u0131ld\u0131. \u00c7anakkale \u0130l Tar\u0131m ve Orman","robots":{"index":"index","follow":"follow","max-snippet":"max-snippet:-1","max-image-preview":"max-image-preview:large","max-video-preview":"max-video-preview:-1"},"canonical":"https:\/\/e-ciftlik.com\/haberler\/tarim\/canakkalede-yabanci-ot-mucadelesi-sahada-basladi\/","og_locale":"tr_TR","og_type":"article","og_title":"\u00c7anakkale'de Yabanc\u0131 Ot M\u00fccadelesi Sahada Ba\u015flad\u0131","og_description":"\u00c7anakkale'de, tar\u0131msal \u00fcr\u00fcnlere zarar veren yabanc\u0131 otlar\u0131n yay\u0131lmas\u0131n\u0131 engellemek amac\u0131yla saha \u00e7al\u0131\u015fmalar\u0131 ba\u015flat\u0131ld\u0131. \u00c7anakkale \u0130l Tar\u0131m ve Orman","og_url":"https:\/\/e-ciftlik.com\/haberler\/tarim\/canakkalede-yabanci-ot-mucadelesi-sahada-basladi\/","og_site_name":"E-&Ccedil;\u0130FTL\u0130K HABER","article_publisher":"https:\/\/www.facebook.com\/eciftlikturkiye","article_published_time":"2025-03-11T11:05:00+00:00","author":"Haber Merkezi","twitter_card":"summary_large_image","twitter_creator":"@eciftlikresmi","twitter_site":"@eciftlikresmi","twitter_misc":{"Yazan:":"Haber Merkezi","Tahmini okuma s\u00fcresi":"1 dakika"},"schema":{"@context":"https:\/\/schema.org","@graph":[{"@type":"NewsArticle","@id":"https:\/\/e-ciftlik.com\/haberler\/tarim\/canakkalede-yabanci-ot-mucadelesi-sahada-basladi\/#article","isPartOf":{"@id":"https:\/\/e-ciftlik.com\/haberler\/tarim\/canakkalede-yabanci-ot-mucadelesi-sahada-basladi\/"},"author":{"name":"Haber Merkezi","@id":"https:\/\/e-ciftlik.com\/haberler\/#\/schema\/person\/d2f4fee3143d7f72be82cb887d51b00a"},"headline":"\u00c7anakkale&#8217;de Yabanc\u0131 Ot M\u00fccadelesi Sahada Ba\u015flad\u0131","datePublished":"2025-03-11T11:05:00+00:00","mainEntityOfPage":{"@id":"https:\/\/e-ciftlik.com\/haberler\/tarim\/canakkalede-yabanci-ot-mucadelesi-sahada-basladi\/"},"wordCount":125,"commentCount":0,"publisher":{"@id":"https:\/\/e-ciftlik.com\/haberler\/#organization"},"articleSection":["Tar\u0131m"],"inLanguage":"tr","potentialAction":[{"@type":"CommentAction","name":"Comment","target":["https:\/\/e-ciftlik.com\/haberler\/tarim\/canakkalede-yabanci-ot-mucadelesi-sahada-basladi\/#respond"]}]},{"@type":"WebPage","@id":"https:\/\/e-ciftlik.com\/haberler\/tarim\/canakkalede-yabanci-ot-mucadelesi-sahada-basladi\/","url":"https:\/\/e-ciftlik.com\/haberler\/tarim\/canakkalede-yabanci-ot-mucadelesi-sahada-basladi\/","name":"\u00c7anakkale'de Yabanc\u0131 Ot M\u00fccadelesi Sahada Ba\u015flad\u0131 - E-&Ccedil;\u0130FTL\u0130K HABER","isPartOf":{"@id":"https:\/\/e-ciftlik.com\/haberler\/#website"},"datePublished":"2025-03-11T11:05:00+00:00","description":"\u00c7anakkale'de, tar\u0131msal \u00fcr\u00fcnlere zarar veren yabanc\u0131 otlar\u0131n yay\u0131lmas\u0131n\u0131 engellemek amac\u0131yla saha \u00e7al\u0131\u015fmalar\u0131 ba\u015flat\u0131ld\u0131. \u00c7anakkale \u0130l Tar\u0131m ve Orman","breadcrumb":{"@id":"https:\/\/e-ciftlik.com\/haberler\/tarim\/canakkalede-yabanci-ot-mucadelesi-sahada-basladi\/#breadcrumb"},"inLanguage":"tr","potentialAction":[{"@type":"ReadAction","target":["https:\/\/e-ciftlik.com\/haberler\/tarim\/canakkalede-yabanci-ot-mucadelesi-sahada-basladi\/"]}]},{"@type":"BreadcrumbList","@id":"https:\/\/e-ciftlik.com\/haberler\/tarim\/canakkalede-yabanci-ot-mucadelesi-sahada-basladi\/#breadcrumb","itemListElement":[{"@type":"ListItem","position":1,"name":"Anasayfa","item":"https:\/\/e-ciftlik.com\/haberler\/"},{"@type":"ListItem","position":2,"name":"\u00c7anakkale&#8217;de Yabanc\u0131 Ot M\u00fccadelesi Sahada Ba\u015flad\u0131"}]},{"@type":"WebSite","@id":"https:\/\/e-ciftlik.com\/haberler\/#website","url":"https:\/\/e-ciftlik.com\/haberler\/","name":"E-\u00c7iftlik Haber | G\u00fcncel, Son Dakika Haberler, En Son Haber","description":"","publisher":{"@id":"https:\/\/e-ciftlik.com\/haberler\/#organization"},"potentialAction":[{"@type":"SearchAction","target":{"@type":"EntryPoint","urlTemplate":"https:\/\/e-ciftlik.com\/haberler\/?s={search_term_string}"},"query-input":{"@type":"PropertyValueSpecification","valueRequired":true,"valueName":"search_term_string"}}],"inLanguage":"tr"},{"@type":"Organization","@id":"https:\/\/e-ciftlik.com\/haberler\/#organization","name":"E-\u00c7\u0130FTL\u0130K HABER","url":"https:\/\/e-ciftlik.com\/haberler\/","logo":{"@type":"ImageObject","inLanguage":"tr","@id":"https:\/\/e-ciftlik.com\/haberler\/#\/schema\/logo\/image\/","url":"https:\/\/e-ciftlik.com\/haberler\/wp-content\/uploads\/2024\/06\/cropped-cropped-favicon-1-2.png","contentUrl":"https:\/\/e-ciftlik.com\/haberler\/wp-content\/uploads\/2024\/06\/cropped-cropped-favicon-1-2.png","width":512,"height":512,"caption":"E-\u00c7\u0130FTL\u0130K HABER"},"image":{"@id":"https:\/\/e-ciftlik.com\/haberler\/#\/schema\/logo\/image\/"},"sameAs":["https:\/\/www.facebook.com\/eciftlikturkiye","https:\/\/x.com\/eciftlikresmi","https:\/\/www.instagram.com\/eciftlikresmi\/"]},{"@type":"Person","@id":"https:\/\/e-ciftlik.com\/haberler\/#\/schema\/person\/d2f4fee3143d7f72be82cb887d51b00a","name":"Haber Merkezi","image":{"@type":"ImageObject","inLanguage":"tr","@id":"https:\/\/secure.gravatar.com\/avatar\/6c27d641914e66c1d0452c92716002398782818991d86db1c2cccb531e7c7c82?s=96&d=mm&r=g","url":"https:\/\/secure.gravatar.com\/avatar\/6c27d641914e66c1d0452c92716002398782818991d86db1c2cccb531e7c7c82?s=96&d=mm&r=g","contentUrl":"https:\/\/secure.gravatar.com\/avatar\/6c27d641914e66c1d0452c92716002398782818991d86db1c2cccb531e7c7c82?s=96&d=mm&r=g","caption":"Haber Merkezi"},"sameAs":["http:\/\/e-ciftlik.com\/haberler"]}]}},"_links":{"self":[{"href":"https:\/\/e-ciftlik.com\/haberler\/wp-json\/wp\/v2\/posts\/85973","targetHints":{"allow":["GET"]}}],"collection":[{"href":"https:\/\/e-ciftlik.com\/haberler\/wp-json\/wp\/v2\/posts"}],"about":[{"href":"https:\/\/e-ciftlik.com\/haberler\/wp-json\/wp\/v2\/types\/post"}],"author":[{"embeddable":true,"href":"https:\/\/e-ciftlik.com\/haberler\/wp-json\/wp\/v2\/users\/1"}],"replies":[{"embeddable":true,"href":"https:\/\/e-ciftlik.com\/haberler\/wp-json\/wp\/v2\/comments?post=85973"}],"version-history":[{"count":0,"href":"https:\/\/e-ciftlik.com\/haberler\/wp-json\/wp\/v2\/posts\/85973\/revisions"}],"wp:attachment":[{"href":"https:\/\/e-ciftlik.com\/haberler\/wp-json\/wp\/v2\/media?parent=85973"}],"wp:term":[{"taxonomy":"category","embeddable":true,"href":"https:\/\/e-ciftlik.com\/haberler\/wp-json\/wp\/v2\/categories?post=85973"},{"taxonomy":"post_tag","embeddable":true,"href":"https:\/\/e-ciftlik.com\/haberler\/wp-json\/wp\/v2\/tags?post=85973"}],"curies":[{"name":"wp","href":"https:\/\/api.w.org\/{rel}","templated":true}]}}