{"id":85995,"date":"2025-03-11T11:29:00","date_gmt":"2025-03-11T11:29:00","guid":{"rendered":"http:\/\/e-ciftlik.com\/haberler\/tarim\/kirklarelinde-ramazan-ayinda-denetimler-hiz-kazandi\/"},"modified":"2025-03-11T11:29:00","modified_gmt":"2025-03-11T11:29:00","slug":"kirklarelinde-ramazan-ayinda-denetimler-hiz-kazandi","status":"publish","type":"post","link":"https:\/\/e-ciftlik.com\/haberler\/tarim\/kirklarelinde-ramazan-ayinda-denetimler-hiz-kazandi\/","title":{"rendered":"K\u0131rklareli\u2019nde Ramazan Ay\u0131nda Denetimler H\u0131z Kazand\u0131"},"content":{"rendered":"<p>K\u0131rklareli \u0130l Tar\u0131m ve Orman M\u00fcd\u00fcrl\u00fc\u011f\u00fc G\u0131da Kontrol \u015eubesi ekipleri, Ramazan ay\u0131nda denetimleri s\u0131kla\u015ft\u0131rd\u0131. Kent merkezi ile il\u00e7elerde bulunan f\u0131r\u0131n, market, pastane ve kasaplar, ekipler taraf\u0131ndan titizlikle denetlendi. \u0130\u015fletmelerin \u00fcretim alanlar\u0131 da incelendi.<\/p>\n<p>\u0130l Tar\u0131m ve Orman M\u00fcd\u00fcrl\u00fc\u011f\u00fc yetkililerinden yap\u0131lan a\u00e7\u0131klamaya g\u00f6re, Ramazan ay\u0131nda da toplum sa\u011fl\u0131\u011f\u0131 i\u00e7in denetimlerin devam etti\u011fi vurguland\u0131. A\u00e7\u0131klamada, g\u0131da zincirinin t\u00fcm a\u015famalar\u0131nda etkin kontrol ve denetim sa\u011flanarak halk sa\u011fl\u0131\u011f\u0131n\u0131n korunmas\u0131 i\u00e7in \u00e7al\u0131\u015f\u0131ld\u0131\u011f\u0131 belirtildi. Bu kapsamda, \u00fcretim, i\u015fleme, depolama, da\u011f\u0131t\u0131m, sat\u0131\u015f ve toplu t\u00fcketim s\u00fcre\u00e7leri yak\u0131ndan takip ediliyor.<\/p>\n<p>K\u0131rklareli \u0130l Tar\u0131m ve Orman M\u00fcd\u00fcrl\u00fc\u011f\u00fc G\u0131da Kontrol \u015eubesi ekiplerinin Ramazan ay\u0131nda ger\u00e7ekle\u015ftirdi\u011fi denetimler, halk sa\u011fl\u0131\u011f\u0131n\u0131n korunmas\u0131 ad\u0131na \u00f6nemli bir ad\u0131m olarak de\u011ferlendiriliyor. Bu s\u00fcre\u00e7te, vatanda\u015flar\u0131n g\u00fcvenli g\u0131daya eri\u015fimini sa\u011flamak amac\u0131yla titizlikle \u00e7al\u0131\u015fmalar s\u00fcrd\u00fcr\u00fcl\u00fcyor.<\/p>\n","protected":false},"excerpt":{"rendered":"<p>K\u0131rklareli \u0130l Tar\u0131m ve Orman M\u00fcd\u00fcrl\u00fc\u011f\u00fc G\u0131da Kontrol \u015eubesi ekipleri, Ramazan ay\u0131nda denetimleri s\u0131kla\u015ft\u0131rd\u0131. Kent&hellip;<\/p>\n","protected":false},"author":1,"featured_media":85996,"comment_status":"open","ping_status":"open","sticky":false,"template":"","format":"standard","meta":{"footnotes":""},"categories":[9],"tags":[],"class_list":["post-85995","post","type-post","status-publish","format-standard","has-post-thumbnail","hentry","category-tarim"],"yoast_head":"<!-- This site is optimized with the Yoast SEO Premium plugin v24.3 (Yoast SEO v27.4) - https:\/\/yoast.com\/product\/yoast-seo-premium-wordpress\/ -->\n<title>K\u0131rklareli\u2019nde Ramazan Ay\u0131nda Denetimler H\u0131z Kazand\u0131 - E-&Ccedil;\u0130FTL\u0130K HABER<\/title>\n<meta name=\"description\" content=\"K\u0131rklareli \u0130l Tar\u0131m ve Orman M\u00fcd\u00fcrl\u00fc\u011f\u00fc G\u0131da Kontrol \u015eubesi ekipleri, Ramazan ay\u0131nda denetimleri s\u0131kla\u015ft\u0131rd\u0131. Kent merkezi ile il\u00e7elerde bulunan f\u0131r\u0131n,\" \/>\n<meta name=\"robots\" content=\"index, follow, max-snippet:-1, max-image-preview:large, max-video-preview:-1\" \/>\n<link rel=\"canonical\" href=\"https:\/\/e-ciftlik.com\/haberler\/tarim\/kirklarelinde-ramazan-ayinda-denetimler-hiz-kazandi\/\" \/>\n<meta property=\"og:locale\" content=\"tr_TR\" \/>\n<meta property=\"og:type\" content=\"article\" \/>\n<meta property=\"og:title\" content=\"K\u0131rklareli\u2019nde Ramazan Ay\u0131nda Denetimler H\u0131z Kazand\u0131\" \/>\n<meta property=\"og:description\" content=\"K\u0131rklareli \u0130l Tar\u0131m ve Orman M\u00fcd\u00fcrl\u00fc\u011f\u00fc G\u0131da Kontrol \u015eubesi ekipleri, Ramazan ay\u0131nda denetimleri s\u0131kla\u015ft\u0131rd\u0131. Kent merkezi ile il\u00e7elerde bulunan f\u0131r\u0131n,\" \/>\n<meta property=\"og:url\" content=\"https:\/\/e-ciftlik.com\/haberler\/tarim\/kirklarelinde-ramazan-ayinda-denetimler-hiz-kazandi\/\" \/>\n<meta property=\"og:site_name\" content=\"E-&Ccedil;\u0130FTL\u0130K HABER\" \/>\n<meta property=\"article:publisher\" content=\"https:\/\/www.facebook.com\/eciftlikturkiye\" \/>\n<meta property=\"article:published_time\" content=\"2025-03-11T11:29:00+00:00\" \/>\n<meta property=\"og:image\" content=\"https:\/\/e-ciftlik.com\/haberler\/wp-content\/uploads\/2025\/03\/kirklareli-nde-ramazan-ayinda-denetimler-deva-18441680_amp.jpg\" \/>\n\t<meta property=\"og:image:width\" content=\"1200\" \/>\n\t<meta property=\"og:image:height\" content=\"900\" \/>\n\t<meta property=\"og:image:type\" content=\"image\/jpeg\" \/>\n<meta name=\"author\" content=\"Haber Merkezi\" \/>\n<meta name=\"twitter:card\" content=\"summary_large_image\" \/>\n<meta name=\"twitter:creator\" content=\"@eciftlikresmi\" \/>\n<meta name=\"twitter:site\" content=\"@eciftlikresmi\" \/>\n<meta name=\"twitter:label1\" content=\"Yazan:\" \/>\n\t<meta name=\"twitter:data1\" content=\"Haber Merkezi\" \/>\n\t<meta name=\"twitter:label2\" content=\"Tahmini okuma s\u00fcresi\" \/>\n\t<meta name=\"twitter:data2\" content=\"1 dakika\" \/>\n<script type=\"application\/ld+json\" class=\"yoast-schema-graph\">{\"@context\":\"https:\\\/\\\/schema.org\",\"@graph\":[{\"@type\":\"NewsArticle\",\"@id\":\"https:\\\/\\\/e-ciftlik.com\\\/haberler\\\/tarim\\\/kirklarelinde-ramazan-ayinda-denetimler-hiz-kazandi\\\/#article\",\"isPartOf\":{\"@id\":\"https:\\\/\\\/e-ciftlik.com\\\/haberler\\\/tarim\\\/kirklarelinde-ramazan-ayinda-denetimler-hiz-kazandi\\\/\"},\"author\":{\"name\":\"Haber Merkezi\",\"@id\":\"https:\\\/\\\/e-ciftlik.com\\\/haberler\\\/#\\\/schema\\\/person\\\/d2f4fee3143d7f72be82cb887d51b00a\"},\"headline\":\"K\u0131rklareli\u2019nde Ramazan Ay\u0131nda Denetimler H\u0131z Kazand\u0131\",\"datePublished\":\"2025-03-11T11:29:00+00:00\",\"mainEntityOfPage\":{\"@id\":\"https:\\\/\\\/e-ciftlik.com\\\/haberler\\\/tarim\\\/kirklarelinde-ramazan-ayinda-denetimler-hiz-kazandi\\\/\"},\"wordCount\":196,\"commentCount\":0,\"publisher\":{\"@id\":\"https:\\\/\\\/e-ciftlik.com\\\/haberler\\\/#organization\"},\"image\":{\"@id\":\"https:\\\/\\\/e-ciftlik.com\\\/haberler\\\/tarim\\\/kirklarelinde-ramazan-ayinda-denetimler-hiz-kazandi\\\/#primaryimage\"},\"thumbnailUrl\":\"https:\\\/\\\/e-ciftlik.com\\\/haberler\\\/wp-content\\\/uploads\\\/2025\\\/03\\\/kirklareli-nde-ramazan-ayinda-denetimler-deva-18441680_amp.jpg\",\"articleSection\":[\"Tar\u0131m\"],\"inLanguage\":\"tr\",\"potentialAction\":[{\"@type\":\"CommentAction\",\"name\":\"Comment\",\"target\":[\"https:\\\/\\\/e-ciftlik.com\\\/haberler\\\/tarim\\\/kirklarelinde-ramazan-ayinda-denetimler-hiz-kazandi\\\/#respond\"]}]},{\"@type\":\"WebPage\",\"@id\":\"https:\\\/\\\/e-ciftlik.com\\\/haberler\\\/tarim\\\/kirklarelinde-ramazan-ayinda-denetimler-hiz-kazandi\\\/\",\"url\":\"https:\\\/\\\/e-ciftlik.com\\\/haberler\\\/tarim\\\/kirklarelinde-ramazan-ayinda-denetimler-hiz-kazandi\\\/\",\"name\":\"K\u0131rklareli\u2019nde Ramazan Ay\u0131nda Denetimler H\u0131z Kazand\u0131 - E-&Ccedil;\u0130FTL\u0130K HABER\",\"isPartOf\":{\"@id\":\"https:\\\/\\\/e-ciftlik.com\\\/haberler\\\/#website\"},\"primaryImageOfPage\":{\"@id\":\"https:\\\/\\\/e-ciftlik.com\\\/haberler\\\/tarim\\\/kirklarelinde-ramazan-ayinda-denetimler-hiz-kazandi\\\/#primaryimage\"},\"image\":{\"@id\":\"https:\\\/\\\/e-ciftlik.com\\\/haberler\\\/tarim\\\/kirklarelinde-ramazan-ayinda-denetimler-hiz-kazandi\\\/#primaryimage\"},\"thumbnailUrl\":\"https:\\\/\\\/e-ciftlik.com\\\/haberler\\\/wp-content\\\/uploads\\\/2025\\\/03\\\/kirklareli-nde-ramazan-ayinda-denetimler-deva-18441680_amp.jpg\",\"datePublished\":\"2025-03-11T11:29:00+00:00\",\"description\":\"K\u0131rklareli \u0130l Tar\u0131m ve Orman M\u00fcd\u00fcrl\u00fc\u011f\u00fc G\u0131da Kontrol \u015eubesi ekipleri, Ramazan ay\u0131nda denetimleri s\u0131kla\u015ft\u0131rd\u0131. Kent merkezi ile il\u00e7elerde bulunan f\u0131r\u0131n,\",\"breadcrumb\":{\"@id\":\"https:\\\/\\\/e-ciftlik.com\\\/haberler\\\/tarim\\\/kirklarelinde-ramazan-ayinda-denetimler-hiz-kazandi\\\/#breadcrumb\"},\"inLanguage\":\"tr\",\"potentialAction\":[{\"@type\":\"ReadAction\",\"target\":[\"https:\\\/\\\/e-ciftlik.com\\\/haberler\\\/tarim\\\/kirklarelinde-ramazan-ayinda-denetimler-hiz-kazandi\\\/\"]}]},{\"@type\":\"ImageObject\",\"inLanguage\":\"tr\",\"@id\":\"https:\\\/\\\/e-ciftlik.com\\\/haberler\\\/tarim\\\/kirklarelinde-ramazan-ayinda-denetimler-hiz-kazandi\\\/#primaryimage\",\"url\":\"https:\\\/\\\/e-ciftlik.com\\\/haberler\\\/wp-content\\\/uploads\\\/2025\\\/03\\\/kirklareli-nde-ramazan-ayinda-denetimler-deva-18441680_amp.jpg\",\"contentUrl\":\"https:\\\/\\\/e-ciftlik.com\\\/haberler\\\/wp-content\\\/uploads\\\/2025\\\/03\\\/kirklareli-nde-ramazan-ayinda-denetimler-deva-18441680_amp.jpg\",\"width\":1200,\"height\":900},{\"@type\":\"BreadcrumbList\",\"@id\":\"https:\\\/\\\/e-ciftlik.com\\\/haberler\\\/tarim\\\/kirklarelinde-ramazan-ayinda-denetimler-hiz-kazandi\\\/#breadcrumb\",\"itemListElement\":[{\"@type\":\"ListItem\",\"position\":1,\"name\":\"Anasayfa\",\"item\":\"https:\\\/\\\/e-ciftlik.com\\\/haberler\\\/\"},{\"@type\":\"ListItem\",\"position\":2,\"name\":\"K\u0131rklareli\u2019nde Ramazan Ay\u0131nda Denetimler H\u0131z Kazand\u0131\"}]},{\"@type\":\"WebSite\",\"@id\":\"https:\\\/\\\/e-ciftlik.com\\\/haberler\\\/#website\",\"url\":\"https:\\\/\\\/e-ciftlik.com\\\/haberler\\\/\",\"name\":\"E-\u00c7iftlik Haber | G\u00fcncel, Son Dakika Haberler, En Son Haber\",\"description\":\"\",\"publisher\":{\"@id\":\"https:\\\/\\\/e-ciftlik.com\\\/haberler\\\/#organization\"},\"potentialAction\":[{\"@type\":\"SearchAction\",\"target\":{\"@type\":\"EntryPoint\",\"urlTemplate\":\"https:\\\/\\\/e-ciftlik.com\\\/haberler\\\/?s={search_term_string}\"},\"query-input\":{\"@type\":\"PropertyValueSpecification\",\"valueRequired\":true,\"valueName\":\"search_term_string\"}}],\"inLanguage\":\"tr\"},{\"@type\":\"Organization\",\"@id\":\"https:\\\/\\\/e-ciftlik.com\\\/haberler\\\/#organization\",\"name\":\"E-\u00c7\u0130FTL\u0130K HABER\",\"url\":\"https:\\\/\\\/e-ciftlik.com\\\/haberler\\\/\",\"logo\":{\"@type\":\"ImageObject\",\"inLanguage\":\"tr\",\"@id\":\"https:\\\/\\\/e-ciftlik.com\\\/haberler\\\/#\\\/schema\\\/logo\\\/image\\\/\",\"url\":\"https:\\\/\\\/e-ciftlik.com\\\/haberler\\\/wp-content\\\/uploads\\\/2024\\\/06\\\/cropped-cropped-favicon-1-2.png\",\"contentUrl\":\"https:\\\/\\\/e-ciftlik.com\\\/haberler\\\/wp-content\\\/uploads\\\/2024\\\/06\\\/cropped-cropped-favicon-1-2.png\",\"width\":512,\"height\":512,\"caption\":\"E-\u00c7\u0130FTL\u0130K HABER\"},\"image\":{\"@id\":\"https:\\\/\\\/e-ciftlik.com\\\/haberler\\\/#\\\/schema\\\/logo\\\/image\\\/\"},\"sameAs\":[\"https:\\\/\\\/www.facebook.com\\\/eciftlikturkiye\",\"https:\\\/\\\/x.com\\\/eciftlikresmi\",\"https:\\\/\\\/www.instagram.com\\\/eciftlikresmi\\\/\"]},{\"@type\":\"Person\",\"@id\":\"https:\\\/\\\/e-ciftlik.com\\\/haberler\\\/#\\\/schema\\\/person\\\/d2f4fee3143d7f72be82cb887d51b00a\",\"name\":\"Haber Merkezi\",\"image\":{\"@type\":\"ImageObject\",\"inLanguage\":\"tr\",\"@id\":\"https:\\\/\\\/secure.gravatar.com\\\/avatar\\\/6c27d641914e66c1d0452c92716002398782818991d86db1c2cccb531e7c7c82?s=96&d=mm&r=g\",\"url\":\"https:\\\/\\\/secure.gravatar.com\\\/avatar\\\/6c27d641914e66c1d0452c92716002398782818991d86db1c2cccb531e7c7c82?s=96&d=mm&r=g\",\"contentUrl\":\"https:\\\/\\\/secure.gravatar.com\\\/avatar\\\/6c27d641914e66c1d0452c92716002398782818991d86db1c2cccb531e7c7c82?s=96&d=mm&r=g\",\"caption\":\"Haber Merkezi\"},\"sameAs\":[\"http:\\\/\\\/e-ciftlik.com\\\/haberler\"]}]}<\/script>\n<!-- \/ Yoast SEO Premium plugin. -->","yoast_head_json":{"title":"K\u0131rklareli\u2019nde Ramazan Ay\u0131nda Denetimler H\u0131z Kazand\u0131 - E-&Ccedil;\u0130FTL\u0130K HABER","description":"K\u0131rklareli \u0130l Tar\u0131m ve Orman M\u00fcd\u00fcrl\u00fc\u011f\u00fc G\u0131da Kontrol \u015eubesi ekipleri, Ramazan ay\u0131nda denetimleri s\u0131kla\u015ft\u0131rd\u0131. Kent merkezi ile il\u00e7elerde bulunan f\u0131r\u0131n,","robots":{"index":"index","follow":"follow","max-snippet":"max-snippet:-1","max-image-preview":"max-image-preview:large","max-video-preview":"max-video-preview:-1"},"canonical":"https:\/\/e-ciftlik.com\/haberler\/tarim\/kirklarelinde-ramazan-ayinda-denetimler-hiz-kazandi\/","og_locale":"tr_TR","og_type":"article","og_title":"K\u0131rklareli\u2019nde Ramazan Ay\u0131nda Denetimler H\u0131z Kazand\u0131","og_description":"K\u0131rklareli \u0130l Tar\u0131m ve Orman M\u00fcd\u00fcrl\u00fc\u011f\u00fc G\u0131da Kontrol \u015eubesi ekipleri, Ramazan ay\u0131nda denetimleri s\u0131kla\u015ft\u0131rd\u0131. Kent merkezi ile il\u00e7elerde bulunan f\u0131r\u0131n,","og_url":"https:\/\/e-ciftlik.com\/haberler\/tarim\/kirklarelinde-ramazan-ayinda-denetimler-hiz-kazandi\/","og_site_name":"E-&Ccedil;\u0130FTL\u0130K HABER","article_publisher":"https:\/\/www.facebook.com\/eciftlikturkiye","article_published_time":"2025-03-11T11:29:00+00:00","og_image":[{"width":1200,"height":900,"url":"https:\/\/e-ciftlik.com\/haberler\/wp-content\/uploads\/2025\/03\/kirklareli-nde-ramazan-ayinda-denetimler-deva-18441680_amp.jpg","type":"image\/jpeg"}],"author":"Haber Merkezi","twitter_card":"summary_large_image","twitter_creator":"@eciftlikresmi","twitter_site":"@eciftlikresmi","twitter_misc":{"Yazan:":"Haber Merkezi","Tahmini okuma s\u00fcresi":"1 dakika"},"schema":{"@context":"https:\/\/schema.org","@graph":[{"@type":"NewsArticle","@id":"https:\/\/e-ciftlik.com\/haberler\/tarim\/kirklarelinde-ramazan-ayinda-denetimler-hiz-kazandi\/#article","isPartOf":{"@id":"https:\/\/e-ciftlik.com\/haberler\/tarim\/kirklarelinde-ramazan-ayinda-denetimler-hiz-kazandi\/"},"author":{"name":"Haber Merkezi","@id":"https:\/\/e-ciftlik.com\/haberler\/#\/schema\/person\/d2f4fee3143d7f72be82cb887d51b00a"},"headline":"K\u0131rklareli\u2019nde Ramazan Ay\u0131nda Denetimler H\u0131z Kazand\u0131","datePublished":"2025-03-11T11:29:00+00:00","mainEntityOfPage":{"@id":"https:\/\/e-ciftlik.com\/haberler\/tarim\/kirklarelinde-ramazan-ayinda-denetimler-hiz-kazandi\/"},"wordCount":196,"commentCount":0,"publisher":{"@id":"https:\/\/e-ciftlik.com\/haberler\/#organization"},"image":{"@id":"https:\/\/e-ciftlik.com\/haberler\/tarim\/kirklarelinde-ramazan-ayinda-denetimler-hiz-kazandi\/#primaryimage"},"thumbnailUrl":"https:\/\/e-ciftlik.com\/haberler\/wp-content\/uploads\/2025\/03\/kirklareli-nde-ramazan-ayinda-denetimler-deva-18441680_amp.jpg","articleSection":["Tar\u0131m"],"inLanguage":"tr","potentialAction":[{"@type":"CommentAction","name":"Comment","target":["https:\/\/e-ciftlik.com\/haberler\/tarim\/kirklarelinde-ramazan-ayinda-denetimler-hiz-kazandi\/#respond"]}]},{"@type":"WebPage","@id":"https:\/\/e-ciftlik.com\/haberler\/tarim\/kirklarelinde-ramazan-ayinda-denetimler-hiz-kazandi\/","url":"https:\/\/e-ciftlik.com\/haberler\/tarim\/kirklarelinde-ramazan-ayinda-denetimler-hiz-kazandi\/","name":"K\u0131rklareli\u2019nde Ramazan Ay\u0131nda Denetimler H\u0131z Kazand\u0131 - E-&Ccedil;\u0130FTL\u0130K HABER","isPartOf":{"@id":"https:\/\/e-ciftlik.com\/haberler\/#website"},"primaryImageOfPage":{"@id":"https:\/\/e-ciftlik.com\/haberler\/tarim\/kirklarelinde-ramazan-ayinda-denetimler-hiz-kazandi\/#primaryimage"},"image":{"@id":"https:\/\/e-ciftlik.com\/haberler\/tarim\/kirklarelinde-ramazan-ayinda-denetimler-hiz-kazandi\/#primaryimage"},"thumbnailUrl":"https:\/\/e-ciftlik.com\/haberler\/wp-content\/uploads\/2025\/03\/kirklareli-nde-ramazan-ayinda-denetimler-deva-18441680_amp.jpg","datePublished":"2025-03-11T11:29:00+00:00","description":"K\u0131rklareli \u0130l Tar\u0131m ve Orman M\u00fcd\u00fcrl\u00fc\u011f\u00fc G\u0131da Kontrol \u015eubesi ekipleri, Ramazan ay\u0131nda denetimleri s\u0131kla\u015ft\u0131rd\u0131. Kent merkezi ile il\u00e7elerde bulunan f\u0131r\u0131n,","breadcrumb":{"@id":"https:\/\/e-ciftlik.com\/haberler\/tarim\/kirklarelinde-ramazan-ayinda-denetimler-hiz-kazandi\/#breadcrumb"},"inLanguage":"tr","potentialAction":[{"@type":"ReadAction","target":["https:\/\/e-ciftlik.com\/haberler\/tarim\/kirklarelinde-ramazan-ayinda-denetimler-hiz-kazandi\/"]}]},{"@type":"ImageObject","inLanguage":"tr","@id":"https:\/\/e-ciftlik.com\/haberler\/tarim\/kirklarelinde-ramazan-ayinda-denetimler-hiz-kazandi\/#primaryimage","url":"https:\/\/e-ciftlik.com\/haberler\/wp-content\/uploads\/2025\/03\/kirklareli-nde-ramazan-ayinda-denetimler-deva-18441680_amp.jpg","contentUrl":"https:\/\/e-ciftlik.com\/haberler\/wp-content\/uploads\/2025\/03\/kirklareli-nde-ramazan-ayinda-denetimler-deva-18441680_amp.jpg","width":1200,"height":900},{"@type":"BreadcrumbList","@id":"https:\/\/e-ciftlik.com\/haberler\/tarim\/kirklarelinde-ramazan-ayinda-denetimler-hiz-kazandi\/#breadcrumb","itemListElement":[{"@type":"ListItem","position":1,"name":"Anasayfa","item":"https:\/\/e-ciftlik.com\/haberler\/"},{"@type":"ListItem","position":2,"name":"K\u0131rklareli\u2019nde Ramazan Ay\u0131nda Denetimler H\u0131z Kazand\u0131"}]},{"@type":"WebSite","@id":"https:\/\/e-ciftlik.com\/haberler\/#website","url":"https:\/\/e-ciftlik.com\/haberler\/","name":"E-\u00c7iftlik Haber | G\u00fcncel, Son Dakika Haberler, En Son Haber","description":"","publisher":{"@id":"https:\/\/e-ciftlik.com\/haberler\/#organization"},"potentialAction":[{"@type":"SearchAction","target":{"@type":"EntryPoint","urlTemplate":"https:\/\/e-ciftlik.com\/haberler\/?s={search_term_string}"},"query-input":{"@type":"PropertyValueSpecification","valueRequired":true,"valueName":"search_term_string"}}],"inLanguage":"tr"},{"@type":"Organization","@id":"https:\/\/e-ciftlik.com\/haberler\/#organization","name":"E-\u00c7\u0130FTL\u0130K HABER","url":"https:\/\/e-ciftlik.com\/haberler\/","logo":{"@type":"ImageObject","inLanguage":"tr","@id":"https:\/\/e-ciftlik.com\/haberler\/#\/schema\/logo\/image\/","url":"https:\/\/e-ciftlik.com\/haberler\/wp-content\/uploads\/2024\/06\/cropped-cropped-favicon-1-2.png","contentUrl":"https:\/\/e-ciftlik.com\/haberler\/wp-content\/uploads\/2024\/06\/cropped-cropped-favicon-1-2.png","width":512,"height":512,"caption":"E-\u00c7\u0130FTL\u0130K HABER"},"image":{"@id":"https:\/\/e-ciftlik.com\/haberler\/#\/schema\/logo\/image\/"},"sameAs":["https:\/\/www.facebook.com\/eciftlikturkiye","https:\/\/x.com\/eciftlikresmi","https:\/\/www.instagram.com\/eciftlikresmi\/"]},{"@type":"Person","@id":"https:\/\/e-ciftlik.com\/haberler\/#\/schema\/person\/d2f4fee3143d7f72be82cb887d51b00a","name":"Haber Merkezi","image":{"@type":"ImageObject","inLanguage":"tr","@id":"https:\/\/secure.gravatar.com\/avatar\/6c27d641914e66c1d0452c92716002398782818991d86db1c2cccb531e7c7c82?s=96&d=mm&r=g","url":"https:\/\/secure.gravatar.com\/avatar\/6c27d641914e66c1d0452c92716002398782818991d86db1c2cccb531e7c7c82?s=96&d=mm&r=g","contentUrl":"https:\/\/secure.gravatar.com\/avatar\/6c27d641914e66c1d0452c92716002398782818991d86db1c2cccb531e7c7c82?s=96&d=mm&r=g","caption":"Haber Merkezi"},"sameAs":["http:\/\/e-ciftlik.com\/haberler"]}]}},"_links":{"self":[{"href":"https:\/\/e-ciftlik.com\/haberler\/wp-json\/wp\/v2\/posts\/85995","targetHints":{"allow":["GET"]}}],"collection":[{"href":"https:\/\/e-ciftlik.com\/haberler\/wp-json\/wp\/v2\/posts"}],"about":[{"href":"https:\/\/e-ciftlik.com\/haberler\/wp-json\/wp\/v2\/types\/post"}],"author":[{"embeddable":true,"href":"https:\/\/e-ciftlik.com\/haberler\/wp-json\/wp\/v2\/users\/1"}],"replies":[{"embeddable":true,"href":"https:\/\/e-ciftlik.com\/haberler\/wp-json\/wp\/v2\/comments?post=85995"}],"version-history":[{"count":0,"href":"https:\/\/e-ciftlik.com\/haberler\/wp-json\/wp\/v2\/posts\/85995\/revisions"}],"wp:featuredmedia":[{"embeddable":true,"href":"https:\/\/e-ciftlik.com\/haberler\/wp-json\/wp\/v2\/media\/85996"}],"wp:attachment":[{"href":"https:\/\/e-ciftlik.com\/haberler\/wp-json\/wp\/v2\/media?parent=85995"}],"wp:term":[{"taxonomy":"category","embeddable":true,"href":"https:\/\/e-ciftlik.com\/haberler\/wp-json\/wp\/v2\/categories?post=85995"},{"taxonomy":"post_tag","embeddable":true,"href":"https:\/\/e-ciftlik.com\/haberler\/wp-json\/wp\/v2\/tags?post=85995"}],"curies":[{"name":"wp","href":"https:\/\/api.w.org\/{rel}","templated":true}]}}