{"id":86018,"date":"2025-03-11T12:59:00","date_gmt":"2025-03-11T12:59:00","guid":{"rendered":"https:\/\/e-ciftlik.com\/haberler\/tarim\/chp-milletvekili-iznik-golundeki-su-krizini-meclis-gundemine-tasidi\/"},"modified":"2025-03-11T12:59:00","modified_gmt":"2025-03-11T12:59:00","slug":"chp-milletvekili-iznik-golundeki-su-krizini-meclis-gundemine-tasidi","status":"publish","type":"post","link":"https:\/\/e-ciftlik.com\/haberler\/tarim\/chp-milletvekili-iznik-golundeki-su-krizini-meclis-gundemine-tasidi\/","title":{"rendered":"CHP Milletvekili \u0130znik G\u00f6l\u00fc&#8217;ndeki Su Krizini Meclis G\u00fcndemine Ta\u015f\u0131d\u0131"},"content":{"rendered":"<p>CHP Bursa Milletvekili Orhan Sar\u0131bal, \u0130znik&#8217;in tar\u0131msal sulamaya kapat\u0131lmas\u0131na ili\u015fkin \u00c7evre, \u015eehircilik ve \u0130klim De\u011fi\u015fikli\u011fi Bakan\u0131 Murat Kurum&#8217;a yaz\u0131l\u0131 soru \u00f6nergesi verdi. Sar\u0131bal, \u0130znik G\u00f6l\u00fc&#8217;nden ka\u00e7 sanayi tesisinin su temin etti\u011fini, tar\u0131msal sulama yasaklan\u0131rken, sanayi tesislerine su tahsis edilmesinin gerek\u00e7esini, sanayi tesislerinin \u0130znik G\u00f6l\u00fc&#8217;ne b\u0131rakt\u0131\u011f\u0131 at\u0131k sular\u0131n denetlenip denetlenmedi\u011fini sordu.<\/p>\n<p>Bursa&#8217;n\u0131n en \u00f6nemli do\u011fal su kaynaklar\u0131ndan biri olan \u0130znik G\u00f6l\u00fc&#8217;nde su seviyesi kritik seviyeye d\u00fc\u015ft\u00fc. Ya\u015fanan kurakl\u0131k nedeniyle g\u00f6lden tar\u0131msal sulama yap\u0131lmas\u0131 yasaklan\u0131rken, sanayi tesislerinin su kullan\u0131m\u0131na y\u00f6nelik herhangi bir k\u0131s\u0131tlama getirilmemesi tart\u0131\u015fma yaratt\u0131. Konuyu T\u00fcrkiye B\u00fcy\u00fck Millet Meclisi g\u00fcndemine ta\u015f\u0131yan CHP Bursa Milletvekili ve PM \u00dcyesi Orhan Sar\u0131bal, \u00c7evre, \u015eehircilik ve \u0130klim De\u011fi\u015fikli\u011fi Bakan\u0131 Murat Kurum&#8217;a yaz\u0131l\u0131 soru \u00f6nergesi verdi.<\/p>\n<p>Orhan Sar\u0131bal, \u00c7evre, \u015eehircilik ve \u0130klim De\u011fi\u015fikli\u011fi Bakan\u0131 Murat Kurum&#8217;a; \u0130znik G\u00f6l\u00fc&#8217;nden ka\u00e7 sanayi tesisinin su temin etti\u011fini, 5 y\u0131ll\u0131k kullan\u0131lan su miktar\u0131 verilerini, tar\u0131msal sulama yasaklan\u0131rken, sanayi tesislerine su tahsis edilmesinin gerek\u00e7esini, sanayi tesislerinin \u0130znik G\u00f6l\u00fc&#8217;ne b\u0131rakt\u0131\u011f\u0131 at\u0131k sular\u0131n denetlenip denetlenmedi\u011fini, kirlilik oranlar\u0131n\u0131, sanayi tesislerinin su kullan\u0131m\u0131na k\u0131s\u0131tlama getirilip getirilmeyece\u011fini sordu.<\/p>\n<p>Devlet Su \u0130\u015fleri 1. B\u00f6lge M\u00fcd\u00fcrl\u00fc\u011f\u00fc taraf\u0131ndan haz\u0131rlanan &#8216;Kurak \u015eartlarda Sulama Y\u00f6ntemi Faaliyetleri&#8217; raporuna g\u00f6re, Marmara B\u00f6lgesi&#8217;nde ya\u015fanan su krizinin belgelendi\u011fini kaydeden Sar\u0131bal, 2024 y\u0131l\u0131 Ocak ay\u0131na g\u00f6re ya\u011f\u0131\u015flarda y\u00fczde 42 azalma g\u00f6r\u00fcld\u00fc\u011f\u00fcn\u00fc, son 23 y\u0131l\u0131n en kurak Haziran ay\u0131n\u0131n ya\u015fand\u0131\u011f\u0131n\u0131 s\u00f6yledi.<\/p>\n<p>K\u00fcresel \u0131s\u0131nma ve yetersiz ya\u011f\u0131\u015flar\u0131n etkisiyle \u0130znik G\u00f6l\u00fc&#8217;n\u00fc besleyen kaynaklar\u0131n giderek azald\u0131\u011f\u0131na dikkati \u00e7eken Sar\u0131bal, \u015funlar\u0131 kaydetti:<\/p>\n<p>&#8220;Rapora g\u00f6re 2022&#8217;de y\u00fczde 16, 2023&#8217;te y\u00fczde 40 ve 2024&#8217;te y\u00fczde 30 oran\u0131nda su kayb\u0131 ya\u015fanmaktad\u0131r. Buharla\u015fma nedeniyle \u0130znik G\u00f6l\u00fc&#8217;ne giren toplam su miktar\u0131 yetersiz kalmakta ve su a\u00e7\u0131\u011f\u0131 y\u0131ll\u0131k 65 milyon metrek\u00fcpe ula\u015ft\u0131. G\u00f6l\u00fcn minimum i\u015fletme kotu 83,30 metre olmas\u0131na ra\u011fmen, 28 \u015eubat 2025 itibar\u0131yla su seviyesi 82,80 metreye kadar d\u00fc\u015ft\u00fc. Bu durum, g\u00f6lden su \u00e7eken pompalar\u0131n i\u015flevsiz hale gelmesine ve 16 bin 28 hektarl\u0131k tar\u0131m arazisine sulama suyu verilememesine neden oldu. Bu veriler \u0131\u015f\u0131\u011f\u0131nda, \u0130znik G\u00f6l\u00fc&#8217;nden su alan t\u00fcm pompaj sulamalar\u0131 iptal edildi. Keramet, G\u00f6lyaka-Balar\u0131m-Orhangazi II, \u0130znik ve Boyal\u0131ca pompaj sulamalar\u0131 ask\u0131ya al\u0131nd\u0131. \u0130znik G\u00f6l\u00fc&#8217;nden su tahsisi durduruldu. G\u00f6l seviyesi 83,30 metreye ula\u015fmad\u0131k\u00e7a tar\u0131msal sulama yap\u0131lmayacak. \u0130znik G\u00f6l\u00fc ile birlikte \u00c7ak\u0131rl\u0131 G\u00f6leti ve \u00c7avu\u015fk\u00f6y G\u00f6leti&#8217;nde de su k\u0131s\u0131tlamas\u0131na gidildi. 2025 sulama sezonunda: Tar\u0131m arazilerinde y\u00fczde 50 oran\u0131nda kuru tar\u0131m uygulanaca\u011f\u0131 ifade edildi. Sulama alan\u0131 d\u0131\u015f\u0131ndaki b\u00f6lgelere su verilmeyece\u011fi belirtildi. Buna ra\u011fmen, \u0130znik G\u00f6l\u00fc \u00e7evresinde faaliyet g\u00f6steren sanayi tesislerinin su kullan\u0131m\u0131yla ilgili herhangi bir k\u0131s\u0131tlama getirilmedi.&#8221;<\/p>\n<p>\u0130znik G\u00f6l\u00fc Koruma B\u00f6lgesi&#8217;nin y\u0131llar i\u00e7inde sanayi b\u00f6lgesi oldu\u011funu, onlarca tesisin ya g\u00f6lden su \u00e7ekti\u011fini ya da g\u00f6l\u00fc besleyen su kaynaklar\u0131n\u0131 s\u00f6m\u00fcrd\u00fc\u011f\u00fcn\u00fc dile getiren Orhan Sar\u0131bal, &#8220;AKP iktidar\u0131 taraf\u0131ndan \u00f6zel yasalarla korunan Amerikan Cargill, Helta\u015f ve di\u011fer fabrikalar g\u00f6lden su \u00e7ekmeye devam ederken, g\u00f6zden \u00e7\u0131kar\u0131lan yine \u00e7ift\u00e7i oldu. \u00c7ift\u00e7i tar\u0131m yapmas\u0131n, topra\u011f\u0131n\u0131 ekmesin, ya\u011fmur duas\u0131na \u00e7\u0131ks\u0131n, fabrikalar, \u0130znik&#8217;in suyunu s\u00f6m\u00fcrs\u00fcn. \u00c7ift\u00e7inin tarlas\u0131n\u0131 sulamas\u0131na izin vermezken sanayi tesislerine g\u00f6lden su \u00e7ekme ayr\u0131cal\u0131\u011f\u0131 tan\u0131mak \u00e7ifte standartt\u0131r. Tar\u0131m\u0131 bitirmeye, \u00fcretimi durdurmaya, \u00e7ift\u00e7iyi topra\u011f\u0131ndan koparmaya \u00e7al\u0131\u015fan, \u00fclkenin t\u00fcm kaynaklar\u0131n\u0131 sermayeye pe\u015fke\u015f \u00e7eken bu anlay\u0131\u015f\u0131 reddediyoruz&#8221; dedi.<\/p>\n","protected":false},"excerpt":{"rendered":"<p>CHP Bursa Milletvekili Orhan Sar\u0131bal, \u0130znik&#8217;in tar\u0131msal sulamaya kapat\u0131lmas\u0131na ili\u015fkin \u00c7evre, \u015eehircilik ve \u0130klim De\u011fi\u015fikli\u011fi&hellip;<\/p>\n","protected":false},"author":1,"featured_media":0,"comment_status":"open","ping_status":"open","sticky":false,"template":"","format":"standard","meta":{"footnotes":""},"categories":[9],"tags":[],"class_list":["post-86018","post","type-post","status-publish","format-standard","hentry","category-tarim"],"yoast_head":"<!-- This site is optimized with the Yoast SEO Premium plugin v24.3 (Yoast SEO v27.4) - https:\/\/yoast.com\/product\/yoast-seo-premium-wordpress\/ -->\n<title>CHP Milletvekili \u0130znik G\u00f6l\u00fc&#039;ndeki Su Krizini Meclis G\u00fcndemine Ta\u015f\u0131d\u0131 - E-&Ccedil;\u0130FTL\u0130K HABER<\/title>\n<meta name=\"description\" content=\"CHP Bursa Milletvekili Orhan Sar\u0131bal, \u0130znik&#039;in tar\u0131msal sulamaya kapat\u0131lmas\u0131na ili\u015fkin \u00c7evre, \u015eehircilik ve \u0130klim De\u011fi\u015fikli\u011fi Bakan\u0131 Murat Kurum&#039;a yaz\u0131l\u0131\" \/>\n<meta name=\"robots\" content=\"index, follow, max-snippet:-1, max-image-preview:large, max-video-preview:-1\" \/>\n<link rel=\"canonical\" href=\"https:\/\/e-ciftlik.com\/haberler\/tarim\/chp-milletvekili-iznik-golundeki-su-krizini-meclis-gundemine-tasidi\/\" \/>\n<meta property=\"og:locale\" content=\"tr_TR\" \/>\n<meta property=\"og:type\" content=\"article\" \/>\n<meta property=\"og:title\" content=\"CHP Milletvekili \u0130znik G\u00f6l\u00fc&#039;ndeki Su Krizini Meclis G\u00fcndemine Ta\u015f\u0131d\u0131\" \/>\n<meta property=\"og:description\" content=\"CHP Bursa Milletvekili Orhan Sar\u0131bal, \u0130znik&#039;in tar\u0131msal sulamaya kapat\u0131lmas\u0131na ili\u015fkin \u00c7evre, \u015eehircilik ve \u0130klim De\u011fi\u015fikli\u011fi Bakan\u0131 Murat Kurum&#039;a yaz\u0131l\u0131\" \/>\n<meta property=\"og:url\" content=\"https:\/\/e-ciftlik.com\/haberler\/tarim\/chp-milletvekili-iznik-golundeki-su-krizini-meclis-gundemine-tasidi\/\" \/>\n<meta property=\"og:site_name\" content=\"E-&Ccedil;\u0130FTL\u0130K HABER\" \/>\n<meta property=\"article:publisher\" content=\"https:\/\/www.facebook.com\/eciftlikturkiye\" \/>\n<meta property=\"article:published_time\" content=\"2025-03-11T12:59:00+00:00\" \/>\n<meta name=\"author\" content=\"Haber Merkezi\" \/>\n<meta name=\"twitter:card\" content=\"summary_large_image\" \/>\n<meta name=\"twitter:creator\" content=\"@eciftlikresmi\" \/>\n<meta name=\"twitter:site\" content=\"@eciftlikresmi\" \/>\n<meta name=\"twitter:label1\" content=\"Yazan:\" \/>\n\t<meta name=\"twitter:data1\" content=\"Haber Merkezi\" \/>\n\t<meta name=\"twitter:label2\" content=\"Tahmini okuma s\u00fcresi\" \/>\n\t<meta name=\"twitter:data2\" content=\"3 dakika\" \/>\n<script type=\"application\/ld+json\" class=\"yoast-schema-graph\">{\"@context\":\"https:\\\/\\\/schema.org\",\"@graph\":[{\"@type\":\"NewsArticle\",\"@id\":\"https:\\\/\\\/e-ciftlik.com\\\/haberler\\\/tarim\\\/chp-milletvekili-iznik-golundeki-su-krizini-meclis-gundemine-tasidi\\\/#article\",\"isPartOf\":{\"@id\":\"https:\\\/\\\/e-ciftlik.com\\\/haberler\\\/tarim\\\/chp-milletvekili-iznik-golundeki-su-krizini-meclis-gundemine-tasidi\\\/\"},\"author\":{\"name\":\"Haber Merkezi\",\"@id\":\"https:\\\/\\\/e-ciftlik.com\\\/haberler\\\/#\\\/schema\\\/person\\\/d2f4fee3143d7f72be82cb887d51b00a\"},\"headline\":\"CHP Milletvekili \u0130znik G\u00f6l\u00fc&#8217;ndeki Su Krizini Meclis G\u00fcndemine Ta\u015f\u0131d\u0131\",\"datePublished\":\"2025-03-11T12:59:00+00:00\",\"mainEntityOfPage\":{\"@id\":\"https:\\\/\\\/e-ciftlik.com\\\/haberler\\\/tarim\\\/chp-milletvekili-iznik-golundeki-su-krizini-meclis-gundemine-tasidi\\\/\"},\"wordCount\":694,\"commentCount\":0,\"publisher\":{\"@id\":\"https:\\\/\\\/e-ciftlik.com\\\/haberler\\\/#organization\"},\"articleSection\":[\"Tar\u0131m\"],\"inLanguage\":\"tr\",\"potentialAction\":[{\"@type\":\"CommentAction\",\"name\":\"Comment\",\"target\":[\"https:\\\/\\\/e-ciftlik.com\\\/haberler\\\/tarim\\\/chp-milletvekili-iznik-golundeki-su-krizini-meclis-gundemine-tasidi\\\/#respond\"]}]},{\"@type\":\"WebPage\",\"@id\":\"https:\\\/\\\/e-ciftlik.com\\\/haberler\\\/tarim\\\/chp-milletvekili-iznik-golundeki-su-krizini-meclis-gundemine-tasidi\\\/\",\"url\":\"https:\\\/\\\/e-ciftlik.com\\\/haberler\\\/tarim\\\/chp-milletvekili-iznik-golundeki-su-krizini-meclis-gundemine-tasidi\\\/\",\"name\":\"CHP Milletvekili \u0130znik G\u00f6l\u00fc'ndeki Su Krizini Meclis G\u00fcndemine Ta\u015f\u0131d\u0131 - E-&Ccedil;\u0130FTL\u0130K HABER\",\"isPartOf\":{\"@id\":\"https:\\\/\\\/e-ciftlik.com\\\/haberler\\\/#website\"},\"datePublished\":\"2025-03-11T12:59:00+00:00\",\"description\":\"CHP Bursa Milletvekili Orhan Sar\u0131bal, \u0130znik'in tar\u0131msal sulamaya kapat\u0131lmas\u0131na ili\u015fkin \u00c7evre, \u015eehircilik ve \u0130klim De\u011fi\u015fikli\u011fi Bakan\u0131 Murat Kurum'a yaz\u0131l\u0131\",\"breadcrumb\":{\"@id\":\"https:\\\/\\\/e-ciftlik.com\\\/haberler\\\/tarim\\\/chp-milletvekili-iznik-golundeki-su-krizini-meclis-gundemine-tasidi\\\/#breadcrumb\"},\"inLanguage\":\"tr\",\"potentialAction\":[{\"@type\":\"ReadAction\",\"target\":[\"https:\\\/\\\/e-ciftlik.com\\\/haberler\\\/tarim\\\/chp-milletvekili-iznik-golundeki-su-krizini-meclis-gundemine-tasidi\\\/\"]}]},{\"@type\":\"BreadcrumbList\",\"@id\":\"https:\\\/\\\/e-ciftlik.com\\\/haberler\\\/tarim\\\/chp-milletvekili-iznik-golundeki-su-krizini-meclis-gundemine-tasidi\\\/#breadcrumb\",\"itemListElement\":[{\"@type\":\"ListItem\",\"position\":1,\"name\":\"Anasayfa\",\"item\":\"https:\\\/\\\/e-ciftlik.com\\\/haberler\\\/\"},{\"@type\":\"ListItem\",\"position\":2,\"name\":\"CHP Milletvekili \u0130znik G\u00f6l\u00fc&#8217;ndeki Su Krizini Meclis G\u00fcndemine Ta\u015f\u0131d\u0131\"}]},{\"@type\":\"WebSite\",\"@id\":\"https:\\\/\\\/e-ciftlik.com\\\/haberler\\\/#website\",\"url\":\"https:\\\/\\\/e-ciftlik.com\\\/haberler\\\/\",\"name\":\"E-\u00c7iftlik Haber | G\u00fcncel, Son Dakika Haberler, En Son Haber\",\"description\":\"\",\"publisher\":{\"@id\":\"https:\\\/\\\/e-ciftlik.com\\\/haberler\\\/#organization\"},\"potentialAction\":[{\"@type\":\"SearchAction\",\"target\":{\"@type\":\"EntryPoint\",\"urlTemplate\":\"https:\\\/\\\/e-ciftlik.com\\\/haberler\\\/?s={search_term_string}\"},\"query-input\":{\"@type\":\"PropertyValueSpecification\",\"valueRequired\":true,\"valueName\":\"search_term_string\"}}],\"inLanguage\":\"tr\"},{\"@type\":\"Organization\",\"@id\":\"https:\\\/\\\/e-ciftlik.com\\\/haberler\\\/#organization\",\"name\":\"E-\u00c7\u0130FTL\u0130K HABER\",\"url\":\"https:\\\/\\\/e-ciftlik.com\\\/haberler\\\/\",\"logo\":{\"@type\":\"ImageObject\",\"inLanguage\":\"tr\",\"@id\":\"https:\\\/\\\/e-ciftlik.com\\\/haberler\\\/#\\\/schema\\\/logo\\\/image\\\/\",\"url\":\"https:\\\/\\\/e-ciftlik.com\\\/haberler\\\/wp-content\\\/uploads\\\/2024\\\/06\\\/cropped-cropped-favicon-1-2.png\",\"contentUrl\":\"https:\\\/\\\/e-ciftlik.com\\\/haberler\\\/wp-content\\\/uploads\\\/2024\\\/06\\\/cropped-cropped-favicon-1-2.png\",\"width\":512,\"height\":512,\"caption\":\"E-\u00c7\u0130FTL\u0130K HABER\"},\"image\":{\"@id\":\"https:\\\/\\\/e-ciftlik.com\\\/haberler\\\/#\\\/schema\\\/logo\\\/image\\\/\"},\"sameAs\":[\"https:\\\/\\\/www.facebook.com\\\/eciftlikturkiye\",\"https:\\\/\\\/x.com\\\/eciftlikresmi\",\"https:\\\/\\\/www.instagram.com\\\/eciftlikresmi\\\/\"]},{\"@type\":\"Person\",\"@id\":\"https:\\\/\\\/e-ciftlik.com\\\/haberler\\\/#\\\/schema\\\/person\\\/d2f4fee3143d7f72be82cb887d51b00a\",\"name\":\"Haber Merkezi\",\"image\":{\"@type\":\"ImageObject\",\"inLanguage\":\"tr\",\"@id\":\"https:\\\/\\\/secure.gravatar.com\\\/avatar\\\/6c27d641914e66c1d0452c92716002398782818991d86db1c2cccb531e7c7c82?s=96&d=mm&r=g\",\"url\":\"https:\\\/\\\/secure.gravatar.com\\\/avatar\\\/6c27d641914e66c1d0452c92716002398782818991d86db1c2cccb531e7c7c82?s=96&d=mm&r=g\",\"contentUrl\":\"https:\\\/\\\/secure.gravatar.com\\\/avatar\\\/6c27d641914e66c1d0452c92716002398782818991d86db1c2cccb531e7c7c82?s=96&d=mm&r=g\",\"caption\":\"Haber Merkezi\"},\"sameAs\":[\"http:\\\/\\\/e-ciftlik.com\\\/haberler\"]}]}<\/script>\n<!-- \/ Yoast SEO Premium plugin. -->","yoast_head_json":{"title":"CHP Milletvekili \u0130znik G\u00f6l\u00fc'ndeki Su Krizini Meclis G\u00fcndemine Ta\u015f\u0131d\u0131 - E-&Ccedil;\u0130FTL\u0130K HABER","description":"CHP Bursa Milletvekili Orhan Sar\u0131bal, \u0130znik'in tar\u0131msal sulamaya kapat\u0131lmas\u0131na ili\u015fkin \u00c7evre, \u015eehircilik ve \u0130klim De\u011fi\u015fikli\u011fi Bakan\u0131 Murat Kurum'a yaz\u0131l\u0131","robots":{"index":"index","follow":"follow","max-snippet":"max-snippet:-1","max-image-preview":"max-image-preview:large","max-video-preview":"max-video-preview:-1"},"canonical":"https:\/\/e-ciftlik.com\/haberler\/tarim\/chp-milletvekili-iznik-golundeki-su-krizini-meclis-gundemine-tasidi\/","og_locale":"tr_TR","og_type":"article","og_title":"CHP Milletvekili \u0130znik G\u00f6l\u00fc'ndeki Su Krizini Meclis G\u00fcndemine Ta\u015f\u0131d\u0131","og_description":"CHP Bursa Milletvekili Orhan Sar\u0131bal, \u0130znik'in tar\u0131msal sulamaya kapat\u0131lmas\u0131na ili\u015fkin \u00c7evre, \u015eehircilik ve \u0130klim De\u011fi\u015fikli\u011fi Bakan\u0131 Murat Kurum'a yaz\u0131l\u0131","og_url":"https:\/\/e-ciftlik.com\/haberler\/tarim\/chp-milletvekili-iznik-golundeki-su-krizini-meclis-gundemine-tasidi\/","og_site_name":"E-&Ccedil;\u0130FTL\u0130K HABER","article_publisher":"https:\/\/www.facebook.com\/eciftlikturkiye","article_published_time":"2025-03-11T12:59:00+00:00","author":"Haber Merkezi","twitter_card":"summary_large_image","twitter_creator":"@eciftlikresmi","twitter_site":"@eciftlikresmi","twitter_misc":{"Yazan:":"Haber Merkezi","Tahmini okuma s\u00fcresi":"3 dakika"},"schema":{"@context":"https:\/\/schema.org","@graph":[{"@type":"NewsArticle","@id":"https:\/\/e-ciftlik.com\/haberler\/tarim\/chp-milletvekili-iznik-golundeki-su-krizini-meclis-gundemine-tasidi\/#article","isPartOf":{"@id":"https:\/\/e-ciftlik.com\/haberler\/tarim\/chp-milletvekili-iznik-golundeki-su-krizini-meclis-gundemine-tasidi\/"},"author":{"name":"Haber Merkezi","@id":"https:\/\/e-ciftlik.com\/haberler\/#\/schema\/person\/d2f4fee3143d7f72be82cb887d51b00a"},"headline":"CHP Milletvekili \u0130znik G\u00f6l\u00fc&#8217;ndeki Su Krizini Meclis G\u00fcndemine Ta\u015f\u0131d\u0131","datePublished":"2025-03-11T12:59:00+00:00","mainEntityOfPage":{"@id":"https:\/\/e-ciftlik.com\/haberler\/tarim\/chp-milletvekili-iznik-golundeki-su-krizini-meclis-gundemine-tasidi\/"},"wordCount":694,"commentCount":0,"publisher":{"@id":"https:\/\/e-ciftlik.com\/haberler\/#organization"},"articleSection":["Tar\u0131m"],"inLanguage":"tr","potentialAction":[{"@type":"CommentAction","name":"Comment","target":["https:\/\/e-ciftlik.com\/haberler\/tarim\/chp-milletvekili-iznik-golundeki-su-krizini-meclis-gundemine-tasidi\/#respond"]}]},{"@type":"WebPage","@id":"https:\/\/e-ciftlik.com\/haberler\/tarim\/chp-milletvekili-iznik-golundeki-su-krizini-meclis-gundemine-tasidi\/","url":"https:\/\/e-ciftlik.com\/haberler\/tarim\/chp-milletvekili-iznik-golundeki-su-krizini-meclis-gundemine-tasidi\/","name":"CHP Milletvekili \u0130znik G\u00f6l\u00fc'ndeki Su Krizini Meclis G\u00fcndemine Ta\u015f\u0131d\u0131 - E-&Ccedil;\u0130FTL\u0130K HABER","isPartOf":{"@id":"https:\/\/e-ciftlik.com\/haberler\/#website"},"datePublished":"2025-03-11T12:59:00+00:00","description":"CHP Bursa Milletvekili Orhan Sar\u0131bal, \u0130znik'in tar\u0131msal sulamaya kapat\u0131lmas\u0131na ili\u015fkin \u00c7evre, \u015eehircilik ve \u0130klim De\u011fi\u015fikli\u011fi Bakan\u0131 Murat Kurum'a yaz\u0131l\u0131","breadcrumb":{"@id":"https:\/\/e-ciftlik.com\/haberler\/tarim\/chp-milletvekili-iznik-golundeki-su-krizini-meclis-gundemine-tasidi\/#breadcrumb"},"inLanguage":"tr","potentialAction":[{"@type":"ReadAction","target":["https:\/\/e-ciftlik.com\/haberler\/tarim\/chp-milletvekili-iznik-golundeki-su-krizini-meclis-gundemine-tasidi\/"]}]},{"@type":"BreadcrumbList","@id":"https:\/\/e-ciftlik.com\/haberler\/tarim\/chp-milletvekili-iznik-golundeki-su-krizini-meclis-gundemine-tasidi\/#breadcrumb","itemListElement":[{"@type":"ListItem","position":1,"name":"Anasayfa","item":"https:\/\/e-ciftlik.com\/haberler\/"},{"@type":"ListItem","position":2,"name":"CHP Milletvekili \u0130znik G\u00f6l\u00fc&#8217;ndeki Su Krizini Meclis G\u00fcndemine Ta\u015f\u0131d\u0131"}]},{"@type":"WebSite","@id":"https:\/\/e-ciftlik.com\/haberler\/#website","url":"https:\/\/e-ciftlik.com\/haberler\/","name":"E-\u00c7iftlik Haber | G\u00fcncel, Son Dakika Haberler, En Son Haber","description":"","publisher":{"@id":"https:\/\/e-ciftlik.com\/haberler\/#organization"},"potentialAction":[{"@type":"SearchAction","target":{"@type":"EntryPoint","urlTemplate":"https:\/\/e-ciftlik.com\/haberler\/?s={search_term_string}"},"query-input":{"@type":"PropertyValueSpecification","valueRequired":true,"valueName":"search_term_string"}}],"inLanguage":"tr"},{"@type":"Organization","@id":"https:\/\/e-ciftlik.com\/haberler\/#organization","name":"E-\u00c7\u0130FTL\u0130K HABER","url":"https:\/\/e-ciftlik.com\/haberler\/","logo":{"@type":"ImageObject","inLanguage":"tr","@id":"https:\/\/e-ciftlik.com\/haberler\/#\/schema\/logo\/image\/","url":"https:\/\/e-ciftlik.com\/haberler\/wp-content\/uploads\/2024\/06\/cropped-cropped-favicon-1-2.png","contentUrl":"https:\/\/e-ciftlik.com\/haberler\/wp-content\/uploads\/2024\/06\/cropped-cropped-favicon-1-2.png","width":512,"height":512,"caption":"E-\u00c7\u0130FTL\u0130K HABER"},"image":{"@id":"https:\/\/e-ciftlik.com\/haberler\/#\/schema\/logo\/image\/"},"sameAs":["https:\/\/www.facebook.com\/eciftlikturkiye","https:\/\/x.com\/eciftlikresmi","https:\/\/www.instagram.com\/eciftlikresmi\/"]},{"@type":"Person","@id":"https:\/\/e-ciftlik.com\/haberler\/#\/schema\/person\/d2f4fee3143d7f72be82cb887d51b00a","name":"Haber Merkezi","image":{"@type":"ImageObject","inLanguage":"tr","@id":"https:\/\/secure.gravatar.com\/avatar\/6c27d641914e66c1d0452c92716002398782818991d86db1c2cccb531e7c7c82?s=96&d=mm&r=g","url":"https:\/\/secure.gravatar.com\/avatar\/6c27d641914e66c1d0452c92716002398782818991d86db1c2cccb531e7c7c82?s=96&d=mm&r=g","contentUrl":"https:\/\/secure.gravatar.com\/avatar\/6c27d641914e66c1d0452c92716002398782818991d86db1c2cccb531e7c7c82?s=96&d=mm&r=g","caption":"Haber Merkezi"},"sameAs":["http:\/\/e-ciftlik.com\/haberler"]}]}},"_links":{"self":[{"href":"https:\/\/e-ciftlik.com\/haberler\/wp-json\/wp\/v2\/posts\/86018","targetHints":{"allow":["GET"]}}],"collection":[{"href":"https:\/\/e-ciftlik.com\/haberler\/wp-json\/wp\/v2\/posts"}],"about":[{"href":"https:\/\/e-ciftlik.com\/haberler\/wp-json\/wp\/v2\/types\/post"}],"author":[{"embeddable":true,"href":"https:\/\/e-ciftlik.com\/haberler\/wp-json\/wp\/v2\/users\/1"}],"replies":[{"embeddable":true,"href":"https:\/\/e-ciftlik.com\/haberler\/wp-json\/wp\/v2\/comments?post=86018"}],"version-history":[{"count":0,"href":"https:\/\/e-ciftlik.com\/haberler\/wp-json\/wp\/v2\/posts\/86018\/revisions"}],"wp:attachment":[{"href":"https:\/\/e-ciftlik.com\/haberler\/wp-json\/wp\/v2\/media?parent=86018"}],"wp:term":[{"taxonomy":"category","embeddable":true,"href":"https:\/\/e-ciftlik.com\/haberler\/wp-json\/wp\/v2\/categories?post=86018"},{"taxonomy":"post_tag","embeddable":true,"href":"https:\/\/e-ciftlik.com\/haberler\/wp-json\/wp\/v2\/tags?post=86018"}],"curies":[{"name":"wp","href":"https:\/\/api.w.org\/{rel}","templated":true}]}}