{"id":86265,"date":"2025-03-13T16:56:27","date_gmt":"2025-03-13T16:56:27","guid":{"rendered":"http:\/\/e-ciftlik.com\/haberler\/memur\/fitre-ve-fidye-2025-iste-merak-edilenler\/"},"modified":"2025-03-13T16:56:27","modified_gmt":"2025-03-13T16:56:27","slug":"fitre-ve-fidye-2025-iste-merak-edilenler","status":"publish","type":"post","link":"https:\/\/e-ciftlik.com\/haberler\/memur\/fitre-ve-fidye-2025-iste-merak-edilenler\/","title":{"rendered":"Fitre ve Fidye 2025: \u0130\u015fte Merak Edilenler!"},"content":{"rendered":"<p>Ramazan ay\u0131, manevi anlamda yo\u011fun ve ibadet dolu bir d\u00f6nemdir. Bu kutsal ay i\u00e7erisinde M\u00fcsl\u00fcmanlar oru\u00e7 ibadetini yerine getirirken ayn\u0131 zamanda fitre ve fidye gibi yard\u0131mla\u015fma ve dayan\u0131\u015fma ruhunu peki\u015ftirirler. 2025 y\u0131l\u0131 itibariyle fitre ve fidye miktarlar\u0131, Diyanet \u0130\u015fleri Ba\u015fkanl\u0131\u011f\u0131 taraf\u0131ndan belirlenmi\u015f ve duyurulmu\u015ftur. Fitre \u00fccreti 2025 y\u0131l\u0131nda ki\u015fi ba\u015f\u0131 180 TL olarak belirlenmi\u015ftir. Her y\u0131l enflasyon ve temel g\u0131da fiyatlar\u0131na g\u00f6re g\u00fcncellenen bu miktar, ki\u015fi ba\u015f\u0131na d\u00fc\u015fen bir sorumluluktur. \u00d6rne\u011fin, d\u00f6rt ki\u015filik bir aile toplamda 720 TL fitre vermelidir.<\/p>\n<p>Fitre, Ramazan ay\u0131n\u0131n sonunda, mali durumu elveri\u015fli olan her M\u00fcsl\u00fcman\u0131n vermesi gereken bir sadakad\u0131r. Fitre, oru\u00e7 ibadetinin kabul\u00fcne ve toplumda yard\u0131mla\u015fman\u0131n artmas\u0131na vesile olur. Fitre, \u00f6zellikle ihtiya\u00e7 sahiplerine ula\u015ft\u0131r\u0131larak onlar\u0131n Ramazan Bayram\u0131&#8217;na huzurlu ve mutlu girmelerini sa\u011flar.<\/p>\n<p>Kimlere fitre verilece\u011fi ve kimlerden fitre al\u0131naca\u011f\u0131 belirli kurallar \u00e7er\u00e7evesinde belirlenmi\u015ftir. Fakirler, yoksullar, bor\u00e7lular, yolda kalm\u0131\u015f ki\u015filer, \u00f6\u011frenciler, i\u015fsizler, yeni M\u00fcsl\u00fcmanlar ve Allah yolunda \u00e7al\u0131\u015fanlar fitre alabilir. Fitreyi maddi durumu elveri\u015fli olan M\u00fcsl\u00fcmanlar verir. Fitre, Ramazan ay\u0131 i\u00e7inde veya en ge\u00e7 Ramazan Bayram\u0131 namaz\u0131ndan \u00f6nce verilmelidir.<\/p>\n<p>Fitre, ihtiya\u00e7 sahiplerine onur k\u0131r\u0131c\u0131 bir \u015fekilde verilmemeli ve gizlilik i\u00e7inde teslim edilmelidir. Fitre vermek isteyenler yerel belediyelerin sosyal yard\u0131m birimlerine, Diyanet \u0130\u015fleri Ba\u015fkanl\u0131\u011f\u0131na veya hay\u0131r kurumlar\u0131na ba\u015fvurabilirler. Fidye ise oru\u00e7 tutamayan ve bunu kaza etme imkan\u0131 olmayan ki\u015filer i\u00e7in \u00f6denen bir bedeldir. Fidye miktar\u0131 da fitre ile ayn\u0131d\u0131r ve g\u00fcnl\u00fck 180 TL olarak belirlenmi\u015ftir.<\/p>\n<p>Sonu\u00e7 olarak, fitre ve fidye verirken dikkat edilmesi gereken bir\u00e7ok husus bulunmaktad\u0131r. Bu yard\u0131mlar\u0131n do\u011fru ki\u015filere ula\u015ft\u0131r\u0131lmas\u0131 ve \u0130slam&#8217;\u0131n yard\u0131mla\u015fma ruhuna uygun olarak hareket edilmesi \u00f6nemlidir. Her M\u00fcsl\u00fcman\u0131n fitre ve fidye gibi ibadetlerle topluma ve ihtiya\u00e7 sahiplerine destek olmas\u0131, Ramazan ay\u0131n\u0131n manevi \u00f6nemini peki\u015ftirir.<\/p>\n","protected":false},"excerpt":{"rendered":"<p>Ramazan ay\u0131, manevi anlamda yo\u011fun ve ibadet dolu bir d\u00f6nemdir. Bu kutsal ay i\u00e7erisinde M\u00fcsl\u00fcmanlar&hellip;<\/p>\n","protected":false},"author":1,"featured_media":86266,"comment_status":"open","ping_status":"open","sticky":false,"template":"","format":"standard","meta":{"footnotes":""},"categories":[11],"tags":[],"class_list":["post-86265","post","type-post","status-publish","format-standard","has-post-thumbnail","hentry","category-memur"],"yoast_head":"<!-- This site is optimized with the Yoast SEO Premium plugin v24.3 (Yoast SEO v27.4) - https:\/\/yoast.com\/product\/yoast-seo-premium-wordpress\/ -->\n<title>Fitre ve Fidye 2025: \u0130\u015fte Merak Edilenler! - E-&Ccedil;\u0130FTL\u0130K HABER<\/title>\n<meta name=\"description\" content=\"Ramazan ay\u0131, manevi anlamda yo\u011fun ve ibadet dolu bir d\u00f6nemdir. Bu kutsal ay i\u00e7erisinde M\u00fcsl\u00fcmanlar oru\u00e7 ibadetini yerine getirirken ayn\u0131 zamanda fitre ve\" \/>\n<meta name=\"robots\" content=\"index, follow, max-snippet:-1, max-image-preview:large, max-video-preview:-1\" \/>\n<link rel=\"canonical\" href=\"https:\/\/e-ciftlik.com\/haberler\/memur\/fitre-ve-fidye-2025-iste-merak-edilenler\/\" \/>\n<meta property=\"og:locale\" content=\"tr_TR\" \/>\n<meta property=\"og:type\" content=\"article\" \/>\n<meta property=\"og:title\" content=\"Fitre ve Fidye 2025: \u0130\u015fte Merak Edilenler!\" \/>\n<meta property=\"og:description\" content=\"Ramazan ay\u0131, manevi anlamda yo\u011fun ve ibadet dolu bir d\u00f6nemdir. Bu kutsal ay i\u00e7erisinde M\u00fcsl\u00fcmanlar oru\u00e7 ibadetini yerine getirirken ayn\u0131 zamanda fitre ve\" \/>\n<meta property=\"og:url\" content=\"https:\/\/e-ciftlik.com\/haberler\/memur\/fitre-ve-fidye-2025-iste-merak-edilenler\/\" \/>\n<meta property=\"og:site_name\" content=\"E-&Ccedil;\u0130FTL\u0130K HABER\" \/>\n<meta property=\"article:publisher\" content=\"https:\/\/www.facebook.com\/eciftlikturkiye\" \/>\n<meta property=\"article:published_time\" content=\"2025-03-13T16:56:27+00:00\" \/>\n<meta property=\"og:image\" content=\"https:\/\/e-ciftlik.com\/haberler\/wp-content\/uploads\/2025\/03\/7632.jpg\" \/>\n\t<meta property=\"og:image:width\" content=\"1640\" \/>\n\t<meta property=\"og:image:height\" content=\"924\" \/>\n\t<meta property=\"og:image:type\" content=\"image\/jpeg\" \/>\n<meta name=\"author\" content=\"Haber Merkezi\" \/>\n<meta name=\"twitter:card\" content=\"summary_large_image\" \/>\n<meta name=\"twitter:creator\" content=\"@eciftlikresmi\" \/>\n<meta name=\"twitter:site\" content=\"@eciftlikresmi\" \/>\n<meta name=\"twitter:label1\" content=\"Yazan:\" \/>\n\t<meta name=\"twitter:data1\" content=\"Haber Merkezi\" \/>\n\t<meta name=\"twitter:label2\" content=\"Tahmini okuma s\u00fcresi\" \/>\n\t<meta name=\"twitter:data2\" content=\"2 dakika\" \/>\n<script type=\"application\/ld+json\" class=\"yoast-schema-graph\">{\"@context\":\"https:\\\/\\\/schema.org\",\"@graph\":[{\"@type\":\"NewsArticle\",\"@id\":\"https:\\\/\\\/e-ciftlik.com\\\/haberler\\\/memur\\\/fitre-ve-fidye-2025-iste-merak-edilenler\\\/#article\",\"isPartOf\":{\"@id\":\"https:\\\/\\\/e-ciftlik.com\\\/haberler\\\/memur\\\/fitre-ve-fidye-2025-iste-merak-edilenler\\\/\"},\"author\":{\"name\":\"Haber Merkezi\",\"@id\":\"https:\\\/\\\/e-ciftlik.com\\\/haberler\\\/#\\\/schema\\\/person\\\/d2f4fee3143d7f72be82cb887d51b00a\"},\"headline\":\"Fitre ve Fidye 2025: \u0130\u015fte Merak Edilenler!\",\"datePublished\":\"2025-03-13T16:56:27+00:00\",\"mainEntityOfPage\":{\"@id\":\"https:\\\/\\\/e-ciftlik.com\\\/haberler\\\/memur\\\/fitre-ve-fidye-2025-iste-merak-edilenler\\\/\"},\"wordCount\":358,\"commentCount\":0,\"publisher\":{\"@id\":\"https:\\\/\\\/e-ciftlik.com\\\/haberler\\\/#organization\"},\"image\":{\"@id\":\"https:\\\/\\\/e-ciftlik.com\\\/haberler\\\/memur\\\/fitre-ve-fidye-2025-iste-merak-edilenler\\\/#primaryimage\"},\"thumbnailUrl\":\"https:\\\/\\\/e-ciftlik.com\\\/haberler\\\/wp-content\\\/uploads\\\/2025\\\/03\\\/7632.jpg\",\"articleSection\":[\"Memur\"],\"inLanguage\":\"tr\",\"potentialAction\":[{\"@type\":\"CommentAction\",\"name\":\"Comment\",\"target\":[\"https:\\\/\\\/e-ciftlik.com\\\/haberler\\\/memur\\\/fitre-ve-fidye-2025-iste-merak-edilenler\\\/#respond\"]}]},{\"@type\":\"WebPage\",\"@id\":\"https:\\\/\\\/e-ciftlik.com\\\/haberler\\\/memur\\\/fitre-ve-fidye-2025-iste-merak-edilenler\\\/\",\"url\":\"https:\\\/\\\/e-ciftlik.com\\\/haberler\\\/memur\\\/fitre-ve-fidye-2025-iste-merak-edilenler\\\/\",\"name\":\"Fitre ve Fidye 2025: \u0130\u015fte Merak Edilenler! - E-&Ccedil;\u0130FTL\u0130K HABER\",\"isPartOf\":{\"@id\":\"https:\\\/\\\/e-ciftlik.com\\\/haberler\\\/#website\"},\"primaryImageOfPage\":{\"@id\":\"https:\\\/\\\/e-ciftlik.com\\\/haberler\\\/memur\\\/fitre-ve-fidye-2025-iste-merak-edilenler\\\/#primaryimage\"},\"image\":{\"@id\":\"https:\\\/\\\/e-ciftlik.com\\\/haberler\\\/memur\\\/fitre-ve-fidye-2025-iste-merak-edilenler\\\/#primaryimage\"},\"thumbnailUrl\":\"https:\\\/\\\/e-ciftlik.com\\\/haberler\\\/wp-content\\\/uploads\\\/2025\\\/03\\\/7632.jpg\",\"datePublished\":\"2025-03-13T16:56:27+00:00\",\"description\":\"Ramazan ay\u0131, manevi anlamda yo\u011fun ve ibadet dolu bir d\u00f6nemdir. Bu kutsal ay i\u00e7erisinde M\u00fcsl\u00fcmanlar oru\u00e7 ibadetini yerine getirirken ayn\u0131 zamanda fitre ve\",\"breadcrumb\":{\"@id\":\"https:\\\/\\\/e-ciftlik.com\\\/haberler\\\/memur\\\/fitre-ve-fidye-2025-iste-merak-edilenler\\\/#breadcrumb\"},\"inLanguage\":\"tr\",\"potentialAction\":[{\"@type\":\"ReadAction\",\"target\":[\"https:\\\/\\\/e-ciftlik.com\\\/haberler\\\/memur\\\/fitre-ve-fidye-2025-iste-merak-edilenler\\\/\"]}]},{\"@type\":\"ImageObject\",\"inLanguage\":\"tr\",\"@id\":\"https:\\\/\\\/e-ciftlik.com\\\/haberler\\\/memur\\\/fitre-ve-fidye-2025-iste-merak-edilenler\\\/#primaryimage\",\"url\":\"https:\\\/\\\/e-ciftlik.com\\\/haberler\\\/wp-content\\\/uploads\\\/2025\\\/03\\\/7632.jpg\",\"contentUrl\":\"https:\\\/\\\/e-ciftlik.com\\\/haberler\\\/wp-content\\\/uploads\\\/2025\\\/03\\\/7632.jpg\",\"width\":1640,\"height\":924},{\"@type\":\"BreadcrumbList\",\"@id\":\"https:\\\/\\\/e-ciftlik.com\\\/haberler\\\/memur\\\/fitre-ve-fidye-2025-iste-merak-edilenler\\\/#breadcrumb\",\"itemListElement\":[{\"@type\":\"ListItem\",\"position\":1,\"name\":\"Anasayfa\",\"item\":\"https:\\\/\\\/e-ciftlik.com\\\/haberler\\\/\"},{\"@type\":\"ListItem\",\"position\":2,\"name\":\"Fitre ve Fidye 2025: \u0130\u015fte Merak Edilenler!\"}]},{\"@type\":\"WebSite\",\"@id\":\"https:\\\/\\\/e-ciftlik.com\\\/haberler\\\/#website\",\"url\":\"https:\\\/\\\/e-ciftlik.com\\\/haberler\\\/\",\"name\":\"E-\u00c7iftlik Haber | G\u00fcncel, Son Dakika Haberler, En Son Haber\",\"description\":\"\",\"publisher\":{\"@id\":\"https:\\\/\\\/e-ciftlik.com\\\/haberler\\\/#organization\"},\"potentialAction\":[{\"@type\":\"SearchAction\",\"target\":{\"@type\":\"EntryPoint\",\"urlTemplate\":\"https:\\\/\\\/e-ciftlik.com\\\/haberler\\\/?s={search_term_string}\"},\"query-input\":{\"@type\":\"PropertyValueSpecification\",\"valueRequired\":true,\"valueName\":\"search_term_string\"}}],\"inLanguage\":\"tr\"},{\"@type\":\"Organization\",\"@id\":\"https:\\\/\\\/e-ciftlik.com\\\/haberler\\\/#organization\",\"name\":\"E-\u00c7\u0130FTL\u0130K HABER\",\"url\":\"https:\\\/\\\/e-ciftlik.com\\\/haberler\\\/\",\"logo\":{\"@type\":\"ImageObject\",\"inLanguage\":\"tr\",\"@id\":\"https:\\\/\\\/e-ciftlik.com\\\/haberler\\\/#\\\/schema\\\/logo\\\/image\\\/\",\"url\":\"https:\\\/\\\/e-ciftlik.com\\\/haberler\\\/wp-content\\\/uploads\\\/2024\\\/06\\\/cropped-cropped-favicon-1-2.png\",\"contentUrl\":\"https:\\\/\\\/e-ciftlik.com\\\/haberler\\\/wp-content\\\/uploads\\\/2024\\\/06\\\/cropped-cropped-favicon-1-2.png\",\"width\":512,\"height\":512,\"caption\":\"E-\u00c7\u0130FTL\u0130K HABER\"},\"image\":{\"@id\":\"https:\\\/\\\/e-ciftlik.com\\\/haberler\\\/#\\\/schema\\\/logo\\\/image\\\/\"},\"sameAs\":[\"https:\\\/\\\/www.facebook.com\\\/eciftlikturkiye\",\"https:\\\/\\\/x.com\\\/eciftlikresmi\",\"https:\\\/\\\/www.instagram.com\\\/eciftlikresmi\\\/\"]},{\"@type\":\"Person\",\"@id\":\"https:\\\/\\\/e-ciftlik.com\\\/haberler\\\/#\\\/schema\\\/person\\\/d2f4fee3143d7f72be82cb887d51b00a\",\"name\":\"Haber Merkezi\",\"image\":{\"@type\":\"ImageObject\",\"inLanguage\":\"tr\",\"@id\":\"https:\\\/\\\/secure.gravatar.com\\\/avatar\\\/6c27d641914e66c1d0452c92716002398782818991d86db1c2cccb531e7c7c82?s=96&d=mm&r=g\",\"url\":\"https:\\\/\\\/secure.gravatar.com\\\/avatar\\\/6c27d641914e66c1d0452c92716002398782818991d86db1c2cccb531e7c7c82?s=96&d=mm&r=g\",\"contentUrl\":\"https:\\\/\\\/secure.gravatar.com\\\/avatar\\\/6c27d641914e66c1d0452c92716002398782818991d86db1c2cccb531e7c7c82?s=96&d=mm&r=g\",\"caption\":\"Haber Merkezi\"},\"sameAs\":[\"http:\\\/\\\/e-ciftlik.com\\\/haberler\"]}]}<\/script>\n<!-- \/ Yoast SEO Premium plugin. -->","yoast_head_json":{"title":"Fitre ve Fidye 2025: \u0130\u015fte Merak Edilenler! - E-&Ccedil;\u0130FTL\u0130K HABER","description":"Ramazan ay\u0131, manevi anlamda yo\u011fun ve ibadet dolu bir d\u00f6nemdir. Bu kutsal ay i\u00e7erisinde M\u00fcsl\u00fcmanlar oru\u00e7 ibadetini yerine getirirken ayn\u0131 zamanda fitre ve","robots":{"index":"index","follow":"follow","max-snippet":"max-snippet:-1","max-image-preview":"max-image-preview:large","max-video-preview":"max-video-preview:-1"},"canonical":"https:\/\/e-ciftlik.com\/haberler\/memur\/fitre-ve-fidye-2025-iste-merak-edilenler\/","og_locale":"tr_TR","og_type":"article","og_title":"Fitre ve Fidye 2025: \u0130\u015fte Merak Edilenler!","og_description":"Ramazan ay\u0131, manevi anlamda yo\u011fun ve ibadet dolu bir d\u00f6nemdir. Bu kutsal ay i\u00e7erisinde M\u00fcsl\u00fcmanlar oru\u00e7 ibadetini yerine getirirken ayn\u0131 zamanda fitre ve","og_url":"https:\/\/e-ciftlik.com\/haberler\/memur\/fitre-ve-fidye-2025-iste-merak-edilenler\/","og_site_name":"E-&Ccedil;\u0130FTL\u0130K HABER","article_publisher":"https:\/\/www.facebook.com\/eciftlikturkiye","article_published_time":"2025-03-13T16:56:27+00:00","og_image":[{"width":1640,"height":924,"url":"https:\/\/e-ciftlik.com\/haberler\/wp-content\/uploads\/2025\/03\/7632.jpg","type":"image\/jpeg"}],"author":"Haber Merkezi","twitter_card":"summary_large_image","twitter_creator":"@eciftlikresmi","twitter_site":"@eciftlikresmi","twitter_misc":{"Yazan:":"Haber Merkezi","Tahmini okuma s\u00fcresi":"2 dakika"},"schema":{"@context":"https:\/\/schema.org","@graph":[{"@type":"NewsArticle","@id":"https:\/\/e-ciftlik.com\/haberler\/memur\/fitre-ve-fidye-2025-iste-merak-edilenler\/#article","isPartOf":{"@id":"https:\/\/e-ciftlik.com\/haberler\/memur\/fitre-ve-fidye-2025-iste-merak-edilenler\/"},"author":{"name":"Haber Merkezi","@id":"https:\/\/e-ciftlik.com\/haberler\/#\/schema\/person\/d2f4fee3143d7f72be82cb887d51b00a"},"headline":"Fitre ve Fidye 2025: \u0130\u015fte Merak Edilenler!","datePublished":"2025-03-13T16:56:27+00:00","mainEntityOfPage":{"@id":"https:\/\/e-ciftlik.com\/haberler\/memur\/fitre-ve-fidye-2025-iste-merak-edilenler\/"},"wordCount":358,"commentCount":0,"publisher":{"@id":"https:\/\/e-ciftlik.com\/haberler\/#organization"},"image":{"@id":"https:\/\/e-ciftlik.com\/haberler\/memur\/fitre-ve-fidye-2025-iste-merak-edilenler\/#primaryimage"},"thumbnailUrl":"https:\/\/e-ciftlik.com\/haberler\/wp-content\/uploads\/2025\/03\/7632.jpg","articleSection":["Memur"],"inLanguage":"tr","potentialAction":[{"@type":"CommentAction","name":"Comment","target":["https:\/\/e-ciftlik.com\/haberler\/memur\/fitre-ve-fidye-2025-iste-merak-edilenler\/#respond"]}]},{"@type":"WebPage","@id":"https:\/\/e-ciftlik.com\/haberler\/memur\/fitre-ve-fidye-2025-iste-merak-edilenler\/","url":"https:\/\/e-ciftlik.com\/haberler\/memur\/fitre-ve-fidye-2025-iste-merak-edilenler\/","name":"Fitre ve Fidye 2025: \u0130\u015fte Merak Edilenler! - E-&Ccedil;\u0130FTL\u0130K HABER","isPartOf":{"@id":"https:\/\/e-ciftlik.com\/haberler\/#website"},"primaryImageOfPage":{"@id":"https:\/\/e-ciftlik.com\/haberler\/memur\/fitre-ve-fidye-2025-iste-merak-edilenler\/#primaryimage"},"image":{"@id":"https:\/\/e-ciftlik.com\/haberler\/memur\/fitre-ve-fidye-2025-iste-merak-edilenler\/#primaryimage"},"thumbnailUrl":"https:\/\/e-ciftlik.com\/haberler\/wp-content\/uploads\/2025\/03\/7632.jpg","datePublished":"2025-03-13T16:56:27+00:00","description":"Ramazan ay\u0131, manevi anlamda yo\u011fun ve ibadet dolu bir d\u00f6nemdir. Bu kutsal ay i\u00e7erisinde M\u00fcsl\u00fcmanlar oru\u00e7 ibadetini yerine getirirken ayn\u0131 zamanda fitre ve","breadcrumb":{"@id":"https:\/\/e-ciftlik.com\/haberler\/memur\/fitre-ve-fidye-2025-iste-merak-edilenler\/#breadcrumb"},"inLanguage":"tr","potentialAction":[{"@type":"ReadAction","target":["https:\/\/e-ciftlik.com\/haberler\/memur\/fitre-ve-fidye-2025-iste-merak-edilenler\/"]}]},{"@type":"ImageObject","inLanguage":"tr","@id":"https:\/\/e-ciftlik.com\/haberler\/memur\/fitre-ve-fidye-2025-iste-merak-edilenler\/#primaryimage","url":"https:\/\/e-ciftlik.com\/haberler\/wp-content\/uploads\/2025\/03\/7632.jpg","contentUrl":"https:\/\/e-ciftlik.com\/haberler\/wp-content\/uploads\/2025\/03\/7632.jpg","width":1640,"height":924},{"@type":"BreadcrumbList","@id":"https:\/\/e-ciftlik.com\/haberler\/memur\/fitre-ve-fidye-2025-iste-merak-edilenler\/#breadcrumb","itemListElement":[{"@type":"ListItem","position":1,"name":"Anasayfa","item":"https:\/\/e-ciftlik.com\/haberler\/"},{"@type":"ListItem","position":2,"name":"Fitre ve Fidye 2025: \u0130\u015fte Merak Edilenler!"}]},{"@type":"WebSite","@id":"https:\/\/e-ciftlik.com\/haberler\/#website","url":"https:\/\/e-ciftlik.com\/haberler\/","name":"E-\u00c7iftlik Haber | G\u00fcncel, Son Dakika Haberler, En Son Haber","description":"","publisher":{"@id":"https:\/\/e-ciftlik.com\/haberler\/#organization"},"potentialAction":[{"@type":"SearchAction","target":{"@type":"EntryPoint","urlTemplate":"https:\/\/e-ciftlik.com\/haberler\/?s={search_term_string}"},"query-input":{"@type":"PropertyValueSpecification","valueRequired":true,"valueName":"search_term_string"}}],"inLanguage":"tr"},{"@type":"Organization","@id":"https:\/\/e-ciftlik.com\/haberler\/#organization","name":"E-\u00c7\u0130FTL\u0130K HABER","url":"https:\/\/e-ciftlik.com\/haberler\/","logo":{"@type":"ImageObject","inLanguage":"tr","@id":"https:\/\/e-ciftlik.com\/haberler\/#\/schema\/logo\/image\/","url":"https:\/\/e-ciftlik.com\/haberler\/wp-content\/uploads\/2024\/06\/cropped-cropped-favicon-1-2.png","contentUrl":"https:\/\/e-ciftlik.com\/haberler\/wp-content\/uploads\/2024\/06\/cropped-cropped-favicon-1-2.png","width":512,"height":512,"caption":"E-\u00c7\u0130FTL\u0130K HABER"},"image":{"@id":"https:\/\/e-ciftlik.com\/haberler\/#\/schema\/logo\/image\/"},"sameAs":["https:\/\/www.facebook.com\/eciftlikturkiye","https:\/\/x.com\/eciftlikresmi","https:\/\/www.instagram.com\/eciftlikresmi\/"]},{"@type":"Person","@id":"https:\/\/e-ciftlik.com\/haberler\/#\/schema\/person\/d2f4fee3143d7f72be82cb887d51b00a","name":"Haber Merkezi","image":{"@type":"ImageObject","inLanguage":"tr","@id":"https:\/\/secure.gravatar.com\/avatar\/6c27d641914e66c1d0452c92716002398782818991d86db1c2cccb531e7c7c82?s=96&d=mm&r=g","url":"https:\/\/secure.gravatar.com\/avatar\/6c27d641914e66c1d0452c92716002398782818991d86db1c2cccb531e7c7c82?s=96&d=mm&r=g","contentUrl":"https:\/\/secure.gravatar.com\/avatar\/6c27d641914e66c1d0452c92716002398782818991d86db1c2cccb531e7c7c82?s=96&d=mm&r=g","caption":"Haber Merkezi"},"sameAs":["http:\/\/e-ciftlik.com\/haberler"]}]}},"_links":{"self":[{"href":"https:\/\/e-ciftlik.com\/haberler\/wp-json\/wp\/v2\/posts\/86265","targetHints":{"allow":["GET"]}}],"collection":[{"href":"https:\/\/e-ciftlik.com\/haberler\/wp-json\/wp\/v2\/posts"}],"about":[{"href":"https:\/\/e-ciftlik.com\/haberler\/wp-json\/wp\/v2\/types\/post"}],"author":[{"embeddable":true,"href":"https:\/\/e-ciftlik.com\/haberler\/wp-json\/wp\/v2\/users\/1"}],"replies":[{"embeddable":true,"href":"https:\/\/e-ciftlik.com\/haberler\/wp-json\/wp\/v2\/comments?post=86265"}],"version-history":[{"count":0,"href":"https:\/\/e-ciftlik.com\/haberler\/wp-json\/wp\/v2\/posts\/86265\/revisions"}],"wp:featuredmedia":[{"embeddable":true,"href":"https:\/\/e-ciftlik.com\/haberler\/wp-json\/wp\/v2\/media\/86266"}],"wp:attachment":[{"href":"https:\/\/e-ciftlik.com\/haberler\/wp-json\/wp\/v2\/media?parent=86265"}],"wp:term":[{"taxonomy":"category","embeddable":true,"href":"https:\/\/e-ciftlik.com\/haberler\/wp-json\/wp\/v2\/categories?post=86265"},{"taxonomy":"post_tag","embeddable":true,"href":"https:\/\/e-ciftlik.com\/haberler\/wp-json\/wp\/v2\/tags?post=86265"}],"curies":[{"name":"wp","href":"https:\/\/api.w.org\/{rel}","templated":true}]}}