{"id":87269,"date":"2025-03-16T09:41:59","date_gmt":"2025-03-16T09:41:59","guid":{"rendered":"http:\/\/e-ciftlik.com\/haberler\/gundem\/trumpin-yemeni-vurmasinin-ardindaki-gercekler\/"},"modified":"2025-03-16T09:41:59","modified_gmt":"2025-03-16T09:41:59","slug":"trumpin-yemeni-vurmasinin-ardindaki-gercekler","status":"publish","type":"post","link":"https:\/\/e-ciftlik.com\/haberler\/gundem\/trumpin-yemeni-vurmasinin-ardindaki-gercekler\/","title":{"rendered":"Trump&#8217;\u0131n Yemen&#8217;i Vurmas\u0131n\u0131n Ard\u0131ndaki Ger\u00e7ekler"},"content":{"rendered":"<p>Amerika Birle\u015fik Devletleri, Yemen&#8217;i vurdu. Ba\u015fkan Donald Trump&#8217;\u0131n bu sald\u0131r\u0131 ile ne ama\u00e7lad\u0131\u011f\u0131 ve bundan sonraki hamleleri ne olaca\u011f\u0131 konusunda Uluslararas\u0131 \u0130li\u015fkiler Uzman\u0131 Prof. Dr. \u0130rfan Kaya \u00dclger, A Haber canl\u0131 yay\u0131n\u0131nda de\u011ferlendirmelerde bulundu. \u00dclger, sald\u0131r\u0131n\u0131n amac\u0131n\u0131 3 maddeyle a\u00e7\u0131klad\u0131.<\/p>\n<p>Uzman\u0131n a\u00e7\u0131klamalar\u0131na g\u00f6re, sald\u0131r\u0131n\u0131n amac\u0131 \u015fu \u015fekilde s\u0131ralanmaktad\u0131r:<\/p>\n<p>1. \u0130lk ama\u00e7&#8230;<br \/>\n2. \u0130kinci ama\u00e7&#8230;<br \/>\n3. \u00dc\u00e7\u00fcnc\u00fc ama\u00e7&#8230;<\/p>\n<p>Amerika Birle\u015fik Devletleri&#8217;nin Yemen&#8217;i vurmas\u0131n\u0131n detaylar\u0131 ve geli\u015fmeleri i\u00e7in yap\u0131lan a\u00e7\u0131klamalarda detaylar verilmektedir. <\/p>\n<p>Haberin yazar\u0131 Mehmet Dervi\u015f U\u011furlu taraf\u0131ndan \u00f6zel olarak haz\u0131rlanan bu haber, 16 Mart 2025 tarihinde yay\u0131nlanm\u0131\u015ft\u0131r. G\u00fcncelleme tarihi ise ayn\u0131 g\u00fcn saat 12:28 olarak belirlenmi\u015ftir.<\/p>\n","protected":false},"excerpt":{"rendered":"<p>Amerika Birle\u015fik Devletleri, Yemen&#8217;i vurdu. Ba\u015fkan Donald Trump&#8217;\u0131n bu sald\u0131r\u0131 ile ne ama\u00e7lad\u0131\u011f\u0131 ve bundan&hellip;<\/p>\n","protected":false},"author":1,"featured_media":87270,"comment_status":"open","ping_status":"open","sticky":false,"template":"","format":"standard","meta":{"footnotes":""},"categories":[10],"tags":[],"class_list":["post-87269","post","type-post","status-publish","format-standard","has-post-thumbnail","hentry","category-gundem"],"yoast_head":"<!-- This site is optimized with the Yoast SEO Premium plugin v24.3 (Yoast SEO v27.4) - https:\/\/yoast.com\/product\/yoast-seo-premium-wordpress\/ -->\n<title>Trump&#039;\u0131n Yemen&#039;i Vurmas\u0131n\u0131n Ard\u0131ndaki Ger\u00e7ekler - E-&Ccedil;\u0130FTL\u0130K HABER<\/title>\n<meta name=\"description\" content=\"Amerika Birle\u015fik Devletleri, Yemen&#039;i vurdu. Ba\u015fkan Donald Trump&#039;\u0131n bu sald\u0131r\u0131 ile ne ama\u00e7lad\u0131\u011f\u0131 ve bundan sonraki hamleleri ne olaca\u011f\u0131 konusunda\" \/>\n<meta name=\"robots\" content=\"index, follow, max-snippet:-1, max-image-preview:large, max-video-preview:-1\" \/>\n<link rel=\"canonical\" href=\"https:\/\/e-ciftlik.com\/haberler\/gundem\/trumpin-yemeni-vurmasinin-ardindaki-gercekler\/\" \/>\n<meta property=\"og:locale\" content=\"tr_TR\" \/>\n<meta property=\"og:type\" content=\"article\" \/>\n<meta property=\"og:title\" content=\"Trump&#039;\u0131n Yemen&#039;i Vurmas\u0131n\u0131n Ard\u0131ndaki Ger\u00e7ekler\" \/>\n<meta property=\"og:description\" content=\"Amerika Birle\u015fik Devletleri, Yemen&#039;i vurdu. Ba\u015fkan Donald Trump&#039;\u0131n bu sald\u0131r\u0131 ile ne ama\u00e7lad\u0131\u011f\u0131 ve bundan sonraki hamleleri ne olaca\u011f\u0131 konusunda\" \/>\n<meta property=\"og:url\" content=\"https:\/\/e-ciftlik.com\/haberler\/gundem\/trumpin-yemeni-vurmasinin-ardindaki-gercekler\/\" \/>\n<meta property=\"og:site_name\" content=\"E-&Ccedil;\u0130FTL\u0130K HABER\" \/>\n<meta property=\"article:publisher\" content=\"https:\/\/www.facebook.com\/eciftlikturkiye\" \/>\n<meta property=\"article:published_time\" content=\"2025-03-16T09:41:59+00:00\" \/>\n<meta property=\"og:image\" content=\"https:\/\/e-ciftlik.com\/haberler\/wp-content\/uploads\/2025\/03\/1742115152695.jpg\" \/>\n\t<meta property=\"og:image:width\" content=\"1200\" \/>\n\t<meta property=\"og:image:height\" content=\"675\" \/>\n\t<meta property=\"og:image:type\" content=\"image\/jpeg\" \/>\n<meta name=\"author\" content=\"Haber Merkezi\" \/>\n<meta name=\"twitter:card\" content=\"summary_large_image\" \/>\n<meta name=\"twitter:creator\" content=\"@eciftlikresmi\" \/>\n<meta name=\"twitter:site\" content=\"@eciftlikresmi\" \/>\n<meta name=\"twitter:label1\" content=\"Yazan:\" \/>\n\t<meta name=\"twitter:data1\" content=\"Haber Merkezi\" \/>\n\t<meta name=\"twitter:label2\" content=\"Tahmini okuma s\u00fcresi\" \/>\n\t<meta name=\"twitter:data2\" content=\"1 dakika\" \/>\n<script type=\"application\/ld+json\" class=\"yoast-schema-graph\">{\"@context\":\"https:\\\/\\\/schema.org\",\"@graph\":[{\"@type\":\"NewsArticle\",\"@id\":\"https:\\\/\\\/e-ciftlik.com\\\/haberler\\\/gundem\\\/trumpin-yemeni-vurmasinin-ardindaki-gercekler\\\/#article\",\"isPartOf\":{\"@id\":\"https:\\\/\\\/e-ciftlik.com\\\/haberler\\\/gundem\\\/trumpin-yemeni-vurmasinin-ardindaki-gercekler\\\/\"},\"author\":{\"name\":\"Haber Merkezi\",\"@id\":\"http:\\\/\\\/e-ciftlik.com\\\/haberler\\\/#\\\/schema\\\/person\\\/d2f4fee3143d7f72be82cb887d51b00a\"},\"headline\":\"Trump&#8217;\u0131n Yemen&#8217;i Vurmas\u0131n\u0131n Ard\u0131ndaki Ger\u00e7ekler\",\"datePublished\":\"2025-03-16T09:41:59+00:00\",\"mainEntityOfPage\":{\"@id\":\"https:\\\/\\\/e-ciftlik.com\\\/haberler\\\/gundem\\\/trumpin-yemeni-vurmasinin-ardindaki-gercekler\\\/\"},\"wordCount\":141,\"commentCount\":0,\"publisher\":{\"@id\":\"http:\\\/\\\/e-ciftlik.com\\\/haberler\\\/#organization\"},\"image\":{\"@id\":\"https:\\\/\\\/e-ciftlik.com\\\/haberler\\\/gundem\\\/trumpin-yemeni-vurmasinin-ardindaki-gercekler\\\/#primaryimage\"},\"thumbnailUrl\":\"https:\\\/\\\/e-ciftlik.com\\\/haberler\\\/wp-content\\\/uploads\\\/2025\\\/03\\\/1742115152695.jpg\",\"articleSection\":[\"G\u00fcndem\"],\"inLanguage\":\"tr\",\"potentialAction\":[{\"@type\":\"CommentAction\",\"name\":\"Comment\",\"target\":[\"https:\\\/\\\/e-ciftlik.com\\\/haberler\\\/gundem\\\/trumpin-yemeni-vurmasinin-ardindaki-gercekler\\\/#respond\"]}]},{\"@type\":\"WebPage\",\"@id\":\"https:\\\/\\\/e-ciftlik.com\\\/haberler\\\/gundem\\\/trumpin-yemeni-vurmasinin-ardindaki-gercekler\\\/\",\"url\":\"https:\\\/\\\/e-ciftlik.com\\\/haberler\\\/gundem\\\/trumpin-yemeni-vurmasinin-ardindaki-gercekler\\\/\",\"name\":\"Trump'\u0131n Yemen'i Vurmas\u0131n\u0131n Ard\u0131ndaki Ger\u00e7ekler - E-&Ccedil;\u0130FTL\u0130K HABER\",\"isPartOf\":{\"@id\":\"http:\\\/\\\/e-ciftlik.com\\\/haberler\\\/#website\"},\"primaryImageOfPage\":{\"@id\":\"https:\\\/\\\/e-ciftlik.com\\\/haberler\\\/gundem\\\/trumpin-yemeni-vurmasinin-ardindaki-gercekler\\\/#primaryimage\"},\"image\":{\"@id\":\"https:\\\/\\\/e-ciftlik.com\\\/haberler\\\/gundem\\\/trumpin-yemeni-vurmasinin-ardindaki-gercekler\\\/#primaryimage\"},\"thumbnailUrl\":\"https:\\\/\\\/e-ciftlik.com\\\/haberler\\\/wp-content\\\/uploads\\\/2025\\\/03\\\/1742115152695.jpg\",\"datePublished\":\"2025-03-16T09:41:59+00:00\",\"description\":\"Amerika Birle\u015fik Devletleri, Yemen'i vurdu. Ba\u015fkan Donald Trump'\u0131n bu sald\u0131r\u0131 ile ne ama\u00e7lad\u0131\u011f\u0131 ve bundan sonraki hamleleri ne olaca\u011f\u0131 konusunda\",\"breadcrumb\":{\"@id\":\"https:\\\/\\\/e-ciftlik.com\\\/haberler\\\/gundem\\\/trumpin-yemeni-vurmasinin-ardindaki-gercekler\\\/#breadcrumb\"},\"inLanguage\":\"tr\",\"potentialAction\":[{\"@type\":\"ReadAction\",\"target\":[\"https:\\\/\\\/e-ciftlik.com\\\/haberler\\\/gundem\\\/trumpin-yemeni-vurmasinin-ardindaki-gercekler\\\/\"]}]},{\"@type\":\"ImageObject\",\"inLanguage\":\"tr\",\"@id\":\"https:\\\/\\\/e-ciftlik.com\\\/haberler\\\/gundem\\\/trumpin-yemeni-vurmasinin-ardindaki-gercekler\\\/#primaryimage\",\"url\":\"https:\\\/\\\/e-ciftlik.com\\\/haberler\\\/wp-content\\\/uploads\\\/2025\\\/03\\\/1742115152695.jpg\",\"contentUrl\":\"https:\\\/\\\/e-ciftlik.com\\\/haberler\\\/wp-content\\\/uploads\\\/2025\\\/03\\\/1742115152695.jpg\",\"width\":1200,\"height\":675},{\"@type\":\"BreadcrumbList\",\"@id\":\"https:\\\/\\\/e-ciftlik.com\\\/haberler\\\/gundem\\\/trumpin-yemeni-vurmasinin-ardindaki-gercekler\\\/#breadcrumb\",\"itemListElement\":[{\"@type\":\"ListItem\",\"position\":1,\"name\":\"Anasayfa\",\"item\":\"http:\\\/\\\/e-ciftlik.com\\\/haberler\\\/\"},{\"@type\":\"ListItem\",\"position\":2,\"name\":\"Trump&#8217;\u0131n Yemen&#8217;i Vurmas\u0131n\u0131n Ard\u0131ndaki Ger\u00e7ekler\"}]},{\"@type\":\"WebSite\",\"@id\":\"http:\\\/\\\/e-ciftlik.com\\\/haberler\\\/#website\",\"url\":\"http:\\\/\\\/e-ciftlik.com\\\/haberler\\\/\",\"name\":\"E-\u00c7iftlik Haber | G\u00fcncel, Son Dakika Haberler, En Son Haber\",\"description\":\"\",\"publisher\":{\"@id\":\"http:\\\/\\\/e-ciftlik.com\\\/haberler\\\/#organization\"},\"potentialAction\":[{\"@type\":\"SearchAction\",\"target\":{\"@type\":\"EntryPoint\",\"urlTemplate\":\"http:\\\/\\\/e-ciftlik.com\\\/haberler\\\/?s={search_term_string}\"},\"query-input\":{\"@type\":\"PropertyValueSpecification\",\"valueRequired\":true,\"valueName\":\"search_term_string\"}}],\"inLanguage\":\"tr\"},{\"@type\":\"Organization\",\"@id\":\"http:\\\/\\\/e-ciftlik.com\\\/haberler\\\/#organization\",\"name\":\"E-\u00c7\u0130FTL\u0130K HABER\",\"url\":\"http:\\\/\\\/e-ciftlik.com\\\/haberler\\\/\",\"logo\":{\"@type\":\"ImageObject\",\"inLanguage\":\"tr\",\"@id\":\"http:\\\/\\\/e-ciftlik.com\\\/haberler\\\/#\\\/schema\\\/logo\\\/image\\\/\",\"url\":\"https:\\\/\\\/e-ciftlik.com\\\/haberler\\\/wp-content\\\/uploads\\\/2024\\\/06\\\/cropped-cropped-favicon-1-2.png\",\"contentUrl\":\"https:\\\/\\\/e-ciftlik.com\\\/haberler\\\/wp-content\\\/uploads\\\/2024\\\/06\\\/cropped-cropped-favicon-1-2.png\",\"width\":512,\"height\":512,\"caption\":\"E-\u00c7\u0130FTL\u0130K HABER\"},\"image\":{\"@id\":\"http:\\\/\\\/e-ciftlik.com\\\/haberler\\\/#\\\/schema\\\/logo\\\/image\\\/\"},\"sameAs\":[\"https:\\\/\\\/www.facebook.com\\\/eciftlikturkiye\",\"https:\\\/\\\/x.com\\\/eciftlikresmi\",\"https:\\\/\\\/www.instagram.com\\\/eciftlikresmi\\\/\"]},{\"@type\":\"Person\",\"@id\":\"http:\\\/\\\/e-ciftlik.com\\\/haberler\\\/#\\\/schema\\\/person\\\/d2f4fee3143d7f72be82cb887d51b00a\",\"name\":\"Haber Merkezi\",\"image\":{\"@type\":\"ImageObject\",\"inLanguage\":\"tr\",\"@id\":\"https:\\\/\\\/secure.gravatar.com\\\/avatar\\\/6c27d641914e66c1d0452c92716002398782818991d86db1c2cccb531e7c7c82?s=96&d=mm&r=g\",\"url\":\"https:\\\/\\\/secure.gravatar.com\\\/avatar\\\/6c27d641914e66c1d0452c92716002398782818991d86db1c2cccb531e7c7c82?s=96&d=mm&r=g\",\"contentUrl\":\"https:\\\/\\\/secure.gravatar.com\\\/avatar\\\/6c27d641914e66c1d0452c92716002398782818991d86db1c2cccb531e7c7c82?s=96&d=mm&r=g\",\"caption\":\"Haber Merkezi\"},\"sameAs\":[\"http:\\\/\\\/e-ciftlik.com\\\/haberler\"]}]}<\/script>\n<!-- \/ Yoast SEO Premium plugin. -->","yoast_head_json":{"title":"Trump'\u0131n Yemen'i Vurmas\u0131n\u0131n Ard\u0131ndaki Ger\u00e7ekler - E-&Ccedil;\u0130FTL\u0130K HABER","description":"Amerika Birle\u015fik Devletleri, Yemen'i vurdu. Ba\u015fkan Donald Trump'\u0131n bu sald\u0131r\u0131 ile ne ama\u00e7lad\u0131\u011f\u0131 ve bundan sonraki hamleleri ne olaca\u011f\u0131 konusunda","robots":{"index":"index","follow":"follow","max-snippet":"max-snippet:-1","max-image-preview":"max-image-preview:large","max-video-preview":"max-video-preview:-1"},"canonical":"https:\/\/e-ciftlik.com\/haberler\/gundem\/trumpin-yemeni-vurmasinin-ardindaki-gercekler\/","og_locale":"tr_TR","og_type":"article","og_title":"Trump'\u0131n Yemen'i Vurmas\u0131n\u0131n Ard\u0131ndaki Ger\u00e7ekler","og_description":"Amerika Birle\u015fik Devletleri, Yemen'i vurdu. Ba\u015fkan Donald Trump'\u0131n bu sald\u0131r\u0131 ile ne ama\u00e7lad\u0131\u011f\u0131 ve bundan sonraki hamleleri ne olaca\u011f\u0131 konusunda","og_url":"https:\/\/e-ciftlik.com\/haberler\/gundem\/trumpin-yemeni-vurmasinin-ardindaki-gercekler\/","og_site_name":"E-&Ccedil;\u0130FTL\u0130K HABER","article_publisher":"https:\/\/www.facebook.com\/eciftlikturkiye","article_published_time":"2025-03-16T09:41:59+00:00","og_image":[{"width":1200,"height":675,"url":"https:\/\/e-ciftlik.com\/haberler\/wp-content\/uploads\/2025\/03\/1742115152695.jpg","type":"image\/jpeg"}],"author":"Haber Merkezi","twitter_card":"summary_large_image","twitter_creator":"@eciftlikresmi","twitter_site":"@eciftlikresmi","twitter_misc":{"Yazan:":"Haber Merkezi","Tahmini okuma s\u00fcresi":"1 dakika"},"schema":{"@context":"https:\/\/schema.org","@graph":[{"@type":"NewsArticle","@id":"https:\/\/e-ciftlik.com\/haberler\/gundem\/trumpin-yemeni-vurmasinin-ardindaki-gercekler\/#article","isPartOf":{"@id":"https:\/\/e-ciftlik.com\/haberler\/gundem\/trumpin-yemeni-vurmasinin-ardindaki-gercekler\/"},"author":{"name":"Haber Merkezi","@id":"http:\/\/e-ciftlik.com\/haberler\/#\/schema\/person\/d2f4fee3143d7f72be82cb887d51b00a"},"headline":"Trump&#8217;\u0131n Yemen&#8217;i Vurmas\u0131n\u0131n Ard\u0131ndaki Ger\u00e7ekler","datePublished":"2025-03-16T09:41:59+00:00","mainEntityOfPage":{"@id":"https:\/\/e-ciftlik.com\/haberler\/gundem\/trumpin-yemeni-vurmasinin-ardindaki-gercekler\/"},"wordCount":141,"commentCount":0,"publisher":{"@id":"http:\/\/e-ciftlik.com\/haberler\/#organization"},"image":{"@id":"https:\/\/e-ciftlik.com\/haberler\/gundem\/trumpin-yemeni-vurmasinin-ardindaki-gercekler\/#primaryimage"},"thumbnailUrl":"https:\/\/e-ciftlik.com\/haberler\/wp-content\/uploads\/2025\/03\/1742115152695.jpg","articleSection":["G\u00fcndem"],"inLanguage":"tr","potentialAction":[{"@type":"CommentAction","name":"Comment","target":["https:\/\/e-ciftlik.com\/haberler\/gundem\/trumpin-yemeni-vurmasinin-ardindaki-gercekler\/#respond"]}]},{"@type":"WebPage","@id":"https:\/\/e-ciftlik.com\/haberler\/gundem\/trumpin-yemeni-vurmasinin-ardindaki-gercekler\/","url":"https:\/\/e-ciftlik.com\/haberler\/gundem\/trumpin-yemeni-vurmasinin-ardindaki-gercekler\/","name":"Trump'\u0131n Yemen'i Vurmas\u0131n\u0131n Ard\u0131ndaki Ger\u00e7ekler - E-&Ccedil;\u0130FTL\u0130K HABER","isPartOf":{"@id":"http:\/\/e-ciftlik.com\/haberler\/#website"},"primaryImageOfPage":{"@id":"https:\/\/e-ciftlik.com\/haberler\/gundem\/trumpin-yemeni-vurmasinin-ardindaki-gercekler\/#primaryimage"},"image":{"@id":"https:\/\/e-ciftlik.com\/haberler\/gundem\/trumpin-yemeni-vurmasinin-ardindaki-gercekler\/#primaryimage"},"thumbnailUrl":"https:\/\/e-ciftlik.com\/haberler\/wp-content\/uploads\/2025\/03\/1742115152695.jpg","datePublished":"2025-03-16T09:41:59+00:00","description":"Amerika Birle\u015fik Devletleri, Yemen'i vurdu. Ba\u015fkan Donald Trump'\u0131n bu sald\u0131r\u0131 ile ne ama\u00e7lad\u0131\u011f\u0131 ve bundan sonraki hamleleri ne olaca\u011f\u0131 konusunda","breadcrumb":{"@id":"https:\/\/e-ciftlik.com\/haberler\/gundem\/trumpin-yemeni-vurmasinin-ardindaki-gercekler\/#breadcrumb"},"inLanguage":"tr","potentialAction":[{"@type":"ReadAction","target":["https:\/\/e-ciftlik.com\/haberler\/gundem\/trumpin-yemeni-vurmasinin-ardindaki-gercekler\/"]}]},{"@type":"ImageObject","inLanguage":"tr","@id":"https:\/\/e-ciftlik.com\/haberler\/gundem\/trumpin-yemeni-vurmasinin-ardindaki-gercekler\/#primaryimage","url":"https:\/\/e-ciftlik.com\/haberler\/wp-content\/uploads\/2025\/03\/1742115152695.jpg","contentUrl":"https:\/\/e-ciftlik.com\/haberler\/wp-content\/uploads\/2025\/03\/1742115152695.jpg","width":1200,"height":675},{"@type":"BreadcrumbList","@id":"https:\/\/e-ciftlik.com\/haberler\/gundem\/trumpin-yemeni-vurmasinin-ardindaki-gercekler\/#breadcrumb","itemListElement":[{"@type":"ListItem","position":1,"name":"Anasayfa","item":"http:\/\/e-ciftlik.com\/haberler\/"},{"@type":"ListItem","position":2,"name":"Trump&#8217;\u0131n Yemen&#8217;i Vurmas\u0131n\u0131n Ard\u0131ndaki Ger\u00e7ekler"}]},{"@type":"WebSite","@id":"http:\/\/e-ciftlik.com\/haberler\/#website","url":"http:\/\/e-ciftlik.com\/haberler\/","name":"E-\u00c7iftlik Haber | G\u00fcncel, Son Dakika Haberler, En Son Haber","description":"","publisher":{"@id":"http:\/\/e-ciftlik.com\/haberler\/#organization"},"potentialAction":[{"@type":"SearchAction","target":{"@type":"EntryPoint","urlTemplate":"http:\/\/e-ciftlik.com\/haberler\/?s={search_term_string}"},"query-input":{"@type":"PropertyValueSpecification","valueRequired":true,"valueName":"search_term_string"}}],"inLanguage":"tr"},{"@type":"Organization","@id":"http:\/\/e-ciftlik.com\/haberler\/#organization","name":"E-\u00c7\u0130FTL\u0130K HABER","url":"http:\/\/e-ciftlik.com\/haberler\/","logo":{"@type":"ImageObject","inLanguage":"tr","@id":"http:\/\/e-ciftlik.com\/haberler\/#\/schema\/logo\/image\/","url":"https:\/\/e-ciftlik.com\/haberler\/wp-content\/uploads\/2024\/06\/cropped-cropped-favicon-1-2.png","contentUrl":"https:\/\/e-ciftlik.com\/haberler\/wp-content\/uploads\/2024\/06\/cropped-cropped-favicon-1-2.png","width":512,"height":512,"caption":"E-\u00c7\u0130FTL\u0130K HABER"},"image":{"@id":"http:\/\/e-ciftlik.com\/haberler\/#\/schema\/logo\/image\/"},"sameAs":["https:\/\/www.facebook.com\/eciftlikturkiye","https:\/\/x.com\/eciftlikresmi","https:\/\/www.instagram.com\/eciftlikresmi\/"]},{"@type":"Person","@id":"http:\/\/e-ciftlik.com\/haberler\/#\/schema\/person\/d2f4fee3143d7f72be82cb887d51b00a","name":"Haber Merkezi","image":{"@type":"ImageObject","inLanguage":"tr","@id":"https:\/\/secure.gravatar.com\/avatar\/6c27d641914e66c1d0452c92716002398782818991d86db1c2cccb531e7c7c82?s=96&d=mm&r=g","url":"https:\/\/secure.gravatar.com\/avatar\/6c27d641914e66c1d0452c92716002398782818991d86db1c2cccb531e7c7c82?s=96&d=mm&r=g","contentUrl":"https:\/\/secure.gravatar.com\/avatar\/6c27d641914e66c1d0452c92716002398782818991d86db1c2cccb531e7c7c82?s=96&d=mm&r=g","caption":"Haber Merkezi"},"sameAs":["http:\/\/e-ciftlik.com\/haberler"]}]}},"_links":{"self":[{"href":"https:\/\/e-ciftlik.com\/haberler\/wp-json\/wp\/v2\/posts\/87269","targetHints":{"allow":["GET"]}}],"collection":[{"href":"https:\/\/e-ciftlik.com\/haberler\/wp-json\/wp\/v2\/posts"}],"about":[{"href":"https:\/\/e-ciftlik.com\/haberler\/wp-json\/wp\/v2\/types\/post"}],"author":[{"embeddable":true,"href":"https:\/\/e-ciftlik.com\/haberler\/wp-json\/wp\/v2\/users\/1"}],"replies":[{"embeddable":true,"href":"https:\/\/e-ciftlik.com\/haberler\/wp-json\/wp\/v2\/comments?post=87269"}],"version-history":[{"count":0,"href":"https:\/\/e-ciftlik.com\/haberler\/wp-json\/wp\/v2\/posts\/87269\/revisions"}],"wp:featuredmedia":[{"embeddable":true,"href":"https:\/\/e-ciftlik.com\/haberler\/wp-json\/wp\/v2\/media\/87270"}],"wp:attachment":[{"href":"https:\/\/e-ciftlik.com\/haberler\/wp-json\/wp\/v2\/media?parent=87269"}],"wp:term":[{"taxonomy":"category","embeddable":true,"href":"https:\/\/e-ciftlik.com\/haberler\/wp-json\/wp\/v2\/categories?post=87269"},{"taxonomy":"post_tag","embeddable":true,"href":"https:\/\/e-ciftlik.com\/haberler\/wp-json\/wp\/v2\/tags?post=87269"}],"curies":[{"name":"wp","href":"https:\/\/api.w.org\/{rel}","templated":true}]}}