{"id":87271,"date":"2025-03-16T09:44:01","date_gmt":"2025-03-16T09:44:01","guid":{"rendered":"http:\/\/e-ciftlik.com\/haberler\/spor\/bahattin-sofuoglu-dunya-superbiketa-ilk-puanini-aldi\/"},"modified":"2025-03-16T09:44:01","modified_gmt":"2025-03-16T09:44:01","slug":"bahattin-sofuoglu-dunya-superbiketa-ilk-puanini-aldi","status":"publish","type":"post","link":"https:\/\/e-ciftlik.com\/haberler\/spor\/bahattin-sofuoglu-dunya-superbiketa-ilk-puanini-aldi\/","title":{"rendered":"Bahattin Sofuo\u011flu: D\u00fcnya Superbike&#8217;ta \u0130lk Puan\u0131n\u0131 Ald\u0131"},"content":{"rendered":"<p> Motosiklet Yar\u0131\u015f\u00e7\u0131s\u0131 Bahattin Sofuo\u011flu \u0130lk Puan\u0131n\u0131 Ald\u0131<\/p>\n<p>D\u00fcnya Superbike \u015eampiyonas\u0131&#8217;na ad\u0131m atan milli motosiklet\u00e7i Bahattin Sofuo\u011flu, Phillip Island&#8217;daki yar\u0131\u015f\u0131nda hedefine ula\u015farak ilk puan\u0131n\u0131 ald\u0131. Supersport 300 ve Supersport D\u00fcnya \u015eampiyonas\u0131&#8217;ndan sonra Superbike&#8217;a ge\u00e7i\u015f yapan Sofuo\u011flu, testlerde sakatl\u0131k ge\u00e7irmesine ra\u011fmen hedefine ula\u015ft\u0131\u011f\u0131n\u0131 belirtti. Yeni yar\u0131\u015faca\u011f\u0131 pistte daha \u00f6nce kaza ge\u00e7irdi\u011fi i\u00e7in risk almay\u0131 d\u00fc\u015f\u00fcnmedi\u011fini ifade etti.<\/p>\n<p>Bahattin Sofuo\u011flu, D\u00fcnya Superbike \u015eampiyonas\u0131&#8217;n\u0131n ikinci ayak yar\u0131\u015flar\u0131na haz\u0131rlan\u0131rken \u00e7al\u0131\u015fmalar\u0131n\u0131 milli motosiklet\u00e7i Toprak Razgatl\u0131o\u011flu ve Can \u00d6nc\u00fc ile T\u00fcrkiye Motosiklet Federasyonu Milli Tak\u0131mlar Kaptan\u0131 Kenan Sofuo\u011flu y\u00f6netiminde Sakarya&#8217;n\u0131n Akyaz\u0131 il\u00e7esinde bulunan pistte ger\u00e7ekle\u015ftiriyor.<\/p>\n<p>Sofuo\u011flu, yar\u0131\u015flara ara vermeden haz\u0131rland\u0131\u011f\u0131n\u0131 belirterek, sakatl\u0131k ya\u015fad\u0131\u011f\u0131n\u0131 ancak toparlanarak ilk yar\u0131\u015fta puan ald\u0131\u011f\u0131n\u0131 s\u00f6yledi. Ramazan ay\u0131nda olduklar\u0131n\u0131 ve oru\u00e7 tuttuklar\u0131n\u0131 belirten Bahattin Sofuo\u011flu, antrenmanlar\u0131 aksatmad\u0131klar\u0131n\u0131 ve yar\u0131\u015fa odakland\u0131klar\u0131n\u0131 dile getirdi. \u0130ftar \u00f6ncesi ve sonras\u0131nda antrenmanlar\u0131n\u0131 s\u00fcrd\u00fcrd\u00fcklerini vurgulayan Sofuo\u011flu, ikinci yar\u0131\u015f\u0131n daha zor olaca\u011f\u0131n\u0131 ancak pistte ya\u015fad\u0131\u011f\u0131 kazalar\u0131 akl\u0131nda tutarak risk almamaya \u00e7al\u0131\u015faca\u011f\u0131n\u0131 s\u00f6yledi.<\/p>\n","protected":false},"excerpt":{"rendered":"<p>Motosiklet Yar\u0131\u015f\u00e7\u0131s\u0131 Bahattin Sofuo\u011flu \u0130lk Puan\u0131n\u0131 Ald\u0131 D\u00fcnya Superbike \u015eampiyonas\u0131&#8217;na ad\u0131m atan milli motosiklet\u00e7i Bahattin&hellip;<\/p>\n","protected":false},"author":1,"featured_media":87272,"comment_status":"open","ping_status":"open","sticky":false,"template":"","format":"standard","meta":{"footnotes":""},"categories":[7],"tags":[],"class_list":["post-87271","post","type-post","status-publish","format-standard","has-post-thumbnail","hentry","category-spor"],"yoast_head":"<!-- This site is optimized with the Yoast SEO Premium plugin v24.3 (Yoast SEO v27.4) - https:\/\/yoast.com\/product\/yoast-seo-premium-wordpress\/ -->\n<title>Bahattin Sofuo\u011flu: D\u00fcnya Superbike&#039;ta \u0130lk Puan\u0131n\u0131 Ald\u0131 - E-&Ccedil;\u0130FTL\u0130K HABER<\/title>\n<meta name=\"description\" content=\"Motosiklet Yar\u0131\u015f\u00e7\u0131s\u0131 Bahattin Sofuo\u011flu \u0130lk Puan\u0131n\u0131 Ald\u0131 D\u00fcnya Superbike \u015eampiyonas\u0131&#039;na ad\u0131m atan milli motosiklet\u00e7i Bahattin Sofuo\u011flu, Phillip Island&#039;daki\" \/>\n<meta name=\"robots\" content=\"index, follow, max-snippet:-1, max-image-preview:large, max-video-preview:-1\" \/>\n<link rel=\"canonical\" href=\"https:\/\/e-ciftlik.com\/haberler\/spor\/bahattin-sofuoglu-dunya-superbiketa-ilk-puanini-aldi\/\" \/>\n<meta property=\"og:locale\" content=\"tr_TR\" \/>\n<meta property=\"og:type\" content=\"article\" \/>\n<meta property=\"og:title\" content=\"Bahattin Sofuo\u011flu: D\u00fcnya Superbike&#039;ta \u0130lk Puan\u0131n\u0131 Ald\u0131\" \/>\n<meta property=\"og:description\" content=\"Motosiklet Yar\u0131\u015f\u00e7\u0131s\u0131 Bahattin Sofuo\u011flu \u0130lk Puan\u0131n\u0131 Ald\u0131 D\u00fcnya Superbike \u015eampiyonas\u0131&#039;na ad\u0131m atan milli motosiklet\u00e7i Bahattin Sofuo\u011flu, Phillip Island&#039;daki\" \/>\n<meta property=\"og:url\" content=\"https:\/\/e-ciftlik.com\/haberler\/spor\/bahattin-sofuoglu-dunya-superbiketa-ilk-puanini-aldi\/\" \/>\n<meta property=\"og:site_name\" content=\"E-&Ccedil;\u0130FTL\u0130K HABER\" \/>\n<meta property=\"article:publisher\" content=\"https:\/\/www.facebook.com\/eciftlikturkiye\" \/>\n<meta property=\"article:published_time\" content=\"2025-03-16T09:44:01+00:00\" \/>\n<meta property=\"og:image\" content=\"https:\/\/e-ciftlik.com\/haberler\/wp-content\/uploads\/2025\/03\/1742118243_1200x628.jpeg\" \/>\n\t<meta property=\"og:image:width\" content=\"1200\" \/>\n\t<meta property=\"og:image:height\" content=\"628\" \/>\n\t<meta property=\"og:image:type\" content=\"image\/jpeg\" \/>\n<meta name=\"author\" content=\"Haber Merkezi\" \/>\n<meta name=\"twitter:card\" content=\"summary_large_image\" \/>\n<meta name=\"twitter:creator\" content=\"@eciftlikresmi\" \/>\n<meta name=\"twitter:site\" content=\"@eciftlikresmi\" \/>\n<meta name=\"twitter:label1\" content=\"Yazan:\" \/>\n\t<meta name=\"twitter:data1\" content=\"Haber Merkezi\" \/>\n\t<meta name=\"twitter:label2\" content=\"Tahmini okuma s\u00fcresi\" \/>\n\t<meta name=\"twitter:data2\" content=\"1 dakika\" \/>\n<script type=\"application\/ld+json\" class=\"yoast-schema-graph\">{\"@context\":\"https:\\\/\\\/schema.org\",\"@graph\":[{\"@type\":\"NewsArticle\",\"@id\":\"https:\\\/\\\/e-ciftlik.com\\\/haberler\\\/spor\\\/bahattin-sofuoglu-dunya-superbiketa-ilk-puanini-aldi\\\/#article\",\"isPartOf\":{\"@id\":\"https:\\\/\\\/e-ciftlik.com\\\/haberler\\\/spor\\\/bahattin-sofuoglu-dunya-superbiketa-ilk-puanini-aldi\\\/\"},\"author\":{\"name\":\"Haber Merkezi\",\"@id\":\"http:\\\/\\\/e-ciftlik.com\\\/haberler\\\/#\\\/schema\\\/person\\\/d2f4fee3143d7f72be82cb887d51b00a\"},\"headline\":\"Bahattin Sofuo\u011flu: D\u00fcnya Superbike&#8217;ta \u0130lk Puan\u0131n\u0131 Ald\u0131\",\"datePublished\":\"2025-03-16T09:44:01+00:00\",\"mainEntityOfPage\":{\"@id\":\"https:\\\/\\\/e-ciftlik.com\\\/haberler\\\/spor\\\/bahattin-sofuoglu-dunya-superbiketa-ilk-puanini-aldi\\\/\"},\"wordCount\":234,\"commentCount\":0,\"publisher\":{\"@id\":\"http:\\\/\\\/e-ciftlik.com\\\/haberler\\\/#organization\"},\"image\":{\"@id\":\"https:\\\/\\\/e-ciftlik.com\\\/haberler\\\/spor\\\/bahattin-sofuoglu-dunya-superbiketa-ilk-puanini-aldi\\\/#primaryimage\"},\"thumbnailUrl\":\"https:\\\/\\\/e-ciftlik.com\\\/haberler\\\/wp-content\\\/uploads\\\/2025\\\/03\\\/1742118243_1200x628.jpeg\",\"articleSection\":[\"Spor\"],\"inLanguage\":\"tr\",\"potentialAction\":[{\"@type\":\"CommentAction\",\"name\":\"Comment\",\"target\":[\"https:\\\/\\\/e-ciftlik.com\\\/haberler\\\/spor\\\/bahattin-sofuoglu-dunya-superbiketa-ilk-puanini-aldi\\\/#respond\"]}]},{\"@type\":\"WebPage\",\"@id\":\"https:\\\/\\\/e-ciftlik.com\\\/haberler\\\/spor\\\/bahattin-sofuoglu-dunya-superbiketa-ilk-puanini-aldi\\\/\",\"url\":\"https:\\\/\\\/e-ciftlik.com\\\/haberler\\\/spor\\\/bahattin-sofuoglu-dunya-superbiketa-ilk-puanini-aldi\\\/\",\"name\":\"Bahattin Sofuo\u011flu: D\u00fcnya Superbike'ta \u0130lk Puan\u0131n\u0131 Ald\u0131 - E-&Ccedil;\u0130FTL\u0130K HABER\",\"isPartOf\":{\"@id\":\"http:\\\/\\\/e-ciftlik.com\\\/haberler\\\/#website\"},\"primaryImageOfPage\":{\"@id\":\"https:\\\/\\\/e-ciftlik.com\\\/haberler\\\/spor\\\/bahattin-sofuoglu-dunya-superbiketa-ilk-puanini-aldi\\\/#primaryimage\"},\"image\":{\"@id\":\"https:\\\/\\\/e-ciftlik.com\\\/haberler\\\/spor\\\/bahattin-sofuoglu-dunya-superbiketa-ilk-puanini-aldi\\\/#primaryimage\"},\"thumbnailUrl\":\"https:\\\/\\\/e-ciftlik.com\\\/haberler\\\/wp-content\\\/uploads\\\/2025\\\/03\\\/1742118243_1200x628.jpeg\",\"datePublished\":\"2025-03-16T09:44:01+00:00\",\"description\":\"Motosiklet Yar\u0131\u015f\u00e7\u0131s\u0131 Bahattin Sofuo\u011flu \u0130lk Puan\u0131n\u0131 Ald\u0131 D\u00fcnya Superbike \u015eampiyonas\u0131'na ad\u0131m atan milli motosiklet\u00e7i Bahattin Sofuo\u011flu, Phillip Island'daki\",\"breadcrumb\":{\"@id\":\"https:\\\/\\\/e-ciftlik.com\\\/haberler\\\/spor\\\/bahattin-sofuoglu-dunya-superbiketa-ilk-puanini-aldi\\\/#breadcrumb\"},\"inLanguage\":\"tr\",\"potentialAction\":[{\"@type\":\"ReadAction\",\"target\":[\"https:\\\/\\\/e-ciftlik.com\\\/haberler\\\/spor\\\/bahattin-sofuoglu-dunya-superbiketa-ilk-puanini-aldi\\\/\"]}]},{\"@type\":\"ImageObject\",\"inLanguage\":\"tr\",\"@id\":\"https:\\\/\\\/e-ciftlik.com\\\/haberler\\\/spor\\\/bahattin-sofuoglu-dunya-superbiketa-ilk-puanini-aldi\\\/#primaryimage\",\"url\":\"https:\\\/\\\/e-ciftlik.com\\\/haberler\\\/wp-content\\\/uploads\\\/2025\\\/03\\\/1742118243_1200x628.jpeg\",\"contentUrl\":\"https:\\\/\\\/e-ciftlik.com\\\/haberler\\\/wp-content\\\/uploads\\\/2025\\\/03\\\/1742118243_1200x628.jpeg\",\"width\":1200,\"height\":628},{\"@type\":\"BreadcrumbList\",\"@id\":\"https:\\\/\\\/e-ciftlik.com\\\/haberler\\\/spor\\\/bahattin-sofuoglu-dunya-superbiketa-ilk-puanini-aldi\\\/#breadcrumb\",\"itemListElement\":[{\"@type\":\"ListItem\",\"position\":1,\"name\":\"Anasayfa\",\"item\":\"http:\\\/\\\/e-ciftlik.com\\\/haberler\\\/\"},{\"@type\":\"ListItem\",\"position\":2,\"name\":\"Bahattin Sofuo\u011flu: D\u00fcnya Superbike&#8217;ta \u0130lk Puan\u0131n\u0131 Ald\u0131\"}]},{\"@type\":\"WebSite\",\"@id\":\"http:\\\/\\\/e-ciftlik.com\\\/haberler\\\/#website\",\"url\":\"http:\\\/\\\/e-ciftlik.com\\\/haberler\\\/\",\"name\":\"E-\u00c7iftlik Haber | G\u00fcncel, Son Dakika Haberler, En Son Haber\",\"description\":\"\",\"publisher\":{\"@id\":\"http:\\\/\\\/e-ciftlik.com\\\/haberler\\\/#organization\"},\"potentialAction\":[{\"@type\":\"SearchAction\",\"target\":{\"@type\":\"EntryPoint\",\"urlTemplate\":\"http:\\\/\\\/e-ciftlik.com\\\/haberler\\\/?s={search_term_string}\"},\"query-input\":{\"@type\":\"PropertyValueSpecification\",\"valueRequired\":true,\"valueName\":\"search_term_string\"}}],\"inLanguage\":\"tr\"},{\"@type\":\"Organization\",\"@id\":\"http:\\\/\\\/e-ciftlik.com\\\/haberler\\\/#organization\",\"name\":\"E-\u00c7\u0130FTL\u0130K HABER\",\"url\":\"http:\\\/\\\/e-ciftlik.com\\\/haberler\\\/\",\"logo\":{\"@type\":\"ImageObject\",\"inLanguage\":\"tr\",\"@id\":\"http:\\\/\\\/e-ciftlik.com\\\/haberler\\\/#\\\/schema\\\/logo\\\/image\\\/\",\"url\":\"https:\\\/\\\/e-ciftlik.com\\\/haberler\\\/wp-content\\\/uploads\\\/2024\\\/06\\\/cropped-cropped-favicon-1-2.png\",\"contentUrl\":\"https:\\\/\\\/e-ciftlik.com\\\/haberler\\\/wp-content\\\/uploads\\\/2024\\\/06\\\/cropped-cropped-favicon-1-2.png\",\"width\":512,\"height\":512,\"caption\":\"E-\u00c7\u0130FTL\u0130K HABER\"},\"image\":{\"@id\":\"http:\\\/\\\/e-ciftlik.com\\\/haberler\\\/#\\\/schema\\\/logo\\\/image\\\/\"},\"sameAs\":[\"https:\\\/\\\/www.facebook.com\\\/eciftlikturkiye\",\"https:\\\/\\\/x.com\\\/eciftlikresmi\",\"https:\\\/\\\/www.instagram.com\\\/eciftlikresmi\\\/\"]},{\"@type\":\"Person\",\"@id\":\"http:\\\/\\\/e-ciftlik.com\\\/haberler\\\/#\\\/schema\\\/person\\\/d2f4fee3143d7f72be82cb887d51b00a\",\"name\":\"Haber Merkezi\",\"image\":{\"@type\":\"ImageObject\",\"inLanguage\":\"tr\",\"@id\":\"https:\\\/\\\/secure.gravatar.com\\\/avatar\\\/6c27d641914e66c1d0452c92716002398782818991d86db1c2cccb531e7c7c82?s=96&d=mm&r=g\",\"url\":\"https:\\\/\\\/secure.gravatar.com\\\/avatar\\\/6c27d641914e66c1d0452c92716002398782818991d86db1c2cccb531e7c7c82?s=96&d=mm&r=g\",\"contentUrl\":\"https:\\\/\\\/secure.gravatar.com\\\/avatar\\\/6c27d641914e66c1d0452c92716002398782818991d86db1c2cccb531e7c7c82?s=96&d=mm&r=g\",\"caption\":\"Haber Merkezi\"},\"sameAs\":[\"http:\\\/\\\/e-ciftlik.com\\\/haberler\"]}]}<\/script>\n<!-- \/ Yoast SEO Premium plugin. -->","yoast_head_json":{"title":"Bahattin Sofuo\u011flu: D\u00fcnya Superbike'ta \u0130lk Puan\u0131n\u0131 Ald\u0131 - E-&Ccedil;\u0130FTL\u0130K HABER","description":"Motosiklet Yar\u0131\u015f\u00e7\u0131s\u0131 Bahattin Sofuo\u011flu \u0130lk Puan\u0131n\u0131 Ald\u0131 D\u00fcnya Superbike \u015eampiyonas\u0131'na ad\u0131m atan milli motosiklet\u00e7i Bahattin Sofuo\u011flu, Phillip Island'daki","robots":{"index":"index","follow":"follow","max-snippet":"max-snippet:-1","max-image-preview":"max-image-preview:large","max-video-preview":"max-video-preview:-1"},"canonical":"https:\/\/e-ciftlik.com\/haberler\/spor\/bahattin-sofuoglu-dunya-superbiketa-ilk-puanini-aldi\/","og_locale":"tr_TR","og_type":"article","og_title":"Bahattin Sofuo\u011flu: D\u00fcnya Superbike'ta \u0130lk Puan\u0131n\u0131 Ald\u0131","og_description":"Motosiklet Yar\u0131\u015f\u00e7\u0131s\u0131 Bahattin Sofuo\u011flu \u0130lk Puan\u0131n\u0131 Ald\u0131 D\u00fcnya Superbike \u015eampiyonas\u0131'na ad\u0131m atan milli motosiklet\u00e7i Bahattin Sofuo\u011flu, Phillip Island'daki","og_url":"https:\/\/e-ciftlik.com\/haberler\/spor\/bahattin-sofuoglu-dunya-superbiketa-ilk-puanini-aldi\/","og_site_name":"E-&Ccedil;\u0130FTL\u0130K HABER","article_publisher":"https:\/\/www.facebook.com\/eciftlikturkiye","article_published_time":"2025-03-16T09:44:01+00:00","og_image":[{"width":1200,"height":628,"url":"https:\/\/e-ciftlik.com\/haberler\/wp-content\/uploads\/2025\/03\/1742118243_1200x628.jpeg","type":"image\/jpeg"}],"author":"Haber Merkezi","twitter_card":"summary_large_image","twitter_creator":"@eciftlikresmi","twitter_site":"@eciftlikresmi","twitter_misc":{"Yazan:":"Haber Merkezi","Tahmini okuma s\u00fcresi":"1 dakika"},"schema":{"@context":"https:\/\/schema.org","@graph":[{"@type":"NewsArticle","@id":"https:\/\/e-ciftlik.com\/haberler\/spor\/bahattin-sofuoglu-dunya-superbiketa-ilk-puanini-aldi\/#article","isPartOf":{"@id":"https:\/\/e-ciftlik.com\/haberler\/spor\/bahattin-sofuoglu-dunya-superbiketa-ilk-puanini-aldi\/"},"author":{"name":"Haber Merkezi","@id":"http:\/\/e-ciftlik.com\/haberler\/#\/schema\/person\/d2f4fee3143d7f72be82cb887d51b00a"},"headline":"Bahattin Sofuo\u011flu: D\u00fcnya Superbike&#8217;ta \u0130lk Puan\u0131n\u0131 Ald\u0131","datePublished":"2025-03-16T09:44:01+00:00","mainEntityOfPage":{"@id":"https:\/\/e-ciftlik.com\/haberler\/spor\/bahattin-sofuoglu-dunya-superbiketa-ilk-puanini-aldi\/"},"wordCount":234,"commentCount":0,"publisher":{"@id":"http:\/\/e-ciftlik.com\/haberler\/#organization"},"image":{"@id":"https:\/\/e-ciftlik.com\/haberler\/spor\/bahattin-sofuoglu-dunya-superbiketa-ilk-puanini-aldi\/#primaryimage"},"thumbnailUrl":"https:\/\/e-ciftlik.com\/haberler\/wp-content\/uploads\/2025\/03\/1742118243_1200x628.jpeg","articleSection":["Spor"],"inLanguage":"tr","potentialAction":[{"@type":"CommentAction","name":"Comment","target":["https:\/\/e-ciftlik.com\/haberler\/spor\/bahattin-sofuoglu-dunya-superbiketa-ilk-puanini-aldi\/#respond"]}]},{"@type":"WebPage","@id":"https:\/\/e-ciftlik.com\/haberler\/spor\/bahattin-sofuoglu-dunya-superbiketa-ilk-puanini-aldi\/","url":"https:\/\/e-ciftlik.com\/haberler\/spor\/bahattin-sofuoglu-dunya-superbiketa-ilk-puanini-aldi\/","name":"Bahattin Sofuo\u011flu: D\u00fcnya Superbike'ta \u0130lk Puan\u0131n\u0131 Ald\u0131 - E-&Ccedil;\u0130FTL\u0130K HABER","isPartOf":{"@id":"http:\/\/e-ciftlik.com\/haberler\/#website"},"primaryImageOfPage":{"@id":"https:\/\/e-ciftlik.com\/haberler\/spor\/bahattin-sofuoglu-dunya-superbiketa-ilk-puanini-aldi\/#primaryimage"},"image":{"@id":"https:\/\/e-ciftlik.com\/haberler\/spor\/bahattin-sofuoglu-dunya-superbiketa-ilk-puanini-aldi\/#primaryimage"},"thumbnailUrl":"https:\/\/e-ciftlik.com\/haberler\/wp-content\/uploads\/2025\/03\/1742118243_1200x628.jpeg","datePublished":"2025-03-16T09:44:01+00:00","description":"Motosiklet Yar\u0131\u015f\u00e7\u0131s\u0131 Bahattin Sofuo\u011flu \u0130lk Puan\u0131n\u0131 Ald\u0131 D\u00fcnya Superbike \u015eampiyonas\u0131'na ad\u0131m atan milli motosiklet\u00e7i Bahattin Sofuo\u011flu, Phillip Island'daki","breadcrumb":{"@id":"https:\/\/e-ciftlik.com\/haberler\/spor\/bahattin-sofuoglu-dunya-superbiketa-ilk-puanini-aldi\/#breadcrumb"},"inLanguage":"tr","potentialAction":[{"@type":"ReadAction","target":["https:\/\/e-ciftlik.com\/haberler\/spor\/bahattin-sofuoglu-dunya-superbiketa-ilk-puanini-aldi\/"]}]},{"@type":"ImageObject","inLanguage":"tr","@id":"https:\/\/e-ciftlik.com\/haberler\/spor\/bahattin-sofuoglu-dunya-superbiketa-ilk-puanini-aldi\/#primaryimage","url":"https:\/\/e-ciftlik.com\/haberler\/wp-content\/uploads\/2025\/03\/1742118243_1200x628.jpeg","contentUrl":"https:\/\/e-ciftlik.com\/haberler\/wp-content\/uploads\/2025\/03\/1742118243_1200x628.jpeg","width":1200,"height":628},{"@type":"BreadcrumbList","@id":"https:\/\/e-ciftlik.com\/haberler\/spor\/bahattin-sofuoglu-dunya-superbiketa-ilk-puanini-aldi\/#breadcrumb","itemListElement":[{"@type":"ListItem","position":1,"name":"Anasayfa","item":"http:\/\/e-ciftlik.com\/haberler\/"},{"@type":"ListItem","position":2,"name":"Bahattin Sofuo\u011flu: D\u00fcnya Superbike&#8217;ta \u0130lk Puan\u0131n\u0131 Ald\u0131"}]},{"@type":"WebSite","@id":"http:\/\/e-ciftlik.com\/haberler\/#website","url":"http:\/\/e-ciftlik.com\/haberler\/","name":"E-\u00c7iftlik Haber | G\u00fcncel, Son Dakika Haberler, En Son Haber","description":"","publisher":{"@id":"http:\/\/e-ciftlik.com\/haberler\/#organization"},"potentialAction":[{"@type":"SearchAction","target":{"@type":"EntryPoint","urlTemplate":"http:\/\/e-ciftlik.com\/haberler\/?s={search_term_string}"},"query-input":{"@type":"PropertyValueSpecification","valueRequired":true,"valueName":"search_term_string"}}],"inLanguage":"tr"},{"@type":"Organization","@id":"http:\/\/e-ciftlik.com\/haberler\/#organization","name":"E-\u00c7\u0130FTL\u0130K HABER","url":"http:\/\/e-ciftlik.com\/haberler\/","logo":{"@type":"ImageObject","inLanguage":"tr","@id":"http:\/\/e-ciftlik.com\/haberler\/#\/schema\/logo\/image\/","url":"https:\/\/e-ciftlik.com\/haberler\/wp-content\/uploads\/2024\/06\/cropped-cropped-favicon-1-2.png","contentUrl":"https:\/\/e-ciftlik.com\/haberler\/wp-content\/uploads\/2024\/06\/cropped-cropped-favicon-1-2.png","width":512,"height":512,"caption":"E-\u00c7\u0130FTL\u0130K HABER"},"image":{"@id":"http:\/\/e-ciftlik.com\/haberler\/#\/schema\/logo\/image\/"},"sameAs":["https:\/\/www.facebook.com\/eciftlikturkiye","https:\/\/x.com\/eciftlikresmi","https:\/\/www.instagram.com\/eciftlikresmi\/"]},{"@type":"Person","@id":"http:\/\/e-ciftlik.com\/haberler\/#\/schema\/person\/d2f4fee3143d7f72be82cb887d51b00a","name":"Haber Merkezi","image":{"@type":"ImageObject","inLanguage":"tr","@id":"https:\/\/secure.gravatar.com\/avatar\/6c27d641914e66c1d0452c92716002398782818991d86db1c2cccb531e7c7c82?s=96&d=mm&r=g","url":"https:\/\/secure.gravatar.com\/avatar\/6c27d641914e66c1d0452c92716002398782818991d86db1c2cccb531e7c7c82?s=96&d=mm&r=g","contentUrl":"https:\/\/secure.gravatar.com\/avatar\/6c27d641914e66c1d0452c92716002398782818991d86db1c2cccb531e7c7c82?s=96&d=mm&r=g","caption":"Haber Merkezi"},"sameAs":["http:\/\/e-ciftlik.com\/haberler"]}]}},"_links":{"self":[{"href":"https:\/\/e-ciftlik.com\/haberler\/wp-json\/wp\/v2\/posts\/87271","targetHints":{"allow":["GET"]}}],"collection":[{"href":"https:\/\/e-ciftlik.com\/haberler\/wp-json\/wp\/v2\/posts"}],"about":[{"href":"https:\/\/e-ciftlik.com\/haberler\/wp-json\/wp\/v2\/types\/post"}],"author":[{"embeddable":true,"href":"https:\/\/e-ciftlik.com\/haberler\/wp-json\/wp\/v2\/users\/1"}],"replies":[{"embeddable":true,"href":"https:\/\/e-ciftlik.com\/haberler\/wp-json\/wp\/v2\/comments?post=87271"}],"version-history":[{"count":0,"href":"https:\/\/e-ciftlik.com\/haberler\/wp-json\/wp\/v2\/posts\/87271\/revisions"}],"wp:featuredmedia":[{"embeddable":true,"href":"https:\/\/e-ciftlik.com\/haberler\/wp-json\/wp\/v2\/media\/87272"}],"wp:attachment":[{"href":"https:\/\/e-ciftlik.com\/haberler\/wp-json\/wp\/v2\/media?parent=87271"}],"wp:term":[{"taxonomy":"category","embeddable":true,"href":"https:\/\/e-ciftlik.com\/haberler\/wp-json\/wp\/v2\/categories?post=87271"},{"taxonomy":"post_tag","embeddable":true,"href":"https:\/\/e-ciftlik.com\/haberler\/wp-json\/wp\/v2\/tags?post=87271"}],"curies":[{"name":"wp","href":"https:\/\/api.w.org\/{rel}","templated":true}]}}