{"id":87275,"date":"2025-03-16T10:04:06","date_gmt":"2025-03-16T10:04:06","guid":{"rendered":"https:\/\/e-ciftlik.com\/haberler\/otomobil\/porsche-2024te-3-900-isciyi-isten-cikaracak\/"},"modified":"2025-03-16T10:04:06","modified_gmt":"2025-03-16T10:04:06","slug":"porsche-2024te-3-900-isciyi-isten-cikaracak","status":"publish","type":"post","link":"https:\/\/e-ciftlik.com\/haberler\/otomobil\/porsche-2024te-3-900-isciyi-isten-cikaracak\/","title":{"rendered":"Porsche, 2024&#8217;te 3.900 \u0130\u015f\u00e7iyi \u0130\u015ften \u00c7\u0131karacak"},"content":{"rendered":"<p>2029 y\u0131l\u0131na kadar yakla\u015f\u0131k 1.900 ki\u015fiyi i\u015ften \u00e7\u0131karma planlar\u0131n\u0131 duyuran Porsche, 2024 y\u0131l\u0131nda al\u0131nan ek kararlarla birlikte toplamda 3 bin 900 \u00e7al\u0131\u015fan\u0131n i\u015fine son verilece\u011fini a\u00e7\u0131klad\u0131.<\/p>\n<p>Bu b\u00fcy\u00fck i\u015ften \u00e7\u0131karma hamlesi, \u015firketin 2025 y\u0131l\u0131nda sat\u0131\u015flarda ve gelirde bekledi\u011fi d\u00fc\u015f\u00fc\u015fle do\u011frudan ili\u015fkilendiriliyor. \u00d6zellikle \u00c7in pazar\u0131ndaki d\u00fc\u015f\u00fc\u015ften etkilenen Porsche, 2024 y\u0131l\u0131nda faaliyet k\u00e2r\u0131nda azalma ya\u015fad\u0131 ve bu durum \u015firketi yeniden yap\u0131lanma planlar\u0131 yapmaya y\u00f6neltti.<\/p>\n<p>Porsche, i\u015ften \u00e7\u0131karmalar\u0131n arkas\u0131ndaki nedenleri elektrikli ara\u00e7lara ge\u00e7i\u015f s\u00fcrecindeki gecikmeler ve zorlu ekonomik \u015fartlar olarak a\u00e7\u0131klad\u0131. 2030 y\u0131l\u0131na kadar elektrikli ara\u00e7lar\u0131n sat\u0131\u015flar\u0131n\u0131n y\u00fczde 80&#8217;ini olu\u015fturmas\u0131 hedefini rafa kald\u0131ran \u015firket, i\u00e7ten yanmal\u0131 motorlara yeniden odaklanma karar\u0131 ald\u0131.<\/p>\n<p>Bu strateji de\u011fi\u015fikli\u011fi, i\u015f g\u00fcc\u00fcnde de yeniden yap\u0131lanmay\u0131 gerektirdi. Ayr\u0131ca, 2025 y\u0131l\u0131nda sat\u0131\u015flarda ve gelirde beklenen d\u00fc\u015f\u00fc\u015f, \u015firketin maliyetleri azaltma ihtiyac\u0131n\u0131 ortaya \u00e7\u0131kard\u0131.<\/p>\n<p>Porsche, 800 milyon \u20ac&#8217;luk yeniden yap\u0131lanma plan\u0131 ile kay\u0131plar\u0131 azaltmay\u0131 hedefliyor. \u015eirket, hissedarlara temett\u00fc da\u011f\u0131taca\u011f\u0131n\u0131 teyit ederken, 2025 y\u0131l\u0131nda sat\u0131\u015flar\u0131n y\u00fczde 33-35&#8217;inin elektrikli ara\u00e7lardan olu\u015faca\u011f\u0131n\u0131 \u00f6ng\u00f6rerek elektrifikasyon hedefine ba\u011fl\u0131 kalmaya devam ediyor. Ancak, bu hedef daha \u00f6nceki y\u00fczde 80&#8217;lik oran\u0131n olduk\u00e7a alt\u0131nda. Porsche, hem i\u00e7ten yanmal\u0131 hem de elektrikli ara\u00e7 pazarlar\u0131nda rekabet\u00e7i kalmay\u0131 ama\u00e7l\u0131yor.<\/p>\n","protected":false},"excerpt":{"rendered":"<p>2029 y\u0131l\u0131na kadar yakla\u015f\u0131k 1.900 ki\u015fiyi i\u015ften \u00e7\u0131karma planlar\u0131n\u0131 duyuran Porsche, 2024 y\u0131l\u0131nda al\u0131nan ek&hellip;<\/p>\n","protected":false},"author":1,"featured_media":87276,"comment_status":"open","ping_status":"open","sticky":false,"template":"","format":"standard","meta":{"footnotes":""},"categories":[5],"tags":[775,2378,15374,778,2673],"class_list":["post-87275","post","type-post","status-publish","format-standard","has-post-thumbnail","hentry","category-otomobil","tag-2024te","tag-cikaracak","tag-isciyi","tag-isten","tag-porsche"],"yoast_head":"<!-- This site is optimized with the Yoast SEO Premium plugin v24.3 (Yoast SEO v27.4) - https:\/\/yoast.com\/product\/yoast-seo-premium-wordpress\/ -->\n<title>Porsche, 2024&#039;te 3.900 \u0130\u015f\u00e7iyi \u0130\u015ften \u00c7\u0131karacak - E-&Ccedil;\u0130FTL\u0130K HABER<\/title>\n<meta name=\"description\" content=\"2029 y\u0131l\u0131na kadar yakla\u015f\u0131k 1.900 ki\u015fiyi i\u015ften \u00e7\u0131karma planlar\u0131n\u0131 duyuran Porsche, 2024 y\u0131l\u0131nda al\u0131nan ek kararlarla birlikte toplamda 3 bin 900 \u00e7al\u0131\u015fan\u0131n\" \/>\n<meta name=\"robots\" content=\"index, follow, max-snippet:-1, max-image-preview:large, max-video-preview:-1\" \/>\n<link rel=\"canonical\" href=\"https:\/\/e-ciftlik.com\/haberler\/otomobil\/porsche-2024te-3-900-isciyi-isten-cikaracak\/\" \/>\n<meta property=\"og:locale\" content=\"tr_TR\" \/>\n<meta property=\"og:type\" content=\"article\" \/>\n<meta property=\"og:title\" content=\"Porsche, 2024&#039;te 3.900 \u0130\u015f\u00e7iyi \u0130\u015ften \u00c7\u0131karacak\" \/>\n<meta property=\"og:description\" content=\"2029 y\u0131l\u0131na kadar yakla\u015f\u0131k 1.900 ki\u015fiyi i\u015ften \u00e7\u0131karma planlar\u0131n\u0131 duyuran Porsche, 2024 y\u0131l\u0131nda al\u0131nan ek kararlarla birlikte toplamda 3 bin 900 \u00e7al\u0131\u015fan\u0131n\" \/>\n<meta property=\"og:url\" content=\"https:\/\/e-ciftlik.com\/haberler\/otomobil\/porsche-2024te-3-900-isciyi-isten-cikaracak\/\" \/>\n<meta property=\"og:site_name\" content=\"E-&Ccedil;\u0130FTL\u0130K HABER\" \/>\n<meta property=\"article:publisher\" content=\"https:\/\/www.facebook.com\/eciftlikturkiye\" \/>\n<meta property=\"article:published_time\" content=\"2025-03-16T10:04:06+00:00\" \/>\n<meta property=\"og:image\" content=\"https:\/\/e-ciftlik.com\/haberler\/wp-content\/uploads\/2025\/03\/67d5ef9de98ec294.jpg\" \/>\n\t<meta property=\"og:image:width\" content=\"1200\" \/>\n\t<meta property=\"og:image:height\" content=\"675\" \/>\n\t<meta property=\"og:image:type\" content=\"image\/jpeg\" \/>\n<meta name=\"author\" content=\"Haber Merkezi\" \/>\n<meta name=\"twitter:card\" content=\"summary_large_image\" \/>\n<meta name=\"twitter:creator\" content=\"@eciftlikresmi\" \/>\n<meta name=\"twitter:site\" content=\"@eciftlikresmi\" \/>\n<meta name=\"twitter:label1\" content=\"Yazan:\" \/>\n\t<meta name=\"twitter:data1\" content=\"Haber Merkezi\" \/>\n\t<meta name=\"twitter:label2\" content=\"Tahmini okuma s\u00fcresi\" \/>\n\t<meta name=\"twitter:data2\" content=\"1 dakika\" \/>\n<script type=\"application\/ld+json\" class=\"yoast-schema-graph\">{\"@context\":\"https:\\\/\\\/schema.org\",\"@graph\":[{\"@type\":\"NewsArticle\",\"@id\":\"https:\\\/\\\/e-ciftlik.com\\\/haberler\\\/otomobil\\\/porsche-2024te-3-900-isciyi-isten-cikaracak\\\/#article\",\"isPartOf\":{\"@id\":\"https:\\\/\\\/e-ciftlik.com\\\/haberler\\\/otomobil\\\/porsche-2024te-3-900-isciyi-isten-cikaracak\\\/\"},\"author\":{\"name\":\"Haber Merkezi\",\"@id\":\"http:\\\/\\\/e-ciftlik.com\\\/haberler\\\/#\\\/schema\\\/person\\\/d2f4fee3143d7f72be82cb887d51b00a\"},\"headline\":\"Porsche, 2024&#8217;te 3.900 \u0130\u015f\u00e7iyi \u0130\u015ften \u00c7\u0131karacak\",\"datePublished\":\"2025-03-16T10:04:06+00:00\",\"mainEntityOfPage\":{\"@id\":\"https:\\\/\\\/e-ciftlik.com\\\/haberler\\\/otomobil\\\/porsche-2024te-3-900-isciyi-isten-cikaracak\\\/\"},\"wordCount\":255,\"commentCount\":0,\"publisher\":{\"@id\":\"http:\\\/\\\/e-ciftlik.com\\\/haberler\\\/#organization\"},\"image\":{\"@id\":\"https:\\\/\\\/e-ciftlik.com\\\/haberler\\\/otomobil\\\/porsche-2024te-3-900-isciyi-isten-cikaracak\\\/#primaryimage\"},\"thumbnailUrl\":\"https:\\\/\\\/e-ciftlik.com\\\/haberler\\\/wp-content\\\/uploads\\\/2025\\\/03\\\/67d5ef9de98ec294.jpg\",\"keywords\":[\"2024te\",\"\u00e7\u0131karacak\",\"i\u015f\u00e7iyi\",\"\u0130\u015ften\",\"Porsche\"],\"articleSection\":[\"Otomobil\"],\"inLanguage\":\"tr\",\"potentialAction\":[{\"@type\":\"CommentAction\",\"name\":\"Comment\",\"target\":[\"https:\\\/\\\/e-ciftlik.com\\\/haberler\\\/otomobil\\\/porsche-2024te-3-900-isciyi-isten-cikaracak\\\/#respond\"]}]},{\"@type\":\"WebPage\",\"@id\":\"https:\\\/\\\/e-ciftlik.com\\\/haberler\\\/otomobil\\\/porsche-2024te-3-900-isciyi-isten-cikaracak\\\/\",\"url\":\"https:\\\/\\\/e-ciftlik.com\\\/haberler\\\/otomobil\\\/porsche-2024te-3-900-isciyi-isten-cikaracak\\\/\",\"name\":\"Porsche, 2024'te 3.900 \u0130\u015f\u00e7iyi \u0130\u015ften \u00c7\u0131karacak - E-&Ccedil;\u0130FTL\u0130K HABER\",\"isPartOf\":{\"@id\":\"http:\\\/\\\/e-ciftlik.com\\\/haberler\\\/#website\"},\"primaryImageOfPage\":{\"@id\":\"https:\\\/\\\/e-ciftlik.com\\\/haberler\\\/otomobil\\\/porsche-2024te-3-900-isciyi-isten-cikaracak\\\/#primaryimage\"},\"image\":{\"@id\":\"https:\\\/\\\/e-ciftlik.com\\\/haberler\\\/otomobil\\\/porsche-2024te-3-900-isciyi-isten-cikaracak\\\/#primaryimage\"},\"thumbnailUrl\":\"https:\\\/\\\/e-ciftlik.com\\\/haberler\\\/wp-content\\\/uploads\\\/2025\\\/03\\\/67d5ef9de98ec294.jpg\",\"datePublished\":\"2025-03-16T10:04:06+00:00\",\"description\":\"2029 y\u0131l\u0131na kadar yakla\u015f\u0131k 1.900 ki\u015fiyi i\u015ften \u00e7\u0131karma planlar\u0131n\u0131 duyuran Porsche, 2024 y\u0131l\u0131nda al\u0131nan ek kararlarla birlikte toplamda 3 bin 900 \u00e7al\u0131\u015fan\u0131n\",\"breadcrumb\":{\"@id\":\"https:\\\/\\\/e-ciftlik.com\\\/haberler\\\/otomobil\\\/porsche-2024te-3-900-isciyi-isten-cikaracak\\\/#breadcrumb\"},\"inLanguage\":\"tr\",\"potentialAction\":[{\"@type\":\"ReadAction\",\"target\":[\"https:\\\/\\\/e-ciftlik.com\\\/haberler\\\/otomobil\\\/porsche-2024te-3-900-isciyi-isten-cikaracak\\\/\"]}]},{\"@type\":\"ImageObject\",\"inLanguage\":\"tr\",\"@id\":\"https:\\\/\\\/e-ciftlik.com\\\/haberler\\\/otomobil\\\/porsche-2024te-3-900-isciyi-isten-cikaracak\\\/#primaryimage\",\"url\":\"https:\\\/\\\/e-ciftlik.com\\\/haberler\\\/wp-content\\\/uploads\\\/2025\\\/03\\\/67d5ef9de98ec294.jpg\",\"contentUrl\":\"https:\\\/\\\/e-ciftlik.com\\\/haberler\\\/wp-content\\\/uploads\\\/2025\\\/03\\\/67d5ef9de98ec294.jpg\",\"width\":1200,\"height\":675},{\"@type\":\"BreadcrumbList\",\"@id\":\"https:\\\/\\\/e-ciftlik.com\\\/haberler\\\/otomobil\\\/porsche-2024te-3-900-isciyi-isten-cikaracak\\\/#breadcrumb\",\"itemListElement\":[{\"@type\":\"ListItem\",\"position\":1,\"name\":\"Anasayfa\",\"item\":\"http:\\\/\\\/e-ciftlik.com\\\/haberler\\\/\"},{\"@type\":\"ListItem\",\"position\":2,\"name\":\"Porsche, 2024&#8217;te 3.900 \u0130\u015f\u00e7iyi \u0130\u015ften \u00c7\u0131karacak\"}]},{\"@type\":\"WebSite\",\"@id\":\"http:\\\/\\\/e-ciftlik.com\\\/haberler\\\/#website\",\"url\":\"http:\\\/\\\/e-ciftlik.com\\\/haberler\\\/\",\"name\":\"E-\u00c7iftlik Haber | G\u00fcncel, Son Dakika Haberler, En Son Haber\",\"description\":\"\",\"publisher\":{\"@id\":\"http:\\\/\\\/e-ciftlik.com\\\/haberler\\\/#organization\"},\"potentialAction\":[{\"@type\":\"SearchAction\",\"target\":{\"@type\":\"EntryPoint\",\"urlTemplate\":\"http:\\\/\\\/e-ciftlik.com\\\/haberler\\\/?s={search_term_string}\"},\"query-input\":{\"@type\":\"PropertyValueSpecification\",\"valueRequired\":true,\"valueName\":\"search_term_string\"}}],\"inLanguage\":\"tr\"},{\"@type\":\"Organization\",\"@id\":\"http:\\\/\\\/e-ciftlik.com\\\/haberler\\\/#organization\",\"name\":\"E-\u00c7\u0130FTL\u0130K HABER\",\"url\":\"http:\\\/\\\/e-ciftlik.com\\\/haberler\\\/\",\"logo\":{\"@type\":\"ImageObject\",\"inLanguage\":\"tr\",\"@id\":\"http:\\\/\\\/e-ciftlik.com\\\/haberler\\\/#\\\/schema\\\/logo\\\/image\\\/\",\"url\":\"https:\\\/\\\/e-ciftlik.com\\\/haberler\\\/wp-content\\\/uploads\\\/2024\\\/06\\\/cropped-cropped-favicon-1-2.png\",\"contentUrl\":\"https:\\\/\\\/e-ciftlik.com\\\/haberler\\\/wp-content\\\/uploads\\\/2024\\\/06\\\/cropped-cropped-favicon-1-2.png\",\"width\":512,\"height\":512,\"caption\":\"E-\u00c7\u0130FTL\u0130K HABER\"},\"image\":{\"@id\":\"http:\\\/\\\/e-ciftlik.com\\\/haberler\\\/#\\\/schema\\\/logo\\\/image\\\/\"},\"sameAs\":[\"https:\\\/\\\/www.facebook.com\\\/eciftlikturkiye\",\"https:\\\/\\\/x.com\\\/eciftlikresmi\",\"https:\\\/\\\/www.instagram.com\\\/eciftlikresmi\\\/\"]},{\"@type\":\"Person\",\"@id\":\"http:\\\/\\\/e-ciftlik.com\\\/haberler\\\/#\\\/schema\\\/person\\\/d2f4fee3143d7f72be82cb887d51b00a\",\"name\":\"Haber Merkezi\",\"image\":{\"@type\":\"ImageObject\",\"inLanguage\":\"tr\",\"@id\":\"https:\\\/\\\/secure.gravatar.com\\\/avatar\\\/6c27d641914e66c1d0452c92716002398782818991d86db1c2cccb531e7c7c82?s=96&d=mm&r=g\",\"url\":\"https:\\\/\\\/secure.gravatar.com\\\/avatar\\\/6c27d641914e66c1d0452c92716002398782818991d86db1c2cccb531e7c7c82?s=96&d=mm&r=g\",\"contentUrl\":\"https:\\\/\\\/secure.gravatar.com\\\/avatar\\\/6c27d641914e66c1d0452c92716002398782818991d86db1c2cccb531e7c7c82?s=96&d=mm&r=g\",\"caption\":\"Haber Merkezi\"},\"sameAs\":[\"http:\\\/\\\/e-ciftlik.com\\\/haberler\"]}]}<\/script>\n<!-- \/ Yoast SEO Premium plugin. -->","yoast_head_json":{"title":"Porsche, 2024'te 3.900 \u0130\u015f\u00e7iyi \u0130\u015ften \u00c7\u0131karacak - E-&Ccedil;\u0130FTL\u0130K HABER","description":"2029 y\u0131l\u0131na kadar yakla\u015f\u0131k 1.900 ki\u015fiyi i\u015ften \u00e7\u0131karma planlar\u0131n\u0131 duyuran Porsche, 2024 y\u0131l\u0131nda al\u0131nan ek kararlarla birlikte toplamda 3 bin 900 \u00e7al\u0131\u015fan\u0131n","robots":{"index":"index","follow":"follow","max-snippet":"max-snippet:-1","max-image-preview":"max-image-preview:large","max-video-preview":"max-video-preview:-1"},"canonical":"https:\/\/e-ciftlik.com\/haberler\/otomobil\/porsche-2024te-3-900-isciyi-isten-cikaracak\/","og_locale":"tr_TR","og_type":"article","og_title":"Porsche, 2024'te 3.900 \u0130\u015f\u00e7iyi \u0130\u015ften \u00c7\u0131karacak","og_description":"2029 y\u0131l\u0131na kadar yakla\u015f\u0131k 1.900 ki\u015fiyi i\u015ften \u00e7\u0131karma planlar\u0131n\u0131 duyuran Porsche, 2024 y\u0131l\u0131nda al\u0131nan ek kararlarla birlikte toplamda 3 bin 900 \u00e7al\u0131\u015fan\u0131n","og_url":"https:\/\/e-ciftlik.com\/haberler\/otomobil\/porsche-2024te-3-900-isciyi-isten-cikaracak\/","og_site_name":"E-&Ccedil;\u0130FTL\u0130K HABER","article_publisher":"https:\/\/www.facebook.com\/eciftlikturkiye","article_published_time":"2025-03-16T10:04:06+00:00","og_image":[{"width":1200,"height":675,"url":"https:\/\/e-ciftlik.com\/haberler\/wp-content\/uploads\/2025\/03\/67d5ef9de98ec294.jpg","type":"image\/jpeg"}],"author":"Haber Merkezi","twitter_card":"summary_large_image","twitter_creator":"@eciftlikresmi","twitter_site":"@eciftlikresmi","twitter_misc":{"Yazan:":"Haber Merkezi","Tahmini okuma s\u00fcresi":"1 dakika"},"schema":{"@context":"https:\/\/schema.org","@graph":[{"@type":"NewsArticle","@id":"https:\/\/e-ciftlik.com\/haberler\/otomobil\/porsche-2024te-3-900-isciyi-isten-cikaracak\/#article","isPartOf":{"@id":"https:\/\/e-ciftlik.com\/haberler\/otomobil\/porsche-2024te-3-900-isciyi-isten-cikaracak\/"},"author":{"name":"Haber Merkezi","@id":"http:\/\/e-ciftlik.com\/haberler\/#\/schema\/person\/d2f4fee3143d7f72be82cb887d51b00a"},"headline":"Porsche, 2024&#8217;te 3.900 \u0130\u015f\u00e7iyi \u0130\u015ften \u00c7\u0131karacak","datePublished":"2025-03-16T10:04:06+00:00","mainEntityOfPage":{"@id":"https:\/\/e-ciftlik.com\/haberler\/otomobil\/porsche-2024te-3-900-isciyi-isten-cikaracak\/"},"wordCount":255,"commentCount":0,"publisher":{"@id":"http:\/\/e-ciftlik.com\/haberler\/#organization"},"image":{"@id":"https:\/\/e-ciftlik.com\/haberler\/otomobil\/porsche-2024te-3-900-isciyi-isten-cikaracak\/#primaryimage"},"thumbnailUrl":"https:\/\/e-ciftlik.com\/haberler\/wp-content\/uploads\/2025\/03\/67d5ef9de98ec294.jpg","keywords":["2024te","\u00e7\u0131karacak","i\u015f\u00e7iyi","\u0130\u015ften","Porsche"],"articleSection":["Otomobil"],"inLanguage":"tr","potentialAction":[{"@type":"CommentAction","name":"Comment","target":["https:\/\/e-ciftlik.com\/haberler\/otomobil\/porsche-2024te-3-900-isciyi-isten-cikaracak\/#respond"]}]},{"@type":"WebPage","@id":"https:\/\/e-ciftlik.com\/haberler\/otomobil\/porsche-2024te-3-900-isciyi-isten-cikaracak\/","url":"https:\/\/e-ciftlik.com\/haberler\/otomobil\/porsche-2024te-3-900-isciyi-isten-cikaracak\/","name":"Porsche, 2024'te 3.900 \u0130\u015f\u00e7iyi \u0130\u015ften \u00c7\u0131karacak - E-&Ccedil;\u0130FTL\u0130K HABER","isPartOf":{"@id":"http:\/\/e-ciftlik.com\/haberler\/#website"},"primaryImageOfPage":{"@id":"https:\/\/e-ciftlik.com\/haberler\/otomobil\/porsche-2024te-3-900-isciyi-isten-cikaracak\/#primaryimage"},"image":{"@id":"https:\/\/e-ciftlik.com\/haberler\/otomobil\/porsche-2024te-3-900-isciyi-isten-cikaracak\/#primaryimage"},"thumbnailUrl":"https:\/\/e-ciftlik.com\/haberler\/wp-content\/uploads\/2025\/03\/67d5ef9de98ec294.jpg","datePublished":"2025-03-16T10:04:06+00:00","description":"2029 y\u0131l\u0131na kadar yakla\u015f\u0131k 1.900 ki\u015fiyi i\u015ften \u00e7\u0131karma planlar\u0131n\u0131 duyuran Porsche, 2024 y\u0131l\u0131nda al\u0131nan ek kararlarla birlikte toplamda 3 bin 900 \u00e7al\u0131\u015fan\u0131n","breadcrumb":{"@id":"https:\/\/e-ciftlik.com\/haberler\/otomobil\/porsche-2024te-3-900-isciyi-isten-cikaracak\/#breadcrumb"},"inLanguage":"tr","potentialAction":[{"@type":"ReadAction","target":["https:\/\/e-ciftlik.com\/haberler\/otomobil\/porsche-2024te-3-900-isciyi-isten-cikaracak\/"]}]},{"@type":"ImageObject","inLanguage":"tr","@id":"https:\/\/e-ciftlik.com\/haberler\/otomobil\/porsche-2024te-3-900-isciyi-isten-cikaracak\/#primaryimage","url":"https:\/\/e-ciftlik.com\/haberler\/wp-content\/uploads\/2025\/03\/67d5ef9de98ec294.jpg","contentUrl":"https:\/\/e-ciftlik.com\/haberler\/wp-content\/uploads\/2025\/03\/67d5ef9de98ec294.jpg","width":1200,"height":675},{"@type":"BreadcrumbList","@id":"https:\/\/e-ciftlik.com\/haberler\/otomobil\/porsche-2024te-3-900-isciyi-isten-cikaracak\/#breadcrumb","itemListElement":[{"@type":"ListItem","position":1,"name":"Anasayfa","item":"http:\/\/e-ciftlik.com\/haberler\/"},{"@type":"ListItem","position":2,"name":"Porsche, 2024&#8217;te 3.900 \u0130\u015f\u00e7iyi \u0130\u015ften \u00c7\u0131karacak"}]},{"@type":"WebSite","@id":"http:\/\/e-ciftlik.com\/haberler\/#website","url":"http:\/\/e-ciftlik.com\/haberler\/","name":"E-\u00c7iftlik Haber | G\u00fcncel, Son Dakika Haberler, En Son Haber","description":"","publisher":{"@id":"http:\/\/e-ciftlik.com\/haberler\/#organization"},"potentialAction":[{"@type":"SearchAction","target":{"@type":"EntryPoint","urlTemplate":"http:\/\/e-ciftlik.com\/haberler\/?s={search_term_string}"},"query-input":{"@type":"PropertyValueSpecification","valueRequired":true,"valueName":"search_term_string"}}],"inLanguage":"tr"},{"@type":"Organization","@id":"http:\/\/e-ciftlik.com\/haberler\/#organization","name":"E-\u00c7\u0130FTL\u0130K HABER","url":"http:\/\/e-ciftlik.com\/haberler\/","logo":{"@type":"ImageObject","inLanguage":"tr","@id":"http:\/\/e-ciftlik.com\/haberler\/#\/schema\/logo\/image\/","url":"https:\/\/e-ciftlik.com\/haberler\/wp-content\/uploads\/2024\/06\/cropped-cropped-favicon-1-2.png","contentUrl":"https:\/\/e-ciftlik.com\/haberler\/wp-content\/uploads\/2024\/06\/cropped-cropped-favicon-1-2.png","width":512,"height":512,"caption":"E-\u00c7\u0130FTL\u0130K HABER"},"image":{"@id":"http:\/\/e-ciftlik.com\/haberler\/#\/schema\/logo\/image\/"},"sameAs":["https:\/\/www.facebook.com\/eciftlikturkiye","https:\/\/x.com\/eciftlikresmi","https:\/\/www.instagram.com\/eciftlikresmi\/"]},{"@type":"Person","@id":"http:\/\/e-ciftlik.com\/haberler\/#\/schema\/person\/d2f4fee3143d7f72be82cb887d51b00a","name":"Haber Merkezi","image":{"@type":"ImageObject","inLanguage":"tr","@id":"https:\/\/secure.gravatar.com\/avatar\/6c27d641914e66c1d0452c92716002398782818991d86db1c2cccb531e7c7c82?s=96&d=mm&r=g","url":"https:\/\/secure.gravatar.com\/avatar\/6c27d641914e66c1d0452c92716002398782818991d86db1c2cccb531e7c7c82?s=96&d=mm&r=g","contentUrl":"https:\/\/secure.gravatar.com\/avatar\/6c27d641914e66c1d0452c92716002398782818991d86db1c2cccb531e7c7c82?s=96&d=mm&r=g","caption":"Haber Merkezi"},"sameAs":["http:\/\/e-ciftlik.com\/haberler"]}]}},"_links":{"self":[{"href":"https:\/\/e-ciftlik.com\/haberler\/wp-json\/wp\/v2\/posts\/87275","targetHints":{"allow":["GET"]}}],"collection":[{"href":"https:\/\/e-ciftlik.com\/haberler\/wp-json\/wp\/v2\/posts"}],"about":[{"href":"https:\/\/e-ciftlik.com\/haberler\/wp-json\/wp\/v2\/types\/post"}],"author":[{"embeddable":true,"href":"https:\/\/e-ciftlik.com\/haberler\/wp-json\/wp\/v2\/users\/1"}],"replies":[{"embeddable":true,"href":"https:\/\/e-ciftlik.com\/haberler\/wp-json\/wp\/v2\/comments?post=87275"}],"version-history":[{"count":0,"href":"https:\/\/e-ciftlik.com\/haberler\/wp-json\/wp\/v2\/posts\/87275\/revisions"}],"wp:featuredmedia":[{"embeddable":true,"href":"https:\/\/e-ciftlik.com\/haberler\/wp-json\/wp\/v2\/media\/87276"}],"wp:attachment":[{"href":"https:\/\/e-ciftlik.com\/haberler\/wp-json\/wp\/v2\/media?parent=87275"}],"wp:term":[{"taxonomy":"category","embeddable":true,"href":"https:\/\/e-ciftlik.com\/haberler\/wp-json\/wp\/v2\/categories?post=87275"},{"taxonomy":"post_tag","embeddable":true,"href":"https:\/\/e-ciftlik.com\/haberler\/wp-json\/wp\/v2\/tags?post=87275"}],"curies":[{"name":"wp","href":"https:\/\/api.w.org\/{rel}","templated":true}]}}