{"id":87294,"date":"2025-03-16T11:27:44","date_gmt":"2025-03-16T11:27:44","guid":{"rendered":"http:\/\/e-ciftlik.com\/haberler\/spor\/sevilla-athletic-bilbao-maci-yayin-bilgileri-son-dakika-olay-yeri-haberleri\/"},"modified":"2025-03-16T11:27:44","modified_gmt":"2025-03-16T11:27:44","slug":"sevilla-athletic-bilbao-maci-yayin-bilgileri-son-dakika-olay-yeri-haberleri","status":"publish","type":"post","link":"https:\/\/e-ciftlik.com\/haberler\/spor\/sevilla-athletic-bilbao-maci-yayin-bilgileri-son-dakika-olay-yeri-haberleri\/","title":{"rendered":"&#8220;Sevilla &#8211; Athletic Bilbao Ma\u00e7\u0131 Yay\u0131n Bilgileri!&#8221; &#8220;Son Dakika: Olay Yeri Haberleri!&#8221;"},"content":{"rendered":"<p> \u0130spanya La Liga&#8217;da heyecan devam ediyor. Sevilla ve Athletic Bilbao, 28. hafta ma\u00e7\u0131nda kar\u015f\u0131 kar\u015f\u0131ya gelecek. Ma\u00e7 ile ilgili t\u00fcm detaylar futbolseverler taraf\u0131ndan merak ediliyor. \u00d6zellikle yay\u0131n bilgileri ara\u015ft\u0131r\u0131l\u0131yor. Sevilla &#8211; Athletic Bilbao ma\u00e7\u0131 ne zaman, saat ka\u00e7ta ve hangi kanalda canl\u0131 yay\u0131nlanacak?<\/p>\n<p>\u0130spanya La Liga&#8217;da 28. haftada Sevilla ile Athletic Bilbao kar\u015f\u0131 kar\u015f\u0131ya gelecek. Ma\u00e7 ile ilgili t\u00fcm detaylar futbolseverler taraf\u0131ndan merak ediliyor. Ma\u00e7\u0131n yay\u0131n saati, kanal\u0131 ve muhtemel 11&#8217;leri ara\u015ft\u0131r\u0131l\u0131yor. Peki, Sevilla &#8211; Athletic Bilbao ma\u00e7\u0131 ne zaman, saat ka\u00e7ta ve hangi kanalda canl\u0131 yay\u0131nlanacak?<\/p>\n<p>Sevilla &#8211; Athletic Bilbao ma\u00e7\u0131 16 Mart Pazar g\u00fcn\u00fc saat 18.15&#8217;te oynanacak. Kar\u015f\u0131la\u015fma EXXEN, S Sport ve S Sport Plus ekranlar\u0131ndan canl\u0131 yay\u0131nlanacak. <\/p>\n<p>Sa\u011fl\u0131kl\u0131 kilo vermenin 5 p\u00fcf noktas\u0131 i\u00e7in t\u0131klay\u0131n. \u00dcnl\u00fc pop \u015fark\u0131c\u0131s\u0131 Selena Gomez, d\u00fcn ak\u015fam Los Angeles&#8217;ta ger\u00e7ekle\u015fen bir hay\u0131r gecesinde sahne ald\u0131. Gomez, etkileyici performans\u0131yla hayranlar\u0131n\u0131 co\u015fturdu. Geceye kat\u0131lan \u00fcnl\u00fc isimler aras\u0131nda Taylor Swift, Justin Bieber ve Ariana Grande gibi isimler de vard\u0131. Selena Gomez, sahnede en sevilen \u015fark\u0131lar\u0131n\u0131 seslendirirken izleyicileri b\u00fcy\u00fcledi. Konser sonras\u0131nda hayranlar\u0131yla bol bol foto\u011fraf \u00e7ektiren Gomez, etkinli\u011fi unutulmaz k\u0131ld\u0131. Gece boyunca toplanan ba\u011f\u0131\u015flar, ihtiya\u00e7 sahibi \u00e7ocuklara yard\u0131m amac\u0131yla kullan\u0131lacak. Selena Gomez&#8217;in bu tarz etkinliklere destek olmaya devam edece\u011fi belirtildi. <\/p>\n","protected":false},"excerpt":{"rendered":"<p>\u0130spanya La Liga&#8217;da heyecan devam ediyor. Sevilla ve Athletic Bilbao, 28. hafta ma\u00e7\u0131nda kar\u015f\u0131 kar\u015f\u0131ya&hellip;<\/p>\n","protected":false},"author":1,"featured_media":87295,"comment_status":"open","ping_status":"open","sticky":false,"template":"","format":"standard","meta":{"footnotes":""},"categories":[7],"tags":[],"class_list":["post-87294","post","type-post","status-publish","format-standard","has-post-thumbnail","hentry","category-spor"],"yoast_head":"<!-- This site is optimized with the Yoast SEO Premium plugin v24.3 (Yoast SEO v27.4) - https:\/\/yoast.com\/product\/yoast-seo-premium-wordpress\/ -->\n<title>&quot;Sevilla - Athletic Bilbao Ma\u00e7\u0131 Yay\u0131n Bilgileri!&quot; &quot;Son Dakika: Olay Yeri Haberleri!&quot; - E-&Ccedil;\u0130FTL\u0130K HABER<\/title>\n<meta name=\"description\" content=\"\u0130spanya La Liga&#039;da heyecan devam ediyor. Sevilla ve Athletic Bilbao, 28. hafta ma\u00e7\u0131nda kar\u015f\u0131 kar\u015f\u0131ya gelecek. Ma\u00e7 ile ilgili t\u00fcm detaylar futbolseverler\" \/>\n<meta name=\"robots\" content=\"index, follow, max-snippet:-1, max-image-preview:large, max-video-preview:-1\" \/>\n<link rel=\"canonical\" href=\"https:\/\/e-ciftlik.com\/haberler\/spor\/sevilla-athletic-bilbao-maci-yayin-bilgileri-son-dakika-olay-yeri-haberleri\/\" \/>\n<meta property=\"og:locale\" content=\"tr_TR\" \/>\n<meta property=\"og:type\" content=\"article\" \/>\n<meta property=\"og:title\" content=\"&quot;Sevilla - Athletic Bilbao Ma\u00e7\u0131 Yay\u0131n Bilgileri!&quot; &quot;Son Dakika: Olay Yeri Haberleri!&quot;\" \/>\n<meta property=\"og:description\" content=\"\u0130spanya La Liga&#039;da heyecan devam ediyor. Sevilla ve Athletic Bilbao, 28. hafta ma\u00e7\u0131nda kar\u015f\u0131 kar\u015f\u0131ya gelecek. Ma\u00e7 ile ilgili t\u00fcm detaylar futbolseverler\" \/>\n<meta property=\"og:url\" content=\"https:\/\/e-ciftlik.com\/haberler\/spor\/sevilla-athletic-bilbao-maci-yayin-bilgileri-son-dakika-olay-yeri-haberleri\/\" \/>\n<meta property=\"og:site_name\" content=\"E-&Ccedil;\u0130FTL\u0130K HABER\" \/>\n<meta property=\"article:publisher\" content=\"https:\/\/www.facebook.com\/eciftlikturkiye\" \/>\n<meta property=\"article:published_time\" content=\"2025-03-16T11:27:44+00:00\" \/>\n<meta property=\"og:image\" content=\"https:\/\/e-ciftlik.com\/haberler\/wp-content\/uploads\/2025\/03\/sevilla-athletic-bilbao-maci-saat-kacta-ve-hangi-kanalda-canli-yayinlanacak-ispanya-la-liga-17421211.jpeg\" \/>\n\t<meta property=\"og:image:width\" content=\"1200\" \/>\n\t<meta property=\"og:image:height\" content=\"675\" \/>\n\t<meta property=\"og:image:type\" content=\"image\/jpeg\" \/>\n<meta name=\"author\" content=\"Haber Merkezi\" \/>\n<meta name=\"twitter:card\" content=\"summary_large_image\" \/>\n<meta name=\"twitter:creator\" content=\"@eciftlikresmi\" \/>\n<meta name=\"twitter:site\" content=\"@eciftlikresmi\" \/>\n<meta name=\"twitter:label1\" content=\"Yazan:\" \/>\n\t<meta name=\"twitter:data1\" content=\"Haber Merkezi\" \/>\n\t<meta name=\"twitter:label2\" content=\"Tahmini okuma s\u00fcresi\" \/>\n\t<meta name=\"twitter:data2\" content=\"1 dakika\" \/>\n<script type=\"application\/ld+json\" class=\"yoast-schema-graph\">{\"@context\":\"https:\\\/\\\/schema.org\",\"@graph\":[{\"@type\":\"NewsArticle\",\"@id\":\"https:\\\/\\\/e-ciftlik.com\\\/haberler\\\/spor\\\/sevilla-athletic-bilbao-maci-yayin-bilgileri-son-dakika-olay-yeri-haberleri\\\/#article\",\"isPartOf\":{\"@id\":\"https:\\\/\\\/e-ciftlik.com\\\/haberler\\\/spor\\\/sevilla-athletic-bilbao-maci-yayin-bilgileri-son-dakika-olay-yeri-haberleri\\\/\"},\"author\":{\"name\":\"Haber Merkezi\",\"@id\":\"http:\\\/\\\/e-ciftlik.com\\\/haberler\\\/#\\\/schema\\\/person\\\/d2f4fee3143d7f72be82cb887d51b00a\"},\"headline\":\"&#8220;Sevilla &#8211; Athletic Bilbao Ma\u00e7\u0131 Yay\u0131n Bilgileri!&#8221; &#8220;Son Dakika: Olay Yeri Haberleri!&#8221;\",\"datePublished\":\"2025-03-16T11:27:44+00:00\",\"mainEntityOfPage\":{\"@id\":\"https:\\\/\\\/e-ciftlik.com\\\/haberler\\\/spor\\\/sevilla-athletic-bilbao-maci-yayin-bilgileri-son-dakika-olay-yeri-haberleri\\\/\"},\"wordCount\":266,\"commentCount\":0,\"publisher\":{\"@id\":\"http:\\\/\\\/e-ciftlik.com\\\/haberler\\\/#organization\"},\"image\":{\"@id\":\"https:\\\/\\\/e-ciftlik.com\\\/haberler\\\/spor\\\/sevilla-athletic-bilbao-maci-yayin-bilgileri-son-dakika-olay-yeri-haberleri\\\/#primaryimage\"},\"thumbnailUrl\":\"https:\\\/\\\/e-ciftlik.com\\\/haberler\\\/wp-content\\\/uploads\\\/2025\\\/03\\\/sevilla-athletic-bilbao-maci-saat-kacta-ve-hangi-kanalda-canli-yayinlanacak-ispanya-la-liga-17421211.jpeg\",\"articleSection\":[\"Spor\"],\"inLanguage\":\"tr\",\"potentialAction\":[{\"@type\":\"CommentAction\",\"name\":\"Comment\",\"target\":[\"https:\\\/\\\/e-ciftlik.com\\\/haberler\\\/spor\\\/sevilla-athletic-bilbao-maci-yayin-bilgileri-son-dakika-olay-yeri-haberleri\\\/#respond\"]}]},{\"@type\":\"WebPage\",\"@id\":\"https:\\\/\\\/e-ciftlik.com\\\/haberler\\\/spor\\\/sevilla-athletic-bilbao-maci-yayin-bilgileri-son-dakika-olay-yeri-haberleri\\\/\",\"url\":\"https:\\\/\\\/e-ciftlik.com\\\/haberler\\\/spor\\\/sevilla-athletic-bilbao-maci-yayin-bilgileri-son-dakika-olay-yeri-haberleri\\\/\",\"name\":\"\\\"Sevilla - Athletic Bilbao Ma\u00e7\u0131 Yay\u0131n Bilgileri!\\\" \\\"Son Dakika: Olay Yeri Haberleri!\\\" - E-&Ccedil;\u0130FTL\u0130K HABER\",\"isPartOf\":{\"@id\":\"http:\\\/\\\/e-ciftlik.com\\\/haberler\\\/#website\"},\"primaryImageOfPage\":{\"@id\":\"https:\\\/\\\/e-ciftlik.com\\\/haberler\\\/spor\\\/sevilla-athletic-bilbao-maci-yayin-bilgileri-son-dakika-olay-yeri-haberleri\\\/#primaryimage\"},\"image\":{\"@id\":\"https:\\\/\\\/e-ciftlik.com\\\/haberler\\\/spor\\\/sevilla-athletic-bilbao-maci-yayin-bilgileri-son-dakika-olay-yeri-haberleri\\\/#primaryimage\"},\"thumbnailUrl\":\"https:\\\/\\\/e-ciftlik.com\\\/haberler\\\/wp-content\\\/uploads\\\/2025\\\/03\\\/sevilla-athletic-bilbao-maci-saat-kacta-ve-hangi-kanalda-canli-yayinlanacak-ispanya-la-liga-17421211.jpeg\",\"datePublished\":\"2025-03-16T11:27:44+00:00\",\"description\":\"\u0130spanya La Liga'da heyecan devam ediyor. Sevilla ve Athletic Bilbao, 28. hafta ma\u00e7\u0131nda kar\u015f\u0131 kar\u015f\u0131ya gelecek. Ma\u00e7 ile ilgili t\u00fcm detaylar futbolseverler\",\"breadcrumb\":{\"@id\":\"https:\\\/\\\/e-ciftlik.com\\\/haberler\\\/spor\\\/sevilla-athletic-bilbao-maci-yayin-bilgileri-son-dakika-olay-yeri-haberleri\\\/#breadcrumb\"},\"inLanguage\":\"tr\",\"potentialAction\":[{\"@type\":\"ReadAction\",\"target\":[\"https:\\\/\\\/e-ciftlik.com\\\/haberler\\\/spor\\\/sevilla-athletic-bilbao-maci-yayin-bilgileri-son-dakika-olay-yeri-haberleri\\\/\"]}]},{\"@type\":\"ImageObject\",\"inLanguage\":\"tr\",\"@id\":\"https:\\\/\\\/e-ciftlik.com\\\/haberler\\\/spor\\\/sevilla-athletic-bilbao-maci-yayin-bilgileri-son-dakika-olay-yeri-haberleri\\\/#primaryimage\",\"url\":\"https:\\\/\\\/e-ciftlik.com\\\/haberler\\\/wp-content\\\/uploads\\\/2025\\\/03\\\/sevilla-athletic-bilbao-maci-saat-kacta-ve-hangi-kanalda-canli-yayinlanacak-ispanya-la-liga-17421211.jpeg\",\"contentUrl\":\"https:\\\/\\\/e-ciftlik.com\\\/haberler\\\/wp-content\\\/uploads\\\/2025\\\/03\\\/sevilla-athletic-bilbao-maci-saat-kacta-ve-hangi-kanalda-canli-yayinlanacak-ispanya-la-liga-17421211.jpeg\",\"width\":1200,\"height\":675},{\"@type\":\"BreadcrumbList\",\"@id\":\"https:\\\/\\\/e-ciftlik.com\\\/haberler\\\/spor\\\/sevilla-athletic-bilbao-maci-yayin-bilgileri-son-dakika-olay-yeri-haberleri\\\/#breadcrumb\",\"itemListElement\":[{\"@type\":\"ListItem\",\"position\":1,\"name\":\"Anasayfa\",\"item\":\"http:\\\/\\\/e-ciftlik.com\\\/haberler\\\/\"},{\"@type\":\"ListItem\",\"position\":2,\"name\":\"&#8220;Sevilla &#8211; Athletic Bilbao Ma\u00e7\u0131 Yay\u0131n Bilgileri!&#8221; &#8220;Son Dakika: Olay Yeri Haberleri!&#8221;\"}]},{\"@type\":\"WebSite\",\"@id\":\"http:\\\/\\\/e-ciftlik.com\\\/haberler\\\/#website\",\"url\":\"http:\\\/\\\/e-ciftlik.com\\\/haberler\\\/\",\"name\":\"E-\u00c7iftlik Haber | G\u00fcncel, Son Dakika Haberler, En Son Haber\",\"description\":\"\",\"publisher\":{\"@id\":\"http:\\\/\\\/e-ciftlik.com\\\/haberler\\\/#organization\"},\"potentialAction\":[{\"@type\":\"SearchAction\",\"target\":{\"@type\":\"EntryPoint\",\"urlTemplate\":\"http:\\\/\\\/e-ciftlik.com\\\/haberler\\\/?s={search_term_string}\"},\"query-input\":{\"@type\":\"PropertyValueSpecification\",\"valueRequired\":true,\"valueName\":\"search_term_string\"}}],\"inLanguage\":\"tr\"},{\"@type\":\"Organization\",\"@id\":\"http:\\\/\\\/e-ciftlik.com\\\/haberler\\\/#organization\",\"name\":\"E-\u00c7\u0130FTL\u0130K HABER\",\"url\":\"http:\\\/\\\/e-ciftlik.com\\\/haberler\\\/\",\"logo\":{\"@type\":\"ImageObject\",\"inLanguage\":\"tr\",\"@id\":\"http:\\\/\\\/e-ciftlik.com\\\/haberler\\\/#\\\/schema\\\/logo\\\/image\\\/\",\"url\":\"https:\\\/\\\/e-ciftlik.com\\\/haberler\\\/wp-content\\\/uploads\\\/2024\\\/06\\\/cropped-cropped-favicon-1-2.png\",\"contentUrl\":\"https:\\\/\\\/e-ciftlik.com\\\/haberler\\\/wp-content\\\/uploads\\\/2024\\\/06\\\/cropped-cropped-favicon-1-2.png\",\"width\":512,\"height\":512,\"caption\":\"E-\u00c7\u0130FTL\u0130K HABER\"},\"image\":{\"@id\":\"http:\\\/\\\/e-ciftlik.com\\\/haberler\\\/#\\\/schema\\\/logo\\\/image\\\/\"},\"sameAs\":[\"https:\\\/\\\/www.facebook.com\\\/eciftlikturkiye\",\"https:\\\/\\\/x.com\\\/eciftlikresmi\",\"https:\\\/\\\/www.instagram.com\\\/eciftlikresmi\\\/\"]},{\"@type\":\"Person\",\"@id\":\"http:\\\/\\\/e-ciftlik.com\\\/haberler\\\/#\\\/schema\\\/person\\\/d2f4fee3143d7f72be82cb887d51b00a\",\"name\":\"Haber Merkezi\",\"image\":{\"@type\":\"ImageObject\",\"inLanguage\":\"tr\",\"@id\":\"https:\\\/\\\/secure.gravatar.com\\\/avatar\\\/6c27d641914e66c1d0452c92716002398782818991d86db1c2cccb531e7c7c82?s=96&d=mm&r=g\",\"url\":\"https:\\\/\\\/secure.gravatar.com\\\/avatar\\\/6c27d641914e66c1d0452c92716002398782818991d86db1c2cccb531e7c7c82?s=96&d=mm&r=g\",\"contentUrl\":\"https:\\\/\\\/secure.gravatar.com\\\/avatar\\\/6c27d641914e66c1d0452c92716002398782818991d86db1c2cccb531e7c7c82?s=96&d=mm&r=g\",\"caption\":\"Haber Merkezi\"},\"sameAs\":[\"http:\\\/\\\/e-ciftlik.com\\\/haberler\"]}]}<\/script>\n<!-- \/ Yoast SEO Premium plugin. -->","yoast_head_json":{"title":"\"Sevilla - Athletic Bilbao Ma\u00e7\u0131 Yay\u0131n Bilgileri!\" \"Son Dakika: Olay Yeri Haberleri!\" - E-&Ccedil;\u0130FTL\u0130K HABER","description":"\u0130spanya La Liga'da heyecan devam ediyor. Sevilla ve Athletic Bilbao, 28. hafta ma\u00e7\u0131nda kar\u015f\u0131 kar\u015f\u0131ya gelecek. Ma\u00e7 ile ilgili t\u00fcm detaylar futbolseverler","robots":{"index":"index","follow":"follow","max-snippet":"max-snippet:-1","max-image-preview":"max-image-preview:large","max-video-preview":"max-video-preview:-1"},"canonical":"https:\/\/e-ciftlik.com\/haberler\/spor\/sevilla-athletic-bilbao-maci-yayin-bilgileri-son-dakika-olay-yeri-haberleri\/","og_locale":"tr_TR","og_type":"article","og_title":"\"Sevilla - Athletic Bilbao Ma\u00e7\u0131 Yay\u0131n Bilgileri!\" \"Son Dakika: Olay Yeri Haberleri!\"","og_description":"\u0130spanya La Liga'da heyecan devam ediyor. Sevilla ve Athletic Bilbao, 28. hafta ma\u00e7\u0131nda kar\u015f\u0131 kar\u015f\u0131ya gelecek. Ma\u00e7 ile ilgili t\u00fcm detaylar futbolseverler","og_url":"https:\/\/e-ciftlik.com\/haberler\/spor\/sevilla-athletic-bilbao-maci-yayin-bilgileri-son-dakika-olay-yeri-haberleri\/","og_site_name":"E-&Ccedil;\u0130FTL\u0130K HABER","article_publisher":"https:\/\/www.facebook.com\/eciftlikturkiye","article_published_time":"2025-03-16T11:27:44+00:00","og_image":[{"width":1200,"height":675,"url":"https:\/\/e-ciftlik.com\/haberler\/wp-content\/uploads\/2025\/03\/sevilla-athletic-bilbao-maci-saat-kacta-ve-hangi-kanalda-canli-yayinlanacak-ispanya-la-liga-17421211.jpeg","type":"image\/jpeg"}],"author":"Haber Merkezi","twitter_card":"summary_large_image","twitter_creator":"@eciftlikresmi","twitter_site":"@eciftlikresmi","twitter_misc":{"Yazan:":"Haber Merkezi","Tahmini okuma s\u00fcresi":"1 dakika"},"schema":{"@context":"https:\/\/schema.org","@graph":[{"@type":"NewsArticle","@id":"https:\/\/e-ciftlik.com\/haberler\/spor\/sevilla-athletic-bilbao-maci-yayin-bilgileri-son-dakika-olay-yeri-haberleri\/#article","isPartOf":{"@id":"https:\/\/e-ciftlik.com\/haberler\/spor\/sevilla-athletic-bilbao-maci-yayin-bilgileri-son-dakika-olay-yeri-haberleri\/"},"author":{"name":"Haber Merkezi","@id":"http:\/\/e-ciftlik.com\/haberler\/#\/schema\/person\/d2f4fee3143d7f72be82cb887d51b00a"},"headline":"&#8220;Sevilla &#8211; Athletic Bilbao Ma\u00e7\u0131 Yay\u0131n Bilgileri!&#8221; &#8220;Son Dakika: Olay Yeri Haberleri!&#8221;","datePublished":"2025-03-16T11:27:44+00:00","mainEntityOfPage":{"@id":"https:\/\/e-ciftlik.com\/haberler\/spor\/sevilla-athletic-bilbao-maci-yayin-bilgileri-son-dakika-olay-yeri-haberleri\/"},"wordCount":266,"commentCount":0,"publisher":{"@id":"http:\/\/e-ciftlik.com\/haberler\/#organization"},"image":{"@id":"https:\/\/e-ciftlik.com\/haberler\/spor\/sevilla-athletic-bilbao-maci-yayin-bilgileri-son-dakika-olay-yeri-haberleri\/#primaryimage"},"thumbnailUrl":"https:\/\/e-ciftlik.com\/haberler\/wp-content\/uploads\/2025\/03\/sevilla-athletic-bilbao-maci-saat-kacta-ve-hangi-kanalda-canli-yayinlanacak-ispanya-la-liga-17421211.jpeg","articleSection":["Spor"],"inLanguage":"tr","potentialAction":[{"@type":"CommentAction","name":"Comment","target":["https:\/\/e-ciftlik.com\/haberler\/spor\/sevilla-athletic-bilbao-maci-yayin-bilgileri-son-dakika-olay-yeri-haberleri\/#respond"]}]},{"@type":"WebPage","@id":"https:\/\/e-ciftlik.com\/haberler\/spor\/sevilla-athletic-bilbao-maci-yayin-bilgileri-son-dakika-olay-yeri-haberleri\/","url":"https:\/\/e-ciftlik.com\/haberler\/spor\/sevilla-athletic-bilbao-maci-yayin-bilgileri-son-dakika-olay-yeri-haberleri\/","name":"\"Sevilla - Athletic Bilbao Ma\u00e7\u0131 Yay\u0131n Bilgileri!\" \"Son Dakika: Olay Yeri Haberleri!\" - E-&Ccedil;\u0130FTL\u0130K HABER","isPartOf":{"@id":"http:\/\/e-ciftlik.com\/haberler\/#website"},"primaryImageOfPage":{"@id":"https:\/\/e-ciftlik.com\/haberler\/spor\/sevilla-athletic-bilbao-maci-yayin-bilgileri-son-dakika-olay-yeri-haberleri\/#primaryimage"},"image":{"@id":"https:\/\/e-ciftlik.com\/haberler\/spor\/sevilla-athletic-bilbao-maci-yayin-bilgileri-son-dakika-olay-yeri-haberleri\/#primaryimage"},"thumbnailUrl":"https:\/\/e-ciftlik.com\/haberler\/wp-content\/uploads\/2025\/03\/sevilla-athletic-bilbao-maci-saat-kacta-ve-hangi-kanalda-canli-yayinlanacak-ispanya-la-liga-17421211.jpeg","datePublished":"2025-03-16T11:27:44+00:00","description":"\u0130spanya La Liga'da heyecan devam ediyor. Sevilla ve Athletic Bilbao, 28. hafta ma\u00e7\u0131nda kar\u015f\u0131 kar\u015f\u0131ya gelecek. Ma\u00e7 ile ilgili t\u00fcm detaylar futbolseverler","breadcrumb":{"@id":"https:\/\/e-ciftlik.com\/haberler\/spor\/sevilla-athletic-bilbao-maci-yayin-bilgileri-son-dakika-olay-yeri-haberleri\/#breadcrumb"},"inLanguage":"tr","potentialAction":[{"@type":"ReadAction","target":["https:\/\/e-ciftlik.com\/haberler\/spor\/sevilla-athletic-bilbao-maci-yayin-bilgileri-son-dakika-olay-yeri-haberleri\/"]}]},{"@type":"ImageObject","inLanguage":"tr","@id":"https:\/\/e-ciftlik.com\/haberler\/spor\/sevilla-athletic-bilbao-maci-yayin-bilgileri-son-dakika-olay-yeri-haberleri\/#primaryimage","url":"https:\/\/e-ciftlik.com\/haberler\/wp-content\/uploads\/2025\/03\/sevilla-athletic-bilbao-maci-saat-kacta-ve-hangi-kanalda-canli-yayinlanacak-ispanya-la-liga-17421211.jpeg","contentUrl":"https:\/\/e-ciftlik.com\/haberler\/wp-content\/uploads\/2025\/03\/sevilla-athletic-bilbao-maci-saat-kacta-ve-hangi-kanalda-canli-yayinlanacak-ispanya-la-liga-17421211.jpeg","width":1200,"height":675},{"@type":"BreadcrumbList","@id":"https:\/\/e-ciftlik.com\/haberler\/spor\/sevilla-athletic-bilbao-maci-yayin-bilgileri-son-dakika-olay-yeri-haberleri\/#breadcrumb","itemListElement":[{"@type":"ListItem","position":1,"name":"Anasayfa","item":"http:\/\/e-ciftlik.com\/haberler\/"},{"@type":"ListItem","position":2,"name":"&#8220;Sevilla &#8211; Athletic Bilbao Ma\u00e7\u0131 Yay\u0131n Bilgileri!&#8221; &#8220;Son Dakika: Olay Yeri Haberleri!&#8221;"}]},{"@type":"WebSite","@id":"http:\/\/e-ciftlik.com\/haberler\/#website","url":"http:\/\/e-ciftlik.com\/haberler\/","name":"E-\u00c7iftlik Haber | G\u00fcncel, Son Dakika Haberler, En Son Haber","description":"","publisher":{"@id":"http:\/\/e-ciftlik.com\/haberler\/#organization"},"potentialAction":[{"@type":"SearchAction","target":{"@type":"EntryPoint","urlTemplate":"http:\/\/e-ciftlik.com\/haberler\/?s={search_term_string}"},"query-input":{"@type":"PropertyValueSpecification","valueRequired":true,"valueName":"search_term_string"}}],"inLanguage":"tr"},{"@type":"Organization","@id":"http:\/\/e-ciftlik.com\/haberler\/#organization","name":"E-\u00c7\u0130FTL\u0130K HABER","url":"http:\/\/e-ciftlik.com\/haberler\/","logo":{"@type":"ImageObject","inLanguage":"tr","@id":"http:\/\/e-ciftlik.com\/haberler\/#\/schema\/logo\/image\/","url":"https:\/\/e-ciftlik.com\/haberler\/wp-content\/uploads\/2024\/06\/cropped-cropped-favicon-1-2.png","contentUrl":"https:\/\/e-ciftlik.com\/haberler\/wp-content\/uploads\/2024\/06\/cropped-cropped-favicon-1-2.png","width":512,"height":512,"caption":"E-\u00c7\u0130FTL\u0130K HABER"},"image":{"@id":"http:\/\/e-ciftlik.com\/haberler\/#\/schema\/logo\/image\/"},"sameAs":["https:\/\/www.facebook.com\/eciftlikturkiye","https:\/\/x.com\/eciftlikresmi","https:\/\/www.instagram.com\/eciftlikresmi\/"]},{"@type":"Person","@id":"http:\/\/e-ciftlik.com\/haberler\/#\/schema\/person\/d2f4fee3143d7f72be82cb887d51b00a","name":"Haber Merkezi","image":{"@type":"ImageObject","inLanguage":"tr","@id":"https:\/\/secure.gravatar.com\/avatar\/6c27d641914e66c1d0452c92716002398782818991d86db1c2cccb531e7c7c82?s=96&d=mm&r=g","url":"https:\/\/secure.gravatar.com\/avatar\/6c27d641914e66c1d0452c92716002398782818991d86db1c2cccb531e7c7c82?s=96&d=mm&r=g","contentUrl":"https:\/\/secure.gravatar.com\/avatar\/6c27d641914e66c1d0452c92716002398782818991d86db1c2cccb531e7c7c82?s=96&d=mm&r=g","caption":"Haber Merkezi"},"sameAs":["http:\/\/e-ciftlik.com\/haberler"]}]}},"_links":{"self":[{"href":"https:\/\/e-ciftlik.com\/haberler\/wp-json\/wp\/v2\/posts\/87294","targetHints":{"allow":["GET"]}}],"collection":[{"href":"https:\/\/e-ciftlik.com\/haberler\/wp-json\/wp\/v2\/posts"}],"about":[{"href":"https:\/\/e-ciftlik.com\/haberler\/wp-json\/wp\/v2\/types\/post"}],"author":[{"embeddable":true,"href":"https:\/\/e-ciftlik.com\/haberler\/wp-json\/wp\/v2\/users\/1"}],"replies":[{"embeddable":true,"href":"https:\/\/e-ciftlik.com\/haberler\/wp-json\/wp\/v2\/comments?post=87294"}],"version-history":[{"count":0,"href":"https:\/\/e-ciftlik.com\/haberler\/wp-json\/wp\/v2\/posts\/87294\/revisions"}],"wp:featuredmedia":[{"embeddable":true,"href":"https:\/\/e-ciftlik.com\/haberler\/wp-json\/wp\/v2\/media\/87295"}],"wp:attachment":[{"href":"https:\/\/e-ciftlik.com\/haberler\/wp-json\/wp\/v2\/media?parent=87294"}],"wp:term":[{"taxonomy":"category","embeddable":true,"href":"https:\/\/e-ciftlik.com\/haberler\/wp-json\/wp\/v2\/categories?post=87294"},{"taxonomy":"post_tag","embeddable":true,"href":"https:\/\/e-ciftlik.com\/haberler\/wp-json\/wp\/v2\/tags?post=87294"}],"curies":[{"name":"wp","href":"https:\/\/api.w.org\/{rel}","templated":true}]}}