{"id":87302,"date":"2025-03-16T11:53:14","date_gmt":"2025-03-16T11:53:14","guid":{"rendered":"http:\/\/e-ciftlik.com\/haberler\/seyahat\/karahantepede-neolitik-caga-ait-dikili-taslar-bulundu\/"},"modified":"2025-03-16T11:53:14","modified_gmt":"2025-03-16T11:53:14","slug":"karahantepede-neolitik-caga-ait-dikili-taslar-bulundu","status":"publish","type":"post","link":"https:\/\/e-ciftlik.com\/haberler\/seyahat\/karahantepede-neolitik-caga-ait-dikili-taslar-bulundu\/","title":{"rendered":"Karahantepe&#8217;de Neolitik \u00c7a\u011f&#8217;a Ait Dikili Ta\u015flar Bulundu!"},"content":{"rendered":"<p>Tek Tek Da\u011flar\u0131 Milli Park\u0131&#8217;nda bulunan Kargal\u0131 Mahallesi yak\u0131nlar\u0131nda 2017 y\u0131l\u0131nda yap\u0131lan y\u00fczey ara\u015ft\u0131rmalar\u0131 s\u0131ras\u0131nda, Neolitik \u00c7a\u011f&#8217;a ait dikili ta\u015flar ke\u015ffedildi. Karahantepe Kaz\u0131 Ba\u015fkan\u0131 Prof. Dr. Necmi Karul y\u00f6netiminde 2019 y\u0131l\u0131nda ba\u015flayan kaz\u0131larda, G\u00f6beklitepe ile ayn\u0131 d\u00f6neme tarihlenen dikili ta\u015flar, yap\u0131lar, heykeller ve \u00e7e\u015fitli objeler bulundu. Bu ke\u015fif arkeoloji d\u00fcnyas\u0131nda ve tarih \u00e7evrelerinde b\u00fcy\u00fck yank\u0131 uyand\u0131rd\u0131.<\/p>\n<p>Kaz\u0131larda g\u00fcn \u0131\u015f\u0131\u011f\u0131na \u00e7\u0131kar\u0131lan eserlerin korunmas\u0131 i\u00e7in haz\u0131rlanan \u00e7at\u0131 projesi devam ediyor. Neolitik \u00c7a\u011f&#8217;a ait \u00f6nemli buluntular i\u00e7eren alan\u0131 ziyaret etmek isteyenler i\u00e7in sistematik bir gezi g\u00fczergah\u0131 olu\u015fturulmaya ba\u015fland\u0131.<\/p>\n<p>G\u00f6beklitepe ve Karahantepe kaz\u0131lar\u0131n\u0131n Ba\u015fkan\u0131 Prof. Dr. Necmi Karul, ge\u00e7en y\u0131l b\u00f6lgeye 800 bin ziyaret\u00e7inin geldi\u011fini ve bunlar\u0131n yakla\u015f\u0131k y\u00fczde 30&#8217;unun Karahantepe&#8217;yi de ziyaret etmek istedi\u011fini belirtti. Karul, b\u00f6lgede Ta\u015ftepeler Projesi kapsam\u0131nda 2019 y\u0131l\u0131ndan bu yana kaz\u0131lar\u0131n devam etti\u011fini ve ziyaret\u00e7ilerin g\u00fcvenli\u011fi ve ihtiya\u00e7lar\u0131n\u0131 kar\u015f\u0131layacak tesislerin tamamlanmas\u0131 i\u00e7in \u00e7al\u0131\u015fmalar\u0131n s\u00fcrd\u00fc\u011f\u00fcn\u00fc aktard\u0131. Planlara g\u00f6re, 2025 y\u0131l\u0131na kadar t\u00fcm bu \u00e7al\u0131\u015fmalar\u0131n tamamlanmas\u0131 hedefleniyor.<\/p>\n<p>Karul, 2019 y\u0131l\u0131ndan bu yana devam eden kaz\u0131lar\u0131n verimli ge\u00e7ti\u011fini ve \u00f6nemli eserlerin g\u00fcn y\u00fcz\u00fcne \u00e7\u0131kar\u0131ld\u0131\u011f\u0131n\u0131 belirtti. Her kaz\u0131n\u0131n kendileri i\u00e7in \u00f6nemli oldu\u011funu vurgulayan Karul, laboratuvar \u00e7al\u0131\u015fmalar\u0131n\u0131n da \u00f6nemli bir a\u015famaya geldi\u011fini ve gelecek y\u0131l daha fazla veri yay\u0131nlanaca\u011f\u0131n\u0131 belirtti. Gelecekte elde edilecek sonu\u00e7lar\u0131n umut verici oldu\u011funu dile getirdi.<\/p>\n","protected":false},"excerpt":{"rendered":"<p>Tek Tek Da\u011flar\u0131 Milli Park\u0131&#8217;nda bulunan Kargal\u0131 Mahallesi yak\u0131nlar\u0131nda 2017 y\u0131l\u0131nda yap\u0131lan y\u00fczey ara\u015ft\u0131rmalar\u0131 s\u0131ras\u0131nda,&hellip;<\/p>\n","protected":false},"author":1,"featured_media":87303,"comment_status":"open","ping_status":"open","sticky":false,"template":"","format":"standard","meta":{"footnotes":""},"categories":[14],"tags":[],"class_list":["post-87302","post","type-post","status-publish","format-standard","has-post-thumbnail","hentry","category-seyahat"],"yoast_head":"<!-- This site is optimized with the Yoast SEO Premium plugin v24.3 (Yoast SEO v27.4) - https:\/\/yoast.com\/product\/yoast-seo-premium-wordpress\/ -->\n<title>Karahantepe&#039;de Neolitik \u00c7a\u011f&#039;a Ait Dikili Ta\u015flar Bulundu! - E-&Ccedil;\u0130FTL\u0130K HABER<\/title>\n<meta name=\"description\" content=\"Tek Tek Da\u011flar\u0131 Milli Park\u0131&#039;nda bulunan Kargal\u0131 Mahallesi yak\u0131nlar\u0131nda 2017 y\u0131l\u0131nda yap\u0131lan y\u00fczey ara\u015ft\u0131rmalar\u0131 s\u0131ras\u0131nda, Neolitik \u00c7a\u011f&#039;a ait dikili\" \/>\n<meta name=\"robots\" content=\"index, follow, max-snippet:-1, max-image-preview:large, max-video-preview:-1\" \/>\n<link rel=\"canonical\" href=\"https:\/\/e-ciftlik.com\/haberler\/seyahat\/karahantepede-neolitik-caga-ait-dikili-taslar-bulundu\/\" \/>\n<meta property=\"og:locale\" content=\"tr_TR\" \/>\n<meta property=\"og:type\" content=\"article\" \/>\n<meta property=\"og:title\" content=\"Karahantepe&#039;de Neolitik \u00c7a\u011f&#039;a Ait Dikili Ta\u015flar Bulundu!\" \/>\n<meta property=\"og:description\" content=\"Tek Tek Da\u011flar\u0131 Milli Park\u0131&#039;nda bulunan Kargal\u0131 Mahallesi yak\u0131nlar\u0131nda 2017 y\u0131l\u0131nda yap\u0131lan y\u00fczey ara\u015ft\u0131rmalar\u0131 s\u0131ras\u0131nda, Neolitik \u00c7a\u011f&#039;a ait dikili\" \/>\n<meta property=\"og:url\" content=\"https:\/\/e-ciftlik.com\/haberler\/seyahat\/karahantepede-neolitik-caga-ait-dikili-taslar-bulundu\/\" \/>\n<meta property=\"og:site_name\" content=\"E-&Ccedil;\u0130FTL\u0130K HABER\" \/>\n<meta property=\"article:publisher\" content=\"https:\/\/www.facebook.com\/eciftlikturkiye\" \/>\n<meta property=\"article:published_time\" content=\"2025-03-16T11:53:14+00:00\" \/>\n<meta property=\"og:image\" content=\"https:\/\/e-ciftlik.com\/haberler\/wp-content\/uploads\/2025\/03\/tuHz0iwjokm8GOBu9gZrWA.jpg\" \/>\n\t<meta property=\"og:image:width\" content=\"1080\" \/>\n\t<meta property=\"og:image:height\" content=\"614\" \/>\n\t<meta property=\"og:image:type\" content=\"image\/jpeg\" \/>\n<meta name=\"author\" content=\"Haber Merkezi\" \/>\n<meta name=\"twitter:card\" content=\"summary_large_image\" \/>\n<meta name=\"twitter:creator\" content=\"@eciftlikresmi\" \/>\n<meta name=\"twitter:site\" content=\"@eciftlikresmi\" \/>\n<meta name=\"twitter:label1\" content=\"Yazan:\" \/>\n\t<meta name=\"twitter:data1\" content=\"Haber Merkezi\" \/>\n\t<meta name=\"twitter:label2\" content=\"Tahmini okuma s\u00fcresi\" \/>\n\t<meta name=\"twitter:data2\" content=\"1 dakika\" \/>\n<script type=\"application\/ld+json\" class=\"yoast-schema-graph\">{\"@context\":\"https:\\\/\\\/schema.org\",\"@graph\":[{\"@type\":\"NewsArticle\",\"@id\":\"https:\\\/\\\/e-ciftlik.com\\\/haberler\\\/seyahat\\\/karahantepede-neolitik-caga-ait-dikili-taslar-bulundu\\\/#article\",\"isPartOf\":{\"@id\":\"https:\\\/\\\/e-ciftlik.com\\\/haberler\\\/seyahat\\\/karahantepede-neolitik-caga-ait-dikili-taslar-bulundu\\\/\"},\"author\":{\"name\":\"Haber Merkezi\",\"@id\":\"http:\\\/\\\/e-ciftlik.com\\\/haberler\\\/#\\\/schema\\\/person\\\/d2f4fee3143d7f72be82cb887d51b00a\"},\"headline\":\"Karahantepe&#8217;de Neolitik \u00c7a\u011f&#8217;a Ait Dikili Ta\u015flar Bulundu!\",\"datePublished\":\"2025-03-16T11:53:14+00:00\",\"mainEntityOfPage\":{\"@id\":\"https:\\\/\\\/e-ciftlik.com\\\/haberler\\\/seyahat\\\/karahantepede-neolitik-caga-ait-dikili-taslar-bulundu\\\/\"},\"wordCount\":308,\"commentCount\":0,\"publisher\":{\"@id\":\"http:\\\/\\\/e-ciftlik.com\\\/haberler\\\/#organization\"},\"image\":{\"@id\":\"https:\\\/\\\/e-ciftlik.com\\\/haberler\\\/seyahat\\\/karahantepede-neolitik-caga-ait-dikili-taslar-bulundu\\\/#primaryimage\"},\"thumbnailUrl\":\"https:\\\/\\\/e-ciftlik.com\\\/haberler\\\/wp-content\\\/uploads\\\/2025\\\/03\\\/tuHz0iwjokm8GOBu9gZrWA.jpg\",\"articleSection\":[\"Seyahat\"],\"inLanguage\":\"tr\",\"potentialAction\":[{\"@type\":\"CommentAction\",\"name\":\"Comment\",\"target\":[\"https:\\\/\\\/e-ciftlik.com\\\/haberler\\\/seyahat\\\/karahantepede-neolitik-caga-ait-dikili-taslar-bulundu\\\/#respond\"]}]},{\"@type\":\"WebPage\",\"@id\":\"https:\\\/\\\/e-ciftlik.com\\\/haberler\\\/seyahat\\\/karahantepede-neolitik-caga-ait-dikili-taslar-bulundu\\\/\",\"url\":\"https:\\\/\\\/e-ciftlik.com\\\/haberler\\\/seyahat\\\/karahantepede-neolitik-caga-ait-dikili-taslar-bulundu\\\/\",\"name\":\"Karahantepe'de Neolitik \u00c7a\u011f'a Ait Dikili Ta\u015flar Bulundu! - E-&Ccedil;\u0130FTL\u0130K HABER\",\"isPartOf\":{\"@id\":\"http:\\\/\\\/e-ciftlik.com\\\/haberler\\\/#website\"},\"primaryImageOfPage\":{\"@id\":\"https:\\\/\\\/e-ciftlik.com\\\/haberler\\\/seyahat\\\/karahantepede-neolitik-caga-ait-dikili-taslar-bulundu\\\/#primaryimage\"},\"image\":{\"@id\":\"https:\\\/\\\/e-ciftlik.com\\\/haberler\\\/seyahat\\\/karahantepede-neolitik-caga-ait-dikili-taslar-bulundu\\\/#primaryimage\"},\"thumbnailUrl\":\"https:\\\/\\\/e-ciftlik.com\\\/haberler\\\/wp-content\\\/uploads\\\/2025\\\/03\\\/tuHz0iwjokm8GOBu9gZrWA.jpg\",\"datePublished\":\"2025-03-16T11:53:14+00:00\",\"description\":\"Tek Tek Da\u011flar\u0131 Milli Park\u0131'nda bulunan Kargal\u0131 Mahallesi yak\u0131nlar\u0131nda 2017 y\u0131l\u0131nda yap\u0131lan y\u00fczey ara\u015ft\u0131rmalar\u0131 s\u0131ras\u0131nda, Neolitik \u00c7a\u011f'a ait dikili\",\"breadcrumb\":{\"@id\":\"https:\\\/\\\/e-ciftlik.com\\\/haberler\\\/seyahat\\\/karahantepede-neolitik-caga-ait-dikili-taslar-bulundu\\\/#breadcrumb\"},\"inLanguage\":\"tr\",\"potentialAction\":[{\"@type\":\"ReadAction\",\"target\":[\"https:\\\/\\\/e-ciftlik.com\\\/haberler\\\/seyahat\\\/karahantepede-neolitik-caga-ait-dikili-taslar-bulundu\\\/\"]}]},{\"@type\":\"ImageObject\",\"inLanguage\":\"tr\",\"@id\":\"https:\\\/\\\/e-ciftlik.com\\\/haberler\\\/seyahat\\\/karahantepede-neolitik-caga-ait-dikili-taslar-bulundu\\\/#primaryimage\",\"url\":\"https:\\\/\\\/e-ciftlik.com\\\/haberler\\\/wp-content\\\/uploads\\\/2025\\\/03\\\/tuHz0iwjokm8GOBu9gZrWA.jpg\",\"contentUrl\":\"https:\\\/\\\/e-ciftlik.com\\\/haberler\\\/wp-content\\\/uploads\\\/2025\\\/03\\\/tuHz0iwjokm8GOBu9gZrWA.jpg\",\"width\":1080,\"height\":614},{\"@type\":\"BreadcrumbList\",\"@id\":\"https:\\\/\\\/e-ciftlik.com\\\/haberler\\\/seyahat\\\/karahantepede-neolitik-caga-ait-dikili-taslar-bulundu\\\/#breadcrumb\",\"itemListElement\":[{\"@type\":\"ListItem\",\"position\":1,\"name\":\"Anasayfa\",\"item\":\"http:\\\/\\\/e-ciftlik.com\\\/haberler\\\/\"},{\"@type\":\"ListItem\",\"position\":2,\"name\":\"Karahantepe&#8217;de Neolitik \u00c7a\u011f&#8217;a Ait Dikili Ta\u015flar Bulundu!\"}]},{\"@type\":\"WebSite\",\"@id\":\"http:\\\/\\\/e-ciftlik.com\\\/haberler\\\/#website\",\"url\":\"http:\\\/\\\/e-ciftlik.com\\\/haberler\\\/\",\"name\":\"E-\u00c7iftlik Haber | G\u00fcncel, Son Dakika Haberler, En Son Haber\",\"description\":\"\",\"publisher\":{\"@id\":\"http:\\\/\\\/e-ciftlik.com\\\/haberler\\\/#organization\"},\"potentialAction\":[{\"@type\":\"SearchAction\",\"target\":{\"@type\":\"EntryPoint\",\"urlTemplate\":\"http:\\\/\\\/e-ciftlik.com\\\/haberler\\\/?s={search_term_string}\"},\"query-input\":{\"@type\":\"PropertyValueSpecification\",\"valueRequired\":true,\"valueName\":\"search_term_string\"}}],\"inLanguage\":\"tr\"},{\"@type\":\"Organization\",\"@id\":\"http:\\\/\\\/e-ciftlik.com\\\/haberler\\\/#organization\",\"name\":\"E-\u00c7\u0130FTL\u0130K HABER\",\"url\":\"http:\\\/\\\/e-ciftlik.com\\\/haberler\\\/\",\"logo\":{\"@type\":\"ImageObject\",\"inLanguage\":\"tr\",\"@id\":\"http:\\\/\\\/e-ciftlik.com\\\/haberler\\\/#\\\/schema\\\/logo\\\/image\\\/\",\"url\":\"https:\\\/\\\/e-ciftlik.com\\\/haberler\\\/wp-content\\\/uploads\\\/2024\\\/06\\\/cropped-cropped-favicon-1-2.png\",\"contentUrl\":\"https:\\\/\\\/e-ciftlik.com\\\/haberler\\\/wp-content\\\/uploads\\\/2024\\\/06\\\/cropped-cropped-favicon-1-2.png\",\"width\":512,\"height\":512,\"caption\":\"E-\u00c7\u0130FTL\u0130K HABER\"},\"image\":{\"@id\":\"http:\\\/\\\/e-ciftlik.com\\\/haberler\\\/#\\\/schema\\\/logo\\\/image\\\/\"},\"sameAs\":[\"https:\\\/\\\/www.facebook.com\\\/eciftlikturkiye\",\"https:\\\/\\\/x.com\\\/eciftlikresmi\",\"https:\\\/\\\/www.instagram.com\\\/eciftlikresmi\\\/\"]},{\"@type\":\"Person\",\"@id\":\"http:\\\/\\\/e-ciftlik.com\\\/haberler\\\/#\\\/schema\\\/person\\\/d2f4fee3143d7f72be82cb887d51b00a\",\"name\":\"Haber Merkezi\",\"image\":{\"@type\":\"ImageObject\",\"inLanguage\":\"tr\",\"@id\":\"https:\\\/\\\/secure.gravatar.com\\\/avatar\\\/6c27d641914e66c1d0452c92716002398782818991d86db1c2cccb531e7c7c82?s=96&d=mm&r=g\",\"url\":\"https:\\\/\\\/secure.gravatar.com\\\/avatar\\\/6c27d641914e66c1d0452c92716002398782818991d86db1c2cccb531e7c7c82?s=96&d=mm&r=g\",\"contentUrl\":\"https:\\\/\\\/secure.gravatar.com\\\/avatar\\\/6c27d641914e66c1d0452c92716002398782818991d86db1c2cccb531e7c7c82?s=96&d=mm&r=g\",\"caption\":\"Haber Merkezi\"},\"sameAs\":[\"http:\\\/\\\/e-ciftlik.com\\\/haberler\"]}]}<\/script>\n<!-- \/ Yoast SEO Premium plugin. -->","yoast_head_json":{"title":"Karahantepe'de Neolitik \u00c7a\u011f'a Ait Dikili Ta\u015flar Bulundu! - E-&Ccedil;\u0130FTL\u0130K HABER","description":"Tek Tek Da\u011flar\u0131 Milli Park\u0131'nda bulunan Kargal\u0131 Mahallesi yak\u0131nlar\u0131nda 2017 y\u0131l\u0131nda yap\u0131lan y\u00fczey ara\u015ft\u0131rmalar\u0131 s\u0131ras\u0131nda, Neolitik \u00c7a\u011f'a ait dikili","robots":{"index":"index","follow":"follow","max-snippet":"max-snippet:-1","max-image-preview":"max-image-preview:large","max-video-preview":"max-video-preview:-1"},"canonical":"https:\/\/e-ciftlik.com\/haberler\/seyahat\/karahantepede-neolitik-caga-ait-dikili-taslar-bulundu\/","og_locale":"tr_TR","og_type":"article","og_title":"Karahantepe'de Neolitik \u00c7a\u011f'a Ait Dikili Ta\u015flar Bulundu!","og_description":"Tek Tek Da\u011flar\u0131 Milli Park\u0131'nda bulunan Kargal\u0131 Mahallesi yak\u0131nlar\u0131nda 2017 y\u0131l\u0131nda yap\u0131lan y\u00fczey ara\u015ft\u0131rmalar\u0131 s\u0131ras\u0131nda, Neolitik \u00c7a\u011f'a ait dikili","og_url":"https:\/\/e-ciftlik.com\/haberler\/seyahat\/karahantepede-neolitik-caga-ait-dikili-taslar-bulundu\/","og_site_name":"E-&Ccedil;\u0130FTL\u0130K HABER","article_publisher":"https:\/\/www.facebook.com\/eciftlikturkiye","article_published_time":"2025-03-16T11:53:14+00:00","og_image":[{"width":1080,"height":614,"url":"https:\/\/e-ciftlik.com\/haberler\/wp-content\/uploads\/2025\/03\/tuHz0iwjokm8GOBu9gZrWA.jpg","type":"image\/jpeg"}],"author":"Haber Merkezi","twitter_card":"summary_large_image","twitter_creator":"@eciftlikresmi","twitter_site":"@eciftlikresmi","twitter_misc":{"Yazan:":"Haber Merkezi","Tahmini okuma s\u00fcresi":"1 dakika"},"schema":{"@context":"https:\/\/schema.org","@graph":[{"@type":"NewsArticle","@id":"https:\/\/e-ciftlik.com\/haberler\/seyahat\/karahantepede-neolitik-caga-ait-dikili-taslar-bulundu\/#article","isPartOf":{"@id":"https:\/\/e-ciftlik.com\/haberler\/seyahat\/karahantepede-neolitik-caga-ait-dikili-taslar-bulundu\/"},"author":{"name":"Haber Merkezi","@id":"http:\/\/e-ciftlik.com\/haberler\/#\/schema\/person\/d2f4fee3143d7f72be82cb887d51b00a"},"headline":"Karahantepe&#8217;de Neolitik \u00c7a\u011f&#8217;a Ait Dikili Ta\u015flar Bulundu!","datePublished":"2025-03-16T11:53:14+00:00","mainEntityOfPage":{"@id":"https:\/\/e-ciftlik.com\/haberler\/seyahat\/karahantepede-neolitik-caga-ait-dikili-taslar-bulundu\/"},"wordCount":308,"commentCount":0,"publisher":{"@id":"http:\/\/e-ciftlik.com\/haberler\/#organization"},"image":{"@id":"https:\/\/e-ciftlik.com\/haberler\/seyahat\/karahantepede-neolitik-caga-ait-dikili-taslar-bulundu\/#primaryimage"},"thumbnailUrl":"https:\/\/e-ciftlik.com\/haberler\/wp-content\/uploads\/2025\/03\/tuHz0iwjokm8GOBu9gZrWA.jpg","articleSection":["Seyahat"],"inLanguage":"tr","potentialAction":[{"@type":"CommentAction","name":"Comment","target":["https:\/\/e-ciftlik.com\/haberler\/seyahat\/karahantepede-neolitik-caga-ait-dikili-taslar-bulundu\/#respond"]}]},{"@type":"WebPage","@id":"https:\/\/e-ciftlik.com\/haberler\/seyahat\/karahantepede-neolitik-caga-ait-dikili-taslar-bulundu\/","url":"https:\/\/e-ciftlik.com\/haberler\/seyahat\/karahantepede-neolitik-caga-ait-dikili-taslar-bulundu\/","name":"Karahantepe'de Neolitik \u00c7a\u011f'a Ait Dikili Ta\u015flar Bulundu! - E-&Ccedil;\u0130FTL\u0130K HABER","isPartOf":{"@id":"http:\/\/e-ciftlik.com\/haberler\/#website"},"primaryImageOfPage":{"@id":"https:\/\/e-ciftlik.com\/haberler\/seyahat\/karahantepede-neolitik-caga-ait-dikili-taslar-bulundu\/#primaryimage"},"image":{"@id":"https:\/\/e-ciftlik.com\/haberler\/seyahat\/karahantepede-neolitik-caga-ait-dikili-taslar-bulundu\/#primaryimage"},"thumbnailUrl":"https:\/\/e-ciftlik.com\/haberler\/wp-content\/uploads\/2025\/03\/tuHz0iwjokm8GOBu9gZrWA.jpg","datePublished":"2025-03-16T11:53:14+00:00","description":"Tek Tek Da\u011flar\u0131 Milli Park\u0131'nda bulunan Kargal\u0131 Mahallesi yak\u0131nlar\u0131nda 2017 y\u0131l\u0131nda yap\u0131lan y\u00fczey ara\u015ft\u0131rmalar\u0131 s\u0131ras\u0131nda, Neolitik \u00c7a\u011f'a ait dikili","breadcrumb":{"@id":"https:\/\/e-ciftlik.com\/haberler\/seyahat\/karahantepede-neolitik-caga-ait-dikili-taslar-bulundu\/#breadcrumb"},"inLanguage":"tr","potentialAction":[{"@type":"ReadAction","target":["https:\/\/e-ciftlik.com\/haberler\/seyahat\/karahantepede-neolitik-caga-ait-dikili-taslar-bulundu\/"]}]},{"@type":"ImageObject","inLanguage":"tr","@id":"https:\/\/e-ciftlik.com\/haberler\/seyahat\/karahantepede-neolitik-caga-ait-dikili-taslar-bulundu\/#primaryimage","url":"https:\/\/e-ciftlik.com\/haberler\/wp-content\/uploads\/2025\/03\/tuHz0iwjokm8GOBu9gZrWA.jpg","contentUrl":"https:\/\/e-ciftlik.com\/haberler\/wp-content\/uploads\/2025\/03\/tuHz0iwjokm8GOBu9gZrWA.jpg","width":1080,"height":614},{"@type":"BreadcrumbList","@id":"https:\/\/e-ciftlik.com\/haberler\/seyahat\/karahantepede-neolitik-caga-ait-dikili-taslar-bulundu\/#breadcrumb","itemListElement":[{"@type":"ListItem","position":1,"name":"Anasayfa","item":"http:\/\/e-ciftlik.com\/haberler\/"},{"@type":"ListItem","position":2,"name":"Karahantepe&#8217;de Neolitik \u00c7a\u011f&#8217;a Ait Dikili Ta\u015flar Bulundu!"}]},{"@type":"WebSite","@id":"http:\/\/e-ciftlik.com\/haberler\/#website","url":"http:\/\/e-ciftlik.com\/haberler\/","name":"E-\u00c7iftlik Haber | G\u00fcncel, Son Dakika Haberler, En Son Haber","description":"","publisher":{"@id":"http:\/\/e-ciftlik.com\/haberler\/#organization"},"potentialAction":[{"@type":"SearchAction","target":{"@type":"EntryPoint","urlTemplate":"http:\/\/e-ciftlik.com\/haberler\/?s={search_term_string}"},"query-input":{"@type":"PropertyValueSpecification","valueRequired":true,"valueName":"search_term_string"}}],"inLanguage":"tr"},{"@type":"Organization","@id":"http:\/\/e-ciftlik.com\/haberler\/#organization","name":"E-\u00c7\u0130FTL\u0130K HABER","url":"http:\/\/e-ciftlik.com\/haberler\/","logo":{"@type":"ImageObject","inLanguage":"tr","@id":"http:\/\/e-ciftlik.com\/haberler\/#\/schema\/logo\/image\/","url":"https:\/\/e-ciftlik.com\/haberler\/wp-content\/uploads\/2024\/06\/cropped-cropped-favicon-1-2.png","contentUrl":"https:\/\/e-ciftlik.com\/haberler\/wp-content\/uploads\/2024\/06\/cropped-cropped-favicon-1-2.png","width":512,"height":512,"caption":"E-\u00c7\u0130FTL\u0130K HABER"},"image":{"@id":"http:\/\/e-ciftlik.com\/haberler\/#\/schema\/logo\/image\/"},"sameAs":["https:\/\/www.facebook.com\/eciftlikturkiye","https:\/\/x.com\/eciftlikresmi","https:\/\/www.instagram.com\/eciftlikresmi\/"]},{"@type":"Person","@id":"http:\/\/e-ciftlik.com\/haberler\/#\/schema\/person\/d2f4fee3143d7f72be82cb887d51b00a","name":"Haber Merkezi","image":{"@type":"ImageObject","inLanguage":"tr","@id":"https:\/\/secure.gravatar.com\/avatar\/6c27d641914e66c1d0452c92716002398782818991d86db1c2cccb531e7c7c82?s=96&d=mm&r=g","url":"https:\/\/secure.gravatar.com\/avatar\/6c27d641914e66c1d0452c92716002398782818991d86db1c2cccb531e7c7c82?s=96&d=mm&r=g","contentUrl":"https:\/\/secure.gravatar.com\/avatar\/6c27d641914e66c1d0452c92716002398782818991d86db1c2cccb531e7c7c82?s=96&d=mm&r=g","caption":"Haber Merkezi"},"sameAs":["http:\/\/e-ciftlik.com\/haberler"]}]}},"_links":{"self":[{"href":"https:\/\/e-ciftlik.com\/haberler\/wp-json\/wp\/v2\/posts\/87302","targetHints":{"allow":["GET"]}}],"collection":[{"href":"https:\/\/e-ciftlik.com\/haberler\/wp-json\/wp\/v2\/posts"}],"about":[{"href":"https:\/\/e-ciftlik.com\/haberler\/wp-json\/wp\/v2\/types\/post"}],"author":[{"embeddable":true,"href":"https:\/\/e-ciftlik.com\/haberler\/wp-json\/wp\/v2\/users\/1"}],"replies":[{"embeddable":true,"href":"https:\/\/e-ciftlik.com\/haberler\/wp-json\/wp\/v2\/comments?post=87302"}],"version-history":[{"count":0,"href":"https:\/\/e-ciftlik.com\/haberler\/wp-json\/wp\/v2\/posts\/87302\/revisions"}],"wp:featuredmedia":[{"embeddable":true,"href":"https:\/\/e-ciftlik.com\/haberler\/wp-json\/wp\/v2\/media\/87303"}],"wp:attachment":[{"href":"https:\/\/e-ciftlik.com\/haberler\/wp-json\/wp\/v2\/media?parent=87302"}],"wp:term":[{"taxonomy":"category","embeddable":true,"href":"https:\/\/e-ciftlik.com\/haberler\/wp-json\/wp\/v2\/categories?post=87302"},{"taxonomy":"post_tag","embeddable":true,"href":"https:\/\/e-ciftlik.com\/haberler\/wp-json\/wp\/v2\/tags?post=87302"}],"curies":[{"name":"wp","href":"https:\/\/api.w.org\/{rel}","templated":true}]}}