{"id":87414,"date":"2025-03-16T11:55:00","date_gmt":"2025-03-16T11:55:00","guid":{"rendered":"http:\/\/e-ciftlik.com\/haberler\/tarim\/fistik-ureticilerine-budama-cezasi\/"},"modified":"2025-03-16T11:55:00","modified_gmt":"2025-03-16T11:55:00","slug":"fistik-ureticilerine-budama-cezasi","status":"publish","type":"post","link":"https:\/\/e-ciftlik.com\/haberler\/tarim\/fistik-ureticilerine-budama-cezasi\/","title":{"rendered":"F\u0131st\u0131k \u00dcreticilerine Budama Cezas\u0131!"},"content":{"rendered":"<p>\u015eanl\u0131urfa&#8217;da Budama Art\u0131klar\u0131n\u0131 \u0130mha Etmeyenlere Ceza Uygulanacak<\/p>\n<p>\u015eanl\u0131urfa, T\u00fcrkiye&#8217;deki Antep F\u0131st\u0131\u011f\u0131 \u00fcretiminde lider konumunda bulunmaktad\u0131r ve yakla\u015f\u0131k 45 milyon a\u011fa\u00e7 ile bu alanda \u00f6nde gelmektedir. Ancak, her y\u0131l zararl\u0131 b\u00f6cekler ve hastal\u0131klar nedeniyle ciddi verim kay\u0131plar\u0131 ya\u015fanmaktad\u0131r. \u00d6zellikle k\u0131\u015f\u0131n budanan f\u0131st\u0131k dallar\u0131n\u0131n aras\u0131na yumurtalar\u0131n\u0131 b\u0131rakan zararl\u0131 b\u00f6cekler, bahar aylar\u0131nda tomurcuklara zarar vererek \u00fcretimi olumsuz etkilemektedir.<\/p>\n<p>Bu sorunu \u00e7\u00f6zmek amac\u0131yla \u015eanl\u0131urfa Valili\u011fi yeni bir karar alm\u0131\u015ft\u0131r. 17 \u015eubat 2025 tarihli bu karara g\u00f6re, 1 Nisan &#8211; 15 Ekim tarihleri aras\u0131nda budama art\u0131klar\u0131n\u0131 imha etmeyen \u00fcreticilere yasal i\u015flem uygulanacakt\u0131r. Kabahatler Kanunu&#8217;nun ilgili maddesi gere\u011fince, budama art\u0131klar\u0131n\u0131 do\u011fada b\u0131rakan \u00fcreticilere 2 bin 953 TL idari para cezas\u0131 verilecektir.<\/p>\n<p>\u015eanl\u0131urfa \u0130l Tar\u0131m M\u00fcd\u00fcrl\u00fc\u011f\u00fc ve Haliliye \u0130l\u00e7e Tar\u0131m M\u00fcd\u00fcrl\u00fc\u011f\u00fc, \u00fcreticileri bilin\u00e7lendirmek amac\u0131yla bilgilendirme \u00e7al\u0131\u015fmalar\u0131na ba\u015flam\u0131\u015ft\u0131r. Tar\u0131m personeli, k\u0131rsal mahallelerde el ilanlar\u0131 da\u011f\u0131tarak ve afi\u015fler asarak \u00e7ift\u00e7ileri uyar\u0131yor. Ayr\u0131ca, cami hoparl\u00f6rlerinden yap\u0131lan duyurularla da vatanda\u015flar bilgilendirilmektedir.<\/p>\n<p>Bilgilendirme \u00e7al\u0131\u015fmalar\u0131na ziraat m\u00fchendisleri, mahalle muhtarlar\u0131 ve jandarma ekipleri de kat\u0131lmaktad\u0131r. Ayr\u0131ca, K\u00fcrt\u00e7e bilen m\u00fchendisler arac\u0131l\u0131\u011f\u0131yla T\u00fcrk\u00e7e bilmeyen \u00e7ift\u00e7ilere de bilgilendirme yap\u0131lmaktad\u0131r.<\/p>\n<p>Yetkililer, \u00fcreticileri budama art\u0131klar\u0131n\u0131 kontroll\u00fc bir \u015fekilde imha etmeleri konusunda duyarl\u0131 olmaya davet etmektedir. Bu \u00e7al\u0131\u015fman\u0131n amac\u0131, Antep F\u0131st\u0131\u011f\u0131 verim kayb\u0131n\u0131 \u00f6nlemek ve \u00e7ift\u00e7ilerin ekonomik kay\u0131plar\u0131n\u0131 azaltmakt\u0131r.<\/p>\n<p>Kaynak: \u0130hlas Haber Ajans\u0131 \/ Ekonomi<\/p>\n","protected":false},"excerpt":{"rendered":"<p>\u015eanl\u0131urfa&#8217;da Budama Art\u0131klar\u0131n\u0131 \u0130mha Etmeyenlere Ceza Uygulanacak \u015eanl\u0131urfa, T\u00fcrkiye&#8217;deki Antep F\u0131st\u0131\u011f\u0131 \u00fcretiminde lider konumunda bulunmaktad\u0131r&hellip;<\/p>\n","protected":false},"author":1,"featured_media":0,"comment_status":"open","ping_status":"open","sticky":false,"template":"","format":"standard","meta":{"footnotes":""},"categories":[9],"tags":[],"class_list":["post-87414","post","type-post","status-publish","format-standard","hentry","category-tarim"],"yoast_head":"<!-- This site is optimized with the Yoast SEO Premium plugin v24.3 (Yoast SEO v27.4) - https:\/\/yoast.com\/product\/yoast-seo-premium-wordpress\/ -->\n<title>F\u0131st\u0131k \u00dcreticilerine Budama Cezas\u0131! - E-&Ccedil;\u0130FTL\u0130K HABER<\/title>\n<meta name=\"description\" content=\"\u015eanl\u0131urfa&#039;da Budama Art\u0131klar\u0131n\u0131 \u0130mha Etmeyenlere Ceza Uygulanacak \u015eanl\u0131urfa, T\u00fcrkiye&#039;deki Antep F\u0131st\u0131\u011f\u0131 \u00fcretiminde lider konumunda bulunmaktad\u0131r ve\" \/>\n<meta name=\"robots\" content=\"index, follow, max-snippet:-1, max-image-preview:large, max-video-preview:-1\" \/>\n<link rel=\"canonical\" href=\"https:\/\/e-ciftlik.com\/haberler\/tarim\/fistik-ureticilerine-budama-cezasi\/\" \/>\n<meta property=\"og:locale\" content=\"tr_TR\" \/>\n<meta property=\"og:type\" content=\"article\" \/>\n<meta property=\"og:title\" content=\"F\u0131st\u0131k \u00dcreticilerine Budama Cezas\u0131!\" \/>\n<meta property=\"og:description\" content=\"\u015eanl\u0131urfa&#039;da Budama Art\u0131klar\u0131n\u0131 \u0130mha Etmeyenlere Ceza Uygulanacak \u015eanl\u0131urfa, T\u00fcrkiye&#039;deki Antep F\u0131st\u0131\u011f\u0131 \u00fcretiminde lider konumunda bulunmaktad\u0131r ve\" \/>\n<meta property=\"og:url\" content=\"https:\/\/e-ciftlik.com\/haberler\/tarim\/fistik-ureticilerine-budama-cezasi\/\" \/>\n<meta property=\"og:site_name\" content=\"E-&Ccedil;\u0130FTL\u0130K HABER\" \/>\n<meta property=\"article:publisher\" content=\"https:\/\/www.facebook.com\/eciftlikturkiye\" \/>\n<meta property=\"article:published_time\" content=\"2025-03-16T11:55:00+00:00\" \/>\n<meta name=\"author\" content=\"Haber Merkezi\" \/>\n<meta name=\"twitter:card\" content=\"summary_large_image\" \/>\n<meta name=\"twitter:creator\" content=\"@eciftlikresmi\" \/>\n<meta name=\"twitter:site\" content=\"@eciftlikresmi\" \/>\n<meta name=\"twitter:label1\" content=\"Yazan:\" \/>\n\t<meta name=\"twitter:data1\" content=\"Haber Merkezi\" \/>\n\t<meta name=\"twitter:label2\" content=\"Tahmini okuma s\u00fcresi\" \/>\n\t<meta name=\"twitter:data2\" content=\"1 dakika\" \/>\n<script type=\"application\/ld+json\" class=\"yoast-schema-graph\">{\"@context\":\"https:\\\/\\\/schema.org\",\"@graph\":[{\"@type\":\"NewsArticle\",\"@id\":\"https:\\\/\\\/e-ciftlik.com\\\/haberler\\\/tarim\\\/fistik-ureticilerine-budama-cezasi\\\/#article\",\"isPartOf\":{\"@id\":\"https:\\\/\\\/e-ciftlik.com\\\/haberler\\\/tarim\\\/fistik-ureticilerine-budama-cezasi\\\/\"},\"author\":{\"name\":\"Haber Merkezi\",\"@id\":\"http:\\\/\\\/e-ciftlik.com\\\/haberler\\\/#\\\/schema\\\/person\\\/d2f4fee3143d7f72be82cb887d51b00a\"},\"headline\":\"F\u0131st\u0131k \u00dcreticilerine Budama Cezas\u0131!\",\"datePublished\":\"2025-03-16T11:55:00+00:00\",\"mainEntityOfPage\":{\"@id\":\"https:\\\/\\\/e-ciftlik.com\\\/haberler\\\/tarim\\\/fistik-ureticilerine-budama-cezasi\\\/\"},\"wordCount\":288,\"commentCount\":0,\"publisher\":{\"@id\":\"http:\\\/\\\/e-ciftlik.com\\\/haberler\\\/#organization\"},\"articleSection\":[\"Tar\u0131m\"],\"inLanguage\":\"tr\",\"potentialAction\":[{\"@type\":\"CommentAction\",\"name\":\"Comment\",\"target\":[\"https:\\\/\\\/e-ciftlik.com\\\/haberler\\\/tarim\\\/fistik-ureticilerine-budama-cezasi\\\/#respond\"]}]},{\"@type\":\"WebPage\",\"@id\":\"https:\\\/\\\/e-ciftlik.com\\\/haberler\\\/tarim\\\/fistik-ureticilerine-budama-cezasi\\\/\",\"url\":\"https:\\\/\\\/e-ciftlik.com\\\/haberler\\\/tarim\\\/fistik-ureticilerine-budama-cezasi\\\/\",\"name\":\"F\u0131st\u0131k \u00dcreticilerine Budama Cezas\u0131! - E-&Ccedil;\u0130FTL\u0130K HABER\",\"isPartOf\":{\"@id\":\"http:\\\/\\\/e-ciftlik.com\\\/haberler\\\/#website\"},\"datePublished\":\"2025-03-16T11:55:00+00:00\",\"description\":\"\u015eanl\u0131urfa'da Budama Art\u0131klar\u0131n\u0131 \u0130mha Etmeyenlere Ceza Uygulanacak \u015eanl\u0131urfa, T\u00fcrkiye'deki Antep F\u0131st\u0131\u011f\u0131 \u00fcretiminde lider konumunda bulunmaktad\u0131r ve\",\"breadcrumb\":{\"@id\":\"https:\\\/\\\/e-ciftlik.com\\\/haberler\\\/tarim\\\/fistik-ureticilerine-budama-cezasi\\\/#breadcrumb\"},\"inLanguage\":\"tr\",\"potentialAction\":[{\"@type\":\"ReadAction\",\"target\":[\"https:\\\/\\\/e-ciftlik.com\\\/haberler\\\/tarim\\\/fistik-ureticilerine-budama-cezasi\\\/\"]}]},{\"@type\":\"BreadcrumbList\",\"@id\":\"https:\\\/\\\/e-ciftlik.com\\\/haberler\\\/tarim\\\/fistik-ureticilerine-budama-cezasi\\\/#breadcrumb\",\"itemListElement\":[{\"@type\":\"ListItem\",\"position\":1,\"name\":\"Anasayfa\",\"item\":\"http:\\\/\\\/e-ciftlik.com\\\/haberler\\\/\"},{\"@type\":\"ListItem\",\"position\":2,\"name\":\"F\u0131st\u0131k \u00dcreticilerine Budama Cezas\u0131!\"}]},{\"@type\":\"WebSite\",\"@id\":\"http:\\\/\\\/e-ciftlik.com\\\/haberler\\\/#website\",\"url\":\"http:\\\/\\\/e-ciftlik.com\\\/haberler\\\/\",\"name\":\"E-\u00c7iftlik Haber | G\u00fcncel, Son Dakika Haberler, En Son Haber\",\"description\":\"\",\"publisher\":{\"@id\":\"http:\\\/\\\/e-ciftlik.com\\\/haberler\\\/#organization\"},\"potentialAction\":[{\"@type\":\"SearchAction\",\"target\":{\"@type\":\"EntryPoint\",\"urlTemplate\":\"http:\\\/\\\/e-ciftlik.com\\\/haberler\\\/?s={search_term_string}\"},\"query-input\":{\"@type\":\"PropertyValueSpecification\",\"valueRequired\":true,\"valueName\":\"search_term_string\"}}],\"inLanguage\":\"tr\"},{\"@type\":\"Organization\",\"@id\":\"http:\\\/\\\/e-ciftlik.com\\\/haberler\\\/#organization\",\"name\":\"E-\u00c7\u0130FTL\u0130K HABER\",\"url\":\"http:\\\/\\\/e-ciftlik.com\\\/haberler\\\/\",\"logo\":{\"@type\":\"ImageObject\",\"inLanguage\":\"tr\",\"@id\":\"http:\\\/\\\/e-ciftlik.com\\\/haberler\\\/#\\\/schema\\\/logo\\\/image\\\/\",\"url\":\"https:\\\/\\\/e-ciftlik.com\\\/haberler\\\/wp-content\\\/uploads\\\/2024\\\/06\\\/cropped-cropped-favicon-1-2.png\",\"contentUrl\":\"https:\\\/\\\/e-ciftlik.com\\\/haberler\\\/wp-content\\\/uploads\\\/2024\\\/06\\\/cropped-cropped-favicon-1-2.png\",\"width\":512,\"height\":512,\"caption\":\"E-\u00c7\u0130FTL\u0130K HABER\"},\"image\":{\"@id\":\"http:\\\/\\\/e-ciftlik.com\\\/haberler\\\/#\\\/schema\\\/logo\\\/image\\\/\"},\"sameAs\":[\"https:\\\/\\\/www.facebook.com\\\/eciftlikturkiye\",\"https:\\\/\\\/x.com\\\/eciftlikresmi\",\"https:\\\/\\\/www.instagram.com\\\/eciftlikresmi\\\/\"]},{\"@type\":\"Person\",\"@id\":\"http:\\\/\\\/e-ciftlik.com\\\/haberler\\\/#\\\/schema\\\/person\\\/d2f4fee3143d7f72be82cb887d51b00a\",\"name\":\"Haber Merkezi\",\"image\":{\"@type\":\"ImageObject\",\"inLanguage\":\"tr\",\"@id\":\"https:\\\/\\\/secure.gravatar.com\\\/avatar\\\/6c27d641914e66c1d0452c92716002398782818991d86db1c2cccb531e7c7c82?s=96&d=mm&r=g\",\"url\":\"https:\\\/\\\/secure.gravatar.com\\\/avatar\\\/6c27d641914e66c1d0452c92716002398782818991d86db1c2cccb531e7c7c82?s=96&d=mm&r=g\",\"contentUrl\":\"https:\\\/\\\/secure.gravatar.com\\\/avatar\\\/6c27d641914e66c1d0452c92716002398782818991d86db1c2cccb531e7c7c82?s=96&d=mm&r=g\",\"caption\":\"Haber Merkezi\"},\"sameAs\":[\"http:\\\/\\\/e-ciftlik.com\\\/haberler\"]}]}<\/script>\n<!-- \/ Yoast SEO Premium plugin. -->","yoast_head_json":{"title":"F\u0131st\u0131k \u00dcreticilerine Budama Cezas\u0131! - E-&Ccedil;\u0130FTL\u0130K HABER","description":"\u015eanl\u0131urfa'da Budama Art\u0131klar\u0131n\u0131 \u0130mha Etmeyenlere Ceza Uygulanacak \u015eanl\u0131urfa, T\u00fcrkiye'deki Antep F\u0131st\u0131\u011f\u0131 \u00fcretiminde lider konumunda bulunmaktad\u0131r ve","robots":{"index":"index","follow":"follow","max-snippet":"max-snippet:-1","max-image-preview":"max-image-preview:large","max-video-preview":"max-video-preview:-1"},"canonical":"https:\/\/e-ciftlik.com\/haberler\/tarim\/fistik-ureticilerine-budama-cezasi\/","og_locale":"tr_TR","og_type":"article","og_title":"F\u0131st\u0131k \u00dcreticilerine Budama Cezas\u0131!","og_description":"\u015eanl\u0131urfa'da Budama Art\u0131klar\u0131n\u0131 \u0130mha Etmeyenlere Ceza Uygulanacak \u015eanl\u0131urfa, T\u00fcrkiye'deki Antep F\u0131st\u0131\u011f\u0131 \u00fcretiminde lider konumunda bulunmaktad\u0131r ve","og_url":"https:\/\/e-ciftlik.com\/haberler\/tarim\/fistik-ureticilerine-budama-cezasi\/","og_site_name":"E-&Ccedil;\u0130FTL\u0130K HABER","article_publisher":"https:\/\/www.facebook.com\/eciftlikturkiye","article_published_time":"2025-03-16T11:55:00+00:00","author":"Haber Merkezi","twitter_card":"summary_large_image","twitter_creator":"@eciftlikresmi","twitter_site":"@eciftlikresmi","twitter_misc":{"Yazan:":"Haber Merkezi","Tahmini okuma s\u00fcresi":"1 dakika"},"schema":{"@context":"https:\/\/schema.org","@graph":[{"@type":"NewsArticle","@id":"https:\/\/e-ciftlik.com\/haberler\/tarim\/fistik-ureticilerine-budama-cezasi\/#article","isPartOf":{"@id":"https:\/\/e-ciftlik.com\/haberler\/tarim\/fistik-ureticilerine-budama-cezasi\/"},"author":{"name":"Haber Merkezi","@id":"http:\/\/e-ciftlik.com\/haberler\/#\/schema\/person\/d2f4fee3143d7f72be82cb887d51b00a"},"headline":"F\u0131st\u0131k \u00dcreticilerine Budama Cezas\u0131!","datePublished":"2025-03-16T11:55:00+00:00","mainEntityOfPage":{"@id":"https:\/\/e-ciftlik.com\/haberler\/tarim\/fistik-ureticilerine-budama-cezasi\/"},"wordCount":288,"commentCount":0,"publisher":{"@id":"http:\/\/e-ciftlik.com\/haberler\/#organization"},"articleSection":["Tar\u0131m"],"inLanguage":"tr","potentialAction":[{"@type":"CommentAction","name":"Comment","target":["https:\/\/e-ciftlik.com\/haberler\/tarim\/fistik-ureticilerine-budama-cezasi\/#respond"]}]},{"@type":"WebPage","@id":"https:\/\/e-ciftlik.com\/haberler\/tarim\/fistik-ureticilerine-budama-cezasi\/","url":"https:\/\/e-ciftlik.com\/haberler\/tarim\/fistik-ureticilerine-budama-cezasi\/","name":"F\u0131st\u0131k \u00dcreticilerine Budama Cezas\u0131! - E-&Ccedil;\u0130FTL\u0130K HABER","isPartOf":{"@id":"http:\/\/e-ciftlik.com\/haberler\/#website"},"datePublished":"2025-03-16T11:55:00+00:00","description":"\u015eanl\u0131urfa'da Budama Art\u0131klar\u0131n\u0131 \u0130mha Etmeyenlere Ceza Uygulanacak \u015eanl\u0131urfa, T\u00fcrkiye'deki Antep F\u0131st\u0131\u011f\u0131 \u00fcretiminde lider konumunda bulunmaktad\u0131r ve","breadcrumb":{"@id":"https:\/\/e-ciftlik.com\/haberler\/tarim\/fistik-ureticilerine-budama-cezasi\/#breadcrumb"},"inLanguage":"tr","potentialAction":[{"@type":"ReadAction","target":["https:\/\/e-ciftlik.com\/haberler\/tarim\/fistik-ureticilerine-budama-cezasi\/"]}]},{"@type":"BreadcrumbList","@id":"https:\/\/e-ciftlik.com\/haberler\/tarim\/fistik-ureticilerine-budama-cezasi\/#breadcrumb","itemListElement":[{"@type":"ListItem","position":1,"name":"Anasayfa","item":"http:\/\/e-ciftlik.com\/haberler\/"},{"@type":"ListItem","position":2,"name":"F\u0131st\u0131k \u00dcreticilerine Budama Cezas\u0131!"}]},{"@type":"WebSite","@id":"http:\/\/e-ciftlik.com\/haberler\/#website","url":"http:\/\/e-ciftlik.com\/haberler\/","name":"E-\u00c7iftlik Haber | G\u00fcncel, Son Dakika Haberler, En Son Haber","description":"","publisher":{"@id":"http:\/\/e-ciftlik.com\/haberler\/#organization"},"potentialAction":[{"@type":"SearchAction","target":{"@type":"EntryPoint","urlTemplate":"http:\/\/e-ciftlik.com\/haberler\/?s={search_term_string}"},"query-input":{"@type":"PropertyValueSpecification","valueRequired":true,"valueName":"search_term_string"}}],"inLanguage":"tr"},{"@type":"Organization","@id":"http:\/\/e-ciftlik.com\/haberler\/#organization","name":"E-\u00c7\u0130FTL\u0130K HABER","url":"http:\/\/e-ciftlik.com\/haberler\/","logo":{"@type":"ImageObject","inLanguage":"tr","@id":"http:\/\/e-ciftlik.com\/haberler\/#\/schema\/logo\/image\/","url":"https:\/\/e-ciftlik.com\/haberler\/wp-content\/uploads\/2024\/06\/cropped-cropped-favicon-1-2.png","contentUrl":"https:\/\/e-ciftlik.com\/haberler\/wp-content\/uploads\/2024\/06\/cropped-cropped-favicon-1-2.png","width":512,"height":512,"caption":"E-\u00c7\u0130FTL\u0130K HABER"},"image":{"@id":"http:\/\/e-ciftlik.com\/haberler\/#\/schema\/logo\/image\/"},"sameAs":["https:\/\/www.facebook.com\/eciftlikturkiye","https:\/\/x.com\/eciftlikresmi","https:\/\/www.instagram.com\/eciftlikresmi\/"]},{"@type":"Person","@id":"http:\/\/e-ciftlik.com\/haberler\/#\/schema\/person\/d2f4fee3143d7f72be82cb887d51b00a","name":"Haber Merkezi","image":{"@type":"ImageObject","inLanguage":"tr","@id":"https:\/\/secure.gravatar.com\/avatar\/6c27d641914e66c1d0452c92716002398782818991d86db1c2cccb531e7c7c82?s=96&d=mm&r=g","url":"https:\/\/secure.gravatar.com\/avatar\/6c27d641914e66c1d0452c92716002398782818991d86db1c2cccb531e7c7c82?s=96&d=mm&r=g","contentUrl":"https:\/\/secure.gravatar.com\/avatar\/6c27d641914e66c1d0452c92716002398782818991d86db1c2cccb531e7c7c82?s=96&d=mm&r=g","caption":"Haber Merkezi"},"sameAs":["http:\/\/e-ciftlik.com\/haberler"]}]}},"_links":{"self":[{"href":"https:\/\/e-ciftlik.com\/haberler\/wp-json\/wp\/v2\/posts\/87414","targetHints":{"allow":["GET"]}}],"collection":[{"href":"https:\/\/e-ciftlik.com\/haberler\/wp-json\/wp\/v2\/posts"}],"about":[{"href":"https:\/\/e-ciftlik.com\/haberler\/wp-json\/wp\/v2\/types\/post"}],"author":[{"embeddable":true,"href":"https:\/\/e-ciftlik.com\/haberler\/wp-json\/wp\/v2\/users\/1"}],"replies":[{"embeddable":true,"href":"https:\/\/e-ciftlik.com\/haberler\/wp-json\/wp\/v2\/comments?post=87414"}],"version-history":[{"count":0,"href":"https:\/\/e-ciftlik.com\/haberler\/wp-json\/wp\/v2\/posts\/87414\/revisions"}],"wp:attachment":[{"href":"https:\/\/e-ciftlik.com\/haberler\/wp-json\/wp\/v2\/media?parent=87414"}],"wp:term":[{"taxonomy":"category","embeddable":true,"href":"https:\/\/e-ciftlik.com\/haberler\/wp-json\/wp\/v2\/categories?post=87414"},{"taxonomy":"post_tag","embeddable":true,"href":"https:\/\/e-ciftlik.com\/haberler\/wp-json\/wp\/v2\/tags?post=87414"}],"curies":[{"name":"wp","href":"https:\/\/api.w.org\/{rel}","templated":true}]}}