{"id":89102,"date":"2025-03-20T22:46:34","date_gmt":"2025-03-20T22:46:34","guid":{"rendered":"https:\/\/e-ciftlik.com\/haberler\/spor\/a-milli-takimin-yildizi-kerem-akturkoglundan-ilginc-aciklamalar\/"},"modified":"2025-03-20T22:46:34","modified_gmt":"2025-03-20T22:46:34","slug":"a-milli-takimin-yildizi-kerem-akturkoglundan-ilginc-aciklamalar","status":"publish","type":"post","link":"https:\/\/e-ciftlik.com\/haberler\/spor\/a-milli-takimin-yildizi-kerem-akturkoglundan-ilginc-aciklamalar\/","title":{"rendered":"&#8220;A Milli Tak\u0131m\u0131n Y\u0131ld\u0131z\u0131 Kerem Akt\u00fcrko\u011flu&#8217;ndan \u0130lgin\u00e7 A\u00e7\u0131klamalar!&#8221;"},"content":{"rendered":"<p> A Milli Futbol Tak\u0131m\u0131, UEFA Uluslar Ligi Play-Off Turu ilk ma\u00e7\u0131nda Macaristan&#8217;\u0131 2-0 ma\u011flup ederek galibiyete ula\u015ft\u0131. Ma\u00e7 sonunda Kerem Akt\u00fcrko\u011flu a\u00e7\u0131klamalarda bulundu.<\/p>\n<p>Kerem Akt\u00fcrko\u011flu&#8217;nun a\u00e7\u0131klamalar\u0131 \u015fu \u015fekildeydi:<\/p>\n<p>Bug\u00fcn farkl\u0131 bir rolde oynad\u0131m. Hocam\u0131zla kampa geldikten sonra konu\u015ftuk, b\u00f6yle bir pozisyonda oynamak istedi\u011fini belirtti. Ben de tak\u0131ma katk\u0131 sa\u011flayacaksem pozisyonunun \u00f6nemli olmad\u0131\u011f\u0131n\u0131 s\u00f6yledim. Kaleye yak\u0131n oynamak benim i\u00e7in keyifliydi. \u00d6nemli olan bug\u00fcnk\u00fc galibiyetti. \u0130stanbul&#8217;da oynaman\u0131n atmosferini \u00e7ok \u00f6zlemi\u015ftik. Taraftarlar\u0131m\u0131za te\u015fekk\u00fcr ederiz. Ancak i\u015fimiz bitmedi. A Ligi&#8217;ne y\u00fckselmek istiyoruz. \u00dclkemiz en iyisini hak ediyor. \u0130n\u015fallah ikinci ma\u00e7ta da bunu ba\u015far\u0131r\u0131z.<\/p>\n<p>Daha iyi performans sergiledi\u011fimiz ma\u00e7lar genellikle b\u00fcy\u00fck rakiplere kar\u015f\u0131 oluyor. Biz de bu t\u00fcr ma\u00e7larda kendimizi g\u00f6sterebiliriz. Daha g\u00fc\u00e7l\u00fc rakiplere kar\u015f\u0131 m\u00fccadele edebilece\u011fimizi kan\u0131tlad\u0131k. Bu y\u00fczden hedefimiz A Ligi. Umuyorum ki \u00fclkemizi bu gururla temsil ederiz.<\/p>\n<p>Asistim \u00e7ok daha g\u00fczel bir \u015feydi. Golde topu g\u00f6remedim, omzumla att\u0131m. Harika bir gold\u00fc. O\u011fuz&#8217;u da tebrik etmek gerek. \u0130ki asistle ma\u00e7\u0131n y\u0131ld\u0131z\u0131yd\u0131 bence. Tak\u0131m olarak harika bir oyun sergiledik. B\u00fct\u00fcn arkada\u015flar\u0131m\u0131 kutluyorum.<\/p>\n","protected":false},"excerpt":{"rendered":"<p>A Milli Futbol Tak\u0131m\u0131, UEFA Uluslar Ligi Play-Off Turu ilk ma\u00e7\u0131nda Macaristan&#8217;\u0131 2-0 ma\u011flup ederek&hellip;<\/p>\n","protected":false},"author":1,"featured_media":89103,"comment_status":"open","ping_status":"open","sticky":false,"template":"","format":"standard","meta":{"footnotes":""},"categories":[7],"tags":[],"class_list":["post-89102","post","type-post","status-publish","format-standard","has-post-thumbnail","hentry","category-spor"],"yoast_head":"<!-- This site is optimized with the Yoast SEO Premium plugin v24.3 (Yoast SEO v27.4) - https:\/\/yoast.com\/product\/yoast-seo-premium-wordpress\/ -->\n<title>&quot;A Milli Tak\u0131m\u0131n Y\u0131ld\u0131z\u0131 Kerem Akt\u00fcrko\u011flu&#039;ndan \u0130lgin\u00e7 A\u00e7\u0131klamalar!&quot; - E-&Ccedil;\u0130FTL\u0130K HABER<\/title>\n<meta name=\"description\" content=\"A Milli Futbol Tak\u0131m\u0131, UEFA Uluslar Ligi Play-Off Turu ilk ma\u00e7\u0131nda Macaristan&#039;\u0131 2-0 ma\u011flup ederek galibiyete ula\u015ft\u0131. Ma\u00e7 sonunda Kerem Akt\u00fcrko\u011flu\" \/>\n<meta name=\"robots\" content=\"index, follow, max-snippet:-1, max-image-preview:large, max-video-preview:-1\" \/>\n<link rel=\"canonical\" href=\"https:\/\/e-ciftlik.com\/haberler\/spor\/a-milli-takimin-yildizi-kerem-akturkoglundan-ilginc-aciklamalar\/\" \/>\n<meta property=\"og:locale\" content=\"tr_TR\" \/>\n<meta property=\"og:type\" content=\"article\" \/>\n<meta property=\"og:title\" content=\"&quot;A Milli Tak\u0131m\u0131n Y\u0131ld\u0131z\u0131 Kerem Akt\u00fcrko\u011flu&#039;ndan \u0130lgin\u00e7 A\u00e7\u0131klamalar!&quot;\" \/>\n<meta property=\"og:description\" content=\"A Milli Futbol Tak\u0131m\u0131, UEFA Uluslar Ligi Play-Off Turu ilk ma\u00e7\u0131nda Macaristan&#039;\u0131 2-0 ma\u011flup ederek galibiyete ula\u015ft\u0131. Ma\u00e7 sonunda Kerem Akt\u00fcrko\u011flu\" \/>\n<meta property=\"og:url\" content=\"https:\/\/e-ciftlik.com\/haberler\/spor\/a-milli-takimin-yildizi-kerem-akturkoglundan-ilginc-aciklamalar\/\" \/>\n<meta property=\"og:site_name\" content=\"E-&Ccedil;\u0130FTL\u0130K HABER\" \/>\n<meta property=\"article:publisher\" content=\"https:\/\/www.facebook.com\/eciftlikturkiye\" \/>\n<meta property=\"article:published_time\" content=\"2025-03-20T22:46:34+00:00\" \/>\n<meta property=\"og:image\" content=\"https:\/\/e-ciftlik.com\/haberler\/wp-content\/uploads\/2025\/03\/kerem-akturkoglu-asistim-golden-daha-guzeldi-1742500354795.jpeg\" \/>\n\t<meta property=\"og:image:width\" content=\"1200\" \/>\n\t<meta property=\"og:image:height\" content=\"675\" \/>\n\t<meta property=\"og:image:type\" content=\"image\/jpeg\" \/>\n<meta name=\"author\" content=\"Haber Merkezi\" \/>\n<meta name=\"twitter:card\" content=\"summary_large_image\" \/>\n<meta name=\"twitter:creator\" content=\"@eciftlikresmi\" \/>\n<meta name=\"twitter:site\" content=\"@eciftlikresmi\" \/>\n<meta name=\"twitter:label1\" content=\"Yazan:\" \/>\n\t<meta name=\"twitter:data1\" content=\"Haber Merkezi\" \/>\n\t<meta name=\"twitter:label2\" content=\"Tahmini okuma s\u00fcresi\" \/>\n\t<meta name=\"twitter:data2\" content=\"1 dakika\" \/>\n<script type=\"application\/ld+json\" class=\"yoast-schema-graph\">{\"@context\":\"https:\\\/\\\/schema.org\",\"@graph\":[{\"@type\":\"NewsArticle\",\"@id\":\"https:\\\/\\\/e-ciftlik.com\\\/haberler\\\/spor\\\/a-milli-takimin-yildizi-kerem-akturkoglundan-ilginc-aciklamalar\\\/#article\",\"isPartOf\":{\"@id\":\"https:\\\/\\\/e-ciftlik.com\\\/haberler\\\/spor\\\/a-milli-takimin-yildizi-kerem-akturkoglundan-ilginc-aciklamalar\\\/\"},\"author\":{\"name\":\"Haber Merkezi\",\"@id\":\"https:\\\/\\\/e-ciftlik.com\\\/haberler\\\/#\\\/schema\\\/person\\\/d2f4fee3143d7f72be82cb887d51b00a\"},\"headline\":\"&#8220;A Milli Tak\u0131m\u0131n Y\u0131ld\u0131z\u0131 Kerem Akt\u00fcrko\u011flu&#8217;ndan \u0130lgin\u00e7 A\u00e7\u0131klamalar!&#8221;\",\"datePublished\":\"2025-03-20T22:46:34+00:00\",\"mainEntityOfPage\":{\"@id\":\"https:\\\/\\\/e-ciftlik.com\\\/haberler\\\/spor\\\/a-milli-takimin-yildizi-kerem-akturkoglundan-ilginc-aciklamalar\\\/\"},\"wordCount\":240,\"commentCount\":0,\"publisher\":{\"@id\":\"https:\\\/\\\/e-ciftlik.com\\\/haberler\\\/#organization\"},\"image\":{\"@id\":\"https:\\\/\\\/e-ciftlik.com\\\/haberler\\\/spor\\\/a-milli-takimin-yildizi-kerem-akturkoglundan-ilginc-aciklamalar\\\/#primaryimage\"},\"thumbnailUrl\":\"https:\\\/\\\/e-ciftlik.com\\\/haberler\\\/wp-content\\\/uploads\\\/2025\\\/03\\\/kerem-akturkoglu-asistim-golden-daha-guzeldi-1742500354795.jpeg\",\"articleSection\":[\"Spor\"],\"inLanguage\":\"tr\",\"potentialAction\":[{\"@type\":\"CommentAction\",\"name\":\"Comment\",\"target\":[\"https:\\\/\\\/e-ciftlik.com\\\/haberler\\\/spor\\\/a-milli-takimin-yildizi-kerem-akturkoglundan-ilginc-aciklamalar\\\/#respond\"]}]},{\"@type\":\"WebPage\",\"@id\":\"https:\\\/\\\/e-ciftlik.com\\\/haberler\\\/spor\\\/a-milli-takimin-yildizi-kerem-akturkoglundan-ilginc-aciklamalar\\\/\",\"url\":\"https:\\\/\\\/e-ciftlik.com\\\/haberler\\\/spor\\\/a-milli-takimin-yildizi-kerem-akturkoglundan-ilginc-aciklamalar\\\/\",\"name\":\"\\\"A Milli Tak\u0131m\u0131n Y\u0131ld\u0131z\u0131 Kerem Akt\u00fcrko\u011flu'ndan \u0130lgin\u00e7 A\u00e7\u0131klamalar!\\\" - E-&Ccedil;\u0130FTL\u0130K HABER\",\"isPartOf\":{\"@id\":\"https:\\\/\\\/e-ciftlik.com\\\/haberler\\\/#website\"},\"primaryImageOfPage\":{\"@id\":\"https:\\\/\\\/e-ciftlik.com\\\/haberler\\\/spor\\\/a-milli-takimin-yildizi-kerem-akturkoglundan-ilginc-aciklamalar\\\/#primaryimage\"},\"image\":{\"@id\":\"https:\\\/\\\/e-ciftlik.com\\\/haberler\\\/spor\\\/a-milli-takimin-yildizi-kerem-akturkoglundan-ilginc-aciklamalar\\\/#primaryimage\"},\"thumbnailUrl\":\"https:\\\/\\\/e-ciftlik.com\\\/haberler\\\/wp-content\\\/uploads\\\/2025\\\/03\\\/kerem-akturkoglu-asistim-golden-daha-guzeldi-1742500354795.jpeg\",\"datePublished\":\"2025-03-20T22:46:34+00:00\",\"description\":\"A Milli Futbol Tak\u0131m\u0131, UEFA Uluslar Ligi Play-Off Turu ilk ma\u00e7\u0131nda Macaristan'\u0131 2-0 ma\u011flup ederek galibiyete ula\u015ft\u0131. Ma\u00e7 sonunda Kerem Akt\u00fcrko\u011flu\",\"breadcrumb\":{\"@id\":\"https:\\\/\\\/e-ciftlik.com\\\/haberler\\\/spor\\\/a-milli-takimin-yildizi-kerem-akturkoglundan-ilginc-aciklamalar\\\/#breadcrumb\"},\"inLanguage\":\"tr\",\"potentialAction\":[{\"@type\":\"ReadAction\",\"target\":[\"https:\\\/\\\/e-ciftlik.com\\\/haberler\\\/spor\\\/a-milli-takimin-yildizi-kerem-akturkoglundan-ilginc-aciklamalar\\\/\"]}]},{\"@type\":\"ImageObject\",\"inLanguage\":\"tr\",\"@id\":\"https:\\\/\\\/e-ciftlik.com\\\/haberler\\\/spor\\\/a-milli-takimin-yildizi-kerem-akturkoglundan-ilginc-aciklamalar\\\/#primaryimage\",\"url\":\"https:\\\/\\\/e-ciftlik.com\\\/haberler\\\/wp-content\\\/uploads\\\/2025\\\/03\\\/kerem-akturkoglu-asistim-golden-daha-guzeldi-1742500354795.jpeg\",\"contentUrl\":\"https:\\\/\\\/e-ciftlik.com\\\/haberler\\\/wp-content\\\/uploads\\\/2025\\\/03\\\/kerem-akturkoglu-asistim-golden-daha-guzeldi-1742500354795.jpeg\",\"width\":1200,\"height\":675},{\"@type\":\"BreadcrumbList\",\"@id\":\"https:\\\/\\\/e-ciftlik.com\\\/haberler\\\/spor\\\/a-milli-takimin-yildizi-kerem-akturkoglundan-ilginc-aciklamalar\\\/#breadcrumb\",\"itemListElement\":[{\"@type\":\"ListItem\",\"position\":1,\"name\":\"Anasayfa\",\"item\":\"https:\\\/\\\/e-ciftlik.com\\\/haberler\\\/\"},{\"@type\":\"ListItem\",\"position\":2,\"name\":\"&#8220;A Milli Tak\u0131m\u0131n Y\u0131ld\u0131z\u0131 Kerem Akt\u00fcrko\u011flu&#8217;ndan \u0130lgin\u00e7 A\u00e7\u0131klamalar!&#8221;\"}]},{\"@type\":\"WebSite\",\"@id\":\"https:\\\/\\\/e-ciftlik.com\\\/haberler\\\/#website\",\"url\":\"https:\\\/\\\/e-ciftlik.com\\\/haberler\\\/\",\"name\":\"E-\u00c7iftlik Haber | G\u00fcncel, Son Dakika Haberler, En Son Haber\",\"description\":\"\",\"publisher\":{\"@id\":\"https:\\\/\\\/e-ciftlik.com\\\/haberler\\\/#organization\"},\"potentialAction\":[{\"@type\":\"SearchAction\",\"target\":{\"@type\":\"EntryPoint\",\"urlTemplate\":\"https:\\\/\\\/e-ciftlik.com\\\/haberler\\\/?s={search_term_string}\"},\"query-input\":{\"@type\":\"PropertyValueSpecification\",\"valueRequired\":true,\"valueName\":\"search_term_string\"}}],\"inLanguage\":\"tr\"},{\"@type\":\"Organization\",\"@id\":\"https:\\\/\\\/e-ciftlik.com\\\/haberler\\\/#organization\",\"name\":\"E-\u00c7\u0130FTL\u0130K HABER\",\"url\":\"https:\\\/\\\/e-ciftlik.com\\\/haberler\\\/\",\"logo\":{\"@type\":\"ImageObject\",\"inLanguage\":\"tr\",\"@id\":\"https:\\\/\\\/e-ciftlik.com\\\/haberler\\\/#\\\/schema\\\/logo\\\/image\\\/\",\"url\":\"https:\\\/\\\/e-ciftlik.com\\\/haberler\\\/wp-content\\\/uploads\\\/2024\\\/06\\\/cropped-cropped-favicon-1-2.png\",\"contentUrl\":\"https:\\\/\\\/e-ciftlik.com\\\/haberler\\\/wp-content\\\/uploads\\\/2024\\\/06\\\/cropped-cropped-favicon-1-2.png\",\"width\":512,\"height\":512,\"caption\":\"E-\u00c7\u0130FTL\u0130K HABER\"},\"image\":{\"@id\":\"https:\\\/\\\/e-ciftlik.com\\\/haberler\\\/#\\\/schema\\\/logo\\\/image\\\/\"},\"sameAs\":[\"https:\\\/\\\/www.facebook.com\\\/eciftlikturkiye\",\"https:\\\/\\\/x.com\\\/eciftlikresmi\",\"https:\\\/\\\/www.instagram.com\\\/eciftlikresmi\\\/\"]},{\"@type\":\"Person\",\"@id\":\"https:\\\/\\\/e-ciftlik.com\\\/haberler\\\/#\\\/schema\\\/person\\\/d2f4fee3143d7f72be82cb887d51b00a\",\"name\":\"Haber Merkezi\",\"image\":{\"@type\":\"ImageObject\",\"inLanguage\":\"tr\",\"@id\":\"https:\\\/\\\/secure.gravatar.com\\\/avatar\\\/6c27d641914e66c1d0452c92716002398782818991d86db1c2cccb531e7c7c82?s=96&d=mm&r=g\",\"url\":\"https:\\\/\\\/secure.gravatar.com\\\/avatar\\\/6c27d641914e66c1d0452c92716002398782818991d86db1c2cccb531e7c7c82?s=96&d=mm&r=g\",\"contentUrl\":\"https:\\\/\\\/secure.gravatar.com\\\/avatar\\\/6c27d641914e66c1d0452c92716002398782818991d86db1c2cccb531e7c7c82?s=96&d=mm&r=g\",\"caption\":\"Haber Merkezi\"},\"sameAs\":[\"http:\\\/\\\/e-ciftlik.com\\\/haberler\"]}]}<\/script>\n<!-- \/ Yoast SEO Premium plugin. -->","yoast_head_json":{"title":"\"A Milli Tak\u0131m\u0131n Y\u0131ld\u0131z\u0131 Kerem Akt\u00fcrko\u011flu'ndan \u0130lgin\u00e7 A\u00e7\u0131klamalar!\" - E-&Ccedil;\u0130FTL\u0130K HABER","description":"A Milli Futbol Tak\u0131m\u0131, UEFA Uluslar Ligi Play-Off Turu ilk ma\u00e7\u0131nda Macaristan'\u0131 2-0 ma\u011flup ederek galibiyete ula\u015ft\u0131. Ma\u00e7 sonunda Kerem Akt\u00fcrko\u011flu","robots":{"index":"index","follow":"follow","max-snippet":"max-snippet:-1","max-image-preview":"max-image-preview:large","max-video-preview":"max-video-preview:-1"},"canonical":"https:\/\/e-ciftlik.com\/haberler\/spor\/a-milli-takimin-yildizi-kerem-akturkoglundan-ilginc-aciklamalar\/","og_locale":"tr_TR","og_type":"article","og_title":"\"A Milli Tak\u0131m\u0131n Y\u0131ld\u0131z\u0131 Kerem Akt\u00fcrko\u011flu'ndan \u0130lgin\u00e7 A\u00e7\u0131klamalar!\"","og_description":"A Milli Futbol Tak\u0131m\u0131, UEFA Uluslar Ligi Play-Off Turu ilk ma\u00e7\u0131nda Macaristan'\u0131 2-0 ma\u011flup ederek galibiyete ula\u015ft\u0131. Ma\u00e7 sonunda Kerem Akt\u00fcrko\u011flu","og_url":"https:\/\/e-ciftlik.com\/haberler\/spor\/a-milli-takimin-yildizi-kerem-akturkoglundan-ilginc-aciklamalar\/","og_site_name":"E-&Ccedil;\u0130FTL\u0130K HABER","article_publisher":"https:\/\/www.facebook.com\/eciftlikturkiye","article_published_time":"2025-03-20T22:46:34+00:00","og_image":[{"width":1200,"height":675,"url":"https:\/\/e-ciftlik.com\/haberler\/wp-content\/uploads\/2025\/03\/kerem-akturkoglu-asistim-golden-daha-guzeldi-1742500354795.jpeg","type":"image\/jpeg"}],"author":"Haber Merkezi","twitter_card":"summary_large_image","twitter_creator":"@eciftlikresmi","twitter_site":"@eciftlikresmi","twitter_misc":{"Yazan:":"Haber Merkezi","Tahmini okuma s\u00fcresi":"1 dakika"},"schema":{"@context":"https:\/\/schema.org","@graph":[{"@type":"NewsArticle","@id":"https:\/\/e-ciftlik.com\/haberler\/spor\/a-milli-takimin-yildizi-kerem-akturkoglundan-ilginc-aciklamalar\/#article","isPartOf":{"@id":"https:\/\/e-ciftlik.com\/haberler\/spor\/a-milli-takimin-yildizi-kerem-akturkoglundan-ilginc-aciklamalar\/"},"author":{"name":"Haber Merkezi","@id":"https:\/\/e-ciftlik.com\/haberler\/#\/schema\/person\/d2f4fee3143d7f72be82cb887d51b00a"},"headline":"&#8220;A Milli Tak\u0131m\u0131n Y\u0131ld\u0131z\u0131 Kerem Akt\u00fcrko\u011flu&#8217;ndan \u0130lgin\u00e7 A\u00e7\u0131klamalar!&#8221;","datePublished":"2025-03-20T22:46:34+00:00","mainEntityOfPage":{"@id":"https:\/\/e-ciftlik.com\/haberler\/spor\/a-milli-takimin-yildizi-kerem-akturkoglundan-ilginc-aciklamalar\/"},"wordCount":240,"commentCount":0,"publisher":{"@id":"https:\/\/e-ciftlik.com\/haberler\/#organization"},"image":{"@id":"https:\/\/e-ciftlik.com\/haberler\/spor\/a-milli-takimin-yildizi-kerem-akturkoglundan-ilginc-aciklamalar\/#primaryimage"},"thumbnailUrl":"https:\/\/e-ciftlik.com\/haberler\/wp-content\/uploads\/2025\/03\/kerem-akturkoglu-asistim-golden-daha-guzeldi-1742500354795.jpeg","articleSection":["Spor"],"inLanguage":"tr","potentialAction":[{"@type":"CommentAction","name":"Comment","target":["https:\/\/e-ciftlik.com\/haberler\/spor\/a-milli-takimin-yildizi-kerem-akturkoglundan-ilginc-aciklamalar\/#respond"]}]},{"@type":"WebPage","@id":"https:\/\/e-ciftlik.com\/haberler\/spor\/a-milli-takimin-yildizi-kerem-akturkoglundan-ilginc-aciklamalar\/","url":"https:\/\/e-ciftlik.com\/haberler\/spor\/a-milli-takimin-yildizi-kerem-akturkoglundan-ilginc-aciklamalar\/","name":"\"A Milli Tak\u0131m\u0131n Y\u0131ld\u0131z\u0131 Kerem Akt\u00fcrko\u011flu'ndan \u0130lgin\u00e7 A\u00e7\u0131klamalar!\" - E-&Ccedil;\u0130FTL\u0130K HABER","isPartOf":{"@id":"https:\/\/e-ciftlik.com\/haberler\/#website"},"primaryImageOfPage":{"@id":"https:\/\/e-ciftlik.com\/haberler\/spor\/a-milli-takimin-yildizi-kerem-akturkoglundan-ilginc-aciklamalar\/#primaryimage"},"image":{"@id":"https:\/\/e-ciftlik.com\/haberler\/spor\/a-milli-takimin-yildizi-kerem-akturkoglundan-ilginc-aciklamalar\/#primaryimage"},"thumbnailUrl":"https:\/\/e-ciftlik.com\/haberler\/wp-content\/uploads\/2025\/03\/kerem-akturkoglu-asistim-golden-daha-guzeldi-1742500354795.jpeg","datePublished":"2025-03-20T22:46:34+00:00","description":"A Milli Futbol Tak\u0131m\u0131, UEFA Uluslar Ligi Play-Off Turu ilk ma\u00e7\u0131nda Macaristan'\u0131 2-0 ma\u011flup ederek galibiyete ula\u015ft\u0131. Ma\u00e7 sonunda Kerem Akt\u00fcrko\u011flu","breadcrumb":{"@id":"https:\/\/e-ciftlik.com\/haberler\/spor\/a-milli-takimin-yildizi-kerem-akturkoglundan-ilginc-aciklamalar\/#breadcrumb"},"inLanguage":"tr","potentialAction":[{"@type":"ReadAction","target":["https:\/\/e-ciftlik.com\/haberler\/spor\/a-milli-takimin-yildizi-kerem-akturkoglundan-ilginc-aciklamalar\/"]}]},{"@type":"ImageObject","inLanguage":"tr","@id":"https:\/\/e-ciftlik.com\/haberler\/spor\/a-milli-takimin-yildizi-kerem-akturkoglundan-ilginc-aciklamalar\/#primaryimage","url":"https:\/\/e-ciftlik.com\/haberler\/wp-content\/uploads\/2025\/03\/kerem-akturkoglu-asistim-golden-daha-guzeldi-1742500354795.jpeg","contentUrl":"https:\/\/e-ciftlik.com\/haberler\/wp-content\/uploads\/2025\/03\/kerem-akturkoglu-asistim-golden-daha-guzeldi-1742500354795.jpeg","width":1200,"height":675},{"@type":"BreadcrumbList","@id":"https:\/\/e-ciftlik.com\/haberler\/spor\/a-milli-takimin-yildizi-kerem-akturkoglundan-ilginc-aciklamalar\/#breadcrumb","itemListElement":[{"@type":"ListItem","position":1,"name":"Anasayfa","item":"https:\/\/e-ciftlik.com\/haberler\/"},{"@type":"ListItem","position":2,"name":"&#8220;A Milli Tak\u0131m\u0131n Y\u0131ld\u0131z\u0131 Kerem Akt\u00fcrko\u011flu&#8217;ndan \u0130lgin\u00e7 A\u00e7\u0131klamalar!&#8221;"}]},{"@type":"WebSite","@id":"https:\/\/e-ciftlik.com\/haberler\/#website","url":"https:\/\/e-ciftlik.com\/haberler\/","name":"E-\u00c7iftlik Haber | G\u00fcncel, Son Dakika Haberler, En Son Haber","description":"","publisher":{"@id":"https:\/\/e-ciftlik.com\/haberler\/#organization"},"potentialAction":[{"@type":"SearchAction","target":{"@type":"EntryPoint","urlTemplate":"https:\/\/e-ciftlik.com\/haberler\/?s={search_term_string}"},"query-input":{"@type":"PropertyValueSpecification","valueRequired":true,"valueName":"search_term_string"}}],"inLanguage":"tr"},{"@type":"Organization","@id":"https:\/\/e-ciftlik.com\/haberler\/#organization","name":"E-\u00c7\u0130FTL\u0130K HABER","url":"https:\/\/e-ciftlik.com\/haberler\/","logo":{"@type":"ImageObject","inLanguage":"tr","@id":"https:\/\/e-ciftlik.com\/haberler\/#\/schema\/logo\/image\/","url":"https:\/\/e-ciftlik.com\/haberler\/wp-content\/uploads\/2024\/06\/cropped-cropped-favicon-1-2.png","contentUrl":"https:\/\/e-ciftlik.com\/haberler\/wp-content\/uploads\/2024\/06\/cropped-cropped-favicon-1-2.png","width":512,"height":512,"caption":"E-\u00c7\u0130FTL\u0130K HABER"},"image":{"@id":"https:\/\/e-ciftlik.com\/haberler\/#\/schema\/logo\/image\/"},"sameAs":["https:\/\/www.facebook.com\/eciftlikturkiye","https:\/\/x.com\/eciftlikresmi","https:\/\/www.instagram.com\/eciftlikresmi\/"]},{"@type":"Person","@id":"https:\/\/e-ciftlik.com\/haberler\/#\/schema\/person\/d2f4fee3143d7f72be82cb887d51b00a","name":"Haber Merkezi","image":{"@type":"ImageObject","inLanguage":"tr","@id":"https:\/\/secure.gravatar.com\/avatar\/6c27d641914e66c1d0452c92716002398782818991d86db1c2cccb531e7c7c82?s=96&d=mm&r=g","url":"https:\/\/secure.gravatar.com\/avatar\/6c27d641914e66c1d0452c92716002398782818991d86db1c2cccb531e7c7c82?s=96&d=mm&r=g","contentUrl":"https:\/\/secure.gravatar.com\/avatar\/6c27d641914e66c1d0452c92716002398782818991d86db1c2cccb531e7c7c82?s=96&d=mm&r=g","caption":"Haber Merkezi"},"sameAs":["http:\/\/e-ciftlik.com\/haberler"]}]}},"_links":{"self":[{"href":"https:\/\/e-ciftlik.com\/haberler\/wp-json\/wp\/v2\/posts\/89102","targetHints":{"allow":["GET"]}}],"collection":[{"href":"https:\/\/e-ciftlik.com\/haberler\/wp-json\/wp\/v2\/posts"}],"about":[{"href":"https:\/\/e-ciftlik.com\/haberler\/wp-json\/wp\/v2\/types\/post"}],"author":[{"embeddable":true,"href":"https:\/\/e-ciftlik.com\/haberler\/wp-json\/wp\/v2\/users\/1"}],"replies":[{"embeddable":true,"href":"https:\/\/e-ciftlik.com\/haberler\/wp-json\/wp\/v2\/comments?post=89102"}],"version-history":[{"count":0,"href":"https:\/\/e-ciftlik.com\/haberler\/wp-json\/wp\/v2\/posts\/89102\/revisions"}],"wp:featuredmedia":[{"embeddable":true,"href":"https:\/\/e-ciftlik.com\/haberler\/wp-json\/wp\/v2\/media\/89103"}],"wp:attachment":[{"href":"https:\/\/e-ciftlik.com\/haberler\/wp-json\/wp\/v2\/media?parent=89102"}],"wp:term":[{"taxonomy":"category","embeddable":true,"href":"https:\/\/e-ciftlik.com\/haberler\/wp-json\/wp\/v2\/categories?post=89102"},{"taxonomy":"post_tag","embeddable":true,"href":"https:\/\/e-ciftlik.com\/haberler\/wp-json\/wp\/v2\/tags?post=89102"}],"curies":[{"name":"wp","href":"https:\/\/api.w.org\/{rel}","templated":true}]}}